{"id":236627,"date":"2022-02-20T08:46:33","date_gmt":"2022-02-20T11:46:33","guid":{"rendered":"https:\/\/franciscanos.org.br\/noticias\/?p=236627"},"modified":"2022-02-20T08:46:33","modified_gmt":"2022-02-20T11:46:33","slug":"papa-responder-ao-mal-com-o-bem-e-o-que-fazem-os-cristaos","status":"publish","type":"post","link":"https:\/\/franciscanos.org.br\/noticias\/papa-responder-ao-mal-com-o-bem-e-o-que-fazem-os-cristaos.html","title":{"rendered":"Papa: responder ao mal com o bem, \u00e9 o que fazem os crist\u00e3os"},"content":{"rendered":"<div id=\"attachment_236628\" style=\"width: 1290px\" class=\"wp-caption alignnone\"><img aria-describedby=\"caption-attachment-236628\" loading=\"lazy\" class=\"wp-image-236628 size-full\" src=\"https:\/\/franciscanos.org.br\/noticias\/wp-content\/uploads\/2022\/02\/angelus_2002.jpg\" alt=\"\" width=\"1280\" height=\"720\" srcset=\"https:\/\/franciscanos.org.br\/noticias\/wp-content\/uploads\/2022\/02\/angelus_2002.jpg 1280w, https:\/\/franciscanos.org.br\/noticias\/wp-content\/uploads\/2022\/02\/angelus_2002-450x253.jpg 450w, https:\/\/franciscanos.org.br\/noticias\/wp-content\/uploads\/2022\/02\/angelus_2002-1024x576.jpg 1024w, https:\/\/franciscanos.org.br\/noticias\/wp-content\/uploads\/2022\/02\/angelus_2002-768x432.jpg 768w, https:\/\/franciscanos.org.br\/noticias\/wp-content\/uploads\/2022\/02\/angelus_2002-150x84.jpg 150w\" sizes=\"(max-width: 1280px) 100vw, 1280px\" \/><p id=\"caption-attachment-236628\" class=\"wp-caption-text\">\u00a0 \u00a0 \u00a0 \u00a0 \u00a0 \u00a0 \u00a0 \u00a0 \u00a0 \u00a0 \u00a0 \u00a0 \u00a0 \u00a0 \u00a0 \u00a0 \u00a0 \u00a0 \u00a0 \u00a0 \u00a0 \u00a0 \u00a0 \u00a0 \u00a0 \u00a0 \u00a0 \u00a0 \u00a0 \u00a0 \u00a0 \u00a0 \u00a0 \u00a0 \u00a0 \u00a0 \u00a0 \u00a0 \u00a0 \u00a0 \u00a0 \u00a0 \u00a0 \u00a0 \u00a0 <em>\u00a0 \u00a0 Reprodu\u00e7\u00e3o da transmiss\u00e3o da Vatican News<\/em><\/p><\/div>\n<p>No Angelus deste domingo (20\/02) o Papa Francisco nos ensina algumas \u201cindica\u00e7\u00f5es fundamentais para a vida\u201d. Francisco falou sobre \u201cas situa\u00e7\u00f5es dif\u00edceis\u201d, que s\u00e3o um teste para n\u00f3s, ou seja, quando nos deparamos com aqueles que s\u00e3o inimigos e hostis para n\u00f3s. Como agir? O exemplo vem diretamente de Jesus, quando diz &#8220;Amai os vossos inimigos, fazei o bem aos que vos odeiam&#8221;. E ainda mais concretamente: &#8220;A quem te ferir numa face, oferece a outra\u201d. Para n\u00f3s parece que o Senhor pede o imposs\u00edvel. \u201cMas ser\u00e1 isso mesmo? Ser\u00e1 que o Senhor realmente nos pede coisas imposs\u00edveis e injustas?\u201d, pergunta-nos Francisco.<\/p>\n<p><strong>Dar a outra face<\/strong><br \/>\nDepois de recordar que Jesus, ao receber uma bofetada do guarda durante sua paix\u00e3o ele simplesmente argumenta: &#8220;&#8216;Se falei mal, testemunha sobre o mal. Mas, se falei bem, por que me bates?&#8217; Pede explica\u00e7\u00e3o pelo mal recebido\u201d. E o Papa explica: \u201cDar a outra face n\u00e3o significa sofrer em sil\u00eancio, ceder \u00e0 injusti\u00e7a. Jesus com sua pergunta denuncia o que \u00e9 injusto\u201d, \u201ca mansid\u00e3o de Jesus \u00e9 uma resposta mais forte do que a bofetada que recebeu\u201d. \u201cIsso \u00e9 dar a outra face\u201d e pondera:<\/p>\n<p>\u201cDar a outra face n\u00e3o \u00e9 o recuo do perdedor, mas a a\u00e7\u00e3o de quem tem maior for\u00e7a interior, que vence o mal com o bem, que abre uma brecha no cora\u00e7\u00e3o do inimigo, desmascarando o absurdo de seu \u00f3dio\u201d<\/p>\n<p><strong>Amar os inimigos<\/strong><br \/>\nEm seguida o Papa reflete sobre outro ponto: \u201c\u00c9 poss\u00edvel que uma pessoa venha a amar seus inimigos? Se dependesse apenas de n\u00f3s, seria imposs\u00edvel. Mas lembremos que quando o Senhor pede alguma coisa, Ele quer d\u00e1-la\u201d. Ent\u00e3o Francisco nos ilumina afirmando: \u201cO que devemos pedir-Lhe? O que Deus tem o prazer de nos dar? A for\u00e7a de amar, que n\u00e3o \u00e9 uma coisa, mas \u00e9 o Esp\u00edrito Santo. Com o Esp\u00edrito de Jesus, podemos responder ao mal com o bem, podemos amar aqueles que nos ferem. Isso \u00e9 o que fazem os crist\u00e3os&#8221;.<\/p>\n<p>\u201cComo \u00e9 triste quando pessoas e povos orgulhosos de serem crist\u00e3os veem os outros como inimigos e pensam em fazer guerra entre eles!\u201d<\/p>\n<p>Ent\u00e3o o Papa conclui fazendo-nos refletir \u201cna nossa vida, aplicamos os convites de Jesus?\u201d E sugere: \u201cPensemos em uma pessoa que nos fez mal. Talvez haja um ressentimento dentro de n\u00f3s. Ent\u00e3o, coloquemos este ressentimento ao lado da imagem de Jesus, manso, durante o seu julgamento. E depois pe\u00e7amos ao Esp\u00edrito Santo que aja em nossos cora\u00e7\u00f5es\u201d.<\/p>\n<p>E recomenda, &#8220;oremos pelos nossos inimigos&#8221;. \u201cRezar por aqueles que nos trataram mal \u00e9 o primeiro passo para transformar o mal em bem. Que a Virgem Maria nos ajude a sermos pacificadores para todos, especialmente para com aqueles que nos s\u00e3o hostis e n\u00e3o gostam de n\u00f3s\u201d.<\/p>\n<hr \/>\n<p><em>Fonte: Vatican News (texto de Jane Nogara)<\/em><\/p>\n<p>&nbsp;<\/p>\n","protected":false},"excerpt":{"rendered":"<p>Angelus<\/p>\n","protected":false},"author":3,"featured_media":236628,"comment_status":"open","ping_status":"open","sticky":false,"template":"","format":"standard","meta":[],"categories":[1428],"tags":[403],"acf":[],"yoast_head":"<!-- This site is optimized with the Yoast SEO plugin v19.2 - https:\/\/yoast.com\/wordpress\/plugins\/seo\/ -->\n<title>Papa: responder ao mal com o bem, \u00e9 o que fazem os crist\u00e3os - Not\u00edcias - Franciscanos<\/title>\n<meta name=\"robots\" content=\"index, follow, max-snippet:-1, max-image-preview:large, max-video-preview:-1\" \/>\n<link rel=\"canonical\" href=\"https:\/\/franciscanos.org.br\/noticias\/papa-responder-ao-mal-com-o-bem-e-o-que-fazem-os-cristaos.html\" \/>\n<meta property=\"og:locale\" content=\"pt_BR\" \/>\n<meta property=\"og:type\" content=\"article\" \/>\n<meta property=\"og:title\" content=\"Papa: responder ao mal com o bem, \u00e9 o que fazem os crist\u00e3os - Not\u00edcias - Franciscanos\" \/>\n<meta property=\"og:description\" content=\"Angelus\" \/>\n<meta property=\"og:url\" content=\"https:\/\/franciscanos.org.br\/noticias\/papa-responder-ao-mal-com-o-bem-e-o-que-fazem-os-cristaos.html\" \/>\n<meta property=\"og:site_name\" content=\"Not\u00edcias - Franciscanos\" \/>\n<meta property=\"article:published_time\" content=\"2022-02-20T11:46:33+00:00\" \/>\n<meta property=\"og:image\" content=\"https:\/\/franciscanos.org.br\/noticias\/wp-content\/uploads\/2022\/02\/angelus_2002.jpg\" \/>\n\t<meta property=\"og:image:width\" content=\"1280\" \/>\n\t<meta property=\"og:image:height\" content=\"720\" \/>\n\t<meta property=\"og:image:type\" content=\"image\/jpeg\" \/>\n<meta name=\"author\" content=\"moacir\" \/>\n<meta name=\"twitter:card\" content=\"summary_large_image\" \/>\n<meta name=\"twitter:label1\" content=\"Escrito por\" \/>\n\t<meta name=\"twitter:data1\" content=\"moacir\" \/>\n\t<meta name=\"twitter:label2\" content=\"Est. tempo de leitura\" \/>\n\t<meta name=\"twitter:data2\" content=\"3 minutos\" \/>\n<script type=\"application\/ld+json\" class=\"yoast-schema-graph\">{\"@context\":\"https:\/\/schema.org\",\"@graph\":[{\"@type\":\"WebSite\",\"@id\":\"https:\/\/franciscanos.org.br\/noticias\/#website\",\"url\":\"https:\/\/franciscanos.org.br\/noticias\/\",\"name\":\"Not\u00edcias - Franciscanos\",\"description\":\"Prov\u00edncia Franciscana da Imaculada Concei\u00e7\u00e3o do Brasil - Ordem dos Frades Menores - OFM\",\"potentialAction\":[{\"@type\":\"SearchAction\",\"target\":{\"@type\":\"EntryPoint\",\"urlTemplate\":\"https:\/\/franciscanos.org.br\/noticias\/?s={search_term_string}\"},\"query-input\":\"required name=search_term_string\"}],\"inLanguage\":\"pt-BR\"},{\"@type\":\"ImageObject\",\"inLanguage\":\"pt-BR\",\"@id\":\"https:\/\/franciscanos.org.br\/noticias\/papa-responder-ao-mal-com-o-bem-e-o-que-fazem-os-cristaos.html#primaryimage\",\"url\":\"https:\/\/franciscanos.org.br\/noticias\/wp-content\/uploads\/2022\/02\/angelus_2002.jpg\",\"contentUrl\":\"https:\/\/franciscanos.org.br\/noticias\/wp-content\/uploads\/2022\/02\/angelus_2002.jpg\",\"width\":1280,\"height\":720},{\"@type\":\"WebPage\",\"@id\":\"https:\/\/franciscanos.org.br\/noticias\/papa-responder-ao-mal-com-o-bem-e-o-que-fazem-os-cristaos.html#webpage\",\"url\":\"https:\/\/franciscanos.org.br\/noticias\/papa-responder-ao-mal-com-o-bem-e-o-que-fazem-os-cristaos.html\",\"name\":\"Papa: responder ao mal com o bem, \u00e9 o que fazem os crist\u00e3os - Not\u00edcias - Franciscanos\",\"isPartOf\":{\"@id\":\"https:\/\/franciscanos.org.br\/noticias\/#website\"},\"primaryImageOfPage\":{\"@id\":\"https:\/\/franciscanos.org.br\/noticias\/papa-responder-ao-mal-com-o-bem-e-o-que-fazem-os-cristaos.html#primaryimage\"},\"datePublished\":\"2022-02-20T11:46:33+00:00\",\"dateModified\":\"2022-02-20T11:46:33+00:00\",\"author\":{\"@id\":\"https:\/\/franciscanos.org.br\/noticias\/#\/schema\/person\/b5c8cba458c330ccff548b056e95a5d4\"},\"breadcrumb\":{\"@id\":\"https:\/\/franciscanos.org.br\/noticias\/papa-responder-ao-mal-com-o-bem-e-o-que-fazem-os-cristaos.html#breadcrumb\"},\"inLanguage\":\"pt-BR\",\"potentialAction\":[{\"@type\":\"ReadAction\",\"target\":[\"https:\/\/franciscanos.org.br\/noticias\/papa-responder-ao-mal-com-o-bem-e-o-que-fazem-os-cristaos.html\"]}]},{\"@type\":\"BreadcrumbList\",\"@id\":\"https:\/\/franciscanos.org.br\/noticias\/papa-responder-ao-mal-com-o-bem-e-o-que-fazem-os-cristaos.html#breadcrumb\",\"itemListElement\":[{\"@type\":\"ListItem\",\"position\":1,\"name\":\"Home\",\"item\":\"https:\/\/franciscanos.org.br\/noticias\"},{\"@type\":\"ListItem\",\"position\":2,\"name\":\"Papa: responder ao mal com o bem, \u00e9 o que fazem os crist\u00e3os\"}]},{\"@type\":\"Person\",\"@id\":\"https:\/\/franciscanos.org.br\/noticias\/#\/schema\/person\/b5c8cba458c330ccff548b056e95a5d4\",\"name\":\"moacir\",\"image\":{\"@type\":\"ImageObject\",\"inLanguage\":\"pt-BR\",\"@id\":\"https:\/\/franciscanos.org.br\/noticias\/#\/schema\/person\/image\/\",\"url\":\"https:\/\/secure.gravatar.com\/avatar\/d08aa2ce4c8dd416d4479aa8536fcf64?s=96&d=mm&r=g\",\"contentUrl\":\"https:\/\/secure.gravatar.com\/avatar\/d08aa2ce4c8dd416d4479aa8536fcf64?s=96&d=mm&r=g\",\"caption\":\"moacir\"},\"url\":\"https:\/\/franciscanos.org.br\/noticias\/author\/moacir\"}]}<\/script>\n<!-- \/ Yoast SEO plugin. -->","yoast_head_json":{"title":"Papa: responder ao mal com o bem, \u00e9 o que fazem os crist\u00e3os - Not\u00edcias - Franciscanos","robots":{"index":"index","follow":"follow","max-snippet":"max-snippet:-1","max-image-preview":"max-image-preview:large","max-video-preview":"max-video-preview:-1"},"canonical":"https:\/\/franciscanos.org.br\/noticias\/papa-responder-ao-mal-com-o-bem-e-o-que-fazem-os-cristaos.html","og_locale":"pt_BR","og_type":"article","og_title":"Papa: responder ao mal com o bem, \u00e9 o que fazem os crist\u00e3os - Not\u00edcias - Franciscanos","og_description":"Angelus","og_url":"https:\/\/franciscanos.org.br\/noticias\/papa-responder-ao-mal-com-o-bem-e-o-que-fazem-os-cristaos.html","og_site_name":"Not\u00edcias - Franciscanos","article_published_time":"2022-02-20T11:46:33+00:00","og_image":[{"width":1280,"height":720,"url":"https:\/\/franciscanos.org.br\/noticias\/wp-content\/uploads\/2022\/02\/angelus_2002.jpg","type":"image\/jpeg"}],"author":"moacir","twitter_card":"summary_large_image","twitter_misc":{"Escrito por":"moacir","Est. tempo de leitura":"3 minutos"},"schema":{"@context":"https:\/\/schema.org","@graph":[{"@type":"WebSite","@id":"https:\/\/franciscanos.org.br\/noticias\/#website","url":"https:\/\/franciscanos.org.br\/noticias\/","name":"Not\u00edcias - Franciscanos","description":"Prov\u00edncia Franciscana da Imaculada Concei\u00e7\u00e3o do Brasil - Ordem dos Frades Menores - OFM","potentialAction":[{"@type":"SearchAction","target":{"@type":"EntryPoint","urlTemplate":"https:\/\/franciscanos.org.br\/noticias\/?s={search_term_string}"},"query-input":"required name=search_term_string"}],"inLanguage":"pt-BR"},{"@type":"ImageObject","inLanguage":"pt-BR","@id":"https:\/\/franciscanos.org.br\/noticias\/papa-responder-ao-mal-com-o-bem-e-o-que-fazem-os-cristaos.html#primaryimage","url":"https:\/\/franciscanos.org.br\/noticias\/wp-content\/uploads\/2022\/02\/angelus_2002.jpg","contentUrl":"https:\/\/franciscanos.org.br\/noticias\/wp-content\/uploads\/2022\/02\/angelus_2002.jpg","width":1280,"height":720},{"@type":"WebPage","@id":"https:\/\/franciscanos.org.br\/noticias\/papa-responder-ao-mal-com-o-bem-e-o-que-fazem-os-cristaos.html#webpage","url":"https:\/\/franciscanos.org.br\/noticias\/papa-responder-ao-mal-com-o-bem-e-o-que-fazem-os-cristaos.html","name":"Papa: responder ao mal com o bem, \u00e9 o que fazem os crist\u00e3os - Not\u00edcias - Franciscanos","isPartOf":{"@id":"https:\/\/franciscanos.org.br\/noticias\/#website"},"primaryImageOfPage":{"@id":"https:\/\/franciscanos.org.br\/noticias\/papa-responder-ao-mal-com-o-bem-e-o-que-fazem-os-cristaos.html#primaryimage"},"datePublished":"2022-02-20T11:46:33+00:00","dateModified":"2022-02-20T11:46:33+00:00","author":{"@id":"https:\/\/franciscanos.org.br\/noticias\/#\/schema\/person\/b5c8cba458c330ccff548b056e95a5d4"},"breadcrumb":{"@id":"https:\/\/franciscanos.org.br\/noticias\/papa-responder-ao-mal-com-o-bem-e-o-que-fazem-os-cristaos.html#breadcrumb"},"inLanguage":"pt-BR","potentialAction":[{"@type":"ReadAction","target":["https:\/\/franciscanos.org.br\/noticias\/papa-responder-ao-mal-com-o-bem-e-o-que-fazem-os-cristaos.html"]}]},{"@type":"BreadcrumbList","@id":"https:\/\/franciscanos.org.br\/noticias\/papa-responder-ao-mal-com-o-bem-e-o-que-fazem-os-cristaos.html#breadcrumb","itemListElement":[{"@type":"ListItem","position":1,"name":"Home","item":"https:\/\/franciscanos.org.br\/noticias"},{"@type":"ListItem","position":2,"name":"Papa: responder ao mal com o bem, \u00e9 o que fazem os crist\u00e3os"}]},{"@type":"Person","@id":"https:\/\/franciscanos.org.br\/noticias\/#\/schema\/person\/b5c8cba458c330ccff548b056e95a5d4","name":"moacir","image":{"@type":"ImageObject","inLanguage":"pt-BR","@id":"https:\/\/franciscanos.org.br\/noticias\/#\/schema\/person\/image\/","url":"https:\/\/secure.gravatar.com\/avatar\/d08aa2ce4c8dd416d4479aa8536fcf64?s=96&d=mm&r=g","contentUrl":"https:\/\/secure.gravatar.com\/avatar\/d08aa2ce4c8dd416d4479aa8536fcf64?s=96&d=mm&r=g","caption":"moacir"},"url":"https:\/\/franciscanos.org.br\/noticias\/author\/moacir"}]}},"_links":{"self":[{"href":"https:\/\/franciscanos.org.br\/noticias\/wp-json\/wp\/v2\/posts\/236627"}],"collection":[{"href":"https:\/\/franciscanos.org.br\/noticias\/wp-json\/wp\/v2\/posts"}],"about":[{"href":"https:\/\/franciscanos.org.br\/noticias\/wp-json\/wp\/v2\/types\/post"}],"author":[{"embeddable":true,"href":"https:\/\/franciscanos.org.br\/noticias\/wp-json\/wp\/v2\/users\/3"}],"replies":[{"embeddable":true,"href":"https:\/\/franciscanos.org.br\/noticias\/wp-json\/wp\/v2\/comments?post=236627"}],"version-history":[{"count":1,"href":"https:\/\/franciscanos.org.br\/noticias\/wp-json\/wp\/v2\/posts\/236627\/revisions"}],"predecessor-version":[{"id":236630,"href":"https:\/\/franciscanos.org.br\/noticias\/wp-json\/wp\/v2\/posts\/236627\/revisions\/236630"}],"wp:featuredmedia":[{"embeddable":true,"href":"https:\/\/franciscanos.org.br\/noticias\/wp-json\/wp\/v2\/media\/236628"}],"wp:attachment":[{"href":"https:\/\/franciscanos.org.br\/noticias\/wp-json\/wp\/v2\/media?parent=236627"}],"wp:term":[{"taxonomy":"category","embeddable":true,"href":"https:\/\/franciscanos.org.br\/noticias\/wp-json\/wp\/v2\/categories?post=236627"},{"taxonomy":"post_tag","embeddable":true,"href":"https:\/\/franciscanos.org.br\/noticias\/wp-json\/wp\/v2\/tags?post=236627"}],"curies":[{"name":"wp","href":"https:\/\/api.w.org\/{rel}","templated":true}]}}