{"id":236624,"date":"2022-02-19T06:14:36","date_gmt":"2022-02-19T09:14:36","guid":{"rendered":"https:\/\/franciscanos.org.br\/noticias\/?p=236624"},"modified":"2023-01-09T11:06:34","modified_gmt":"2023-01-09T14:06:34","slug":"carta-de-dom-gregorio-paixao-dia-de-oracao-pelas-vitimas-em-petropolis","status":"publish","type":"post","link":"https:\/\/franciscanos.org.br\/noticias\/carta-de-dom-gregorio-paixao-dia-de-oracao-pelas-vitimas-em-petropolis.html","title":{"rendered":"Carta de Dom Greg\u00f3rio Paix\u00e3o: Dia de Ora\u00e7\u00e3o pelas v\u00edtimas em Petr\u00f3polis"},"content":{"rendered":"<div class=\"article__text \">\n<p><img loading=\"lazy\" class=\"alignnone wp-image-236625 size-full\" src=\"https:\/\/franciscanos.org.br\/noticias\/wp-content\/uploads\/2022\/02\/petropolis_1902.jpg\" alt=\"\" width=\"1200\" height=\"852\" srcset=\"https:\/\/franciscanos.org.br\/noticias\/wp-content\/uploads\/2022\/02\/petropolis_1902.jpg 1200w, https:\/\/franciscanos.org.br\/noticias\/wp-content\/uploads\/2022\/02\/petropolis_1902-450x320.jpg 450w, https:\/\/franciscanos.org.br\/noticias\/wp-content\/uploads\/2022\/02\/petropolis_1902-1024x727.jpg 1024w, https:\/\/franciscanos.org.br\/noticias\/wp-content\/uploads\/2022\/02\/petropolis_1902-768x545.jpg 768w, https:\/\/franciscanos.org.br\/noticias\/wp-content\/uploads\/2022\/02\/petropolis_1902-150x107.jpg 150w\" sizes=\"(max-width: 1200px) 100vw, 1200px\" \/><\/p>\n<p>Mantendo seu trabalho caritativo, mas, ao mesmo tempo n\u00e3o esquecendo do cuidado espiritual daqueles que sobreviveram e daqueles que perderam suas vidas nesta trag\u00e9dia em Petr\u00f3polis e se encontram na Casa do Pai. O pastor e bispo da Diocese de Petr\u00f3polis, Dom Greg\u00f3rio Paix\u00e3o, OSB, divulgou uma carta a todos os fi\u00e9is e ao povo, estabelecendo o dia 20 de fevereiro deste, como o DIA DE ORA\u00c7\u00c3O PELAS V\u00cdTIMAS DA TRAG\u00c9DIA DAS CHUVAS.<\/p>\n<p>Conforme afirma na carta, em todas as par\u00f3quias e igrejas da Diocese, onde for celebrada a Santa Missa, ser\u00e1 na na \u201cinten\u00e7\u00e3o dos atingidos e, tamb\u00e9m, em sufr\u00e1gio dos falecidos, fazendo especial men\u00e7\u00e3o na Ora\u00e7\u00e3o dos Fi\u00e9is. Convocamos tamb\u00e9m os nossos diocesanos a se unirem em prece e realizarem, nesse mesmo dia, especiais ora\u00e7\u00f5es nas mesmas inten\u00e7\u00f5es\u201d.<\/p>\n<p><b>O texto na \u00edntegra:<\/b><\/p>\n<p><i>\u201cPetr\u00f3polis, 17 de fevereiro de 2022<\/i><\/p>\n<p><i>Estimados Padres, Di\u00e1conos, Religiosos, Religiosas, Consagrados, Consagradas, Membro das Novas Comunidades e Movimentos, Seminaristas, Agentes de Pastoral e amado Povo de Deus.<\/i><\/p>\n<p><i>A tarde da \u00faltima ter\u00e7a-feira, 15 de fevereiro de 2022, ficar\u00e1 marcada na vida de nossa hist\u00f3rica cidade de Petr\u00f3polis. Uma cat\u00e1strofe abateu-se sobre todos os seus habitantes que, sem sombra de d\u00favida, partilham da dor e do desespero de alguns dos seus conterr\u00e2neos, os que foram atingidos de maneira brutal e direta pela chuva torrencial, que a uns ceifou a vida, a outros privou do que tinham: seus bens, adquiridos pelo suor do trabalho.<\/i><\/p>\n<p><i>A Igreja, que est\u00e1 em Petr\u00f3polis, ao ver as l\u00e1grimas nas faces de seus filhos e filhas, tem procurado, com a ajuda de muitos, prestar todo tipo de suporte poss\u00edvel: material, m\u00e9dico, psicol\u00f3gico e sobretudo espiritual, iluminando o vale tenebroso do medo e da morte a com a brilhante luz que emerge de\u00a0<\/i><b>Jesus Ressuscitado<\/b><i>. Nunca podemos nos esquecer que, mesmo nesse vale sombrio, podemos contar com a presen\u00e7a misteriosa do Senhor, que nos d\u00e1 seguran\u00e7a e, por isso, de nenhum mal haveremos de ter medo (Sl 22,4).<\/i><\/p>\n<p><i>Com grande confian\u00e7a em Deus continuaremos nossos trabalhos fraternos em favor de todos os que sofrem as consequ\u00eancias dessa trag\u00e9dia. Assim,\u00a0<\/i><b>institu\u00edmos em toda a Diocese de Petr\u00f3polis o DIA DE ORA\u00c7\u00c3O PELAS V\u00cdTIMAS DA TRAG\u00c9DIA DAS CHUVAS, a ser celebrado nesse ano de 2022, no pr\u00f3ximo dia 20 de fevereiro.\u00a0<\/b><i>Os sacerdotes celebrar\u00e3o as Santas Missas na inten\u00e7\u00e3o dos atingidos e, tamb\u00e9m, em sufr\u00e1gio dos falecidos, fazendo especial men\u00e7\u00e3o na Ora\u00e7\u00e3o dos Fi\u00e9is. Convocamos tamb\u00e9m os nossos diocesanos a se unirem em prece e realizarem, nesse mesmo dia, especiais ora\u00e7\u00f5es nas mesmas inten\u00e7\u00f5es.<\/i><\/p>\n<p><i>Dada a urg\u00eancia desse comunicado, pedimos a utiliza\u00e7\u00e3o de todos os meios de comunica\u00e7\u00e3o para que ele possa chegar ao maior n\u00famero de pessoas.<\/i><\/p>\n<p><i>Com a b\u00ean\u00e7\u00e3o do Senhor, que est\u00e1 entre n\u00f3s,<\/i><\/p>\n<p><i>Dom Greg\u00f3rio Paix\u00e3o, OSB<\/i><br \/>\n<i>Bispo de Petr\u00f3polis\u201d<\/i><\/p>\n<p><b>Fonte: Diocese de Petr\u00f3polis<\/b><\/p>\n<\/div>\n<div id=\"banner-donazioni\" class=\"article_banner\"><\/div>\n","protected":false},"excerpt":{"rendered":"<p>Dia de Ora\u00e7\u00e3o pelas V\u00edtimas da Trag\u00e9dia das Chuvas <\/p>\n","protected":false},"author":3,"featured_media":236625,"comment_status":"open","ping_status":"open","sticky":false,"template":"","format":"standard","meta":[],"categories":[1],"tags":[190,1983],"acf":[],"yoast_head":"<!-- This site is optimized with the Yoast SEO plugin v19.2 - https:\/\/yoast.com\/wordpress\/plugins\/seo\/ -->\n<title>Carta de Dom Greg\u00f3rio Paix\u00e3o: Dia de Ora\u00e7\u00e3o pelas v\u00edtimas em Petr\u00f3polis - Not\u00edcias - Franciscanos<\/title>\n<meta name=\"robots\" content=\"index, follow, max-snippet:-1, max-image-preview:large, max-video-preview:-1\" \/>\n<link rel=\"canonical\" href=\"https:\/\/franciscanos.org.br\/noticias\/carta-de-dom-gregorio-paixao-dia-de-oracao-pelas-vitimas-em-petropolis.html\" \/>\n<meta property=\"og:locale\" content=\"pt_BR\" \/>\n<meta property=\"og:type\" content=\"article\" \/>\n<meta property=\"og:title\" content=\"Carta de Dom Greg\u00f3rio Paix\u00e3o: Dia de Ora\u00e7\u00e3o pelas v\u00edtimas em Petr\u00f3polis - Not\u00edcias - Franciscanos\" \/>\n<meta property=\"og:description\" content=\"Dia de Ora\u00e7\u00e3o pelas V\u00edtimas da Trag\u00e9dia das Chuvas\" \/>\n<meta property=\"og:url\" content=\"https:\/\/franciscanos.org.br\/noticias\/carta-de-dom-gregorio-paixao-dia-de-oracao-pelas-vitimas-em-petropolis.html\" \/>\n<meta property=\"og:site_name\" content=\"Not\u00edcias - Franciscanos\" \/>\n<meta property=\"article:published_time\" content=\"2022-02-19T09:14:36+00:00\" \/>\n<meta property=\"article:modified_time\" content=\"2023-01-09T14:06:34+00:00\" \/>\n<meta property=\"og:image\" content=\"https:\/\/franciscanos.org.br\/noticias\/wp-content\/uploads\/2022\/02\/petropolis_1902.jpg\" \/>\n\t<meta property=\"og:image:width\" content=\"1200\" \/>\n\t<meta property=\"og:image:height\" content=\"852\" \/>\n\t<meta property=\"og:image:type\" content=\"image\/jpeg\" \/>\n<meta name=\"author\" content=\"moacir\" \/>\n<meta name=\"twitter:card\" content=\"summary_large_image\" \/>\n<meta name=\"twitter:label1\" content=\"Escrito por\" \/>\n\t<meta name=\"twitter:data1\" content=\"moacir\" \/>\n\t<meta name=\"twitter:label2\" content=\"Est. tempo de leitura\" \/>\n\t<meta name=\"twitter:data2\" content=\"3 minutos\" \/>\n<script type=\"application\/ld+json\" class=\"yoast-schema-graph\">{\"@context\":\"https:\/\/schema.org\",\"@graph\":[{\"@type\":\"WebSite\",\"@id\":\"https:\/\/franciscanos.org.br\/noticias\/#website\",\"url\":\"https:\/\/franciscanos.org.br\/noticias\/\",\"name\":\"Not\u00edcias - Franciscanos\",\"description\":\"Prov\u00edncia Franciscana da Imaculada Concei\u00e7\u00e3o do Brasil - Ordem dos Frades Menores - OFM\",\"potentialAction\":[{\"@type\":\"SearchAction\",\"target\":{\"@type\":\"EntryPoint\",\"urlTemplate\":\"https:\/\/franciscanos.org.br\/noticias\/?s={search_term_string}\"},\"query-input\":\"required name=search_term_string\"}],\"inLanguage\":\"pt-BR\"},{\"@type\":\"ImageObject\",\"inLanguage\":\"pt-BR\",\"@id\":\"https:\/\/franciscanos.org.br\/noticias\/carta-de-dom-gregorio-paixao-dia-de-oracao-pelas-vitimas-em-petropolis.html#primaryimage\",\"url\":\"https:\/\/franciscanos.org.br\/noticias\/wp-content\/uploads\/2022\/02\/petropolis_1902.jpg\",\"contentUrl\":\"https:\/\/franciscanos.org.br\/noticias\/wp-content\/uploads\/2022\/02\/petropolis_1902.jpg\",\"width\":1200,\"height\":852},{\"@type\":\"WebPage\",\"@id\":\"https:\/\/franciscanos.org.br\/noticias\/carta-de-dom-gregorio-paixao-dia-de-oracao-pelas-vitimas-em-petropolis.html#webpage\",\"url\":\"https:\/\/franciscanos.org.br\/noticias\/carta-de-dom-gregorio-paixao-dia-de-oracao-pelas-vitimas-em-petropolis.html\",\"name\":\"Carta de Dom Greg\u00f3rio Paix\u00e3o: Dia de Ora\u00e7\u00e3o pelas v\u00edtimas em Petr\u00f3polis - Not\u00edcias - Franciscanos\",\"isPartOf\":{\"@id\":\"https:\/\/franciscanos.org.br\/noticias\/#website\"},\"primaryImageOfPage\":{\"@id\":\"https:\/\/franciscanos.org.br\/noticias\/carta-de-dom-gregorio-paixao-dia-de-oracao-pelas-vitimas-em-petropolis.html#primaryimage\"},\"datePublished\":\"2022-02-19T09:14:36+00:00\",\"dateModified\":\"2023-01-09T14:06:34+00:00\",\"author\":{\"@id\":\"https:\/\/franciscanos.org.br\/noticias\/#\/schema\/person\/b5c8cba458c330ccff548b056e95a5d4\"},\"breadcrumb\":{\"@id\":\"https:\/\/franciscanos.org.br\/noticias\/carta-de-dom-gregorio-paixao-dia-de-oracao-pelas-vitimas-em-petropolis.html#breadcrumb\"},\"inLanguage\":\"pt-BR\",\"potentialAction\":[{\"@type\":\"ReadAction\",\"target\":[\"https:\/\/franciscanos.org.br\/noticias\/carta-de-dom-gregorio-paixao-dia-de-oracao-pelas-vitimas-em-petropolis.html\"]}]},{\"@type\":\"BreadcrumbList\",\"@id\":\"https:\/\/franciscanos.org.br\/noticias\/carta-de-dom-gregorio-paixao-dia-de-oracao-pelas-vitimas-em-petropolis.html#breadcrumb\",\"itemListElement\":[{\"@type\":\"ListItem\",\"position\":1,\"name\":\"Home\",\"item\":\"https:\/\/franciscanos.org.br\/noticias\"},{\"@type\":\"ListItem\",\"position\":2,\"name\":\"Carta de Dom Greg\u00f3rio Paix\u00e3o: Dia de Ora\u00e7\u00e3o pelas v\u00edtimas em Petr\u00f3polis\"}]},{\"@type\":\"Person\",\"@id\":\"https:\/\/franciscanos.org.br\/noticias\/#\/schema\/person\/b5c8cba458c330ccff548b056e95a5d4\",\"name\":\"moacir\",\"image\":{\"@type\":\"ImageObject\",\"inLanguage\":\"pt-BR\",\"@id\":\"https:\/\/franciscanos.org.br\/noticias\/#\/schema\/person\/image\/\",\"url\":\"https:\/\/secure.gravatar.com\/avatar\/d08aa2ce4c8dd416d4479aa8536fcf64?s=96&d=mm&r=g\",\"contentUrl\":\"https:\/\/secure.gravatar.com\/avatar\/d08aa2ce4c8dd416d4479aa8536fcf64?s=96&d=mm&r=g\",\"caption\":\"moacir\"},\"url\":\"https:\/\/franciscanos.org.br\/noticias\/author\/moacir\"}]}<\/script>\n<!-- \/ Yoast SEO plugin. -->","yoast_head_json":{"title":"Carta de Dom Greg\u00f3rio Paix\u00e3o: Dia de Ora\u00e7\u00e3o pelas v\u00edtimas em Petr\u00f3polis - Not\u00edcias - Franciscanos","robots":{"index":"index","follow":"follow","max-snippet":"max-snippet:-1","max-image-preview":"max-image-preview:large","max-video-preview":"max-video-preview:-1"},"canonical":"https:\/\/franciscanos.org.br\/noticias\/carta-de-dom-gregorio-paixao-dia-de-oracao-pelas-vitimas-em-petropolis.html","og_locale":"pt_BR","og_type":"article","og_title":"Carta de Dom Greg\u00f3rio Paix\u00e3o: Dia de Ora\u00e7\u00e3o pelas v\u00edtimas em Petr\u00f3polis - Not\u00edcias - Franciscanos","og_description":"Dia de Ora\u00e7\u00e3o pelas V\u00edtimas da Trag\u00e9dia das Chuvas","og_url":"https:\/\/franciscanos.org.br\/noticias\/carta-de-dom-gregorio-paixao-dia-de-oracao-pelas-vitimas-em-petropolis.html","og_site_name":"Not\u00edcias - Franciscanos","article_published_time":"2022-02-19T09:14:36+00:00","article_modified_time":"2023-01-09T14:06:34+00:00","og_image":[{"width":1200,"height":852,"url":"https:\/\/franciscanos.org.br\/noticias\/wp-content\/uploads\/2022\/02\/petropolis_1902.jpg","type":"image\/jpeg"}],"author":"moacir","twitter_card":"summary_large_image","twitter_misc":{"Escrito por":"moacir","Est. tempo de leitura":"3 minutos"},"schema":{"@context":"https:\/\/schema.org","@graph":[{"@type":"WebSite","@id":"https:\/\/franciscanos.org.br\/noticias\/#website","url":"https:\/\/franciscanos.org.br\/noticias\/","name":"Not\u00edcias - Franciscanos","description":"Prov\u00edncia Franciscana da Imaculada Concei\u00e7\u00e3o do Brasil - Ordem dos Frades Menores - OFM","potentialAction":[{"@type":"SearchAction","target":{"@type":"EntryPoint","urlTemplate":"https:\/\/franciscanos.org.br\/noticias\/?s={search_term_string}"},"query-input":"required name=search_term_string"}],"inLanguage":"pt-BR"},{"@type":"ImageObject","inLanguage":"pt-BR","@id":"https:\/\/franciscanos.org.br\/noticias\/carta-de-dom-gregorio-paixao-dia-de-oracao-pelas-vitimas-em-petropolis.html#primaryimage","url":"https:\/\/franciscanos.org.br\/noticias\/wp-content\/uploads\/2022\/02\/petropolis_1902.jpg","contentUrl":"https:\/\/franciscanos.org.br\/noticias\/wp-content\/uploads\/2022\/02\/petropolis_1902.jpg","width":1200,"height":852},{"@type":"WebPage","@id":"https:\/\/franciscanos.org.br\/noticias\/carta-de-dom-gregorio-paixao-dia-de-oracao-pelas-vitimas-em-petropolis.html#webpage","url":"https:\/\/franciscanos.org.br\/noticias\/carta-de-dom-gregorio-paixao-dia-de-oracao-pelas-vitimas-em-petropolis.html","name":"Carta de Dom Greg\u00f3rio Paix\u00e3o: Dia de Ora\u00e7\u00e3o pelas v\u00edtimas em Petr\u00f3polis - Not\u00edcias - Franciscanos","isPartOf":{"@id":"https:\/\/franciscanos.org.br\/noticias\/#website"},"primaryImageOfPage":{"@id":"https:\/\/franciscanos.org.br\/noticias\/carta-de-dom-gregorio-paixao-dia-de-oracao-pelas-vitimas-em-petropolis.html#primaryimage"},"datePublished":"2022-02-19T09:14:36+00:00","dateModified":"2023-01-09T14:06:34+00:00","author":{"@id":"https:\/\/franciscanos.org.br\/noticias\/#\/schema\/person\/b5c8cba458c330ccff548b056e95a5d4"},"breadcrumb":{"@id":"https:\/\/franciscanos.org.br\/noticias\/carta-de-dom-gregorio-paixao-dia-de-oracao-pelas-vitimas-em-petropolis.html#breadcrumb"},"inLanguage":"pt-BR","potentialAction":[{"@type":"ReadAction","target":["https:\/\/franciscanos.org.br\/noticias\/carta-de-dom-gregorio-paixao-dia-de-oracao-pelas-vitimas-em-petropolis.html"]}]},{"@type":"BreadcrumbList","@id":"https:\/\/franciscanos.org.br\/noticias\/carta-de-dom-gregorio-paixao-dia-de-oracao-pelas-vitimas-em-petropolis.html#breadcrumb","itemListElement":[{"@type":"ListItem","position":1,"name":"Home","item":"https:\/\/franciscanos.org.br\/noticias"},{"@type":"ListItem","position":2,"name":"Carta de Dom Greg\u00f3rio Paix\u00e3o: Dia de Ora\u00e7\u00e3o pelas v\u00edtimas em Petr\u00f3polis"}]},{"@type":"Person","@id":"https:\/\/franciscanos.org.br\/noticias\/#\/schema\/person\/b5c8cba458c330ccff548b056e95a5d4","name":"moacir","image":{"@type":"ImageObject","inLanguage":"pt-BR","@id":"https:\/\/franciscanos.org.br\/noticias\/#\/schema\/person\/image\/","url":"https:\/\/secure.gravatar.com\/avatar\/d08aa2ce4c8dd416d4479aa8536fcf64?s=96&d=mm&r=g","contentUrl":"https:\/\/secure.gravatar.com\/avatar\/d08aa2ce4c8dd416d4479aa8536fcf64?s=96&d=mm&r=g","caption":"moacir"},"url":"https:\/\/franciscanos.org.br\/noticias\/author\/moacir"}]}},"_links":{"self":[{"href":"https:\/\/franciscanos.org.br\/noticias\/wp-json\/wp\/v2\/posts\/236624"}],"collection":[{"href":"https:\/\/franciscanos.org.br\/noticias\/wp-json\/wp\/v2\/posts"}],"about":[{"href":"https:\/\/franciscanos.org.br\/noticias\/wp-json\/wp\/v2\/types\/post"}],"author":[{"embeddable":true,"href":"https:\/\/franciscanos.org.br\/noticias\/wp-json\/wp\/v2\/users\/3"}],"replies":[{"embeddable":true,"href":"https:\/\/franciscanos.org.br\/noticias\/wp-json\/wp\/v2\/comments?post=236624"}],"version-history":[{"count":1,"href":"https:\/\/franciscanos.org.br\/noticias\/wp-json\/wp\/v2\/posts\/236624\/revisions"}],"predecessor-version":[{"id":236626,"href":"https:\/\/franciscanos.org.br\/noticias\/wp-json\/wp\/v2\/posts\/236624\/revisions\/236626"}],"wp:featuredmedia":[{"embeddable":true,"href":"https:\/\/franciscanos.org.br\/noticias\/wp-json\/wp\/v2\/media\/236625"}],"wp:attachment":[{"href":"https:\/\/franciscanos.org.br\/noticias\/wp-json\/wp\/v2\/media?parent=236624"}],"wp:term":[{"taxonomy":"category","embeddable":true,"href":"https:\/\/franciscanos.org.br\/noticias\/wp-json\/wp\/v2\/categories?post=236624"},{"taxonomy":"post_tag","embeddable":true,"href":"https:\/\/franciscanos.org.br\/noticias\/wp-json\/wp\/v2\/tags?post=236624"}],"curies":[{"name":"wp","href":"https:\/\/api.w.org\/{rel}","templated":true}]}}