{"id":236621,"date":"2022-02-17T19:08:15","date_gmt":"2022-02-17T22:08:15","guid":{"rendered":"https:\/\/franciscanos.org.br\/noticias\/?p=236621"},"modified":"2022-02-17T19:08:15","modified_gmt":"2022-02-17T22:08:15","slug":"papa-aponta-quatro-proximidades-pilares-para-uma-vida-sacerdotal-no-estilo-de-deus","status":"publish","type":"post","link":"https:\/\/franciscanos.org.br\/noticias\/papa-aponta-quatro-proximidades-pilares-para-uma-vida-sacerdotal-no-estilo-de-deus.html","title":{"rendered":"Papa aponta quatro &#8220;proximidades&#8221;, pilares para uma vida sacerdotal no estilo de Deus"},"content":{"rendered":"<div id=\"attachment_236622\" style=\"width: 1510px\" class=\"wp-caption alignnone\"><img aria-describedby=\"caption-attachment-236622\" loading=\"lazy\" class=\"wp-image-236622 size-full\" src=\"https:\/\/franciscanos.org.br\/noticias\/wp-content\/uploads\/2022\/02\/teologia.jpeg\" alt=\"\" width=\"1500\" height=\"844\" srcset=\"https:\/\/franciscanos.org.br\/noticias\/wp-content\/uploads\/2022\/02\/teologia.jpeg 1500w, https:\/\/franciscanos.org.br\/noticias\/wp-content\/uploads\/2022\/02\/teologia-450x253.jpeg 450w, https:\/\/franciscanos.org.br\/noticias\/wp-content\/uploads\/2022\/02\/teologia-1024x576.jpeg 1024w, https:\/\/franciscanos.org.br\/noticias\/wp-content\/uploads\/2022\/02\/teologia-768x432.jpeg 768w, https:\/\/franciscanos.org.br\/noticias\/wp-content\/uploads\/2022\/02\/teologia-150x84.jpeg 150w\" sizes=\"(max-width: 1500px) 100vw, 1500px\" \/><p id=\"caption-attachment-236622\" class=\"wp-caption-text\">\u00a0 \u00a0 \u00a0 \u00a0 \u00a0 \u00a0 \u00a0 \u00a0 \u00a0 \u00a0 \u00a0 \u00a0 \u00a0 \u00a0 \u00a0 \u00a0 \u00a0 \u00a0 \u00a0 \u00a0 \u00a0 \u00a0 \u00a0 \u00a0 \u00a0 \u00a0 \u00a0 \u00a0 \u00a0 \u00a0 \u00a0 \u00a0 \u00a0 \u00a0 \u00a0 \u00a0 \u00a0 \u00a0 \u00a0 \u00a0 \u00a0 \u00a0 \u00a0 \u00a0 \u00a0 \u00a0 \u00a0 \u00a0 \u00a0 \u00a0 <em>\u00a0 \u00a0 \u00a0Imagem: Vatican Media<\/em><\/p><\/div>\n<p>N\u00e3o &#8220;discursos intermin\u00e1veis&#8221; e teorias &#8220;sobre o que deve ser a teologia do sacerd\u00f3cio&#8221;, mas quatro &#8220;proximidades&#8221;, a Deus, ao bispo, entre os presb\u00edteros e ao povo, que &#8220;podem ajudar de forma pr\u00e1tica, concreta e esperan\u00e7osa a reavivar o dom e a fecundidade que um dia nos foram prometidos&#8221; como presb\u00edteros. O discurso do Papa Francisco na manh\u00e3 desta quinta-feira no Simp\u00f3sio &#8220;Por uma teologia fundamental do sacerd\u00f3cio&#8221;, promovido pela Congrega\u00e7\u00e3o para os Bispos, na Sala Paulo VI, visa &#8220;compartilhar as atitudes que d\u00e3o solidez \u00e0 pessoa do sacerdote, os quatro pilares constitutivos de nossa vida sacerdotal&#8221; e que chama &#8220;as quatro proximidades&#8221;, &#8220;porque seguem o estilo de Deus, que \u00e9 fundamentalmente um estilo de proximidade&#8221;.<\/p>\n<p><strong>Instrumentos concretos para os sacerdotes<\/strong><br \/>\nNum articulado discurso, o Papa Francisco se refere a conceitos j\u00e1 expressos, especialmente na Evangelii Gaudium, sua primeira exorta\u00e7\u00e3o apost\u00f3lica, mas nos quais ele se det\u00e9m &#8220;mais amplamente&#8221;, pois o sacerdote &#8220;mais do que receitas ou teorias, precisa de instrumentos concretos para enfrentar seu minist\u00e9rio, sua miss\u00e3o e sua vida cotidiana&#8221;. Suas palavras, esclarece, s\u00e3o &#8220;fruto do exerc\u00edcio de reflex\u00e3o&#8221; sobre o testemunho &#8220;que recebi de tantos sacerdotes ao longo dos anos&#8221;, contemplando &#8220;quais eram as caracter\u00edsticas que os distinguiam e lhes davam uma for\u00e7a, uma alegria e uma esperan\u00e7a singulares em sua miss\u00e3o pastoral&#8221;.<\/p>\n<p><strong>Proximidade que impede ao padre de levar uma vida de &#8220;solteiro&#8221;<\/strong><br \/>\nA l\u00f3gica da proximidade, esclarece Francisco, permite ao sacerdote &#8220;quebrar todas as tenta\u00e7\u00f5es de fechamento, de autojustifica\u00e7\u00e3o e de fazer uma vida de &#8216;solteiro'&#8221;, porque o convida a apelar para os outros &#8220;para encontrar o caminho que leva \u00e0 verdade e \u00e0 vida&#8221;. S\u00e3o quatro dimens\u00f5es que nos permitem, conclui, &#8220;administrar as tens\u00f5es e desequil\u00edbrios com que temos que lidar todos os dias&#8221;, uma &#8220;boa escola para &#8216;jogar em campo aberto&#8217;, onde o sacerdote \u00e9 chamado, sem medo, sem rigidez, sem reduzir ou empobrecer a miss\u00e3o&#8221;. N\u00e3o s\u00e3o &#8220;uma tarefa a mais&#8221;, mas &#8220;um dom&#8221; que o Senhor nos d\u00e1 &#8220;para manter viva e frut\u00edfera a voca\u00e7\u00e3o&#8221;.<\/p>\n<p><strong>Para permanecer em paz nos momentos de prova\u00e7\u00e3o e desola\u00e7\u00e3o<\/strong><br \/>\nO Pont\u00edfice come\u00e7a enfatizando que a &#8220;pequena coleta&#8221; que ele quer compartilhar, o Senhor lhe fez conhecer pouco a pouco, &#8220;durante estes mais de 50 anos de sacerd\u00f3cio&#8221;. Ao encontrar sacerdotes que &#8220;me mostraram o que d\u00e1 forma ao rosto do Bom Pastor&#8221;, mas tamb\u00e9m ao acompanhar irm\u00e3os sacerdotes que &#8220;haviam perdido o fogo do primeiro amor e seu minist\u00e9rio tinha se tornado est\u00e9ril, repetitivo e sem sentido&#8221;. Ele confessa que em algumas situa\u00e7\u00f5es, &#8220;incluindo momentos de prova\u00e7\u00e3o, dificuldade e desola\u00e7\u00e3o, quando eu vivia e compartilhava a vida de uma certa maneira tinha paz&#8221;.<\/p>\n<p><strong>A atitude correta para acolher a mudan\u00e7a<\/strong><br \/>\nA premissa do Papa Francisco \u00e9 dedicada \u00e0 atitude correta para acolher a mudan\u00e7a de \u00e9poca que a Covid &#8220;tornou mais do que evidente&#8221;. N\u00e3o a fuga &#8220;em dire\u00e7\u00e3o ao passado&#8221;, buscando &#8220;formas codificadas&#8221; que &#8220;nos garantam&#8221; &#8220;uma esp\u00e9cie de prote\u00e7\u00e3o contra riscos&#8221;, mas nem &#8220;em dire\u00e7\u00e3o ao futuro&#8221; com &#8220;um otimismo exasperado&#8221; que &#8220;consagra&#8221; a \u00faltima novidade &#8220;como o que \u00e9 verdadeiramente real, desprezando assim a sabedoria dos anos&#8221;.<\/p>\n<p>Em vez disso, eu gosto da atitude que vem de assumir com confian\u00e7a o controle da realidade, ancorada na s\u00e1bia e viva Tradi\u00e7\u00e3o da Igreja, que pode se permitir de sair mar adentro, sem medo. Sinto que Jesus, neste momento da hist\u00f3ria, est\u00e1 nos convidando mais uma vez a &#8220;sair mar adentro&#8221; com a confian\u00e7a de que Ele \u00e9 o Senhor da hist\u00f3ria e que, guiados por Ele, seremos capazes de discernir o horizonte a ser percorrido.<\/p>\n<p><strong>As voca\u00e7\u00f5es genu\u00ednas em comunidades vivas e fraternas<\/strong><br \/>\n&#8220;Discernir a vontade de Deus&#8221;, explica o Papa, &#8220;significa aprender a interpretar a realidade com os olhos do Senhor, sem a necessidade de fugir do que acontece com nosso povo onde ele vive, sem a ansiedade que nos leva a buscar uma sa\u00edda r\u00e1pida e tranquilizadora, guiada pela ideologia do momento ou por uma resposta pr\u00e9-fabricada&#8221;. Um desafio a ser enfrentado tamb\u00e9m na vida sacerdotal. A crise vocacional, segundo Francisco, deve-se muitas vezes &#8220;\u00e0 aus\u00eancia nas comunidades de um fervor apost\u00f3lico contagiante, por isso n\u00e3o entusiasmam e n\u00e3o despertam atra\u00e7\u00e3o&#8221;. Onde h\u00e1 vida, &#8220;o desejo de levar Cristo aos outros&#8221;, surgem voca\u00e7\u00f5es genu\u00ednas.<\/p>\n<p>Mesmo em par\u00f3quias onde os sacerdotes n\u00e3o s\u00e3o muito comprometidos e alegres, \u00e9 a vida fraterna e fervorosa da comunidade que suscita o desejo de consagrar-se inteiramente a Deus e \u00e0 evangeliza\u00e7\u00e3o, especialmente se esta comunidade vivaz reza insistentemente pelas voca\u00e7\u00f5es e tem a coragem de propor aos seus jovens um caminho de especial consagra\u00e7\u00e3o.<\/p>\n<p><strong>O Senhor nos encontrou como \u00e9ramos<\/strong><br \/>\nO Pont\u00edfice convida ent\u00e3o a ter cuidado com a tenta\u00e7\u00e3o de &#8220;viver um sacerd\u00f3cio sem Batismo, sem a mem\u00f3ria de que o nosso primeiro chamado \u00e9 \u00e0 santidade&#8221;. A fonte da esperan\u00e7a \u00e9 Deus que sempre nos ama primeiro, e que &#8220;mesmo em meio \u00e0 crise&#8221;, n\u00e3o cessa de amar &#8220;e, portanto, de chamar&#8221;. E disso, continua, dirigindo-se aos irm\u00e3os no sacerd\u00f3cio presentes na Sala Paulo VI, &#8220;cada um de n\u00f3s \u00e9 testemunha: um dia o Senhor nos encontrou onde est\u00e1vamos e como est\u00e1vamos, em ambientes contradit\u00f3rios ou com situa\u00e7\u00f5es familiares complexas; mas isso n\u00e3o o distraiu de querer escrever, atrav\u00e9s de cada um de n\u00f3s, a hist\u00f3ria da salva\u00e7\u00e3o&#8221;.<\/p>\n<p>Cada um, olhando para sua pr\u00f3pria humanidade, sua pr\u00f3pria hist\u00f3ria, seu pr\u00f3prio car\u00e1ter, n\u00e3o deve se perguntar se uma escolha vocacional \u00e9 conveniente ou n\u00e3o, mas se em consci\u00eancia essa voca\u00e7\u00e3o revela nele aquele potencial de Amor que recebemos no dia de nosso Batismo.<\/p>\n<p><strong>A proximidade a Deus<\/strong><br \/>\nPor esta raz\u00e3o, o Papa Francisco mergulha nas quatro &#8220;proximidades&#8221;, que ele chama de &#8220;fundamentos s\u00f3lidos&#8221; para a vida de um sacerdote hoje, come\u00e7ando com a proximidade de Deus, &#8220;proximidade ao Senhor das proximidades&#8221;. Sem &#8220;um relacionamento significativo com o Senhor&#8221;, reitera, &#8220;nosso minist\u00e9rio est\u00e1 destinado a se tornar est\u00e9ril&#8221;.<\/p>\n<p>A proximidade com Jesus, o contato com sua Palavra, nos permite confrontar a nossa vida com a sua e aprender a n\u00e3o nos escandalizarmos de nada do que nos acontece, a nos defendermos dos &#8220;esc\u00e2ndalos&#8221;.<\/p>\n<p><strong>Sem a ora\u00e7\u00e3o, um padre est\u00e1 sozinho um &#8220;trabalhador cansado&#8221;<\/strong><br \/>\nMuitas crises sacerdotais, continua o Papa, &#8220;t\u00eam sua origem precisamente em uma vida pobre de ora\u00e7\u00e3o, uma falta de intimidade com o Senhor, uma redu\u00e7\u00e3o da vida espiritual \u00e0 mera pr\u00e1tica religiosa&#8221;. Em momentos importantes &#8220;de minha vida&#8221;, confessa, &#8220;esta proximidade com o Senhor foi decisiva para me sustentar&#8221;. Sem a proximidade concreta &#8220;na escuta da Palavra, na celebra\u00e7\u00e3o eucar\u00edstica, no sil\u00eancio da adora\u00e7\u00e3o, na entrega a Maria, no acompanhamento s\u00e1bio de um guia, no sacramento da Reconcilia\u00e7\u00e3o&#8221;, um sacerdote \u00e9 &#8220;somente um trabalhador cansado que n\u00e3o desfruta dos benef\u00edcios dos amigos do Senhor&#8221;.<\/p>\n<p><strong>Renunciar ao ativismo, crescer na ora\u00e7\u00e3o<\/strong><br \/>\nFrancisco lamenta que &#8220;demasiadas vezes, na vida sacerdotal, a ora\u00e7\u00e3o \u00e9 praticada apenas como um dever&#8221;, enquanto &#8220;um padre que reza \u00e9 um filho que se faz pr\u00f3ximo do Senhor&#8221;. \u00c9 necess\u00e1rio, entretanto, acostumar-se a &#8220;ter espa\u00e7os de sil\u00eancio durante o dia&#8221;. Devemos conseguir &#8220;renunciar ao ativismo&#8221;, aceitando &#8220;a desola\u00e7\u00e3o que vem do sil\u00eancio, do jejum das atividades e das palavras, da coragem de nos examinarmos com sinceridade&#8221;. Perseverar na ora\u00e7\u00e3o, para o Pont\u00edfice, significa &#8220;n\u00e3o fugir quando a pr\u00f3pria ora\u00e7\u00e3o nos conduz ao deserto&#8221;. O caminho do deserto \u00e9 o caminho que leva \u00e0 intimidade com Deus, com a condi\u00e7\u00e3o, por\u00e9m, de n\u00e3o fugirmos, de n\u00e3o encontrarmos meios para escapar deste encontro&#8221;.<\/p>\n<p>Um sacerdote deve ter um cora\u00e7\u00e3o &#8220;largo&#8221; o suficiente para dar lugar \u00e0 dor do povo a ele confiado e, ao mesmo tempo, como sentinela, anunciar a aurora da gra\u00e7a de Deus que se manifesta precisamente nessa dor.<\/p>\n<p><strong>Aceitar a pr\u00f3pria mis\u00e9ria para abrir espa\u00e7o a dos fi\u00e9is<\/strong><br \/>\nDe fato, explica o Papa Francisco, &#8220;abra\u00e7ar, aceitar e apresentar a pr\u00f3pria mis\u00e9ria na proximidade ao Senhor&#8221; para o sacerdote &#8220;ser\u00e1 a melhor escola para poder, pouco a pouco, dar lugar a toda a mis\u00e9ria e dor que encontrar\u00e1 diariamente em seu minist\u00e9rio, a ponto de tornar-se ele mesmo como o cora\u00e7\u00e3o de Cristo&#8221;.<\/p>\n<p><strong>Proximidade ao bispo<\/strong><br \/>\nFalando ent\u00e3o da proximidade ao bispo, o Papa lamenta que &#8220;durante muito tempo foi lida apenas de forma unilateral&#8221;, dando \u00e0 obedi\u00eancia &#8220;uma interpreta\u00e7\u00e3o longe do sentimento do Evangelho&#8221;. De fato, obedi\u00eancia significa &#8220;aprender a ouvir e lembrar que ningu\u00e9m pode afirmar ser detentor da vontade de Deus, e que ela deve ser entendida somente atrav\u00e9s do discernimento&#8221;. E a rela\u00e7\u00e3o de bondade com o bispo, como as outras tr\u00eas &#8220;proximidades&#8221;, torna poss\u00edvel quebrar toda tenta\u00e7\u00e3o de fechar-se em si mesmo e ajuda todo sacerdote e toda Igreja particular &#8220;a discernir a vontade de Deus&#8221;.<\/p>\n<p>Mas n\u00e3o devemos esquecer que o pr\u00f3prio bispo s\u00f3 pode ser um instrumento deste discernimento se ele tamb\u00e9m escutar a realidade de seus presb\u00edteros e do povo santo de Deus a ele confiado.<\/p>\n<p><strong>A ora\u00e7\u00e3o dos sacerdotes, a escuta dos bispos<\/strong><br \/>\nFrancisco lembra que na<em> Evangelii gaudium<\/em> recomendava de &#8220;praticar a arte de escutar, que \u00e9 mais do que ouvir&#8221;. A primeira coisa, na comunica\u00e7\u00e3o com o outro, \u00e9 a capacidade do cora\u00e7\u00e3o que torna poss\u00edvel a proximidade, sem a qual n\u00e3o h\u00e1 um verdadeiro encontro espiritual&#8221;. Portanto, a obedi\u00eancia &#8220;tamb\u00e9m pode ser confronto, escuta e, em alguns casos, tens\u00e3o&#8221;.<\/p>\n<p>Isto exige necessariamente que os sacerdotes rezem pelos bispos e saibam expressar sua opini\u00e3o com respeito e sinceridade. Requer tamb\u00e9m humildade por parte dos bispos, a capacidade de ouvir, de ser autocr\u00edtico e de se deixar ajudar. Se defendermos este elo, prosseguiremos com seguran\u00e7a em nosso caminho.<\/p>\n<p><strong>A proximidade entre os sacerdotes<\/strong><br \/>\nA terceira proximidade, aquela entre os sacerdotes, para o Pont\u00edfice \u00e9 expressa na fraternidade, que \u00e9 &#8220;escolher deliberadamente procurar ser santo com os outros e n\u00e3o em solid\u00e3o&#8221;. Para explicar suas caracter\u00edsticas &#8220;que s\u00e3o as do amor&#8221;, pede ajuda ao &#8220;mapa&#8221; do cap\u00edtulo 13 da Primeira Carta de S\u00e3o Paulo aos Cor\u00edntios. Fraternidade, portanto, significa paci\u00eancia, &#8220;a capacidade de sentir-se respons\u00e1vel pelos outros, de carregar seus fardos&#8221;, longe da inveja, a incapacidade de alegrar-se &#8220;quando vejo o bem na vida dos outros&#8221;, que &#8221; tanto atormenta os nossos ambientes e que \u00e9 uma fadiga na pedagogia do amor, e n\u00e3o simplesmente um pecado a ser confessado&#8221;. Na fraternidade, &#8220;n\u00e3o precisamos nos vangloriar&#8221;, nem faltar &#8220;respeito para com aqueles que nos circundam&#8221;. O amor fraterno, lembra o Papa Francisco, &#8220;n\u00e3o busca seu pr\u00f3prio interesse, n\u00e3o deixa espa\u00e7o para a raiva, para o ressentimento&#8221;, n\u00e3o se lembra &#8220;para sempre do mal recebido&#8221; a ponto de talvez &#8220;gozar da injusti\u00e7a quando se trata da pessoa que me fez sofrer&#8221;, e &#8220;considera um pecado grave atacar a verdade e a dignidade dos irm\u00e3os atrav\u00e9s de cal\u00fanias, maledic\u00eancias, fofocas&#8221;.<\/p>\n<p><strong>A fraternidade n\u00e3o \u00e9 utopia, mas um campo de treinamento para o esp\u00edrito<\/strong><br \/>\nN\u00e3o \u00e9 uma utopia, assegura Francisco, mesmo que &#8220;todos saibamos como pode ser dif\u00edcil viver em comunidade, compartilhar a vida cotidiana com aqueles que quisemos reconhecer como irm\u00e3os&#8221;.<\/p>\n<p>O amor fraterno, se n\u00e3o queremos ado\u00e7\u00e1-lo, acomod\u00e1-lo ou menosprez\u00e1-lo, \u00e9 a &#8220;grande profecia&#8221; de que, nesta sociedade de desperd\u00edcio, somos chamados a viver. Eu gosto de pensar no amor fraterno como uma academia do esp\u00edrito, onde dia ap\u00f3s dia nos confrontamos e temos o term\u00f4metro de nossa vida espiritual.<\/p>\n<p><strong>Fraternidade que ajuda a viver serenamente o celibato<\/strong><br \/>\nSomente &#8220;quem procura amar est\u00e1 seguro&#8221;, resume o Pont\u00edfice, porque &#8220;quem vive com a s\u00edndrome de Caim&#8221;, convencido &#8220;de que n\u00e3o pode amar porque sente sempre de n\u00e3o ter sido amado&#8221;, justamente por causa disso &#8220;\u00e9 mais expostos ao mal: a se machucar e a fazer o mal&#8221;.<\/p>\n<p>Eu diria at\u00e9 mesmo que onde a fraternidade sacerdotal funciona e existem la\u00e7os de verdadeira amizade, tamb\u00e9m \u00e9 poss\u00edvel viver a escolha celibat\u00e1ria com maior serenidade.<\/p>\n<p>O celibato, de fato, &#8220;\u00e9 um dom que, para ser vivido como santifica\u00e7\u00e3o, requer rela\u00e7\u00f5es saud\u00e1veis, rela\u00e7\u00f5es de verdadeira estima e verdadeira bondade que encontram sua raiz em Cristo&#8221;. Sem amigos e sem ora\u00e7\u00e3o, recorda o Papa Francisco, &#8220;pode tornar-se um fardo insuport\u00e1vel e um contra-testemunho da pr\u00f3pria beleza do sacerd\u00f3cio&#8221;.<\/p>\n<p><strong>Proximidade ao povo<\/strong><br \/>\nA quarta proximidade, &#8220;o relacionamento com o Povo Santo de Deus&#8221;, sublinha o Papa, &#8220;n\u00e3o \u00e9 para cada um de n\u00f3s um dever, mas uma gra\u00e7a&#8221;, o que favorece &#8220;o encontro em plenitude com Deus&#8221;, como j\u00e1 est\u00e1 escrito na Evangelii gaudium. O lugar de todo sacerdote &#8220;\u00e9 no meio do povo&#8221;, para descobrir que Jesus crucificado &#8220;quer nos usar para nos aproximar cada vez mais de seu amado povo&#8221;. Ele &#8220;quer que toquemos a mis\u00e9ria humana&#8221;, e que conhe\u00e7amos &#8220;o poder da ternura&#8221;. Esta proximidade, como os outros, convida o Papa, de fato &#8220;exige, continuar o estilo do Senhor&#8221;, feito &#8220;de compaix\u00e3o e ternura, porque ele \u00e9 capaz de caminhar n\u00e3o como um juiz, mas como o Bom Samaritano&#8221;. Como aquele que &#8220;reconhece as feridas de seu povo&#8221;, os sacrif\u00edcios &#8220;de tantos pais e m\u00e3es para manter suas fam\u00edlias, e tamb\u00e9m as consequ\u00eancias da viol\u00eancia, corrup\u00e7\u00e3o e indiferen\u00e7a&#8221;.<\/p>\n<p>\u00c9 decisivo lembrar que o Povo de Deus espera encontrar pastores no estilo de Jesus &#8211; e n\u00e3o &#8220;cl\u00e9rigos de estado&#8221; ou &#8220;profissionais do sagrado&#8221; -; pastores que conhecem a compaix\u00e3o e a oportunidade; homens corajosos, capazes de parar diante dos feridos e estender a m\u00e3o; homens contemplativos que, em sua proximidade ao seu povo, podem proclamar a for\u00e7a operante da Ressurrei\u00e7\u00e3o sobre as feridas do mundo.<\/p>\n<p><strong>A proximidade do pastor encoraja a perten\u00e7a<\/strong><br \/>\nEm uma sociedade onde estamos &#8220;conectados a tudo e a todos, nos falta a experi\u00eancia de pertencer, que \u00e9 muito mais do que uma conex\u00e3o&#8221;. Mas, lembra Francisco, &#8220;com a proximidade de pastor podemos convocar a comunidade e fomentar o crescimento de um sentimento de perten\u00e7a&#8221;. Um ant\u00eddoto &#8220;contra uma deforma\u00e7\u00e3o da voca\u00e7\u00e3o&#8221;, esquecer &#8220;que a vida sacerdotal \u00e9 para os outros, para o Senhor e para o povo por Ele confiado&#8221;. Um esquecimento que &#8220;est\u00e1 na raiz do clericalismo e de suas consequ\u00eancias&#8221;.<\/p>\n<p>O clericalismo \u00e9 uma pervers\u00e3o porque \u00e9 constru\u00eddo sobre o &#8220;distanciamento&#8221;. Quando penso no clericalismo, penso tamb\u00e9m na clericaliza\u00e7\u00e3o dos leigos: a promo\u00e7\u00e3o de uma pequena elite em torno do padre que tamb\u00e9m acaba distorcendo sua miss\u00e3o fundamental.<\/p>\n<p><strong>Como \u00e9 minha proximidade?<\/strong><br \/>\nEm conclus\u00e3o, o Pont\u00edfice relaciona &#8220;esta proximidade com o Povo de Deus com a proximidade de Deus&#8221;, pois quando reza &#8220;o pastor traz as marcas das feridas e alegrias de seu povo, que ele apresenta em sil\u00eancio ao Senhor para ungi-las com o dom do Esp\u00edrito Santo&#8221;.<\/p>\n<p>Bispos e padres fariam bem em se perguntar &#8220;como v\u00e3o as minhas proximidades&#8221;, como estou vivendo estas quatro dimens\u00f5es que moldam meu ser sacerdotal de forma transversal e me permitem administrar as tens\u00f5es e desequil\u00edbrios com os quais temos que lidar todos os dias. Estas quatro proximidades s\u00e3o uma boa escola para &#8220;jogar em campo aberto&#8221;, onde o sacerdote \u00e9 chamado, sem medo, sem rigidez, sem reduzir ou empobrecer a miss\u00e3o.<\/p>\n<p><strong>Proximidade com o estilo de Deus: compaix\u00e3o e ternura<\/strong><br \/>\nEstas proximidades do Senhor, resume novamente o Papa Francisco, &#8220;n\u00e3o s\u00e3o uma tarefa a mais: s\u00e3o um dom que Ele d\u00e1 para manter viva e fecunda a voca\u00e7\u00e3o&#8221;. Para evitar a tenta\u00e7\u00e3o de &#8220;fechar-nos em discursos e discuss\u00f5es intermin\u00e1veis sobre a teologia do sacerd\u00f3cio ou sobre teorias do que deveria ser&#8221;, o Senhor, com ternura e compaix\u00e3o, &#8220;oferece aos sacerdotes as coordenadas para reconhecer e manter vivo o ardor pela miss\u00e3o: proximidade, proximidade a Deus, ao bispo, aos irm\u00e3os sacerdotes e ao povo a eles confiado&#8221;. A proximidade no estilo de Deus, que est\u00e1 pr\u00f3ximo com compaix\u00e3o e ternura&#8221;.<\/p>\n<hr \/>\n<p><em>Fonte: Vatican News (texto de Silvonei Jos\u00e9, Alessandro Di Bussolo)<\/em><\/p>\n","protected":false},"excerpt":{"rendered":"<p>&#8220;Por uma teologia fundamental do sacerd\u00f3cio&#8221;<\/p>\n","protected":false},"author":3,"featured_media":236622,"comment_status":"open","ping_status":"open","sticky":false,"template":"","format":"standard","meta":[],"categories":[1428],"tags":[55],"acf":[],"yoast_head":"<!-- This site is optimized with the Yoast SEO plugin v19.2 - https:\/\/yoast.com\/wordpress\/plugins\/seo\/ -->\n<title>Papa aponta quatro &quot;proximidades&quot;, pilares para uma vida sacerdotal no estilo de Deus - Not\u00edcias - Franciscanos<\/title>\n<meta name=\"robots\" content=\"index, follow, max-snippet:-1, max-image-preview:large, max-video-preview:-1\" \/>\n<link rel=\"canonical\" href=\"https:\/\/franciscanos.org.br\/noticias\/papa-aponta-quatro-proximidades-pilares-para-uma-vida-sacerdotal-no-estilo-de-deus.html\" \/>\n<meta property=\"og:locale\" content=\"pt_BR\" \/>\n<meta property=\"og:type\" content=\"article\" \/>\n<meta property=\"og:title\" content=\"Papa aponta quatro &quot;proximidades&quot;, pilares para uma vida sacerdotal no estilo de Deus - Not\u00edcias - Franciscanos\" \/>\n<meta property=\"og:description\" content=\"&quot;Por uma teologia fundamental do sacerd\u00f3cio&quot;\" \/>\n<meta property=\"og:url\" content=\"https:\/\/franciscanos.org.br\/noticias\/papa-aponta-quatro-proximidades-pilares-para-uma-vida-sacerdotal-no-estilo-de-deus.html\" \/>\n<meta property=\"og:site_name\" content=\"Not\u00edcias - Franciscanos\" \/>\n<meta property=\"article:published_time\" content=\"2022-02-17T22:08:15+00:00\" \/>\n<meta property=\"og:image\" content=\"https:\/\/franciscanos.org.br\/noticias\/wp-content\/uploads\/2022\/02\/teologia.jpeg\" \/>\n\t<meta property=\"og:image:width\" content=\"1500\" \/>\n\t<meta property=\"og:image:height\" content=\"844\" \/>\n\t<meta property=\"og:image:type\" content=\"image\/jpeg\" \/>\n<meta name=\"author\" content=\"moacir\" \/>\n<meta name=\"twitter:card\" content=\"summary_large_image\" \/>\n<meta name=\"twitter:label1\" content=\"Escrito por\" \/>\n\t<meta name=\"twitter:data1\" content=\"moacir\" \/>\n\t<meta name=\"twitter:label2\" content=\"Est. tempo de leitura\" \/>\n\t<meta name=\"twitter:data2\" content=\"14 minutos\" \/>\n<script type=\"application\/ld+json\" class=\"yoast-schema-graph\">{\"@context\":\"https:\/\/schema.org\",\"@graph\":[{\"@type\":\"WebSite\",\"@id\":\"https:\/\/franciscanos.org.br\/noticias\/#website\",\"url\":\"https:\/\/franciscanos.org.br\/noticias\/\",\"name\":\"Not\u00edcias - Franciscanos\",\"description\":\"Prov\u00edncia Franciscana da Imaculada Concei\u00e7\u00e3o do Brasil - Ordem dos Frades Menores - OFM\",\"potentialAction\":[{\"@type\":\"SearchAction\",\"target\":{\"@type\":\"EntryPoint\",\"urlTemplate\":\"https:\/\/franciscanos.org.br\/noticias\/?s={search_term_string}\"},\"query-input\":\"required name=search_term_string\"}],\"inLanguage\":\"pt-BR\"},{\"@type\":\"ImageObject\",\"inLanguage\":\"pt-BR\",\"@id\":\"https:\/\/franciscanos.org.br\/noticias\/papa-aponta-quatro-proximidades-pilares-para-uma-vida-sacerdotal-no-estilo-de-deus.html#primaryimage\",\"url\":\"https:\/\/franciscanos.org.br\/noticias\/wp-content\/uploads\/2022\/02\/teologia.jpeg\",\"contentUrl\":\"https:\/\/franciscanos.org.br\/noticias\/wp-content\/uploads\/2022\/02\/teologia.jpeg\",\"width\":1500,\"height\":844},{\"@type\":\"WebPage\",\"@id\":\"https:\/\/franciscanos.org.br\/noticias\/papa-aponta-quatro-proximidades-pilares-para-uma-vida-sacerdotal-no-estilo-de-deus.html#webpage\",\"url\":\"https:\/\/franciscanos.org.br\/noticias\/papa-aponta-quatro-proximidades-pilares-para-uma-vida-sacerdotal-no-estilo-de-deus.html\",\"name\":\"Papa aponta quatro \\\"proximidades\\\", pilares para uma vida sacerdotal no estilo de Deus - Not\u00edcias - Franciscanos\",\"isPartOf\":{\"@id\":\"https:\/\/franciscanos.org.br\/noticias\/#website\"},\"primaryImageOfPage\":{\"@id\":\"https:\/\/franciscanos.org.br\/noticias\/papa-aponta-quatro-proximidades-pilares-para-uma-vida-sacerdotal-no-estilo-de-deus.html#primaryimage\"},\"datePublished\":\"2022-02-17T22:08:15+00:00\",\"dateModified\":\"2022-02-17T22:08:15+00:00\",\"author\":{\"@id\":\"https:\/\/franciscanos.org.br\/noticias\/#\/schema\/person\/b5c8cba458c330ccff548b056e95a5d4\"},\"breadcrumb\":{\"@id\":\"https:\/\/franciscanos.org.br\/noticias\/papa-aponta-quatro-proximidades-pilares-para-uma-vida-sacerdotal-no-estilo-de-deus.html#breadcrumb\"},\"inLanguage\":\"pt-BR\",\"potentialAction\":[{\"@type\":\"ReadAction\",\"target\":[\"https:\/\/franciscanos.org.br\/noticias\/papa-aponta-quatro-proximidades-pilares-para-uma-vida-sacerdotal-no-estilo-de-deus.html\"]}]},{\"@type\":\"BreadcrumbList\",\"@id\":\"https:\/\/franciscanos.org.br\/noticias\/papa-aponta-quatro-proximidades-pilares-para-uma-vida-sacerdotal-no-estilo-de-deus.html#breadcrumb\",\"itemListElement\":[{\"@type\":\"ListItem\",\"position\":1,\"name\":\"Home\",\"item\":\"https:\/\/franciscanos.org.br\/noticias\"},{\"@type\":\"ListItem\",\"position\":2,\"name\":\"Papa aponta quatro &#8220;proximidades&#8221;, pilares para uma vida sacerdotal no estilo de Deus\"}]},{\"@type\":\"Person\",\"@id\":\"https:\/\/franciscanos.org.br\/noticias\/#\/schema\/person\/b5c8cba458c330ccff548b056e95a5d4\",\"name\":\"moacir\",\"image\":{\"@type\":\"ImageObject\",\"inLanguage\":\"pt-BR\",\"@id\":\"https:\/\/franciscanos.org.br\/noticias\/#\/schema\/person\/image\/\",\"url\":\"https:\/\/secure.gravatar.com\/avatar\/d08aa2ce4c8dd416d4479aa8536fcf64?s=96&d=mm&r=g\",\"contentUrl\":\"https:\/\/secure.gravatar.com\/avatar\/d08aa2ce4c8dd416d4479aa8536fcf64?s=96&d=mm&r=g\",\"caption\":\"moacir\"},\"url\":\"https:\/\/franciscanos.org.br\/noticias\/author\/moacir\"}]}<\/script>\n<!-- \/ Yoast SEO plugin. -->","yoast_head_json":{"title":"Papa aponta quatro \"proximidades\", pilares para uma vida sacerdotal no estilo de Deus - Not\u00edcias - Franciscanos","robots":{"index":"index","follow":"follow","max-snippet":"max-snippet:-1","max-image-preview":"max-image-preview:large","max-video-preview":"max-video-preview:-1"},"canonical":"https:\/\/franciscanos.org.br\/noticias\/papa-aponta-quatro-proximidades-pilares-para-uma-vida-sacerdotal-no-estilo-de-deus.html","og_locale":"pt_BR","og_type":"article","og_title":"Papa aponta quatro \"proximidades\", pilares para uma vida sacerdotal no estilo de Deus - Not\u00edcias - Franciscanos","og_description":"\"Por uma teologia fundamental do sacerd\u00f3cio\"","og_url":"https:\/\/franciscanos.org.br\/noticias\/papa-aponta-quatro-proximidades-pilares-para-uma-vida-sacerdotal-no-estilo-de-deus.html","og_site_name":"Not\u00edcias - Franciscanos","article_published_time":"2022-02-17T22:08:15+00:00","og_image":[{"width":1500,"height":844,"url":"https:\/\/franciscanos.org.br\/noticias\/wp-content\/uploads\/2022\/02\/teologia.jpeg","type":"image\/jpeg"}],"author":"moacir","twitter_card":"summary_large_image","twitter_misc":{"Escrito por":"moacir","Est. tempo de leitura":"14 minutos"},"schema":{"@context":"https:\/\/schema.org","@graph":[{"@type":"WebSite","@id":"https:\/\/franciscanos.org.br\/noticias\/#website","url":"https:\/\/franciscanos.org.br\/noticias\/","name":"Not\u00edcias - Franciscanos","description":"Prov\u00edncia Franciscana da Imaculada Concei\u00e7\u00e3o do Brasil - Ordem dos Frades Menores - OFM","potentialAction":[{"@type":"SearchAction","target":{"@type":"EntryPoint","urlTemplate":"https:\/\/franciscanos.org.br\/noticias\/?s={search_term_string}"},"query-input":"required name=search_term_string"}],"inLanguage":"pt-BR"},{"@type":"ImageObject","inLanguage":"pt-BR","@id":"https:\/\/franciscanos.org.br\/noticias\/papa-aponta-quatro-proximidades-pilares-para-uma-vida-sacerdotal-no-estilo-de-deus.html#primaryimage","url":"https:\/\/franciscanos.org.br\/noticias\/wp-content\/uploads\/2022\/02\/teologia.jpeg","contentUrl":"https:\/\/franciscanos.org.br\/noticias\/wp-content\/uploads\/2022\/02\/teologia.jpeg","width":1500,"height":844},{"@type":"WebPage","@id":"https:\/\/franciscanos.org.br\/noticias\/papa-aponta-quatro-proximidades-pilares-para-uma-vida-sacerdotal-no-estilo-de-deus.html#webpage","url":"https:\/\/franciscanos.org.br\/noticias\/papa-aponta-quatro-proximidades-pilares-para-uma-vida-sacerdotal-no-estilo-de-deus.html","name":"Papa aponta quatro \"proximidades\", pilares para uma vida sacerdotal no estilo de Deus - Not\u00edcias - Franciscanos","isPartOf":{"@id":"https:\/\/franciscanos.org.br\/noticias\/#website"},"primaryImageOfPage":{"@id":"https:\/\/franciscanos.org.br\/noticias\/papa-aponta-quatro-proximidades-pilares-para-uma-vida-sacerdotal-no-estilo-de-deus.html#primaryimage"},"datePublished":"2022-02-17T22:08:15+00:00","dateModified":"2022-02-17T22:08:15+00:00","author":{"@id":"https:\/\/franciscanos.org.br\/noticias\/#\/schema\/person\/b5c8cba458c330ccff548b056e95a5d4"},"breadcrumb":{"@id":"https:\/\/franciscanos.org.br\/noticias\/papa-aponta-quatro-proximidades-pilares-para-uma-vida-sacerdotal-no-estilo-de-deus.html#breadcrumb"},"inLanguage":"pt-BR","potentialAction":[{"@type":"ReadAction","target":["https:\/\/franciscanos.org.br\/noticias\/papa-aponta-quatro-proximidades-pilares-para-uma-vida-sacerdotal-no-estilo-de-deus.html"]}]},{"@type":"BreadcrumbList","@id":"https:\/\/franciscanos.org.br\/noticias\/papa-aponta-quatro-proximidades-pilares-para-uma-vida-sacerdotal-no-estilo-de-deus.html#breadcrumb","itemListElement":[{"@type":"ListItem","position":1,"name":"Home","item":"https:\/\/franciscanos.org.br\/noticias"},{"@type":"ListItem","position":2,"name":"Papa aponta quatro &#8220;proximidades&#8221;, pilares para uma vida sacerdotal no estilo de Deus"}]},{"@type":"Person","@id":"https:\/\/franciscanos.org.br\/noticias\/#\/schema\/person\/b5c8cba458c330ccff548b056e95a5d4","name":"moacir","image":{"@type":"ImageObject","inLanguage":"pt-BR","@id":"https:\/\/franciscanos.org.br\/noticias\/#\/schema\/person\/image\/","url":"https:\/\/secure.gravatar.com\/avatar\/d08aa2ce4c8dd416d4479aa8536fcf64?s=96&d=mm&r=g","contentUrl":"https:\/\/secure.gravatar.com\/avatar\/d08aa2ce4c8dd416d4479aa8536fcf64?s=96&d=mm&r=g","caption":"moacir"},"url":"https:\/\/franciscanos.org.br\/noticias\/author\/moacir"}]}},"_links":{"self":[{"href":"https:\/\/franciscanos.org.br\/noticias\/wp-json\/wp\/v2\/posts\/236621"}],"collection":[{"href":"https:\/\/franciscanos.org.br\/noticias\/wp-json\/wp\/v2\/posts"}],"about":[{"href":"https:\/\/franciscanos.org.br\/noticias\/wp-json\/wp\/v2\/types\/post"}],"author":[{"embeddable":true,"href":"https:\/\/franciscanos.org.br\/noticias\/wp-json\/wp\/v2\/users\/3"}],"replies":[{"embeddable":true,"href":"https:\/\/franciscanos.org.br\/noticias\/wp-json\/wp\/v2\/comments?post=236621"}],"version-history":[{"count":1,"href":"https:\/\/franciscanos.org.br\/noticias\/wp-json\/wp\/v2\/posts\/236621\/revisions"}],"predecessor-version":[{"id":236623,"href":"https:\/\/franciscanos.org.br\/noticias\/wp-json\/wp\/v2\/posts\/236621\/revisions\/236623"}],"wp:featuredmedia":[{"embeddable":true,"href":"https:\/\/franciscanos.org.br\/noticias\/wp-json\/wp\/v2\/media\/236622"}],"wp:attachment":[{"href":"https:\/\/franciscanos.org.br\/noticias\/wp-json\/wp\/v2\/media?parent=236621"}],"wp:term":[{"taxonomy":"category","embeddable":true,"href":"https:\/\/franciscanos.org.br\/noticias\/wp-json\/wp\/v2\/categories?post=236621"},{"taxonomy":"post_tag","embeddable":true,"href":"https:\/\/franciscanos.org.br\/noticias\/wp-json\/wp\/v2\/tags?post=236621"}],"curies":[{"name":"wp","href":"https:\/\/api.w.org\/{rel}","templated":true}]}}