{"id":236598,"date":"2022-02-15T18:54:19","date_gmt":"2022-02-15T21:54:19","guid":{"rendered":"https:\/\/franciscanos.org.br\/noticias\/?p=236598"},"modified":"2022-02-15T18:54:29","modified_gmt":"2022-02-15T21:54:29","slug":"missa-de-apresentacao-da-nova-fraternidade-da-porciuncula","status":"publish","type":"post","link":"https:\/\/franciscanos.org.br\/noticias\/missa-de-apresentacao-da-nova-fraternidade-da-porciuncula.html","title":{"rendered":"Missa de apresenta\u00e7\u00e3o da nova Fraternidade da Porci\u00fancula"},"content":{"rendered":"<p><strong><img loading=\"lazy\" class=\"alignnone size-full wp-image-236599\" src=\"https:\/\/franciscanos.org.br\/noticias\/wp-content\/uploads\/2022\/02\/niteroi_02.jpg\" alt=\"\" width=\"1205\" height=\"697\" srcset=\"https:\/\/franciscanos.org.br\/noticias\/wp-content\/uploads\/2022\/02\/niteroi_02.jpg 1205w, https:\/\/franciscanos.org.br\/noticias\/wp-content\/uploads\/2022\/02\/niteroi_02-450x260.jpg 450w, https:\/\/franciscanos.org.br\/noticias\/wp-content\/uploads\/2022\/02\/niteroi_02-1024x592.jpg 1024w, https:\/\/franciscanos.org.br\/noticias\/wp-content\/uploads\/2022\/02\/niteroi_02-768x444.jpg 768w, https:\/\/franciscanos.org.br\/noticias\/wp-content\/uploads\/2022\/02\/niteroi_02-150x87.jpg 150w\" sizes=\"(max-width: 1205px) 100vw, 1205px\" \/>\u00a0<\/strong>A Par\u00f3quia Porci\u00fancula de Sant\u2019Ana, em Niter\u00f3i\/RJ, apresentou neste domingo, 13 de fevereiro, sua Nova Fraternidade. A Missa de apresenta\u00e7\u00e3o foi celebrada por Frei S\u00e9rgio Pagan e concelebrada por Frei Sal\u00e9sio Hillesheim, p\u00e1roco; Frei Ivo M\u00fcller; e Frei Gustavo Medella, Vig\u00e1rio Provincial. A Celebra\u00e7\u00e3o contou ainda com a presen\u00e7a de Frei Jos\u00e9 Luiz, rec\u00e9m-chegado \u00e0 Porci\u00fancula, e Frei R\u00f3ger Brunorio, do Convento Santo Ant\u00f4nio, no Largo da Carioca. Frei Alan Leal de Mattos, di\u00e1cono e em prepara\u00e7\u00e3o para sua ordena\u00e7\u00e3o sacerdotal, tamb\u00e9m participou da Celebra\u00e7\u00e3o. Durante a missa, tamb\u00e9m foi celebrado os 50 anos de vida religiosa de Frei S\u00e9rgio, completados em janeiro deste ano.<\/p>\n<p>No in\u00edcio da Missa, Frei Sal\u00e9sio, p\u00e1roco e guardi\u00e3o, acolheu todos os presentes e come\u00e7ou as apresenta\u00e7\u00f5es: \u201cEste momento \u00e9 de extrema import\u00e2ncia para todos n\u00f3s, para nossa comunidade paroquial. \u00c9 tamb\u00e9m um recome\u00e7o do nosso caminho, do nosso andar, do nosso ser frade, irm\u00e3o, juntos. Antes de tudo, hoje tamb\u00e9m temos a alegria de celebrar 50 anos de vida religiosa franciscana do nosso Frei S\u00e9rgio\u201d, disse. Seguindo com as boas-vindas, Frei Sal\u00e9sio apresentou \u00e0 comunidade os novos frades da Porci\u00fancula.<\/p>\n<p><img loading=\"lazy\" class=\"alignnone size-full wp-image-236600\" src=\"https:\/\/franciscanos.org.br\/noticias\/wp-content\/uploads\/2022\/02\/niteroi_01.jpg\" alt=\"\" width=\"1200\" height=\"720\" srcset=\"https:\/\/franciscanos.org.br\/noticias\/wp-content\/uploads\/2022\/02\/niteroi_01.jpg 1200w, https:\/\/franciscanos.org.br\/noticias\/wp-content\/uploads\/2022\/02\/niteroi_01-450x270.jpg 450w, https:\/\/franciscanos.org.br\/noticias\/wp-content\/uploads\/2022\/02\/niteroi_01-1024x614.jpg 1024w, https:\/\/franciscanos.org.br\/noticias\/wp-content\/uploads\/2022\/02\/niteroi_01-768x461.jpg 768w, https:\/\/franciscanos.org.br\/noticias\/wp-content\/uploads\/2022\/02\/niteroi_01-150x90.jpg 150w\" sizes=\"(max-width: 1200px) 100vw, 1200px\" \/><\/p>\n<p>\u201cGostaria de apresentar, antes de tudo, os nossos irm\u00e3os que v\u00e3o compor nossa fraternidade de agora em diante. O primeiro deles, Frei Jos\u00e9 Luiz Alves, que vem do Convento de Santo Ant\u00f4nio. O Frei Jos\u00e9 n\u00e3o tem estola, significa que ele n\u00e3o vai rezar missa para n\u00f3s e conosco. Ele \u00e9 um religioso, frade, como n\u00f3s, mas n\u00e3o ordenado padre. Estar\u00e1 nos ajudando nos mais diversos servi\u00e7os e atividades sociais da Par\u00f3quia. Outro frade que vai compor nossa fraternidade ser\u00e1 o Frei Ivo M\u00fcller, de Petr\u00f3polis. Bem-vindo ao Frei Ivo! Ele tamb\u00e9m continuar\u00e1, em algum momento, com o seu servi\u00e7o como professor em Petr\u00f3polis, mas estar\u00e1 se dedicando integralmente \u00e0 nossa comunidade. Estamos, com muita alegria, acolhendo os nossos irm\u00e3os. Ent\u00e3o, Frei Jos\u00e9, Frei Ivo, Frei S\u00e9rgio e eu (Frei Sal\u00e9sio) formamos a Fraternidade da Porci\u00fancula a tocar a vida daqui pra frente e, sobretudo, fazermos mais uma vez estas duplas experi\u00eancias: experi\u00eancia de come\u00e7ar, porque cada vez que n\u00f3s temos o cap\u00edtulo, temos que come\u00e7ar tudo de novo, cada um com seu jeito, mas \u00e9 um novo come\u00e7o. E por outro lado tamb\u00e9m, recome\u00e7ar o nosso servi\u00e7o\u201d.<\/p>\n<p>A presen\u00e7a do Vig\u00e1rio Provincial Frei Gustavo Medella e de Frei Roger tamb\u00e9m foi destaque na apresenta\u00e7\u00e3o do in\u00edcio da Celebra\u00e7\u00e3o. \u201cN\u00f3s temos alguns frades visitantes, Frei Gustavo Medella, que est\u00e1 residindo no Convento Santo Ant\u00f4nio, no Largo da Carioca. O Frei Gustavo \u00e9 uma pe\u00e7a importante da nossa vida como Prov\u00edncia. Agradecemos pela presen\u00e7a. Outro frade que est\u00e1 aqui conosco e reside no Convento Santo Ant\u00f4nio, que foi para l\u00e1 depois que deixou muita saudade por aqui, o Frei R\u00f3ger. Outro frade que tamb\u00e9m est\u00e1 aqui hoje \u00e9 o Frei Alan, finalizando os preparativos para sua ordena\u00e7\u00e3o sacerdotal, que acontecer\u00e1 em junho, em Petr\u00f3polis. Ele hoje est\u00e1 aqui como di\u00e1cono. Obrigado a todos pela presen\u00e7a e pela alegria que nos proporcionam.\u201d<\/p>\n<p><img loading=\"lazy\" class=\"alignnone size-full wp-image-236601\" src=\"https:\/\/franciscanos.org.br\/noticias\/wp-content\/uploads\/2022\/02\/niteroi_03.jpg\" alt=\"\" width=\"1205\" height=\"661\" srcset=\"https:\/\/franciscanos.org.br\/noticias\/wp-content\/uploads\/2022\/02\/niteroi_03.jpg 1205w, https:\/\/franciscanos.org.br\/noticias\/wp-content\/uploads\/2022\/02\/niteroi_03-450x247.jpg 450w, https:\/\/franciscanos.org.br\/noticias\/wp-content\/uploads\/2022\/02\/niteroi_03-1024x562.jpg 1024w, https:\/\/franciscanos.org.br\/noticias\/wp-content\/uploads\/2022\/02\/niteroi_03-768x421.jpg 768w, https:\/\/franciscanos.org.br\/noticias\/wp-content\/uploads\/2022\/02\/niteroi_03-150x82.jpg 150w\" sizes=\"(max-width: 1205px) 100vw, 1205px\" \/><\/p>\n<p>Ap\u00f3s o momento de agradecimentos e apresenta\u00e7\u00f5es, a missa foi iniciada por Frei S\u00e9rgio. Durante sua homilia, ele falou sobre as bem-aventuran\u00e7as, tema do evangelho e a vida religiosa. \u201cH\u00e1 uns 20 dias, na Bas\u00edlica de Aparecida, celebrava junto com meus colegas de turma, entre eles, o Bispo de Osasco, Dom Jo\u00e3o Bosco. Ele dizia algumas palavras que me impressionaram e hoje me dou a liberdade de reproduzi-las: o mais importante na minha vida \u00e9 ser frade, h\u00e1 50 anos deixei o mundo e jurei os votos. Depois estudei, para me tornar sacerdote, mas minha voca\u00e7\u00e3o em primeiro lugar, n\u00e3o \u00e9 sacerdotal \u00e9 ser Religioso Consagrado Franciscano. Aqui foram apresentados alguns frades. Frades que optaram em ser frades, que \u00e9 o principal para n\u00f3s, a nossa voca\u00e7\u00e3o \u00e9 ser frade. Agrade\u00e7o a deus por ser franciscano, por essa fam\u00edlia\u201d.<\/p>\n<p>No final da Celebra\u00e7\u00e3o, Frei Sal\u00e9sio agradeceu a presen\u00e7a de cada pessoa da par\u00f3quia. Frei Gustavo Medella convidou os Frades da Porci\u00fancula, da Nova Fraternidade que se apresentassem diante da comunidade. Agradeceu a comunidade pela paci\u00eancia, carinho, generosidade que sempre acolhe a miss\u00e3o de evangelizar.<\/p>\n<hr \/>\n<p><em>Larissa Rodrigues<\/em><\/p>\n","protected":false},"excerpt":{"rendered":"<p>Par\u00f3quia Porci\u00fancula de Sant&#8217;Ana<\/p>\n","protected":false},"author":3,"featured_media":236599,"comment_status":"open","ping_status":"open","sticky":false,"template":"","format":"standard","meta":[],"categories":[1],"tags":[1842],"acf":[],"yoast_head":"<!-- This site is optimized with the Yoast SEO plugin v19.2 - https:\/\/yoast.com\/wordpress\/plugins\/seo\/ -->\n<title>Missa de apresenta\u00e7\u00e3o da nova Fraternidade da Porci\u00fancula - Not\u00edcias - Franciscanos<\/title>\n<meta name=\"robots\" content=\"index, follow, max-snippet:-1, max-image-preview:large, max-video-preview:-1\" \/>\n<link rel=\"canonical\" href=\"https:\/\/franciscanos.org.br\/noticias\/missa-de-apresentacao-da-nova-fraternidade-da-porciuncula.html\" \/>\n<meta property=\"og:locale\" content=\"pt_BR\" \/>\n<meta property=\"og:type\" content=\"article\" \/>\n<meta property=\"og:title\" content=\"Missa de apresenta\u00e7\u00e3o da nova Fraternidade da Porci\u00fancula - Not\u00edcias - Franciscanos\" \/>\n<meta property=\"og:description\" content=\"Par\u00f3quia Porci\u00fancula de Sant&#039;Ana\" \/>\n<meta property=\"og:url\" content=\"https:\/\/franciscanos.org.br\/noticias\/missa-de-apresentacao-da-nova-fraternidade-da-porciuncula.html\" \/>\n<meta property=\"og:site_name\" content=\"Not\u00edcias - Franciscanos\" \/>\n<meta property=\"article:published_time\" content=\"2022-02-15T21:54:19+00:00\" \/>\n<meta property=\"article:modified_time\" content=\"2022-02-15T21:54:29+00:00\" \/>\n<meta property=\"og:image\" content=\"https:\/\/franciscanos.org.br\/noticias\/wp-content\/uploads\/2022\/02\/niteroi_02.jpg\" \/>\n\t<meta property=\"og:image:width\" content=\"1205\" \/>\n\t<meta property=\"og:image:height\" content=\"697\" \/>\n\t<meta property=\"og:image:type\" content=\"image\/jpeg\" \/>\n<meta name=\"author\" content=\"moacir\" \/>\n<meta name=\"twitter:card\" content=\"summary_large_image\" \/>\n<meta name=\"twitter:label1\" content=\"Escrito por\" \/>\n\t<meta name=\"twitter:data1\" content=\"moacir\" \/>\n\t<meta name=\"twitter:label2\" content=\"Est. tempo de leitura\" \/>\n\t<meta name=\"twitter:data2\" content=\"4 minutos\" \/>\n<script type=\"application\/ld+json\" class=\"yoast-schema-graph\">{\"@context\":\"https:\/\/schema.org\",\"@graph\":[{\"@type\":\"WebSite\",\"@id\":\"https:\/\/franciscanos.org.br\/noticias\/#website\",\"url\":\"https:\/\/franciscanos.org.br\/noticias\/\",\"name\":\"Not\u00edcias - Franciscanos\",\"description\":\"Prov\u00edncia Franciscana da Imaculada Concei\u00e7\u00e3o do Brasil - Ordem dos Frades Menores - OFM\",\"potentialAction\":[{\"@type\":\"SearchAction\",\"target\":{\"@type\":\"EntryPoint\",\"urlTemplate\":\"https:\/\/franciscanos.org.br\/noticias\/?s={search_term_string}\"},\"query-input\":\"required name=search_term_string\"}],\"inLanguage\":\"pt-BR\"},{\"@type\":\"ImageObject\",\"inLanguage\":\"pt-BR\",\"@id\":\"https:\/\/franciscanos.org.br\/noticias\/missa-de-apresentacao-da-nova-fraternidade-da-porciuncula.html#primaryimage\",\"url\":\"https:\/\/franciscanos.org.br\/noticias\/wp-content\/uploads\/2022\/02\/niteroi_02.jpg\",\"contentUrl\":\"https:\/\/franciscanos.org.br\/noticias\/wp-content\/uploads\/2022\/02\/niteroi_02.jpg\",\"width\":1205,\"height\":697},{\"@type\":\"WebPage\",\"@id\":\"https:\/\/franciscanos.org.br\/noticias\/missa-de-apresentacao-da-nova-fraternidade-da-porciuncula.html#webpage\",\"url\":\"https:\/\/franciscanos.org.br\/noticias\/missa-de-apresentacao-da-nova-fraternidade-da-porciuncula.html\",\"name\":\"Missa de apresenta\u00e7\u00e3o da nova Fraternidade da Porci\u00fancula - Not\u00edcias - Franciscanos\",\"isPartOf\":{\"@id\":\"https:\/\/franciscanos.org.br\/noticias\/#website\"},\"primaryImageOfPage\":{\"@id\":\"https:\/\/franciscanos.org.br\/noticias\/missa-de-apresentacao-da-nova-fraternidade-da-porciuncula.html#primaryimage\"},\"datePublished\":\"2022-02-15T21:54:19+00:00\",\"dateModified\":\"2022-02-15T21:54:29+00:00\",\"author\":{\"@id\":\"https:\/\/franciscanos.org.br\/noticias\/#\/schema\/person\/b5c8cba458c330ccff548b056e95a5d4\"},\"breadcrumb\":{\"@id\":\"https:\/\/franciscanos.org.br\/noticias\/missa-de-apresentacao-da-nova-fraternidade-da-porciuncula.html#breadcrumb\"},\"inLanguage\":\"pt-BR\",\"potentialAction\":[{\"@type\":\"ReadAction\",\"target\":[\"https:\/\/franciscanos.org.br\/noticias\/missa-de-apresentacao-da-nova-fraternidade-da-porciuncula.html\"]}]},{\"@type\":\"BreadcrumbList\",\"@id\":\"https:\/\/franciscanos.org.br\/noticias\/missa-de-apresentacao-da-nova-fraternidade-da-porciuncula.html#breadcrumb\",\"itemListElement\":[{\"@type\":\"ListItem\",\"position\":1,\"name\":\"Home\",\"item\":\"https:\/\/franciscanos.org.br\/noticias\"},{\"@type\":\"ListItem\",\"position\":2,\"name\":\"Missa de apresenta\u00e7\u00e3o da nova Fraternidade da Porci\u00fancula\"}]},{\"@type\":\"Person\",\"@id\":\"https:\/\/franciscanos.org.br\/noticias\/#\/schema\/person\/b5c8cba458c330ccff548b056e95a5d4\",\"name\":\"moacir\",\"image\":{\"@type\":\"ImageObject\",\"inLanguage\":\"pt-BR\",\"@id\":\"https:\/\/franciscanos.org.br\/noticias\/#\/schema\/person\/image\/\",\"url\":\"https:\/\/secure.gravatar.com\/avatar\/d08aa2ce4c8dd416d4479aa8536fcf64?s=96&d=mm&r=g\",\"contentUrl\":\"https:\/\/secure.gravatar.com\/avatar\/d08aa2ce4c8dd416d4479aa8536fcf64?s=96&d=mm&r=g\",\"caption\":\"moacir\"},\"url\":\"https:\/\/franciscanos.org.br\/noticias\/author\/moacir\"}]}<\/script>\n<!-- \/ Yoast SEO plugin. -->","yoast_head_json":{"title":"Missa de apresenta\u00e7\u00e3o da nova Fraternidade da Porci\u00fancula - Not\u00edcias - Franciscanos","robots":{"index":"index","follow":"follow","max-snippet":"max-snippet:-1","max-image-preview":"max-image-preview:large","max-video-preview":"max-video-preview:-1"},"canonical":"https:\/\/franciscanos.org.br\/noticias\/missa-de-apresentacao-da-nova-fraternidade-da-porciuncula.html","og_locale":"pt_BR","og_type":"article","og_title":"Missa de apresenta\u00e7\u00e3o da nova Fraternidade da Porci\u00fancula - Not\u00edcias - Franciscanos","og_description":"Par\u00f3quia Porci\u00fancula de Sant'Ana","og_url":"https:\/\/franciscanos.org.br\/noticias\/missa-de-apresentacao-da-nova-fraternidade-da-porciuncula.html","og_site_name":"Not\u00edcias - Franciscanos","article_published_time":"2022-02-15T21:54:19+00:00","article_modified_time":"2022-02-15T21:54:29+00:00","og_image":[{"width":1205,"height":697,"url":"https:\/\/franciscanos.org.br\/noticias\/wp-content\/uploads\/2022\/02\/niteroi_02.jpg","type":"image\/jpeg"}],"author":"moacir","twitter_card":"summary_large_image","twitter_misc":{"Escrito por":"moacir","Est. tempo de leitura":"4 minutos"},"schema":{"@context":"https:\/\/schema.org","@graph":[{"@type":"WebSite","@id":"https:\/\/franciscanos.org.br\/noticias\/#website","url":"https:\/\/franciscanos.org.br\/noticias\/","name":"Not\u00edcias - Franciscanos","description":"Prov\u00edncia Franciscana da Imaculada Concei\u00e7\u00e3o do Brasil - Ordem dos Frades Menores - OFM","potentialAction":[{"@type":"SearchAction","target":{"@type":"EntryPoint","urlTemplate":"https:\/\/franciscanos.org.br\/noticias\/?s={search_term_string}"},"query-input":"required name=search_term_string"}],"inLanguage":"pt-BR"},{"@type":"ImageObject","inLanguage":"pt-BR","@id":"https:\/\/franciscanos.org.br\/noticias\/missa-de-apresentacao-da-nova-fraternidade-da-porciuncula.html#primaryimage","url":"https:\/\/franciscanos.org.br\/noticias\/wp-content\/uploads\/2022\/02\/niteroi_02.jpg","contentUrl":"https:\/\/franciscanos.org.br\/noticias\/wp-content\/uploads\/2022\/02\/niteroi_02.jpg","width":1205,"height":697},{"@type":"WebPage","@id":"https:\/\/franciscanos.org.br\/noticias\/missa-de-apresentacao-da-nova-fraternidade-da-porciuncula.html#webpage","url":"https:\/\/franciscanos.org.br\/noticias\/missa-de-apresentacao-da-nova-fraternidade-da-porciuncula.html","name":"Missa de apresenta\u00e7\u00e3o da nova Fraternidade da Porci\u00fancula - Not\u00edcias - Franciscanos","isPartOf":{"@id":"https:\/\/franciscanos.org.br\/noticias\/#website"},"primaryImageOfPage":{"@id":"https:\/\/franciscanos.org.br\/noticias\/missa-de-apresentacao-da-nova-fraternidade-da-porciuncula.html#primaryimage"},"datePublished":"2022-02-15T21:54:19+00:00","dateModified":"2022-02-15T21:54:29+00:00","author":{"@id":"https:\/\/franciscanos.org.br\/noticias\/#\/schema\/person\/b5c8cba458c330ccff548b056e95a5d4"},"breadcrumb":{"@id":"https:\/\/franciscanos.org.br\/noticias\/missa-de-apresentacao-da-nova-fraternidade-da-porciuncula.html#breadcrumb"},"inLanguage":"pt-BR","potentialAction":[{"@type":"ReadAction","target":["https:\/\/franciscanos.org.br\/noticias\/missa-de-apresentacao-da-nova-fraternidade-da-porciuncula.html"]}]},{"@type":"BreadcrumbList","@id":"https:\/\/franciscanos.org.br\/noticias\/missa-de-apresentacao-da-nova-fraternidade-da-porciuncula.html#breadcrumb","itemListElement":[{"@type":"ListItem","position":1,"name":"Home","item":"https:\/\/franciscanos.org.br\/noticias"},{"@type":"ListItem","position":2,"name":"Missa de apresenta\u00e7\u00e3o da nova Fraternidade da Porci\u00fancula"}]},{"@type":"Person","@id":"https:\/\/franciscanos.org.br\/noticias\/#\/schema\/person\/b5c8cba458c330ccff548b056e95a5d4","name":"moacir","image":{"@type":"ImageObject","inLanguage":"pt-BR","@id":"https:\/\/franciscanos.org.br\/noticias\/#\/schema\/person\/image\/","url":"https:\/\/secure.gravatar.com\/avatar\/d08aa2ce4c8dd416d4479aa8536fcf64?s=96&d=mm&r=g","contentUrl":"https:\/\/secure.gravatar.com\/avatar\/d08aa2ce4c8dd416d4479aa8536fcf64?s=96&d=mm&r=g","caption":"moacir"},"url":"https:\/\/franciscanos.org.br\/noticias\/author\/moacir"}]}},"_links":{"self":[{"href":"https:\/\/franciscanos.org.br\/noticias\/wp-json\/wp\/v2\/posts\/236598"}],"collection":[{"href":"https:\/\/franciscanos.org.br\/noticias\/wp-json\/wp\/v2\/posts"}],"about":[{"href":"https:\/\/franciscanos.org.br\/noticias\/wp-json\/wp\/v2\/types\/post"}],"author":[{"embeddable":true,"href":"https:\/\/franciscanos.org.br\/noticias\/wp-json\/wp\/v2\/users\/3"}],"replies":[{"embeddable":true,"href":"https:\/\/franciscanos.org.br\/noticias\/wp-json\/wp\/v2\/comments?post=236598"}],"version-history":[{"count":1,"href":"https:\/\/franciscanos.org.br\/noticias\/wp-json\/wp\/v2\/posts\/236598\/revisions"}],"predecessor-version":[{"id":236602,"href":"https:\/\/franciscanos.org.br\/noticias\/wp-json\/wp\/v2\/posts\/236598\/revisions\/236602"}],"wp:featuredmedia":[{"embeddable":true,"href":"https:\/\/franciscanos.org.br\/noticias\/wp-json\/wp\/v2\/media\/236599"}],"wp:attachment":[{"href":"https:\/\/franciscanos.org.br\/noticias\/wp-json\/wp\/v2\/media?parent=236598"}],"wp:term":[{"taxonomy":"category","embeddable":true,"href":"https:\/\/franciscanos.org.br\/noticias\/wp-json\/wp\/v2\/categories?post=236598"},{"taxonomy":"post_tag","embeddable":true,"href":"https:\/\/franciscanos.org.br\/noticias\/wp-json\/wp\/v2\/tags?post=236598"}],"curies":[{"name":"wp","href":"https:\/\/api.w.org\/{rel}","templated":true}]}}