{"id":236586,"date":"2022-02-15T09:33:55","date_gmt":"2022-02-15T12:33:55","guid":{"rendered":"https:\/\/franciscanos.org.br\/noticias\/?p=236586"},"modified":"2022-02-15T13:40:27","modified_gmt":"2022-02-15T16:40:27","slug":"frei-pedro-toma-posse-como-paroco-em-gaspar","status":"publish","type":"post","link":"https:\/\/franciscanos.org.br\/noticias\/frei-pedro-toma-posse-como-paroco-em-gaspar.html","title":{"rendered":"Frei Pedro toma posse como p\u00e1roco em Gaspar"},"content":{"rendered":"<p><img loading=\"lazy\" class=\"alignnone size-full wp-image-236587\" src=\"https:\/\/franciscanos.org.br\/noticias\/wp-content\/uploads\/2022\/02\/pedro_01.jpg\" alt=\"\" width=\"1280\" height=\"720\" srcset=\"https:\/\/franciscanos.org.br\/noticias\/wp-content\/uploads\/2022\/02\/pedro_01.jpg 1280w, https:\/\/franciscanos.org.br\/noticias\/wp-content\/uploads\/2022\/02\/pedro_01-450x253.jpg 450w, https:\/\/franciscanos.org.br\/noticias\/wp-content\/uploads\/2022\/02\/pedro_01-1024x576.jpg 1024w, https:\/\/franciscanos.org.br\/noticias\/wp-content\/uploads\/2022\/02\/pedro_01-768x432.jpg 768w, https:\/\/franciscanos.org.br\/noticias\/wp-content\/uploads\/2022\/02\/pedro_01-150x84.jpg 150w\" sizes=\"(max-width: 1280px) 100vw, 1280px\" \/><\/p>\n<p><strong>Gaspar (SC)<\/strong> &#8211; Frei Pedro da Silva tomou posse como p\u00e1roco da Par\u00f3quia S\u00e3o Pedro Ap\u00f3stolo de Gaspar no domingo (6\/2), durante a Celebra\u00e7\u00e3o Eucar\u00edstica, \u00e0s 8 horas, presidida pelo bispo diocesano de Blumenau, Dom Rafael Bienarski. Nesta Missa tamb\u00e9m foi acolhido o di\u00e1cono Frei Jhones Lucas Martins, que ser\u00e1 ordenado presb\u00edtero no pr\u00f3ximo dia 26 de mar\u00e7o, em Macatuba (SP).<\/p>\n<p>A majestosa igreja de Gaspar lotou para acolher o novo p\u00e1roco. Foi nesta igreja que Frei Pedro deu in\u00edcio \u00e0 sua forma\u00e7\u00e3o religiosa, quando, como candidato, foi orientado por Frei Godofredo Sieber, o frade construtor da bela Igreja Matriz.<\/p>\n<p>Frei Pedro nasceu no dia 10 de dezembro de 1953, em Ilhota, SC. Ingressou no Noviciado de Rodeio em 20 de janeiro de 1977 e professou solenemente na Ordem dos Frades Menores em 1\u00ba de agosto de 1981. Foi ordenado presb\u00edtero no dia 12 de novembro de 1983.<\/p>\n<p>Dom Rafael explicou didaticamente todas as exig\u00eancias can\u00f4nicas no rito de tomada de posse, que come\u00e7ou com a leitura do decreto de nomea\u00e7\u00e3o do p\u00e1roco e, na sequ\u00eancia, Frei Pedro fez a Profiss\u00e3o F\u00e9. Antes de proclamar o Evangelho, Frei Pedro recebeu do bispo o Livro dos Evangelhos, uma vez que \u00e9 seu dever anunciar a Palavra de Deus a todas as pessoas, sem distin\u00e7\u00e3o. \u201cRecebe o Evangelho de Cristo, do qual foste constitu\u00eddo mensageiro. Transforma em f\u00e9 viva o que l\u00eas, ensina aquilo que cr\u00eas e procura realizar o que ensinas\u201d, rezou Dom Rafael.<\/p>\n<p><img loading=\"lazy\" class=\"alignnone wp-image-236588 size-full\" src=\"https:\/\/franciscanos.org.br\/noticias\/wp-content\/uploads\/2022\/02\/pedro_07.jpg\" alt=\"\" width=\"1032\" height=\"1080\" srcset=\"https:\/\/franciscanos.org.br\/noticias\/wp-content\/uploads\/2022\/02\/pedro_07.jpg 1032w, https:\/\/franciscanos.org.br\/noticias\/wp-content\/uploads\/2022\/02\/pedro_07-430x450.jpg 430w, https:\/\/franciscanos.org.br\/noticias\/wp-content\/uploads\/2022\/02\/pedro_07-978x1024.jpg 978w, https:\/\/franciscanos.org.br\/noticias\/wp-content\/uploads\/2022\/02\/pedro_07-768x804.jpg 768w, https:\/\/franciscanos.org.br\/noticias\/wp-content\/uploads\/2022\/02\/pedro_07-150x157.jpg 150w\" sizes=\"(max-width: 1032px) 100vw, 1032px\" \/><\/p>\n<p>Na continua\u00e7\u00e3o do rito, depois da homilia, Dom Rafael entregou as chaves da igreja. &#8220;A igreja \u00e9 a Igreja viva, as pessoas vivas, que constru\u00edram esta casa, onde as pessoas se re\u00fanem no amor de Deus. Esta casa, Frei Pedro, voc\u00ea vai cuidar, vai abrir a porta, para que esta Igreja viva se encontre e se re\u00fana com o Senhor. Depois, eles s\u00e3o enviados como o Evangelho pede&#8221;, disse o bispo.<\/p>\n<p>Em seguida, D. Rafael entregou a chave do Sacr\u00e1rio. &#8220;No p\u00e3o est\u00e1 todo o amor de Deus e n\u00f3s comungamos a Eucaristia, a\u00e7\u00e3o de gra\u00e7as do amor de Deus por n\u00f3s&#8221;, disse o bispo, pedindo a Frei Pedro que, ao abrir o Sacr\u00e1rio, apresentasse a Jesus as 16 comunidades desta Par\u00f3quia. &#8220;Mostre a Jesus que no seu cora\u00e7\u00e3o est\u00e1 o grande amor&#8221;, acrescentou.<\/p>\n<p>Na \u00e1gua do Batismo entregue ao novo p\u00e1roco, D. Rafael explicou que significa todos os sacramentos. &#8220;N\u00f3s nascemos da \u00e1gua do seio de nossa m\u00e3e. E pela \u00e1gua somos inserdos no mist\u00e9rio de Deus&#8221;, disse. O bispo tamb\u00e9m entregou o Evangeli\u00e1rio &#8220;para que todos tenham acesso amor de Deus pela Palavra&#8221;.<\/p>\n<p>Por \u00faltimo, entregou a Imagem de Deus: Jesus crucificado. &#8220;Ningu\u00e9m est\u00e1 exclu\u00eddo da miseric\u00f3rdia e do amor de Deus. Deus cr\u00ea no homem e perdoa todos os pecados. Frei Pedro, anuncie com amor esse mist\u00e9rio de Deus sobre n\u00f3s. Acolha a cruz de Cristo&#8221;, disse.<\/p>\n<p><img loading=\"lazy\" class=\"alignnone wp-image-236589 size-full\" src=\"https:\/\/franciscanos.org.br\/noticias\/wp-content\/uploads\/2022\/02\/pedro_06.jpg\" alt=\"\" width=\"1280\" height=\"853\" srcset=\"https:\/\/franciscanos.org.br\/noticias\/wp-content\/uploads\/2022\/02\/pedro_06.jpg 1280w, https:\/\/franciscanos.org.br\/noticias\/wp-content\/uploads\/2022\/02\/pedro_06-450x300.jpg 450w, https:\/\/franciscanos.org.br\/noticias\/wp-content\/uploads\/2022\/02\/pedro_06-1024x682.jpg 1024w, https:\/\/franciscanos.org.br\/noticias\/wp-content\/uploads\/2022\/02\/pedro_06-768x512.jpg 768w, https:\/\/franciscanos.org.br\/noticias\/wp-content\/uploads\/2022\/02\/pedro_06-150x100.jpg 150w\" sizes=\"(max-width: 1280px) 100vw, 1280px\" \/><\/p>\n<p><strong>DEVERES E DIREITOS <\/strong><\/p>\n<p>O bispo explicou a Frei Pedro que ele ter\u00e1 para com a comunidade deveres e direitos. &#8220;Ter\u00e1 os deveres de celebrar os sacramentos, anunciar a Palavra, reunir este povo, conduzir este povo de Deus. Testemunhar o amor de Deuus. Voc\u00ea tamb\u00e9m ter\u00e1 direitos de ser cuidado, de ser alimentado, de ser ajudado para as obras. Querida comunidade, os srs. tamb\u00e9m t\u00eam direitos sobre o Frei e sobre o seu sacerd\u00f3cio, de serem cuidados, amados. Os srs. tamb\u00e9m t\u00eam deveres de ajud\u00e1-lo, cuid\u00e1-lo, de contribuir para que ele tenha tudo necess\u00e1rio, para que o mist\u00e9rio do amor de Deus passe sobre n\u00f3s&#8221;, orientou, lembrando que n\u00e3o existe comunidade perfeita e n\u00e3o existe p\u00e1roco perfeito: &#8220;Frei Pedro, eu n\u00e3o tenho uma comunidade perfeita. Eu tenho filhos e filhas amados e salvos. Esta \u00e9 a comunidade que voc\u00ea recebe. Comunidade, eu n\u00e3o tenho um frei perfeito. Tenho este frei amado no mist\u00e9rio de sua vida, que \u00e9 o transmissor de todo o amor de Deus&#8221;, disse, convidando o novo p\u00e1roco a renovar as promessas sacerdotais. &#8220;No dia de sua ordena\u00e7\u00e3o sacerdotal, voc\u00ea prometeu fidelidade e amor, agora tamb\u00e9m o far\u00e1&#8221;, explicou.<\/p>\n<p>E Frei Pedro foi declarado p\u00e1roco da Par\u00f3quia S\u00e3o Pedro de Gaspar. Em seguida, Frei Pedro fez a profiss\u00e3o de fidelidade, prometendo e obedecendo todas as normas da Igreja.<\/p>\n<p><img loading=\"lazy\" class=\"alignnone size-full wp-image-236590\" src=\"https:\/\/franciscanos.org.br\/noticias\/wp-content\/uploads\/2022\/02\/pedro_03.jpg\" alt=\"\" width=\"1280\" height=\"853\" srcset=\"https:\/\/franciscanos.org.br\/noticias\/wp-content\/uploads\/2022\/02\/pedro_03.jpg 1280w, https:\/\/franciscanos.org.br\/noticias\/wp-content\/uploads\/2022\/02\/pedro_03-450x300.jpg 450w, https:\/\/franciscanos.org.br\/noticias\/wp-content\/uploads\/2022\/02\/pedro_03-1024x682.jpg 1024w, https:\/\/franciscanos.org.br\/noticias\/wp-content\/uploads\/2022\/02\/pedro_03-768x512.jpg 768w, https:\/\/franciscanos.org.br\/noticias\/wp-content\/uploads\/2022\/02\/pedro_03-150x100.jpg 150w\" sizes=\"(max-width: 1280px) 100vw, 1280px\" \/><\/p>\n<p>A paroquiana Roseli falou em nome da comunidade. &#8220;\u00c9 com muita alegria que a Par\u00f3quia S\u00e3o Pedro acolhe o nosso novo p\u00e1roco, Frei Pedro da Silva, assim como o di\u00e1cono Frei Jhones Lucas Martins&#8221;, disse. Ent\u00e3o, ela leu uma pequena biografia de Frei Jhones, que \u00e9 natural de Macatuba (SP), onde nasceu no dia 6 de abril de 1990. Filho de Donizetti Martins e Maria Aparecida dos Santos Martins, possui 2 irm\u00e3os. Ingressou no Semin\u00e1rio S\u00e3o Francisco de Assis em Ituporanga (SC) em 2010 e vestiu o h\u00e1bito franciscano em 2012. Em 2013 fez sua 1\u00aa profiss\u00e3o em Rodeio (SC). Entre 2013 e 2015, cursou Filosofia na FAE-Centro Universit\u00e1rio de Curitiba (PR). Viveu o ano Mission\u00e1rio em Quibala-Angola no ano de 2016. Fez a Profiss\u00e3o Solene no dia 15 de setembro de 2018 e concluiu os estudos de Teologia em 2020 no ITF- Instituto Franciscano de Petr\u00f3polis (RJ). Foi ordenado di\u00e1cono no dia 19 de dezembro de 2020.<\/p>\n<p>&#8220;Frei Pedro \u00e9 natural de Ilhota, da Comunidade do Alto Ba\u00fa. Em 20 de janeiro de 1978, no Noviciado de Rodeio, recebe o h\u00e1bito franciscano e l\u00e1 se v\u00e3o 44 anos de vida religiosa e 38 anos de sacerd\u00f3cio, dedicados \u00e0 forma\u00e7\u00e3o de seminaristas, a anima\u00e7\u00e3o vocacional, a evangeliza\u00e7\u00e3o em tantas par\u00f3quias por onde j\u00e1 passou. \u00c9 um apreciador da m\u00fasica, e como ele diz: &#8216;Eu cultivo a m\u00fasica como forma de colocar \u00e0 disposi\u00e7\u00e3o os dons que recebi de Deus&#8217;. Frei Pedro recebeu uma inspira\u00e7\u00e3o muito forte de Frei Godofredo, um homem de Deus que foi p\u00e1roco em Gaspar em duas oportunidades. Temos certeza que voc\u00ea ser\u00e1 membro em cada fam\u00edlia gasparense. Compartilhar\u00e1 conosco todos os sofrimentos e alegrias, cuidar\u00e1 de n\u00f3s como pastor que cuida e conhece cada ovelha de seu rebanho. Hoje, rendemos gra\u00e7as a Deus por podermos contar com a presen\u00e7a dos rec\u00e9m-chegados, Frei Pedro e Frei Jhones, assim como Frei Aldo, que formam a Fraternidade S\u00e3o Jos\u00e9. N\u00f3s os abra\u00e7amos e os recebemos com muito amor. Nos colocamos \u00e0 disposi\u00e7\u00e3o da Igreja de Cristo para auxiliar nesta miss\u00e3o. Oferecemos aos srs. o nosso carinho, a amizade e a disponibilidade no dia a dia da vida comunit\u00e1ria. Sejam todos bem-vindos&#8221;, homenageou Roseli.<\/p>\n<p><img loading=\"lazy\" class=\"alignnone size-full wp-image-236591\" src=\"https:\/\/franciscanos.org.br\/noticias\/wp-content\/uploads\/2022\/02\/pedro_04.jpg\" alt=\"\" width=\"1280\" height=\"853\" srcset=\"https:\/\/franciscanos.org.br\/noticias\/wp-content\/uploads\/2022\/02\/pedro_04.jpg 1280w, https:\/\/franciscanos.org.br\/noticias\/wp-content\/uploads\/2022\/02\/pedro_04-450x300.jpg 450w, https:\/\/franciscanos.org.br\/noticias\/wp-content\/uploads\/2022\/02\/pedro_04-1024x682.jpg 1024w, https:\/\/franciscanos.org.br\/noticias\/wp-content\/uploads\/2022\/02\/pedro_04-768x512.jpg 768w, https:\/\/franciscanos.org.br\/noticias\/wp-content\/uploads\/2022\/02\/pedro_04-150x100.jpg 150w\" sizes=\"(max-width: 1280px) 100vw, 1280px\" \/><\/p>\n<p><strong>O COME\u00c7O EM GASPAR<\/strong><\/p>\n<p>&#8220;&#8216;Que poderei retribuir ao Senhor Deus, por tudo aquilo que ele fez em meu favor?&#8217; Com esta ora\u00e7\u00e3o profunda do salmista b\u00edblico, fa\u00e7o hoje, nesta manh\u00e3, minha ora\u00e7\u00e3o de gratid\u00e3o. O Senhor Deus que me deu a vida, me escolheu, me enviou e me conduziu at\u00e9 aqui, neste altar, onde h\u00e1 56 anos eu partia para o semin\u00e1rio. Na \u00e9poca, com 12 anos, acompanhado do meu falecido pai e do meu irm\u00e3o g\u00eameo Jos\u00e9, n\u00f3s fomos acolhidos pelo t\u00e3o venerando e muito saudoso Frei Godofredo. Foi ele quem me orientou e me levou para o Semin\u00e1rio S\u00e3o Francisco de Assis, em Ituporanga, onde iniciei a minha caminhada formativa. Permitam-me, neste momento, render gratid\u00e3o a este homem de Deus, que marcou n\u00e3o s\u00f3 a minha vida, minha hist\u00f3ria, mas a de todo o povo gasparense de todos os tempos&#8221;, contou o novo p\u00e1roco.<\/p>\n<p>&#8220;Esta majestosa Igreja, com sua beleza arquitet\u00f4nica, traz n\u00e3o s\u00f3 a sua lembran\u00e7a e mem\u00f3ria, mas as dimens\u00f5es e a grandeza da f\u00e9 e do cora\u00e7\u00e3o deste povo. Quando l\u00e1, em 1983, celebrava a primeira Missa na querida comunidade do Alto Ba\u00fa, Frei Godofredo, n\u00e3o podendo estar presente &#8211; residia em Petr\u00f3polis -, em vista de sua idade e do seu estado de sa\u00fade, fazia chegar at\u00e9 mim esta pequenina lembran\u00e7a, um marca-p\u00e1gina, por ele mesmo confeccionado, muito simples. Agora, j\u00e1 amarelado pelo tempo, mas guardado com muito carinho (emociona-se), no qual ele mesmo desenhara uma espiga de trigo e no verso escreveu os seguintes dizeres: &#8216;Seja um trigo de Cristo&#8217;. Entendi sua mensagem e aqui est\u00e1 delineada a minha grande miss\u00e3o: Ser um trigo de Cristo&#8221;, recordou Frei Pedro.<\/p>\n<p>&#8220;E hoje, diante dos irm\u00e3os e do povo de Deus, renovo o meu prop\u00f3sito e pe\u00e7o a gra\u00e7a de Deus de ser fiel at\u00e9 o fim&#8221;, agradecendo a Dom Rafael: &#8220;Sua proximidade me enche de coragem&#8221;.<\/p>\n<p><img loading=\"lazy\" class=\"alignnone size-full wp-image-236592\" src=\"https:\/\/franciscanos.org.br\/noticias\/wp-content\/uploads\/2022\/02\/pedro_05.jpg\" alt=\"\" width=\"1280\" height=\"761\" srcset=\"https:\/\/franciscanos.org.br\/noticias\/wp-content\/uploads\/2022\/02\/pedro_05.jpg 1280w, https:\/\/franciscanos.org.br\/noticias\/wp-content\/uploads\/2022\/02\/pedro_05-450x268.jpg 450w, https:\/\/franciscanos.org.br\/noticias\/wp-content\/uploads\/2022\/02\/pedro_05-1024x609.jpg 1024w, https:\/\/franciscanos.org.br\/noticias\/wp-content\/uploads\/2022\/02\/pedro_05-768x457.jpg 768w, https:\/\/franciscanos.org.br\/noticias\/wp-content\/uploads\/2022\/02\/pedro_05-150x89.jpg 150w\" sizes=\"(max-width: 1280px) 100vw, 1280px\" \/><\/p>\n<p>Nos seus agradecimentos destacou a import\u00e2ncia da Fraternidade, dos familiares, e do povo de Deus: &#8220;Voc\u00eas s\u00e3o a raz\u00e3o e o sentido da minha consagra\u00e7\u00e3o como religioso no minist\u00e9rio sacerdotal na Igreja&#8221;, disse.<\/p>\n<p>Dom Rafael agradeceu a Frei Pedro. &#8220;Somos gratos a Deus por sua presen\u00e7a aqui. Gratid\u00e3o a toda a equipe que ajudou nesta tomada de posse&#8221;, disse, dando a b\u00ean\u00e7\u00e3o final.<\/p>\n<hr \/>\n<p><em>Fotos: Par\u00f3quia S\u00e3o Pedro Ap\u00f3stolo de Gaspar (texto reda\u00e7\u00e3o Sede Provincial)<\/em><\/p>\n","protected":false},"excerpt":{"rendered":"<p>Par\u00f3quia S\u00e3o Pedro Ap\u00f3stolo de Gaspar<\/p>\n","protected":false},"author":3,"featured_media":236587,"comment_status":"open","ping_status":"open","sticky":false,"template":"","format":"standard","meta":[],"categories":[1],"tags":[1980],"acf":[],"yoast_head":"<!-- This site is optimized with the Yoast SEO plugin v19.2 - https:\/\/yoast.com\/wordpress\/plugins\/seo\/ -->\n<title>Frei Pedro toma posse como p\u00e1roco em Gaspar - Not\u00edcias - Franciscanos<\/title>\n<meta name=\"robots\" content=\"index, follow, max-snippet:-1, max-image-preview:large, max-video-preview:-1\" \/>\n<link rel=\"canonical\" href=\"https:\/\/franciscanos.org.br\/noticias\/frei-pedro-toma-posse-como-paroco-em-gaspar.html\" \/>\n<meta property=\"og:locale\" content=\"pt_BR\" \/>\n<meta property=\"og:type\" content=\"article\" \/>\n<meta property=\"og:title\" content=\"Frei Pedro toma posse como p\u00e1roco em Gaspar - Not\u00edcias - Franciscanos\" \/>\n<meta property=\"og:description\" content=\"Par\u00f3quia S\u00e3o Pedro Ap\u00f3stolo de Gaspar\" \/>\n<meta property=\"og:url\" content=\"https:\/\/franciscanos.org.br\/noticias\/frei-pedro-toma-posse-como-paroco-em-gaspar.html\" \/>\n<meta property=\"og:site_name\" content=\"Not\u00edcias - Franciscanos\" \/>\n<meta property=\"article:published_time\" content=\"2022-02-15T12:33:55+00:00\" \/>\n<meta property=\"article:modified_time\" content=\"2022-02-15T16:40:27+00:00\" \/>\n<meta property=\"og:image\" content=\"https:\/\/franciscanos.org.br\/noticias\/wp-content\/uploads\/2022\/02\/pedro_01.jpg\" \/>\n\t<meta property=\"og:image:width\" content=\"1280\" \/>\n\t<meta property=\"og:image:height\" content=\"720\" \/>\n\t<meta property=\"og:image:type\" content=\"image\/jpeg\" \/>\n<meta name=\"author\" content=\"moacir\" \/>\n<meta name=\"twitter:card\" content=\"summary_large_image\" \/>\n<meta name=\"twitter:label1\" content=\"Escrito por\" \/>\n\t<meta name=\"twitter:data1\" content=\"moacir\" \/>\n\t<meta name=\"twitter:label2\" content=\"Est. tempo de leitura\" \/>\n\t<meta name=\"twitter:data2\" content=\"8 minutos\" \/>\n<script type=\"application\/ld+json\" class=\"yoast-schema-graph\">{\"@context\":\"https:\/\/schema.org\",\"@graph\":[{\"@type\":\"WebSite\",\"@id\":\"https:\/\/franciscanos.org.br\/noticias\/#website\",\"url\":\"https:\/\/franciscanos.org.br\/noticias\/\",\"name\":\"Not\u00edcias - Franciscanos\",\"description\":\"Prov\u00edncia Franciscana da Imaculada Concei\u00e7\u00e3o do Brasil - Ordem dos Frades Menores - OFM\",\"potentialAction\":[{\"@type\":\"SearchAction\",\"target\":{\"@type\":\"EntryPoint\",\"urlTemplate\":\"https:\/\/franciscanos.org.br\/noticias\/?s={search_term_string}\"},\"query-input\":\"required name=search_term_string\"}],\"inLanguage\":\"pt-BR\"},{\"@type\":\"ImageObject\",\"inLanguage\":\"pt-BR\",\"@id\":\"https:\/\/franciscanos.org.br\/noticias\/frei-pedro-toma-posse-como-paroco-em-gaspar.html#primaryimage\",\"url\":\"https:\/\/franciscanos.org.br\/noticias\/wp-content\/uploads\/2022\/02\/pedro_01.jpg\",\"contentUrl\":\"https:\/\/franciscanos.org.br\/noticias\/wp-content\/uploads\/2022\/02\/pedro_01.jpg\",\"width\":1280,\"height\":720},{\"@type\":\"WebPage\",\"@id\":\"https:\/\/franciscanos.org.br\/noticias\/frei-pedro-toma-posse-como-paroco-em-gaspar.html#webpage\",\"url\":\"https:\/\/franciscanos.org.br\/noticias\/frei-pedro-toma-posse-como-paroco-em-gaspar.html\",\"name\":\"Frei Pedro toma posse como p\u00e1roco em Gaspar - Not\u00edcias - Franciscanos\",\"isPartOf\":{\"@id\":\"https:\/\/franciscanos.org.br\/noticias\/#website\"},\"primaryImageOfPage\":{\"@id\":\"https:\/\/franciscanos.org.br\/noticias\/frei-pedro-toma-posse-como-paroco-em-gaspar.html#primaryimage\"},\"datePublished\":\"2022-02-15T12:33:55+00:00\",\"dateModified\":\"2022-02-15T16:40:27+00:00\",\"author\":{\"@id\":\"https:\/\/franciscanos.org.br\/noticias\/#\/schema\/person\/b5c8cba458c330ccff548b056e95a5d4\"},\"breadcrumb\":{\"@id\":\"https:\/\/franciscanos.org.br\/noticias\/frei-pedro-toma-posse-como-paroco-em-gaspar.html#breadcrumb\"},\"inLanguage\":\"pt-BR\",\"potentialAction\":[{\"@type\":\"ReadAction\",\"target\":[\"https:\/\/franciscanos.org.br\/noticias\/frei-pedro-toma-posse-como-paroco-em-gaspar.html\"]}]},{\"@type\":\"BreadcrumbList\",\"@id\":\"https:\/\/franciscanos.org.br\/noticias\/frei-pedro-toma-posse-como-paroco-em-gaspar.html#breadcrumb\",\"itemListElement\":[{\"@type\":\"ListItem\",\"position\":1,\"name\":\"Home\",\"item\":\"https:\/\/franciscanos.org.br\/noticias\"},{\"@type\":\"ListItem\",\"position\":2,\"name\":\"Frei Pedro toma posse como p\u00e1roco em Gaspar\"}]},{\"@type\":\"Person\",\"@id\":\"https:\/\/franciscanos.org.br\/noticias\/#\/schema\/person\/b5c8cba458c330ccff548b056e95a5d4\",\"name\":\"moacir\",\"image\":{\"@type\":\"ImageObject\",\"inLanguage\":\"pt-BR\",\"@id\":\"https:\/\/franciscanos.org.br\/noticias\/#\/schema\/person\/image\/\",\"url\":\"https:\/\/secure.gravatar.com\/avatar\/d08aa2ce4c8dd416d4479aa8536fcf64?s=96&d=mm&r=g\",\"contentUrl\":\"https:\/\/secure.gravatar.com\/avatar\/d08aa2ce4c8dd416d4479aa8536fcf64?s=96&d=mm&r=g\",\"caption\":\"moacir\"},\"url\":\"https:\/\/franciscanos.org.br\/noticias\/author\/moacir\"}]}<\/script>\n<!-- \/ Yoast SEO plugin. -->","yoast_head_json":{"title":"Frei Pedro toma posse como p\u00e1roco em Gaspar - Not\u00edcias - Franciscanos","robots":{"index":"index","follow":"follow","max-snippet":"max-snippet:-1","max-image-preview":"max-image-preview:large","max-video-preview":"max-video-preview:-1"},"canonical":"https:\/\/franciscanos.org.br\/noticias\/frei-pedro-toma-posse-como-paroco-em-gaspar.html","og_locale":"pt_BR","og_type":"article","og_title":"Frei Pedro toma posse como p\u00e1roco em Gaspar - Not\u00edcias - Franciscanos","og_description":"Par\u00f3quia S\u00e3o Pedro Ap\u00f3stolo de Gaspar","og_url":"https:\/\/franciscanos.org.br\/noticias\/frei-pedro-toma-posse-como-paroco-em-gaspar.html","og_site_name":"Not\u00edcias - Franciscanos","article_published_time":"2022-02-15T12:33:55+00:00","article_modified_time":"2022-02-15T16:40:27+00:00","og_image":[{"width":1280,"height":720,"url":"https:\/\/franciscanos.org.br\/noticias\/wp-content\/uploads\/2022\/02\/pedro_01.jpg","type":"image\/jpeg"}],"author":"moacir","twitter_card":"summary_large_image","twitter_misc":{"Escrito por":"moacir","Est. tempo de leitura":"8 minutos"},"schema":{"@context":"https:\/\/schema.org","@graph":[{"@type":"WebSite","@id":"https:\/\/franciscanos.org.br\/noticias\/#website","url":"https:\/\/franciscanos.org.br\/noticias\/","name":"Not\u00edcias - Franciscanos","description":"Prov\u00edncia Franciscana da Imaculada Concei\u00e7\u00e3o do Brasil - Ordem dos Frades Menores - OFM","potentialAction":[{"@type":"SearchAction","target":{"@type":"EntryPoint","urlTemplate":"https:\/\/franciscanos.org.br\/noticias\/?s={search_term_string}"},"query-input":"required name=search_term_string"}],"inLanguage":"pt-BR"},{"@type":"ImageObject","inLanguage":"pt-BR","@id":"https:\/\/franciscanos.org.br\/noticias\/frei-pedro-toma-posse-como-paroco-em-gaspar.html#primaryimage","url":"https:\/\/franciscanos.org.br\/noticias\/wp-content\/uploads\/2022\/02\/pedro_01.jpg","contentUrl":"https:\/\/franciscanos.org.br\/noticias\/wp-content\/uploads\/2022\/02\/pedro_01.jpg","width":1280,"height":720},{"@type":"WebPage","@id":"https:\/\/franciscanos.org.br\/noticias\/frei-pedro-toma-posse-como-paroco-em-gaspar.html#webpage","url":"https:\/\/franciscanos.org.br\/noticias\/frei-pedro-toma-posse-como-paroco-em-gaspar.html","name":"Frei Pedro toma posse como p\u00e1roco em Gaspar - Not\u00edcias - Franciscanos","isPartOf":{"@id":"https:\/\/franciscanos.org.br\/noticias\/#website"},"primaryImageOfPage":{"@id":"https:\/\/franciscanos.org.br\/noticias\/frei-pedro-toma-posse-como-paroco-em-gaspar.html#primaryimage"},"datePublished":"2022-02-15T12:33:55+00:00","dateModified":"2022-02-15T16:40:27+00:00","author":{"@id":"https:\/\/franciscanos.org.br\/noticias\/#\/schema\/person\/b5c8cba458c330ccff548b056e95a5d4"},"breadcrumb":{"@id":"https:\/\/franciscanos.org.br\/noticias\/frei-pedro-toma-posse-como-paroco-em-gaspar.html#breadcrumb"},"inLanguage":"pt-BR","potentialAction":[{"@type":"ReadAction","target":["https:\/\/franciscanos.org.br\/noticias\/frei-pedro-toma-posse-como-paroco-em-gaspar.html"]}]},{"@type":"BreadcrumbList","@id":"https:\/\/franciscanos.org.br\/noticias\/frei-pedro-toma-posse-como-paroco-em-gaspar.html#breadcrumb","itemListElement":[{"@type":"ListItem","position":1,"name":"Home","item":"https:\/\/franciscanos.org.br\/noticias"},{"@type":"ListItem","position":2,"name":"Frei Pedro toma posse como p\u00e1roco em Gaspar"}]},{"@type":"Person","@id":"https:\/\/franciscanos.org.br\/noticias\/#\/schema\/person\/b5c8cba458c330ccff548b056e95a5d4","name":"moacir","image":{"@type":"ImageObject","inLanguage":"pt-BR","@id":"https:\/\/franciscanos.org.br\/noticias\/#\/schema\/person\/image\/","url":"https:\/\/secure.gravatar.com\/avatar\/d08aa2ce4c8dd416d4479aa8536fcf64?s=96&d=mm&r=g","contentUrl":"https:\/\/secure.gravatar.com\/avatar\/d08aa2ce4c8dd416d4479aa8536fcf64?s=96&d=mm&r=g","caption":"moacir"},"url":"https:\/\/franciscanos.org.br\/noticias\/author\/moacir"}]}},"_links":{"self":[{"href":"https:\/\/franciscanos.org.br\/noticias\/wp-json\/wp\/v2\/posts\/236586"}],"collection":[{"href":"https:\/\/franciscanos.org.br\/noticias\/wp-json\/wp\/v2\/posts"}],"about":[{"href":"https:\/\/franciscanos.org.br\/noticias\/wp-json\/wp\/v2\/types\/post"}],"author":[{"embeddable":true,"href":"https:\/\/franciscanos.org.br\/noticias\/wp-json\/wp\/v2\/users\/3"}],"replies":[{"embeddable":true,"href":"https:\/\/franciscanos.org.br\/noticias\/wp-json\/wp\/v2\/comments?post=236586"}],"version-history":[{"count":5,"href":"https:\/\/franciscanos.org.br\/noticias\/wp-json\/wp\/v2\/posts\/236586\/revisions"}],"predecessor-version":[{"id":236597,"href":"https:\/\/franciscanos.org.br\/noticias\/wp-json\/wp\/v2\/posts\/236586\/revisions\/236597"}],"wp:featuredmedia":[{"embeddable":true,"href":"https:\/\/franciscanos.org.br\/noticias\/wp-json\/wp\/v2\/media\/236587"}],"wp:attachment":[{"href":"https:\/\/franciscanos.org.br\/noticias\/wp-json\/wp\/v2\/media?parent=236586"}],"wp:term":[{"taxonomy":"category","embeddable":true,"href":"https:\/\/franciscanos.org.br\/noticias\/wp-json\/wp\/v2\/categories?post=236586"},{"taxonomy":"post_tag","embeddable":true,"href":"https:\/\/franciscanos.org.br\/noticias\/wp-json\/wp\/v2\/tags?post=236586"}],"curies":[{"name":"wp","href":"https:\/\/api.w.org\/{rel}","templated":true}]}}