{"id":236563,"date":"2022-02-14T11:09:22","date_gmt":"2022-02-14T14:09:22","guid":{"rendered":"https:\/\/franciscanos.org.br\/noticias\/?p=236563"},"modified":"2022-02-14T11:13:44","modified_gmt":"2022-02-14T14:13:44","slug":"frei-andre-fala-dos-14-anos-como-missionario-em-angola","status":"publish","type":"post","link":"https:\/\/franciscanos.org.br\/noticias\/frei-andre-fala-dos-14-anos-como-missionario-em-angola.html","title":{"rendered":"Frei Andr\u00e9 fala dos 14 anos como mission\u00e1rio em Angola"},"content":{"rendered":"<p><img loading=\"lazy\" class=\"alignnone wp-image-236564 size-full\" src=\"https:\/\/franciscanos.org.br\/noticias\/wp-content\/uploads\/2022\/02\/andre_01.jpg\" alt=\"\" width=\"1280\" height=\"720\" srcset=\"https:\/\/franciscanos.org.br\/noticias\/wp-content\/uploads\/2022\/02\/andre_01.jpg 1280w, https:\/\/franciscanos.org.br\/noticias\/wp-content\/uploads\/2022\/02\/andre_01-450x253.jpg 450w, https:\/\/franciscanos.org.br\/noticias\/wp-content\/uploads\/2022\/02\/andre_01-1024x576.jpg 1024w, https:\/\/franciscanos.org.br\/noticias\/wp-content\/uploads\/2022\/02\/andre_01-768x432.jpg 768w, https:\/\/franciscanos.org.br\/noticias\/wp-content\/uploads\/2022\/02\/andre_01-150x84.jpg 150w\" sizes=\"(max-width: 1280px) 100vw, 1280px\" \/><\/p>\n<p><em>Nos quase quatorze anos de perman\u00eancia na Miss\u00e3o da Prov\u00edncia da Imaculada em Angola, Frei Andr\u00e9 Gurzynski acumulou muita hist\u00f3ria de vida.<\/em><\/p>\n<p><em>Neste domingo, 13 de fevereiro, Frei Andr\u00e9 Gurzynski encerrou uma etapa dos 40 anos de sua vida religiosa franciscana. Ele retornou da Funda\u00e7\u00e3o Imaculada M\u00e3e de Deus de Angola (FIMDA), onde foi durante quase quatorze anos mission\u00e1rio na Funda\u00e7\u00e3o Imaculada M\u00e3e de Deus de Angola (FIMDA).<\/em><\/p>\n<p><em>Frei Andr\u00e9 faz um resumo dessa experi\u00eancia mission\u00e1ria para o site Franciscanos e fala com carinho dos oito anos que ajudou a construir a casa que abrigou primeiro os postulantes da Miss\u00e3o e depois se tornou casa dos novi\u00e7os. Ele tamb\u00e9m conta como teve paci\u00eancia para n\u00e3o deixar que uma cobra, que entrou em sua cal\u00e7a, causasse uma trag\u00e9dia.<\/em><\/p>\n<p><em>Frei Andr\u00e9 nasceu em Canoinhas, SC, em 27 de novembro de 1962. Vestiu o h\u00e1bito franciscano no Noviciado de Rodeio em 20 de janeiro de 1981 e fez a profiss\u00e3o solene em 2 de agosto de 1985, tornando-se irm\u00e3o leigo.<\/em><\/p>\n<p><em>Em 1987, Fez est\u00e1gio pastoral em Duque de Caxias, no bairro de Campos Eliseos. Foi transferido em 1992 para Coronel Freitas e, em 1996, para Porto Uni\u00e3o (SC). Em 1997, veio para a Sede Provincial, em S\u00e3o Paulo, como tesoureiro da Prov\u00edncia e vice-secret\u00e1rio do Secretariado de Evangeliza\u00e7\u00e3o; em 2000 ficou respons\u00e1vel pelas Obras Sociais da Prov\u00edncia, fun\u00e7\u00e3o que desempenhou at\u00e9 2003 no Servi\u00e7o Franciscano de Solidariedade (Sefras).<\/em><\/p>\n<p><em>Em 2006 partiu em miss\u00e3o para Malange, em Angola. Em 2008, em Kibala, passou a ser coordenador da Fraternidade e ec\u00f4nomo, vice-mestre\u00a0 dos postulantes em 2010. Em 2013 foi eleito Conselheiro da FIMDA, coordenador da Fraternidade Santo Ant\u00f4nio em Kibala e vice-mestre. Em 2016 ficou respons\u00e1vel pelos projetos sociais e animador do servi\u00e7o de Justi\u00e7a, Paz e Integridade da Cria\u00e7\u00e3o (JPIC) da Funda\u00e7\u00e3o. Em 2018, foi nomeado guardi\u00e3o da Fraternidade S\u00e3o Dami\u00e3o em Malange e animador da JPIC.<\/em><\/p>\n<p><em>&#8220;Hoje, destinamos ao nosso confrade Frei Andr\u00e9 Gurzynski a gratid\u00e3o franciscana, pois ele, por quase 14 anos, dedicou sua vida e sua hist\u00f3ria para que, em nome de todos os seus confrades, fosse presen\u00e7a franciscana em nossa miss\u00e3o. Certamente, o rosto franciscano em Angola traz consigo a express\u00e3o de um carisma marcado pelos dons e obras que o Senhor concedeu e permitiu que Frei Andr\u00e9 l\u00e1 transmitisse e realizasse&#8221;, agradece Frei Robson Luiz Scudela, coordenador da Frente das Miss\u00f5es.<\/em><\/p>\n<p><em>&#8220;Obrigado, Frei Andr\u00e9, pelo seu testemunho e dedica\u00e7\u00e3o realizados em nome dos seus confrades que, enquanto em outros servi\u00e7os, estiveram sempre unidos a voc\u00ea e a todos os demais confrades que l\u00e1 est\u00e3o e que agora, tamb\u00e9m em seu nome, continuam a miss\u00e3o que o senhor a n\u00f3s confiou. Que o Esp\u00edrito do Senhor e o seu santo modo de operar estejam consigo nesta nova miss\u00e3o que voc\u00ea assume na Fraternidade Santo Ant\u00f4nio, em Agudos. Juntos, construamos tamb\u00e9m l\u00e1 os sonhos&#8221;, desejou Frei Robson, que \u00e9 tamb\u00e9m Definidor da Prov\u00edncia.<\/em><\/p>\n<p><strong>Acompanhe alguns temas do depoimento de Frei Andr\u00e9:<\/strong><\/p>\n<p><img loading=\"lazy\" class=\"alignnone wp-image-236565 size-full\" src=\"https:\/\/franciscanos.org.br\/noticias\/wp-content\/uploads\/2022\/02\/andre_08.jpg\" alt=\"\" width=\"1200\" height=\"816\" srcset=\"https:\/\/franciscanos.org.br\/noticias\/wp-content\/uploads\/2022\/02\/andre_08.jpg 1200w, https:\/\/franciscanos.org.br\/noticias\/wp-content\/uploads\/2022\/02\/andre_08-450x306.jpg 450w, https:\/\/franciscanos.org.br\/noticias\/wp-content\/uploads\/2022\/02\/andre_08-1024x696.jpg 1024w, https:\/\/franciscanos.org.br\/noticias\/wp-content\/uploads\/2022\/02\/andre_08-768x522.jpg 768w, https:\/\/franciscanos.org.br\/noticias\/wp-content\/uploads\/2022\/02\/andre_08-150x102.jpg 150w\" sizes=\"(max-width: 1200px) 100vw, 1200px\" \/><\/p>\n<p><strong>A ESPERA POR UM VISTO<\/strong><\/p>\n<p>Devido a problemas locais enfrentados pelo Servi\u00e7o de Migra\u00e7\u00f5es e Estrangeiros de Angola naqueles dias, o Visto para entrada no pa\u00eds demorou 18 (dezoito) meses para sair. Alguns desistiram. Permaneci ainda seis meses em S\u00e3o Paulo, trabalhando no SEFRAS, sobretudo no Recifran e na Educafro. Em julho de 2007 fui para o Semin\u00e1rio Frei Galv\u00e3o (Postulantado), em Guaratinguet\u00e1, SP. Fiquei l\u00e1 por mais um ano.<\/p>\n<p><strong>PREPARA\u00c7\u00c3O PARA A MISS\u00c3O<\/strong><\/p>\n<p>Frei At\u00edlio Battistuz e eu, transferidos para l\u00e1 na mesma \u00e9poca, juntamente com o Sr. Ad\u00e1vio (leigo da OFS, ent\u00e3o volunt\u00e1rio no SEFRAS, que aceitou meu convite para ir nos ajudar em terras angolanas), aproveitamos o tempo para melhor nos capacitarmos para a Miss\u00e3o. Fizemos o curso de um m\u00eas oferecido pela CNBB em Bras\u00edlia para a forma\u00e7\u00e3o de Mission\u00e1rios Ad Gentes e seguimos \u00e0 risca o programa indicado pelo Centro de Medicina do Viajante do Hospital Em\u00edlio Ribas, de S\u00e3o Paulo, para quem vai viajar para a \u00c1frica.<\/p>\n<div id=\"attachment_236566\" style=\"width: 1290px\" class=\"wp-caption alignnone\"><img aria-describedby=\"caption-attachment-236566\" loading=\"lazy\" class=\"wp-image-236566 size-full\" src=\"https:\/\/franciscanos.org.br\/noticias\/wp-content\/uploads\/2022\/02\/andre_04.jpg\" alt=\"\" width=\"1280\" height=\"853\" srcset=\"https:\/\/franciscanos.org.br\/noticias\/wp-content\/uploads\/2022\/02\/andre_04.jpg 1280w, https:\/\/franciscanos.org.br\/noticias\/wp-content\/uploads\/2022\/02\/andre_04-450x300.jpg 450w, https:\/\/franciscanos.org.br\/noticias\/wp-content\/uploads\/2022\/02\/andre_04-1024x682.jpg 1024w, https:\/\/franciscanos.org.br\/noticias\/wp-content\/uploads\/2022\/02\/andre_04-768x512.jpg 768w, https:\/\/franciscanos.org.br\/noticias\/wp-content\/uploads\/2022\/02\/andre_04-150x100.jpg 150w\" sizes=\"(max-width: 1280px) 100vw, 1280px\" \/><p id=\"caption-attachment-236566\" class=\"wp-caption-text\"><em>Destro\u00e7os deixados pela guerra civil de Angola, muito comum de ser encontrado no terreno de Kibala<\/em><\/p><\/div>\n<p><strong>EXPECTATIVAS X CHOQUE DE REALIDADE<\/strong><\/p>\n<p>Ap\u00f3s o Cap\u00edtulo Provincial de 2006, Frei Augusto Koenig, de saudosa mem\u00f3ria, ent\u00e3o Ministro Provincial, me perguntou se, depois de ter estruturado o SEFRAS aqui no Brasil, aceitaria fazer algo semelhante em Angola. Aceitei. Recebi transfer\u00eancia \u201cpara organizar as obras sociais da FIMDA (Funda\u00e7\u00e3o Imaculada M\u00e3e de Deus de Angola)\u201d. Contudo, para trabalhar na Miss\u00e3o em terras estrangeiras, em outra realidade e cultura, \u00e9 necess\u00e1rio capacidade de ren\u00fancia e esp\u00edrito de adapta\u00e7\u00e3o para fazer n\u00e3o o que pretendemos, mas o que \u00e9 necess\u00e1rio naquele momento.<\/p>\n<p>Ao apresentar a transfer\u00eancia na primeira reuni\u00e3o do Conselho da FIMDA que participei, os frades do Conselho falaram: \u201cVoc\u00ea veio a Angola para fazer o que est\u00e1 escrito na transfer\u00eancia ou para fazer o que necessitamos que voc\u00ea fa\u00e7a\u201d? Respondi: \u201cVim para fazer o que est\u00e1 dito na transfer\u00eancia. Mas se isso n\u00e3o \u00e9 poss\u00edvel no momento, estou disposto a fazer o que for necess\u00e1rio\u201d.<\/p>\n<p>Como conclus\u00e3o me disseram: \u201cEnt\u00e3o voc\u00ea pode ficar\u201d! Depois de alguns meses trabalhando nos projetos sociais em Viana, fui enviado para Malanje para assumir, por pouco mais de dois meses, a dire\u00e7\u00e3o do Pavilh\u00e3o de Artes e Of\u00edcios de Cangandala, at\u00e9 a chegada de Frei Ivair, designado para esta fun\u00e7\u00e3o.<\/p>\n<p><img loading=\"lazy\" class=\"alignnone wp-image-236567 size-full\" src=\"https:\/\/franciscanos.org.br\/noticias\/wp-content\/uploads\/2022\/02\/andre_06.jpg\" alt=\"\" width=\"1280\" height=\"853\" srcset=\"https:\/\/franciscanos.org.br\/noticias\/wp-content\/uploads\/2022\/02\/andre_06.jpg 1280w, https:\/\/franciscanos.org.br\/noticias\/wp-content\/uploads\/2022\/02\/andre_06-450x300.jpg 450w, https:\/\/franciscanos.org.br\/noticias\/wp-content\/uploads\/2022\/02\/andre_06-1024x682.jpg 1024w, https:\/\/franciscanos.org.br\/noticias\/wp-content\/uploads\/2022\/02\/andre_06-768x512.jpg 768w, https:\/\/franciscanos.org.br\/noticias\/wp-content\/uploads\/2022\/02\/andre_06-150x100.jpg 150w\" sizes=\"(max-width: 1280px) 100vw, 1280px\" \/><\/p>\n<p><strong>KIBALA, QUASE OITO ANOS<\/strong><\/p>\n<p>Devido \u00e0 transfer\u00eancia de Frei Laerte, de Kibala para o Palanca, em dezembro de 2008, fui transferido para Kibala, na Prov\u00edncia do Kwanza Sul, onde fiquei por quase oito anos como encarregado da constru\u00e7\u00e3o do Postulantado Santo Ant\u00f4nio, hoje elevado \u00e0 condi\u00e7\u00e3o de Noviciado.<\/p>\n<p>A fraternidade havia sido reaberta em maio daquele ano por Frei Valdir Nunes Ribeiro, Frei Laerte de Farias dos Santos e pelo Sr. Ad\u00e1vio, leigo volunt\u00e1rio, depois de dez anos abandonada (de 1998 a 2008) devido \u00e0 guerra. Kibala foi o local da Miss\u00e3o que mais me marcou, me ensinou e onde, a meu ver, mais pude contribuir.<\/p>\n<p>Havia ent\u00e3o apenas alguns esqueletos da constru\u00e7\u00e3o iniciada pelo agora ex-frade Adilson Ad\u00e3o Geremia antes do abandono em 1998. Frei Laerte havia feito progressos na constru\u00e7\u00e3o da casa provis\u00f3ria dos frades (casa dos contentores), na limpeza do terreno e sobretudo na cobertura da casa definitiva dos frades. Novamente os desafios eram enormes. Kibala, cidade pequena cidade, distante da capital da Prov\u00edncia, Sumbe, cidade tamb\u00e9m pequena e com recursos limitados. Quase tudo deveria ser adquirido em Luanda, h\u00e1 mais de 300 Km de dist\u00e2ncia. O \u00fanico ve\u00edculo dispon\u00edvel era uma carrinha (camioneta) Nissan, que havia sido o primeiro ve\u00edculo adquirido pelos frades ao chegarem em Angola no ano de 1990. Estava parada h\u00e1 bom tempo e foi \u201cressuscitada\u201d para que Kibala pudesse ter algum meio de transporte.<\/p>\n<p><img loading=\"lazy\" class=\"alignnone wp-image-236568 size-full\" src=\"https:\/\/franciscanos.org.br\/noticias\/wp-content\/uploads\/2022\/02\/andre_09.jpg\" alt=\"\" width=\"1175\" height=\"881\" srcset=\"https:\/\/franciscanos.org.br\/noticias\/wp-content\/uploads\/2022\/02\/andre_09.jpg 1175w, https:\/\/franciscanos.org.br\/noticias\/wp-content\/uploads\/2022\/02\/andre_09-450x337.jpg 450w, https:\/\/franciscanos.org.br\/noticias\/wp-content\/uploads\/2022\/02\/andre_09-1024x768.jpg 1024w, https:\/\/franciscanos.org.br\/noticias\/wp-content\/uploads\/2022\/02\/andre_09-768x576.jpg 768w, https:\/\/franciscanos.org.br\/noticias\/wp-content\/uploads\/2022\/02\/andre_09-150x112.jpg 150w, https:\/\/franciscanos.org.br\/noticias\/wp-content\/uploads\/2022\/02\/andre_09-600x450.jpg 600w\" sizes=\"(max-width: 1175px) 100vw, 1175px\" \/><\/p>\n<p><strong>DESAFIOS NA CONSTRU\u00c7\u00c3O DA CASA DE KIBALA<\/strong><\/p>\n<p>Os frades optaram por construir eles pr\u00f3prios, com ajuda de trabalhadores locais. Contratar uma empresa construtora sairia cinco vezes mais caro, segundo or\u00e7amentos feitos. Isso j\u00e1 estava estabelecido antes da minha chegada. Eu entendia muito pouco de constru\u00e7\u00e3o e tive que aprender \u201cna marra\u201d para ensinar aos trabalhadores locais, que tinham pr\u00e1tica somente com a constru\u00e7\u00e3o tradicional com blocos de adobe (barro).<\/p>\n<p>Pensando em selecionar os mais capacitados, procuramos o Curso Profissionalizante local. Pedimos para nos indicarem os profissionais que j\u00e1 trabalhavam de pedreiros antes e que haviam terminado o curso profissionalizante de pedreiro com dura\u00e7\u00e3o de seis meses. O trabalho conosco seria uma esp\u00e9cie de est\u00e1gio de aperfei\u00e7oamento da pr\u00e1tica profissional. Trabalho remunerado, claro!<\/p>\n<p>As dificuldades n\u00e3o foram poucas: no curso n\u00e3o aprenderam trabalhar com (nem conheciam) ferramentas b\u00e1sicas para uma boa constru\u00e7\u00e3o, como mangueira de n\u00edvel e prumo, por exemplo.<\/p>\n<p>Na constru\u00e7\u00e3o com adobes isso n\u00e3o era utilizado! Respeitar rigorosamente n\u00edvel, prumo, esquadro, cuidar da limpeza e qualidade da obra, das ferramentas, etc. n\u00e3o fazia parte da pr\u00e1tica profissional que tinham. Diversos trabalhadores consideraram isso rigorismo exagerado e n\u00e3o se adaptaram. Formar uma equipe que funcionasse a contento demorou e foi fruto de grande esfor\u00e7o e desgaste.<\/p>\n<p>Como j\u00e1 citei, as compras, tanto para o sustento da fraternidade quanto para a constru\u00e7\u00e3o, eram feitas geralmente em Luanda, o que demandava viagens frequentes e dias de aus\u00eancia.<\/p>\n<p>Ao retornar, diversas vezes encontrava coisas mal feitas na constru\u00e7\u00e3o. \u00c0s vezes era poss\u00edvel refazer ou contornar, outras n\u00e3o.<\/p>\n<div id=\"attachment_236572\" style=\"width: 1290px\" class=\"wp-caption alignnone\"><img aria-describedby=\"caption-attachment-236572\" loading=\"lazy\" class=\"wp-image-236572 size-full\" src=\"https:\/\/franciscanos.org.br\/noticias\/wp-content\/uploads\/2022\/02\/andre_12.jpg\" alt=\"\" width=\"1280\" height=\"720\" srcset=\"https:\/\/franciscanos.org.br\/noticias\/wp-content\/uploads\/2022\/02\/andre_12.jpg 1280w, https:\/\/franciscanos.org.br\/noticias\/wp-content\/uploads\/2022\/02\/andre_12-450x253.jpg 450w, https:\/\/franciscanos.org.br\/noticias\/wp-content\/uploads\/2022\/02\/andre_12-1024x576.jpg 1024w, https:\/\/franciscanos.org.br\/noticias\/wp-content\/uploads\/2022\/02\/andre_12-768x432.jpg 768w, https:\/\/franciscanos.org.br\/noticias\/wp-content\/uploads\/2022\/02\/andre_12-150x84.jpg 150w\" sizes=\"(max-width: 1280px) 100vw, 1280px\" \/><p id=\"caption-attachment-236572\" class=\"wp-caption-text\"><em>Frei Andr\u00e9 com Frei Est\u00eav\u00e3o Ottenbreit, o Ministro Provincial que enviou os primeiros mission\u00e1rios a Angola.<\/em><\/p><\/div>\n<p><strong>CONSTRU\u00c7\u00c3O COM TIJOLO ECOL\u00d3GICO<\/strong><\/p>\n<p>Uma das decis\u00f5es mais acertadas foi construir a Casa dos Postulantes (hoje Casa dos Novi\u00e7os) e a Capela, que iniciar\u00edamos \u2018de raiz\u201d com a t\u00e9cnica dos BTC (Blocos de Terra Compactada), tamb\u00e9m conhecido como Tijolo Ecol\u00f3gico. Usa apenas terra do local da constru\u00e7\u00e3o e uma pequena quantidade de cimento e \u00e1gua (fazer adobes, ao contr\u00e1rio, consome muita \u00e1gua!). Duas m\u00e1quinas (prensas manuais) herdamos da IBIS, ONG dinamarquesa da qual \u00e9ramos parceiros em diversas a\u00e7\u00f5es, que estava encerrando seus trabalhos em Kibala. Tamb\u00e9m foi da IBIS que recebemos treinamento para utilizar a nova t\u00e9cnica.<\/p>\n<p>A casa definitiva dos frades e o bloco de servi\u00e7os (refeit\u00f3rio, cozinha e despensa), que j\u00e1 haviam sido parcialmente constru\u00eddos com blocos de cimento, foram conclu\u00eddos com alvenaria convencional, como iniciados. Mas as varandas j\u00e1 foram constru\u00eddas com BTC, dando harmonia e charme pr\u00f3prio ao conjunto da obra.<\/p>\n<p><img loading=\"lazy\" class=\"alignnone wp-image-236569 size-full\" src=\"https:\/\/franciscanos.org.br\/noticias\/wp-content\/uploads\/2022\/02\/andre_10.jpg\" alt=\"\" width=\"1175\" height=\"881\" srcset=\"https:\/\/franciscanos.org.br\/noticias\/wp-content\/uploads\/2022\/02\/andre_10.jpg 1175w, https:\/\/franciscanos.org.br\/noticias\/wp-content\/uploads\/2022\/02\/andre_10-450x337.jpg 450w, https:\/\/franciscanos.org.br\/noticias\/wp-content\/uploads\/2022\/02\/andre_10-1024x768.jpg 1024w, https:\/\/franciscanos.org.br\/noticias\/wp-content\/uploads\/2022\/02\/andre_10-768x576.jpg 768w, https:\/\/franciscanos.org.br\/noticias\/wp-content\/uploads\/2022\/02\/andre_10-150x112.jpg 150w, https:\/\/franciscanos.org.br\/noticias\/wp-content\/uploads\/2022\/02\/andre_10-600x450.jpg 600w\" sizes=\"(max-width: 1175px) 100vw, 1175px\" \/><\/p>\n<p><strong>A CAPELA DE KIBALA<\/strong><\/p>\n<p>Ao pensar na constru\u00e7\u00e3o da Capela do ent\u00e3o Postulantado, Frei Est\u00eav\u00e3o Ottenbreit, que cuidava do financiamento das obras, prop\u00f4s que constru\u00edssemos uma r\u00e9plica da Porci\u00fancula (capelinha de Assis, ber\u00e7o da Ordem Franciscana). Contudo, ponderamos que j\u00e1 havia uma fraternidade com este nome, a Fraternidade da Porci\u00fancula, em Viana. Ali sim, ficaria bem tal r\u00e9plica. Assim, nos propusemos a pensar em uma outra planta.<\/p>\n<p>Eu nunca havia desenhado uma capela! Mas veio-me uma inspira\u00e7\u00e3o e fui desenvolvendo um desenho que culminou na capela que l\u00e1 constru\u00edmos. Considero mesmo uma inspira\u00e7\u00e3o divina, pelo que dou gra\u00e7as a Deus! Creio que, como eu, a maioria gostou do resultado. Deus seja louvado e bendito! Ficou com alguns tra\u00e7os da Capela de S\u00e3o Dami\u00e3o, em Assis, ber\u00e7o da Ordem das Irm\u00e3s Clarissas. Que esta capela inspire muitas e santas voca\u00e7\u00f5es genuinamente franciscanas!<\/p>\n<p><img loading=\"lazy\" class=\"alignnone wp-image-236570 size-full\" src=\"https:\/\/franciscanos.org.br\/noticias\/wp-content\/uploads\/2022\/02\/andre_07.jpg\" alt=\"\" width=\"1280\" height=\"853\" srcset=\"https:\/\/franciscanos.org.br\/noticias\/wp-content\/uploads\/2022\/02\/andre_07.jpg 1280w, https:\/\/franciscanos.org.br\/noticias\/wp-content\/uploads\/2022\/02\/andre_07-450x300.jpg 450w, https:\/\/franciscanos.org.br\/noticias\/wp-content\/uploads\/2022\/02\/andre_07-1024x682.jpg 1024w, https:\/\/franciscanos.org.br\/noticias\/wp-content\/uploads\/2022\/02\/andre_07-768x512.jpg 768w, https:\/\/franciscanos.org.br\/noticias\/wp-content\/uploads\/2022\/02\/andre_07-150x100.jpg 150w\" sizes=\"(max-width: 1280px) 100vw, 1280px\" \/><\/p>\n<p><strong>EPIS\u00d3DIOS PITORESCOS<\/strong><\/p>\n<p>Certa feita, estando em Kibala em per\u00edodo de f\u00e9rias dos postulantes, com a presen\u00e7a dos trabalhadores da constru\u00e7\u00e3o e de alguns frades estagi\u00e1rios, estudantes de filosofia, recebemos uma carrinha (pequeno caminh\u00e3o) de estrume de boi enviada por uma fazenda da regi\u00e3o. Havia ent\u00e3o bastante capim nos arredores, que chegava \u00e0 altura da cintura. Entrei no meio do capim para verificar se n\u00e3o havia pedras e paus que pudessem impedir a entrada da carrinha. Estava com cal\u00e7a comprida, de trabalho, e cal\u00e7ado com uma botina de couro.<\/p>\n<p>rA carrinha estava ainda distante e os funcion\u00e1rios, junto com o ent\u00e3o Frei Cris\u00f3stomo Pinto Ngala, hoje ex-frade, estavam vindo, tamb\u00e9m ainda h\u00e1 certa dist\u00e2ncia, para ajudar a descarregar.<\/p>\n<p>O motorista era a primeira vez que vinha na nossa casa. Eu n\u00e3o o conhecia. De repente senti algo frio subindo na minha perna, por debaixo da cal\u00e7a. S\u00f3 podia ser uma cobra! A sorte foi que fiquei bem calmo e parado. Afrouxei a cinta e fui baixando lentamente a cal\u00e7a. As pessoas pensaram que fiquei maluco! Baixando as cal\u00e7as na frente de pessoas estranhas! Pensaram que eram <em>kissondes<\/em> (formigas carn\u00edvoras) que s\u00e3o frequentes por l\u00e1. At\u00e9 que a cobra tirou cabe\u00e7a e olhou em volta. Assustada, enfiou a cabe\u00e7a de volta, mas na outra perna da cal\u00e7a.<\/p>\n<div id=\"attachment_236571\" style=\"width: 419px\" class=\"wp-caption alignleft\"><img aria-describedby=\"caption-attachment-236571\" loading=\"lazy\" class=\"wp-image-236571 size-medium\" src=\"https:\/\/franciscanos.org.br\/noticias\/wp-content\/uploads\/2022\/02\/andre_11-409x450.jpg\" alt=\"\" width=\"409\" height=\"450\" srcset=\"https:\/\/franciscanos.org.br\/noticias\/wp-content\/uploads\/2022\/02\/andre_11-409x450.jpg 409w, https:\/\/franciscanos.org.br\/noticias\/wp-content\/uploads\/2022\/02\/andre_11-150x165.jpg 150w, https:\/\/franciscanos.org.br\/noticias\/wp-content\/uploads\/2022\/02\/andre_11.jpg 600w\" sizes=\"(max-width: 409px) 100vw, 409px\" \/><p id=\"caption-attachment-236571\" class=\"wp-caption-text\"><em>Frei Andr\u00e9 chegando no Aeroporto de Cumbica<\/em><\/p><\/div>\n<p>Ningu\u00e9m teve coragem de se aproximar, apenas o motorista da carrinha. H\u00e1 grande medo de cobra. Devido \u00e0 falta de recursos de sa\u00fade, sobretudo de soro antiof\u00eddico, a grande maioria das pessoas picadas por cobras venenosas v\u00e3o a \u00f3bito!<\/p>\n<p>Quando o motorista se aproximou, pedi para ele tirar lentamente minhas botinas. Depois pedi para ele segurar a bainha da cal\u00e7a de um lado. Puxei muito lentamente a perna para n\u00e3o assustar a cobra. Fiz o mesmo com a outra perna, onde estava a cabe\u00e7a da cobra. Pedi a prote\u00e7\u00e3o divina e mantive a calma, puxando muito lentamente a perna para fora da cal\u00e7a. O receio era de uma picada nos dedos do p\u00e9, mas felizmente sa\u00ed ileso. Depois juntei a cal\u00e7a com a cobra dentro, levei para o meio do terreiro e os trabalhadores a mataram. Media mais de um metro, talvez um metro e quinze cent\u00edmetros. Frei Cris\u00f3stomo fotografou, para comprovar a hist\u00f3ria.<\/p>\n<p>Falaram que era um tipo de cobra que n\u00e3o pica facilmente, mas que quando pica, geralmente \u00e9 fatal. Considero uma gra\u00e7a divina o fato de n\u00e3o ter sido picado nesta e em outras ocasi\u00f5es. Senti pena da cobra: ela me poupou, mas n\u00f3s n\u00e3o a poupamos! Para o louvor de Deus. Am\u00e9m!<\/p>\n","protected":false},"excerpt":{"rendered":"<p>Miss\u00e3o de Angola<\/p>\n","protected":false},"author":3,"featured_media":236564,"comment_status":"open","ping_status":"open","sticky":false,"template":"","format":"standard","meta":[],"categories":[1],"tags":[1978,360],"acf":[],"yoast_head":"<!-- This site is optimized with the Yoast SEO plugin v19.2 - https:\/\/yoast.com\/wordpress\/plugins\/seo\/ -->\n<title>Frei Andr\u00e9 fala dos 14 anos como mission\u00e1rio em Angola - Not\u00edcias - Franciscanos<\/title>\n<meta name=\"robots\" content=\"index, follow, max-snippet:-1, max-image-preview:large, max-video-preview:-1\" \/>\n<link rel=\"canonical\" href=\"https:\/\/franciscanos.org.br\/noticias\/frei-andre-fala-dos-14-anos-como-missionario-em-angola.html\" \/>\n<meta property=\"og:locale\" content=\"pt_BR\" \/>\n<meta property=\"og:type\" content=\"article\" \/>\n<meta property=\"og:title\" content=\"Frei Andr\u00e9 fala dos 14 anos como mission\u00e1rio em Angola - Not\u00edcias - Franciscanos\" \/>\n<meta property=\"og:description\" content=\"Miss\u00e3o de Angola\" \/>\n<meta property=\"og:url\" content=\"https:\/\/franciscanos.org.br\/noticias\/frei-andre-fala-dos-14-anos-como-missionario-em-angola.html\" \/>\n<meta property=\"og:site_name\" content=\"Not\u00edcias - Franciscanos\" \/>\n<meta property=\"article:published_time\" content=\"2022-02-14T14:09:22+00:00\" \/>\n<meta property=\"article:modified_time\" content=\"2022-02-14T14:13:44+00:00\" \/>\n<meta property=\"og:image\" content=\"https:\/\/franciscanos.org.br\/noticias\/wp-content\/uploads\/2022\/02\/andre_01.jpg\" \/>\n\t<meta property=\"og:image:width\" content=\"1280\" \/>\n\t<meta property=\"og:image:height\" content=\"720\" \/>\n\t<meta property=\"og:image:type\" content=\"image\/jpeg\" \/>\n<meta name=\"author\" content=\"moacir\" \/>\n<meta name=\"twitter:card\" content=\"summary_large_image\" \/>\n<meta name=\"twitter:label1\" content=\"Escrito por\" \/>\n\t<meta name=\"twitter:data1\" content=\"moacir\" \/>\n\t<meta name=\"twitter:label2\" content=\"Est. tempo de leitura\" \/>\n\t<meta name=\"twitter:data2\" content=\"12 minutos\" \/>\n<script type=\"application\/ld+json\" class=\"yoast-schema-graph\">{\"@context\":\"https:\/\/schema.org\",\"@graph\":[{\"@type\":\"WebSite\",\"@id\":\"https:\/\/franciscanos.org.br\/noticias\/#website\",\"url\":\"https:\/\/franciscanos.org.br\/noticias\/\",\"name\":\"Not\u00edcias - Franciscanos\",\"description\":\"Prov\u00edncia Franciscana da Imaculada Concei\u00e7\u00e3o do Brasil - Ordem dos Frades Menores - OFM\",\"potentialAction\":[{\"@type\":\"SearchAction\",\"target\":{\"@type\":\"EntryPoint\",\"urlTemplate\":\"https:\/\/franciscanos.org.br\/noticias\/?s={search_term_string}\"},\"query-input\":\"required name=search_term_string\"}],\"inLanguage\":\"pt-BR\"},{\"@type\":\"ImageObject\",\"inLanguage\":\"pt-BR\",\"@id\":\"https:\/\/franciscanos.org.br\/noticias\/frei-andre-fala-dos-14-anos-como-missionario-em-angola.html#primaryimage\",\"url\":\"https:\/\/franciscanos.org.br\/noticias\/wp-content\/uploads\/2022\/02\/andre_01.jpg\",\"contentUrl\":\"https:\/\/franciscanos.org.br\/noticias\/wp-content\/uploads\/2022\/02\/andre_01.jpg\",\"width\":1280,\"height\":720},{\"@type\":\"WebPage\",\"@id\":\"https:\/\/franciscanos.org.br\/noticias\/frei-andre-fala-dos-14-anos-como-missionario-em-angola.html#webpage\",\"url\":\"https:\/\/franciscanos.org.br\/noticias\/frei-andre-fala-dos-14-anos-como-missionario-em-angola.html\",\"name\":\"Frei Andr\u00e9 fala dos 14 anos como mission\u00e1rio em Angola - Not\u00edcias - Franciscanos\",\"isPartOf\":{\"@id\":\"https:\/\/franciscanos.org.br\/noticias\/#website\"},\"primaryImageOfPage\":{\"@id\":\"https:\/\/franciscanos.org.br\/noticias\/frei-andre-fala-dos-14-anos-como-missionario-em-angola.html#primaryimage\"},\"datePublished\":\"2022-02-14T14:09:22+00:00\",\"dateModified\":\"2022-02-14T14:13:44+00:00\",\"author\":{\"@id\":\"https:\/\/franciscanos.org.br\/noticias\/#\/schema\/person\/b5c8cba458c330ccff548b056e95a5d4\"},\"breadcrumb\":{\"@id\":\"https:\/\/franciscanos.org.br\/noticias\/frei-andre-fala-dos-14-anos-como-missionario-em-angola.html#breadcrumb\"},\"inLanguage\":\"pt-BR\",\"potentialAction\":[{\"@type\":\"ReadAction\",\"target\":[\"https:\/\/franciscanos.org.br\/noticias\/frei-andre-fala-dos-14-anos-como-missionario-em-angola.html\"]}]},{\"@type\":\"BreadcrumbList\",\"@id\":\"https:\/\/franciscanos.org.br\/noticias\/frei-andre-fala-dos-14-anos-como-missionario-em-angola.html#breadcrumb\",\"itemListElement\":[{\"@type\":\"ListItem\",\"position\":1,\"name\":\"Home\",\"item\":\"https:\/\/franciscanos.org.br\/noticias\"},{\"@type\":\"ListItem\",\"position\":2,\"name\":\"Frei Andr\u00e9 fala dos 14 anos como mission\u00e1rio em Angola\"}]},{\"@type\":\"Person\",\"@id\":\"https:\/\/franciscanos.org.br\/noticias\/#\/schema\/person\/b5c8cba458c330ccff548b056e95a5d4\",\"name\":\"moacir\",\"image\":{\"@type\":\"ImageObject\",\"inLanguage\":\"pt-BR\",\"@id\":\"https:\/\/franciscanos.org.br\/noticias\/#\/schema\/person\/image\/\",\"url\":\"https:\/\/secure.gravatar.com\/avatar\/d08aa2ce4c8dd416d4479aa8536fcf64?s=96&d=mm&r=g\",\"contentUrl\":\"https:\/\/secure.gravatar.com\/avatar\/d08aa2ce4c8dd416d4479aa8536fcf64?s=96&d=mm&r=g\",\"caption\":\"moacir\"},\"url\":\"https:\/\/franciscanos.org.br\/noticias\/author\/moacir\"}]}<\/script>\n<!-- \/ Yoast SEO plugin. -->","yoast_head_json":{"title":"Frei Andr\u00e9 fala dos 14 anos como mission\u00e1rio em Angola - Not\u00edcias - Franciscanos","robots":{"index":"index","follow":"follow","max-snippet":"max-snippet:-1","max-image-preview":"max-image-preview:large","max-video-preview":"max-video-preview:-1"},"canonical":"https:\/\/franciscanos.org.br\/noticias\/frei-andre-fala-dos-14-anos-como-missionario-em-angola.html","og_locale":"pt_BR","og_type":"article","og_title":"Frei Andr\u00e9 fala dos 14 anos como mission\u00e1rio em Angola - Not\u00edcias - Franciscanos","og_description":"Miss\u00e3o de Angola","og_url":"https:\/\/franciscanos.org.br\/noticias\/frei-andre-fala-dos-14-anos-como-missionario-em-angola.html","og_site_name":"Not\u00edcias - Franciscanos","article_published_time":"2022-02-14T14:09:22+00:00","article_modified_time":"2022-02-14T14:13:44+00:00","og_image":[{"width":1280,"height":720,"url":"https:\/\/franciscanos.org.br\/noticias\/wp-content\/uploads\/2022\/02\/andre_01.jpg","type":"image\/jpeg"}],"author":"moacir","twitter_card":"summary_large_image","twitter_misc":{"Escrito por":"moacir","Est. tempo de leitura":"12 minutos"},"schema":{"@context":"https:\/\/schema.org","@graph":[{"@type":"WebSite","@id":"https:\/\/franciscanos.org.br\/noticias\/#website","url":"https:\/\/franciscanos.org.br\/noticias\/","name":"Not\u00edcias - Franciscanos","description":"Prov\u00edncia Franciscana da Imaculada Concei\u00e7\u00e3o do Brasil - Ordem dos Frades Menores - OFM","potentialAction":[{"@type":"SearchAction","target":{"@type":"EntryPoint","urlTemplate":"https:\/\/franciscanos.org.br\/noticias\/?s={search_term_string}"},"query-input":"required name=search_term_string"}],"inLanguage":"pt-BR"},{"@type":"ImageObject","inLanguage":"pt-BR","@id":"https:\/\/franciscanos.org.br\/noticias\/frei-andre-fala-dos-14-anos-como-missionario-em-angola.html#primaryimage","url":"https:\/\/franciscanos.org.br\/noticias\/wp-content\/uploads\/2022\/02\/andre_01.jpg","contentUrl":"https:\/\/franciscanos.org.br\/noticias\/wp-content\/uploads\/2022\/02\/andre_01.jpg","width":1280,"height":720},{"@type":"WebPage","@id":"https:\/\/franciscanos.org.br\/noticias\/frei-andre-fala-dos-14-anos-como-missionario-em-angola.html#webpage","url":"https:\/\/franciscanos.org.br\/noticias\/frei-andre-fala-dos-14-anos-como-missionario-em-angola.html","name":"Frei Andr\u00e9 fala dos 14 anos como mission\u00e1rio em Angola - Not\u00edcias - Franciscanos","isPartOf":{"@id":"https:\/\/franciscanos.org.br\/noticias\/#website"},"primaryImageOfPage":{"@id":"https:\/\/franciscanos.org.br\/noticias\/frei-andre-fala-dos-14-anos-como-missionario-em-angola.html#primaryimage"},"datePublished":"2022-02-14T14:09:22+00:00","dateModified":"2022-02-14T14:13:44+00:00","author":{"@id":"https:\/\/franciscanos.org.br\/noticias\/#\/schema\/person\/b5c8cba458c330ccff548b056e95a5d4"},"breadcrumb":{"@id":"https:\/\/franciscanos.org.br\/noticias\/frei-andre-fala-dos-14-anos-como-missionario-em-angola.html#breadcrumb"},"inLanguage":"pt-BR","potentialAction":[{"@type":"ReadAction","target":["https:\/\/franciscanos.org.br\/noticias\/frei-andre-fala-dos-14-anos-como-missionario-em-angola.html"]}]},{"@type":"BreadcrumbList","@id":"https:\/\/franciscanos.org.br\/noticias\/frei-andre-fala-dos-14-anos-como-missionario-em-angola.html#breadcrumb","itemListElement":[{"@type":"ListItem","position":1,"name":"Home","item":"https:\/\/franciscanos.org.br\/noticias"},{"@type":"ListItem","position":2,"name":"Frei Andr\u00e9 fala dos 14 anos como mission\u00e1rio em Angola"}]},{"@type":"Person","@id":"https:\/\/franciscanos.org.br\/noticias\/#\/schema\/person\/b5c8cba458c330ccff548b056e95a5d4","name":"moacir","image":{"@type":"ImageObject","inLanguage":"pt-BR","@id":"https:\/\/franciscanos.org.br\/noticias\/#\/schema\/person\/image\/","url":"https:\/\/secure.gravatar.com\/avatar\/d08aa2ce4c8dd416d4479aa8536fcf64?s=96&d=mm&r=g","contentUrl":"https:\/\/secure.gravatar.com\/avatar\/d08aa2ce4c8dd416d4479aa8536fcf64?s=96&d=mm&r=g","caption":"moacir"},"url":"https:\/\/franciscanos.org.br\/noticias\/author\/moacir"}]}},"_links":{"self":[{"href":"https:\/\/franciscanos.org.br\/noticias\/wp-json\/wp\/v2\/posts\/236563"}],"collection":[{"href":"https:\/\/franciscanos.org.br\/noticias\/wp-json\/wp\/v2\/posts"}],"about":[{"href":"https:\/\/franciscanos.org.br\/noticias\/wp-json\/wp\/v2\/types\/post"}],"author":[{"embeddable":true,"href":"https:\/\/franciscanos.org.br\/noticias\/wp-json\/wp\/v2\/users\/3"}],"replies":[{"embeddable":true,"href":"https:\/\/franciscanos.org.br\/noticias\/wp-json\/wp\/v2\/comments?post=236563"}],"version-history":[{"count":4,"href":"https:\/\/franciscanos.org.br\/noticias\/wp-json\/wp\/v2\/posts\/236563\/revisions"}],"predecessor-version":[{"id":236576,"href":"https:\/\/franciscanos.org.br\/noticias\/wp-json\/wp\/v2\/posts\/236563\/revisions\/236576"}],"wp:featuredmedia":[{"embeddable":true,"href":"https:\/\/franciscanos.org.br\/noticias\/wp-json\/wp\/v2\/media\/236564"}],"wp:attachment":[{"href":"https:\/\/franciscanos.org.br\/noticias\/wp-json\/wp\/v2\/media?parent=236563"}],"wp:term":[{"taxonomy":"category","embeddable":true,"href":"https:\/\/franciscanos.org.br\/noticias\/wp-json\/wp\/v2\/categories?post=236563"},{"taxonomy":"post_tag","embeddable":true,"href":"https:\/\/franciscanos.org.br\/noticias\/wp-json\/wp\/v2\/tags?post=236563"}],"curies":[{"name":"wp","href":"https:\/\/api.w.org\/{rel}","templated":true}]}}