{"id":236554,"date":"2022-02-14T08:23:10","date_gmt":"2022-02-14T11:23:10","guid":{"rendered":"https:\/\/franciscanos.org.br\/noticias\/?p=236554"},"modified":"2022-02-14T08:29:43","modified_gmt":"2022-02-14T11:29:43","slug":"frei-miguel-e-frei-claudino-tomam-posse-na-paroquia-sao-francisco-de-assis-de-rodeio","status":"publish","type":"post","link":"https:\/\/franciscanos.org.br\/noticias\/frei-miguel-e-frei-claudino-tomam-posse-na-paroquia-sao-francisco-de-assis-de-rodeio.html","title":{"rendered":"Frei Miguel e Frei Claudino tomam posse na Par\u00f3quia S\u00e3o Francisco de Assis de Rodeio"},"content":{"rendered":"<div id=\"attachment_236555\" style=\"width: 1475px\" class=\"wp-caption alignnone\"><img aria-describedby=\"caption-attachment-236555\" loading=\"lazy\" class=\"wp-image-236555 size-full\" src=\"https:\/\/franciscanos.org.br\/noticias\/wp-content\/uploads\/2022\/02\/rodeio_01.jpg\" alt=\"\" width=\"1465\" height=\"751\" srcset=\"https:\/\/franciscanos.org.br\/noticias\/wp-content\/uploads\/2022\/02\/rodeio_01.jpg 1465w, https:\/\/franciscanos.org.br\/noticias\/wp-content\/uploads\/2022\/02\/rodeio_01-450x231.jpg 450w, https:\/\/franciscanos.org.br\/noticias\/wp-content\/uploads\/2022\/02\/rodeio_01-1024x525.jpg 1024w, https:\/\/franciscanos.org.br\/noticias\/wp-content\/uploads\/2022\/02\/rodeio_01-768x394.jpg 768w, https:\/\/franciscanos.org.br\/noticias\/wp-content\/uploads\/2022\/02\/rodeio_01-150x77.jpg 150w\" sizes=\"(max-width: 1465px) 100vw, 1465px\" \/><p id=\"caption-attachment-236555\" class=\"wp-caption-text\"><em>\u00a0 \u00a0 \u00a0 \u00a0 \u00a0 \u00a0 \u00a0 \u00a0 \u00a0 \u00a0 \u00a0 \u00a0 \u00a0 \u00a0 \u00a0 \u00a0 \u00a0 \u00a0 \u00a0 \u00a0Imagens: Reprodu\u00e7\u00e3o da transmiss\u00e3o digital<\/em><\/p><\/div>\n<p><strong>Rodeio (SC)<\/strong> &#8211; Neste domingo (13\/02), na Celebra\u00e7\u00e3o Eucar\u00edstica, \u00e0s 8 horas, Frei Miguel da Cruz foi empossado p\u00e1roco da Par\u00f3quia S\u00e3o Francisco de Assis de Rodeio, junto com Frei Claudino Dal&#8217;Mago, vig\u00e1rio paroquial. Anexo \u00e0 Igreja Matriz est\u00e1 o centen\u00e1rio Noviciado S\u00e3o Jos\u00e9 da Prov\u00edncia da Imaculada Concei\u00e7\u00e3o.<\/p>\n<p>Presidida pelo bispo diocesano de Rio do Sul, Dom On\u00e9cimo Alberton, a Santa Missa foi concelebrada pelos confrades desta Fraternidade, como o Mestre dos Novi\u00e7os, Frei Samuel Ferreira de Lima e Frei James Girardi, que est\u00e1 de f\u00e9rias na sua cidade natal; e o Pe. Arnaldo Allein, Vig\u00e1rio Geral da Diocese. Os novi\u00e7os garantiram a beleza da celebra\u00e7\u00e3o lit\u00fargica.<\/p>\n<p><img loading=\"lazy\" class=\"alignnone wp-image-236556 size-full\" src=\"https:\/\/franciscanos.org.br\/noticias\/wp-content\/uploads\/2022\/02\/rodeio_04.jpg\" alt=\"\" width=\"1509\" height=\"760\" srcset=\"https:\/\/franciscanos.org.br\/noticias\/wp-content\/uploads\/2022\/02\/rodeio_04.jpg 1509w, https:\/\/franciscanos.org.br\/noticias\/wp-content\/uploads\/2022\/02\/rodeio_04-450x227.jpg 450w, https:\/\/franciscanos.org.br\/noticias\/wp-content\/uploads\/2022\/02\/rodeio_04-1024x516.jpg 1024w, https:\/\/franciscanos.org.br\/noticias\/wp-content\/uploads\/2022\/02\/rodeio_04-768x387.jpg 768w, https:\/\/franciscanos.org.br\/noticias\/wp-content\/uploads\/2022\/02\/rodeio_04-150x76.jpg 150w\" sizes=\"(max-width: 1509px) 100vw, 1509px\" \/><\/p>\n<p>A celebra\u00e7\u00e3o cumpriu todas as exig\u00eancias can\u00f4nicas no rito de tomada de posse, como a leitura da bula de Provis\u00e3o de nomea\u00e7\u00e3o da Diocese, a profiss\u00e3o de F\u00e9 e o Juramento e Renova\u00e7\u00e3o das Promessas que Frei Miguel fez em sua ordena\u00e7\u00e3o. O novo p\u00e1roco, recebeu as chaves da Par\u00f3quia e do Sacr\u00e1rio, o ritual do Batismo, a estola roxa para ser o confessor e o \u00f3leo para a un\u00e7\u00e3o dos enfermos.<\/p>\n<p>Frei Miguel nasceu em Hon\u00f3rio Serpa, PR, no dia 4 de novembro de 1971. Vestiu o h\u00e1bito no dia 11 de janeiro de 1996 e fez a Primeira Profiss\u00e3o na Ordem dos Frades Menores no dia 10 de janeiro de 1997. Sua Profiss\u00e3o Solene fez no dia 6 de outubro de 2002 e foi ordenado presb\u00edtero no dia 1\u00ba de julho de 2007.<\/p>\n<p><img loading=\"lazy\" class=\"alignnone wp-image-236557 size-full\" src=\"https:\/\/franciscanos.org.br\/noticias\/wp-content\/uploads\/2022\/02\/rodeio_02.jpg\" alt=\"\" width=\"1540\" height=\"787\" srcset=\"https:\/\/franciscanos.org.br\/noticias\/wp-content\/uploads\/2022\/02\/rodeio_02.jpg 1540w, https:\/\/franciscanos.org.br\/noticias\/wp-content\/uploads\/2022\/02\/rodeio_02-450x230.jpg 450w, https:\/\/franciscanos.org.br\/noticias\/wp-content\/uploads\/2022\/02\/rodeio_02-1024x523.jpg 1024w, https:\/\/franciscanos.org.br\/noticias\/wp-content\/uploads\/2022\/02\/rodeio_02-768x392.jpg 768w, https:\/\/franciscanos.org.br\/noticias\/wp-content\/uploads\/2022\/02\/rodeio_02-1536x785.jpg 1536w, https:\/\/franciscanos.org.br\/noticias\/wp-content\/uploads\/2022\/02\/rodeio_02-150x77.jpg 150w\" sizes=\"(max-width: 1540px) 100vw, 1540px\" \/><\/p>\n<p>Dom On\u00e9cimo saudou o povo que veio das 16 comunidades da Par\u00f3quia, as autoridades civis e especialmente as Irm\u00e3s Catequistas Franciscanas.<\/p>\n<p>Na sua reflex\u00e3o lembrou que o Evangelho deste domingo apresenta um programa de vida e marca o in\u00edcio do Serm\u00e3o da Montanha. &#8220;S\u00e3o Lucas descreve Jesus ensinando, n\u00e3o l\u00e1 do alto da montanha, mas aqui embaixo, no lugar plano, pr\u00f3ximo dos seus disc\u00edpulos e da multid\u00e3o. Lucas coloca Jesus junto da comunidade, junto ao seu povo&#8221;, observou o bispo.<\/p>\n<p>Dom On\u00e9cimo destacou que a autoridade de Jesus se situa na doa\u00e7\u00e3o, no servi\u00e7o, na entrega, na proximidade de Deus, que veio para ser Deus conosco. &#8220;E t\u00e3o conosco ele \u00e9 que caminha conosco, caminha entre n\u00f3s. Ele \u00e9 o Filho de Deus entre n\u00f3s. Viver o minist\u00e9rio sacerdotal \u00e9 estabelecer esta proximidade. Quanto mais se traz as experi\u00eancias, as circunst\u00e2ncias, as situa\u00e7\u00f5es vividas pelo nosso povo para dentro do cora\u00e7\u00e3o, mais o amor de Cristo, o Bom Pastor, se tornar\u00e1 vis\u00edvel na pessoa do padre, do frei, que vive e \u00e9 chamado para viver esta voca\u00e7\u00e3o&#8221;, ensinou.<\/p>\n<p><img loading=\"lazy\" class=\"alignnone wp-image-236558 size-full\" src=\"https:\/\/franciscanos.org.br\/noticias\/wp-content\/uploads\/2022\/02\/rodeio_07.jpg\" alt=\"\" width=\"1447\" height=\"724\" srcset=\"https:\/\/franciscanos.org.br\/noticias\/wp-content\/uploads\/2022\/02\/rodeio_07.jpg 1447w, https:\/\/franciscanos.org.br\/noticias\/wp-content\/uploads\/2022\/02\/rodeio_07-450x225.jpg 450w, https:\/\/franciscanos.org.br\/noticias\/wp-content\/uploads\/2022\/02\/rodeio_07-1024x512.jpg 1024w, https:\/\/franciscanos.org.br\/noticias\/wp-content\/uploads\/2022\/02\/rodeio_07-768x384.jpg 768w, https:\/\/franciscanos.org.br\/noticias\/wp-content\/uploads\/2022\/02\/rodeio_07-150x75.jpg 150w\" sizes=\"(max-width: 1447px) 100vw, 1447px\" \/><\/p>\n<p>&#8220;Jesus est\u00e1 no meio de n\u00f3s, iniciamos esta Eucaristia dizendo isto. Ele est\u00e1 no meio de n\u00f3s para que, assim, voc\u00ea se sinta sempre acompanhado e procure viver como um bem-aventurado, abra\u00e7ando sua cruz, seu sofrimento de cada dia porque Jesus, ao chamar para esta f\u00e9, para ser um crist\u00e3o, para eu ser bispo, para ser frei, ele n\u00e3o nos isenta ou pede favores, e muito menos diz assim: &#8216;agora, n\u00e3o ter\u00e1 nenhum sofrimento; voc\u00ea vai viver uma vida sem dor nenhuma&#8217;. Ele n\u00e3o nos enganou. T\u00e3o sincero foi e tanto nos amou que disse: primeiro voc\u00ea n\u00e3o \u00e9 obrigado, quem quiser me seguir, renuncie a si mesmo e tome a sua cruz de cada dia e me siga&#8221;, lembrou.<\/p>\n<p>&#8220;Lucas traz Jesus para a parte baixa da montanha, onde realmente ele veio, onde ele se encarnou, onde o Evangelho deve ser vivido e acolhido. Ele traz para junto de n\u00f3s para dizer que temos as nossas cruzes e sofrimentos. Eu estou contigo e tudo \u00e9 bem-aventurado porque eu estou contigo. O amor dele \u00e9 a for\u00e7a que necessitamos para curar as nossas feridas. Que as bem-aventuran\u00e7as nos ajudem a viver o nosso minist\u00e9rio de forma fiel e coerente com aquilo que Jesus nos ensinou&#8221;, completou.<\/p>\n<p><img loading=\"lazy\" class=\"alignnone wp-image-236559 size-full\" src=\"https:\/\/franciscanos.org.br\/noticias\/wp-content\/uploads\/2022\/02\/rodeio_06.jpg\" alt=\"\" width=\"1414\" height=\"739\" srcset=\"https:\/\/franciscanos.org.br\/noticias\/wp-content\/uploads\/2022\/02\/rodeio_06.jpg 1414w, https:\/\/franciscanos.org.br\/noticias\/wp-content\/uploads\/2022\/02\/rodeio_06-450x235.jpg 450w, https:\/\/franciscanos.org.br\/noticias\/wp-content\/uploads\/2022\/02\/rodeio_06-1024x535.jpg 1024w, https:\/\/franciscanos.org.br\/noticias\/wp-content\/uploads\/2022\/02\/rodeio_06-768x401.jpg 768w, https:\/\/franciscanos.org.br\/noticias\/wp-content\/uploads\/2022\/02\/rodeio_06-150x78.jpg 150w\" sizes=\"(max-width: 1414px) 100vw, 1414px\" \/><\/p>\n<p>&#8220;Devo dizer que me sinto muito feliz pelo momento que estou vivendo com voc\u00eas aqui&#8221;, contou o novo p\u00e1roco. &#8220;Me sinto realizado. Sei que a tarefa \u00e9 um tanto desafiadora, mas sei que ser\u00e1 gratificante e me coloco inteiramente a servi\u00e7o de toda a comunidade paroquial, da Diocese, na pessoa do nosso Bispo Dom On\u00e9cimo; da Fraternidade, na pessoa do guardi\u00e3o Frei Josemberg Aranha; do Mestre Frei Samuel e dos novi\u00e7os&#8221;, prometeu.<\/p>\n<p>Frei Miguel destacou a longa tradi\u00e7\u00e3o cat\u00f3lica do povo de Rodeio e lembrou do trabalho das Irm\u00e3s Catequistas Franciscanas, que no \u00faltimo dia 14 de janeiro celebraram 107 anos de hist\u00f3ria de funda\u00e7\u00e3o da Congrega\u00e7\u00e3o em Rodeio. &#8220;Espero que possamos fazer um trabalho juntos&#8221;, disse o p\u00e1roco.<\/p>\n<p>Frei Miguel tamb\u00e9m disse que era uma honra para ele ter Frei Claudino como Vig\u00e1rio, ele que foi seu professor no Semin\u00e1rio de Agudos. &#8220;Fico muito feliz por ter aceitado trabalhar aqui&#8221;, enfatizou.<\/p>\n<p>No final da celebra\u00e7\u00e3o, Dom On\u00e9cimo pediu para cantar &#8220;Parab\u00e9ns&#8221; a Frei Claudino, pelo seu jubileu de 50 anos de vida religiosa, e pelo jubileu de 25 anos de vida religiosa de Frei Miguel.<\/p>\n","protected":false},"excerpt":{"rendered":"<p>Par\u00f3quia S\u00e3o Francisco de Assis de Rodeio<\/p>\n","protected":false},"author":3,"featured_media":236555,"comment_status":"open","ping_status":"open","sticky":false,"template":"","format":"standard","meta":[],"categories":[1],"tags":[1932,1831],"acf":[],"yoast_head":"<!-- This site is optimized with the Yoast SEO plugin v19.2 - https:\/\/yoast.com\/wordpress\/plugins\/seo\/ -->\n<title>Frei Miguel e Frei Claudino tomam posse na Par\u00f3quia S\u00e3o Francisco de Assis de Rodeio - Not\u00edcias - Franciscanos<\/title>\n<meta name=\"robots\" content=\"index, follow, max-snippet:-1, max-image-preview:large, max-video-preview:-1\" \/>\n<link rel=\"canonical\" href=\"https:\/\/franciscanos.org.br\/noticias\/frei-miguel-e-frei-claudino-tomam-posse-na-paroquia-sao-francisco-de-assis-de-rodeio.html\" \/>\n<meta property=\"og:locale\" content=\"pt_BR\" \/>\n<meta property=\"og:type\" content=\"article\" \/>\n<meta property=\"og:title\" content=\"Frei Miguel e Frei Claudino tomam posse na Par\u00f3quia S\u00e3o Francisco de Assis de Rodeio - Not\u00edcias - Franciscanos\" \/>\n<meta property=\"og:description\" content=\"Par\u00f3quia S\u00e3o Francisco de Assis de Rodeio\" \/>\n<meta property=\"og:url\" content=\"https:\/\/franciscanos.org.br\/noticias\/frei-miguel-e-frei-claudino-tomam-posse-na-paroquia-sao-francisco-de-assis-de-rodeio.html\" \/>\n<meta property=\"og:site_name\" content=\"Not\u00edcias - Franciscanos\" \/>\n<meta property=\"article:published_time\" content=\"2022-02-14T11:23:10+00:00\" \/>\n<meta property=\"article:modified_time\" content=\"2022-02-14T11:29:43+00:00\" \/>\n<meta property=\"og:image\" content=\"https:\/\/franciscanos.org.br\/noticias\/wp-content\/uploads\/2022\/02\/rodeio_01.jpg\" \/>\n\t<meta property=\"og:image:width\" content=\"1465\" \/>\n\t<meta property=\"og:image:height\" content=\"751\" \/>\n\t<meta property=\"og:image:type\" content=\"image\/jpeg\" \/>\n<meta name=\"author\" content=\"moacir\" \/>\n<meta name=\"twitter:card\" content=\"summary_large_image\" \/>\n<meta name=\"twitter:label1\" content=\"Escrito por\" \/>\n\t<meta name=\"twitter:data1\" content=\"moacir\" \/>\n\t<meta name=\"twitter:label2\" content=\"Est. tempo de leitura\" \/>\n\t<meta name=\"twitter:data2\" content=\"4 minutos\" \/>\n<script type=\"application\/ld+json\" class=\"yoast-schema-graph\">{\"@context\":\"https:\/\/schema.org\",\"@graph\":[{\"@type\":\"WebSite\",\"@id\":\"https:\/\/franciscanos.org.br\/noticias\/#website\",\"url\":\"https:\/\/franciscanos.org.br\/noticias\/\",\"name\":\"Not\u00edcias - Franciscanos\",\"description\":\"Prov\u00edncia Franciscana da Imaculada Concei\u00e7\u00e3o do Brasil - Ordem dos Frades Menores - OFM\",\"potentialAction\":[{\"@type\":\"SearchAction\",\"target\":{\"@type\":\"EntryPoint\",\"urlTemplate\":\"https:\/\/franciscanos.org.br\/noticias\/?s={search_term_string}\"},\"query-input\":\"required name=search_term_string\"}],\"inLanguage\":\"pt-BR\"},{\"@type\":\"ImageObject\",\"inLanguage\":\"pt-BR\",\"@id\":\"https:\/\/franciscanos.org.br\/noticias\/frei-miguel-e-frei-claudino-tomam-posse-na-paroquia-sao-francisco-de-assis-de-rodeio.html#primaryimage\",\"url\":\"https:\/\/franciscanos.org.br\/noticias\/wp-content\/uploads\/2022\/02\/rodeio_01.jpg\",\"contentUrl\":\"https:\/\/franciscanos.org.br\/noticias\/wp-content\/uploads\/2022\/02\/rodeio_01.jpg\",\"width\":1465,\"height\":751},{\"@type\":\"WebPage\",\"@id\":\"https:\/\/franciscanos.org.br\/noticias\/frei-miguel-e-frei-claudino-tomam-posse-na-paroquia-sao-francisco-de-assis-de-rodeio.html#webpage\",\"url\":\"https:\/\/franciscanos.org.br\/noticias\/frei-miguel-e-frei-claudino-tomam-posse-na-paroquia-sao-francisco-de-assis-de-rodeio.html\",\"name\":\"Frei Miguel e Frei Claudino tomam posse na Par\u00f3quia S\u00e3o Francisco de Assis de Rodeio - Not\u00edcias - Franciscanos\",\"isPartOf\":{\"@id\":\"https:\/\/franciscanos.org.br\/noticias\/#website\"},\"primaryImageOfPage\":{\"@id\":\"https:\/\/franciscanos.org.br\/noticias\/frei-miguel-e-frei-claudino-tomam-posse-na-paroquia-sao-francisco-de-assis-de-rodeio.html#primaryimage\"},\"datePublished\":\"2022-02-14T11:23:10+00:00\",\"dateModified\":\"2022-02-14T11:29:43+00:00\",\"author\":{\"@id\":\"https:\/\/franciscanos.org.br\/noticias\/#\/schema\/person\/b5c8cba458c330ccff548b056e95a5d4\"},\"breadcrumb\":{\"@id\":\"https:\/\/franciscanos.org.br\/noticias\/frei-miguel-e-frei-claudino-tomam-posse-na-paroquia-sao-francisco-de-assis-de-rodeio.html#breadcrumb\"},\"inLanguage\":\"pt-BR\",\"potentialAction\":[{\"@type\":\"ReadAction\",\"target\":[\"https:\/\/franciscanos.org.br\/noticias\/frei-miguel-e-frei-claudino-tomam-posse-na-paroquia-sao-francisco-de-assis-de-rodeio.html\"]}]},{\"@type\":\"BreadcrumbList\",\"@id\":\"https:\/\/franciscanos.org.br\/noticias\/frei-miguel-e-frei-claudino-tomam-posse-na-paroquia-sao-francisco-de-assis-de-rodeio.html#breadcrumb\",\"itemListElement\":[{\"@type\":\"ListItem\",\"position\":1,\"name\":\"Home\",\"item\":\"https:\/\/franciscanos.org.br\/noticias\"},{\"@type\":\"ListItem\",\"position\":2,\"name\":\"Frei Miguel e Frei Claudino tomam posse na Par\u00f3quia S\u00e3o Francisco de Assis de Rodeio\"}]},{\"@type\":\"Person\",\"@id\":\"https:\/\/franciscanos.org.br\/noticias\/#\/schema\/person\/b5c8cba458c330ccff548b056e95a5d4\",\"name\":\"moacir\",\"image\":{\"@type\":\"ImageObject\",\"inLanguage\":\"pt-BR\",\"@id\":\"https:\/\/franciscanos.org.br\/noticias\/#\/schema\/person\/image\/\",\"url\":\"https:\/\/secure.gravatar.com\/avatar\/d08aa2ce4c8dd416d4479aa8536fcf64?s=96&d=mm&r=g\",\"contentUrl\":\"https:\/\/secure.gravatar.com\/avatar\/d08aa2ce4c8dd416d4479aa8536fcf64?s=96&d=mm&r=g\",\"caption\":\"moacir\"},\"url\":\"https:\/\/franciscanos.org.br\/noticias\/author\/moacir\"}]}<\/script>\n<!-- \/ Yoast SEO plugin. -->","yoast_head_json":{"title":"Frei Miguel e Frei Claudino tomam posse na Par\u00f3quia S\u00e3o Francisco de Assis de Rodeio - Not\u00edcias - Franciscanos","robots":{"index":"index","follow":"follow","max-snippet":"max-snippet:-1","max-image-preview":"max-image-preview:large","max-video-preview":"max-video-preview:-1"},"canonical":"https:\/\/franciscanos.org.br\/noticias\/frei-miguel-e-frei-claudino-tomam-posse-na-paroquia-sao-francisco-de-assis-de-rodeio.html","og_locale":"pt_BR","og_type":"article","og_title":"Frei Miguel e Frei Claudino tomam posse na Par\u00f3quia S\u00e3o Francisco de Assis de Rodeio - Not\u00edcias - Franciscanos","og_description":"Par\u00f3quia S\u00e3o Francisco de Assis de Rodeio","og_url":"https:\/\/franciscanos.org.br\/noticias\/frei-miguel-e-frei-claudino-tomam-posse-na-paroquia-sao-francisco-de-assis-de-rodeio.html","og_site_name":"Not\u00edcias - Franciscanos","article_published_time":"2022-02-14T11:23:10+00:00","article_modified_time":"2022-02-14T11:29:43+00:00","og_image":[{"width":1465,"height":751,"url":"https:\/\/franciscanos.org.br\/noticias\/wp-content\/uploads\/2022\/02\/rodeio_01.jpg","type":"image\/jpeg"}],"author":"moacir","twitter_card":"summary_large_image","twitter_misc":{"Escrito por":"moacir","Est. tempo de leitura":"4 minutos"},"schema":{"@context":"https:\/\/schema.org","@graph":[{"@type":"WebSite","@id":"https:\/\/franciscanos.org.br\/noticias\/#website","url":"https:\/\/franciscanos.org.br\/noticias\/","name":"Not\u00edcias - Franciscanos","description":"Prov\u00edncia Franciscana da Imaculada Concei\u00e7\u00e3o do Brasil - Ordem dos Frades Menores - OFM","potentialAction":[{"@type":"SearchAction","target":{"@type":"EntryPoint","urlTemplate":"https:\/\/franciscanos.org.br\/noticias\/?s={search_term_string}"},"query-input":"required name=search_term_string"}],"inLanguage":"pt-BR"},{"@type":"ImageObject","inLanguage":"pt-BR","@id":"https:\/\/franciscanos.org.br\/noticias\/frei-miguel-e-frei-claudino-tomam-posse-na-paroquia-sao-francisco-de-assis-de-rodeio.html#primaryimage","url":"https:\/\/franciscanos.org.br\/noticias\/wp-content\/uploads\/2022\/02\/rodeio_01.jpg","contentUrl":"https:\/\/franciscanos.org.br\/noticias\/wp-content\/uploads\/2022\/02\/rodeio_01.jpg","width":1465,"height":751},{"@type":"WebPage","@id":"https:\/\/franciscanos.org.br\/noticias\/frei-miguel-e-frei-claudino-tomam-posse-na-paroquia-sao-francisco-de-assis-de-rodeio.html#webpage","url":"https:\/\/franciscanos.org.br\/noticias\/frei-miguel-e-frei-claudino-tomam-posse-na-paroquia-sao-francisco-de-assis-de-rodeio.html","name":"Frei Miguel e Frei Claudino tomam posse na Par\u00f3quia S\u00e3o Francisco de Assis de Rodeio - Not\u00edcias - Franciscanos","isPartOf":{"@id":"https:\/\/franciscanos.org.br\/noticias\/#website"},"primaryImageOfPage":{"@id":"https:\/\/franciscanos.org.br\/noticias\/frei-miguel-e-frei-claudino-tomam-posse-na-paroquia-sao-francisco-de-assis-de-rodeio.html#primaryimage"},"datePublished":"2022-02-14T11:23:10+00:00","dateModified":"2022-02-14T11:29:43+00:00","author":{"@id":"https:\/\/franciscanos.org.br\/noticias\/#\/schema\/person\/b5c8cba458c330ccff548b056e95a5d4"},"breadcrumb":{"@id":"https:\/\/franciscanos.org.br\/noticias\/frei-miguel-e-frei-claudino-tomam-posse-na-paroquia-sao-francisco-de-assis-de-rodeio.html#breadcrumb"},"inLanguage":"pt-BR","potentialAction":[{"@type":"ReadAction","target":["https:\/\/franciscanos.org.br\/noticias\/frei-miguel-e-frei-claudino-tomam-posse-na-paroquia-sao-francisco-de-assis-de-rodeio.html"]}]},{"@type":"BreadcrumbList","@id":"https:\/\/franciscanos.org.br\/noticias\/frei-miguel-e-frei-claudino-tomam-posse-na-paroquia-sao-francisco-de-assis-de-rodeio.html#breadcrumb","itemListElement":[{"@type":"ListItem","position":1,"name":"Home","item":"https:\/\/franciscanos.org.br\/noticias"},{"@type":"ListItem","position":2,"name":"Frei Miguel e Frei Claudino tomam posse na Par\u00f3quia S\u00e3o Francisco de Assis de Rodeio"}]},{"@type":"Person","@id":"https:\/\/franciscanos.org.br\/noticias\/#\/schema\/person\/b5c8cba458c330ccff548b056e95a5d4","name":"moacir","image":{"@type":"ImageObject","inLanguage":"pt-BR","@id":"https:\/\/franciscanos.org.br\/noticias\/#\/schema\/person\/image\/","url":"https:\/\/secure.gravatar.com\/avatar\/d08aa2ce4c8dd416d4479aa8536fcf64?s=96&d=mm&r=g","contentUrl":"https:\/\/secure.gravatar.com\/avatar\/d08aa2ce4c8dd416d4479aa8536fcf64?s=96&d=mm&r=g","caption":"moacir"},"url":"https:\/\/franciscanos.org.br\/noticias\/author\/moacir"}]}},"_links":{"self":[{"href":"https:\/\/franciscanos.org.br\/noticias\/wp-json\/wp\/v2\/posts\/236554"}],"collection":[{"href":"https:\/\/franciscanos.org.br\/noticias\/wp-json\/wp\/v2\/posts"}],"about":[{"href":"https:\/\/franciscanos.org.br\/noticias\/wp-json\/wp\/v2\/types\/post"}],"author":[{"embeddable":true,"href":"https:\/\/franciscanos.org.br\/noticias\/wp-json\/wp\/v2\/users\/3"}],"replies":[{"embeddable":true,"href":"https:\/\/franciscanos.org.br\/noticias\/wp-json\/wp\/v2\/comments?post=236554"}],"version-history":[{"count":3,"href":"https:\/\/franciscanos.org.br\/noticias\/wp-json\/wp\/v2\/posts\/236554\/revisions"}],"predecessor-version":[{"id":236562,"href":"https:\/\/franciscanos.org.br\/noticias\/wp-json\/wp\/v2\/posts\/236554\/revisions\/236562"}],"wp:featuredmedia":[{"embeddable":true,"href":"https:\/\/franciscanos.org.br\/noticias\/wp-json\/wp\/v2\/media\/236555"}],"wp:attachment":[{"href":"https:\/\/franciscanos.org.br\/noticias\/wp-json\/wp\/v2\/media?parent=236554"}],"wp:term":[{"taxonomy":"category","embeddable":true,"href":"https:\/\/franciscanos.org.br\/noticias\/wp-json\/wp\/v2\/categories?post=236554"},{"taxonomy":"post_tag","embeddable":true,"href":"https:\/\/franciscanos.org.br\/noticias\/wp-json\/wp\/v2\/tags?post=236554"}],"curies":[{"name":"wp","href":"https:\/\/api.w.org\/{rel}","templated":true}]}}