{"id":236543,"date":"2022-02-13T21:24:44","date_gmt":"2022-02-14T00:24:44","guid":{"rendered":"https:\/\/franciscanos.org.br\/noticias\/?p=236543"},"modified":"2022-02-13T21:32:58","modified_gmt":"2022-02-14T00:32:58","slug":"frei-germano-toma-posse-na-paroquia-santo-amaro-da-imperatriz","status":"publish","type":"post","link":"https:\/\/franciscanos.org.br\/noticias\/frei-germano-toma-posse-na-paroquia-santo-amaro-da-imperatriz.html","title":{"rendered":"Frei Germano toma posse na Par\u00f3quia Santo Amaro da Imperatriz"},"content":{"rendered":"<div id=\"attachment_236546\" style=\"width: 1290px\" class=\"wp-caption alignnone\"><img aria-describedby=\"caption-attachment-236546\" loading=\"lazy\" class=\"wp-image-236546 size-full\" src=\"https:\/\/franciscanos.org.br\/noticias\/wp-content\/uploads\/2022\/02\/germano_01.jpg\" alt=\"\" width=\"1280\" height=\"720\" srcset=\"https:\/\/franciscanos.org.br\/noticias\/wp-content\/uploads\/2022\/02\/germano_01.jpg 1280w, https:\/\/franciscanos.org.br\/noticias\/wp-content\/uploads\/2022\/02\/germano_01-450x253.jpg 450w, https:\/\/franciscanos.org.br\/noticias\/wp-content\/uploads\/2022\/02\/germano_01-1024x576.jpg 1024w, https:\/\/franciscanos.org.br\/noticias\/wp-content\/uploads\/2022\/02\/germano_01-768x432.jpg 768w, https:\/\/franciscanos.org.br\/noticias\/wp-content\/uploads\/2022\/02\/germano_01-150x84.jpg 150w\" sizes=\"(max-width: 1280px) 100vw, 1280px\" \/><p id=\"caption-attachment-236546\" class=\"wp-caption-text\"><em>\u00a0 \u00a0 \u00a0 \u00a0 \u00a0 \u00a0 \u00a0 \u00a0 \u00a0 \u00a0 \u00a0 \u00a0 \u00a0 \u00a0 \u00a0 \u00a0 \u00a0 \u00a0 \u00a0 \u00a0 \u00a0 \u00a0 \u00a0 \u00a0 \u00a0 \u00a0 \u00a0 \u00a0 \u00a0 \u00a0 \u00a0 \u00a0 \u00a0 \u00a0 \u00a0 \u00a0 \u00a0Imagens: Reprodu\u00e7\u00e3o da transmiss\u00e3o digital<\/em><\/p><\/div>\n<p>A Par\u00f3quia Santo Amaro da cidade de Santo Amaro da Imperatriz, em Santa Catarina, celebrou neste domingo, 13 de fevereiro, a posse do novo p\u00e1roco, Frei Germano Guesser. Esse momento se deu durante a Celebra\u00e7\u00e3o Eucar\u00edstica, \u00e0s 19 horas, presidida pelo Arcebispo Metropolitano de Florian\u00f3polis, Dom Wilson Tadeu J\u00f6nck.<\/p>\n<p>Presentes nesta Missa, confrades de Frei Germano, sacerdotes, di\u00e1conos da Arquidiocese e o povo que lotou a igreja. &#8220;A tomada de posse sempre \u00e9 um momento importante na vida do frei que inicia o trabalho aqui, mas tamb\u00e9m \u00e9 um momento importante para a comunidade. E \u00e9 exatamente porque solicita maior aten\u00e7\u00e3o que s\u00e3o momentos privilegiados para intensificar a nossa vida de f\u00e9, a nossa participa\u00e7\u00e3o na comunidade e que, de fato, possamos aprofundar aquilo que s\u00e3o os ensinamentos do Evangelho&#8221;, explicou Dom Wilson, anunciando a leitura da provis\u00e3o do novo p\u00e1roco. Na sequ\u00eancia, Frei Germano fez a profiss\u00e3o de f\u00e9 ajoelhado diante do Arcebispo.<\/p>\n<p><img loading=\"lazy\" class=\"alignnone wp-image-236545 size-full\" src=\"https:\/\/franciscanos.org.br\/noticias\/wp-content\/uploads\/2022\/02\/germano_02.jpg\" alt=\"\" width=\"1280\" height=\"720\" srcset=\"https:\/\/franciscanos.org.br\/noticias\/wp-content\/uploads\/2022\/02\/germano_02.jpg 1280w, https:\/\/franciscanos.org.br\/noticias\/wp-content\/uploads\/2022\/02\/germano_02-450x253.jpg 450w, https:\/\/franciscanos.org.br\/noticias\/wp-content\/uploads\/2022\/02\/germano_02-1024x576.jpg 1024w, https:\/\/franciscanos.org.br\/noticias\/wp-content\/uploads\/2022\/02\/germano_02-768x432.jpg 768w, https:\/\/franciscanos.org.br\/noticias\/wp-content\/uploads\/2022\/02\/germano_02-150x84.jpg 150w\" sizes=\"(max-width: 1280px) 100vw, 1280px\" \/><\/p>\n<p>Na sua reflex\u00e3o, o Arcebispo falou dos deslocamentos de Jesus, como no Evangelho deste domingo (Lucas 6,17.20-26). Aqui, ele estava rezando, desce a montanha, e encontra uma multid\u00e3o. &#8220;H\u00e1 um deslocamento de Cristo, mas h\u00e1 tamb\u00e9m um deslocamento desta multid\u00e3o, que vai em dire\u00e7\u00e3o a Cristo. No Evangelho, muitas vezes, Jesus convida os disc\u00edpulos: &#8216;Vamos passar para o outro lado&#8217;, &#8216;vamos passar para outra margem&#8217;. Quando n\u00f3s nos deslocamos, vemos a mesma realidade, mas vemos de outro \u00e2ngulo. Se olharmos a bonita igreja de Santo Amaro deste lado aqui, vemos de um jeito, mas se formos naquele morro vamos ver a mesma igreja de outro \u00e2ngulo. Isso \u00e9 muito importante que a gente fa\u00e7a na nossa vida. De vez em quando somos convidados a descer o morro, a ir para o outro lado. Isso na vida acontece de v\u00e1rias formas&#8221;, explicou o Arcebispo.<\/p>\n<p>&#8220;Se voc\u00ea teve que mudar, fazer uma mudan\u00e7a de cidade, voc\u00ea deixa amigos, o lugar que viveu e tem que come\u00e7ar tudo de novo. Novos amigos, nova realidade&#8221;, recordou. Segundo D. Wilson, assim tamb\u00e9m acontece na nossa vida de f\u00e9. &#8220;De vez em quando somos convidados a ir para o lado, rever a nossa vida, sair de onde n\u00f3s estamos, e muitas vezes esse sair n\u00e3o \u00e9 feito com uma decis\u00e3o nossa. Muitas vezes n\u00f3s somos jogados para o outro lado. Pegue por exemplo um fracasso financeiro, onde da noite para o dia tudo foi por \u00e1gua abaixo. Uma doen\u00e7a, um momento de morte na fam\u00edlia. Voc\u00ea \u00e9 obrigado a repensar tudo. Mesmo os sofrimentos s\u00e3o momentos altamente importantes na nossa vida&#8221;, acrescentou.<\/p>\n<p><img loading=\"lazy\" class=\"alignnone wp-image-236544 size-full\" src=\"https:\/\/franciscanos.org.br\/noticias\/wp-content\/uploads\/2022\/02\/germano_06.jpg\" alt=\"\" width=\"1280\" height=\"720\" srcset=\"https:\/\/franciscanos.org.br\/noticias\/wp-content\/uploads\/2022\/02\/germano_06.jpg 1280w, https:\/\/franciscanos.org.br\/noticias\/wp-content\/uploads\/2022\/02\/germano_06-450x253.jpg 450w, https:\/\/franciscanos.org.br\/noticias\/wp-content\/uploads\/2022\/02\/germano_06-1024x576.jpg 1024w, https:\/\/franciscanos.org.br\/noticias\/wp-content\/uploads\/2022\/02\/germano_06-768x432.jpg 768w, https:\/\/franciscanos.org.br\/noticias\/wp-content\/uploads\/2022\/02\/germano_06-150x84.jpg 150w\" sizes=\"(max-width: 1280px) 100vw, 1280px\" \/><\/p>\n<p>Para D. Wilson, quando formos deslocados, ou por uma op\u00e7\u00e3o ou quando formos arremessados para outro lado, \u00e9 importante que n\u00f3s acolhamos isso como uma grande oportunidade que Deus nos d\u00e1. &#8220;Aqueles que se encontraram com Jesus, quando ele pronunciou as bem-aventuran\u00e7as que acabamos de ouvir, eles tamb\u00e9m sa\u00edram e ouviram uma coisa nova. Ouviram uma mensagem do pr\u00f3prio Cristo. E quando ouviram essa Palavra tamb\u00e9m repensaram tudo na sua vida. E \u00e9 o que Cristo quer ser na nossa vida. Essa grande surpresa. Esse grande iluminador. Ele quer dizer para n\u00f3s que \u00e9 o caminho, a verdade, a vida. E que n\u00f3s aprendamos a fazer esse caminho para nos encontrarmos com Cristo. E que isso seja di\u00e1rio. Mesmo que alguns momentos sejam mais fortes nesse encontro com Cristo, mas<\/p>\n<p>isso \u00e9 o fundamental na nossa vida de f\u00e9, \u00e9 o fundamental na nossa vida crist\u00e3, na nossa vida como seres humanos&#8221;, ensinou.<\/p>\n<p>&#8220;Frei Germano vem para Santo Amaro. Na vida dos religiosos, normalmente n\u00e3o escolhem, eles s\u00e3o enviados. Mas ele est\u00e1 bem contente de estar aqui. De qualquer forma, na vida dele \u00e9 repensar tudo, como ele vai realmente servir esta comunidade, servir cada membro desta comunidade, de todos aqueles que ser\u00e3o seus auxiliares mais pr\u00f3ximos. Tudo isso vai exigir que ele saia de onde est\u00e1, que se estabele\u00e7a novos relacionamentos. E isso tamb\u00e9m ser\u00e1 uma grande oportunidade na vida do Frei Germano&#8221;, orientou.<\/p>\n<p><img loading=\"lazy\" class=\"alignnone wp-image-236547 size-full\" src=\"https:\/\/franciscanos.org.br\/noticias\/wp-content\/uploads\/2022\/02\/germano_04.jpg\" alt=\"\" width=\"1280\" height=\"720\" srcset=\"https:\/\/franciscanos.org.br\/noticias\/wp-content\/uploads\/2022\/02\/germano_04.jpg 1280w, https:\/\/franciscanos.org.br\/noticias\/wp-content\/uploads\/2022\/02\/germano_04-450x253.jpg 450w, https:\/\/franciscanos.org.br\/noticias\/wp-content\/uploads\/2022\/02\/germano_04-1024x576.jpg 1024w, https:\/\/franciscanos.org.br\/noticias\/wp-content\/uploads\/2022\/02\/germano_04-768x432.jpg 768w, https:\/\/franciscanos.org.br\/noticias\/wp-content\/uploads\/2022\/02\/germano_04-150x84.jpg 150w\" sizes=\"(max-width: 1280px) 100vw, 1280px\" \/><\/p>\n<p>&#8220;Voc\u00eas v\u00e3o ajudar ele a viver isso e a sentir alegria no seu minist\u00e9rio sacerdotal aqui em Santo Amaro. Quando ele perceber que na comunidade, nas fam\u00edlias, as pessoas se entusiasmam pelo Evangelho de Cristo, ele tamb\u00e9m vai se sentir muito alegre por isso. E assim a nossa vida vai acontecendo. E em n\u00f3s, toda a comunidade, todas as fam\u00edlias, que haja esse desejo tamb\u00e9m de ir ao encontro, agora ao encontro de Frei Germano. E ao encontrar-se com Frei Germano, tenha o seu encontro com Cristo. De acolh\u00ea-lo, de escut\u00e1-lo, de caminhar com ele&#8221;, pediu.<\/p>\n<p>Segundo o Arcebispo, quando n\u00f3s temos esse movimento para ir ao encontro de Cristo, n\u00f3s vamos compreender sempre mais a n\u00f3s mesmos, n\u00f3s vamos compreender como viver a f\u00e9, como fazer as coisas da f\u00e9. &#8220;E a vida crist\u00e3 vai se desenvolvendo a partir disso. \u00c9 um novo momento para a Par\u00f3quia de Santo Amaro, que esse momento seja um momento alegre, de acolhida com entusiasmo do Cristo que vem. Do Cristo que vem com entusiasmo, do Cristo que quer participar da vida de cada pessoa, que quer participar da vida de cada fam\u00edlia e da comunidade&#8221;, exortou.<\/p>\n<p><strong>O EXEMPLO DO BOM PASTOR<\/strong><\/p>\n<p>Na sua fala, Frei Germano lembrou que escolheu para a sua ordena\u00e7\u00e3o o lema do Bom Pastor: &#8220;Por uma ovelha s\u00f3, ainda que pequenina, serei a vida inteira um pastor (Jo 10)&#8221;. &#8220;A exemplo do Bom Pastor que \u00e9 Jesus Cristo, um p\u00e1roco deve ser um servidor, algu\u00e9m que chega para servir, algu\u00e9m que chega para cuidar, para dar prote\u00e7\u00e3o ao rebanho&#8221;, enfatizou, explicando que a &#8220;tomada de posse&#8221; n\u00e3o tem nada a ver com a tomada de posse no sentido civil, quando envolve uma propriedade particular. &#8220;O padre n\u00e3o se autoconvoca ou se candidata para estar \u00e0 frente de uma responsabilidade como essa, mas responde a um chamado, a uma solicita\u00e7\u00e3o, que no meu caso veio da Ordem dos Frades Menores, onde um dia eu fiz o voto de obedi\u00eancia. Diante do meu superior, eu disse: &#8216;Eis-me aqui&#8217;. Agora, diante deste chamado, novamente eu digo: &#8216;Eis-me aqui!'&#8221;, explicou.<\/p>\n<p><img loading=\"lazy\" class=\"alignnone wp-image-236548 size-full\" src=\"https:\/\/franciscanos.org.br\/noticias\/wp-content\/uploads\/2022\/02\/germano_03.jpg\" alt=\"\" width=\"1280\" height=\"720\" srcset=\"https:\/\/franciscanos.org.br\/noticias\/wp-content\/uploads\/2022\/02\/germano_03.jpg 1280w, https:\/\/franciscanos.org.br\/noticias\/wp-content\/uploads\/2022\/02\/germano_03-450x253.jpg 450w, https:\/\/franciscanos.org.br\/noticias\/wp-content\/uploads\/2022\/02\/germano_03-1024x576.jpg 1024w, https:\/\/franciscanos.org.br\/noticias\/wp-content\/uploads\/2022\/02\/germano_03-768x432.jpg 768w, https:\/\/franciscanos.org.br\/noticias\/wp-content\/uploads\/2022\/02\/germano_03-150x84.jpg 150w\" sizes=\"(max-width: 1280px) 100vw, 1280px\" \/><\/p>\n<p>&#8220;N\u00e3o estou aqui como dono da verdade. N\u00e3o estou aqui para caminhar sozinho, mas para caminhar com voc\u00eas, com a Igreja povo de Deus. Quanto as minhas expectativas, coloco-me na situa\u00e7\u00e3o de escuta, de observa\u00e7\u00e3o. No mais, estou aqui inteiramente \u00e0 disposi\u00e7\u00e3o do povo para, juntos, sermos colaboradores do an\u00fancio da Boa Nova, para sermos express\u00e3o de uma comunidade de f\u00e9. Somos uma igreja sinodal, trabalhamos em conjunto e em fraternidade &#8211; citou seus confrades Frei Nilton Decker e Frei Gentil Branco -, com simplicidade e humildade&#8221;, ressaltou.<\/p>\n<p>Frei Germano lembrou que est\u00e1 em curso a Assembleia do S\u00ednodo. E uma das diretrizes do Papa Francisco para o caminho sinodal e para melhor compreender a sinodalidade \u00e9 &#8220;O amor, regra suprema&#8221;. Vejam que sabedoria do Papa: &#8221; A regra suprema da corre\u00e7\u00e3o fraterna \u00e9 o amor: querer o bem de nossos irm\u00e3os e das nossas irm\u00e3s. Trata-se de tolerar os problemas dos outros, os defeitos dos outros em sil\u00eancio na ora\u00e7\u00e3o, e ent\u00e3o encontrar o caminho certo para ajud\u00e1-lo a se corrigir. E isso n\u00e3o \u00e9 f\u00e1cil. O caminho mais f\u00e1cil \u00e9 o da tagarelice. Descascar o outro como se eu fosse perfeito. E isso n\u00e3o deve ser feito. Mansid\u00e3o. Paci\u00eancia. Ora\u00e7\u00e3o. Proximidade. Caminhemos com alegria e com paci\u00eancia por este caminho, deixando-nos guiar pelo Esp\u00edrito Santo&#8221;.<\/p>\n<p><img loading=\"lazy\" class=\"alignnone wp-image-236549 size-full\" src=\"https:\/\/franciscanos.org.br\/noticias\/wp-content\/uploads\/2022\/02\/germano_05.jpg\" alt=\"\" width=\"1280\" height=\"720\" srcset=\"https:\/\/franciscanos.org.br\/noticias\/wp-content\/uploads\/2022\/02\/germano_05.jpg 1280w, https:\/\/franciscanos.org.br\/noticias\/wp-content\/uploads\/2022\/02\/germano_05-450x253.jpg 450w, https:\/\/franciscanos.org.br\/noticias\/wp-content\/uploads\/2022\/02\/germano_05-1024x576.jpg 1024w, https:\/\/franciscanos.org.br\/noticias\/wp-content\/uploads\/2022\/02\/germano_05-768x432.jpg 768w, https:\/\/franciscanos.org.br\/noticias\/wp-content\/uploads\/2022\/02\/germano_05-150x84.jpg 150w\" sizes=\"(max-width: 1280px) 100vw, 1280px\" \/><\/p>\n<p>Frei Germano explicou para o povo que era natural de Ant\u00f4nio Carlos, pr\u00f3ximo de Santo Amaro. O oitavo filho, de dez, da fam\u00edlia Guesser e Zimmermann. &#8220;J\u00e1 celebrei em Comunidades e na Matriz e posso afirmar o quanto o povo \u00e9 carinhoso, receptivo e fraterno. Por isso, com o apoio da Fraternidade Franciscana desta Par\u00f3quia, conto tamb\u00e9m com as comunidades, especialmente dos respons\u00e1veis pelas pastorais, movimentos para caminharmos e crescermos em comunh\u00e3o e, juntos, darmos nossa contribui\u00e7\u00e3o para tornar o Reino de Jesus uma realidade em nossa sociedade&#8221;, pediu.<\/p>\n<p>Ele terminou com uma ora\u00e7\u00e3o do Almirante William Nimitz (1885 &#8211; 1966), que foi traduzida pelo seu confrade Frei Elze\u00e1rio Schmitt, quando residiram na Fraternidade de Gaspar.<\/p>\n<p style=\"padding-left: 40px;\"><em>\u00d3 Deus<\/em><\/p>\n<p style=\"padding-left: 40px;\"><em>Dai-me coragem, para mudar as coisas que podem ser mudadas.<\/em><\/p>\n<p style=\"padding-left: 40px;\"><em>Dai-me serenidade, para aceitar as coisas que n\u00e3o podem ser mudadas.<\/em><\/p>\n<p style=\"padding-left: 40px;\"><em>Dai-me sabedoria, para conhecer a diferen\u00e7a.<\/em><\/p>\n<p style=\"padding-left: 40px;\"><em>Dai-me sobretudo for\u00e7a, para n\u00e3o desistir daquilo que eu julgo certo, <\/em><\/p>\n<p style=\"padding-left: 40px;\"><em>&#8230;Mesmo que seja sem esperan\u00e7a.<\/em><\/p>\n","protected":false},"excerpt":{"rendered":"<p>Par\u00f3quia Santo Amaro da Imperatriz <\/p>\n","protected":false},"author":3,"featured_media":236546,"comment_status":"open","ping_status":"open","sticky":false,"template":"","format":"standard","meta":[],"categories":[1],"tags":[1977],"acf":[],"yoast_head":"<!-- This site is optimized with the Yoast SEO plugin v19.2 - https:\/\/yoast.com\/wordpress\/plugins\/seo\/ -->\n<title>Frei Germano toma posse na Par\u00f3quia Santo Amaro da Imperatriz - Not\u00edcias - Franciscanos<\/title>\n<meta name=\"robots\" content=\"index, follow, max-snippet:-1, max-image-preview:large, max-video-preview:-1\" \/>\n<link rel=\"canonical\" href=\"https:\/\/franciscanos.org.br\/noticias\/frei-germano-toma-posse-na-paroquia-santo-amaro-da-imperatriz.html\" \/>\n<meta property=\"og:locale\" content=\"pt_BR\" \/>\n<meta property=\"og:type\" content=\"article\" \/>\n<meta property=\"og:title\" content=\"Frei Germano toma posse na Par\u00f3quia Santo Amaro da Imperatriz - Not\u00edcias - Franciscanos\" \/>\n<meta property=\"og:description\" content=\"Par\u00f3quia Santo Amaro da Imperatriz\" \/>\n<meta property=\"og:url\" content=\"https:\/\/franciscanos.org.br\/noticias\/frei-germano-toma-posse-na-paroquia-santo-amaro-da-imperatriz.html\" \/>\n<meta property=\"og:site_name\" content=\"Not\u00edcias - Franciscanos\" \/>\n<meta property=\"article:published_time\" content=\"2022-02-14T00:24:44+00:00\" \/>\n<meta property=\"article:modified_time\" content=\"2022-02-14T00:32:58+00:00\" \/>\n<meta property=\"og:image\" content=\"https:\/\/franciscanos.org.br\/noticias\/wp-content\/uploads\/2022\/02\/germano_01.jpg\" \/>\n\t<meta property=\"og:image:width\" content=\"1280\" \/>\n\t<meta property=\"og:image:height\" content=\"720\" \/>\n\t<meta property=\"og:image:type\" content=\"image\/jpeg\" \/>\n<meta name=\"author\" content=\"moacir\" \/>\n<meta name=\"twitter:card\" content=\"summary_large_image\" \/>\n<meta name=\"twitter:label1\" content=\"Escrito por\" \/>\n\t<meta name=\"twitter:data1\" content=\"moacir\" \/>\n\t<meta name=\"twitter:label2\" content=\"Est. tempo de leitura\" \/>\n\t<meta name=\"twitter:data2\" content=\"7 minutos\" \/>\n<script type=\"application\/ld+json\" class=\"yoast-schema-graph\">{\"@context\":\"https:\/\/schema.org\",\"@graph\":[{\"@type\":\"WebSite\",\"@id\":\"https:\/\/franciscanos.org.br\/noticias\/#website\",\"url\":\"https:\/\/franciscanos.org.br\/noticias\/\",\"name\":\"Not\u00edcias - Franciscanos\",\"description\":\"Prov\u00edncia Franciscana da Imaculada Concei\u00e7\u00e3o do Brasil - Ordem dos Frades Menores - OFM\",\"potentialAction\":[{\"@type\":\"SearchAction\",\"target\":{\"@type\":\"EntryPoint\",\"urlTemplate\":\"https:\/\/franciscanos.org.br\/noticias\/?s={search_term_string}\"},\"query-input\":\"required name=search_term_string\"}],\"inLanguage\":\"pt-BR\"},{\"@type\":\"ImageObject\",\"inLanguage\":\"pt-BR\",\"@id\":\"https:\/\/franciscanos.org.br\/noticias\/frei-germano-toma-posse-na-paroquia-santo-amaro-da-imperatriz.html#primaryimage\",\"url\":\"https:\/\/franciscanos.org.br\/noticias\/wp-content\/uploads\/2022\/02\/germano_01.jpg\",\"contentUrl\":\"https:\/\/franciscanos.org.br\/noticias\/wp-content\/uploads\/2022\/02\/germano_01.jpg\",\"width\":1280,\"height\":720},{\"@type\":\"WebPage\",\"@id\":\"https:\/\/franciscanos.org.br\/noticias\/frei-germano-toma-posse-na-paroquia-santo-amaro-da-imperatriz.html#webpage\",\"url\":\"https:\/\/franciscanos.org.br\/noticias\/frei-germano-toma-posse-na-paroquia-santo-amaro-da-imperatriz.html\",\"name\":\"Frei Germano toma posse na Par\u00f3quia Santo Amaro da Imperatriz - Not\u00edcias - Franciscanos\",\"isPartOf\":{\"@id\":\"https:\/\/franciscanos.org.br\/noticias\/#website\"},\"primaryImageOfPage\":{\"@id\":\"https:\/\/franciscanos.org.br\/noticias\/frei-germano-toma-posse-na-paroquia-santo-amaro-da-imperatriz.html#primaryimage\"},\"datePublished\":\"2022-02-14T00:24:44+00:00\",\"dateModified\":\"2022-02-14T00:32:58+00:00\",\"author\":{\"@id\":\"https:\/\/franciscanos.org.br\/noticias\/#\/schema\/person\/b5c8cba458c330ccff548b056e95a5d4\"},\"breadcrumb\":{\"@id\":\"https:\/\/franciscanos.org.br\/noticias\/frei-germano-toma-posse-na-paroquia-santo-amaro-da-imperatriz.html#breadcrumb\"},\"inLanguage\":\"pt-BR\",\"potentialAction\":[{\"@type\":\"ReadAction\",\"target\":[\"https:\/\/franciscanos.org.br\/noticias\/frei-germano-toma-posse-na-paroquia-santo-amaro-da-imperatriz.html\"]}]},{\"@type\":\"BreadcrumbList\",\"@id\":\"https:\/\/franciscanos.org.br\/noticias\/frei-germano-toma-posse-na-paroquia-santo-amaro-da-imperatriz.html#breadcrumb\",\"itemListElement\":[{\"@type\":\"ListItem\",\"position\":1,\"name\":\"Home\",\"item\":\"https:\/\/franciscanos.org.br\/noticias\"},{\"@type\":\"ListItem\",\"position\":2,\"name\":\"Frei Germano toma posse na Par\u00f3quia Santo Amaro da Imperatriz\"}]},{\"@type\":\"Person\",\"@id\":\"https:\/\/franciscanos.org.br\/noticias\/#\/schema\/person\/b5c8cba458c330ccff548b056e95a5d4\",\"name\":\"moacir\",\"image\":{\"@type\":\"ImageObject\",\"inLanguage\":\"pt-BR\",\"@id\":\"https:\/\/franciscanos.org.br\/noticias\/#\/schema\/person\/image\/\",\"url\":\"https:\/\/secure.gravatar.com\/avatar\/d08aa2ce4c8dd416d4479aa8536fcf64?s=96&d=mm&r=g\",\"contentUrl\":\"https:\/\/secure.gravatar.com\/avatar\/d08aa2ce4c8dd416d4479aa8536fcf64?s=96&d=mm&r=g\",\"caption\":\"moacir\"},\"url\":\"https:\/\/franciscanos.org.br\/noticias\/author\/moacir\"}]}<\/script>\n<!-- \/ Yoast SEO plugin. -->","yoast_head_json":{"title":"Frei Germano toma posse na Par\u00f3quia Santo Amaro da Imperatriz - Not\u00edcias - Franciscanos","robots":{"index":"index","follow":"follow","max-snippet":"max-snippet:-1","max-image-preview":"max-image-preview:large","max-video-preview":"max-video-preview:-1"},"canonical":"https:\/\/franciscanos.org.br\/noticias\/frei-germano-toma-posse-na-paroquia-santo-amaro-da-imperatriz.html","og_locale":"pt_BR","og_type":"article","og_title":"Frei Germano toma posse na Par\u00f3quia Santo Amaro da Imperatriz - Not\u00edcias - Franciscanos","og_description":"Par\u00f3quia Santo Amaro da Imperatriz","og_url":"https:\/\/franciscanos.org.br\/noticias\/frei-germano-toma-posse-na-paroquia-santo-amaro-da-imperatriz.html","og_site_name":"Not\u00edcias - Franciscanos","article_published_time":"2022-02-14T00:24:44+00:00","article_modified_time":"2022-02-14T00:32:58+00:00","og_image":[{"width":1280,"height":720,"url":"https:\/\/franciscanos.org.br\/noticias\/wp-content\/uploads\/2022\/02\/germano_01.jpg","type":"image\/jpeg"}],"author":"moacir","twitter_card":"summary_large_image","twitter_misc":{"Escrito por":"moacir","Est. tempo de leitura":"7 minutos"},"schema":{"@context":"https:\/\/schema.org","@graph":[{"@type":"WebSite","@id":"https:\/\/franciscanos.org.br\/noticias\/#website","url":"https:\/\/franciscanos.org.br\/noticias\/","name":"Not\u00edcias - Franciscanos","description":"Prov\u00edncia Franciscana da Imaculada Concei\u00e7\u00e3o do Brasil - Ordem dos Frades Menores - OFM","potentialAction":[{"@type":"SearchAction","target":{"@type":"EntryPoint","urlTemplate":"https:\/\/franciscanos.org.br\/noticias\/?s={search_term_string}"},"query-input":"required name=search_term_string"}],"inLanguage":"pt-BR"},{"@type":"ImageObject","inLanguage":"pt-BR","@id":"https:\/\/franciscanos.org.br\/noticias\/frei-germano-toma-posse-na-paroquia-santo-amaro-da-imperatriz.html#primaryimage","url":"https:\/\/franciscanos.org.br\/noticias\/wp-content\/uploads\/2022\/02\/germano_01.jpg","contentUrl":"https:\/\/franciscanos.org.br\/noticias\/wp-content\/uploads\/2022\/02\/germano_01.jpg","width":1280,"height":720},{"@type":"WebPage","@id":"https:\/\/franciscanos.org.br\/noticias\/frei-germano-toma-posse-na-paroquia-santo-amaro-da-imperatriz.html#webpage","url":"https:\/\/franciscanos.org.br\/noticias\/frei-germano-toma-posse-na-paroquia-santo-amaro-da-imperatriz.html","name":"Frei Germano toma posse na Par\u00f3quia Santo Amaro da Imperatriz - Not\u00edcias - Franciscanos","isPartOf":{"@id":"https:\/\/franciscanos.org.br\/noticias\/#website"},"primaryImageOfPage":{"@id":"https:\/\/franciscanos.org.br\/noticias\/frei-germano-toma-posse-na-paroquia-santo-amaro-da-imperatriz.html#primaryimage"},"datePublished":"2022-02-14T00:24:44+00:00","dateModified":"2022-02-14T00:32:58+00:00","author":{"@id":"https:\/\/franciscanos.org.br\/noticias\/#\/schema\/person\/b5c8cba458c330ccff548b056e95a5d4"},"breadcrumb":{"@id":"https:\/\/franciscanos.org.br\/noticias\/frei-germano-toma-posse-na-paroquia-santo-amaro-da-imperatriz.html#breadcrumb"},"inLanguage":"pt-BR","potentialAction":[{"@type":"ReadAction","target":["https:\/\/franciscanos.org.br\/noticias\/frei-germano-toma-posse-na-paroquia-santo-amaro-da-imperatriz.html"]}]},{"@type":"BreadcrumbList","@id":"https:\/\/franciscanos.org.br\/noticias\/frei-germano-toma-posse-na-paroquia-santo-amaro-da-imperatriz.html#breadcrumb","itemListElement":[{"@type":"ListItem","position":1,"name":"Home","item":"https:\/\/franciscanos.org.br\/noticias"},{"@type":"ListItem","position":2,"name":"Frei Germano toma posse na Par\u00f3quia Santo Amaro da Imperatriz"}]},{"@type":"Person","@id":"https:\/\/franciscanos.org.br\/noticias\/#\/schema\/person\/b5c8cba458c330ccff548b056e95a5d4","name":"moacir","image":{"@type":"ImageObject","inLanguage":"pt-BR","@id":"https:\/\/franciscanos.org.br\/noticias\/#\/schema\/person\/image\/","url":"https:\/\/secure.gravatar.com\/avatar\/d08aa2ce4c8dd416d4479aa8536fcf64?s=96&d=mm&r=g","contentUrl":"https:\/\/secure.gravatar.com\/avatar\/d08aa2ce4c8dd416d4479aa8536fcf64?s=96&d=mm&r=g","caption":"moacir"},"url":"https:\/\/franciscanos.org.br\/noticias\/author\/moacir"}]}},"_links":{"self":[{"href":"https:\/\/franciscanos.org.br\/noticias\/wp-json\/wp\/v2\/posts\/236543"}],"collection":[{"href":"https:\/\/franciscanos.org.br\/noticias\/wp-json\/wp\/v2\/posts"}],"about":[{"href":"https:\/\/franciscanos.org.br\/noticias\/wp-json\/wp\/v2\/types\/post"}],"author":[{"embeddable":true,"href":"https:\/\/franciscanos.org.br\/noticias\/wp-json\/wp\/v2\/users\/3"}],"replies":[{"embeddable":true,"href":"https:\/\/franciscanos.org.br\/noticias\/wp-json\/wp\/v2\/comments?post=236543"}],"version-history":[{"count":4,"href":"https:\/\/franciscanos.org.br\/noticias\/wp-json\/wp\/v2\/posts\/236543\/revisions"}],"predecessor-version":[{"id":236553,"href":"https:\/\/franciscanos.org.br\/noticias\/wp-json\/wp\/v2\/posts\/236543\/revisions\/236553"}],"wp:featuredmedia":[{"embeddable":true,"href":"https:\/\/franciscanos.org.br\/noticias\/wp-json\/wp\/v2\/media\/236546"}],"wp:attachment":[{"href":"https:\/\/franciscanos.org.br\/noticias\/wp-json\/wp\/v2\/media?parent=236543"}],"wp:term":[{"taxonomy":"category","embeddable":true,"href":"https:\/\/franciscanos.org.br\/noticias\/wp-json\/wp\/v2\/categories?post=236543"},{"taxonomy":"post_tag","embeddable":true,"href":"https:\/\/franciscanos.org.br\/noticias\/wp-json\/wp\/v2\/tags?post=236543"}],"curies":[{"name":"wp","href":"https:\/\/api.w.org\/{rel}","templated":true}]}}