{"id":236523,"date":"2022-02-11T14:20:47","date_gmt":"2022-02-11T17:20:47","guid":{"rendered":"https:\/\/franciscanos.org.br\/noticias\/?p=236523"},"modified":"2022-02-16T05:42:16","modified_gmt":"2022-02-16T08:42:16","slug":"10a-festa-de-frei-bruno-comeca-hoje-na-paroquia-sao-luiz-gonzaga","status":"publish","type":"post","link":"https:\/\/franciscanos.org.br\/noticias\/10a-festa-de-frei-bruno-comeca-hoje-na-paroquia-sao-luiz-gonzaga.html","title":{"rendered":"10\u00aa Festa de Frei Bruno come\u00e7a hoje na Par\u00f3quia S\u00e3o Luiz Gonzaga"},"content":{"rendered":"<p><img loading=\"lazy\" class=\"alignnone wp-image-236524 size-full\" src=\"https:\/\/franciscanos.org.br\/noticias\/wp-content\/uploads\/2022\/02\/bruno_1102.jpg\" alt=\"\" width=\"1280\" height=\"720\" srcset=\"https:\/\/franciscanos.org.br\/noticias\/wp-content\/uploads\/2022\/02\/bruno_1102.jpg 1280w, https:\/\/franciscanos.org.br\/noticias\/wp-content\/uploads\/2022\/02\/bruno_1102-450x253.jpg 450w, https:\/\/franciscanos.org.br\/noticias\/wp-content\/uploads\/2022\/02\/bruno_1102-1024x576.jpg 1024w, https:\/\/franciscanos.org.br\/noticias\/wp-content\/uploads\/2022\/02\/bruno_1102-768x432.jpg 768w, https:\/\/franciscanos.org.br\/noticias\/wp-content\/uploads\/2022\/02\/bruno_1102-150x84.jpg 150w\" sizes=\"(max-width: 1280px) 100vw, 1280px\" \/><\/p>\n<p>Come\u00e7a nesta sexta-feira (11\/02) a programa\u00e7\u00e3o da 10\u00aa Festa de Frei Bruno, em Xaxim, com o tema geral: <em>\u201cFrei Bruno: Servo de Deus, mission\u00e1rio do povo, unindo gera\u00e7\u00f5es pela f\u00e9\u201d.<\/em> Ser\u00e3o 10 dias de festividades com in\u00edcio da novena 11 de fevereiro de 2022 a 19 de fevereiro de 2022, sempre \u00e0s 19h. A cada dia, uma comunidade da Par\u00f3quia \u00e9 respons\u00e1vel pela liturgia e cantos.<\/p>\n<p>Neste ano, o frades que j\u00e1 trabalharam na Par\u00f3quia foram convidados para celebrar junto ao povo de Deus. S\u00e3o eles: Frei Rubens Luiz de Carvalho, Frei Alex Sandro Ciarnoski, Frei Moacir Longo e Frei Antonio Mazzucco.<\/p>\n<p>No domingo, dia 20 de fevereiro, \u00e0s 10h, santa Missa na igreja Matriz com presen\u00e7a das comunidades. Na liturgia equipe dos bairros Frei Bruno e Centro. Para os cantos Comunidade de Ervalzinho S\u00e3o Jos\u00e9.<\/p>\n<p>Toda a programa\u00e7\u00e3o ser\u00e1 transmitida pelas redes sociais da Par\u00f3quia no YouTube e Facebook.<\/p>\n<h3><strong>NOVENA (ACOMPANHE <a href=\"https:\/\/www.facebook.com\/paroquiasaoluizxaxim\">https:\/\/www.facebook.com\/paroquiasaoluizxaxim<\/a>)<\/strong><\/h3>\n<p><strong>11 DE FEVEREIRO | 19H | BAIRRO SANTA TEREZINHA<\/strong><\/p>\n<p>Tema: \u201cFrei Bruno e a coragem do disc\u00edpulo mission\u00e1rio\u201d<\/p>\n<p><strong>12 DE FEVEREIRO | 19H | COMUNIDADE DE VILA TIGRE<\/strong><\/p>\n<p>Tema: \u201cFrei Bruno, Ministro de Cristo na Igreja\u201d<\/p>\n<p><strong>13 DE FEVEREIRO | 19H | BAIRRO ALVORADA<\/strong><\/p>\n<p>Tema: \u201cFrei Bruno, evangelizando fam\u00edlias\u201d<\/p>\n<p><strong>14 DE FEVEREIRO | 19H | SETOR DE LAJEADO GRANDE| FREI RUBENS<\/strong><\/p>\n<p>Tema: \u201cFrei Bruno e o cuidado com a cria\u00e7\u00e3o\u201d<\/p>\n<p><strong>15 DE FEVEREIRO | 19H | BAIRRO ARI LUNARDI | FREI ALEX<\/strong><\/p>\n<p>Tema: \u201cFrei Bruno, filho amado de S\u00e3o Francisco de Assis\u201d<\/p>\n<p><strong>16 DE FEVEREIRO | 19H | BAIRRO FLOR | FREI MOACIR<\/strong><\/p>\n<p>Tema: \u201cFrei Bruno, testemunho de dedica\u00e7\u00e3o \u00e0 miss\u00e3o\u201d<\/p>\n<p><strong>17 DE FEVEREIRO | 19H | BAIRRO PRIMAVERA | FREI ANTONIO<\/strong><\/p>\n<p>Tema: \u201cFrei Bruno, entusiasmado at\u00e9 o fim\u201d<\/p>\n<p><strong>18 DE FEVEREIRO | 19H| BAIRRO GUARANI<\/strong><\/p>\n<p>Tema: \u201cFrei Bruno, do cora\u00e7\u00e3o do povo \u00e0 gl\u00f3ria dos Santos\u201d<\/p>\n<p><strong>19 DE FEVEREIRO |19H | COMUNIDADE DE LIMEIRA <\/strong><\/p>\n<p>Tema: \u201cFrei Bruno e seu legado para n\u00f3s hoje\u201d<\/p>\n<p><strong>20 DE FEVEREIRO | \u00c0S 10H<\/strong><\/p>\n<p>Santa Missa com a presen\u00e7a das comunidades<\/p>\n","protected":false},"excerpt":{"rendered":"<p>Par\u00f3quia S\u00e3o Luiz Gonzaga de Xaxim<\/p>\n","protected":false},"author":3,"featured_media":236524,"comment_status":"open","ping_status":"open","sticky":false,"template":"","format":"standard","meta":[],"categories":[1],"tags":[873],"acf":[],"yoast_head":"<!-- This site is optimized with the Yoast SEO plugin v19.2 - https:\/\/yoast.com\/wordpress\/plugins\/seo\/ -->\n<title>10\u00aa Festa de Frei Bruno come\u00e7a hoje na Par\u00f3quia S\u00e3o Luiz Gonzaga - Not\u00edcias - Franciscanos<\/title>\n<meta name=\"robots\" content=\"index, follow, max-snippet:-1, max-image-preview:large, max-video-preview:-1\" \/>\n<link rel=\"canonical\" href=\"https:\/\/franciscanos.org.br\/noticias\/10a-festa-de-frei-bruno-comeca-hoje-na-paroquia-sao-luiz-gonzaga.html\" \/>\n<meta property=\"og:locale\" content=\"pt_BR\" \/>\n<meta property=\"og:type\" content=\"article\" \/>\n<meta property=\"og:title\" content=\"10\u00aa Festa de Frei Bruno come\u00e7a hoje na Par\u00f3quia S\u00e3o Luiz Gonzaga - Not\u00edcias - Franciscanos\" \/>\n<meta property=\"og:description\" content=\"Par\u00f3quia S\u00e3o Luiz Gonzaga de Xaxim\" \/>\n<meta property=\"og:url\" content=\"https:\/\/franciscanos.org.br\/noticias\/10a-festa-de-frei-bruno-comeca-hoje-na-paroquia-sao-luiz-gonzaga.html\" \/>\n<meta property=\"og:site_name\" content=\"Not\u00edcias - Franciscanos\" \/>\n<meta property=\"article:published_time\" content=\"2022-02-11T17:20:47+00:00\" \/>\n<meta property=\"article:modified_time\" content=\"2022-02-16T08:42:16+00:00\" \/>\n<meta property=\"og:image\" content=\"https:\/\/franciscanos.org.br\/noticias\/wp-content\/uploads\/2022\/02\/bruno_1102.jpg\" \/>\n\t<meta property=\"og:image:width\" content=\"1280\" \/>\n\t<meta property=\"og:image:height\" content=\"720\" \/>\n\t<meta property=\"og:image:type\" content=\"image\/jpeg\" \/>\n<meta name=\"author\" content=\"moacir\" \/>\n<meta name=\"twitter:card\" content=\"summary_large_image\" \/>\n<meta name=\"twitter:label1\" content=\"Escrito por\" \/>\n\t<meta name=\"twitter:data1\" content=\"moacir\" \/>\n\t<meta name=\"twitter:label2\" content=\"Est. tempo de leitura\" \/>\n\t<meta name=\"twitter:data2\" content=\"2 minutos\" \/>\n<script type=\"application\/ld+json\" class=\"yoast-schema-graph\">{\"@context\":\"https:\/\/schema.org\",\"@graph\":[{\"@type\":\"WebSite\",\"@id\":\"https:\/\/franciscanos.org.br\/noticias\/#website\",\"url\":\"https:\/\/franciscanos.org.br\/noticias\/\",\"name\":\"Not\u00edcias - Franciscanos\",\"description\":\"Prov\u00edncia Franciscana da Imaculada Concei\u00e7\u00e3o do Brasil - Ordem dos Frades Menores - OFM\",\"potentialAction\":[{\"@type\":\"SearchAction\",\"target\":{\"@type\":\"EntryPoint\",\"urlTemplate\":\"https:\/\/franciscanos.org.br\/noticias\/?s={search_term_string}\"},\"query-input\":\"required name=search_term_string\"}],\"inLanguage\":\"pt-BR\"},{\"@type\":\"ImageObject\",\"inLanguage\":\"pt-BR\",\"@id\":\"https:\/\/franciscanos.org.br\/noticias\/10a-festa-de-frei-bruno-comeca-hoje-na-paroquia-sao-luiz-gonzaga.html#primaryimage\",\"url\":\"https:\/\/franciscanos.org.br\/noticias\/wp-content\/uploads\/2022\/02\/bruno_1102.jpg\",\"contentUrl\":\"https:\/\/franciscanos.org.br\/noticias\/wp-content\/uploads\/2022\/02\/bruno_1102.jpg\",\"width\":1280,\"height\":720},{\"@type\":\"WebPage\",\"@id\":\"https:\/\/franciscanos.org.br\/noticias\/10a-festa-de-frei-bruno-comeca-hoje-na-paroquia-sao-luiz-gonzaga.html#webpage\",\"url\":\"https:\/\/franciscanos.org.br\/noticias\/10a-festa-de-frei-bruno-comeca-hoje-na-paroquia-sao-luiz-gonzaga.html\",\"name\":\"10\u00aa Festa de Frei Bruno come\u00e7a hoje na Par\u00f3quia S\u00e3o Luiz Gonzaga - Not\u00edcias - Franciscanos\",\"isPartOf\":{\"@id\":\"https:\/\/franciscanos.org.br\/noticias\/#website\"},\"primaryImageOfPage\":{\"@id\":\"https:\/\/franciscanos.org.br\/noticias\/10a-festa-de-frei-bruno-comeca-hoje-na-paroquia-sao-luiz-gonzaga.html#primaryimage\"},\"datePublished\":\"2022-02-11T17:20:47+00:00\",\"dateModified\":\"2022-02-16T08:42:16+00:00\",\"author\":{\"@id\":\"https:\/\/franciscanos.org.br\/noticias\/#\/schema\/person\/b5c8cba458c330ccff548b056e95a5d4\"},\"breadcrumb\":{\"@id\":\"https:\/\/franciscanos.org.br\/noticias\/10a-festa-de-frei-bruno-comeca-hoje-na-paroquia-sao-luiz-gonzaga.html#breadcrumb\"},\"inLanguage\":\"pt-BR\",\"potentialAction\":[{\"@type\":\"ReadAction\",\"target\":[\"https:\/\/franciscanos.org.br\/noticias\/10a-festa-de-frei-bruno-comeca-hoje-na-paroquia-sao-luiz-gonzaga.html\"]}]},{\"@type\":\"BreadcrumbList\",\"@id\":\"https:\/\/franciscanos.org.br\/noticias\/10a-festa-de-frei-bruno-comeca-hoje-na-paroquia-sao-luiz-gonzaga.html#breadcrumb\",\"itemListElement\":[{\"@type\":\"ListItem\",\"position\":1,\"name\":\"Home\",\"item\":\"https:\/\/franciscanos.org.br\/noticias\"},{\"@type\":\"ListItem\",\"position\":2,\"name\":\"10\u00aa Festa de Frei Bruno come\u00e7a hoje na Par\u00f3quia S\u00e3o Luiz Gonzaga\"}]},{\"@type\":\"Person\",\"@id\":\"https:\/\/franciscanos.org.br\/noticias\/#\/schema\/person\/b5c8cba458c330ccff548b056e95a5d4\",\"name\":\"moacir\",\"image\":{\"@type\":\"ImageObject\",\"inLanguage\":\"pt-BR\",\"@id\":\"https:\/\/franciscanos.org.br\/noticias\/#\/schema\/person\/image\/\",\"url\":\"https:\/\/secure.gravatar.com\/avatar\/d08aa2ce4c8dd416d4479aa8536fcf64?s=96&d=mm&r=g\",\"contentUrl\":\"https:\/\/secure.gravatar.com\/avatar\/d08aa2ce4c8dd416d4479aa8536fcf64?s=96&d=mm&r=g\",\"caption\":\"moacir\"},\"url\":\"https:\/\/franciscanos.org.br\/noticias\/author\/moacir\"}]}<\/script>\n<!-- \/ Yoast SEO plugin. -->","yoast_head_json":{"title":"10\u00aa Festa de Frei Bruno come\u00e7a hoje na Par\u00f3quia S\u00e3o Luiz Gonzaga - Not\u00edcias - Franciscanos","robots":{"index":"index","follow":"follow","max-snippet":"max-snippet:-1","max-image-preview":"max-image-preview:large","max-video-preview":"max-video-preview:-1"},"canonical":"https:\/\/franciscanos.org.br\/noticias\/10a-festa-de-frei-bruno-comeca-hoje-na-paroquia-sao-luiz-gonzaga.html","og_locale":"pt_BR","og_type":"article","og_title":"10\u00aa Festa de Frei Bruno come\u00e7a hoje na Par\u00f3quia S\u00e3o Luiz Gonzaga - Not\u00edcias - Franciscanos","og_description":"Par\u00f3quia S\u00e3o Luiz Gonzaga de Xaxim","og_url":"https:\/\/franciscanos.org.br\/noticias\/10a-festa-de-frei-bruno-comeca-hoje-na-paroquia-sao-luiz-gonzaga.html","og_site_name":"Not\u00edcias - Franciscanos","article_published_time":"2022-02-11T17:20:47+00:00","article_modified_time":"2022-02-16T08:42:16+00:00","og_image":[{"width":1280,"height":720,"url":"https:\/\/franciscanos.org.br\/noticias\/wp-content\/uploads\/2022\/02\/bruno_1102.jpg","type":"image\/jpeg"}],"author":"moacir","twitter_card":"summary_large_image","twitter_misc":{"Escrito por":"moacir","Est. tempo de leitura":"2 minutos"},"schema":{"@context":"https:\/\/schema.org","@graph":[{"@type":"WebSite","@id":"https:\/\/franciscanos.org.br\/noticias\/#website","url":"https:\/\/franciscanos.org.br\/noticias\/","name":"Not\u00edcias - Franciscanos","description":"Prov\u00edncia Franciscana da Imaculada Concei\u00e7\u00e3o do Brasil - Ordem dos Frades Menores - OFM","potentialAction":[{"@type":"SearchAction","target":{"@type":"EntryPoint","urlTemplate":"https:\/\/franciscanos.org.br\/noticias\/?s={search_term_string}"},"query-input":"required name=search_term_string"}],"inLanguage":"pt-BR"},{"@type":"ImageObject","inLanguage":"pt-BR","@id":"https:\/\/franciscanos.org.br\/noticias\/10a-festa-de-frei-bruno-comeca-hoje-na-paroquia-sao-luiz-gonzaga.html#primaryimage","url":"https:\/\/franciscanos.org.br\/noticias\/wp-content\/uploads\/2022\/02\/bruno_1102.jpg","contentUrl":"https:\/\/franciscanos.org.br\/noticias\/wp-content\/uploads\/2022\/02\/bruno_1102.jpg","width":1280,"height":720},{"@type":"WebPage","@id":"https:\/\/franciscanos.org.br\/noticias\/10a-festa-de-frei-bruno-comeca-hoje-na-paroquia-sao-luiz-gonzaga.html#webpage","url":"https:\/\/franciscanos.org.br\/noticias\/10a-festa-de-frei-bruno-comeca-hoje-na-paroquia-sao-luiz-gonzaga.html","name":"10\u00aa Festa de Frei Bruno come\u00e7a hoje na Par\u00f3quia S\u00e3o Luiz Gonzaga - Not\u00edcias - Franciscanos","isPartOf":{"@id":"https:\/\/franciscanos.org.br\/noticias\/#website"},"primaryImageOfPage":{"@id":"https:\/\/franciscanos.org.br\/noticias\/10a-festa-de-frei-bruno-comeca-hoje-na-paroquia-sao-luiz-gonzaga.html#primaryimage"},"datePublished":"2022-02-11T17:20:47+00:00","dateModified":"2022-02-16T08:42:16+00:00","author":{"@id":"https:\/\/franciscanos.org.br\/noticias\/#\/schema\/person\/b5c8cba458c330ccff548b056e95a5d4"},"breadcrumb":{"@id":"https:\/\/franciscanos.org.br\/noticias\/10a-festa-de-frei-bruno-comeca-hoje-na-paroquia-sao-luiz-gonzaga.html#breadcrumb"},"inLanguage":"pt-BR","potentialAction":[{"@type":"ReadAction","target":["https:\/\/franciscanos.org.br\/noticias\/10a-festa-de-frei-bruno-comeca-hoje-na-paroquia-sao-luiz-gonzaga.html"]}]},{"@type":"BreadcrumbList","@id":"https:\/\/franciscanos.org.br\/noticias\/10a-festa-de-frei-bruno-comeca-hoje-na-paroquia-sao-luiz-gonzaga.html#breadcrumb","itemListElement":[{"@type":"ListItem","position":1,"name":"Home","item":"https:\/\/franciscanos.org.br\/noticias"},{"@type":"ListItem","position":2,"name":"10\u00aa Festa de Frei Bruno come\u00e7a hoje na Par\u00f3quia S\u00e3o Luiz Gonzaga"}]},{"@type":"Person","@id":"https:\/\/franciscanos.org.br\/noticias\/#\/schema\/person\/b5c8cba458c330ccff548b056e95a5d4","name":"moacir","image":{"@type":"ImageObject","inLanguage":"pt-BR","@id":"https:\/\/franciscanos.org.br\/noticias\/#\/schema\/person\/image\/","url":"https:\/\/secure.gravatar.com\/avatar\/d08aa2ce4c8dd416d4479aa8536fcf64?s=96&d=mm&r=g","contentUrl":"https:\/\/secure.gravatar.com\/avatar\/d08aa2ce4c8dd416d4479aa8536fcf64?s=96&d=mm&r=g","caption":"moacir"},"url":"https:\/\/franciscanos.org.br\/noticias\/author\/moacir"}]}},"_links":{"self":[{"href":"https:\/\/franciscanos.org.br\/noticias\/wp-json\/wp\/v2\/posts\/236523"}],"collection":[{"href":"https:\/\/franciscanos.org.br\/noticias\/wp-json\/wp\/v2\/posts"}],"about":[{"href":"https:\/\/franciscanos.org.br\/noticias\/wp-json\/wp\/v2\/types\/post"}],"author":[{"embeddable":true,"href":"https:\/\/franciscanos.org.br\/noticias\/wp-json\/wp\/v2\/users\/3"}],"replies":[{"embeddable":true,"href":"https:\/\/franciscanos.org.br\/noticias\/wp-json\/wp\/v2\/comments?post=236523"}],"version-history":[{"count":2,"href":"https:\/\/franciscanos.org.br\/noticias\/wp-json\/wp\/v2\/posts\/236523\/revisions"}],"predecessor-version":[{"id":236603,"href":"https:\/\/franciscanos.org.br\/noticias\/wp-json\/wp\/v2\/posts\/236523\/revisions\/236603"}],"wp:featuredmedia":[{"embeddable":true,"href":"https:\/\/franciscanos.org.br\/noticias\/wp-json\/wp\/v2\/media\/236524"}],"wp:attachment":[{"href":"https:\/\/franciscanos.org.br\/noticias\/wp-json\/wp\/v2\/media?parent=236523"}],"wp:term":[{"taxonomy":"category","embeddable":true,"href":"https:\/\/franciscanos.org.br\/noticias\/wp-json\/wp\/v2\/categories?post=236523"},{"taxonomy":"post_tag","embeddable":true,"href":"https:\/\/franciscanos.org.br\/noticias\/wp-json\/wp\/v2\/tags?post=236523"}],"curies":[{"name":"wp","href":"https:\/\/api.w.org\/{rel}","templated":true}]}}