{"id":236487,"date":"2022-02-10T05:11:25","date_gmt":"2022-02-10T08:11:25","guid":{"rendered":"https:\/\/franciscanos.org.br\/noticias\/?p=236487"},"modified":"2022-04-14T08:07:15","modified_gmt":"2022-04-14T11:07:15","slug":"frei-paulo-no-jubileu-do-sagrado-e-aqui-que-passamos-a-amar-com-maior-intensidade-a-missao-de-encher-o-mundo-com-o-evangelho","status":"publish","type":"post","link":"https:\/\/franciscanos.org.br\/noticias\/frei-paulo-no-jubileu-do-sagrado-e-aqui-que-passamos-a-amar-com-maior-intensidade-a-missao-de-encher-o-mundo-com-o-evangelho.html","title":{"rendered":"Ministro Provincial: \u201c\u00c9\u00a0aqui que passamos a amar com maior intensidade a miss\u00e3o de encher o mundo com o Evangelho\u201d"},"content":{"rendered":"<p><img loading=\"lazy\" class=\"alignnone wp-image-236488 size-full\" src=\"https:\/\/franciscanos.org.br\/noticias\/wp-content\/uploads\/2022\/02\/sagrado_100222.jpg\" alt=\"\" width=\"1280\" height=\"720\" srcset=\"https:\/\/franciscanos.org.br\/noticias\/wp-content\/uploads\/2022\/02\/sagrado_100222.jpg 1280w, https:\/\/franciscanos.org.br\/noticias\/wp-content\/uploads\/2022\/02\/sagrado_100222-450x253.jpg 450w, https:\/\/franciscanos.org.br\/noticias\/wp-content\/uploads\/2022\/02\/sagrado_100222-1024x576.jpg 1024w, https:\/\/franciscanos.org.br\/noticias\/wp-content\/uploads\/2022\/02\/sagrado_100222-768x432.jpg 768w, https:\/\/franciscanos.org.br\/noticias\/wp-content\/uploads\/2022\/02\/sagrado_100222-150x84.jpg 150w\" sizes=\"(max-width: 1280px) 100vw, 1280px\" \/><\/p>\n<p><strong>Petr\u00f3polis (RJ) \u2013 <\/strong>\u201cO Sagrado dos Canarinhos, o Sagrado da Escola S\u00e3o Jos\u00e9, o Sagrado da Editora Vozes e de tantas vozes que, corajosamente e profeticamente, levantam-se em favor dos mais pobres. Este \u00e9 o Sagrado. \u00c9 a busca do Sagrado que nos coloca em defesa da vida do irm\u00e3o e do an\u00fancio corajoso do Evangelho. \u00c9 o Sagrado do p\u00e3o de Santo Ant\u00f4nio\u201d. Com essa lembran\u00e7a, o Ministro Provincial, Frei Paulo Roberto Pereira, rendeu gra\u00e7as a Deus pelo Jubileu de 125 anos de presen\u00e7a dos Frades Menores Franciscanos em Petr\u00f3polis e de 75 anos de cria\u00e7\u00e3o da Par\u00f3quia do Sagrado Cora\u00e7\u00e3o de Jesus, durante a Celebra\u00e7\u00e3o Eucar\u00edstica desta quarta-feira, 9 de fevereiro, \u00e0s 18 horas.<\/p>\n<p>A Santa Missa teve como concelebrantes o Vig\u00e1rio Provincial, Frei Gustavo Medella, o guardi\u00e3o e p\u00e1roco, Frei Jorge Paulo Schiavini, o mestre dos frades do Tempo da Teologia e Definidor Provincial, Frei Marcos Ant\u00f4nio de Andrade e os Vig\u00e1rios Paroquiais, Frei Volney Berkenbrock, Frei Francisco Mor\u00e1s, Frei Ronaldo Fi\u00faza e Frei Almir Guimar\u00e3es. Frei Alan Leal de Mattos serviu como di\u00e1cono. Frades, lideran\u00e7as de movimentos e pastorais e os fi\u00e9is da centen\u00e1ria Igreja do Sagrado marcaram presen\u00e7a na celebra\u00e7\u00e3o que foi transmitida pelas redes sociais da Par\u00f3quia e pela R\u00e1dio Imperial. O coral dos frades entoou os cantos da celebra\u00e7\u00e3o, sob reg\u00eancia de Marco Aur\u00e9lio Lisch, maestro dos Canarinhos.<\/p>\n<p><img loading=\"lazy\" class=\"alignnone wp-image-236489 size-full\" src=\"https:\/\/franciscanos.org.br\/noticias\/wp-content\/uploads\/2022\/02\/sagrado_100222_2.jpg\" alt=\"\" width=\"1280\" height=\"853\" srcset=\"https:\/\/franciscanos.org.br\/noticias\/wp-content\/uploads\/2022\/02\/sagrado_100222_2.jpg 1280w, https:\/\/franciscanos.org.br\/noticias\/wp-content\/uploads\/2022\/02\/sagrado_100222_2-450x300.jpg 450w, https:\/\/franciscanos.org.br\/noticias\/wp-content\/uploads\/2022\/02\/sagrado_100222_2-1024x682.jpg 1024w, https:\/\/franciscanos.org.br\/noticias\/wp-content\/uploads\/2022\/02\/sagrado_100222_2-768x512.jpg 768w, https:\/\/franciscanos.org.br\/noticias\/wp-content\/uploads\/2022\/02\/sagrado_100222_2-150x100.jpg 150w\" sizes=\"(max-width: 1280px) 100vw, 1280px\" \/><\/p>\n<p>Desde 9 fevereiro de 2021, a Fraternidade do Sagrado vive o Ano Jubilar. Foram in\u00fameras celebra\u00e7\u00f5es e atividades, dentre elas destacam-se o lan\u00e7amento do site da Fraternidade e Par\u00f3quia, a rica partilha da hist\u00f3ria com fatos e curiosidades e a apresenta\u00e7\u00e3o de v\u00eddeos com depoimentos de pessoas que fizeram e fazem parte deste tempo jubilar. Al\u00e9m disso, durante todo ano, sempre na 1\u00aa sexta-feira do m\u00eas, as celebra\u00e7\u00f5es fizeram mem\u00f3ria da devo\u00e7\u00e3o ao Sagrado Cora\u00e7\u00e3o de Jesus, mas tamb\u00e9m lembraram de personalidades importantes que, junto do povo petropolitano, fizeram e fazem parte da hist\u00f3ria.<\/p>\n<p>Ap\u00f3s a leitura do Evangelho, Frei Paulo iniciou sua reflex\u00e3o afirmando que ele faria uma conversa familiar. Segundo ele, homilia significa conversa familiar. Come\u00e7ou falando sobre o Jubileu de 75 anos da Par\u00f3quia. Explicou que nos \u00faltimos anos a Igreja dedicou especial aten\u00e7\u00e3o ao tema das par\u00f3quias, assim como \u00e0 Ordem Franciscana. Afirmou que por par\u00f3quia entende-se mais do que uma circunscri\u00e7\u00e3o geogr\u00e1fica ou um decreto can\u00f4nico, mas um espa\u00e7o da experi\u00eancia vivencial do seguimento de Jesus Cristo. \u201c\u00c9 a experi\u00eancia da comunh\u00e3o, da familiaridade\u201d.<\/p>\n<p><img loading=\"lazy\" class=\"alignnone wp-image-236490 size-full\" src=\"https:\/\/franciscanos.org.br\/noticias\/wp-content\/uploads\/2022\/02\/sagrado_100222_4.jpg\" alt=\"\" width=\"1280\" height=\"817\" srcset=\"https:\/\/franciscanos.org.br\/noticias\/wp-content\/uploads\/2022\/02\/sagrado_100222_4.jpg 1280w, https:\/\/franciscanos.org.br\/noticias\/wp-content\/uploads\/2022\/02\/sagrado_100222_4-450x287.jpg 450w, https:\/\/franciscanos.org.br\/noticias\/wp-content\/uploads\/2022\/02\/sagrado_100222_4-1024x654.jpg 1024w, https:\/\/franciscanos.org.br\/noticias\/wp-content\/uploads\/2022\/02\/sagrado_100222_4-768x490.jpg 768w, https:\/\/franciscanos.org.br\/noticias\/wp-content\/uploads\/2022\/02\/sagrado_100222_4-150x96.jpg 150w\" sizes=\"(max-width: 1280px) 100vw, 1280px\" \/><\/p>\n<p><strong>PAR\u00d3QUIAS FRANCISCANAS: OUSADIA DE FAZERMO-NOS IRM\u00c3OS<\/strong><\/p>\n<p>Para o Ministro Provincial, todos s\u00e3o convidados e podem viver a experi\u00eancia da familiaridade. \u201cIsso nos \u00e9 dado pela nossa configura\u00e7\u00e3o biol\u00f3gica. N\u00f3s somos irm\u00e3os dos nossos irm\u00e3os consangu\u00edneos. Portanto, a consanguinidade \u00e9 propiciadora de familiaridade\u201d, explicou, e acrescentou dizendo que se faz fam\u00edlia a partir tamb\u00e9m da afei\u00e7\u00e3o. \u201cMas, n\u00f3s somos mais ousados e nos propomos a dar um outro passo al\u00e9m da consanguinidade e afei\u00e7\u00e3o. N\u00f3s queremos formar par\u00f3quia, formar fam\u00edlia, fazer a experi\u00eancia de comunh\u00e3o, a partir da decis\u00e3o, a partir das escolhas que fundamentam as nossas escolhas, a partir da escolha do pr\u00f3prio Deus que se revela aos pequeninos\u201d, ressaltou.<\/p>\n<p>Segundo Frei Paulo, Deus tem a sua predile\u00e7\u00e3o e nos escolheu e, a partir da Sua decis\u00e3o, \u00a0fazemos tamb\u00e9m a nossa decis\u00e3o. \u201cSuperamos a consanguinidade, experimentamos a afei\u00e7\u00e3o, evidenciamos as nossas escolhas e damos um passo al\u00e9m, a ousadia! A ousadia de fazermo-nos irm\u00e3os, de experimentar a comunh\u00e3o com o vermezinho que rasteja no ch\u00e3o, e a estrela mais brilhante do firmamento\u201d, frisou.<\/p>\n<p>Para ele, esta tamb\u00e9m \u00e9 a decis\u00e3o que mant\u00e9m a escolha de se atuar em uma par\u00f3quia franciscana. \u201cE hoje, jubilosamente, n\u00f3s celebramos uma hist\u00f3ria bonita de 75 anos de par\u00f3quia. Sempre na perspectiva que o Evangelho nos aponta: \u2018O Reino de Deus \u00e9 como quando algu\u00e9m espalha semente na terra, vai dormir, acorda noite e dia, a semente vai germinando e crescendo mas n\u00e3o sabe como isso acontece\u2019. Ou ent\u00e3o, como S\u00e3o Paulo que afirmou aos Cor\u00edntios: \u2018Eu plantei, Apolo regou, mas Deus \u00e9 que deu o crescimento\u2019, citou.<\/p>\n<p><img loading=\"lazy\" class=\"alignnone wp-image-236491 size-full\" src=\"https:\/\/franciscanos.org.br\/noticias\/wp-content\/uploads\/2022\/02\/sagrado_100222_3.jpg\" alt=\"\" width=\"1280\" height=\"784\" srcset=\"https:\/\/franciscanos.org.br\/noticias\/wp-content\/uploads\/2022\/02\/sagrado_100222_3.jpg 1280w, https:\/\/franciscanos.org.br\/noticias\/wp-content\/uploads\/2022\/02\/sagrado_100222_3-450x276.jpg 450w, https:\/\/franciscanos.org.br\/noticias\/wp-content\/uploads\/2022\/02\/sagrado_100222_3-1024x627.jpg 1024w, https:\/\/franciscanos.org.br\/noticias\/wp-content\/uploads\/2022\/02\/sagrado_100222_3-768x470.jpg 768w, https:\/\/franciscanos.org.br\/noticias\/wp-content\/uploads\/2022\/02\/sagrado_100222_3-150x92.jpg 150w\" sizes=\"(max-width: 1280px) 100vw, 1280px\" \/><\/p>\n<p>\u201cRecordamos 125 anos da presen\u00e7a dos irm\u00e3os franciscanos da nossa fam\u00edlia franciscana aqui neste lugar. Recordamos 125 e depois 75 anos de uma Par\u00f3quia feita franciscana. E o nosso pensamento e sentimento s\u00e3o remetidos a Deus. Nosso louvor, nossa gratid\u00e3o a Deus. \u00c9 Ele que d\u00e1 o crescimento. \u00c9 Ele que faz germinar, mas cabe-nos a confian\u00e7a do plantador. Cabe-nos a tenacidade, a determina\u00e7\u00e3o daquele que planta e que planta com confian\u00e7a\u201d, destacou. Segundo o Ministro Provincial, faz-se necess\u00e1rio continuar semeando. \u201cEssa \u00e9 a nossa tarefa e essa ser\u00e1 sempre a nossa miss\u00e3o!\u201d.<\/p>\n<p>Fez men\u00e7\u00e3o \u00e0 abertura do Jubileu, em fevereiro de 2021, quando na ocasi\u00e3o, o p\u00e1roco Frei Jorge proferiu que na tradi\u00e7\u00e3o b\u00edblica se entende \u2018jubileu\u2019 como um tempo prop\u00edcio de recordar a miseric\u00f3rdia. \u201cGratid\u00e3o, confian\u00e7a e exerc\u00edcio de miseric\u00f3rdia. Miseric\u00f3rdia exige de n\u00f3s esvaziamento do cora\u00e7\u00e3o e de tudo aquilo que nos impede de ver no outro o nosso irm\u00e3o. Esvaziamento do cora\u00e7\u00e3o que nos inibe a gestos de solidariedade e de bondade\u201d, revelou. \u201cDe cora\u00e7\u00e3o esvaziado, aqui na igreja dedicada ao Sagrado Cora\u00e7\u00e3o de Jesus, repetimos hoje o que o nosso povo, com muita simplicidade, sempre reza: \u2018Fazei o nosso cora\u00e7\u00e3o semelhante ao vosso\u2019\u201d.<\/p>\n<p>Para Frei Paulo, recordar a hist\u00f3ria da Editora Vozes, dos Canarinhos, de personalidades importantes \u201cnos faz gratos\u201d. \u201cFaz a gente olhar para tr\u00e1s com muita gratid\u00e3o e ver quanta coisa boa Deus nos proporcionou. Mas esse olhar retrospectivo dever\u00e1 ser complementado com o olhar que nos projeta para o futuro\u201d, exortou.<\/p>\n<p>Segundo Frei Paulo, o Sagrado \u00e9 a busca constante que d\u00e1 sentido ao levantar, ao trabalhar, ao sofrer, ao se alegrar. \u201cN\u00f3s, congregados a partir do desejo do Sagrado, nascemos, crescemos nos multiplicamos e plenamente realizamos a nossa exist\u00eancia em Deus. Que a Par\u00f3quia do Sagrado seja sinal desta busca e desta possibilidade realiz\u00e1vel neste tempo e neste lugar\u201d, refletiu.<\/p>\n\n\t\t<style type=\"text\/css\">\n\t\t\t#gallery-1 {\n\t\t\t\tmargin: auto;\n\t\t\t}\n\t\t\t#gallery-1 .gallery-item {\n\t\t\t\tfloat: left;\n\t\t\t\tmargin-top: 10px;\n\t\t\t\ttext-align: center;\n\t\t\t\twidth: 33%;\n\t\t\t}\n\t\t\t#gallery-1 img {\n\t\t\t\tborder: 2px solid #cfcfcf;\n\t\t\t}\n\t\t\t#gallery-1 .gallery-caption {\n\t\t\t\tmargin-left: 0;\n\t\t\t}\n\t\t\t\/* see gallery_shortcode() in wp-includes\/media.php *\/\n\t\t<\/style>\n\t\t<div id='gallery-1' class='gallery galleryid-236487 gallery-columns-3 gallery-size-thumbnail'><dl class='gallery-item'>\n\t\t\t<dt class='gallery-icon landscape'>\n\t\t\t\t<a href='https:\/\/franciscanos.org.br\/noticias\/wp-content\/uploads\/2022\/02\/sagrado_02.jpg'><img width=\"300\" height=\"300\" src=\"https:\/\/franciscanos.org.br\/noticias\/wp-content\/uploads\/2022\/02\/sagrado_02-300x300.jpg\" class=\"attachment-thumbnail size-thumbnail\" alt=\"\" loading=\"lazy\" srcset=\"https:\/\/franciscanos.org.br\/noticias\/wp-content\/uploads\/2022\/02\/sagrado_02-300x300.jpg 300w, https:\/\/franciscanos.org.br\/noticias\/wp-content\/uploads\/2022\/02\/sagrado_02-100x100.jpg 100w\" sizes=\"(max-width: 300px) 100vw, 300px\" \/><\/a>\n\t\t\t<\/dt><\/dl><dl class='gallery-item'>\n\t\t\t<dt class='gallery-icon landscape'>\n\t\t\t\t<a href='https:\/\/franciscanos.org.br\/noticias\/wp-content\/uploads\/2022\/02\/sagrado_01.jpg'><img width=\"300\" height=\"300\" src=\"https:\/\/franciscanos.org.br\/noticias\/wp-content\/uploads\/2022\/02\/sagrado_01-300x300.jpg\" class=\"attachment-thumbnail size-thumbnail\" alt=\"\" loading=\"lazy\" srcset=\"https:\/\/franciscanos.org.br\/noticias\/wp-content\/uploads\/2022\/02\/sagrado_01-300x300.jpg 300w, https:\/\/franciscanos.org.br\/noticias\/wp-content\/uploads\/2022\/02\/sagrado_01-100x100.jpg 100w\" sizes=\"(max-width: 300px) 100vw, 300px\" \/><\/a>\n\t\t\t<\/dt><\/dl><dl class='gallery-item'>\n\t\t\t<dt class='gallery-icon landscape'>\n\t\t\t\t<a href='https:\/\/franciscanos.org.br\/noticias\/wp-content\/uploads\/2022\/02\/sagrado_100222_5.jpg'><img width=\"300\" height=\"300\" src=\"https:\/\/franciscanos.org.br\/noticias\/wp-content\/uploads\/2022\/02\/sagrado_100222_5-300x300.jpg\" class=\"attachment-thumbnail size-thumbnail\" alt=\"\" loading=\"lazy\" srcset=\"https:\/\/franciscanos.org.br\/noticias\/wp-content\/uploads\/2022\/02\/sagrado_100222_5-300x300.jpg 300w, https:\/\/franciscanos.org.br\/noticias\/wp-content\/uploads\/2022\/02\/sagrado_100222_5-100x100.jpg 100w\" sizes=\"(max-width: 300px) 100vw, 300px\" \/><\/a>\n\t\t\t<\/dt><\/dl><br style=\"clear: both\" \/>\n\t\t<\/div>\n\n<p><strong>O SAGRADO DA CONSAGRA\u00c7\u00c3O<\/strong><\/p>\n<p>O Sagrado \u00e9 o espa\u00e7o da decis\u00e3o pelo apostolado. \u201cAqui \u00e9 onde n\u00f3s, os frades, despertamos para o desejo apost\u00f3lico, mission\u00e1rio. O Sagrado \u00e9 a experi\u00eancia de inicia\u00e7\u00e3o apost\u00f3lica, aqui passamos a amar com maior intensidade a miss\u00e3o de encher o mundo com o Evangelho de Cristo. Por isso, aos confrades que aqui moram, sobretudo os mais jovens, amem este ch\u00e3o e a partir daqui se lancem em miss\u00e3o\u201d, pediu. Lembrou que a Igreja do Sagrado \u00e9 o \u201cSagrado da consagra\u00e7\u00e3o\u201d. \u201cQuantas celebra\u00e7\u00f5es de Profiss\u00e3o Solene aqui neste ch\u00e3o. Ao se recordar dos 75 anos da Par\u00f3quia e dos 125 anos de presen\u00e7a franciscana, cada um de n\u00f3s, frades que est\u00e1 aqui e que j\u00e1 se deitou neste ch\u00e3o, pode renovar o seu compromisso de consagrar-se inteiramente a servi\u00e7o de Deus, do Evangelho. \u00c9 importante que a gente aproveite esta ocasi\u00e3o para sentirmo-nos de novo, todos n\u00f3s, dispostos a oferecermo-nos em sacrif\u00edcio. Oferecer a nossa vida, os nossos desejos. Que a gente renove esse compromisso sempre\u201d, pediu o Ministro Provincial.<\/p>\n<p>E concluiu: \u201cO Sagrado dos Canarinhos, o Sagrado da Escola S\u00e3o Jos\u00e9, o Sagrado da Editora Vozes e de tantas vozes que, corajosamente e profeticamente, levantam-se em favor dos mais pobres. Este \u00e9 o Sagrado. \u00c9 a busca do Sagrado que nos coloca em defesa da vida do irm\u00e3o e do an\u00fancio corajoso do Evangelho. \u00c9 o Sagrado do p\u00e3o de Santo Ant\u00f4nio. \u00c9 o Sagrado da fome zero. Do envolvimento de tanta gente na solidariedade e no socorro da assist\u00eancia necess\u00e1ria e urgente. O Sagrado tamb\u00e9m do encontro com o perd\u00e3o nas tantas confiss\u00f5es celebradas, o Sagrado no acolhimento das dores daqueles que vem recordar seus parentes falecidos. \u00c9 o Sagrado da consola\u00e7\u00e3o, o Sagrado que enche de sentido a nossa vida fr\u00e1gil, debilitada, mas que tamb\u00e9m enche de sentido e nos torna alegres e jubilosos porque ousamos mais, e de Deus, nunca nos faltar\u00e1, toda a gra\u00e7a, e toda b\u00ean\u00e7\u00e3o!\u201d.<\/p>\n<p>Ap\u00f3s a homilia, a Celebra\u00e7\u00e3o teve continuidade com a liturgia eucar\u00edstica. Depois da comunh\u00e3o, o Coral entoou o canto \u2018Grande e poderoso e bom Senhor\u2019, de Frei Pedro Sinzig.<\/p>\n<p><strong>AGRADECIMENTOS<\/strong><\/p>\n\n\t\t<style type=\"text\/css\">\n\t\t\t#gallery-2 {\n\t\t\t\tmargin: auto;\n\t\t\t}\n\t\t\t#gallery-2 .gallery-item {\n\t\t\t\tfloat: left;\n\t\t\t\tmargin-top: 10px;\n\t\t\t\ttext-align: center;\n\t\t\t\twidth: 50%;\n\t\t\t}\n\t\t\t#gallery-2 img {\n\t\t\t\tborder: 2px solid #cfcfcf;\n\t\t\t}\n\t\t\t#gallery-2 .gallery-caption {\n\t\t\t\tmargin-left: 0;\n\t\t\t}\n\t\t\t\/* see gallery_shortcode() in wp-includes\/media.php *\/\n\t\t<\/style>\n\t\t<div id='gallery-2' class='gallery galleryid-236487 gallery-columns-2 gallery-size-thumbnail'><dl class='gallery-item'>\n\t\t\t<dt class='gallery-icon landscape'>\n\t\t\t\t<a href='https:\/\/franciscanos.org.br\/noticias\/wp-content\/uploads\/2022\/02\/sagrado_04.jpg'><img width=\"300\" height=\"300\" src=\"https:\/\/franciscanos.org.br\/noticias\/wp-content\/uploads\/2022\/02\/sagrado_04-300x300.jpg\" class=\"attachment-thumbnail size-thumbnail\" alt=\"\" loading=\"lazy\" srcset=\"https:\/\/franciscanos.org.br\/noticias\/wp-content\/uploads\/2022\/02\/sagrado_04-300x300.jpg 300w, https:\/\/franciscanos.org.br\/noticias\/wp-content\/uploads\/2022\/02\/sagrado_04-100x100.jpg 100w\" sizes=\"(max-width: 300px) 100vw, 300px\" \/><\/a>\n\t\t\t<\/dt><\/dl><dl class='gallery-item'>\n\t\t\t<dt class='gallery-icon landscape'>\n\t\t\t\t<a href='https:\/\/franciscanos.org.br\/noticias\/wp-content\/uploads\/2022\/02\/sagrado_05.jpg'><img width=\"300\" height=\"300\" src=\"https:\/\/franciscanos.org.br\/noticias\/wp-content\/uploads\/2022\/02\/sagrado_05-300x300.jpg\" class=\"attachment-thumbnail size-thumbnail\" alt=\"\" loading=\"lazy\" srcset=\"https:\/\/franciscanos.org.br\/noticias\/wp-content\/uploads\/2022\/02\/sagrado_05-300x300.jpg 300w, https:\/\/franciscanos.org.br\/noticias\/wp-content\/uploads\/2022\/02\/sagrado_05-100x100.jpg 100w\" sizes=\"(max-width: 300px) 100vw, 300px\" \/><\/a>\n\t\t\t<\/dt><\/dl><br style=\"clear: both\" \/>\n\t\t<\/div>\n\n<p>Frei Paulo lembrou que o \u00faltimo Cap\u00edtulo Provincial, celebrado no final do passado, apontou a preocupa\u00e7\u00e3o de revigorar a presen\u00e7a franciscana e tamb\u00e9m insistir no apelo vocacional. &#8220;Em cada fraternidade uma nova voca\u00e7\u00e3o dever\u00e1 surgir&#8221;, disse. Na sequ\u00eancia lembrou de tr\u00eas gera\u00e7\u00f5es de frades petropolitanos que se fizeram presentes na celebra\u00e7\u00e3o: Frei Almir, Frei Gustavo e Frei Alan.<\/p>\n<p>O Vig\u00e1rio Provincial, tomando a palavra, destacou dois aspectos. Come\u00e7ou fazendo mem\u00f3ria dos in\u00fameros frades vivos e falecidos que s\u00e3o naturais da Cidade Imperial e depois, na qualidade de secret\u00e1rio para a Evangeliza\u00e7\u00e3o da Prov\u00edncia da Imaculada, destacou que h\u00e1 125 anos os frades foram avan\u00e7ados na compreens\u00e3o do que significa evangelizar.<\/p>\n<p>&#8220;Se hoje o Papa Francisco fala de uma Igreja em sa\u00edda, nossos frades j\u00e1 tinham essa disposi\u00e7\u00e3o. Primeiro de virem de t\u00e3o longe, atravessando o oceano, para trabalhar aqui num pa\u00eds desconhecido. E o quanto eles tinham o cora\u00e7\u00e3o pr\u00f3ximo de Deus e os olhos atentos a realidade. E \u00e9 por isso que a presen\u00e7a franciscana se desdobrou em tantas obras e benfeitorias que hoje n\u00f3s vemos em toda Petr\u00f3polis e que levam Petr\u00f3polis para o Brasil e para o mundo. Editora Vozes, Canarinhos, Escola Gratuita S\u00e3o Jos\u00e9, a vinda das Irm\u00e3s de Santa Catarina, o Terra Santa, o Instituto Teol\u00f3gico Franciscano&#8230; um di\u00e1logo aberto com o mundo da educa\u00e7\u00e3o, da arte, cultura. O Trono de F\u00e1tima e muitas outras obras que foram citadas aqui e lembradas. Uma vis\u00e3o avan\u00e7ada e atual de evangeliza\u00e7\u00e3o que compreende a vida por inteiro e acontece nos templos, no atendimento, nos sacramentos e no servi\u00e7o prestado l\u00e1 onde ele se faz necess\u00e1rio&#8221;, rememorou.<\/p>\n<p>&#8220;Que o Senhor nos permita, enquanto frades franciscanos, continuadores desta hist\u00f3ria, junto com todos os paroquianos e o povo de Deus que faz parte desta caminhada, seguirmos com esse compromisso evangelizador e com esse olhar que consegue enxergar para al\u00e9m e atender os apelos da realidade&#8221;, pediu.<\/p>\n<p><img loading=\"lazy\" class=\"alignnone wp-image-236498 size-full\" src=\"https:\/\/franciscanos.org.br\/noticias\/wp-content\/uploads\/2022\/02\/sagrado_100222_6.jpg\" alt=\"\" width=\"1280\" height=\"853\" srcset=\"https:\/\/franciscanos.org.br\/noticias\/wp-content\/uploads\/2022\/02\/sagrado_100222_6.jpg 1280w, https:\/\/franciscanos.org.br\/noticias\/wp-content\/uploads\/2022\/02\/sagrado_100222_6-450x300.jpg 450w, https:\/\/franciscanos.org.br\/noticias\/wp-content\/uploads\/2022\/02\/sagrado_100222_6-1024x682.jpg 1024w, https:\/\/franciscanos.org.br\/noticias\/wp-content\/uploads\/2022\/02\/sagrado_100222_6-768x512.jpg 768w, https:\/\/franciscanos.org.br\/noticias\/wp-content\/uploads\/2022\/02\/sagrado_100222_6-150x100.jpg 150w\" sizes=\"(max-width: 1280px) 100vw, 1280px\" \/><\/p>\n<p>Por fim, o guardi\u00e3o e p\u00e1roco, sem citar nomes, agradeceu a todos que de alguma forma contribu\u00edram para a realiza\u00e7\u00e3o do Ano Jubilar. Aproveitou a ocasi\u00e3o para apresentar os novos frades da Fraternidade do Sagrado, que foram acolhidos com uma salva de palmas. Na sequ\u00eancia pediu para o Ministro Provincial aben\u00e7oar o bolo que, no final da celebra\u00e7\u00e3o, foi distribu\u00eddo ao povo. A b\u00ean\u00e7\u00e3o final encerrou a solene celebra\u00e7\u00e3o e tamb\u00e9m as comemora\u00e7\u00f5es do Ano Jubilar na Fraternidade do Sagrado!<\/p>\n<hr \/>\n<p><em>Frei Augusto Luiz Gabriel<\/em><\/p>\n","protected":false},"excerpt":{"rendered":"<p>Encerramento dos Jubileus em Petr\u00f3polis<\/p>\n","protected":false},"author":3,"featured_media":236488,"comment_status":"open","ping_status":"open","sticky":false,"template":"","format":"standard","meta":[],"categories":[1],"tags":[1859,1946,1766,190],"acf":[],"yoast_head":"<!-- This site is optimized with the Yoast SEO plugin v19.2 - https:\/\/yoast.com\/wordpress\/plugins\/seo\/ -->\n<title>Ministro Provincial: \u201c\u00c9\u00a0aqui que passamos a amar com maior intensidade a miss\u00e3o de encher o mundo com o Evangelho\u201d - Not\u00edcias - Franciscanos<\/title>\n<meta name=\"robots\" content=\"index, follow, max-snippet:-1, max-image-preview:large, max-video-preview:-1\" \/>\n<link rel=\"canonical\" href=\"https:\/\/franciscanos.org.br\/noticias\/frei-paulo-no-jubileu-do-sagrado-e-aqui-que-passamos-a-amar-com-maior-intensidade-a-missao-de-encher-o-mundo-com-o-evangelho.html\" \/>\n<meta property=\"og:locale\" content=\"pt_BR\" \/>\n<meta property=\"og:type\" content=\"article\" \/>\n<meta property=\"og:title\" content=\"Ministro Provincial: \u201c\u00c9\u00a0aqui que passamos a amar com maior intensidade a miss\u00e3o de encher o mundo com o Evangelho\u201d - Not\u00edcias - Franciscanos\" \/>\n<meta property=\"og:description\" content=\"Encerramento dos Jubileus em Petr\u00f3polis\" \/>\n<meta property=\"og:url\" content=\"https:\/\/franciscanos.org.br\/noticias\/frei-paulo-no-jubileu-do-sagrado-e-aqui-que-passamos-a-amar-com-maior-intensidade-a-missao-de-encher-o-mundo-com-o-evangelho.html\" \/>\n<meta property=\"og:site_name\" content=\"Not\u00edcias - Franciscanos\" \/>\n<meta property=\"article:published_time\" content=\"2022-02-10T08:11:25+00:00\" \/>\n<meta property=\"article:modified_time\" content=\"2022-04-14T11:07:15+00:00\" \/>\n<meta property=\"og:image\" content=\"https:\/\/franciscanos.org.br\/noticias\/wp-content\/uploads\/2022\/02\/sagrado_100222.jpg\" \/>\n\t<meta property=\"og:image:width\" content=\"1280\" \/>\n\t<meta property=\"og:image:height\" content=\"720\" \/>\n\t<meta property=\"og:image:type\" content=\"image\/jpeg\" \/>\n<meta name=\"author\" content=\"moacir\" \/>\n<meta name=\"twitter:card\" content=\"summary_large_image\" \/>\n<meta name=\"twitter:label1\" content=\"Escrito por\" \/>\n\t<meta name=\"twitter:data1\" content=\"moacir\" \/>\n\t<meta name=\"twitter:label2\" content=\"Est. tempo de leitura\" \/>\n\t<meta name=\"twitter:data2\" content=\"9 minutos\" \/>\n<script type=\"application\/ld+json\" class=\"yoast-schema-graph\">{\"@context\":\"https:\/\/schema.org\",\"@graph\":[{\"@type\":\"WebSite\",\"@id\":\"https:\/\/franciscanos.org.br\/noticias\/#website\",\"url\":\"https:\/\/franciscanos.org.br\/noticias\/\",\"name\":\"Not\u00edcias - Franciscanos\",\"description\":\"Prov\u00edncia Franciscana da Imaculada Concei\u00e7\u00e3o do Brasil - Ordem dos Frades Menores - OFM\",\"potentialAction\":[{\"@type\":\"SearchAction\",\"target\":{\"@type\":\"EntryPoint\",\"urlTemplate\":\"https:\/\/franciscanos.org.br\/noticias\/?s={search_term_string}\"},\"query-input\":\"required name=search_term_string\"}],\"inLanguage\":\"pt-BR\"},{\"@type\":\"ImageObject\",\"inLanguage\":\"pt-BR\",\"@id\":\"https:\/\/franciscanos.org.br\/noticias\/frei-paulo-no-jubileu-do-sagrado-e-aqui-que-passamos-a-amar-com-maior-intensidade-a-missao-de-encher-o-mundo-com-o-evangelho.html#primaryimage\",\"url\":\"https:\/\/franciscanos.org.br\/noticias\/wp-content\/uploads\/2022\/02\/sagrado_100222.jpg\",\"contentUrl\":\"https:\/\/franciscanos.org.br\/noticias\/wp-content\/uploads\/2022\/02\/sagrado_100222.jpg\",\"width\":1280,\"height\":720},{\"@type\":\"WebPage\",\"@id\":\"https:\/\/franciscanos.org.br\/noticias\/frei-paulo-no-jubileu-do-sagrado-e-aqui-que-passamos-a-amar-com-maior-intensidade-a-missao-de-encher-o-mundo-com-o-evangelho.html#webpage\",\"url\":\"https:\/\/franciscanos.org.br\/noticias\/frei-paulo-no-jubileu-do-sagrado-e-aqui-que-passamos-a-amar-com-maior-intensidade-a-missao-de-encher-o-mundo-com-o-evangelho.html\",\"name\":\"Ministro Provincial: \u201c\u00c9\u00a0aqui que passamos a amar com maior intensidade a miss\u00e3o de encher o mundo com o Evangelho\u201d - Not\u00edcias - Franciscanos\",\"isPartOf\":{\"@id\":\"https:\/\/franciscanos.org.br\/noticias\/#website\"},\"primaryImageOfPage\":{\"@id\":\"https:\/\/franciscanos.org.br\/noticias\/frei-paulo-no-jubileu-do-sagrado-e-aqui-que-passamos-a-amar-com-maior-intensidade-a-missao-de-encher-o-mundo-com-o-evangelho.html#primaryimage\"},\"datePublished\":\"2022-02-10T08:11:25+00:00\",\"dateModified\":\"2022-04-14T11:07:15+00:00\",\"author\":{\"@id\":\"https:\/\/franciscanos.org.br\/noticias\/#\/schema\/person\/b5c8cba458c330ccff548b056e95a5d4\"},\"breadcrumb\":{\"@id\":\"https:\/\/franciscanos.org.br\/noticias\/frei-paulo-no-jubileu-do-sagrado-e-aqui-que-passamos-a-amar-com-maior-intensidade-a-missao-de-encher-o-mundo-com-o-evangelho.html#breadcrumb\"},\"inLanguage\":\"pt-BR\",\"potentialAction\":[{\"@type\":\"ReadAction\",\"target\":[\"https:\/\/franciscanos.org.br\/noticias\/frei-paulo-no-jubileu-do-sagrado-e-aqui-que-passamos-a-amar-com-maior-intensidade-a-missao-de-encher-o-mundo-com-o-evangelho.html\"]}]},{\"@type\":\"BreadcrumbList\",\"@id\":\"https:\/\/franciscanos.org.br\/noticias\/frei-paulo-no-jubileu-do-sagrado-e-aqui-que-passamos-a-amar-com-maior-intensidade-a-missao-de-encher-o-mundo-com-o-evangelho.html#breadcrumb\",\"itemListElement\":[{\"@type\":\"ListItem\",\"position\":1,\"name\":\"Home\",\"item\":\"https:\/\/franciscanos.org.br\/noticias\"},{\"@type\":\"ListItem\",\"position\":2,\"name\":\"Ministro Provincial: \u201c\u00c9\u00a0aqui que passamos a amar com maior intensidade a miss\u00e3o de encher o mundo com o Evangelho\u201d\"}]},{\"@type\":\"Person\",\"@id\":\"https:\/\/franciscanos.org.br\/noticias\/#\/schema\/person\/b5c8cba458c330ccff548b056e95a5d4\",\"name\":\"moacir\",\"image\":{\"@type\":\"ImageObject\",\"inLanguage\":\"pt-BR\",\"@id\":\"https:\/\/franciscanos.org.br\/noticias\/#\/schema\/person\/image\/\",\"url\":\"https:\/\/secure.gravatar.com\/avatar\/d08aa2ce4c8dd416d4479aa8536fcf64?s=96&d=mm&r=g\",\"contentUrl\":\"https:\/\/secure.gravatar.com\/avatar\/d08aa2ce4c8dd416d4479aa8536fcf64?s=96&d=mm&r=g\",\"caption\":\"moacir\"},\"url\":\"https:\/\/franciscanos.org.br\/noticias\/author\/moacir\"}]}<\/script>\n<!-- \/ Yoast SEO plugin. -->","yoast_head_json":{"title":"Ministro Provincial: \u201c\u00c9\u00a0aqui que passamos a amar com maior intensidade a miss\u00e3o de encher o mundo com o Evangelho\u201d - Not\u00edcias - Franciscanos","robots":{"index":"index","follow":"follow","max-snippet":"max-snippet:-1","max-image-preview":"max-image-preview:large","max-video-preview":"max-video-preview:-1"},"canonical":"https:\/\/franciscanos.org.br\/noticias\/frei-paulo-no-jubileu-do-sagrado-e-aqui-que-passamos-a-amar-com-maior-intensidade-a-missao-de-encher-o-mundo-com-o-evangelho.html","og_locale":"pt_BR","og_type":"article","og_title":"Ministro Provincial: \u201c\u00c9\u00a0aqui que passamos a amar com maior intensidade a miss\u00e3o de encher o mundo com o Evangelho\u201d - Not\u00edcias - Franciscanos","og_description":"Encerramento dos Jubileus em Petr\u00f3polis","og_url":"https:\/\/franciscanos.org.br\/noticias\/frei-paulo-no-jubileu-do-sagrado-e-aqui-que-passamos-a-amar-com-maior-intensidade-a-missao-de-encher-o-mundo-com-o-evangelho.html","og_site_name":"Not\u00edcias - Franciscanos","article_published_time":"2022-02-10T08:11:25+00:00","article_modified_time":"2022-04-14T11:07:15+00:00","og_image":[{"width":1280,"height":720,"url":"https:\/\/franciscanos.org.br\/noticias\/wp-content\/uploads\/2022\/02\/sagrado_100222.jpg","type":"image\/jpeg"}],"author":"moacir","twitter_card":"summary_large_image","twitter_misc":{"Escrito por":"moacir","Est. tempo de leitura":"9 minutos"},"schema":{"@context":"https:\/\/schema.org","@graph":[{"@type":"WebSite","@id":"https:\/\/franciscanos.org.br\/noticias\/#website","url":"https:\/\/franciscanos.org.br\/noticias\/","name":"Not\u00edcias - Franciscanos","description":"Prov\u00edncia Franciscana da Imaculada Concei\u00e7\u00e3o do Brasil - Ordem dos Frades Menores - OFM","potentialAction":[{"@type":"SearchAction","target":{"@type":"EntryPoint","urlTemplate":"https:\/\/franciscanos.org.br\/noticias\/?s={search_term_string}"},"query-input":"required name=search_term_string"}],"inLanguage":"pt-BR"},{"@type":"ImageObject","inLanguage":"pt-BR","@id":"https:\/\/franciscanos.org.br\/noticias\/frei-paulo-no-jubileu-do-sagrado-e-aqui-que-passamos-a-amar-com-maior-intensidade-a-missao-de-encher-o-mundo-com-o-evangelho.html#primaryimage","url":"https:\/\/franciscanos.org.br\/noticias\/wp-content\/uploads\/2022\/02\/sagrado_100222.jpg","contentUrl":"https:\/\/franciscanos.org.br\/noticias\/wp-content\/uploads\/2022\/02\/sagrado_100222.jpg","width":1280,"height":720},{"@type":"WebPage","@id":"https:\/\/franciscanos.org.br\/noticias\/frei-paulo-no-jubileu-do-sagrado-e-aqui-que-passamos-a-amar-com-maior-intensidade-a-missao-de-encher-o-mundo-com-o-evangelho.html#webpage","url":"https:\/\/franciscanos.org.br\/noticias\/frei-paulo-no-jubileu-do-sagrado-e-aqui-que-passamos-a-amar-com-maior-intensidade-a-missao-de-encher-o-mundo-com-o-evangelho.html","name":"Ministro Provincial: \u201c\u00c9\u00a0aqui que passamos a amar com maior intensidade a miss\u00e3o de encher o mundo com o Evangelho\u201d - Not\u00edcias - Franciscanos","isPartOf":{"@id":"https:\/\/franciscanos.org.br\/noticias\/#website"},"primaryImageOfPage":{"@id":"https:\/\/franciscanos.org.br\/noticias\/frei-paulo-no-jubileu-do-sagrado-e-aqui-que-passamos-a-amar-com-maior-intensidade-a-missao-de-encher-o-mundo-com-o-evangelho.html#primaryimage"},"datePublished":"2022-02-10T08:11:25+00:00","dateModified":"2022-04-14T11:07:15+00:00","author":{"@id":"https:\/\/franciscanos.org.br\/noticias\/#\/schema\/person\/b5c8cba458c330ccff548b056e95a5d4"},"breadcrumb":{"@id":"https:\/\/franciscanos.org.br\/noticias\/frei-paulo-no-jubileu-do-sagrado-e-aqui-que-passamos-a-amar-com-maior-intensidade-a-missao-de-encher-o-mundo-com-o-evangelho.html#breadcrumb"},"inLanguage":"pt-BR","potentialAction":[{"@type":"ReadAction","target":["https:\/\/franciscanos.org.br\/noticias\/frei-paulo-no-jubileu-do-sagrado-e-aqui-que-passamos-a-amar-com-maior-intensidade-a-missao-de-encher-o-mundo-com-o-evangelho.html"]}]},{"@type":"BreadcrumbList","@id":"https:\/\/franciscanos.org.br\/noticias\/frei-paulo-no-jubileu-do-sagrado-e-aqui-que-passamos-a-amar-com-maior-intensidade-a-missao-de-encher-o-mundo-com-o-evangelho.html#breadcrumb","itemListElement":[{"@type":"ListItem","position":1,"name":"Home","item":"https:\/\/franciscanos.org.br\/noticias"},{"@type":"ListItem","position":2,"name":"Ministro Provincial: \u201c\u00c9\u00a0aqui que passamos a amar com maior intensidade a miss\u00e3o de encher o mundo com o Evangelho\u201d"}]},{"@type":"Person","@id":"https:\/\/franciscanos.org.br\/noticias\/#\/schema\/person\/b5c8cba458c330ccff548b056e95a5d4","name":"moacir","image":{"@type":"ImageObject","inLanguage":"pt-BR","@id":"https:\/\/franciscanos.org.br\/noticias\/#\/schema\/person\/image\/","url":"https:\/\/secure.gravatar.com\/avatar\/d08aa2ce4c8dd416d4479aa8536fcf64?s=96&d=mm&r=g","contentUrl":"https:\/\/secure.gravatar.com\/avatar\/d08aa2ce4c8dd416d4479aa8536fcf64?s=96&d=mm&r=g","caption":"moacir"},"url":"https:\/\/franciscanos.org.br\/noticias\/author\/moacir"}]}},"_links":{"self":[{"href":"https:\/\/franciscanos.org.br\/noticias\/wp-json\/wp\/v2\/posts\/236487"}],"collection":[{"href":"https:\/\/franciscanos.org.br\/noticias\/wp-json\/wp\/v2\/posts"}],"about":[{"href":"https:\/\/franciscanos.org.br\/noticias\/wp-json\/wp\/v2\/types\/post"}],"author":[{"embeddable":true,"href":"https:\/\/franciscanos.org.br\/noticias\/wp-json\/wp\/v2\/users\/3"}],"replies":[{"embeddable":true,"href":"https:\/\/franciscanos.org.br\/noticias\/wp-json\/wp\/v2\/comments?post=236487"}],"version-history":[{"count":19,"href":"https:\/\/franciscanos.org.br\/noticias\/wp-json\/wp\/v2\/posts\/236487\/revisions"}],"predecessor-version":[{"id":236517,"href":"https:\/\/franciscanos.org.br\/noticias\/wp-json\/wp\/v2\/posts\/236487\/revisions\/236517"}],"wp:featuredmedia":[{"embeddable":true,"href":"https:\/\/franciscanos.org.br\/noticias\/wp-json\/wp\/v2\/media\/236488"}],"wp:attachment":[{"href":"https:\/\/franciscanos.org.br\/noticias\/wp-json\/wp\/v2\/media?parent=236487"}],"wp:term":[{"taxonomy":"category","embeddable":true,"href":"https:\/\/franciscanos.org.br\/noticias\/wp-json\/wp\/v2\/categories?post=236487"},{"taxonomy":"post_tag","embeddable":true,"href":"https:\/\/franciscanos.org.br\/noticias\/wp-json\/wp\/v2\/tags?post=236487"}],"curies":[{"name":"wp","href":"https:\/\/api.w.org\/{rel}","templated":true}]}}