{"id":236473,"date":"2022-02-08T15:30:12","date_gmt":"2022-02-08T18:30:12","guid":{"rendered":"https:\/\/franciscanos.org.br\/noticias\/?p=236473"},"modified":"2022-02-08T15:30:12","modified_gmt":"2022-02-08T18:30:12","slug":"frei-vanilton-e-frei-pedro-tomam-posse-da-paroquia-santo-antonio-de-bauru","status":"publish","type":"post","link":"https:\/\/franciscanos.org.br\/noticias\/frei-vanilton-e-frei-pedro-tomam-posse-da-paroquia-santo-antonio-de-bauru.html","title":{"rendered":"Frei Vanilton e Frei Pedro tomam posse da Par\u00f3quia Santo Ant\u00f4nio de Bauru"},"content":{"rendered":"<p><img loading=\"lazy\" class=\"alignnone wp-image-236474 size-full\" src=\"https:\/\/franciscanos.org.br\/noticias\/wp-content\/uploads\/2022\/02\/bauru_0802.jpg\" alt=\"\" width=\"1146\" height=\"605\" srcset=\"https:\/\/franciscanos.org.br\/noticias\/wp-content\/uploads\/2022\/02\/bauru_0802.jpg 1146w, https:\/\/franciscanos.org.br\/noticias\/wp-content\/uploads\/2022\/02\/bauru_0802-450x238.jpg 450w, https:\/\/franciscanos.org.br\/noticias\/wp-content\/uploads\/2022\/02\/bauru_0802-1024x541.jpg 1024w, https:\/\/franciscanos.org.br\/noticias\/wp-content\/uploads\/2022\/02\/bauru_0802-768x405.jpg 768w, https:\/\/franciscanos.org.br\/noticias\/wp-content\/uploads\/2022\/02\/bauru_0802-150x79.jpg 150w\" sizes=\"(max-width: 1146px) 100vw, 1146px\" \/><\/p>\n<p>Na manh\u00e3 de domingo, dia 05\/02, na Missa das 10h30, tomaram posse Frei Vanilton Aparecido Leme na condi\u00e7\u00e3o de guardi\u00e3o, p\u00e1roco e assistente das Concepcionistas (Mosteiro da Imaculada Concei\u00e7\u00e3o de Piratininga\/SP) e Frei\u00a0 Pedro do Nascimento, vig\u00e1rio da casa e vig\u00e1rio paroquial. Com Frei Ricardo Backes, j\u00e1 residindo anteriormente, e servindo como \u00a0vig\u00e1rio paroquial, os freis formam a nova Fraternidade franciscana em Bauru, SP.<\/p>\n<p>O Bispo de Bauru, Dom Rubens Sevilha, OCD, foi o presidente da celebra\u00e7\u00e3o. Tamb\u00e9m estiveram presentes os frades de Agudos, Frei Jo\u00e3o Antunes Filho (Frei Rafa), Frei Lauro Formigoni e Frei Osmar Dalazen. Tamb\u00e9m concelebraram a Eucaristia Frei Thiago Hayakawa, frade residente em Itatiba e natural de Bauru, e Pe. Fernando Augusto Meira da cidade de Itu, diocese de Jundia\u00ed, que com os pais e irm\u00e3os de Frei Vanilton marcaram presen\u00e7a. Tamb\u00e9m amigos de Frei Pedro vieram de Agudos, onde ele estava trabalhando anteriormente.<\/p>\n<p><img loading=\"lazy\" class=\"alignnone wp-image-236475 size-full\" src=\"https:\/\/franciscanos.org.br\/noticias\/wp-content\/uploads\/2022\/02\/bauru_0803.jpg\" alt=\"\" width=\"1280\" height=\"605\" srcset=\"https:\/\/franciscanos.org.br\/noticias\/wp-content\/uploads\/2022\/02\/bauru_0803.jpg 1280w, https:\/\/franciscanos.org.br\/noticias\/wp-content\/uploads\/2022\/02\/bauru_0803-450x213.jpg 450w, https:\/\/franciscanos.org.br\/noticias\/wp-content\/uploads\/2022\/02\/bauru_0803-1024x484.jpg 1024w, https:\/\/franciscanos.org.br\/noticias\/wp-content\/uploads\/2022\/02\/bauru_0803-768x363.jpg 768w, https:\/\/franciscanos.org.br\/noticias\/wp-content\/uploads\/2022\/02\/bauru_0803-150x71.jpg 150w\" sizes=\"(max-width: 1280px) 100vw, 1280px\" \/><\/p>\n<p>Na prociss\u00e3o de entrada, cada Comunidade da Par\u00f3quia trouxe a imagem de seu padroeiro em sinal de comunh\u00e3o e participa\u00e7\u00e3o. Assim, com as Comunidades e os paroquianos, podemos celebrar esse momento importante de nossa Par\u00f3quia com a presen\u00e7a de familiares e amigos dos frades que agora se juntam \u00e0 Fraternidade Santo Ant\u00f4nio de Bauru.<\/p>\n<p>Desejamos que o Esp\u00edrito Santo, Nossa Senhora, Santo Ant\u00f4nio, S\u00e3o Francisco e Santa Clara intercedam pela Comunidade paroquial da matriz de Santo Ant\u00f4nio de Bauru.<\/p>\n<p><img loading=\"lazy\" class=\"alignnone wp-image-236476 size-full\" src=\"https:\/\/franciscanos.org.br\/noticias\/wp-content\/uploads\/2022\/02\/bauru_080222.jpg\" alt=\"\" width=\"1214\" height=\"684\" srcset=\"https:\/\/franciscanos.org.br\/noticias\/wp-content\/uploads\/2022\/02\/bauru_080222.jpg 1214w, https:\/\/franciscanos.org.br\/noticias\/wp-content\/uploads\/2022\/02\/bauru_080222-450x254.jpg 450w, https:\/\/franciscanos.org.br\/noticias\/wp-content\/uploads\/2022\/02\/bauru_080222-1024x577.jpg 1024w, https:\/\/franciscanos.org.br\/noticias\/wp-content\/uploads\/2022\/02\/bauru_080222-768x433.jpg 768w, https:\/\/franciscanos.org.br\/noticias\/wp-content\/uploads\/2022\/02\/bauru_080222-150x85.jpg 150w\" sizes=\"(max-width: 1214px) 100vw, 1214px\" \/><\/p>\n<hr \/>\n<p><em>Pascom da Par\u00f3quia Santo Ant\u00f4nio de Bauru<\/em><\/p>\n","protected":false},"excerpt":{"rendered":"<p>Par\u00f3quia Santo Ant\u00f4nio de Bauru<\/p>\n","protected":false},"author":3,"featured_media":236474,"comment_status":"open","ping_status":"open","sticky":false,"template":"","format":"standard","meta":[],"categories":[1],"tags":[1973],"acf":[],"yoast_head":"<!-- This site is optimized with the Yoast SEO plugin v19.2 - https:\/\/yoast.com\/wordpress\/plugins\/seo\/ -->\n<title>Frei Vanilton e Frei Pedro tomam posse da Par\u00f3quia Santo Ant\u00f4nio de Bauru - Not\u00edcias - Franciscanos<\/title>\n<meta name=\"robots\" content=\"index, follow, max-snippet:-1, max-image-preview:large, max-video-preview:-1\" \/>\n<link rel=\"canonical\" href=\"https:\/\/franciscanos.org.br\/noticias\/frei-vanilton-e-frei-pedro-tomam-posse-da-paroquia-santo-antonio-de-bauru.html\" \/>\n<meta property=\"og:locale\" content=\"pt_BR\" \/>\n<meta property=\"og:type\" content=\"article\" \/>\n<meta property=\"og:title\" content=\"Frei Vanilton e Frei Pedro tomam posse da Par\u00f3quia Santo Ant\u00f4nio de Bauru - Not\u00edcias - Franciscanos\" \/>\n<meta property=\"og:description\" content=\"Par\u00f3quia Santo Ant\u00f4nio de Bauru\" \/>\n<meta property=\"og:url\" content=\"https:\/\/franciscanos.org.br\/noticias\/frei-vanilton-e-frei-pedro-tomam-posse-da-paroquia-santo-antonio-de-bauru.html\" \/>\n<meta property=\"og:site_name\" content=\"Not\u00edcias - Franciscanos\" \/>\n<meta property=\"article:published_time\" content=\"2022-02-08T18:30:12+00:00\" \/>\n<meta property=\"og:image\" content=\"https:\/\/franciscanos.org.br\/noticias\/wp-content\/uploads\/2022\/02\/bauru_0802.jpg\" \/>\n\t<meta property=\"og:image:width\" content=\"1146\" \/>\n\t<meta property=\"og:image:height\" content=\"605\" \/>\n\t<meta property=\"og:image:type\" content=\"image\/jpeg\" \/>\n<meta name=\"author\" content=\"moacir\" \/>\n<meta name=\"twitter:card\" content=\"summary_large_image\" \/>\n<meta name=\"twitter:label1\" content=\"Escrito por\" \/>\n\t<meta name=\"twitter:data1\" content=\"moacir\" \/>\n\t<meta name=\"twitter:label2\" content=\"Est. tempo de leitura\" \/>\n\t<meta name=\"twitter:data2\" content=\"1 minuto\" \/>\n<script type=\"application\/ld+json\" class=\"yoast-schema-graph\">{\"@context\":\"https:\/\/schema.org\",\"@graph\":[{\"@type\":\"WebSite\",\"@id\":\"https:\/\/franciscanos.org.br\/noticias\/#website\",\"url\":\"https:\/\/franciscanos.org.br\/noticias\/\",\"name\":\"Not\u00edcias - Franciscanos\",\"description\":\"Prov\u00edncia Franciscana da Imaculada Concei\u00e7\u00e3o do Brasil - Ordem dos Frades Menores - OFM\",\"potentialAction\":[{\"@type\":\"SearchAction\",\"target\":{\"@type\":\"EntryPoint\",\"urlTemplate\":\"https:\/\/franciscanos.org.br\/noticias\/?s={search_term_string}\"},\"query-input\":\"required name=search_term_string\"}],\"inLanguage\":\"pt-BR\"},{\"@type\":\"ImageObject\",\"inLanguage\":\"pt-BR\",\"@id\":\"https:\/\/franciscanos.org.br\/noticias\/frei-vanilton-e-frei-pedro-tomam-posse-da-paroquia-santo-antonio-de-bauru.html#primaryimage\",\"url\":\"https:\/\/franciscanos.org.br\/noticias\/wp-content\/uploads\/2022\/02\/bauru_0802.jpg\",\"contentUrl\":\"https:\/\/franciscanos.org.br\/noticias\/wp-content\/uploads\/2022\/02\/bauru_0802.jpg\",\"width\":1146,\"height\":605},{\"@type\":\"WebPage\",\"@id\":\"https:\/\/franciscanos.org.br\/noticias\/frei-vanilton-e-frei-pedro-tomam-posse-da-paroquia-santo-antonio-de-bauru.html#webpage\",\"url\":\"https:\/\/franciscanos.org.br\/noticias\/frei-vanilton-e-frei-pedro-tomam-posse-da-paroquia-santo-antonio-de-bauru.html\",\"name\":\"Frei Vanilton e Frei Pedro tomam posse da Par\u00f3quia Santo Ant\u00f4nio de Bauru - Not\u00edcias - Franciscanos\",\"isPartOf\":{\"@id\":\"https:\/\/franciscanos.org.br\/noticias\/#website\"},\"primaryImageOfPage\":{\"@id\":\"https:\/\/franciscanos.org.br\/noticias\/frei-vanilton-e-frei-pedro-tomam-posse-da-paroquia-santo-antonio-de-bauru.html#primaryimage\"},\"datePublished\":\"2022-02-08T18:30:12+00:00\",\"dateModified\":\"2022-02-08T18:30:12+00:00\",\"author\":{\"@id\":\"https:\/\/franciscanos.org.br\/noticias\/#\/schema\/person\/b5c8cba458c330ccff548b056e95a5d4\"},\"breadcrumb\":{\"@id\":\"https:\/\/franciscanos.org.br\/noticias\/frei-vanilton-e-frei-pedro-tomam-posse-da-paroquia-santo-antonio-de-bauru.html#breadcrumb\"},\"inLanguage\":\"pt-BR\",\"potentialAction\":[{\"@type\":\"ReadAction\",\"target\":[\"https:\/\/franciscanos.org.br\/noticias\/frei-vanilton-e-frei-pedro-tomam-posse-da-paroquia-santo-antonio-de-bauru.html\"]}]},{\"@type\":\"BreadcrumbList\",\"@id\":\"https:\/\/franciscanos.org.br\/noticias\/frei-vanilton-e-frei-pedro-tomam-posse-da-paroquia-santo-antonio-de-bauru.html#breadcrumb\",\"itemListElement\":[{\"@type\":\"ListItem\",\"position\":1,\"name\":\"Home\",\"item\":\"https:\/\/franciscanos.org.br\/noticias\"},{\"@type\":\"ListItem\",\"position\":2,\"name\":\"Frei Vanilton e Frei Pedro tomam posse da Par\u00f3quia Santo Ant\u00f4nio de Bauru\"}]},{\"@type\":\"Person\",\"@id\":\"https:\/\/franciscanos.org.br\/noticias\/#\/schema\/person\/b5c8cba458c330ccff548b056e95a5d4\",\"name\":\"moacir\",\"image\":{\"@type\":\"ImageObject\",\"inLanguage\":\"pt-BR\",\"@id\":\"https:\/\/franciscanos.org.br\/noticias\/#\/schema\/person\/image\/\",\"url\":\"https:\/\/secure.gravatar.com\/avatar\/d08aa2ce4c8dd416d4479aa8536fcf64?s=96&d=mm&r=g\",\"contentUrl\":\"https:\/\/secure.gravatar.com\/avatar\/d08aa2ce4c8dd416d4479aa8536fcf64?s=96&d=mm&r=g\",\"caption\":\"moacir\"},\"url\":\"https:\/\/franciscanos.org.br\/noticias\/author\/moacir\"}]}<\/script>\n<!-- \/ Yoast SEO plugin. -->","yoast_head_json":{"title":"Frei Vanilton e Frei Pedro tomam posse da Par\u00f3quia Santo Ant\u00f4nio de Bauru - Not\u00edcias - Franciscanos","robots":{"index":"index","follow":"follow","max-snippet":"max-snippet:-1","max-image-preview":"max-image-preview:large","max-video-preview":"max-video-preview:-1"},"canonical":"https:\/\/franciscanos.org.br\/noticias\/frei-vanilton-e-frei-pedro-tomam-posse-da-paroquia-santo-antonio-de-bauru.html","og_locale":"pt_BR","og_type":"article","og_title":"Frei Vanilton e Frei Pedro tomam posse da Par\u00f3quia Santo Ant\u00f4nio de Bauru - Not\u00edcias - Franciscanos","og_description":"Par\u00f3quia Santo Ant\u00f4nio de Bauru","og_url":"https:\/\/franciscanos.org.br\/noticias\/frei-vanilton-e-frei-pedro-tomam-posse-da-paroquia-santo-antonio-de-bauru.html","og_site_name":"Not\u00edcias - Franciscanos","article_published_time":"2022-02-08T18:30:12+00:00","og_image":[{"width":1146,"height":605,"url":"https:\/\/franciscanos.org.br\/noticias\/wp-content\/uploads\/2022\/02\/bauru_0802.jpg","type":"image\/jpeg"}],"author":"moacir","twitter_card":"summary_large_image","twitter_misc":{"Escrito por":"moacir","Est. tempo de leitura":"1 minuto"},"schema":{"@context":"https:\/\/schema.org","@graph":[{"@type":"WebSite","@id":"https:\/\/franciscanos.org.br\/noticias\/#website","url":"https:\/\/franciscanos.org.br\/noticias\/","name":"Not\u00edcias - Franciscanos","description":"Prov\u00edncia Franciscana da Imaculada Concei\u00e7\u00e3o do Brasil - Ordem dos Frades Menores - OFM","potentialAction":[{"@type":"SearchAction","target":{"@type":"EntryPoint","urlTemplate":"https:\/\/franciscanos.org.br\/noticias\/?s={search_term_string}"},"query-input":"required name=search_term_string"}],"inLanguage":"pt-BR"},{"@type":"ImageObject","inLanguage":"pt-BR","@id":"https:\/\/franciscanos.org.br\/noticias\/frei-vanilton-e-frei-pedro-tomam-posse-da-paroquia-santo-antonio-de-bauru.html#primaryimage","url":"https:\/\/franciscanos.org.br\/noticias\/wp-content\/uploads\/2022\/02\/bauru_0802.jpg","contentUrl":"https:\/\/franciscanos.org.br\/noticias\/wp-content\/uploads\/2022\/02\/bauru_0802.jpg","width":1146,"height":605},{"@type":"WebPage","@id":"https:\/\/franciscanos.org.br\/noticias\/frei-vanilton-e-frei-pedro-tomam-posse-da-paroquia-santo-antonio-de-bauru.html#webpage","url":"https:\/\/franciscanos.org.br\/noticias\/frei-vanilton-e-frei-pedro-tomam-posse-da-paroquia-santo-antonio-de-bauru.html","name":"Frei Vanilton e Frei Pedro tomam posse da Par\u00f3quia Santo Ant\u00f4nio de Bauru - Not\u00edcias - Franciscanos","isPartOf":{"@id":"https:\/\/franciscanos.org.br\/noticias\/#website"},"primaryImageOfPage":{"@id":"https:\/\/franciscanos.org.br\/noticias\/frei-vanilton-e-frei-pedro-tomam-posse-da-paroquia-santo-antonio-de-bauru.html#primaryimage"},"datePublished":"2022-02-08T18:30:12+00:00","dateModified":"2022-02-08T18:30:12+00:00","author":{"@id":"https:\/\/franciscanos.org.br\/noticias\/#\/schema\/person\/b5c8cba458c330ccff548b056e95a5d4"},"breadcrumb":{"@id":"https:\/\/franciscanos.org.br\/noticias\/frei-vanilton-e-frei-pedro-tomam-posse-da-paroquia-santo-antonio-de-bauru.html#breadcrumb"},"inLanguage":"pt-BR","potentialAction":[{"@type":"ReadAction","target":["https:\/\/franciscanos.org.br\/noticias\/frei-vanilton-e-frei-pedro-tomam-posse-da-paroquia-santo-antonio-de-bauru.html"]}]},{"@type":"BreadcrumbList","@id":"https:\/\/franciscanos.org.br\/noticias\/frei-vanilton-e-frei-pedro-tomam-posse-da-paroquia-santo-antonio-de-bauru.html#breadcrumb","itemListElement":[{"@type":"ListItem","position":1,"name":"Home","item":"https:\/\/franciscanos.org.br\/noticias"},{"@type":"ListItem","position":2,"name":"Frei Vanilton e Frei Pedro tomam posse da Par\u00f3quia Santo Ant\u00f4nio de Bauru"}]},{"@type":"Person","@id":"https:\/\/franciscanos.org.br\/noticias\/#\/schema\/person\/b5c8cba458c330ccff548b056e95a5d4","name":"moacir","image":{"@type":"ImageObject","inLanguage":"pt-BR","@id":"https:\/\/franciscanos.org.br\/noticias\/#\/schema\/person\/image\/","url":"https:\/\/secure.gravatar.com\/avatar\/d08aa2ce4c8dd416d4479aa8536fcf64?s=96&d=mm&r=g","contentUrl":"https:\/\/secure.gravatar.com\/avatar\/d08aa2ce4c8dd416d4479aa8536fcf64?s=96&d=mm&r=g","caption":"moacir"},"url":"https:\/\/franciscanos.org.br\/noticias\/author\/moacir"}]}},"_links":{"self":[{"href":"https:\/\/franciscanos.org.br\/noticias\/wp-json\/wp\/v2\/posts\/236473"}],"collection":[{"href":"https:\/\/franciscanos.org.br\/noticias\/wp-json\/wp\/v2\/posts"}],"about":[{"href":"https:\/\/franciscanos.org.br\/noticias\/wp-json\/wp\/v2\/types\/post"}],"author":[{"embeddable":true,"href":"https:\/\/franciscanos.org.br\/noticias\/wp-json\/wp\/v2\/users\/3"}],"replies":[{"embeddable":true,"href":"https:\/\/franciscanos.org.br\/noticias\/wp-json\/wp\/v2\/comments?post=236473"}],"version-history":[{"count":1,"href":"https:\/\/franciscanos.org.br\/noticias\/wp-json\/wp\/v2\/posts\/236473\/revisions"}],"predecessor-version":[{"id":236477,"href":"https:\/\/franciscanos.org.br\/noticias\/wp-json\/wp\/v2\/posts\/236473\/revisions\/236477"}],"wp:featuredmedia":[{"embeddable":true,"href":"https:\/\/franciscanos.org.br\/noticias\/wp-json\/wp\/v2\/media\/236474"}],"wp:attachment":[{"href":"https:\/\/franciscanos.org.br\/noticias\/wp-json\/wp\/v2\/media?parent=236473"}],"wp:term":[{"taxonomy":"category","embeddable":true,"href":"https:\/\/franciscanos.org.br\/noticias\/wp-json\/wp\/v2\/categories?post=236473"},{"taxonomy":"post_tag","embeddable":true,"href":"https:\/\/franciscanos.org.br\/noticias\/wp-json\/wp\/v2\/tags?post=236473"}],"curies":[{"name":"wp","href":"https:\/\/api.w.org\/{rel}","templated":true}]}}