{"id":236468,"date":"2022-02-08T15:09:58","date_gmt":"2022-02-08T18:09:58","guid":{"rendered":"https:\/\/franciscanos.org.br\/noticias\/?p=236468"},"modified":"2022-02-08T15:09:58","modified_gmt":"2022-02-08T18:09:58","slug":"frei-paulo-a-missao-desta-casa-e-proporcionar-um-encontro-transformador-com-o-senhor","status":"publish","type":"post","link":"https:\/\/franciscanos.org.br\/noticias\/frei-paulo-a-missao-desta-casa-e-proporcionar-um-encontro-transformador-com-o-senhor.html","title":{"rendered":"Frei Paulo: \u201cA miss\u00e3o desta casa \u00e9 proporcionar um encontro transformador com o Senhor\u201d"},"content":{"rendered":"<p><img loading=\"lazy\" class=\"alignnone wp-image-188102 size-full\" src=\"https:\/\/franciscanos.org.br\/conventosantoantonio\/wp-content\/uploads\/2022\/02\/convento_0802_01.jpg\" alt=\"\" width=\"1280\" height=\"573\" \/><\/p>\n<p><strong>Rio de Janeiro (RJ) &#8211;<\/strong> O Ministro Provincial Frei Paulo Roberto Pereira presidiu, nesta ter\u00e7a-feira (8\/2), \u00e0s 10 horas, a Celebra\u00e7\u00e3o Eucar\u00edstica que apresentou a nova Fraternidade do Convento Santo Ant\u00f4nio do Largo da Carioca, definida no Congresso Capitular da Prov\u00edncia da Imaculada Concei\u00e7\u00e3o, em dezembro passado.<\/p>\n<p>Segundo Frei Paulo, a palavra convento significa exatamente conven\u00e7\u00e3o, reuni\u00e3o, converg\u00eancia. &#8220;A nossa miss\u00e3o, a partir desta casa, \u00e9 gerar comunh\u00e3o, gerar confraterniza\u00e7\u00e3o. A partir da Fraternidade n\u00f3s queremos estender a possibilidade de fazermo-nos irm\u00e3os uns dos outros. Esta \u00e9 a nossa tarefa, esta \u00e9 a nossa miss\u00e3o&#8221;, explicou o Ministro Provincial.<\/p>\n<p>Para compor a nova Fraternidade chegaram cinco frades. &#8220;Todos os que moram aqui h\u00e1 bastante tempo tamb\u00e9m formam a nova fraternidade, com um novo vigor, uma nova disposi\u00e7\u00e3o. N\u00f3s vivemos recentemente o Cap\u00edtulo Provincial e uma das d\u00e1divas do Cap\u00edtulo \u00e9 a renova\u00e7\u00e3o da miss\u00e3o. \u00c9 um vigor renovado. E, aqui, o Convento Snto Ant\u00f4nio foi agraciado com esta possibilidade de revigoramento a partir da indica\u00e7\u00e3o dos novos irm\u00e3os que formam esta fraternidade&#8221;, ressaltou Frei Paulo.<\/p>\n<p>Frei Gustavo Medella, o Vig\u00e1rio Provincial, fez a apresenta\u00e7\u00e3o da nova Fraternidade, composta por ele, que \u00e9 o Vig\u00e1rio Provincial; Frei Walter Ferreira Junior, agora o novo guardi\u00e3o e reitor do Santu\u00e1rio; Frei Jos\u00e9 Pereira; Frei R\u00f3ger Brunorio; Frei Cl\u00e1udio C\u00e9sar B. de Siqueira; Frei Luiz Colossi, Frei Neylor Jos\u00e9 Tonin; Frei Paulijacson P. de Moura; Frei S\u00e9rgio de Souza; Frei Jos\u00e9 Ulisses de Moraes; Frei Anselmo Fracasso; Frei Arcangelo Raimundo Buzzi; Frei Geraldo Hagedorn e Frei Guido Scottini e Frei Paulijacson de Moura.<\/p>\n<p>Na sua reflex\u00e3o, a partir do Evangelho, Frei Paulo destacou o sentido da nossa religi\u00e3o, lembrando que ela n\u00e3o se restringe a preceitos simplesmente, &#8220;ainda que eles existam e sejam importantes e necess\u00e1rios para nos oferecer balizas e refer\u00eancias&#8221;. &#8220;Jesus deixa muito n\u00edtido: A verdadeira religi\u00e3o \u00e9 o bem de todos, o cuidado de todos, sobretudo o cuidado com os mais fr\u00e1geis, os pais da velhice, como aqui foi dito. Ent\u00e3o, voc\u00eas se desobrigam de cuidar de seus pais e se valem da lei: &#8216;Ah, isto aqui n\u00e3o posso oferecer porque isto aqui \u00e9 do Senhor&#8217;. Na verdade \u00e9 a instrumentaliza\u00e7\u00e3o da religi\u00e3o, que, ao inv\u00e9s de nos aproximar de Deus, Dele nos afasta&#8221;, real\u00e7ou.<\/p>\n<p>Para o Ministro Provincial, o caminho de realiza\u00e7\u00e3o religiosa e espiritual \u00e9 aquele que d\u00e1 qualidade ao nosso viver e ao nosso conviver. &#8220;Infeliz aquele crente que vive a sua religi\u00e3o simplesmente obedecendo a preceitos. O caminho da realiza\u00e7\u00e3o \u00e9 viver os preceitos, sim, mas suplant\u00e1-los especialmente onde houver a necessidade do nosso grande do nosso irm\u00e3o e da nossa irm\u00e3. N\u00f3s, franciscanos; n\u00f3s, irm\u00e3os menores, temos a ousadia de no nosso dia a dia procurar viver os preceitos da nossa religi\u00e3o, mas muito mais viver a religi\u00e3o naquilo que ela tem de essencial, que \u00e9 o respeito de um pelo outro, o cuidado de um pelo outro, o carinho de um pelo outro, cultivado no nosso dia a dia porque sen\u00e3o cair\u00e1 sobre n\u00f3s a palavra dura de Jesus: hip\u00f3critas, esvaziai a Palavra de Deus em proveito pr\u00f3prio!&#8221;, observou.<\/p>\n<p>&#8220;A vida franciscana &#8211; e aqui essa fraternidade &#8211; se disp\u00f5e a cultivar esse preceito fundamental chamado de <em>sine proprio<\/em>, sem nada de pr\u00f3prio. Exatamente aquilo que Jesus sup\u00f5e. N\u00f3s n\u00e3o vivemos o Evangelho, n\u00e3o buscamos o Evangelho para proveito pr\u00f3prio, mas pela nossa vida, pela nossa escolha, esvaziamo-nos de tudo, inclusive e sobretudo, da nossa pr\u00f3pria vontade&#8221;, destacou Frei Paulo.<\/p>\n<p><img loading=\"lazy\" class=\"alignnone wp-image-188107 size-full\" src=\"https:\/\/franciscanos.org.br\/conventosantoantonio\/wp-content\/uploads\/2022\/02\/convento_0802_4.jpg\" alt=\"\" width=\"1280\" height=\"794\" \/><\/p>\n<p>Sobre a bonita ora\u00e7\u00e3o de Salom\u00e3o, na primeira leitura, o Ministro Provincial lembrou que o rei Davi, pai de Salom\u00e3o, quis dar uma casa em gratid\u00e3o ao Senhor por todo bem que nele havia operado. &#8220;E aqui existe sempre uma contradi\u00e7\u00e3o e o pr\u00f3prio Deus diz a Davi: como \u00e9 que voc\u00ea quer me dar uma casa? A minha casa \u00e9 tudo aquilo que se enxerga, o firmamento, os mares, as montanhas. E todas as coisas que se enxergam s\u00e3o obras minhas. E voc\u00ea ainda quer me dar uma casa? E Salom\u00e3o insiste neste ideia: um lugar para nos encontrarmos com a beleza e a grandeza do Senhor. E nesta ora\u00e7\u00e3o que ouvimos, presenciamos esse desejo humano. N\u00e3o \u00e9 uma casa para conter a Deus, mas \u00e9 uma casa para proporcionar o espa\u00e7o ideal de encontro com o Senhor. Encontro do desejo mais profundo de nossa alma: estar na presen\u00e7a de Deus&#8221;, explicou Frei Paulo.<\/p>\n<p>&#8220;E esse Convento, constru\u00eddo h\u00e1 400 anos, tamb\u00e9m tem essa ousadia. N\u00e3o de reter Deus em paredes, mas de proporcionar a todos os que moram e a todos que aqui v\u00eam aqui, a chance bonita, vigorosa, criativa e sempre nova de estar na presen\u00e7a do Senhor, de encontrarmo-nos com o Senhor. E esse encontro transforma a nossa vida, esse encontro abre-nos horizontes novos, possibilidades criativas. E a hist\u00f3ria longeva desse convento j\u00e1 provou isso. Por aqui passaram pessoas, irm\u00e3os franciscanos, pessoas do povo, que fizeram a experi\u00eancia da santidade. Muitas pessoas e n\u00f3s poder\u00edamos aqui tecer um ros\u00e1rio de experi\u00eancias santificantes vividas aqui neste lugar, tanto da fam\u00edlia franciscana como de tantas pessoas santas que nestes bancos j\u00e1 rezaram, que aqui j\u00e1 serviram. E a santidade revelada na intimidade com o Senhor, e sobretudo a santidade revelada na solidariedade com os outros, porque a vida crist\u00e3 inspirada em Santo Ant\u00f4nio tem a intimidade com o Menino Deus, tem a intimidade com a Palavra e tem sobretudo, com destaque, o cuidado com os pobres. Caminho de santifica\u00e7\u00e3o: Aproximamo-nos do Senhor, cultivamos a intimidade com Ele, e a partir desse encontro transformador, vamos ao encontro solid\u00e1rio com os que sofrem&#8221;, ensinou o Ministro Provincial.<\/p>\n<p><img loading=\"lazy\" class=\"alignnone wp-image-188103 size-full\" src=\"https:\/\/franciscanos.org.br\/conventosantoantonio\/wp-content\/uploads\/2022\/02\/convento_0802_2.jpg\" alt=\"\" width=\"1280\" height=\"935\" \/><\/p>\n<p>Dirigindo-se a Frei Walter, o novo guardi\u00e3o desta Fraternidade, apontou a miss\u00e3o desta casa: proporcionar um encontro transformador com o Senhor, mas n\u00e3o apenas uma experi\u00eancia intimista, mas um encontro com Deus que nos leva a promover tantos outros encontros: encontros com os que sofrem, encontros com os que que t\u00eam fome, de p\u00e3o e de justi\u00e7a, que t\u00eam fome de moradias e de acolhimento, que t\u00eam fome e sede de cura. Estamos vivendo um per\u00edodo onde a doen\u00e7a grassa entre n\u00f3s. E aqui n\u00e3o \u00e9 a doen\u00e7a apenas da Covid, que \u00e9 tr\u00e1gica, mas \u00e9 a doen\u00e7a da indiferen\u00e7a, a doen\u00e7a do medo, a doen\u00e7a do desrespeito, a doen\u00e7a do afastamento de um e outro. \u00c9 preciso que a gente busque a solidariedade e, juntos, nos unamos para ser sinal de cura. Esta \u00e9 a tarefa dos freis franciscanos desta casa e esta \u00e9, certamente, a tarefa de todos n\u00f3s que aqui, volta e meia, estamos para beber da Palavra de Deus e para encontrarmo-nos com o Senhor&#8221;, concluiu.<\/p>\n<p>Frei Walter falou de sua alegria por fazer parte da nova Fraternidade do Convento e disse que espera fazer esse servi\u00e7o em fraternidade. Cada frade ganhou um vaso de flores como sinal de acolhimento da comunidade.<\/p>\n<p>Frei Paulo terminou a celebra\u00e7\u00e3o com a B\u00ean\u00e7\u00e3o de Santo Ant\u00f4nio e dos p\u00e3ezinhos.<\/p>\n<p>&nbsp;<\/p>\n<p><img loading=\"lazy\" class=\"alignnone wp-image-236470 size-full\" src=\"https:\/\/franciscanos.org.br\/noticias\/wp-content\/uploads\/2022\/02\/convento_0802.jpg\" alt=\"\" width=\"1280\" height=\"912\" srcset=\"https:\/\/franciscanos.org.br\/noticias\/wp-content\/uploads\/2022\/02\/convento_0802.jpg 1280w, https:\/\/franciscanos.org.br\/noticias\/wp-content\/uploads\/2022\/02\/convento_0802-450x321.jpg 450w, https:\/\/franciscanos.org.br\/noticias\/wp-content\/uploads\/2022\/02\/convento_0802-1024x730.jpg 1024w, https:\/\/franciscanos.org.br\/noticias\/wp-content\/uploads\/2022\/02\/convento_0802-768x547.jpg 768w, https:\/\/franciscanos.org.br\/noticias\/wp-content\/uploads\/2022\/02\/convento_0802-150x107.jpg 150w\" sizes=\"(max-width: 1280px) 100vw, 1280px\" \/><\/p>\n","protected":false},"excerpt":{"rendered":"<p>Apresenta\u00e7\u00e3o da nova Fraternidade do Convento Santo Ant\u00f4nio<\/p>\n","protected":false},"author":3,"featured_media":236471,"comment_status":"open","ping_status":"open","sticky":false,"template":"","format":"standard","meta":[],"categories":[1],"tags":[401],"acf":[],"yoast_head":"<!-- This site is optimized with the Yoast SEO plugin v19.2 - https:\/\/yoast.com\/wordpress\/plugins\/seo\/ -->\n<title>Frei Paulo: \u201cA miss\u00e3o desta casa \u00e9 proporcionar um encontro transformador com o Senhor\u201d - Not\u00edcias - Franciscanos<\/title>\n<meta name=\"robots\" content=\"index, follow, max-snippet:-1, max-image-preview:large, max-video-preview:-1\" \/>\n<link rel=\"canonical\" href=\"https:\/\/franciscanos.org.br\/noticias\/frei-paulo-a-missao-desta-casa-e-proporcionar-um-encontro-transformador-com-o-senhor.html\" \/>\n<meta property=\"og:locale\" content=\"pt_BR\" \/>\n<meta property=\"og:type\" content=\"article\" \/>\n<meta property=\"og:title\" content=\"Frei Paulo: \u201cA miss\u00e3o desta casa \u00e9 proporcionar um encontro transformador com o Senhor\u201d - Not\u00edcias - Franciscanos\" \/>\n<meta property=\"og:description\" content=\"Apresenta\u00e7\u00e3o da nova Fraternidade do Convento Santo Ant\u00f4nio\" \/>\n<meta property=\"og:url\" content=\"https:\/\/franciscanos.org.br\/noticias\/frei-paulo-a-missao-desta-casa-e-proporcionar-um-encontro-transformador-com-o-senhor.html\" \/>\n<meta property=\"og:site_name\" content=\"Not\u00edcias - Franciscanos\" \/>\n<meta property=\"article:published_time\" content=\"2022-02-08T18:09:58+00:00\" \/>\n<meta property=\"og:image\" content=\"https:\/\/franciscanos.org.br\/noticias\/wp-content\/uploads\/2022\/02\/convento_0802_d.jpg\" \/>\n\t<meta property=\"og:image:width\" content=\"800\" \/>\n\t<meta property=\"og:image:height\" content=\"550\" \/>\n\t<meta property=\"og:image:type\" content=\"image\/jpeg\" \/>\n<meta name=\"author\" content=\"moacir\" \/>\n<meta name=\"twitter:card\" content=\"summary_large_image\" \/>\n<meta name=\"twitter:label1\" content=\"Escrito por\" \/>\n\t<meta name=\"twitter:data1\" content=\"moacir\" \/>\n\t<meta name=\"twitter:label2\" content=\"Est. tempo de leitura\" \/>\n\t<meta name=\"twitter:data2\" content=\"6 minutos\" \/>\n<script type=\"application\/ld+json\" class=\"yoast-schema-graph\">{\"@context\":\"https:\/\/schema.org\",\"@graph\":[{\"@type\":\"WebSite\",\"@id\":\"https:\/\/franciscanos.org.br\/noticias\/#website\",\"url\":\"https:\/\/franciscanos.org.br\/noticias\/\",\"name\":\"Not\u00edcias - Franciscanos\",\"description\":\"Prov\u00edncia Franciscana da Imaculada Concei\u00e7\u00e3o do Brasil - Ordem dos Frades Menores - OFM\",\"potentialAction\":[{\"@type\":\"SearchAction\",\"target\":{\"@type\":\"EntryPoint\",\"urlTemplate\":\"https:\/\/franciscanos.org.br\/noticias\/?s={search_term_string}\"},\"query-input\":\"required name=search_term_string\"}],\"inLanguage\":\"pt-BR\"},{\"@type\":\"ImageObject\",\"inLanguage\":\"pt-BR\",\"@id\":\"https:\/\/franciscanos.org.br\/noticias\/frei-paulo-a-missao-desta-casa-e-proporcionar-um-encontro-transformador-com-o-senhor.html#primaryimage\",\"url\":\"https:\/\/franciscanos.org.br\/noticias\/wp-content\/uploads\/2022\/02\/convento_0802_d.jpg\",\"contentUrl\":\"https:\/\/franciscanos.org.br\/noticias\/wp-content\/uploads\/2022\/02\/convento_0802_d.jpg\",\"width\":800,\"height\":550},{\"@type\":\"WebPage\",\"@id\":\"https:\/\/franciscanos.org.br\/noticias\/frei-paulo-a-missao-desta-casa-e-proporcionar-um-encontro-transformador-com-o-senhor.html#webpage\",\"url\":\"https:\/\/franciscanos.org.br\/noticias\/frei-paulo-a-missao-desta-casa-e-proporcionar-um-encontro-transformador-com-o-senhor.html\",\"name\":\"Frei Paulo: \u201cA miss\u00e3o desta casa \u00e9 proporcionar um encontro transformador com o Senhor\u201d - Not\u00edcias - Franciscanos\",\"isPartOf\":{\"@id\":\"https:\/\/franciscanos.org.br\/noticias\/#website\"},\"primaryImageOfPage\":{\"@id\":\"https:\/\/franciscanos.org.br\/noticias\/frei-paulo-a-missao-desta-casa-e-proporcionar-um-encontro-transformador-com-o-senhor.html#primaryimage\"},\"datePublished\":\"2022-02-08T18:09:58+00:00\",\"dateModified\":\"2022-02-08T18:09:58+00:00\",\"author\":{\"@id\":\"https:\/\/franciscanos.org.br\/noticias\/#\/schema\/person\/b5c8cba458c330ccff548b056e95a5d4\"},\"breadcrumb\":{\"@id\":\"https:\/\/franciscanos.org.br\/noticias\/frei-paulo-a-missao-desta-casa-e-proporcionar-um-encontro-transformador-com-o-senhor.html#breadcrumb\"},\"inLanguage\":\"pt-BR\",\"potentialAction\":[{\"@type\":\"ReadAction\",\"target\":[\"https:\/\/franciscanos.org.br\/noticias\/frei-paulo-a-missao-desta-casa-e-proporcionar-um-encontro-transformador-com-o-senhor.html\"]}]},{\"@type\":\"BreadcrumbList\",\"@id\":\"https:\/\/franciscanos.org.br\/noticias\/frei-paulo-a-missao-desta-casa-e-proporcionar-um-encontro-transformador-com-o-senhor.html#breadcrumb\",\"itemListElement\":[{\"@type\":\"ListItem\",\"position\":1,\"name\":\"Home\",\"item\":\"https:\/\/franciscanos.org.br\/noticias\"},{\"@type\":\"ListItem\",\"position\":2,\"name\":\"Frei Paulo: \u201cA miss\u00e3o desta casa \u00e9 proporcionar um encontro transformador com o Senhor\u201d\"}]},{\"@type\":\"Person\",\"@id\":\"https:\/\/franciscanos.org.br\/noticias\/#\/schema\/person\/b5c8cba458c330ccff548b056e95a5d4\",\"name\":\"moacir\",\"image\":{\"@type\":\"ImageObject\",\"inLanguage\":\"pt-BR\",\"@id\":\"https:\/\/franciscanos.org.br\/noticias\/#\/schema\/person\/image\/\",\"url\":\"https:\/\/secure.gravatar.com\/avatar\/d08aa2ce4c8dd416d4479aa8536fcf64?s=96&d=mm&r=g\",\"contentUrl\":\"https:\/\/secure.gravatar.com\/avatar\/d08aa2ce4c8dd416d4479aa8536fcf64?s=96&d=mm&r=g\",\"caption\":\"moacir\"},\"url\":\"https:\/\/franciscanos.org.br\/noticias\/author\/moacir\"}]}<\/script>\n<!-- \/ Yoast SEO plugin. -->","yoast_head_json":{"title":"Frei Paulo: \u201cA miss\u00e3o desta casa \u00e9 proporcionar um encontro transformador com o Senhor\u201d - Not\u00edcias - Franciscanos","robots":{"index":"index","follow":"follow","max-snippet":"max-snippet:-1","max-image-preview":"max-image-preview:large","max-video-preview":"max-video-preview:-1"},"canonical":"https:\/\/franciscanos.org.br\/noticias\/frei-paulo-a-missao-desta-casa-e-proporcionar-um-encontro-transformador-com-o-senhor.html","og_locale":"pt_BR","og_type":"article","og_title":"Frei Paulo: \u201cA miss\u00e3o desta casa \u00e9 proporcionar um encontro transformador com o Senhor\u201d - Not\u00edcias - Franciscanos","og_description":"Apresenta\u00e7\u00e3o da nova Fraternidade do Convento Santo Ant\u00f4nio","og_url":"https:\/\/franciscanos.org.br\/noticias\/frei-paulo-a-missao-desta-casa-e-proporcionar-um-encontro-transformador-com-o-senhor.html","og_site_name":"Not\u00edcias - Franciscanos","article_published_time":"2022-02-08T18:09:58+00:00","og_image":[{"width":800,"height":550,"url":"https:\/\/franciscanos.org.br\/noticias\/wp-content\/uploads\/2022\/02\/convento_0802_d.jpg","type":"image\/jpeg"}],"author":"moacir","twitter_card":"summary_large_image","twitter_misc":{"Escrito por":"moacir","Est. tempo de leitura":"6 minutos"},"schema":{"@context":"https:\/\/schema.org","@graph":[{"@type":"WebSite","@id":"https:\/\/franciscanos.org.br\/noticias\/#website","url":"https:\/\/franciscanos.org.br\/noticias\/","name":"Not\u00edcias - Franciscanos","description":"Prov\u00edncia Franciscana da Imaculada Concei\u00e7\u00e3o do Brasil - Ordem dos Frades Menores - OFM","potentialAction":[{"@type":"SearchAction","target":{"@type":"EntryPoint","urlTemplate":"https:\/\/franciscanos.org.br\/noticias\/?s={search_term_string}"},"query-input":"required name=search_term_string"}],"inLanguage":"pt-BR"},{"@type":"ImageObject","inLanguage":"pt-BR","@id":"https:\/\/franciscanos.org.br\/noticias\/frei-paulo-a-missao-desta-casa-e-proporcionar-um-encontro-transformador-com-o-senhor.html#primaryimage","url":"https:\/\/franciscanos.org.br\/noticias\/wp-content\/uploads\/2022\/02\/convento_0802_d.jpg","contentUrl":"https:\/\/franciscanos.org.br\/noticias\/wp-content\/uploads\/2022\/02\/convento_0802_d.jpg","width":800,"height":550},{"@type":"WebPage","@id":"https:\/\/franciscanos.org.br\/noticias\/frei-paulo-a-missao-desta-casa-e-proporcionar-um-encontro-transformador-com-o-senhor.html#webpage","url":"https:\/\/franciscanos.org.br\/noticias\/frei-paulo-a-missao-desta-casa-e-proporcionar-um-encontro-transformador-com-o-senhor.html","name":"Frei Paulo: \u201cA miss\u00e3o desta casa \u00e9 proporcionar um encontro transformador com o Senhor\u201d - Not\u00edcias - Franciscanos","isPartOf":{"@id":"https:\/\/franciscanos.org.br\/noticias\/#website"},"primaryImageOfPage":{"@id":"https:\/\/franciscanos.org.br\/noticias\/frei-paulo-a-missao-desta-casa-e-proporcionar-um-encontro-transformador-com-o-senhor.html#primaryimage"},"datePublished":"2022-02-08T18:09:58+00:00","dateModified":"2022-02-08T18:09:58+00:00","author":{"@id":"https:\/\/franciscanos.org.br\/noticias\/#\/schema\/person\/b5c8cba458c330ccff548b056e95a5d4"},"breadcrumb":{"@id":"https:\/\/franciscanos.org.br\/noticias\/frei-paulo-a-missao-desta-casa-e-proporcionar-um-encontro-transformador-com-o-senhor.html#breadcrumb"},"inLanguage":"pt-BR","potentialAction":[{"@type":"ReadAction","target":["https:\/\/franciscanos.org.br\/noticias\/frei-paulo-a-missao-desta-casa-e-proporcionar-um-encontro-transformador-com-o-senhor.html"]}]},{"@type":"BreadcrumbList","@id":"https:\/\/franciscanos.org.br\/noticias\/frei-paulo-a-missao-desta-casa-e-proporcionar-um-encontro-transformador-com-o-senhor.html#breadcrumb","itemListElement":[{"@type":"ListItem","position":1,"name":"Home","item":"https:\/\/franciscanos.org.br\/noticias"},{"@type":"ListItem","position":2,"name":"Frei Paulo: \u201cA miss\u00e3o desta casa \u00e9 proporcionar um encontro transformador com o Senhor\u201d"}]},{"@type":"Person","@id":"https:\/\/franciscanos.org.br\/noticias\/#\/schema\/person\/b5c8cba458c330ccff548b056e95a5d4","name":"moacir","image":{"@type":"ImageObject","inLanguage":"pt-BR","@id":"https:\/\/franciscanos.org.br\/noticias\/#\/schema\/person\/image\/","url":"https:\/\/secure.gravatar.com\/avatar\/d08aa2ce4c8dd416d4479aa8536fcf64?s=96&d=mm&r=g","contentUrl":"https:\/\/secure.gravatar.com\/avatar\/d08aa2ce4c8dd416d4479aa8536fcf64?s=96&d=mm&r=g","caption":"moacir"},"url":"https:\/\/franciscanos.org.br\/noticias\/author\/moacir"}]}},"_links":{"self":[{"href":"https:\/\/franciscanos.org.br\/noticias\/wp-json\/wp\/v2\/posts\/236468"}],"collection":[{"href":"https:\/\/franciscanos.org.br\/noticias\/wp-json\/wp\/v2\/posts"}],"about":[{"href":"https:\/\/franciscanos.org.br\/noticias\/wp-json\/wp\/v2\/types\/post"}],"author":[{"embeddable":true,"href":"https:\/\/franciscanos.org.br\/noticias\/wp-json\/wp\/v2\/users\/3"}],"replies":[{"embeddable":true,"href":"https:\/\/franciscanos.org.br\/noticias\/wp-json\/wp\/v2\/comments?post=236468"}],"version-history":[{"count":1,"href":"https:\/\/franciscanos.org.br\/noticias\/wp-json\/wp\/v2\/posts\/236468\/revisions"}],"predecessor-version":[{"id":236472,"href":"https:\/\/franciscanos.org.br\/noticias\/wp-json\/wp\/v2\/posts\/236468\/revisions\/236472"}],"wp:featuredmedia":[{"embeddable":true,"href":"https:\/\/franciscanos.org.br\/noticias\/wp-json\/wp\/v2\/media\/236471"}],"wp:attachment":[{"href":"https:\/\/franciscanos.org.br\/noticias\/wp-json\/wp\/v2\/media?parent=236468"}],"wp:term":[{"taxonomy":"category","embeddable":true,"href":"https:\/\/franciscanos.org.br\/noticias\/wp-json\/wp\/v2\/categories?post=236468"},{"taxonomy":"post_tag","embeddable":true,"href":"https:\/\/franciscanos.org.br\/noticias\/wp-json\/wp\/v2\/tags?post=236468"}],"curies":[{"name":"wp","href":"https:\/\/api.w.org\/{rel}","templated":true}]}}