{"id":236451,"date":"2022-02-07T10:06:05","date_gmt":"2022-02-07T13:06:05","guid":{"rendered":"https:\/\/franciscanos.org.br\/noticias\/?p=236451"},"modified":"2022-02-07T10:06:05","modified_gmt":"2022-02-07T13:06:05","slug":"paroquia-nossa-senhora-do-rosario-boas-vindas-ao-novo-paroco-frei-vanderlei","status":"publish","type":"post","link":"https:\/\/franciscanos.org.br\/noticias\/paroquia-nossa-senhora-do-rosario-boas-vindas-ao-novo-paroco-frei-vanderlei.html","title":{"rendered":"Par\u00f3quia Nossa Senhora do Ros\u00e1rio: Boas vindas ao novo p\u00e1roco Frei Vanderlei"},"content":{"rendered":"<p><img loading=\"lazy\" class=\"alignnone wp-image-236452 size-full\" src=\"https:\/\/franciscanos.org.br\/noticias\/wp-content\/uploads\/2022\/02\/IMG_0116-1-1536x1024-1.jpg\" alt=\"\" width=\"1536\" height=\"1024\" srcset=\"https:\/\/franciscanos.org.br\/noticias\/wp-content\/uploads\/2022\/02\/IMG_0116-1-1536x1024-1.jpg 1536w, https:\/\/franciscanos.org.br\/noticias\/wp-content\/uploads\/2022\/02\/IMG_0116-1-1536x1024-1-450x300.jpg 450w, https:\/\/franciscanos.org.br\/noticias\/wp-content\/uploads\/2022\/02\/IMG_0116-1-1536x1024-1-1024x683.jpg 1024w, https:\/\/franciscanos.org.br\/noticias\/wp-content\/uploads\/2022\/02\/IMG_0116-1-1536x1024-1-768x512.jpg 768w, https:\/\/franciscanos.org.br\/noticias\/wp-content\/uploads\/2022\/02\/IMG_0116-1-1536x1024-1-150x100.jpg 150w\" sizes=\"(max-width: 1536px) 100vw, 1536px\" \/><\/p>\n<p><strong>Vila Velha (ES) &#8211;<\/strong> Nesta semana tivemos a alegria de receber em nossa Par\u00f3quia o novo p\u00e1roco Frei Vanderlei da Silva Neves. Na quinta-feira (03), ele juntamente com Frei Jos\u00e9 Clemente M\u00fcller que tamb\u00e9m chegou recentemente \u00e0 Vila Velha e os demais freis da Fraternidade, participaram do Conselho Paroquial para se apresentarem aos coordenadores e representantes das 10 comunidades e pastorais.<\/p>\n<p>Agradecido com a recep\u00e7\u00e3o, Frei Vanderlei disse que a beleza da nossa Igreja est\u00e1 no trabalho em conjunto, a viv\u00eancia em fraternidade e que ele contar\u00e1 com a ajuda de todos, para florir, ainda mais, o nosso jardim. J\u00e1 Frei Clemente disse estar muito feliz e admirado com a grandiosidade da par\u00f3quia e motivou a vivermos tr\u00eas \u201cs\u201d: Seguir Jesus, servir Jesus e subir \u00e0 Jerusal\u00e9m\u201d.<\/p>\n<figure id=\"attachment_32963\" class=\"wp-caption alignnone\" aria-describedby=\"caption-attachment-32963\"><a href=\"https:\/\/cdn.paroquiadorosario.com\/wp-content\/uploads\/2022\/02\/WhatsApp-Image-2022-02-04-at-18.10.28-1.jpeg\"><img loading=\"lazy\" class=\"size-full wp-image-32963\" src=\"https:\/\/cdn.paroquiadorosario.com\/wp-content\/uploads\/2022\/02\/WhatsApp-Image-2022-02-04-at-18.10.28-1.jpeg\" sizes=\"(max-width: 1600px) 100vw, 1600px\" srcset=\"https:\/\/cdn.paroquiadorosario.com\/wp-content\/uploads\/2022\/02\/WhatsApp-Image-2022-02-04-at-18.10.28-1.jpeg 1600w, https:\/\/cdn.paroquiadorosario.com\/wp-content\/uploads\/2022\/02\/WhatsApp-Image-2022-02-04-at-18.10.28-1-300x225.jpeg 300w, https:\/\/cdn.paroquiadorosario.com\/wp-content\/uploads\/2022\/02\/WhatsApp-Image-2022-02-04-at-18.10.28-1-1024x768.jpeg 1024w, https:\/\/cdn.paroquiadorosario.com\/wp-content\/uploads\/2022\/02\/WhatsApp-Image-2022-02-04-at-18.10.28-1-768x576.jpeg 768w, https:\/\/cdn.paroquiadorosario.com\/wp-content\/uploads\/2022\/02\/WhatsApp-Image-2022-02-04-at-18.10.28-1-1536x1152.jpeg 1536w\" alt=\"\" width=\"1600\" height=\"1200\" \/><\/a><figcaption id=\"caption-attachment-32963\" class=\"wp-caption-text\" style=\"padding-left: 40px;\"><em>Da esquerda para direita, a nova Fraternidade do Santu\u00e1rio: Frei Jos\u00e9 Clemente Muller, Frei Clar\u00eancio Neotti, Frei Vanderlei Neves e Frei Adriano Dias<\/em><\/figcaption><\/figure>\n<p>J\u00e1 no domingo (06), Frei Vanderlei celebrou suas primeiras missas em nossa Par\u00f3quia, no Santu\u00e1rio e na Comunidade S\u00e3o Marcos e assim, aos poucos, ele vai conhecendo cada uma das comunidades e a realidade da Par\u00f3quia Nossa Senhora do Ros\u00e1rio.<\/p>\n<p>Na missa das 09h no Santu\u00e1rio do Divino Esp\u00edrito Santo, ele come\u00e7ou dizendo que ficou muito feliz ao saber de sua transfer\u00eancia pois at\u00e9 ent\u00e3o ele n\u00e3o conhecia o estado do Esp\u00edrito Santo e foi aqui que seu pai nasceu. O frade tamb\u00e9m destacou a fama do povo capixaba de ser muito acolhedor e que ele realmente se sentiu acolhido nestes primeiros dias e refor\u00e7ou a import\u00e2ncia disso, de como faz toda a diferen\u00e7a e d\u00e1 at\u00e9 mais \u00e2nimo para fazer o servi\u00e7o.<\/p>\n<p><a href=\"https:\/\/cdn.paroquiadorosario.com\/wp-content\/uploads\/2022\/02\/IMG_0124-scaled.jpg\"><img loading=\"lazy\" class=\"aligncenter wp-image-32952 size-full\" src=\"https:\/\/cdn.paroquiadorosario.com\/wp-content\/uploads\/2022\/02\/IMG_0124-scaled.jpg\" sizes=\"(max-width: 2560px) 100vw, 2560px\" srcset=\"https:\/\/cdn.paroquiadorosario.com\/wp-content\/uploads\/2022\/02\/IMG_0124-scaled.jpg 2560w, https:\/\/cdn.paroquiadorosario.com\/wp-content\/uploads\/2022\/02\/IMG_0124-300x200.jpg 300w, https:\/\/cdn.paroquiadorosario.com\/wp-content\/uploads\/2022\/02\/IMG_0124-1024x683.jpg 1024w, https:\/\/cdn.paroquiadorosario.com\/wp-content\/uploads\/2022\/02\/IMG_0124-768x512.jpg 768w, https:\/\/cdn.paroquiadorosario.com\/wp-content\/uploads\/2022\/02\/IMG_0124-1536x1024.jpg 1536w, https:\/\/cdn.paroquiadorosario.com\/wp-content\/uploads\/2022\/02\/IMG_0124-2048x1365.jpg 2048w\" alt=\"\" width=\"2560\" height=\"1707\" \/><\/a><\/p>\n<p>Em sua homilia, o p\u00e1roco come\u00e7ou dizendo que <em>\u201cdevemos abrir o cora\u00e7\u00e3o a mensagem do evangelho para termos uma experi\u00eancia profunda com Cristo.\u201d<\/em><\/p>\n<p>Diante do mist\u00e9rio de amor e salva\u00e7\u00e3o ele destacou a contempla\u00e7\u00e3o, admira\u00e7\u00e3o e tamanha grandiosidade daquilo que estamos observando: &#8220;N\u00e3o devemos parar aqui, sempre devemos dar um passo a mais para ter a bel\u00edssima oportunidade de fazer com que a mensagem do Evangelho possa ressignificar nossa vida&#8221;.<\/p>\n<p>Fazendo uma alus\u00e3o ao Evangelho deste 5\u00ba Domingo do Tempo Comum (Lc 5, 1-11), Frei Vanderlei trouxe alguns significados e a rela\u00e7\u00e3o com nosso dia a dia. O primeiro, a simbologia da barca que representa nossa vida ora atribulada, ora tranquila. O segundo, ir para \u00e1guas profundas, que representa ter uma experi\u00eancia intensa com Cristo. E o terceiro, lan\u00e7ar as redes, n\u00e3o para pegar mais peixes mas para ser pescador de homens, evangelizar com o objetivo de resgatar vidas, ser a m\u00e3o que estende para ajudar a outra pessoa.<\/p>\n<p>Trazendo para o contexto da nossa vida, o frade fez uma alus\u00e3o \u00e0 m\u00e3e que tem filhos que moram longe e quando eles v\u00eam visitar, preparam tudo de melhor para eles e na empolga\u00e7\u00e3o do momento por vezes acabam deixando a comida salgada e o filho para agradar n\u00e3o diz que a comida estava ruim e sim saborosa. O filho pode n\u00e3o ter sido sincero, mas isso nos mostra que aquilo que vale nem sempre \u00e9 a verdade,\u00a0 e que acima dela est\u00e1 a justi\u00e7a e o amor: &#8220;Qual \u00e9 a melhor atitude que devo ter? A atitude caritativa que me faz mergulhar nessa \u00e1gua mais profunda? Atitude do amor, carinho, dedica\u00e7\u00e3o e empenho que a m\u00e3e tem para receber o filho. Capacidade de perdoar, compreender, sair de si mesmo e perceber aquilo que acontece ao nosso redor. Perceber que as vezes uma palavra tem a for\u00e7a de ferir o cora\u00e7\u00e3o. Ter a capacidade de silenciar. Aquele que silencia \u00e9 o que precisa ter mais for\u00e7a, f\u00e9 e confian\u00e7a&#8221;.<\/p>\n<p>Concluindo ele destacou a import\u00e2ncia da vida em comunidade de todas as pessoas das diferentes idades:\u00a0<em>\u201cTodos somos d\u00e1divas de Deus. Os mais velhos com experi\u00eancia de vida que nenhuma faculdade \u00e9 capaz de dar, os jovens com sua vitalidade e as crian\u00e7as com sua alegria espont\u00e2nea.\u201d<\/em><\/p>\n<p><a href=\"https:\/\/cdn.paroquiadorosario.com\/wp-content\/uploads\/2022\/02\/IMG_0133-scaled.jpg\"><img loading=\"lazy\" class=\"aligncenter size-full wp-image-32958\" src=\"https:\/\/cdn.paroquiadorosario.com\/wp-content\/uploads\/2022\/02\/IMG_0133-scaled.jpg\" sizes=\"(max-width: 2560px) 100vw, 2560px\" srcset=\"https:\/\/cdn.paroquiadorosario.com\/wp-content\/uploads\/2022\/02\/IMG_0133-scaled.jpg 2560w, https:\/\/cdn.paroquiadorosario.com\/wp-content\/uploads\/2022\/02\/IMG_0133-300x200.jpg 300w, https:\/\/cdn.paroquiadorosario.com\/wp-content\/uploads\/2022\/02\/IMG_0133-1024x683.jpg 1024w, https:\/\/cdn.paroquiadorosario.com\/wp-content\/uploads\/2022\/02\/IMG_0133-768x512.jpg 768w, https:\/\/cdn.paroquiadorosario.com\/wp-content\/uploads\/2022\/02\/IMG_0133-1536x1024.jpg 1536w, https:\/\/cdn.paroquiadorosario.com\/wp-content\/uploads\/2022\/02\/IMG_0133-2048x1365.jpg 2048w\" alt=\"\" width=\"2560\" height=\"1707\" \/><\/a><\/p>\n<p>Seja bem-vindo, Frei Vanderlei! Nossa Par\u00f3quia muito se alegra com sua presen\u00e7a e seu servir e est\u00e1 dispon\u00edvel de bra\u00e7os abertos para doar aquilo que recebemos como d\u00e1diva de Deus em prol da nossa comunidade.<\/p>\n<hr \/>\n<p><em>Pascom da Par\u00f3quia\u00a0Nossa Senhora do Ros\u00e1rio de Vila Velha\u00a0<\/em><\/p>\n","protected":false},"excerpt":{"rendered":"<p>Par\u00f3quia Nossa Senhora do Ros\u00e1rio<\/p>\n","protected":false},"author":3,"featured_media":236452,"comment_status":"open","ping_status":"open","sticky":false,"template":"","format":"standard","meta":[],"categories":[1],"tags":[1889],"acf":[],"yoast_head":"<!-- This site is optimized with the Yoast SEO plugin v19.2 - https:\/\/yoast.com\/wordpress\/plugins\/seo\/ -->\n<title>Par\u00f3quia Nossa Senhora do Ros\u00e1rio: Boas vindas ao novo p\u00e1roco Frei Vanderlei - Not\u00edcias - Franciscanos<\/title>\n<meta name=\"robots\" content=\"index, follow, max-snippet:-1, max-image-preview:large, max-video-preview:-1\" \/>\n<link rel=\"canonical\" href=\"https:\/\/franciscanos.org.br\/noticias\/paroquia-nossa-senhora-do-rosario-boas-vindas-ao-novo-paroco-frei-vanderlei.html\" \/>\n<meta property=\"og:locale\" content=\"pt_BR\" \/>\n<meta property=\"og:type\" content=\"article\" \/>\n<meta property=\"og:title\" content=\"Par\u00f3quia Nossa Senhora do Ros\u00e1rio: Boas vindas ao novo p\u00e1roco Frei Vanderlei - Not\u00edcias - Franciscanos\" \/>\n<meta property=\"og:description\" content=\"Par\u00f3quia Nossa Senhora do Ros\u00e1rio\" \/>\n<meta property=\"og:url\" content=\"https:\/\/franciscanos.org.br\/noticias\/paroquia-nossa-senhora-do-rosario-boas-vindas-ao-novo-paroco-frei-vanderlei.html\" \/>\n<meta property=\"og:site_name\" content=\"Not\u00edcias - Franciscanos\" \/>\n<meta property=\"article:published_time\" content=\"2022-02-07T13:06:05+00:00\" \/>\n<meta property=\"og:image\" content=\"https:\/\/franciscanos.org.br\/noticias\/wp-content\/uploads\/2022\/02\/IMG_0116-1-1536x1024-1.jpg\" \/>\n\t<meta property=\"og:image:width\" content=\"1536\" \/>\n\t<meta property=\"og:image:height\" content=\"1024\" \/>\n\t<meta property=\"og:image:type\" content=\"image\/jpeg\" \/>\n<meta name=\"author\" content=\"moacir\" \/>\n<meta name=\"twitter:card\" content=\"summary_large_image\" \/>\n<meta name=\"twitter:label1\" content=\"Escrito por\" \/>\n\t<meta name=\"twitter:data1\" content=\"moacir\" \/>\n\t<meta name=\"twitter:label2\" content=\"Est. tempo de leitura\" \/>\n\t<meta name=\"twitter:data2\" content=\"4 minutos\" \/>\n<script type=\"application\/ld+json\" class=\"yoast-schema-graph\">{\"@context\":\"https:\/\/schema.org\",\"@graph\":[{\"@type\":\"WebSite\",\"@id\":\"https:\/\/franciscanos.org.br\/noticias\/#website\",\"url\":\"https:\/\/franciscanos.org.br\/noticias\/\",\"name\":\"Not\u00edcias - Franciscanos\",\"description\":\"Prov\u00edncia Franciscana da Imaculada Concei\u00e7\u00e3o do Brasil - Ordem dos Frades Menores - OFM\",\"potentialAction\":[{\"@type\":\"SearchAction\",\"target\":{\"@type\":\"EntryPoint\",\"urlTemplate\":\"https:\/\/franciscanos.org.br\/noticias\/?s={search_term_string}\"},\"query-input\":\"required name=search_term_string\"}],\"inLanguage\":\"pt-BR\"},{\"@type\":\"ImageObject\",\"inLanguage\":\"pt-BR\",\"@id\":\"https:\/\/franciscanos.org.br\/noticias\/paroquia-nossa-senhora-do-rosario-boas-vindas-ao-novo-paroco-frei-vanderlei.html#primaryimage\",\"url\":\"https:\/\/franciscanos.org.br\/noticias\/wp-content\/uploads\/2022\/02\/IMG_0116-1-1536x1024-1.jpg\",\"contentUrl\":\"https:\/\/franciscanos.org.br\/noticias\/wp-content\/uploads\/2022\/02\/IMG_0116-1-1536x1024-1.jpg\",\"width\":1536,\"height\":1024},{\"@type\":\"WebPage\",\"@id\":\"https:\/\/franciscanos.org.br\/noticias\/paroquia-nossa-senhora-do-rosario-boas-vindas-ao-novo-paroco-frei-vanderlei.html#webpage\",\"url\":\"https:\/\/franciscanos.org.br\/noticias\/paroquia-nossa-senhora-do-rosario-boas-vindas-ao-novo-paroco-frei-vanderlei.html\",\"name\":\"Par\u00f3quia Nossa Senhora do Ros\u00e1rio: Boas vindas ao novo p\u00e1roco Frei Vanderlei - Not\u00edcias - Franciscanos\",\"isPartOf\":{\"@id\":\"https:\/\/franciscanos.org.br\/noticias\/#website\"},\"primaryImageOfPage\":{\"@id\":\"https:\/\/franciscanos.org.br\/noticias\/paroquia-nossa-senhora-do-rosario-boas-vindas-ao-novo-paroco-frei-vanderlei.html#primaryimage\"},\"datePublished\":\"2022-02-07T13:06:05+00:00\",\"dateModified\":\"2022-02-07T13:06:05+00:00\",\"author\":{\"@id\":\"https:\/\/franciscanos.org.br\/noticias\/#\/schema\/person\/b5c8cba458c330ccff548b056e95a5d4\"},\"breadcrumb\":{\"@id\":\"https:\/\/franciscanos.org.br\/noticias\/paroquia-nossa-senhora-do-rosario-boas-vindas-ao-novo-paroco-frei-vanderlei.html#breadcrumb\"},\"inLanguage\":\"pt-BR\",\"potentialAction\":[{\"@type\":\"ReadAction\",\"target\":[\"https:\/\/franciscanos.org.br\/noticias\/paroquia-nossa-senhora-do-rosario-boas-vindas-ao-novo-paroco-frei-vanderlei.html\"]}]},{\"@type\":\"BreadcrumbList\",\"@id\":\"https:\/\/franciscanos.org.br\/noticias\/paroquia-nossa-senhora-do-rosario-boas-vindas-ao-novo-paroco-frei-vanderlei.html#breadcrumb\",\"itemListElement\":[{\"@type\":\"ListItem\",\"position\":1,\"name\":\"Home\",\"item\":\"https:\/\/franciscanos.org.br\/noticias\"},{\"@type\":\"ListItem\",\"position\":2,\"name\":\"Par\u00f3quia Nossa Senhora do Ros\u00e1rio: Boas vindas ao novo p\u00e1roco Frei Vanderlei\"}]},{\"@type\":\"Person\",\"@id\":\"https:\/\/franciscanos.org.br\/noticias\/#\/schema\/person\/b5c8cba458c330ccff548b056e95a5d4\",\"name\":\"moacir\",\"image\":{\"@type\":\"ImageObject\",\"inLanguage\":\"pt-BR\",\"@id\":\"https:\/\/franciscanos.org.br\/noticias\/#\/schema\/person\/image\/\",\"url\":\"https:\/\/secure.gravatar.com\/avatar\/d08aa2ce4c8dd416d4479aa8536fcf64?s=96&d=mm&r=g\",\"contentUrl\":\"https:\/\/secure.gravatar.com\/avatar\/d08aa2ce4c8dd416d4479aa8536fcf64?s=96&d=mm&r=g\",\"caption\":\"moacir\"},\"url\":\"https:\/\/franciscanos.org.br\/noticias\/author\/moacir\"}]}<\/script>\n<!-- \/ Yoast SEO plugin. -->","yoast_head_json":{"title":"Par\u00f3quia Nossa Senhora do Ros\u00e1rio: Boas vindas ao novo p\u00e1roco Frei Vanderlei - Not\u00edcias - Franciscanos","robots":{"index":"index","follow":"follow","max-snippet":"max-snippet:-1","max-image-preview":"max-image-preview:large","max-video-preview":"max-video-preview:-1"},"canonical":"https:\/\/franciscanos.org.br\/noticias\/paroquia-nossa-senhora-do-rosario-boas-vindas-ao-novo-paroco-frei-vanderlei.html","og_locale":"pt_BR","og_type":"article","og_title":"Par\u00f3quia Nossa Senhora do Ros\u00e1rio: Boas vindas ao novo p\u00e1roco Frei Vanderlei - Not\u00edcias - Franciscanos","og_description":"Par\u00f3quia Nossa Senhora do Ros\u00e1rio","og_url":"https:\/\/franciscanos.org.br\/noticias\/paroquia-nossa-senhora-do-rosario-boas-vindas-ao-novo-paroco-frei-vanderlei.html","og_site_name":"Not\u00edcias - Franciscanos","article_published_time":"2022-02-07T13:06:05+00:00","og_image":[{"width":1536,"height":1024,"url":"https:\/\/franciscanos.org.br\/noticias\/wp-content\/uploads\/2022\/02\/IMG_0116-1-1536x1024-1.jpg","type":"image\/jpeg"}],"author":"moacir","twitter_card":"summary_large_image","twitter_misc":{"Escrito por":"moacir","Est. tempo de leitura":"4 minutos"},"schema":{"@context":"https:\/\/schema.org","@graph":[{"@type":"WebSite","@id":"https:\/\/franciscanos.org.br\/noticias\/#website","url":"https:\/\/franciscanos.org.br\/noticias\/","name":"Not\u00edcias - Franciscanos","description":"Prov\u00edncia Franciscana da Imaculada Concei\u00e7\u00e3o do Brasil - Ordem dos Frades Menores - OFM","potentialAction":[{"@type":"SearchAction","target":{"@type":"EntryPoint","urlTemplate":"https:\/\/franciscanos.org.br\/noticias\/?s={search_term_string}"},"query-input":"required name=search_term_string"}],"inLanguage":"pt-BR"},{"@type":"ImageObject","inLanguage":"pt-BR","@id":"https:\/\/franciscanos.org.br\/noticias\/paroquia-nossa-senhora-do-rosario-boas-vindas-ao-novo-paroco-frei-vanderlei.html#primaryimage","url":"https:\/\/franciscanos.org.br\/noticias\/wp-content\/uploads\/2022\/02\/IMG_0116-1-1536x1024-1.jpg","contentUrl":"https:\/\/franciscanos.org.br\/noticias\/wp-content\/uploads\/2022\/02\/IMG_0116-1-1536x1024-1.jpg","width":1536,"height":1024},{"@type":"WebPage","@id":"https:\/\/franciscanos.org.br\/noticias\/paroquia-nossa-senhora-do-rosario-boas-vindas-ao-novo-paroco-frei-vanderlei.html#webpage","url":"https:\/\/franciscanos.org.br\/noticias\/paroquia-nossa-senhora-do-rosario-boas-vindas-ao-novo-paroco-frei-vanderlei.html","name":"Par\u00f3quia Nossa Senhora do Ros\u00e1rio: Boas vindas ao novo p\u00e1roco Frei Vanderlei - Not\u00edcias - Franciscanos","isPartOf":{"@id":"https:\/\/franciscanos.org.br\/noticias\/#website"},"primaryImageOfPage":{"@id":"https:\/\/franciscanos.org.br\/noticias\/paroquia-nossa-senhora-do-rosario-boas-vindas-ao-novo-paroco-frei-vanderlei.html#primaryimage"},"datePublished":"2022-02-07T13:06:05+00:00","dateModified":"2022-02-07T13:06:05+00:00","author":{"@id":"https:\/\/franciscanos.org.br\/noticias\/#\/schema\/person\/b5c8cba458c330ccff548b056e95a5d4"},"breadcrumb":{"@id":"https:\/\/franciscanos.org.br\/noticias\/paroquia-nossa-senhora-do-rosario-boas-vindas-ao-novo-paroco-frei-vanderlei.html#breadcrumb"},"inLanguage":"pt-BR","potentialAction":[{"@type":"ReadAction","target":["https:\/\/franciscanos.org.br\/noticias\/paroquia-nossa-senhora-do-rosario-boas-vindas-ao-novo-paroco-frei-vanderlei.html"]}]},{"@type":"BreadcrumbList","@id":"https:\/\/franciscanos.org.br\/noticias\/paroquia-nossa-senhora-do-rosario-boas-vindas-ao-novo-paroco-frei-vanderlei.html#breadcrumb","itemListElement":[{"@type":"ListItem","position":1,"name":"Home","item":"https:\/\/franciscanos.org.br\/noticias"},{"@type":"ListItem","position":2,"name":"Par\u00f3quia Nossa Senhora do Ros\u00e1rio: Boas vindas ao novo p\u00e1roco Frei Vanderlei"}]},{"@type":"Person","@id":"https:\/\/franciscanos.org.br\/noticias\/#\/schema\/person\/b5c8cba458c330ccff548b056e95a5d4","name":"moacir","image":{"@type":"ImageObject","inLanguage":"pt-BR","@id":"https:\/\/franciscanos.org.br\/noticias\/#\/schema\/person\/image\/","url":"https:\/\/secure.gravatar.com\/avatar\/d08aa2ce4c8dd416d4479aa8536fcf64?s=96&d=mm&r=g","contentUrl":"https:\/\/secure.gravatar.com\/avatar\/d08aa2ce4c8dd416d4479aa8536fcf64?s=96&d=mm&r=g","caption":"moacir"},"url":"https:\/\/franciscanos.org.br\/noticias\/author\/moacir"}]}},"_links":{"self":[{"href":"https:\/\/franciscanos.org.br\/noticias\/wp-json\/wp\/v2\/posts\/236451"}],"collection":[{"href":"https:\/\/franciscanos.org.br\/noticias\/wp-json\/wp\/v2\/posts"}],"about":[{"href":"https:\/\/franciscanos.org.br\/noticias\/wp-json\/wp\/v2\/types\/post"}],"author":[{"embeddable":true,"href":"https:\/\/franciscanos.org.br\/noticias\/wp-json\/wp\/v2\/users\/3"}],"replies":[{"embeddable":true,"href":"https:\/\/franciscanos.org.br\/noticias\/wp-json\/wp\/v2\/comments?post=236451"}],"version-history":[{"count":1,"href":"https:\/\/franciscanos.org.br\/noticias\/wp-json\/wp\/v2\/posts\/236451\/revisions"}],"predecessor-version":[{"id":236453,"href":"https:\/\/franciscanos.org.br\/noticias\/wp-json\/wp\/v2\/posts\/236451\/revisions\/236453"}],"wp:featuredmedia":[{"embeddable":true,"href":"https:\/\/franciscanos.org.br\/noticias\/wp-json\/wp\/v2\/media\/236452"}],"wp:attachment":[{"href":"https:\/\/franciscanos.org.br\/noticias\/wp-json\/wp\/v2\/media?parent=236451"}],"wp:term":[{"taxonomy":"category","embeddable":true,"href":"https:\/\/franciscanos.org.br\/noticias\/wp-json\/wp\/v2\/categories?post=236451"},{"taxonomy":"post_tag","embeddable":true,"href":"https:\/\/franciscanos.org.br\/noticias\/wp-json\/wp\/v2\/tags?post=236451"}],"curies":[{"name":"wp","href":"https:\/\/api.w.org\/{rel}","templated":true}]}}