{"id":236404,"date":"2022-02-06T12:03:21","date_gmt":"2022-02-06T15:03:21","guid":{"rendered":"https:\/\/franciscanos.org.br\/noticias\/?p=236404"},"modified":"2022-02-06T12:05:04","modified_gmt":"2022-02-06T15:05:04","slug":"seminario-sao-francisco-de-assis-avanca-para-aguas-mais-profundas-lucas-54","status":"publish","type":"post","link":"https:\/\/franciscanos.org.br\/noticias\/seminario-sao-francisco-de-assis-avanca-para-aguas-mais-profundas-lucas-54.html","title":{"rendered":"Semin\u00e1rio S\u00e3o Francisco de Assis: \u201cAvan\u00e7a para \u00e1guas mais profundas&#8230;\u201d (Lucas 5,4)"},"content":{"rendered":"<p><img loading=\"lazy\" class=\"alignnone wp-image-236405 size-full\" src=\"https:\/\/franciscanos.org.br\/noticias\/wp-content\/uploads\/2022\/02\/ituporanga_0206.jpg\" alt=\"\" width=\"1280\" height=\"747\" srcset=\"https:\/\/franciscanos.org.br\/noticias\/wp-content\/uploads\/2022\/02\/ituporanga_0206.jpg 1280w, https:\/\/franciscanos.org.br\/noticias\/wp-content\/uploads\/2022\/02\/ituporanga_0206-450x263.jpg 450w, https:\/\/franciscanos.org.br\/noticias\/wp-content\/uploads\/2022\/02\/ituporanga_0206-1024x598.jpg 1024w, https:\/\/franciscanos.org.br\/noticias\/wp-content\/uploads\/2022\/02\/ituporanga_0206-768x448.jpg 768w, https:\/\/franciscanos.org.br\/noticias\/wp-content\/uploads\/2022\/02\/ituporanga_0206-150x88.jpg 150w\" sizes=\"(max-width: 1280px) 100vw, 1280px\" \/><\/p>\n<p>Com essa motiva\u00e7\u00e3o do Evangelho deste V Domingo do Tempo Comum (06\/02), a Fraternidade S\u00e3o Francisco de Assis, em Ituporanga\/SC, iniciou o ano com os novos formandos do Ensino M\u00e9dio e do Aspirantado.<\/p>\n<p>Os formandos come\u00e7aram a chegar durante a semana de diversas Fraternidades da Prov\u00edncia da Imaculada Concei\u00e7\u00e3o. Ao longo do ano ser\u00e3o 4 formandos na etapa do Ensino M\u00e9dio e 22 no Aspirantado.<\/p>\n<p><img loading=\"lazy\" class=\"alignnone wp-image-236406 size-full\" src=\"https:\/\/franciscanos.org.br\/noticias\/wp-content\/uploads\/2022\/02\/ituporanga_0206_2.jpg\" alt=\"\" width=\"1280\" height=\"960\" srcset=\"https:\/\/franciscanos.org.br\/noticias\/wp-content\/uploads\/2022\/02\/ituporanga_0206_2.jpg 1280w, https:\/\/franciscanos.org.br\/noticias\/wp-content\/uploads\/2022\/02\/ituporanga_0206_2-450x338.jpg 450w, https:\/\/franciscanos.org.br\/noticias\/wp-content\/uploads\/2022\/02\/ituporanga_0206_2-1024x768.jpg 1024w, https:\/\/franciscanos.org.br\/noticias\/wp-content\/uploads\/2022\/02\/ituporanga_0206_2-768x576.jpg 768w, https:\/\/franciscanos.org.br\/noticias\/wp-content\/uploads\/2022\/02\/ituporanga_0206_2-150x113.jpg 150w, https:\/\/franciscanos.org.br\/noticias\/wp-content\/uploads\/2022\/02\/ituporanga_0206_2-600x450.jpg 600w\" sizes=\"(max-width: 1280px) 100vw, 1280px\" \/><\/p>\n<p>A celebra\u00e7\u00e3o foi presidida por Frei Je\u00e2 Paulo Andrade, que, junto com Frei Gabriel Dellandrea, faz parte da anima\u00e7\u00e3o vocacional da Prov\u00edncia. Os confrades simbolicamente \u201centregaram\u201d para a Fraternidade os jovens que ano passado foram vocacionados e agora vivem esse tempo de forma\u00e7\u00e3o numa casa da Prov\u00edncia. Os jovens receberam o carinho do povo presente na celebra\u00e7\u00e3o com ora\u00e7\u00f5es e uma salva de palmas. Frei M\u00e1rio Stein apresentou a Fraternidade, especialmente os frades rec\u00e9m-chegados: ele mesmo, Frei Thiago da Silva Soares e Frei Tarc\u00edsio Theiss.<\/p>\n\n\t\t<style type=\"text\/css\">\n\t\t\t#gallery-1 {\n\t\t\t\tmargin: auto;\n\t\t\t}\n\t\t\t#gallery-1 .gallery-item {\n\t\t\t\tfloat: left;\n\t\t\t\tmargin-top: 10px;\n\t\t\t\ttext-align: center;\n\t\t\t\twidth: 25%;\n\t\t\t}\n\t\t\t#gallery-1 img {\n\t\t\t\tborder: 2px solid #cfcfcf;\n\t\t\t}\n\t\t\t#gallery-1 .gallery-caption {\n\t\t\t\tmargin-left: 0;\n\t\t\t}\n\t\t\t\/* see gallery_shortcode() in wp-includes\/media.php *\/\n\t\t<\/style>\n\t\t<div id='gallery-1' class='gallery galleryid-236404 gallery-columns-4 gallery-size-thumbnail'><dl class='gallery-item'>\n\t\t\t<dt class='gallery-icon landscape'>\n\t\t\t\t<a href='https:\/\/franciscanos.org.br\/noticias\/wp-content\/uploads\/2022\/02\/ituporanga_060222.jpg'><img width=\"300\" height=\"300\" src=\"https:\/\/franciscanos.org.br\/noticias\/wp-content\/uploads\/2022\/02\/ituporanga_060222-300x300.jpg\" class=\"attachment-thumbnail size-thumbnail\" alt=\"\" loading=\"lazy\" srcset=\"https:\/\/franciscanos.org.br\/noticias\/wp-content\/uploads\/2022\/02\/ituporanga_060222-300x300.jpg 300w, https:\/\/franciscanos.org.br\/noticias\/wp-content\/uploads\/2022\/02\/ituporanga_060222-100x100.jpg 100w\" sizes=\"(max-width: 300px) 100vw, 300px\" \/><\/a>\n\t\t\t<\/dt><\/dl><dl class='gallery-item'>\n\t\t\t<dt class='gallery-icon landscape'>\n\t\t\t\t<a href='https:\/\/franciscanos.org.br\/noticias\/wp-content\/uploads\/2022\/02\/ituporanga_060222_2.jpg'><img width=\"300\" height=\"300\" src=\"https:\/\/franciscanos.org.br\/noticias\/wp-content\/uploads\/2022\/02\/ituporanga_060222_2-300x300.jpg\" class=\"attachment-thumbnail size-thumbnail\" alt=\"\" loading=\"lazy\" srcset=\"https:\/\/franciscanos.org.br\/noticias\/wp-content\/uploads\/2022\/02\/ituporanga_060222_2-300x300.jpg 300w, https:\/\/franciscanos.org.br\/noticias\/wp-content\/uploads\/2022\/02\/ituporanga_060222_2-100x100.jpg 100w\" sizes=\"(max-width: 300px) 100vw, 300px\" \/><\/a>\n\t\t\t<\/dt><\/dl><dl class='gallery-item'>\n\t\t\t<dt class='gallery-icon landscape'>\n\t\t\t\t<a href='https:\/\/franciscanos.org.br\/noticias\/wp-content\/uploads\/2022\/02\/ituporanga_060222_3.jpg'><img width=\"300\" height=\"300\" src=\"https:\/\/franciscanos.org.br\/noticias\/wp-content\/uploads\/2022\/02\/ituporanga_060222_3-300x300.jpg\" class=\"attachment-thumbnail size-thumbnail\" alt=\"\" loading=\"lazy\" srcset=\"https:\/\/franciscanos.org.br\/noticias\/wp-content\/uploads\/2022\/02\/ituporanga_060222_3-300x300.jpg 300w, https:\/\/franciscanos.org.br\/noticias\/wp-content\/uploads\/2022\/02\/ituporanga_060222_3-100x100.jpg 100w\" sizes=\"(max-width: 300px) 100vw, 300px\" \/><\/a>\n\t\t\t<\/dt><\/dl><dl class='gallery-item'>\n\t\t\t<dt class='gallery-icon landscape'>\n\t\t\t\t<a href='https:\/\/franciscanos.org.br\/noticias\/wp-content\/uploads\/2022\/02\/ituporanga_060222_4.jpg'><img width=\"300\" height=\"300\" src=\"https:\/\/franciscanos.org.br\/noticias\/wp-content\/uploads\/2022\/02\/ituporanga_060222_4-300x300.jpg\" class=\"attachment-thumbnail size-thumbnail\" alt=\"\" loading=\"lazy\" srcset=\"https:\/\/franciscanos.org.br\/noticias\/wp-content\/uploads\/2022\/02\/ituporanga_060222_4-300x300.jpg 300w, https:\/\/franciscanos.org.br\/noticias\/wp-content\/uploads\/2022\/02\/ituporanga_060222_4-100x100.jpg 100w\" sizes=\"(max-width: 300px) 100vw, 300px\" \/><\/a>\n\t\t\t<\/dt><\/dl><br style=\"clear: both\" \/>\n\t\t<\/div>\n\n<p><em>\u00a0 \u00a0 \u00a0 \u00a0 \u00a0 \u00a0 \u00a0 \u00a0 \u00a0 \u00a0 \u00a0 \u00a0 \u00a0 \u00a0 \u00a0 \u00a0 \u00a0 \u00a0 \u00a0 \u00a0 \u00a0 \u00a0 \u00a0 \u00a0 \u00a0 \u00a0 \u00a0 \u00a0 \u00a0 \u00a0 \u00a0 \u00a0(clique nas imagens ampli\u00e1-las)<\/em><\/p>\n<p>A Etapa de Forma\u00e7\u00e3o quer ser um mergulho no modo de ser da vida Franciscana procurando configurar nossa vida \u00e0 de Jesus Cristo nas pegadas de S\u00e3o Francisco de Assis. Vivendo a vida de modo fraterno, espiritual, no trabalho e nos estudos iniciais das Fontes Franciscanas, aos poucos \u201cavan\u00e7ando para \u00e1guas mais profundas\u201d sabendo que \u201c\u00e9 pela gra\u00e7a de Deus\u201d e levando uma vida segundo o Evangelho, que chegaremos ao ponto de termos os mesmos sentimentos de Cristo Jesus (Fl 2,5), no modo de ser de S\u00e3o Francisco de Assis.<\/p>\n<hr \/>\n<p><em>Equipe de Comunica\u00e7\u00e3o aqui do Semin\u00e1rio<\/em><\/p>\n","protected":false},"excerpt":{"rendered":"<p>Forma\u00e7\u00e3o e Estudos<\/p>\n","protected":false},"author":3,"featured_media":236405,"comment_status":"open","ping_status":"open","sticky":false,"template":"","format":"standard","meta":[],"categories":[1],"tags":[650,1203],"acf":[],"yoast_head":"<!-- This site is optimized with the Yoast SEO plugin v19.2 - https:\/\/yoast.com\/wordpress\/plugins\/seo\/ -->\n<title>Semin\u00e1rio S\u00e3o Francisco de Assis: \u201cAvan\u00e7a para \u00e1guas mais profundas...\u201d (Lucas 5,4) - Not\u00edcias - Franciscanos<\/title>\n<meta name=\"robots\" content=\"index, follow, max-snippet:-1, max-image-preview:large, max-video-preview:-1\" \/>\n<link rel=\"canonical\" href=\"https:\/\/franciscanos.org.br\/noticias\/seminario-sao-francisco-de-assis-avanca-para-aguas-mais-profundas-lucas-54.html\" \/>\n<meta property=\"og:locale\" content=\"pt_BR\" \/>\n<meta property=\"og:type\" content=\"article\" \/>\n<meta property=\"og:title\" content=\"Semin\u00e1rio S\u00e3o Francisco de Assis: \u201cAvan\u00e7a para \u00e1guas mais profundas...\u201d (Lucas 5,4) - Not\u00edcias - Franciscanos\" \/>\n<meta property=\"og:description\" content=\"Forma\u00e7\u00e3o e Estudos\" \/>\n<meta property=\"og:url\" content=\"https:\/\/franciscanos.org.br\/noticias\/seminario-sao-francisco-de-assis-avanca-para-aguas-mais-profundas-lucas-54.html\" \/>\n<meta property=\"og:site_name\" content=\"Not\u00edcias - Franciscanos\" \/>\n<meta property=\"article:published_time\" content=\"2022-02-06T15:03:21+00:00\" \/>\n<meta property=\"article:modified_time\" content=\"2022-02-06T15:05:04+00:00\" \/>\n<meta property=\"og:image\" content=\"https:\/\/franciscanos.org.br\/noticias\/wp-content\/uploads\/2022\/02\/ituporanga_0206.jpg\" \/>\n\t<meta property=\"og:image:width\" content=\"1280\" \/>\n\t<meta property=\"og:image:height\" content=\"747\" \/>\n\t<meta property=\"og:image:type\" content=\"image\/jpeg\" \/>\n<meta name=\"author\" content=\"moacir\" \/>\n<meta name=\"twitter:card\" content=\"summary_large_image\" \/>\n<meta name=\"twitter:label1\" content=\"Escrito por\" \/>\n\t<meta name=\"twitter:data1\" content=\"moacir\" \/>\n\t<meta name=\"twitter:label2\" content=\"Est. tempo de leitura\" \/>\n\t<meta name=\"twitter:data2\" content=\"1 minuto\" \/>\n<script type=\"application\/ld+json\" class=\"yoast-schema-graph\">{\"@context\":\"https:\/\/schema.org\",\"@graph\":[{\"@type\":\"WebSite\",\"@id\":\"https:\/\/franciscanos.org.br\/noticias\/#website\",\"url\":\"https:\/\/franciscanos.org.br\/noticias\/\",\"name\":\"Not\u00edcias - Franciscanos\",\"description\":\"Prov\u00edncia Franciscana da Imaculada Concei\u00e7\u00e3o do Brasil - Ordem dos Frades Menores - OFM\",\"potentialAction\":[{\"@type\":\"SearchAction\",\"target\":{\"@type\":\"EntryPoint\",\"urlTemplate\":\"https:\/\/franciscanos.org.br\/noticias\/?s={search_term_string}\"},\"query-input\":\"required name=search_term_string\"}],\"inLanguage\":\"pt-BR\"},{\"@type\":\"ImageObject\",\"inLanguage\":\"pt-BR\",\"@id\":\"https:\/\/franciscanos.org.br\/noticias\/seminario-sao-francisco-de-assis-avanca-para-aguas-mais-profundas-lucas-54.html#primaryimage\",\"url\":\"https:\/\/franciscanos.org.br\/noticias\/wp-content\/uploads\/2022\/02\/ituporanga_0206.jpg\",\"contentUrl\":\"https:\/\/franciscanos.org.br\/noticias\/wp-content\/uploads\/2022\/02\/ituporanga_0206.jpg\",\"width\":1280,\"height\":747},{\"@type\":\"WebPage\",\"@id\":\"https:\/\/franciscanos.org.br\/noticias\/seminario-sao-francisco-de-assis-avanca-para-aguas-mais-profundas-lucas-54.html#webpage\",\"url\":\"https:\/\/franciscanos.org.br\/noticias\/seminario-sao-francisco-de-assis-avanca-para-aguas-mais-profundas-lucas-54.html\",\"name\":\"Semin\u00e1rio S\u00e3o Francisco de Assis: \u201cAvan\u00e7a para \u00e1guas mais profundas...\u201d (Lucas 5,4) - Not\u00edcias - Franciscanos\",\"isPartOf\":{\"@id\":\"https:\/\/franciscanos.org.br\/noticias\/#website\"},\"primaryImageOfPage\":{\"@id\":\"https:\/\/franciscanos.org.br\/noticias\/seminario-sao-francisco-de-assis-avanca-para-aguas-mais-profundas-lucas-54.html#primaryimage\"},\"datePublished\":\"2022-02-06T15:03:21+00:00\",\"dateModified\":\"2022-02-06T15:05:04+00:00\",\"author\":{\"@id\":\"https:\/\/franciscanos.org.br\/noticias\/#\/schema\/person\/b5c8cba458c330ccff548b056e95a5d4\"},\"breadcrumb\":{\"@id\":\"https:\/\/franciscanos.org.br\/noticias\/seminario-sao-francisco-de-assis-avanca-para-aguas-mais-profundas-lucas-54.html#breadcrumb\"},\"inLanguage\":\"pt-BR\",\"potentialAction\":[{\"@type\":\"ReadAction\",\"target\":[\"https:\/\/franciscanos.org.br\/noticias\/seminario-sao-francisco-de-assis-avanca-para-aguas-mais-profundas-lucas-54.html\"]}]},{\"@type\":\"BreadcrumbList\",\"@id\":\"https:\/\/franciscanos.org.br\/noticias\/seminario-sao-francisco-de-assis-avanca-para-aguas-mais-profundas-lucas-54.html#breadcrumb\",\"itemListElement\":[{\"@type\":\"ListItem\",\"position\":1,\"name\":\"Home\",\"item\":\"https:\/\/franciscanos.org.br\/noticias\"},{\"@type\":\"ListItem\",\"position\":2,\"name\":\"Semin\u00e1rio S\u00e3o Francisco de Assis: \u201cAvan\u00e7a para \u00e1guas mais profundas&#8230;\u201d (Lucas 5,4)\"}]},{\"@type\":\"Person\",\"@id\":\"https:\/\/franciscanos.org.br\/noticias\/#\/schema\/person\/b5c8cba458c330ccff548b056e95a5d4\",\"name\":\"moacir\",\"image\":{\"@type\":\"ImageObject\",\"inLanguage\":\"pt-BR\",\"@id\":\"https:\/\/franciscanos.org.br\/noticias\/#\/schema\/person\/image\/\",\"url\":\"https:\/\/secure.gravatar.com\/avatar\/d08aa2ce4c8dd416d4479aa8536fcf64?s=96&d=mm&r=g\",\"contentUrl\":\"https:\/\/secure.gravatar.com\/avatar\/d08aa2ce4c8dd416d4479aa8536fcf64?s=96&d=mm&r=g\",\"caption\":\"moacir\"},\"url\":\"https:\/\/franciscanos.org.br\/noticias\/author\/moacir\"}]}<\/script>\n<!-- \/ Yoast SEO plugin. -->","yoast_head_json":{"title":"Semin\u00e1rio S\u00e3o Francisco de Assis: \u201cAvan\u00e7a para \u00e1guas mais profundas...\u201d (Lucas 5,4) - Not\u00edcias - Franciscanos","robots":{"index":"index","follow":"follow","max-snippet":"max-snippet:-1","max-image-preview":"max-image-preview:large","max-video-preview":"max-video-preview:-1"},"canonical":"https:\/\/franciscanos.org.br\/noticias\/seminario-sao-francisco-de-assis-avanca-para-aguas-mais-profundas-lucas-54.html","og_locale":"pt_BR","og_type":"article","og_title":"Semin\u00e1rio S\u00e3o Francisco de Assis: \u201cAvan\u00e7a para \u00e1guas mais profundas...\u201d (Lucas 5,4) - Not\u00edcias - Franciscanos","og_description":"Forma\u00e7\u00e3o e Estudos","og_url":"https:\/\/franciscanos.org.br\/noticias\/seminario-sao-francisco-de-assis-avanca-para-aguas-mais-profundas-lucas-54.html","og_site_name":"Not\u00edcias - Franciscanos","article_published_time":"2022-02-06T15:03:21+00:00","article_modified_time":"2022-02-06T15:05:04+00:00","og_image":[{"width":1280,"height":747,"url":"https:\/\/franciscanos.org.br\/noticias\/wp-content\/uploads\/2022\/02\/ituporanga_0206.jpg","type":"image\/jpeg"}],"author":"moacir","twitter_card":"summary_large_image","twitter_misc":{"Escrito por":"moacir","Est. tempo de leitura":"1 minuto"},"schema":{"@context":"https:\/\/schema.org","@graph":[{"@type":"WebSite","@id":"https:\/\/franciscanos.org.br\/noticias\/#website","url":"https:\/\/franciscanos.org.br\/noticias\/","name":"Not\u00edcias - Franciscanos","description":"Prov\u00edncia Franciscana da Imaculada Concei\u00e7\u00e3o do Brasil - Ordem dos Frades Menores - OFM","potentialAction":[{"@type":"SearchAction","target":{"@type":"EntryPoint","urlTemplate":"https:\/\/franciscanos.org.br\/noticias\/?s={search_term_string}"},"query-input":"required name=search_term_string"}],"inLanguage":"pt-BR"},{"@type":"ImageObject","inLanguage":"pt-BR","@id":"https:\/\/franciscanos.org.br\/noticias\/seminario-sao-francisco-de-assis-avanca-para-aguas-mais-profundas-lucas-54.html#primaryimage","url":"https:\/\/franciscanos.org.br\/noticias\/wp-content\/uploads\/2022\/02\/ituporanga_0206.jpg","contentUrl":"https:\/\/franciscanos.org.br\/noticias\/wp-content\/uploads\/2022\/02\/ituporanga_0206.jpg","width":1280,"height":747},{"@type":"WebPage","@id":"https:\/\/franciscanos.org.br\/noticias\/seminario-sao-francisco-de-assis-avanca-para-aguas-mais-profundas-lucas-54.html#webpage","url":"https:\/\/franciscanos.org.br\/noticias\/seminario-sao-francisco-de-assis-avanca-para-aguas-mais-profundas-lucas-54.html","name":"Semin\u00e1rio S\u00e3o Francisco de Assis: \u201cAvan\u00e7a para \u00e1guas mais profundas...\u201d (Lucas 5,4) - Not\u00edcias - Franciscanos","isPartOf":{"@id":"https:\/\/franciscanos.org.br\/noticias\/#website"},"primaryImageOfPage":{"@id":"https:\/\/franciscanos.org.br\/noticias\/seminario-sao-francisco-de-assis-avanca-para-aguas-mais-profundas-lucas-54.html#primaryimage"},"datePublished":"2022-02-06T15:03:21+00:00","dateModified":"2022-02-06T15:05:04+00:00","author":{"@id":"https:\/\/franciscanos.org.br\/noticias\/#\/schema\/person\/b5c8cba458c330ccff548b056e95a5d4"},"breadcrumb":{"@id":"https:\/\/franciscanos.org.br\/noticias\/seminario-sao-francisco-de-assis-avanca-para-aguas-mais-profundas-lucas-54.html#breadcrumb"},"inLanguage":"pt-BR","potentialAction":[{"@type":"ReadAction","target":["https:\/\/franciscanos.org.br\/noticias\/seminario-sao-francisco-de-assis-avanca-para-aguas-mais-profundas-lucas-54.html"]}]},{"@type":"BreadcrumbList","@id":"https:\/\/franciscanos.org.br\/noticias\/seminario-sao-francisco-de-assis-avanca-para-aguas-mais-profundas-lucas-54.html#breadcrumb","itemListElement":[{"@type":"ListItem","position":1,"name":"Home","item":"https:\/\/franciscanos.org.br\/noticias"},{"@type":"ListItem","position":2,"name":"Semin\u00e1rio S\u00e3o Francisco de Assis: \u201cAvan\u00e7a para \u00e1guas mais profundas&#8230;\u201d (Lucas 5,4)"}]},{"@type":"Person","@id":"https:\/\/franciscanos.org.br\/noticias\/#\/schema\/person\/b5c8cba458c330ccff548b056e95a5d4","name":"moacir","image":{"@type":"ImageObject","inLanguage":"pt-BR","@id":"https:\/\/franciscanos.org.br\/noticias\/#\/schema\/person\/image\/","url":"https:\/\/secure.gravatar.com\/avatar\/d08aa2ce4c8dd416d4479aa8536fcf64?s=96&d=mm&r=g","contentUrl":"https:\/\/secure.gravatar.com\/avatar\/d08aa2ce4c8dd416d4479aa8536fcf64?s=96&d=mm&r=g","caption":"moacir"},"url":"https:\/\/franciscanos.org.br\/noticias\/author\/moacir"}]}},"_links":{"self":[{"href":"https:\/\/franciscanos.org.br\/noticias\/wp-json\/wp\/v2\/posts\/236404"}],"collection":[{"href":"https:\/\/franciscanos.org.br\/noticias\/wp-json\/wp\/v2\/posts"}],"about":[{"href":"https:\/\/franciscanos.org.br\/noticias\/wp-json\/wp\/v2\/types\/post"}],"author":[{"embeddable":true,"href":"https:\/\/franciscanos.org.br\/noticias\/wp-json\/wp\/v2\/users\/3"}],"replies":[{"embeddable":true,"href":"https:\/\/franciscanos.org.br\/noticias\/wp-json\/wp\/v2\/comments?post=236404"}],"version-history":[{"count":3,"href":"https:\/\/franciscanos.org.br\/noticias\/wp-json\/wp\/v2\/posts\/236404\/revisions"}],"predecessor-version":[{"id":236413,"href":"https:\/\/franciscanos.org.br\/noticias\/wp-json\/wp\/v2\/posts\/236404\/revisions\/236413"}],"wp:featuredmedia":[{"embeddable":true,"href":"https:\/\/franciscanos.org.br\/noticias\/wp-json\/wp\/v2\/media\/236405"}],"wp:attachment":[{"href":"https:\/\/franciscanos.org.br\/noticias\/wp-json\/wp\/v2\/media?parent=236404"}],"wp:term":[{"taxonomy":"category","embeddable":true,"href":"https:\/\/franciscanos.org.br\/noticias\/wp-json\/wp\/v2\/categories?post=236404"},{"taxonomy":"post_tag","embeddable":true,"href":"https:\/\/franciscanos.org.br\/noticias\/wp-json\/wp\/v2\/tags?post=236404"}],"curies":[{"name":"wp","href":"https:\/\/api.w.org\/{rel}","templated":true}]}}