{"id":236385,"date":"2022-02-04T17:26:48","date_gmt":"2022-02-04T20:26:48","guid":{"rendered":"https:\/\/franciscanos.org.br\/noticias\/?p=236385"},"modified":"2022-02-04T17:26:48","modified_gmt":"2022-02-04T20:26:48","slug":"usf-promove-a-abertura-da-semana-de-planejamento-pedagogico-e-formacao-do-1o-semestre-2022","status":"publish","type":"post","link":"https:\/\/franciscanos.org.br\/noticias\/usf-promove-a-abertura-da-semana-de-planejamento-pedagogico-e-formacao-do-1o-semestre-2022.html","title":{"rendered":"USF promove a abertura da Semana de Planejamento Pedag\u00f3gico e Forma\u00e7\u00e3o do 1\u00ba semestre 2022"},"content":{"rendered":"<p><img loading=\"lazy\" class=\"alignnone size-full wp-image-236387\" src=\"https:\/\/franciscanos.org.br\/noticias\/wp-content\/uploads\/2022\/02\/usf_040222.jpg\" alt=\"\" width=\"1132\" height=\"637\" srcset=\"https:\/\/franciscanos.org.br\/noticias\/wp-content\/uploads\/2022\/02\/usf_040222.jpg 1132w, https:\/\/franciscanos.org.br\/noticias\/wp-content\/uploads\/2022\/02\/usf_040222-450x253.jpg 450w, https:\/\/franciscanos.org.br\/noticias\/wp-content\/uploads\/2022\/02\/usf_040222-1024x576.jpg 1024w, https:\/\/franciscanos.org.br\/noticias\/wp-content\/uploads\/2022\/02\/usf_040222-768x432.jpg 768w, https:\/\/franciscanos.org.br\/noticias\/wp-content\/uploads\/2022\/02\/usf_040222-150x84.jpg 150w\" sizes=\"(max-width: 1132px) 100vw, 1132px\" \/><\/p>\n<p><strong>\u00a0Bragan\u00e7a Paulista (SP) &#8211; <\/strong>A Universidade S\u00e3o Francisco (USF) promoveu, no dia 3 de fevereiro, a abertura oficial da Semana de Planejamento Pedag\u00f3gico e Forma\u00e7\u00e3o, com o tema &#8220;\u00c9 hora de retornar: Estrat\u00e9gias e planejamento para aprendizagem\u201d. Participou do evento o Ministro Provincial da Prov\u00edncia Franciscana da Imaculada Concei\u00e7\u00e3o do Brasil e Chanceler da USF, Frei Paulo Roberto Pereira, OFM.<\/p>\n<p>O evento contou com uma plateia reduzida e transmiss\u00e3o no <strong>Youtube<\/strong> e em todos os C\u00e2mpus. Estiveram presentes o\u00a0 Diretor Presidente da CNSP-ASF e Vice-Reitor, Frei Thiago Alexandre Hayakawa, o reitor, Frei Gilberto Gon\u00e7alves Garcia, o Pr\u00f3-Reitor de Ensino, Pesquisa e Extens\u00e3o, professor Dilnei Lorenzi, o Pr\u00f3-Reitor de Administra\u00e7\u00e3o e Planejamento, professor Adriel de Moura Cabral, o Administrador dos C\u00e2mpus,\u00a0 Rodrigo Ribeiro Paiva, a diretora do C\u00e2mpus de Bragan\u00e7a Paulista, professora Patr\u00edcia Teixeira Costa, o Diretor do C\u00e2mpus Campinas \u2013 Unidades Swift e Cambu\u00ed, o professor Geraldo Peres Caixeta e o Diretor de C\u00e2mpus Itatiba, professor Volney Zamenhof de Oliveira Silva. Al\u00e9m de docentes e colaboradores.<\/p>\n<p><img loading=\"lazy\" class=\"alignnone wp-image-236388 size-full\" src=\"https:\/\/franciscanos.org.br\/noticias\/wp-content\/uploads\/2022\/02\/usf_0402_1_22.jpg\" alt=\"\" width=\"984\" height=\"553\" srcset=\"https:\/\/franciscanos.org.br\/noticias\/wp-content\/uploads\/2022\/02\/usf_0402_1_22.jpg 984w, https:\/\/franciscanos.org.br\/noticias\/wp-content\/uploads\/2022\/02\/usf_0402_1_22-450x253.jpg 450w, https:\/\/franciscanos.org.br\/noticias\/wp-content\/uploads\/2022\/02\/usf_0402_1_22-768x432.jpg 768w, https:\/\/franciscanos.org.br\/noticias\/wp-content\/uploads\/2022\/02\/usf_0402_1_22-150x84.jpg 150w\" sizes=\"(max-width: 984px) 100vw, 984px\" \/><\/p>\n<p>Durante a abertura, o reitor destacou os desafios dos \u00faltimos anos, aprendizados e expectativas para o ano de 2022 no cen\u00e1rio educacional e nacional. \u201cTemos tido a oportunidade nos nossos conselhos universit\u00e1rios virtuais de falar como n\u00f3s estamos conjuntamente, colegiadamente, lidando com a pandemia. Sempre agradecendo o sucesso de ter atravessado e de estar atravessando esse processo dif\u00edcil na vida brasileira e na vida mundial, e de forma muito especial na vida tamb\u00e9m da Universidade. Aprendemos muito nesses dois anos. Gra\u00e7as a Deus temos tido resultados muito positivos, em todos os sentidos. N\u00e3o s\u00f3 do ponto de vista de capta\u00e7\u00e3o de alunos e reten\u00e7\u00e3o, mas tamb\u00e9m na inova\u00e7\u00e3o, descobertas de novas metodologias de aprendizagem. Foi um grande aprendizado nesses dois \u00faltimos anos\u201d, afirmou o reitor.<\/p>\n<p>O Ministro Provincial apresentou as raz\u00f5es e motiva\u00e7\u00f5es que sustentam a presen\u00e7a franciscana na educa\u00e7\u00e3o. \u201cEu sou porta-voz dos franciscanos de ontem e de hoje, que atestam que a educa\u00e7\u00e3o \u00e9 uma plataforma fundamental e privilegiada para tornar criativa e efetiva, a proposta evangelizadora Franciscana. N\u00f3s franciscanos, resta claro, a n\u00f3s que a excel\u00eancia acad\u00eamica, a forma\u00e7\u00e3o profissional de qualidade, o rigor administrativo, perseguidos com afinco no dia a dia desta Institui\u00e7\u00e3o. Ser\u00e3o evidentes sinais do compromisso que temos de anunciar ao mundo inteiro a Boa Nova de Jesus Cristo, divino mestre e educador. Aos olhos dos Frades, portanto, est\u00e1 na frente da educa\u00e7\u00e3o \u00e9 essencialmente anunciar Jesus Cristo\u201d, ressaltou o Ministro.<\/p>\n<p><img loading=\"lazy\" class=\"alignnone wp-image-236389 size-full\" src=\"https:\/\/franciscanos.org.br\/noticias\/wp-content\/uploads\/2022\/02\/usf_0402_2_22.jpg\" alt=\"\" width=\"1280\" height=\"720\" srcset=\"https:\/\/franciscanos.org.br\/noticias\/wp-content\/uploads\/2022\/02\/usf_0402_2_22.jpg 1280w, https:\/\/franciscanos.org.br\/noticias\/wp-content\/uploads\/2022\/02\/usf_0402_2_22-450x253.jpg 450w, https:\/\/franciscanos.org.br\/noticias\/wp-content\/uploads\/2022\/02\/usf_0402_2_22-1024x576.jpg 1024w, https:\/\/franciscanos.org.br\/noticias\/wp-content\/uploads\/2022\/02\/usf_0402_2_22-768x432.jpg 768w, https:\/\/franciscanos.org.br\/noticias\/wp-content\/uploads\/2022\/02\/usf_0402_2_22-150x84.jpg 150w\" sizes=\"(max-width: 1280px) 100vw, 1280px\" \/><\/p>\n<p>O encerramento do evento foi realizado pelo vice-reitor, Frei Thiago, abordou a alegria de gradativamente as atividades presenciais retornarem. \u201cO Importante \u00e9 dizer que n\u00f3s trabalhamos muito para esse retorno \u00e0s atividades presenciais, que j\u00e1 come\u00e7aram acontecer no semestre passado. Aos poucos retornamos presencialmente e investimos para voltar com seguran\u00e7a. Agora ent\u00e3o, a nossa principal acolhida \u00e9 aos nossos estudantes, professores e os nossos trabalhadores t\u00e9cnico-administrativos, que desde o dia 3 de janeiro j\u00e1 est\u00e3o atuando presencialmente. A Mantenedora chama a Casa Nossa Senhora da Paz, mas todas as nossas casas, todas as nossas unidades foram bem preparadas, bem estruturadas para que a gente pudesse acolher novamente todos de forma presencial\u201d, finalizou o vice-reitor.<\/p>\n<p><img loading=\"lazy\" class=\"alignnone wp-image-236390 size-full\" src=\"https:\/\/franciscanos.org.br\/noticias\/wp-content\/uploads\/2022\/02\/usf_0402_3_22.jpg\" alt=\"\" width=\"1505\" height=\"847\" srcset=\"https:\/\/franciscanos.org.br\/noticias\/wp-content\/uploads\/2022\/02\/usf_0402_3_22.jpg 1505w, https:\/\/franciscanos.org.br\/noticias\/wp-content\/uploads\/2022\/02\/usf_0402_3_22-450x253.jpg 450w, https:\/\/franciscanos.org.br\/noticias\/wp-content\/uploads\/2022\/02\/usf_0402_3_22-1024x576.jpg 1024w, https:\/\/franciscanos.org.br\/noticias\/wp-content\/uploads\/2022\/02\/usf_0402_3_22-768x432.jpg 768w, https:\/\/franciscanos.org.br\/noticias\/wp-content\/uploads\/2022\/02\/usf_0402_3_22-150x84.jpg 150w\" sizes=\"(max-width: 1505px) 100vw, 1505px\" \/><\/p>\n<hr \/>\n<p><em>Ana Paula Moreira<\/em><\/p>\n<p>&nbsp;<\/p>\n","protected":false},"excerpt":{"rendered":"<p>Universidade S\u00e3o Francisco<\/p>\n","protected":false},"author":3,"featured_media":236387,"comment_status":"open","ping_status":"open","sticky":false,"template":"","format":"standard","meta":[],"categories":[1],"tags":[354],"acf":[],"yoast_head":"<!-- This site is optimized with the Yoast SEO plugin v19.2 - https:\/\/yoast.com\/wordpress\/plugins\/seo\/ -->\n<title>USF promove a abertura da Semana de Planejamento Pedag\u00f3gico e Forma\u00e7\u00e3o do 1\u00ba semestre 2022 - Not\u00edcias - Franciscanos<\/title>\n<meta name=\"robots\" content=\"index, follow, max-snippet:-1, max-image-preview:large, max-video-preview:-1\" \/>\n<link rel=\"canonical\" href=\"https:\/\/franciscanos.org.br\/noticias\/usf-promove-a-abertura-da-semana-de-planejamento-pedagogico-e-formacao-do-1o-semestre-2022.html\" \/>\n<meta property=\"og:locale\" content=\"pt_BR\" \/>\n<meta property=\"og:type\" content=\"article\" \/>\n<meta property=\"og:title\" content=\"USF promove a abertura da Semana de Planejamento Pedag\u00f3gico e Forma\u00e7\u00e3o do 1\u00ba semestre 2022 - Not\u00edcias - Franciscanos\" \/>\n<meta property=\"og:description\" content=\"Universidade S\u00e3o Francisco\" \/>\n<meta property=\"og:url\" content=\"https:\/\/franciscanos.org.br\/noticias\/usf-promove-a-abertura-da-semana-de-planejamento-pedagogico-e-formacao-do-1o-semestre-2022.html\" \/>\n<meta property=\"og:site_name\" content=\"Not\u00edcias - Franciscanos\" \/>\n<meta property=\"article:published_time\" content=\"2022-02-04T20:26:48+00:00\" \/>\n<meta property=\"og:image\" content=\"https:\/\/franciscanos.org.br\/noticias\/wp-content\/uploads\/2022\/02\/usf_040222.jpg\" \/>\n\t<meta property=\"og:image:width\" content=\"1132\" \/>\n\t<meta property=\"og:image:height\" content=\"637\" \/>\n\t<meta property=\"og:image:type\" content=\"image\/jpeg\" \/>\n<meta name=\"author\" content=\"moacir\" \/>\n<meta name=\"twitter:card\" content=\"summary_large_image\" \/>\n<meta name=\"twitter:label1\" content=\"Escrito por\" \/>\n\t<meta name=\"twitter:data1\" content=\"moacir\" \/>\n\t<meta name=\"twitter:label2\" content=\"Est. tempo de leitura\" \/>\n\t<meta name=\"twitter:data2\" content=\"3 minutos\" \/>\n<script type=\"application\/ld+json\" class=\"yoast-schema-graph\">{\"@context\":\"https:\/\/schema.org\",\"@graph\":[{\"@type\":\"WebSite\",\"@id\":\"https:\/\/franciscanos.org.br\/noticias\/#website\",\"url\":\"https:\/\/franciscanos.org.br\/noticias\/\",\"name\":\"Not\u00edcias - Franciscanos\",\"description\":\"Prov\u00edncia Franciscana da Imaculada Concei\u00e7\u00e3o do Brasil - Ordem dos Frades Menores - OFM\",\"potentialAction\":[{\"@type\":\"SearchAction\",\"target\":{\"@type\":\"EntryPoint\",\"urlTemplate\":\"https:\/\/franciscanos.org.br\/noticias\/?s={search_term_string}\"},\"query-input\":\"required name=search_term_string\"}],\"inLanguage\":\"pt-BR\"},{\"@type\":\"ImageObject\",\"inLanguage\":\"pt-BR\",\"@id\":\"https:\/\/franciscanos.org.br\/noticias\/usf-promove-a-abertura-da-semana-de-planejamento-pedagogico-e-formacao-do-1o-semestre-2022.html#primaryimage\",\"url\":\"https:\/\/franciscanos.org.br\/noticias\/wp-content\/uploads\/2022\/02\/usf_040222.jpg\",\"contentUrl\":\"https:\/\/franciscanos.org.br\/noticias\/wp-content\/uploads\/2022\/02\/usf_040222.jpg\",\"width\":1132,\"height\":637},{\"@type\":\"WebPage\",\"@id\":\"https:\/\/franciscanos.org.br\/noticias\/usf-promove-a-abertura-da-semana-de-planejamento-pedagogico-e-formacao-do-1o-semestre-2022.html#webpage\",\"url\":\"https:\/\/franciscanos.org.br\/noticias\/usf-promove-a-abertura-da-semana-de-planejamento-pedagogico-e-formacao-do-1o-semestre-2022.html\",\"name\":\"USF promove a abertura da Semana de Planejamento Pedag\u00f3gico e Forma\u00e7\u00e3o do 1\u00ba semestre 2022 - Not\u00edcias - Franciscanos\",\"isPartOf\":{\"@id\":\"https:\/\/franciscanos.org.br\/noticias\/#website\"},\"primaryImageOfPage\":{\"@id\":\"https:\/\/franciscanos.org.br\/noticias\/usf-promove-a-abertura-da-semana-de-planejamento-pedagogico-e-formacao-do-1o-semestre-2022.html#primaryimage\"},\"datePublished\":\"2022-02-04T20:26:48+00:00\",\"dateModified\":\"2022-02-04T20:26:48+00:00\",\"author\":{\"@id\":\"https:\/\/franciscanos.org.br\/noticias\/#\/schema\/person\/b5c8cba458c330ccff548b056e95a5d4\"},\"breadcrumb\":{\"@id\":\"https:\/\/franciscanos.org.br\/noticias\/usf-promove-a-abertura-da-semana-de-planejamento-pedagogico-e-formacao-do-1o-semestre-2022.html#breadcrumb\"},\"inLanguage\":\"pt-BR\",\"potentialAction\":[{\"@type\":\"ReadAction\",\"target\":[\"https:\/\/franciscanos.org.br\/noticias\/usf-promove-a-abertura-da-semana-de-planejamento-pedagogico-e-formacao-do-1o-semestre-2022.html\"]}]},{\"@type\":\"BreadcrumbList\",\"@id\":\"https:\/\/franciscanos.org.br\/noticias\/usf-promove-a-abertura-da-semana-de-planejamento-pedagogico-e-formacao-do-1o-semestre-2022.html#breadcrumb\",\"itemListElement\":[{\"@type\":\"ListItem\",\"position\":1,\"name\":\"Home\",\"item\":\"https:\/\/franciscanos.org.br\/noticias\"},{\"@type\":\"ListItem\",\"position\":2,\"name\":\"USF promove a abertura da Semana de Planejamento Pedag\u00f3gico e Forma\u00e7\u00e3o do 1\u00ba semestre 2022\"}]},{\"@type\":\"Person\",\"@id\":\"https:\/\/franciscanos.org.br\/noticias\/#\/schema\/person\/b5c8cba458c330ccff548b056e95a5d4\",\"name\":\"moacir\",\"image\":{\"@type\":\"ImageObject\",\"inLanguage\":\"pt-BR\",\"@id\":\"https:\/\/franciscanos.org.br\/noticias\/#\/schema\/person\/image\/\",\"url\":\"https:\/\/secure.gravatar.com\/avatar\/d08aa2ce4c8dd416d4479aa8536fcf64?s=96&d=mm&r=g\",\"contentUrl\":\"https:\/\/secure.gravatar.com\/avatar\/d08aa2ce4c8dd416d4479aa8536fcf64?s=96&d=mm&r=g\",\"caption\":\"moacir\"},\"url\":\"https:\/\/franciscanos.org.br\/noticias\/author\/moacir\"}]}<\/script>\n<!-- \/ Yoast SEO plugin. -->","yoast_head_json":{"title":"USF promove a abertura da Semana de Planejamento Pedag\u00f3gico e Forma\u00e7\u00e3o do 1\u00ba semestre 2022 - Not\u00edcias - Franciscanos","robots":{"index":"index","follow":"follow","max-snippet":"max-snippet:-1","max-image-preview":"max-image-preview:large","max-video-preview":"max-video-preview:-1"},"canonical":"https:\/\/franciscanos.org.br\/noticias\/usf-promove-a-abertura-da-semana-de-planejamento-pedagogico-e-formacao-do-1o-semestre-2022.html","og_locale":"pt_BR","og_type":"article","og_title":"USF promove a abertura da Semana de Planejamento Pedag\u00f3gico e Forma\u00e7\u00e3o do 1\u00ba semestre 2022 - Not\u00edcias - Franciscanos","og_description":"Universidade S\u00e3o Francisco","og_url":"https:\/\/franciscanos.org.br\/noticias\/usf-promove-a-abertura-da-semana-de-planejamento-pedagogico-e-formacao-do-1o-semestre-2022.html","og_site_name":"Not\u00edcias - Franciscanos","article_published_time":"2022-02-04T20:26:48+00:00","og_image":[{"width":1132,"height":637,"url":"https:\/\/franciscanos.org.br\/noticias\/wp-content\/uploads\/2022\/02\/usf_040222.jpg","type":"image\/jpeg"}],"author":"moacir","twitter_card":"summary_large_image","twitter_misc":{"Escrito por":"moacir","Est. tempo de leitura":"3 minutos"},"schema":{"@context":"https:\/\/schema.org","@graph":[{"@type":"WebSite","@id":"https:\/\/franciscanos.org.br\/noticias\/#website","url":"https:\/\/franciscanos.org.br\/noticias\/","name":"Not\u00edcias - Franciscanos","description":"Prov\u00edncia Franciscana da Imaculada Concei\u00e7\u00e3o do Brasil - Ordem dos Frades Menores - OFM","potentialAction":[{"@type":"SearchAction","target":{"@type":"EntryPoint","urlTemplate":"https:\/\/franciscanos.org.br\/noticias\/?s={search_term_string}"},"query-input":"required name=search_term_string"}],"inLanguage":"pt-BR"},{"@type":"ImageObject","inLanguage":"pt-BR","@id":"https:\/\/franciscanos.org.br\/noticias\/usf-promove-a-abertura-da-semana-de-planejamento-pedagogico-e-formacao-do-1o-semestre-2022.html#primaryimage","url":"https:\/\/franciscanos.org.br\/noticias\/wp-content\/uploads\/2022\/02\/usf_040222.jpg","contentUrl":"https:\/\/franciscanos.org.br\/noticias\/wp-content\/uploads\/2022\/02\/usf_040222.jpg","width":1132,"height":637},{"@type":"WebPage","@id":"https:\/\/franciscanos.org.br\/noticias\/usf-promove-a-abertura-da-semana-de-planejamento-pedagogico-e-formacao-do-1o-semestre-2022.html#webpage","url":"https:\/\/franciscanos.org.br\/noticias\/usf-promove-a-abertura-da-semana-de-planejamento-pedagogico-e-formacao-do-1o-semestre-2022.html","name":"USF promove a abertura da Semana de Planejamento Pedag\u00f3gico e Forma\u00e7\u00e3o do 1\u00ba semestre 2022 - Not\u00edcias - Franciscanos","isPartOf":{"@id":"https:\/\/franciscanos.org.br\/noticias\/#website"},"primaryImageOfPage":{"@id":"https:\/\/franciscanos.org.br\/noticias\/usf-promove-a-abertura-da-semana-de-planejamento-pedagogico-e-formacao-do-1o-semestre-2022.html#primaryimage"},"datePublished":"2022-02-04T20:26:48+00:00","dateModified":"2022-02-04T20:26:48+00:00","author":{"@id":"https:\/\/franciscanos.org.br\/noticias\/#\/schema\/person\/b5c8cba458c330ccff548b056e95a5d4"},"breadcrumb":{"@id":"https:\/\/franciscanos.org.br\/noticias\/usf-promove-a-abertura-da-semana-de-planejamento-pedagogico-e-formacao-do-1o-semestre-2022.html#breadcrumb"},"inLanguage":"pt-BR","potentialAction":[{"@type":"ReadAction","target":["https:\/\/franciscanos.org.br\/noticias\/usf-promove-a-abertura-da-semana-de-planejamento-pedagogico-e-formacao-do-1o-semestre-2022.html"]}]},{"@type":"BreadcrumbList","@id":"https:\/\/franciscanos.org.br\/noticias\/usf-promove-a-abertura-da-semana-de-planejamento-pedagogico-e-formacao-do-1o-semestre-2022.html#breadcrumb","itemListElement":[{"@type":"ListItem","position":1,"name":"Home","item":"https:\/\/franciscanos.org.br\/noticias"},{"@type":"ListItem","position":2,"name":"USF promove a abertura da Semana de Planejamento Pedag\u00f3gico e Forma\u00e7\u00e3o do 1\u00ba semestre 2022"}]},{"@type":"Person","@id":"https:\/\/franciscanos.org.br\/noticias\/#\/schema\/person\/b5c8cba458c330ccff548b056e95a5d4","name":"moacir","image":{"@type":"ImageObject","inLanguage":"pt-BR","@id":"https:\/\/franciscanos.org.br\/noticias\/#\/schema\/person\/image\/","url":"https:\/\/secure.gravatar.com\/avatar\/d08aa2ce4c8dd416d4479aa8536fcf64?s=96&d=mm&r=g","contentUrl":"https:\/\/secure.gravatar.com\/avatar\/d08aa2ce4c8dd416d4479aa8536fcf64?s=96&d=mm&r=g","caption":"moacir"},"url":"https:\/\/franciscanos.org.br\/noticias\/author\/moacir"}]}},"_links":{"self":[{"href":"https:\/\/franciscanos.org.br\/noticias\/wp-json\/wp\/v2\/posts\/236385"}],"collection":[{"href":"https:\/\/franciscanos.org.br\/noticias\/wp-json\/wp\/v2\/posts"}],"about":[{"href":"https:\/\/franciscanos.org.br\/noticias\/wp-json\/wp\/v2\/types\/post"}],"author":[{"embeddable":true,"href":"https:\/\/franciscanos.org.br\/noticias\/wp-json\/wp\/v2\/users\/3"}],"replies":[{"embeddable":true,"href":"https:\/\/franciscanos.org.br\/noticias\/wp-json\/wp\/v2\/comments?post=236385"}],"version-history":[{"count":1,"href":"https:\/\/franciscanos.org.br\/noticias\/wp-json\/wp\/v2\/posts\/236385\/revisions"}],"predecessor-version":[{"id":236391,"href":"https:\/\/franciscanos.org.br\/noticias\/wp-json\/wp\/v2\/posts\/236385\/revisions\/236391"}],"wp:featuredmedia":[{"embeddable":true,"href":"https:\/\/franciscanos.org.br\/noticias\/wp-json\/wp\/v2\/media\/236387"}],"wp:attachment":[{"href":"https:\/\/franciscanos.org.br\/noticias\/wp-json\/wp\/v2\/media?parent=236385"}],"wp:term":[{"taxonomy":"category","embeddable":true,"href":"https:\/\/franciscanos.org.br\/noticias\/wp-json\/wp\/v2\/categories?post=236385"},{"taxonomy":"post_tag","embeddable":true,"href":"https:\/\/franciscanos.org.br\/noticias\/wp-json\/wp\/v2\/tags?post=236385"}],"curies":[{"name":"wp","href":"https:\/\/api.w.org\/{rel}","templated":true}]}}