{"id":236379,"date":"2022-02-04T06:48:48","date_gmt":"2022-02-04T09:48:48","guid":{"rendered":"https:\/\/franciscanos.org.br\/noticias\/?p=236379"},"modified":"2022-02-04T17:02:32","modified_gmt":"2022-02-04T20:02:32","slug":"brasil-que-matas-o-povo-negro-e-oprimis-sua-gente-que-vergonha","status":"publish","type":"post","link":"https:\/\/franciscanos.org.br\/noticias\/brasil-que-matas-o-povo-negro-e-oprimis-sua-gente-que-vergonha.html","title":{"rendered":"\u201cBrasil, que matas o povo negro e oprimis sua gente, que vergonha!\u201d."},"content":{"rendered":"<p><img loading=\"lazy\" class=\"size-full wp-image-236380 aligncenter\" src=\"https:\/\/franciscanos.org.br\/noticias\/wp-content\/uploads\/2022\/02\/Moise-Kabamgab.jpg\" alt=\"\" width=\"800\" height=\"500\" srcset=\"https:\/\/franciscanos.org.br\/noticias\/wp-content\/uploads\/2022\/02\/Moise-Kabamgab.jpg 800w, https:\/\/franciscanos.org.br\/noticias\/wp-content\/uploads\/2022\/02\/Moise-Kabamgab-450x281.jpg 450w, https:\/\/franciscanos.org.br\/noticias\/wp-content\/uploads\/2022\/02\/Moise-Kabamgab-768x480.jpg 768w, https:\/\/franciscanos.org.br\/noticias\/wp-content\/uploads\/2022\/02\/Moise-Kabamgab-150x94.jpg 150w\" sizes=\"(max-width: 800px) 100vw, 800px\" \/><\/p>\n<p><em>O arcebispo de Feira de Santana (BA) e referencial para a Pastoral Afro Brasileira da CNBB, dom Zanoni Demetino Castro, escreveu o artigo \u201cBrasil, que matas o povo negro e oprimis sua gente, que vergonha!\u201d.<\/em><\/p>\n<p><strong>Brasil, Brasil, ainda n\u00e3o reparaste o crime de lesa humanidade, os tr\u00eas s\u00e9culos de escravid\u00e3o.<\/strong><\/p>\n<p><strong>Brasil, que matas o povo negro e oprimis sua gente, Que vergonha!<\/strong><\/p>\n<p>Desde o dia 24\/01\/2022, temos recebido not\u00edcias sobre a morte do jovem negro congol\u00eas Moise Mugenyi. O fato n\u00e3o pode ser visto isolado do contexto que vivem e passam milhares de jovens negros e negras mortos nos \u00faltimos tempos. Das 34 .918 mortes violentas de jovens divulgadas no final do ano de 2021, 80% s\u00e3o de jovens negros. O cen\u00e1rio \u00e9 desolador para nossas fam\u00edlias e comunidades negras. Queremos manifestar nossa solidariedade \u00e0 fam\u00edlia de Moise Mugenyi e \u00e0s demais fam\u00edlias, pela dor, sofrimentos e o luto.<\/p>\n<p>O Catecismo da Igreja Cat\u00f3lica nos ensina que, a ningu\u00e9m \u00e9 l\u00edcito tirar a vida de um inocente, pois \u00e9 um ato contr\u00e1rio \u00e0 dignidade da pessoa e \u00e0 santidade do Criador. \u201cN\u00e3o mates o inocente e o justo\u201d (Ex 23,7). Entendemos que a miss\u00e3o da Igreja \u00e9 evangelizar seguindo os passos e atitudes de Jesus, acolhendo seus ensinamentos e proclamando o Evangelho. \u201cDeixo-vos a paz, dou-vos a minha paz. N\u00e3o vo-la dou como o mundo d\u00e1\u201d (Jo 14,27). Entendemos que a viol\u00eancia \u00e9 contraria \u00e0 verdade da nossa f\u00e9, \u00e0 verdade da nossa humanidade. Portanto, a verdadeira paz \u00e9 vida em plenitude.<\/p>\n<p>Queremos externar nossa indigna\u00e7\u00e3o com o genoc\u00eddio de nossa juventude negra. Vidas negras importam. Somos 56% do total da popula\u00e7\u00e3o brasileira e por isso, conclamamos as autoridades civis e jur\u00eddicas competentes a tomar uma atitude em favor da vida, a favor das vidas negras. Pedimos que os autores destas mortes sejam punidos na forma da Lei.<\/p>\n<p>Como Pastor, chamado a cuidar e consolar as pessoas, compartilho com todos, sobretudo que mais sofrem neste momento, minhas ora\u00e7\u00f5es e b\u00ean\u00e7\u00e3os.<\/p>\n<hr \/>\n<p><strong>CNBB, REDE CLAMOR BRASIL E REDEMIR EMITEM NOTA SOBRE O ASSASSINATO DO CONGOL\u00caS MO\u00cfSE KABAGAMBE<\/strong><\/p>\n<p>A Comiss\u00e3o Episcopal Pastoral para a A\u00e7\u00e3o Sociotransformadora da Confer\u00eancia Nacional dos Bispos do Brasil (CNBB), a Rede CLAMOR Brasil e a Rede Solid\u00e1ria para Migrantes e Refugiados (RedeMiR) emitiram uma nota, nesta quinta-feira, 3 de fevereiro, por justi\u00e7a no caso do brutal assassinato do jovem congol\u00eas Mo\u00efse Kabagambe, de 24 anos, na \u00faltima semana no Rio de Janeiro, por ter cobrado o seu sal\u00e1rio pelos dias trabalhados. O crime aconteceu pr\u00f3ximo de um quiosque na Barra da Tijuca, zona oeste do Rio de Janeiro.<\/p>\n<p>De acordo com a nota, \u201ca barb\u00e1rie tem sido normalizada quando envolve pessoas pobres, em situa\u00e7\u00e3o de vulnerabilidade, da periferia. Grande parte da popula\u00e7\u00e3o migrante e refugiada se insere nesse grupo\u201d.<\/p>\n<p>No documento, as institui\u00e7\u00f5es destacam que garantir os direitos mais b\u00e1sicos de migrantes e refugiados \u00e9 um desafio constante no Brasil. \u201cNunca ser\u00e1 demais reafirmar a import\u00e2ncia da defesa dos Direitos Humanos em um pa\u00eds que lamentavelmente segue marcando sua hist\u00f3ria enraizada na viol\u00eancia\u201d, destaca o texto.<\/p>\n<p>Na nota, entidades expressam seus sinceros sentimentos e solidariedade \u00e0 fam\u00edlia de Mo\u00efse e \u00e0 comunidade congolesa no Brasil e cobram das autoridades p\u00fablicas \u201cjusti\u00e7a pelo assassinato de Mo\u00efse Kabagambe com a responsabiliza\u00e7\u00e3o dos culpados por essa inaceit\u00e1vel e brutal conduta de quem covardemente tirou a vida deste jovem de 24 anos.\u201d<\/p>\n<hr \/>\n<p><em>Fonte: CNBB<\/em><\/p>\n","protected":false},"excerpt":{"rendered":"<p>Nota da CNBB<\/p>\n","protected":false},"author":3,"featured_media":236380,"comment_status":"open","ping_status":"open","sticky":false,"template":"","format":"standard","meta":[],"categories":[1],"tags":[1970],"acf":[],"yoast_head":"<!-- This site is optimized with the Yoast SEO plugin v19.2 - https:\/\/yoast.com\/wordpress\/plugins\/seo\/ -->\n<title>\u201cBrasil, que matas o povo negro e oprimis sua gente, que vergonha!\u201d. - Not\u00edcias - Franciscanos<\/title>\n<meta name=\"robots\" content=\"index, follow, max-snippet:-1, max-image-preview:large, max-video-preview:-1\" \/>\n<link rel=\"canonical\" href=\"https:\/\/franciscanos.org.br\/noticias\/brasil-que-matas-o-povo-negro-e-oprimis-sua-gente-que-vergonha.html\" \/>\n<meta property=\"og:locale\" content=\"pt_BR\" \/>\n<meta property=\"og:type\" content=\"article\" \/>\n<meta property=\"og:title\" content=\"\u201cBrasil, que matas o povo negro e oprimis sua gente, que vergonha!\u201d. - Not\u00edcias - Franciscanos\" \/>\n<meta property=\"og:description\" content=\"Nota da CNBB\" \/>\n<meta property=\"og:url\" content=\"https:\/\/franciscanos.org.br\/noticias\/brasil-que-matas-o-povo-negro-e-oprimis-sua-gente-que-vergonha.html\" \/>\n<meta property=\"og:site_name\" content=\"Not\u00edcias - Franciscanos\" \/>\n<meta property=\"article:published_time\" content=\"2022-02-04T09:48:48+00:00\" \/>\n<meta property=\"article:modified_time\" content=\"2022-02-04T20:02:32+00:00\" \/>\n<meta property=\"og:image\" content=\"https:\/\/franciscanos.org.br\/noticias\/wp-content\/uploads\/2022\/02\/Moise-Kabamgab.jpg\" \/>\n\t<meta property=\"og:image:width\" content=\"800\" \/>\n\t<meta property=\"og:image:height\" content=\"500\" \/>\n\t<meta property=\"og:image:type\" content=\"image\/jpeg\" \/>\n<meta name=\"author\" content=\"moacir\" \/>\n<meta name=\"twitter:card\" content=\"summary_large_image\" \/>\n<meta name=\"twitter:label1\" content=\"Escrito por\" \/>\n\t<meta name=\"twitter:data1\" content=\"moacir\" \/>\n\t<meta name=\"twitter:label2\" content=\"Est. tempo de leitura\" \/>\n\t<meta name=\"twitter:data2\" content=\"3 minutos\" \/>\n<script type=\"application\/ld+json\" class=\"yoast-schema-graph\">{\"@context\":\"https:\/\/schema.org\",\"@graph\":[{\"@type\":\"WebSite\",\"@id\":\"https:\/\/franciscanos.org.br\/noticias\/#website\",\"url\":\"https:\/\/franciscanos.org.br\/noticias\/\",\"name\":\"Not\u00edcias - Franciscanos\",\"description\":\"Prov\u00edncia Franciscana da Imaculada Concei\u00e7\u00e3o do Brasil - Ordem dos Frades Menores - OFM\",\"potentialAction\":[{\"@type\":\"SearchAction\",\"target\":{\"@type\":\"EntryPoint\",\"urlTemplate\":\"https:\/\/franciscanos.org.br\/noticias\/?s={search_term_string}\"},\"query-input\":\"required name=search_term_string\"}],\"inLanguage\":\"pt-BR\"},{\"@type\":\"ImageObject\",\"inLanguage\":\"pt-BR\",\"@id\":\"https:\/\/franciscanos.org.br\/noticias\/brasil-que-matas-o-povo-negro-e-oprimis-sua-gente-que-vergonha.html#primaryimage\",\"url\":\"https:\/\/franciscanos.org.br\/noticias\/wp-content\/uploads\/2022\/02\/Moise-Kabamgab.jpg\",\"contentUrl\":\"https:\/\/franciscanos.org.br\/noticias\/wp-content\/uploads\/2022\/02\/Moise-Kabamgab.jpg\",\"width\":800,\"height\":500},{\"@type\":\"WebPage\",\"@id\":\"https:\/\/franciscanos.org.br\/noticias\/brasil-que-matas-o-povo-negro-e-oprimis-sua-gente-que-vergonha.html#webpage\",\"url\":\"https:\/\/franciscanos.org.br\/noticias\/brasil-que-matas-o-povo-negro-e-oprimis-sua-gente-que-vergonha.html\",\"name\":\"\u201cBrasil, que matas o povo negro e oprimis sua gente, que vergonha!\u201d. - Not\u00edcias - Franciscanos\",\"isPartOf\":{\"@id\":\"https:\/\/franciscanos.org.br\/noticias\/#website\"},\"primaryImageOfPage\":{\"@id\":\"https:\/\/franciscanos.org.br\/noticias\/brasil-que-matas-o-povo-negro-e-oprimis-sua-gente-que-vergonha.html#primaryimage\"},\"datePublished\":\"2022-02-04T09:48:48+00:00\",\"dateModified\":\"2022-02-04T20:02:32+00:00\",\"author\":{\"@id\":\"https:\/\/franciscanos.org.br\/noticias\/#\/schema\/person\/b5c8cba458c330ccff548b056e95a5d4\"},\"breadcrumb\":{\"@id\":\"https:\/\/franciscanos.org.br\/noticias\/brasil-que-matas-o-povo-negro-e-oprimis-sua-gente-que-vergonha.html#breadcrumb\"},\"inLanguage\":\"pt-BR\",\"potentialAction\":[{\"@type\":\"ReadAction\",\"target\":[\"https:\/\/franciscanos.org.br\/noticias\/brasil-que-matas-o-povo-negro-e-oprimis-sua-gente-que-vergonha.html\"]}]},{\"@type\":\"BreadcrumbList\",\"@id\":\"https:\/\/franciscanos.org.br\/noticias\/brasil-que-matas-o-povo-negro-e-oprimis-sua-gente-que-vergonha.html#breadcrumb\",\"itemListElement\":[{\"@type\":\"ListItem\",\"position\":1,\"name\":\"Home\",\"item\":\"https:\/\/franciscanos.org.br\/noticias\"},{\"@type\":\"ListItem\",\"position\":2,\"name\":\"\u201cBrasil, que matas o povo negro e oprimis sua gente, que vergonha!\u201d.\"}]},{\"@type\":\"Person\",\"@id\":\"https:\/\/franciscanos.org.br\/noticias\/#\/schema\/person\/b5c8cba458c330ccff548b056e95a5d4\",\"name\":\"moacir\",\"image\":{\"@type\":\"ImageObject\",\"inLanguage\":\"pt-BR\",\"@id\":\"https:\/\/franciscanos.org.br\/noticias\/#\/schema\/person\/image\/\",\"url\":\"https:\/\/secure.gravatar.com\/avatar\/d08aa2ce4c8dd416d4479aa8536fcf64?s=96&d=mm&r=g\",\"contentUrl\":\"https:\/\/secure.gravatar.com\/avatar\/d08aa2ce4c8dd416d4479aa8536fcf64?s=96&d=mm&r=g\",\"caption\":\"moacir\"},\"url\":\"https:\/\/franciscanos.org.br\/noticias\/author\/moacir\"}]}<\/script>\n<!-- \/ Yoast SEO plugin. -->","yoast_head_json":{"title":"\u201cBrasil, que matas o povo negro e oprimis sua gente, que vergonha!\u201d. - Not\u00edcias - Franciscanos","robots":{"index":"index","follow":"follow","max-snippet":"max-snippet:-1","max-image-preview":"max-image-preview:large","max-video-preview":"max-video-preview:-1"},"canonical":"https:\/\/franciscanos.org.br\/noticias\/brasil-que-matas-o-povo-negro-e-oprimis-sua-gente-que-vergonha.html","og_locale":"pt_BR","og_type":"article","og_title":"\u201cBrasil, que matas o povo negro e oprimis sua gente, que vergonha!\u201d. - Not\u00edcias - Franciscanos","og_description":"Nota da CNBB","og_url":"https:\/\/franciscanos.org.br\/noticias\/brasil-que-matas-o-povo-negro-e-oprimis-sua-gente-que-vergonha.html","og_site_name":"Not\u00edcias - Franciscanos","article_published_time":"2022-02-04T09:48:48+00:00","article_modified_time":"2022-02-04T20:02:32+00:00","og_image":[{"width":800,"height":500,"url":"https:\/\/franciscanos.org.br\/noticias\/wp-content\/uploads\/2022\/02\/Moise-Kabamgab.jpg","type":"image\/jpeg"}],"author":"moacir","twitter_card":"summary_large_image","twitter_misc":{"Escrito por":"moacir","Est. tempo de leitura":"3 minutos"},"schema":{"@context":"https:\/\/schema.org","@graph":[{"@type":"WebSite","@id":"https:\/\/franciscanos.org.br\/noticias\/#website","url":"https:\/\/franciscanos.org.br\/noticias\/","name":"Not\u00edcias - Franciscanos","description":"Prov\u00edncia Franciscana da Imaculada Concei\u00e7\u00e3o do Brasil - Ordem dos Frades Menores - OFM","potentialAction":[{"@type":"SearchAction","target":{"@type":"EntryPoint","urlTemplate":"https:\/\/franciscanos.org.br\/noticias\/?s={search_term_string}"},"query-input":"required name=search_term_string"}],"inLanguage":"pt-BR"},{"@type":"ImageObject","inLanguage":"pt-BR","@id":"https:\/\/franciscanos.org.br\/noticias\/brasil-que-matas-o-povo-negro-e-oprimis-sua-gente-que-vergonha.html#primaryimage","url":"https:\/\/franciscanos.org.br\/noticias\/wp-content\/uploads\/2022\/02\/Moise-Kabamgab.jpg","contentUrl":"https:\/\/franciscanos.org.br\/noticias\/wp-content\/uploads\/2022\/02\/Moise-Kabamgab.jpg","width":800,"height":500},{"@type":"WebPage","@id":"https:\/\/franciscanos.org.br\/noticias\/brasil-que-matas-o-povo-negro-e-oprimis-sua-gente-que-vergonha.html#webpage","url":"https:\/\/franciscanos.org.br\/noticias\/brasil-que-matas-o-povo-negro-e-oprimis-sua-gente-que-vergonha.html","name":"\u201cBrasil, que matas o povo negro e oprimis sua gente, que vergonha!\u201d. - Not\u00edcias - Franciscanos","isPartOf":{"@id":"https:\/\/franciscanos.org.br\/noticias\/#website"},"primaryImageOfPage":{"@id":"https:\/\/franciscanos.org.br\/noticias\/brasil-que-matas-o-povo-negro-e-oprimis-sua-gente-que-vergonha.html#primaryimage"},"datePublished":"2022-02-04T09:48:48+00:00","dateModified":"2022-02-04T20:02:32+00:00","author":{"@id":"https:\/\/franciscanos.org.br\/noticias\/#\/schema\/person\/b5c8cba458c330ccff548b056e95a5d4"},"breadcrumb":{"@id":"https:\/\/franciscanos.org.br\/noticias\/brasil-que-matas-o-povo-negro-e-oprimis-sua-gente-que-vergonha.html#breadcrumb"},"inLanguage":"pt-BR","potentialAction":[{"@type":"ReadAction","target":["https:\/\/franciscanos.org.br\/noticias\/brasil-que-matas-o-povo-negro-e-oprimis-sua-gente-que-vergonha.html"]}]},{"@type":"BreadcrumbList","@id":"https:\/\/franciscanos.org.br\/noticias\/brasil-que-matas-o-povo-negro-e-oprimis-sua-gente-que-vergonha.html#breadcrumb","itemListElement":[{"@type":"ListItem","position":1,"name":"Home","item":"https:\/\/franciscanos.org.br\/noticias"},{"@type":"ListItem","position":2,"name":"\u201cBrasil, que matas o povo negro e oprimis sua gente, que vergonha!\u201d."}]},{"@type":"Person","@id":"https:\/\/franciscanos.org.br\/noticias\/#\/schema\/person\/b5c8cba458c330ccff548b056e95a5d4","name":"moacir","image":{"@type":"ImageObject","inLanguage":"pt-BR","@id":"https:\/\/franciscanos.org.br\/noticias\/#\/schema\/person\/image\/","url":"https:\/\/secure.gravatar.com\/avatar\/d08aa2ce4c8dd416d4479aa8536fcf64?s=96&d=mm&r=g","contentUrl":"https:\/\/secure.gravatar.com\/avatar\/d08aa2ce4c8dd416d4479aa8536fcf64?s=96&d=mm&r=g","caption":"moacir"},"url":"https:\/\/franciscanos.org.br\/noticias\/author\/moacir"}]}},"_links":{"self":[{"href":"https:\/\/franciscanos.org.br\/noticias\/wp-json\/wp\/v2\/posts\/236379"}],"collection":[{"href":"https:\/\/franciscanos.org.br\/noticias\/wp-json\/wp\/v2\/posts"}],"about":[{"href":"https:\/\/franciscanos.org.br\/noticias\/wp-json\/wp\/v2\/types\/post"}],"author":[{"embeddable":true,"href":"https:\/\/franciscanos.org.br\/noticias\/wp-json\/wp\/v2\/users\/3"}],"replies":[{"embeddable":true,"href":"https:\/\/franciscanos.org.br\/noticias\/wp-json\/wp\/v2\/comments?post=236379"}],"version-history":[{"count":3,"href":"https:\/\/franciscanos.org.br\/noticias\/wp-json\/wp\/v2\/posts\/236379\/revisions"}],"predecessor-version":[{"id":236383,"href":"https:\/\/franciscanos.org.br\/noticias\/wp-json\/wp\/v2\/posts\/236379\/revisions\/236383"}],"wp:featuredmedia":[{"embeddable":true,"href":"https:\/\/franciscanos.org.br\/noticias\/wp-json\/wp\/v2\/media\/236380"}],"wp:attachment":[{"href":"https:\/\/franciscanos.org.br\/noticias\/wp-json\/wp\/v2\/media?parent=236379"}],"wp:term":[{"taxonomy":"category","embeddable":true,"href":"https:\/\/franciscanos.org.br\/noticias\/wp-json\/wp\/v2\/categories?post=236379"},{"taxonomy":"post_tag","embeddable":true,"href":"https:\/\/franciscanos.org.br\/noticias\/wp-json\/wp\/v2\/tags?post=236379"}],"curies":[{"name":"wp","href":"https:\/\/api.w.org\/{rel}","templated":true}]}}