{"id":236359,"date":"2022-02-02T06:57:04","date_gmt":"2022-02-02T09:57:04","guid":{"rendered":"https:\/\/franciscanos.org.br\/noticias\/?p=236359"},"modified":"2022-02-02T06:57:04","modified_gmt":"2022-02-02T09:57:04","slug":"papa-a-devocao-aos-santos-nao-e-uma-coisa-magica-nao-e-uma-supersticao","status":"publish","type":"post","link":"https:\/\/franciscanos.org.br\/noticias\/papa-a-devocao-aos-santos-nao-e-uma-coisa-magica-nao-e-uma-supersticao.html","title":{"rendered":"Papa: &#8220;A devo\u00e7\u00e3o aos santos n\u00e3o \u00e9 uma coisa m\u00e1gica, n\u00e3o \u00e9 uma supersti\u00e7\u00e3o&#8221;"},"content":{"rendered":"<div id=\"attachment_236360\" style=\"width: 1510px\" class=\"wp-caption alignnone\"><img aria-describedby=\"caption-attachment-236360\" loading=\"lazy\" class=\"wp-image-236360 size-full\" src=\"https:\/\/franciscanos.org.br\/noticias\/wp-content\/uploads\/2022\/02\/audiencia_0202.jpeg\" alt=\"\" width=\"1500\" height=\"844\" srcset=\"https:\/\/franciscanos.org.br\/noticias\/wp-content\/uploads\/2022\/02\/audiencia_0202.jpeg 1500w, https:\/\/franciscanos.org.br\/noticias\/wp-content\/uploads\/2022\/02\/audiencia_0202-450x253.jpeg 450w, https:\/\/franciscanos.org.br\/noticias\/wp-content\/uploads\/2022\/02\/audiencia_0202-1024x576.jpeg 1024w, https:\/\/franciscanos.org.br\/noticias\/wp-content\/uploads\/2022\/02\/audiencia_0202-768x432.jpeg 768w, https:\/\/franciscanos.org.br\/noticias\/wp-content\/uploads\/2022\/02\/audiencia_0202-150x84.jpeg 150w\" sizes=\"(max-width: 1500px) 100vw, 1500px\" \/><p id=\"caption-attachment-236360\" class=\"wp-caption-text\">\u00a0 \u00a0 \u00a0 \u00a0 \u00a0 \u00a0 \u00a0 \u00a0 \u00a0 \u00a0 \u00a0 \u00a0 \u00a0 \u00a0 \u00a0 \u00a0 \u00a0 \u00a0 \u00a0 \u00a0 \u00a0 \u00a0 \u00a0 \u00a0 \u00a0 \u00a0 \u00a0 \u00a0 \u00a0 \u00a0 \u00a0 \u00a0 \u00a0 \u00a0 \u00a0 \u00a0 \u00a0 \u00a0 \u00a0 \u00a0 \u00a0 <em>\u00a0 \u00a0 \u00a0 \u00a0 \u00a0 Imagem: Vatican Media<\/em><\/p><\/div>\n<p>&#8220;S\u00e3o Jos\u00e9 e a comunh\u00e3o dos santos&#8221; foi o tema da catequese do Papa Francisco na Audi\u00eancia Geral, desta quarta-feira (02\/02), realizada na Sala Paulo VI.\u00a0Francisco concentrou-se neste &#8220;importante artigo de f\u00e9 que pode enriquecer a nossa vida crist\u00e3 e tamb\u00e9m moldar da melhor maneira a nossa rela\u00e7\u00e3o com os santos e com os nossos entes queridos falecidos&#8221;.<\/p>\n<p>Mesmo quando confiamos plenamente na intercess\u00e3o de um santo, ou ainda mais na Virgem Maria, a nossa confian\u00e7a s\u00f3 tem valor em rela\u00e7\u00e3o a Cristo. O v\u00ednculo que nos une a Ele e entre n\u00f3s tem um nome espec\u00edfico: \u201ccomunh\u00e3o dos santos\u201d. N\u00e3o s\u00e3o os santos que fazem milagres, mas apenas a gra\u00e7a de Deus que atua atrav\u00e9s deles. Os milagres foram feitos por Deus, pela gra\u00e7a de Deus que age atrav\u00e9s de uma pessoa santa, uma pessoa justa. Isso deve ser claro. Tem gente que diz: &#8220;Eu n\u00e3o acredito em Deus, mas acredito neste santo&#8221;. N\u00e3o, est\u00e1 errado. O santo \u00e9 um intercessor, aquele que intercede por n\u00f3s e o Senhor nos d\u00e1 a gra\u00e7a por meio do Santo.&#8221;.<\/p>\n<p>Ent\u00e3o, o que significa a \u201ccomunh\u00e3o dos santos\u201d? Perguntou o Papa. &#8220;A comunh\u00e3o dos Santos \u00e9 a Igreja&#8221;. Isso significa que a Igreja &#8220;\u00e9 a comunidade dos pecadores salvos. Ningu\u00e9m pode ser exclu\u00eddo da Igreja, somos todos pecadores salvos. A nossa santidade \u00e9 o fruto do amor de Deus manifestado em Cristo, que nos santifica amando-nos na nossa mis\u00e9ria e salvando-nos dela. Gra\u00e7as a Ele formamos sempre um s\u00f3 corpo, diz S\u00e3o Paulo, no qual Jesus \u00e9 a cabe\u00e7a e n\u00f3s somos os membros&#8221;.<\/p>\n<p>Amados irm\u00e3os e irm\u00e3s, a alegria e a tristeza que atingem a minha vida dizem respeito a todos, assim como a alegria e a tristeza que atingem a vida do irm\u00e3o e da irm\u00e3 ao nosso lado tamb\u00e9m dizem respeito a mim. N\u00e3o posso ficar indiferente aos outros, porque somos todos num s\u00f3 corpo, em comunh\u00e3o. Neste sentido, o pecado de uma pessoa atinge sempre a todos, e o amor de cada pessoa atinge a todos. Em virtude da comunh\u00e3o dos santos, desta uni\u00e3o, cada membro da Igreja est\u00e1 ligado a mim de uma forma profunda, e este v\u00ednculo \u00e9 t\u00e3o forte que n\u00e3o pode ser interrompido nem mesmo pela morte. Com efeito, a comunh\u00e3o dos santos n\u00e3o diz respeito apenas aos irm\u00e3os e irm\u00e3s que est\u00e3o ao meu lado neste momento da hist\u00f3ria, mas tamb\u00e9m \u00e0queles que conclu\u00edram a sua peregrina\u00e7\u00e3o terrena e atravessaram o limiar da morte. Eles tamb\u00e9m est\u00e3o em comunh\u00e3o conosco. Em Cristo ningu\u00e9m pode realmente nos separar daqueles que amamos porque o v\u00ednculo \u00e9 um v\u00ednculo existencial, um v\u00ednculo forte que est\u00e1 em nossa pr\u00f3pria natureza; s\u00f3 muda a forma como estamos juntos, mas nada e ningu\u00e9m pode quebrar esse v\u00ednculo. A comunh\u00e3o dos santos mant\u00e9m unida a comunidade de fi\u00e9is na terra e no C\u00e9u.<\/p>\n<p>&#8220;Neste sentido, a rela\u00e7\u00e3o de amizade que posso construir com um irm\u00e3o ou irm\u00e3 ao meu lado, tamb\u00e9m a posso estabelecer com um irm\u00e3o ou irm\u00e3 no C\u00e9u. Os santos s\u00e3o amigos com quem muito frequentemente estabelecemos rela\u00e7\u00f5es de amizade&#8221;, disse o Papa, acrescentando:\u00a0Aquilo que chamamos devo\u00e7\u00e3o a um santo, sou devoto deste santo, desta santa, aquilo que chamamos de devo\u00e7\u00e3o \u00e9 na verdade uma forma de expressar o amor a partir deste mesmo v\u00ednculo que nos une. Na vida cotidiana pode-se dizer: &#8220;Mas, essa pessoa tem muita devo\u00e7\u00e3o aos seus velhos pais&#8221;: n\u00e3o, \u00e9 uma forma de amor, uma express\u00e3o de amor. Todos sabemos que podemos sempre recorrer a um amigo, especialmente quando estamos em dificuldade e precisamos de ajuda. Todos precisamos de amigos; todos precisamos de rela\u00e7\u00f5es significativas para nos ajudar a enfrentar a vida. Tamb\u00e9m Jesus tinha os seus amigos, e recorreu a eles nos momentos mais decisivos da sua experi\u00eancia humana.<\/p>\n<p>A prop\u00f3sito de amizade, Deus confiou a Jos\u00e9 &#8220;as coisas mais preciosas que Ele tem: o seu Filho Jesus e a Virgem Maria. Gra\u00e7as \u00e0 comunh\u00e3o dos santos que nos sentimos pr\u00f3ximos dos Santos e Santas que s\u00e3o nossos padroeiros. Esta \u00e9 a confian\u00e7a que nos deve animar sempre a recorrer a eles em momentos decisivos de nossa vida&#8221;.<\/p>\n<p>Francisco concluiu, dizendo que &#8220;a devo\u00e7\u00e3o aos santos n\u00e3o \u00e9 uma coisa m\u00e1gica, n\u00e3o \u00e9 uma supersti\u00e7\u00e3o. \u00c9 simplesmente falar com um irm\u00e3o, uma irm\u00e3 que est\u00e1 diante de Deus, que viveu uma vida justa, uma vida santa, uma vida modelo, e agora est\u00e1 diante de Deus. Eu falo com este irm\u00e3o, com esta irm\u00e3 e pe\u00e7o sua intercess\u00e3o pelas necessidades que tenho&#8221;.<\/p>\n<hr \/>\n<p><em>Fonte: Vatican News (texto de Mariangela Jaguraba)<\/em><\/p>\n","protected":false},"excerpt":{"rendered":"<p>Audi\u00eancia Geral<\/p>\n","protected":false},"author":3,"featured_media":236360,"comment_status":"open","ping_status":"open","sticky":false,"template":"","format":"standard","meta":[],"categories":[1428],"tags":[487],"acf":[],"yoast_head":"<!-- This site is optimized with the Yoast SEO plugin v19.2 - https:\/\/yoast.com\/wordpress\/plugins\/seo\/ -->\n<title>Papa: &quot;A devo\u00e7\u00e3o aos santos n\u00e3o \u00e9 uma coisa m\u00e1gica, n\u00e3o \u00e9 uma supersti\u00e7\u00e3o&quot; - Not\u00edcias - Franciscanos<\/title>\n<meta name=\"robots\" content=\"index, follow, max-snippet:-1, max-image-preview:large, max-video-preview:-1\" \/>\n<link rel=\"canonical\" href=\"https:\/\/franciscanos.org.br\/noticias\/papa-a-devocao-aos-santos-nao-e-uma-coisa-magica-nao-e-uma-supersticao.html\" \/>\n<meta property=\"og:locale\" content=\"pt_BR\" \/>\n<meta property=\"og:type\" content=\"article\" \/>\n<meta property=\"og:title\" content=\"Papa: &quot;A devo\u00e7\u00e3o aos santos n\u00e3o \u00e9 uma coisa m\u00e1gica, n\u00e3o \u00e9 uma supersti\u00e7\u00e3o&quot; - Not\u00edcias - Franciscanos\" \/>\n<meta property=\"og:description\" content=\"Audi\u00eancia Geral\" \/>\n<meta property=\"og:url\" content=\"https:\/\/franciscanos.org.br\/noticias\/papa-a-devocao-aos-santos-nao-e-uma-coisa-magica-nao-e-uma-supersticao.html\" \/>\n<meta property=\"og:site_name\" content=\"Not\u00edcias - Franciscanos\" \/>\n<meta property=\"article:published_time\" content=\"2022-02-02T09:57:04+00:00\" \/>\n<meta property=\"og:image\" content=\"https:\/\/franciscanos.org.br\/noticias\/wp-content\/uploads\/2022\/02\/audiencia_0202.jpeg\" \/>\n\t<meta property=\"og:image:width\" content=\"1500\" \/>\n\t<meta property=\"og:image:height\" content=\"844\" \/>\n\t<meta property=\"og:image:type\" content=\"image\/jpeg\" \/>\n<meta name=\"author\" content=\"moacir\" \/>\n<meta name=\"twitter:card\" content=\"summary_large_image\" \/>\n<meta name=\"twitter:label1\" content=\"Escrito por\" \/>\n\t<meta name=\"twitter:data1\" content=\"moacir\" \/>\n\t<meta name=\"twitter:label2\" content=\"Est. tempo de leitura\" \/>\n\t<meta name=\"twitter:data2\" content=\"4 minutos\" \/>\n<script type=\"application\/ld+json\" class=\"yoast-schema-graph\">{\"@context\":\"https:\/\/schema.org\",\"@graph\":[{\"@type\":\"WebSite\",\"@id\":\"https:\/\/franciscanos.org.br\/noticias\/#website\",\"url\":\"https:\/\/franciscanos.org.br\/noticias\/\",\"name\":\"Not\u00edcias - Franciscanos\",\"description\":\"Prov\u00edncia Franciscana da Imaculada Concei\u00e7\u00e3o do Brasil - Ordem dos Frades Menores - OFM\",\"potentialAction\":[{\"@type\":\"SearchAction\",\"target\":{\"@type\":\"EntryPoint\",\"urlTemplate\":\"https:\/\/franciscanos.org.br\/noticias\/?s={search_term_string}\"},\"query-input\":\"required name=search_term_string\"}],\"inLanguage\":\"pt-BR\"},{\"@type\":\"ImageObject\",\"inLanguage\":\"pt-BR\",\"@id\":\"https:\/\/franciscanos.org.br\/noticias\/papa-a-devocao-aos-santos-nao-e-uma-coisa-magica-nao-e-uma-supersticao.html#primaryimage\",\"url\":\"https:\/\/franciscanos.org.br\/noticias\/wp-content\/uploads\/2022\/02\/audiencia_0202.jpeg\",\"contentUrl\":\"https:\/\/franciscanos.org.br\/noticias\/wp-content\/uploads\/2022\/02\/audiencia_0202.jpeg\",\"width\":1500,\"height\":844},{\"@type\":\"WebPage\",\"@id\":\"https:\/\/franciscanos.org.br\/noticias\/papa-a-devocao-aos-santos-nao-e-uma-coisa-magica-nao-e-uma-supersticao.html#webpage\",\"url\":\"https:\/\/franciscanos.org.br\/noticias\/papa-a-devocao-aos-santos-nao-e-uma-coisa-magica-nao-e-uma-supersticao.html\",\"name\":\"Papa: \\\"A devo\u00e7\u00e3o aos santos n\u00e3o \u00e9 uma coisa m\u00e1gica, n\u00e3o \u00e9 uma supersti\u00e7\u00e3o\\\" - Not\u00edcias - Franciscanos\",\"isPartOf\":{\"@id\":\"https:\/\/franciscanos.org.br\/noticias\/#website\"},\"primaryImageOfPage\":{\"@id\":\"https:\/\/franciscanos.org.br\/noticias\/papa-a-devocao-aos-santos-nao-e-uma-coisa-magica-nao-e-uma-supersticao.html#primaryimage\"},\"datePublished\":\"2022-02-02T09:57:04+00:00\",\"dateModified\":\"2022-02-02T09:57:04+00:00\",\"author\":{\"@id\":\"https:\/\/franciscanos.org.br\/noticias\/#\/schema\/person\/b5c8cba458c330ccff548b056e95a5d4\"},\"breadcrumb\":{\"@id\":\"https:\/\/franciscanos.org.br\/noticias\/papa-a-devocao-aos-santos-nao-e-uma-coisa-magica-nao-e-uma-supersticao.html#breadcrumb\"},\"inLanguage\":\"pt-BR\",\"potentialAction\":[{\"@type\":\"ReadAction\",\"target\":[\"https:\/\/franciscanos.org.br\/noticias\/papa-a-devocao-aos-santos-nao-e-uma-coisa-magica-nao-e-uma-supersticao.html\"]}]},{\"@type\":\"BreadcrumbList\",\"@id\":\"https:\/\/franciscanos.org.br\/noticias\/papa-a-devocao-aos-santos-nao-e-uma-coisa-magica-nao-e-uma-supersticao.html#breadcrumb\",\"itemListElement\":[{\"@type\":\"ListItem\",\"position\":1,\"name\":\"Home\",\"item\":\"https:\/\/franciscanos.org.br\/noticias\"},{\"@type\":\"ListItem\",\"position\":2,\"name\":\"Papa: &#8220;A devo\u00e7\u00e3o aos santos n\u00e3o \u00e9 uma coisa m\u00e1gica, n\u00e3o \u00e9 uma supersti\u00e7\u00e3o&#8221;\"}]},{\"@type\":\"Person\",\"@id\":\"https:\/\/franciscanos.org.br\/noticias\/#\/schema\/person\/b5c8cba458c330ccff548b056e95a5d4\",\"name\":\"moacir\",\"image\":{\"@type\":\"ImageObject\",\"inLanguage\":\"pt-BR\",\"@id\":\"https:\/\/franciscanos.org.br\/noticias\/#\/schema\/person\/image\/\",\"url\":\"https:\/\/secure.gravatar.com\/avatar\/d08aa2ce4c8dd416d4479aa8536fcf64?s=96&d=mm&r=g\",\"contentUrl\":\"https:\/\/secure.gravatar.com\/avatar\/d08aa2ce4c8dd416d4479aa8536fcf64?s=96&d=mm&r=g\",\"caption\":\"moacir\"},\"url\":\"https:\/\/franciscanos.org.br\/noticias\/author\/moacir\"}]}<\/script>\n<!-- \/ Yoast SEO plugin. -->","yoast_head_json":{"title":"Papa: \"A devo\u00e7\u00e3o aos santos n\u00e3o \u00e9 uma coisa m\u00e1gica, n\u00e3o \u00e9 uma supersti\u00e7\u00e3o\" - Not\u00edcias - Franciscanos","robots":{"index":"index","follow":"follow","max-snippet":"max-snippet:-1","max-image-preview":"max-image-preview:large","max-video-preview":"max-video-preview:-1"},"canonical":"https:\/\/franciscanos.org.br\/noticias\/papa-a-devocao-aos-santos-nao-e-uma-coisa-magica-nao-e-uma-supersticao.html","og_locale":"pt_BR","og_type":"article","og_title":"Papa: \"A devo\u00e7\u00e3o aos santos n\u00e3o \u00e9 uma coisa m\u00e1gica, n\u00e3o \u00e9 uma supersti\u00e7\u00e3o\" - Not\u00edcias - Franciscanos","og_description":"Audi\u00eancia Geral","og_url":"https:\/\/franciscanos.org.br\/noticias\/papa-a-devocao-aos-santos-nao-e-uma-coisa-magica-nao-e-uma-supersticao.html","og_site_name":"Not\u00edcias - Franciscanos","article_published_time":"2022-02-02T09:57:04+00:00","og_image":[{"width":1500,"height":844,"url":"https:\/\/franciscanos.org.br\/noticias\/wp-content\/uploads\/2022\/02\/audiencia_0202.jpeg","type":"image\/jpeg"}],"author":"moacir","twitter_card":"summary_large_image","twitter_misc":{"Escrito por":"moacir","Est. tempo de leitura":"4 minutos"},"schema":{"@context":"https:\/\/schema.org","@graph":[{"@type":"WebSite","@id":"https:\/\/franciscanos.org.br\/noticias\/#website","url":"https:\/\/franciscanos.org.br\/noticias\/","name":"Not\u00edcias - Franciscanos","description":"Prov\u00edncia Franciscana da Imaculada Concei\u00e7\u00e3o do Brasil - Ordem dos Frades Menores - OFM","potentialAction":[{"@type":"SearchAction","target":{"@type":"EntryPoint","urlTemplate":"https:\/\/franciscanos.org.br\/noticias\/?s={search_term_string}"},"query-input":"required name=search_term_string"}],"inLanguage":"pt-BR"},{"@type":"ImageObject","inLanguage":"pt-BR","@id":"https:\/\/franciscanos.org.br\/noticias\/papa-a-devocao-aos-santos-nao-e-uma-coisa-magica-nao-e-uma-supersticao.html#primaryimage","url":"https:\/\/franciscanos.org.br\/noticias\/wp-content\/uploads\/2022\/02\/audiencia_0202.jpeg","contentUrl":"https:\/\/franciscanos.org.br\/noticias\/wp-content\/uploads\/2022\/02\/audiencia_0202.jpeg","width":1500,"height":844},{"@type":"WebPage","@id":"https:\/\/franciscanos.org.br\/noticias\/papa-a-devocao-aos-santos-nao-e-uma-coisa-magica-nao-e-uma-supersticao.html#webpage","url":"https:\/\/franciscanos.org.br\/noticias\/papa-a-devocao-aos-santos-nao-e-uma-coisa-magica-nao-e-uma-supersticao.html","name":"Papa: \"A devo\u00e7\u00e3o aos santos n\u00e3o \u00e9 uma coisa m\u00e1gica, n\u00e3o \u00e9 uma supersti\u00e7\u00e3o\" - Not\u00edcias - Franciscanos","isPartOf":{"@id":"https:\/\/franciscanos.org.br\/noticias\/#website"},"primaryImageOfPage":{"@id":"https:\/\/franciscanos.org.br\/noticias\/papa-a-devocao-aos-santos-nao-e-uma-coisa-magica-nao-e-uma-supersticao.html#primaryimage"},"datePublished":"2022-02-02T09:57:04+00:00","dateModified":"2022-02-02T09:57:04+00:00","author":{"@id":"https:\/\/franciscanos.org.br\/noticias\/#\/schema\/person\/b5c8cba458c330ccff548b056e95a5d4"},"breadcrumb":{"@id":"https:\/\/franciscanos.org.br\/noticias\/papa-a-devocao-aos-santos-nao-e-uma-coisa-magica-nao-e-uma-supersticao.html#breadcrumb"},"inLanguage":"pt-BR","potentialAction":[{"@type":"ReadAction","target":["https:\/\/franciscanos.org.br\/noticias\/papa-a-devocao-aos-santos-nao-e-uma-coisa-magica-nao-e-uma-supersticao.html"]}]},{"@type":"BreadcrumbList","@id":"https:\/\/franciscanos.org.br\/noticias\/papa-a-devocao-aos-santos-nao-e-uma-coisa-magica-nao-e-uma-supersticao.html#breadcrumb","itemListElement":[{"@type":"ListItem","position":1,"name":"Home","item":"https:\/\/franciscanos.org.br\/noticias"},{"@type":"ListItem","position":2,"name":"Papa: &#8220;A devo\u00e7\u00e3o aos santos n\u00e3o \u00e9 uma coisa m\u00e1gica, n\u00e3o \u00e9 uma supersti\u00e7\u00e3o&#8221;"}]},{"@type":"Person","@id":"https:\/\/franciscanos.org.br\/noticias\/#\/schema\/person\/b5c8cba458c330ccff548b056e95a5d4","name":"moacir","image":{"@type":"ImageObject","inLanguage":"pt-BR","@id":"https:\/\/franciscanos.org.br\/noticias\/#\/schema\/person\/image\/","url":"https:\/\/secure.gravatar.com\/avatar\/d08aa2ce4c8dd416d4479aa8536fcf64?s=96&d=mm&r=g","contentUrl":"https:\/\/secure.gravatar.com\/avatar\/d08aa2ce4c8dd416d4479aa8536fcf64?s=96&d=mm&r=g","caption":"moacir"},"url":"https:\/\/franciscanos.org.br\/noticias\/author\/moacir"}]}},"_links":{"self":[{"href":"https:\/\/franciscanos.org.br\/noticias\/wp-json\/wp\/v2\/posts\/236359"}],"collection":[{"href":"https:\/\/franciscanos.org.br\/noticias\/wp-json\/wp\/v2\/posts"}],"about":[{"href":"https:\/\/franciscanos.org.br\/noticias\/wp-json\/wp\/v2\/types\/post"}],"author":[{"embeddable":true,"href":"https:\/\/franciscanos.org.br\/noticias\/wp-json\/wp\/v2\/users\/3"}],"replies":[{"embeddable":true,"href":"https:\/\/franciscanos.org.br\/noticias\/wp-json\/wp\/v2\/comments?post=236359"}],"version-history":[{"count":1,"href":"https:\/\/franciscanos.org.br\/noticias\/wp-json\/wp\/v2\/posts\/236359\/revisions"}],"predecessor-version":[{"id":236361,"href":"https:\/\/franciscanos.org.br\/noticias\/wp-json\/wp\/v2\/posts\/236359\/revisions\/236361"}],"wp:featuredmedia":[{"embeddable":true,"href":"https:\/\/franciscanos.org.br\/noticias\/wp-json\/wp\/v2\/media\/236360"}],"wp:attachment":[{"href":"https:\/\/franciscanos.org.br\/noticias\/wp-json\/wp\/v2\/media?parent=236359"}],"wp:term":[{"taxonomy":"category","embeddable":true,"href":"https:\/\/franciscanos.org.br\/noticias\/wp-json\/wp\/v2\/categories?post=236359"},{"taxonomy":"post_tag","embeddable":true,"href":"https:\/\/franciscanos.org.br\/noticias\/wp-json\/wp\/v2\/tags?post=236359"}],"curies":[{"name":"wp","href":"https:\/\/api.w.org\/{rel}","templated":true}]}}