{"id":236342,"date":"2022-01-31T19:38:11","date_gmt":"2022-01-31T22:38:11","guid":{"rendered":"https:\/\/franciscanos.org.br\/noticias\/?p=236342"},"modified":"2022-02-01T12:44:07","modified_gmt":"2022-02-01T15:44:07","slug":"frei-vanderlei-se-despede-da-paroquia-sao-luiz-gonzaga-em-missa-de-acao-de-gracas","status":"publish","type":"post","link":"https:\/\/franciscanos.org.br\/noticias\/frei-vanderlei-se-despede-da-paroquia-sao-luiz-gonzaga-em-missa-de-acao-de-gracas.html","title":{"rendered":"Frei Vanderlei se despede da Par\u00f3quia S\u00e3o Luiz Gonzaga em Missa de A\u00e7\u00e3o de Gra\u00e7as"},"content":{"rendered":"<p><img loading=\"lazy\" class=\"alignnone size-full wp-image-236343\" src=\"https:\/\/franciscanos.org.br\/noticias\/wp-content\/uploads\/2022\/01\/xaxim_3101.jpg\" alt=\"\" width=\"1280\" height=\"720\" srcset=\"https:\/\/franciscanos.org.br\/noticias\/wp-content\/uploads\/2022\/01\/xaxim_3101.jpg 1280w, https:\/\/franciscanos.org.br\/noticias\/wp-content\/uploads\/2022\/01\/xaxim_3101-450x253.jpg 450w, https:\/\/franciscanos.org.br\/noticias\/wp-content\/uploads\/2022\/01\/xaxim_3101-1024x576.jpg 1024w, https:\/\/franciscanos.org.br\/noticias\/wp-content\/uploads\/2022\/01\/xaxim_3101-768x432.jpg 768w, https:\/\/franciscanos.org.br\/noticias\/wp-content\/uploads\/2022\/01\/xaxim_3101-150x84.jpg 150w\" sizes=\"(max-width: 1280px) 100vw, 1280px\" \/><\/p>\n<p><strong>Xaxim (SC)<\/strong> &#8211; Na noite do domingo (30), a Par\u00f3quia S\u00e3o Luiz Gonzaga celebrou a missa de A\u00e7\u00e3o de Gra\u00e7as de Frei Vanderlei da Silva Neves. A celebra\u00e7\u00e3o teve in\u00edcio \u00e0s 19 h, e foi concelebrada por Frei Alan Maia, Frei Jacir Zolet, Frei Gilson Kammer e Frei Augusto Luiz Gabriel.<\/p>\n<p>Frei Vanderlei foi transferido para a Fraternidade Divino Esp\u00edrito Santo, em Vila Velha (ES), onde ir\u00e1 atuar como guardi\u00e3o e p\u00e1roco. Foram cinco anos de evangeliza\u00e7\u00e3o em Xaxim. Frei Vanderlei da Silva Neves \u00e9 natural de S\u00e3o Paulo (SP), iniciou o acompanhamento vocacional no Convento S\u00e3o Francisco, em S\u00e3o Paulo, quando foi orientado por Frei Nazareno L\u00fcdtke. Ingressou no Aspirantado de Ituporanga em 2007 e no Postulantado em 2008, vestindo o h\u00e1bito franciscano em 2009.<\/p>\n<p><img loading=\"lazy\" class=\"alignnone size-full wp-image-236344\" src=\"https:\/\/franciscanos.org.br\/noticias\/wp-content\/uploads\/2022\/01\/xaxim_3101_2.jpg\" alt=\"\" width=\"1280\" height=\"720\" srcset=\"https:\/\/franciscanos.org.br\/noticias\/wp-content\/uploads\/2022\/01\/xaxim_3101_2.jpg 1280w, https:\/\/franciscanos.org.br\/noticias\/wp-content\/uploads\/2022\/01\/xaxim_3101_2-450x253.jpg 450w, https:\/\/franciscanos.org.br\/noticias\/wp-content\/uploads\/2022\/01\/xaxim_3101_2-1024x576.jpg 1024w, https:\/\/franciscanos.org.br\/noticias\/wp-content\/uploads\/2022\/01\/xaxim_3101_2-768x432.jpg 768w, https:\/\/franciscanos.org.br\/noticias\/wp-content\/uploads\/2022\/01\/xaxim_3101_2-150x84.jpg 150w\" sizes=\"(max-width: 1280px) 100vw, 1280px\" \/><\/p>\n<p>Cursou Filosofia de 2010 a 2012 em Rondinha, em Campo Largo (PR), e Teologia no Instituto Teol\u00f3gico Franciscano (ITF), em Petr\u00f3polis (RJ), de 2013 a 2016. Residiu no Convento do Sagrado Cora\u00e7\u00e3o de Jesus de 2013 a 2015. Em 2016 foi transferido para Fraternidade S\u00e3o Francisco, em Campos El\u00edseos (RJ). Professou solenemente na Ordem dos Frades Menores em 6 de dezembro de 2014. Ap\u00f3s a conclus\u00e3o do curso de Teologia, foi transferido para Fraternidade S\u00e3o Luiz Gonzaga, em Xaxim (SC), onde foi ordenado di\u00e1cono no dia 23 de abril de 2017 pelo bispo diocesano de Chapec\u00f3, Dom Odelir Jos\u00e9 Magri.<\/p>\n<p>Frei Vanderlei foi ordenado presb\u00edtero no dia 16 de dezembro de 2017 pelo bispo diocesano de Osasco, Dom Jo\u00e3o Bosco Barbosa de Souza, no Santu\u00e1rio e Convento S\u00e3o Francisco de Assis, em S\u00e3o Paulo. Sua primeira missa foi celebrada no dia 17 de dezembro, \u00e0s 10h30, no 3\u00ba Domingo do Advento, chamado de Domingo da Alegria, no Santu\u00e1rio e Convento S\u00e3o Francisco, no centro de S\u00e3o Paulo.<\/p>\n<p><img loading=\"lazy\" class=\"alignnone size-full wp-image-236345\" src=\"https:\/\/franciscanos.org.br\/noticias\/wp-content\/uploads\/2022\/01\/xaxim_3103.jpg\" alt=\"\" width=\"1280\" height=\"774\" srcset=\"https:\/\/franciscanos.org.br\/noticias\/wp-content\/uploads\/2022\/01\/xaxim_3103.jpg 1280w, https:\/\/franciscanos.org.br\/noticias\/wp-content\/uploads\/2022\/01\/xaxim_3103-450x272.jpg 450w, https:\/\/franciscanos.org.br\/noticias\/wp-content\/uploads\/2022\/01\/xaxim_3103-1024x619.jpg 1024w, https:\/\/franciscanos.org.br\/noticias\/wp-content\/uploads\/2022\/01\/xaxim_3103-768x464.jpg 768w, https:\/\/franciscanos.org.br\/noticias\/wp-content\/uploads\/2022\/01\/xaxim_3103-150x91.jpg 150w\" sizes=\"(max-width: 1280px) 100vw, 1280px\" \/><\/p>\n<p>A Santa Missa do domingo contou com a presen\u00e7a de representantes das pastorais de toda a Par\u00f3quia e do povo de Deus que pode acompanhar a celebra\u00e7\u00e3o pelas redes sociais no YouTube e Facebook e tamb\u00e9m na igreja Matriz. Na prociss\u00e3o de entrada, os jovens trouxeram a Cruz e S\u00e3o Dami\u00e3o como forma de homenagem a Frei Vanderlei, que quando chegou na Par\u00f3quia teve a miss\u00e3o de ajudar a criar a Pastoral da Juventude.<\/p>\n<p>Na homilia, Frei Alan Maia destacou o tempo de trabalho de Frei Vanderlei na Par\u00f3quia S\u00e3o Luiz Gonzaga, e o caminho que trilhou por Xaxim, Marema, Lajeado Grande e Entre Rios: \u201cComprimento os confrades e Frei Vanderlei. Irm\u00e3os e irm\u00e3s que v\u00eam celebrar a sua f\u00e9 conosco. Hoje, celebramos a a\u00e7\u00e3o de gra\u00e7as. Agradecemos a Deus o dom da vida, da voca\u00e7\u00e3o e do minist\u00e9rio de Frei Vanderlei nos cinco anos que aqui esteve na Matriz, nas Comunidades, na Par\u00f3quia em que ele tamb\u00e9m viveu sua f\u00e9, a sua voca\u00e7\u00e3o franciscana partilhando com todos a sua vida e colocando nas m\u00e3os de Deus toda a sua hist\u00f3ria juntamente com o povo de Deus\u201d. Frei Alan seguiu dizendo: \u201cFrei Vanderlei, aqui na nossa Par\u00f3quia, evangelizou. Viveu a sua vida, o seu minist\u00e9rio, e a partir de ter\u00e7a-feira, como o governo provincial pediu a ele, vai para uma nova miss\u00e3o. L\u00e1 vai evangelizar, continuar sua caminhada franciscana vivendo seu minist\u00e9rio em uma nova fraternidade\u201d, completou Frei Alan.<\/p>\n\n\t\t<style type=\"text\/css\">\n\t\t\t#gallery-1 {\n\t\t\t\tmargin: auto;\n\t\t\t}\n\t\t\t#gallery-1 .gallery-item {\n\t\t\t\tfloat: left;\n\t\t\t\tmargin-top: 10px;\n\t\t\t\ttext-align: center;\n\t\t\t\twidth: 25%;\n\t\t\t}\n\t\t\t#gallery-1 img {\n\t\t\t\tborder: 2px solid #cfcfcf;\n\t\t\t}\n\t\t\t#gallery-1 .gallery-caption {\n\t\t\t\tmargin-left: 0;\n\t\t\t}\n\t\t\t\/* see gallery_shortcode() in wp-includes\/media.php *\/\n\t\t<\/style>\n\t\t<div id='gallery-1' class='gallery galleryid-236342 gallery-columns-4 gallery-size-thumbnail'><dl class='gallery-item'>\n\t\t\t<dt class='gallery-icon landscape'>\n\t\t\t\t<a href='https:\/\/franciscanos.org.br\/noticias\/wp-content\/uploads\/2022\/01\/XAXIM_3101_4.jpg'><img width=\"300\" height=\"300\" src=\"https:\/\/franciscanos.org.br\/noticias\/wp-content\/uploads\/2022\/01\/XAXIM_3101_4-300x300.jpg\" class=\"attachment-thumbnail size-thumbnail\" alt=\"\" loading=\"lazy\" srcset=\"https:\/\/franciscanos.org.br\/noticias\/wp-content\/uploads\/2022\/01\/XAXIM_3101_4-300x300.jpg 300w, https:\/\/franciscanos.org.br\/noticias\/wp-content\/uploads\/2022\/01\/XAXIM_3101_4-100x100.jpg 100w\" sizes=\"(max-width: 300px) 100vw, 300px\" \/><\/a>\n\t\t\t<\/dt><\/dl><dl class='gallery-item'>\n\t\t\t<dt class='gallery-icon landscape'>\n\t\t\t\t<a href='https:\/\/franciscanos.org.br\/noticias\/wp-content\/uploads\/2022\/01\/xaxim_3104.jpg'><img width=\"300\" height=\"300\" src=\"https:\/\/franciscanos.org.br\/noticias\/wp-content\/uploads\/2022\/01\/xaxim_3104-300x300.jpg\" class=\"attachment-thumbnail size-thumbnail\" alt=\"\" loading=\"lazy\" srcset=\"https:\/\/franciscanos.org.br\/noticias\/wp-content\/uploads\/2022\/01\/xaxim_3104-300x300.jpg 300w, https:\/\/franciscanos.org.br\/noticias\/wp-content\/uploads\/2022\/01\/xaxim_3104-100x100.jpg 100w\" sizes=\"(max-width: 300px) 100vw, 300px\" \/><\/a>\n\t\t\t<\/dt><\/dl><dl class='gallery-item'>\n\t\t\t<dt class='gallery-icon landscape'>\n\t\t\t\t<a href='https:\/\/franciscanos.org.br\/noticias\/wp-content\/uploads\/2022\/01\/xaxim_3105.jpg'><img width=\"300\" height=\"300\" src=\"https:\/\/franciscanos.org.br\/noticias\/wp-content\/uploads\/2022\/01\/xaxim_3105-300x300.jpg\" class=\"attachment-thumbnail size-thumbnail\" alt=\"\" loading=\"lazy\" srcset=\"https:\/\/franciscanos.org.br\/noticias\/wp-content\/uploads\/2022\/01\/xaxim_3105-300x300.jpg 300w, https:\/\/franciscanos.org.br\/noticias\/wp-content\/uploads\/2022\/01\/xaxim_3105-100x100.jpg 100w\" sizes=\"(max-width: 300px) 100vw, 300px\" \/><\/a>\n\t\t\t<\/dt><\/dl><dl class='gallery-item'>\n\t\t\t<dt class='gallery-icon landscape'>\n\t\t\t\t<a href='https:\/\/franciscanos.org.br\/noticias\/wp-content\/uploads\/2022\/01\/xaxim_3108.jpg'><img width=\"300\" height=\"300\" src=\"https:\/\/franciscanos.org.br\/noticias\/wp-content\/uploads\/2022\/01\/xaxim_3108-300x300.jpg\" class=\"attachment-thumbnail size-thumbnail\" alt=\"\" loading=\"lazy\" srcset=\"https:\/\/franciscanos.org.br\/noticias\/wp-content\/uploads\/2022\/01\/xaxim_3108-300x300.jpg 300w, https:\/\/franciscanos.org.br\/noticias\/wp-content\/uploads\/2022\/01\/xaxim_3108-100x100.jpg 100w\" sizes=\"(max-width: 300px) 100vw, 300px\" \/><\/a>\n\t\t\t<\/dt><\/dl><br style=\"clear: both\" \/>\n\t\t<\/div>\n\n<p><em>\u00a0 \u00a0 \u00a0 \u00a0 \u00a0 \u00a0 \u00a0 \u00a0 \u00a0 \u00a0 \u00a0 \u00a0 \u00a0 \u00a0 \u00a0 \u00a0 \u00a0 \u00a0 \u00a0 \u00a0 \u00a0 \u00a0 \u00a0 \u00a0 \u00a0 \u00a0 \u00a0 \u00a0 \u00a0 \u00a0 \u00a0 \u00a0(clique nas imagens para ampli\u00e1-las)<\/em><\/p>\n<p>No ofert\u00f3rio, integrantes das pastorais levaram \u00e0 frente do altar pequenas lembran\u00e7as para serem entregues no final da celebra\u00e7\u00e3o como s\u00edmbolo de homenagem para a despedida do sacerdote.<\/p>\n<p>\u201cCertamente trabalhar e exercer a miss\u00e3o de um frade franciscano aqui na Par\u00f3quia foi algo muito bom. Muito gratificante. Todos aqui, Par\u00f3quia de um modo geral, povo de Xaxim, Lajeado Grande, Marema e Entre Rios t\u00eam a capacidade muito grande de acolher bem as pessoas e, quando isso acontece, a gente se sente bem, se sente em casa e a gente tenta dar o m\u00e1ximo de n\u00f3s com certeza. Eu tentei dar o meu m\u00e1ximo. No sentido de cada vez mais atender e compreender as pessoas\u201d, disse Frei Vanderlei.<\/p>\n<p>Conforme o frade, Xaxim ficar\u00e1 marcado na sua vida pelo fato de ter sido sua primeira casa ap\u00f3s o t\u00e9rmino do curso de Teologia. \u201cAqui \u00e9 o lugar que vai marcar minha vida justamente pelo fato de ter sido a primeira casa que vim morar depois da Teologia. Aqui fui ordenado di\u00e1cono e depois fui ordenado presb\u00edtero em S\u00e3o Paulo, onde muitas pessoas daqui tamb\u00e9m foram acompanhar. Sempre vou lembrar muito bem daqui\u201d, afirmou Frei Vanderlei.<\/p>\n<p><img loading=\"lazy\" class=\"alignnone size-full wp-image-236350\" src=\"https:\/\/franciscanos.org.br\/noticias\/wp-content\/uploads\/2022\/01\/xaxim_3107.jpg\" alt=\"\" width=\"1280\" height=\"853\" srcset=\"https:\/\/franciscanos.org.br\/noticias\/wp-content\/uploads\/2022\/01\/xaxim_3107.jpg 1280w, https:\/\/franciscanos.org.br\/noticias\/wp-content\/uploads\/2022\/01\/xaxim_3107-450x300.jpg 450w, https:\/\/franciscanos.org.br\/noticias\/wp-content\/uploads\/2022\/01\/xaxim_3107-1024x682.jpg 1024w, https:\/\/franciscanos.org.br\/noticias\/wp-content\/uploads\/2022\/01\/xaxim_3107-768x512.jpg 768w, https:\/\/franciscanos.org.br\/noticias\/wp-content\/uploads\/2022\/01\/xaxim_3107-150x100.jpg 150w\" sizes=\"(max-width: 1280px) 100vw, 1280px\" \/><\/p>\n<p>Para encerrar, Frei Vanderlei lembrou de sua fraternidade. \u201cTamb\u00e9m quero agradecer a minha fraternidade, a que fiz parte, Frei Jacir, Frei Gilson, Frei Alan. Que Deus possa acumul\u00e1-los de muitas b\u00ean\u00e7\u00e3os, muita gra\u00e7a. Que cada vez mais consigam testemunhar o Cristo atrav\u00e9s desse jeito franciscano, sobretudo atrav\u00e9s do nosso conv\u00edvio fraterno, que \u00e9 uma das nossas marcas mais significativas. Com certeza, uma fraternidade que me senti bem e isso fez toda a diferen\u00e7a. Cada um com seu jeito acaba contribuindo para a felicidade um do outro\u201d. E finalizou fazendo um pedido: \u201cQuero agradecer a todas as comunidades e pastorais pela amizade, pelo carinho, pela acolhida e que voc\u00eas continuem sempre assim acolhendo bem os outros freis, como voc\u00eas fazem. Desta forma, o trabalho de evangeliza\u00e7\u00e3o acaba sendo mais frut\u00edfero para n\u00f3s\u201d.<\/p>\n<p>Antes do envio, o p\u00e1roco Frei Gilson Kammer relembrou a liturgia do dia. \u201cA liturgia da palavra de hoje destacava o caminho, e quando a gente fala de caminho, esse itiner\u00e1rio dentro da nossa vida religiosa, na nossa vida consagrada e na nossa vida crist\u00e3, d\u00e1 a impress\u00e3o de continuidade. O caminho, a estrada, sempre vai nos dar essa possibilidade de estar em pleno movimento e hoje a gente deu uma parada para poder agradecer e louvar a Deus por tudo aquilo que Frei Vanderlei pode viver, conviver e partilhar com toda a nossa Par\u00f3quia. Mas essa parada, ela n\u00e3o nos enfraquece, mas sim nos fortalece para nossa miss\u00e3o aqui em Xaxim, sobretudo para a miss\u00e3o dele l\u00e1 em Vila Velha com o povo capixaba\u201d, disse o p\u00e1roco.<\/p>\n<p><img loading=\"lazy\" class=\"alignnone size-full wp-image-236351\" src=\"https:\/\/franciscanos.org.br\/noticias\/wp-content\/uploads\/2022\/01\/xaxim_3106.jpg\" alt=\"\" width=\"1280\" height=\"853\" srcset=\"https:\/\/franciscanos.org.br\/noticias\/wp-content\/uploads\/2022\/01\/xaxim_3106.jpg 1280w, https:\/\/franciscanos.org.br\/noticias\/wp-content\/uploads\/2022\/01\/xaxim_3106-450x300.jpg 450w, https:\/\/franciscanos.org.br\/noticias\/wp-content\/uploads\/2022\/01\/xaxim_3106-1024x682.jpg 1024w, https:\/\/franciscanos.org.br\/noticias\/wp-content\/uploads\/2022\/01\/xaxim_3106-768x512.jpg 768w, https:\/\/franciscanos.org.br\/noticias\/wp-content\/uploads\/2022\/01\/xaxim_3106-150x100.jpg 150w\" sizes=\"(max-width: 1280px) 100vw, 1280px\" \/><\/p>\n<p>Em frente ao altar, Frei Vanderlei foi convidado a ficar de joelhos para receber o envio. Os freis com as m\u00e3os estendidas junto com a comunidade presente aben\u00e7oaram a nova miss\u00e3o do sacerdote.<\/p>\n<hr \/>\n<p><em>Pascom da Par\u00f3quia S\u00e3o Luiz Gonzaga (texto de Camila Mendo)<\/em><\/p>\n","protected":false},"excerpt":{"rendered":"<p>Missa de Envio<\/p>\n","protected":false},"author":3,"featured_media":236343,"comment_status":"open","ping_status":"open","sticky":false,"template":"","format":"standard","meta":[],"categories":[1],"tags":[1591],"acf":[],"yoast_head":"<!-- This site is optimized with the Yoast SEO plugin v19.2 - https:\/\/yoast.com\/wordpress\/plugins\/seo\/ -->\n<title>Frei Vanderlei se despede da Par\u00f3quia S\u00e3o Luiz Gonzaga em Missa de A\u00e7\u00e3o de Gra\u00e7as - Not\u00edcias - Franciscanos<\/title>\n<meta name=\"robots\" content=\"index, follow, max-snippet:-1, max-image-preview:large, max-video-preview:-1\" \/>\n<link rel=\"canonical\" href=\"https:\/\/franciscanos.org.br\/noticias\/frei-vanderlei-se-despede-da-paroquia-sao-luiz-gonzaga-em-missa-de-acao-de-gracas.html\" \/>\n<meta property=\"og:locale\" content=\"pt_BR\" \/>\n<meta property=\"og:type\" content=\"article\" \/>\n<meta property=\"og:title\" content=\"Frei Vanderlei se despede da Par\u00f3quia S\u00e3o Luiz Gonzaga em Missa de A\u00e7\u00e3o de Gra\u00e7as - Not\u00edcias - Franciscanos\" \/>\n<meta property=\"og:description\" content=\"Missa de Envio\" \/>\n<meta property=\"og:url\" content=\"https:\/\/franciscanos.org.br\/noticias\/frei-vanderlei-se-despede-da-paroquia-sao-luiz-gonzaga-em-missa-de-acao-de-gracas.html\" \/>\n<meta property=\"og:site_name\" content=\"Not\u00edcias - Franciscanos\" \/>\n<meta property=\"article:published_time\" content=\"2022-01-31T22:38:11+00:00\" \/>\n<meta property=\"article:modified_time\" content=\"2022-02-01T15:44:07+00:00\" \/>\n<meta property=\"og:image\" content=\"https:\/\/franciscanos.org.br\/noticias\/wp-content\/uploads\/2022\/01\/xaxim_3101.jpg\" \/>\n\t<meta property=\"og:image:width\" content=\"1280\" \/>\n\t<meta property=\"og:image:height\" content=\"720\" \/>\n\t<meta property=\"og:image:type\" content=\"image\/jpeg\" \/>\n<meta name=\"author\" content=\"moacir\" \/>\n<meta name=\"twitter:card\" content=\"summary_large_image\" \/>\n<meta name=\"twitter:label1\" content=\"Escrito por\" \/>\n\t<meta name=\"twitter:data1\" content=\"moacir\" \/>\n\t<meta name=\"twitter:label2\" content=\"Est. tempo de leitura\" \/>\n\t<meta name=\"twitter:data2\" content=\"6 minutos\" \/>\n<script type=\"application\/ld+json\" class=\"yoast-schema-graph\">{\"@context\":\"https:\/\/schema.org\",\"@graph\":[{\"@type\":\"WebSite\",\"@id\":\"https:\/\/franciscanos.org.br\/noticias\/#website\",\"url\":\"https:\/\/franciscanos.org.br\/noticias\/\",\"name\":\"Not\u00edcias - Franciscanos\",\"description\":\"Prov\u00edncia Franciscana da Imaculada Concei\u00e7\u00e3o do Brasil - Ordem dos Frades Menores - OFM\",\"potentialAction\":[{\"@type\":\"SearchAction\",\"target\":{\"@type\":\"EntryPoint\",\"urlTemplate\":\"https:\/\/franciscanos.org.br\/noticias\/?s={search_term_string}\"},\"query-input\":\"required name=search_term_string\"}],\"inLanguage\":\"pt-BR\"},{\"@type\":\"ImageObject\",\"inLanguage\":\"pt-BR\",\"@id\":\"https:\/\/franciscanos.org.br\/noticias\/frei-vanderlei-se-despede-da-paroquia-sao-luiz-gonzaga-em-missa-de-acao-de-gracas.html#primaryimage\",\"url\":\"https:\/\/franciscanos.org.br\/noticias\/wp-content\/uploads\/2022\/01\/xaxim_3101.jpg\",\"contentUrl\":\"https:\/\/franciscanos.org.br\/noticias\/wp-content\/uploads\/2022\/01\/xaxim_3101.jpg\",\"width\":1280,\"height\":720},{\"@type\":\"WebPage\",\"@id\":\"https:\/\/franciscanos.org.br\/noticias\/frei-vanderlei-se-despede-da-paroquia-sao-luiz-gonzaga-em-missa-de-acao-de-gracas.html#webpage\",\"url\":\"https:\/\/franciscanos.org.br\/noticias\/frei-vanderlei-se-despede-da-paroquia-sao-luiz-gonzaga-em-missa-de-acao-de-gracas.html\",\"name\":\"Frei Vanderlei se despede da Par\u00f3quia S\u00e3o Luiz Gonzaga em Missa de A\u00e7\u00e3o de Gra\u00e7as - Not\u00edcias - Franciscanos\",\"isPartOf\":{\"@id\":\"https:\/\/franciscanos.org.br\/noticias\/#website\"},\"primaryImageOfPage\":{\"@id\":\"https:\/\/franciscanos.org.br\/noticias\/frei-vanderlei-se-despede-da-paroquia-sao-luiz-gonzaga-em-missa-de-acao-de-gracas.html#primaryimage\"},\"datePublished\":\"2022-01-31T22:38:11+00:00\",\"dateModified\":\"2022-02-01T15:44:07+00:00\",\"author\":{\"@id\":\"https:\/\/franciscanos.org.br\/noticias\/#\/schema\/person\/b5c8cba458c330ccff548b056e95a5d4\"},\"breadcrumb\":{\"@id\":\"https:\/\/franciscanos.org.br\/noticias\/frei-vanderlei-se-despede-da-paroquia-sao-luiz-gonzaga-em-missa-de-acao-de-gracas.html#breadcrumb\"},\"inLanguage\":\"pt-BR\",\"potentialAction\":[{\"@type\":\"ReadAction\",\"target\":[\"https:\/\/franciscanos.org.br\/noticias\/frei-vanderlei-se-despede-da-paroquia-sao-luiz-gonzaga-em-missa-de-acao-de-gracas.html\"]}]},{\"@type\":\"BreadcrumbList\",\"@id\":\"https:\/\/franciscanos.org.br\/noticias\/frei-vanderlei-se-despede-da-paroquia-sao-luiz-gonzaga-em-missa-de-acao-de-gracas.html#breadcrumb\",\"itemListElement\":[{\"@type\":\"ListItem\",\"position\":1,\"name\":\"Home\",\"item\":\"https:\/\/franciscanos.org.br\/noticias\"},{\"@type\":\"ListItem\",\"position\":2,\"name\":\"Frei Vanderlei se despede da Par\u00f3quia S\u00e3o Luiz Gonzaga em Missa de A\u00e7\u00e3o de Gra\u00e7as\"}]},{\"@type\":\"Person\",\"@id\":\"https:\/\/franciscanos.org.br\/noticias\/#\/schema\/person\/b5c8cba458c330ccff548b056e95a5d4\",\"name\":\"moacir\",\"image\":{\"@type\":\"ImageObject\",\"inLanguage\":\"pt-BR\",\"@id\":\"https:\/\/franciscanos.org.br\/noticias\/#\/schema\/person\/image\/\",\"url\":\"https:\/\/secure.gravatar.com\/avatar\/d08aa2ce4c8dd416d4479aa8536fcf64?s=96&d=mm&r=g\",\"contentUrl\":\"https:\/\/secure.gravatar.com\/avatar\/d08aa2ce4c8dd416d4479aa8536fcf64?s=96&d=mm&r=g\",\"caption\":\"moacir\"},\"url\":\"https:\/\/franciscanos.org.br\/noticias\/author\/moacir\"}]}<\/script>\n<!-- \/ Yoast SEO plugin. -->","yoast_head_json":{"title":"Frei Vanderlei se despede da Par\u00f3quia S\u00e3o Luiz Gonzaga em Missa de A\u00e7\u00e3o de Gra\u00e7as - Not\u00edcias - Franciscanos","robots":{"index":"index","follow":"follow","max-snippet":"max-snippet:-1","max-image-preview":"max-image-preview:large","max-video-preview":"max-video-preview:-1"},"canonical":"https:\/\/franciscanos.org.br\/noticias\/frei-vanderlei-se-despede-da-paroquia-sao-luiz-gonzaga-em-missa-de-acao-de-gracas.html","og_locale":"pt_BR","og_type":"article","og_title":"Frei Vanderlei se despede da Par\u00f3quia S\u00e3o Luiz Gonzaga em Missa de A\u00e7\u00e3o de Gra\u00e7as - Not\u00edcias - Franciscanos","og_description":"Missa de Envio","og_url":"https:\/\/franciscanos.org.br\/noticias\/frei-vanderlei-se-despede-da-paroquia-sao-luiz-gonzaga-em-missa-de-acao-de-gracas.html","og_site_name":"Not\u00edcias - Franciscanos","article_published_time":"2022-01-31T22:38:11+00:00","article_modified_time":"2022-02-01T15:44:07+00:00","og_image":[{"width":1280,"height":720,"url":"https:\/\/franciscanos.org.br\/noticias\/wp-content\/uploads\/2022\/01\/xaxim_3101.jpg","type":"image\/jpeg"}],"author":"moacir","twitter_card":"summary_large_image","twitter_misc":{"Escrito por":"moacir","Est. tempo de leitura":"6 minutos"},"schema":{"@context":"https:\/\/schema.org","@graph":[{"@type":"WebSite","@id":"https:\/\/franciscanos.org.br\/noticias\/#website","url":"https:\/\/franciscanos.org.br\/noticias\/","name":"Not\u00edcias - Franciscanos","description":"Prov\u00edncia Franciscana da Imaculada Concei\u00e7\u00e3o do Brasil - Ordem dos Frades Menores - OFM","potentialAction":[{"@type":"SearchAction","target":{"@type":"EntryPoint","urlTemplate":"https:\/\/franciscanos.org.br\/noticias\/?s={search_term_string}"},"query-input":"required name=search_term_string"}],"inLanguage":"pt-BR"},{"@type":"ImageObject","inLanguage":"pt-BR","@id":"https:\/\/franciscanos.org.br\/noticias\/frei-vanderlei-se-despede-da-paroquia-sao-luiz-gonzaga-em-missa-de-acao-de-gracas.html#primaryimage","url":"https:\/\/franciscanos.org.br\/noticias\/wp-content\/uploads\/2022\/01\/xaxim_3101.jpg","contentUrl":"https:\/\/franciscanos.org.br\/noticias\/wp-content\/uploads\/2022\/01\/xaxim_3101.jpg","width":1280,"height":720},{"@type":"WebPage","@id":"https:\/\/franciscanos.org.br\/noticias\/frei-vanderlei-se-despede-da-paroquia-sao-luiz-gonzaga-em-missa-de-acao-de-gracas.html#webpage","url":"https:\/\/franciscanos.org.br\/noticias\/frei-vanderlei-se-despede-da-paroquia-sao-luiz-gonzaga-em-missa-de-acao-de-gracas.html","name":"Frei Vanderlei se despede da Par\u00f3quia S\u00e3o Luiz Gonzaga em Missa de A\u00e7\u00e3o de Gra\u00e7as - Not\u00edcias - Franciscanos","isPartOf":{"@id":"https:\/\/franciscanos.org.br\/noticias\/#website"},"primaryImageOfPage":{"@id":"https:\/\/franciscanos.org.br\/noticias\/frei-vanderlei-se-despede-da-paroquia-sao-luiz-gonzaga-em-missa-de-acao-de-gracas.html#primaryimage"},"datePublished":"2022-01-31T22:38:11+00:00","dateModified":"2022-02-01T15:44:07+00:00","author":{"@id":"https:\/\/franciscanos.org.br\/noticias\/#\/schema\/person\/b5c8cba458c330ccff548b056e95a5d4"},"breadcrumb":{"@id":"https:\/\/franciscanos.org.br\/noticias\/frei-vanderlei-se-despede-da-paroquia-sao-luiz-gonzaga-em-missa-de-acao-de-gracas.html#breadcrumb"},"inLanguage":"pt-BR","potentialAction":[{"@type":"ReadAction","target":["https:\/\/franciscanos.org.br\/noticias\/frei-vanderlei-se-despede-da-paroquia-sao-luiz-gonzaga-em-missa-de-acao-de-gracas.html"]}]},{"@type":"BreadcrumbList","@id":"https:\/\/franciscanos.org.br\/noticias\/frei-vanderlei-se-despede-da-paroquia-sao-luiz-gonzaga-em-missa-de-acao-de-gracas.html#breadcrumb","itemListElement":[{"@type":"ListItem","position":1,"name":"Home","item":"https:\/\/franciscanos.org.br\/noticias"},{"@type":"ListItem","position":2,"name":"Frei Vanderlei se despede da Par\u00f3quia S\u00e3o Luiz Gonzaga em Missa de A\u00e7\u00e3o de Gra\u00e7as"}]},{"@type":"Person","@id":"https:\/\/franciscanos.org.br\/noticias\/#\/schema\/person\/b5c8cba458c330ccff548b056e95a5d4","name":"moacir","image":{"@type":"ImageObject","inLanguage":"pt-BR","@id":"https:\/\/franciscanos.org.br\/noticias\/#\/schema\/person\/image\/","url":"https:\/\/secure.gravatar.com\/avatar\/d08aa2ce4c8dd416d4479aa8536fcf64?s=96&d=mm&r=g","contentUrl":"https:\/\/secure.gravatar.com\/avatar\/d08aa2ce4c8dd416d4479aa8536fcf64?s=96&d=mm&r=g","caption":"moacir"},"url":"https:\/\/franciscanos.org.br\/noticias\/author\/moacir"}]}},"_links":{"self":[{"href":"https:\/\/franciscanos.org.br\/noticias\/wp-json\/wp\/v2\/posts\/236342"}],"collection":[{"href":"https:\/\/franciscanos.org.br\/noticias\/wp-json\/wp\/v2\/posts"}],"about":[{"href":"https:\/\/franciscanos.org.br\/noticias\/wp-json\/wp\/v2\/types\/post"}],"author":[{"embeddable":true,"href":"https:\/\/franciscanos.org.br\/noticias\/wp-json\/wp\/v2\/users\/3"}],"replies":[{"embeddable":true,"href":"https:\/\/franciscanos.org.br\/noticias\/wp-json\/wp\/v2\/comments?post=236342"}],"version-history":[{"count":3,"href":"https:\/\/franciscanos.org.br\/noticias\/wp-json\/wp\/v2\/posts\/236342\/revisions"}],"predecessor-version":[{"id":236354,"href":"https:\/\/franciscanos.org.br\/noticias\/wp-json\/wp\/v2\/posts\/236342\/revisions\/236354"}],"wp:featuredmedia":[{"embeddable":true,"href":"https:\/\/franciscanos.org.br\/noticias\/wp-json\/wp\/v2\/media\/236343"}],"wp:attachment":[{"href":"https:\/\/franciscanos.org.br\/noticias\/wp-json\/wp\/v2\/media?parent=236342"}],"wp:term":[{"taxonomy":"category","embeddable":true,"href":"https:\/\/franciscanos.org.br\/noticias\/wp-json\/wp\/v2\/categories?post=236342"},{"taxonomy":"post_tag","embeddable":true,"href":"https:\/\/franciscanos.org.br\/noticias\/wp-json\/wp\/v2\/tags?post=236342"}],"curies":[{"name":"wp","href":"https:\/\/api.w.org\/{rel}","templated":true}]}}