{"id":236337,"date":"2022-01-31T13:24:56","date_gmt":"2022-01-31T16:24:56","guid":{"rendered":"https:\/\/franciscanos.org.br\/noticias\/?p=236337"},"modified":"2022-01-31T13:43:31","modified_gmt":"2022-01-31T16:43:31","slug":"conjunto-arquitetonico-e-paisagistico-do-convento-da-penhavai-receber-obras-de-manutencao","status":"publish","type":"post","link":"https:\/\/franciscanos.org.br\/noticias\/conjunto-arquitetonico-e-paisagistico-do-convento-da-penhavai-receber-obras-de-manutencao.html","title":{"rendered":"Conjunto arquitet\u00f4nico e paisag\u00edstico do Convento da Penha vai receber obras de manuten\u00e7\u00e3o"},"content":{"rendered":"<div class=\"elementor-element elementor-element-c58523a elementor-widget elementor-widget-heading\" data-id=\"c58523a\" data-element_type=\"widget\" data-widget_type=\"heading.default\"><img loading=\"lazy\" class=\"attachment-large size-large\" src=\"https:\/\/cdn.conventodapenha.org.br\/wp-content\/uploads\/2022\/01\/28172747\/IMG_9931-1024x683.jpg\" sizes=\"(max-width: 800px) 100vw, 800px\" srcset=\"https:\/\/cdn.conventodapenha.org.br\/wp-content\/uploads\/2022\/01\/28172747\/IMG_9931-1024x683.jpg 1024w, https:\/\/cdn.conventodapenha.org.br\/wp-content\/uploads\/2022\/01\/28172747\/IMG_9931-300x200.jpg 300w, https:\/\/cdn.conventodapenha.org.br\/wp-content\/uploads\/2022\/01\/28172747\/IMG_9931-768x512.jpg 768w, https:\/\/cdn.conventodapenha.org.br\/wp-content\/uploads\/2022\/01\/28172747\/IMG_9931-391x260.jpg 391w, https:\/\/cdn.conventodapenha.org.br\/wp-content\/uploads\/2022\/01\/28172747\/IMG_9931-1536x1024.jpg 1536w, https:\/\/cdn.conventodapenha.org.br\/wp-content\/uploads\/2022\/01\/28172747\/IMG_9931-2048x1365.jpg 2048w\" alt=\"\" width=\"800\" height=\"534\" \/><\/div>\n<section class=\"elementor-section elementor-inner-section elementor-element elementor-element-f8deb7c elementor-section-boxed elementor-section-height-default elementor-section-height-default\" data-id=\"f8deb7c\" data-element_type=\"section\">\n<div class=\"elementor-container elementor-column-gap-no\">\n<div class=\"elementor-row\">\n<div class=\"elementor-column elementor-col-100 elementor-inner-column elementor-element elementor-element-2f712a1\" data-id=\"2f712a1\" data-element_type=\"column\">\n<div class=\"elementor-column-wrap elementor-element-populated\">\n<div class=\"elementor-widget-wrap\">\n<div class=\"elementor-element elementor-element-2ad489a elementor-widget elementor-widget-theme-post-featured-image elementor-widget-image\" data-id=\"2ad489a\" data-element_type=\"widget\" data-widget_type=\"theme-post-featured-image.default\">\n<div class=\"elementor-widget-container\">\n<div class=\"elementor-image\"><\/div>\n<\/div>\n<\/div>\n<div class=\"elementor-element elementor-element-16e558a elementor-widget elementor-widget-theme-post-content\" data-id=\"16e558a\" data-element_type=\"widget\" data-widget_type=\"theme-post-content.default\">\n<div class=\"elementor-widget-container\">\n<blockquote>\n<div class=\"documentDescription\"><em>Durante interven\u00e7\u00e3o, visitas \u00e0 Capela do Convento ser\u00e3o suspensas. Outros espa\u00e7os do conjunto mant\u00eam visita\u00e7\u00e3o<\/em><\/div>\n<\/blockquote>\n<p>Um dos mais simb\u00f3licos monumentos capixabas, o conjunto arquitet\u00f4nico e paisag\u00edstico formado pelo Outeiro, Convento e Igreja de Nossa Senhora da Penha, vai passar por uma s\u00e9rie de obras de manuten\u00e7\u00e3o. Situado em Vila Velha, Esp\u00edrito Santo, o complexo consiste em um dos mais reconhecidos pontos tur\u00edsticos do estado, al\u00e9m de ser um dos primeiros santu\u00e1rios do Brasil. O Instituto do Patrim\u00f4nio Hist\u00f3rico e Art\u00edstico Nacional (IPHAN) investe R$ 400 mil nas obras, recurso proveniente de emenda parlamentar.<\/p>\n<p>Ponto de interesse hist\u00f3rico e devo\u00e7\u00e3o religiosa, o monumento atrai mais de tr\u00eas milh\u00f5es de visitantes por ano. Para garantir a integridade f\u00edsica desse bem cultural, assim como a preserva\u00e7\u00e3o de seus elementos arquitet\u00f4nicos, os servi\u00e7os de manuten\u00e7\u00e3o se desdobram em distintas frentes. Uma delas contempla as recupera\u00e7\u00f5es do forro, do piso e dos sinos da capela, al\u00e9m de pintura interna.<\/p>\n<p><img loading=\"lazy\" class=\"aligncenter size-full wp-image-110812\" src=\"https:\/\/cdn.conventodapenha.org.br\/wp-content\/uploads\/2021\/09\/01164127\/IMG_7915-scaled.jpg\" sizes=\"(max-width: 2560px) 100vw, 2560px\" srcset=\"https:\/\/cdn.conventodapenha.org.br\/wp-content\/uploads\/2021\/09\/01164127\/IMG_7915-scaled.jpg 2560w, https:\/\/cdn.conventodapenha.org.br\/wp-content\/uploads\/2021\/09\/01164127\/IMG_7915-300x200.jpg 300w, https:\/\/cdn.conventodapenha.org.br\/wp-content\/uploads\/2021\/09\/01164127\/IMG_7915-1024x683.jpg 1024w, https:\/\/cdn.conventodapenha.org.br\/wp-content\/uploads\/2021\/09\/01164127\/IMG_7915-768x512.jpg 768w, https:\/\/cdn.conventodapenha.org.br\/wp-content\/uploads\/2021\/09\/01164127\/IMG_7915-391x260.jpg 391w, https:\/\/cdn.conventodapenha.org.br\/wp-content\/uploads\/2021\/09\/01164127\/IMG_7915-1536x1024.jpg 1536w, https:\/\/cdn.conventodapenha.org.br\/wp-content\/uploads\/2021\/09\/01164127\/IMG_7915-2048x1365.jpg 2048w\" alt=\"\" width=\"2560\" height=\"1707\" \/><\/p>\n<p>Devido \u00e0s obras, ser\u00e1 necess\u00e1rio suspender a visita\u00e7\u00e3o \u00e0 Capela nos meses de fevereiro e mar\u00e7o. A suspens\u00e3o passa a valer a partir da pr\u00f3xima ter\u00e7a, dia 1\u00ba de fevereiro. Com seu esplendor recomposto, a Capela reabrir\u00e1 em abril, quando vai integrar as celebra\u00e7\u00f5es da Festa da Penha 2022, a terceira maior festa mariana do Brasil, de grande import\u00e2ncia para visitantes e moradores que frequentam o monumento.<\/p>\n<p>Outras melhorias s\u00e3o o projeto de instala\u00e7\u00f5es el\u00e9tricas e o projeto de Sistema de Prote\u00e7\u00e3o Contra Descargas Atmosf\u00e9ricas (SPDA), bem como a atualiza\u00e7\u00e3o do levantamento arquitet\u00f4nico. Al\u00e9m disso, tamb\u00e9m ser\u00e3o realizados trabalhos de manuten\u00e7\u00e3o corretiva e preventiva do sistema el\u00e9trico e automa\u00e7\u00e3o da ilumina\u00e7\u00e3o c\u00eanica.<\/p>\n<p>Como parte do projeto, est\u00e1 em curso pesquisa arqueol\u00f3gica, iniciada neste m\u00eas de janeiro. A pesquisa busca proporcionar informa\u00e7\u00f5es arqueol\u00f3gicas e hist\u00f3ricas ainda n\u00e3o coletadas acerca do bem tombado e de sua contextualiza\u00e7\u00e3o local. O conhecimento gerado n\u00e3o ficar\u00e1 restrito aos pesquisadores, pois ser\u00e1 compartilhado com os cidad\u00e3os e a sociedade de modo geral.<\/p>\n<p>Duas \u00e1reas espec\u00edficas foram selecionadas para a prospec\u00e7\u00e3o arqueol\u00f3gica: a Ladeira da Penit\u00eancia (tamb\u00e9m chamada de Ladeira das Sete Voltas) e gruta do Frei Pedro Pal\u00e1cios; e o dormit\u00f3rio dos visitantes, popularmente conhecido como senzala. Conduzida por equipe multidisciplinar, a pesquisa envolve levantamento dos dados documentais, produ\u00e7\u00e3o de cartilha educacional, levantamento prospectivo e atividade de socializa\u00e7\u00e3o do conhecimento.<\/p>\n<p><img loading=\"lazy\" class=\"aligncenter size-full wp-image-116766\" src=\"https:\/\/cdn.conventodapenha.org.br\/wp-content\/uploads\/2022\/01\/28185040\/IMG_9919-scaled.jpg\" sizes=\"(max-width: 2560px) 100vw, 2560px\" srcset=\"https:\/\/cdn.conventodapenha.org.br\/wp-content\/uploads\/2022\/01\/28185040\/IMG_9919-scaled.jpg 2560w, https:\/\/cdn.conventodapenha.org.br\/wp-content\/uploads\/2022\/01\/28185040\/IMG_9919-300x200.jpg 300w, https:\/\/cdn.conventodapenha.org.br\/wp-content\/uploads\/2022\/01\/28185040\/IMG_9919-1024x683.jpg 1024w, https:\/\/cdn.conventodapenha.org.br\/wp-content\/uploads\/2022\/01\/28185040\/IMG_9919-768x512.jpg 768w, https:\/\/cdn.conventodapenha.org.br\/wp-content\/uploads\/2022\/01\/28185040\/IMG_9919-391x260.jpg 391w, https:\/\/cdn.conventodapenha.org.br\/wp-content\/uploads\/2022\/01\/28185040\/IMG_9919-1536x1024.jpg 1536w, https:\/\/cdn.conventodapenha.org.br\/wp-content\/uploads\/2022\/01\/28185040\/IMG_9919-2048x1365.jpg 2048w\" alt=\"\" width=\"2560\" height=\"1707\" \/><\/p>\n<p>A previs\u00e3o \u00e9 que o bem cultural seja entregue em abril \u00e0 popula\u00e7\u00e3o local e turistas, com servi\u00e7os de manuten\u00e7\u00e3o totalmente conclu\u00eddos.<\/p>\n<p>Frei Djalmo Fuck, Guardi\u00e3o e Reitor do Convento, explica que com o tempo as madeiras e pinturas das estruturas do Santu\u00e1rio foram comprometidas por pragas, como os cupins, por isso, as obras de recupera\u00e7\u00e3o do piso e do forro da Capela s\u00e3o muito necess\u00e1rias e t\u00eam o objetivo de preservar e conservar o local para as gera\u00e7\u00f5es futuras. Al\u00e9m da a\u00e7\u00e3o do tempo e de pragas, o fluxo de pessoas tamb\u00e9m causa o desgaste dos pe\u00e7as.<\/p>\n<p>\u201cA ideia \u00e9 que em exatos dois meses (fevereiro e mar\u00e7o), as obras sejam completamente conclu\u00eddas, para que na Festa da Penha em abril, todos possam contemplar as maravilhas de nosso Convento. No entanto, ser\u00e1 preciso cultivar um pouco de paci\u00eancia e calma, com os transtornos normais de uma obra, porque sabemos que \u00e9 para uma boa causa\u201d, comentou Frei Djalmo.<\/p>\n<p>O Guardi\u00e3o do Convento n\u00e3o descarta a possibilidade de que algumas celebra\u00e7\u00f5es possam ser celebradas novamente no interior da Capela, ap\u00f3s a conclus\u00e3o das obras. \u201cA gente espera que em abril, inclusive na Festa da Penha, passemos a celebrar as Missas dentro da Capela, especialmente as celebra\u00e7\u00f5es com menor n\u00famero de fi\u00e9is. Quanto \u00e0 Festa propriamente dita, a comiss\u00e3o organizadora se reunir\u00e1 nos pr\u00f3ximos dias e dar\u00e1 mais detalhes sobre as festividades, observando tamb\u00e9m os protocolos sanit\u00e1rios e a evolu\u00e7\u00e3o da pandemia no Estado\u201d.<\/p>\n<p>Durante a semana a capela estar\u00e1 fechada para visita\u00e7\u00e3o, por quest\u00e3o de seguran\u00e7a, no entanto, ser\u00e1 instalada uma TV na \u201cVaranda da Piet\u00e1\u201d e as pessoas poder\u00e3o ver a Imagem de Nossa Senhora da Penha em tempo real, fazer suas ora\u00e7\u00f5es e contemplar o nicho central do Altar-Mor. J\u00e1 aos finais de semana, as portas da Capela estar\u00e3o abertas e com um cord\u00e3o de isolamento. Com isso, voltar\u00e1 a ficar como antes, logo no in\u00edcio da pandemia, quando a Capela permaneceu fechada e de longe os devotos podiam fazer suas ora\u00e7\u00f5es e preces. Vale ressaltar que o corredor lateral, junto \u00e0 Capela, tamb\u00e9m estar\u00e1 em obras.<\/p>\n<p>Por fim, o Guardi\u00e3o da Penha j\u00e1 adianta o desejo de outras interven\u00e7\u00f5es para melhoria no Convento. \u201cSonho ainda com a restaura\u00e7\u00e3o da sacristia do Convento e dos quartos onde os freis moram. Sonho que se tornar\u00e1 realidade em breve, Deus queira. Al\u00e9m do mais, o Convento ser\u00e1 pintado por inteiro para a Festa da Penha, com ajuda de nossos benfeitores. Estamos fazendo ainda nosso novo sistema de para-raios, que j\u00e1 \u00e9 ultrapassado e que tem causado preju\u00edzo nas tempestades, e tamb\u00e9m queremos fazer a manuten\u00e7\u00e3o de toda a ilumina\u00e7\u00e3o c\u00eanica do Convento\u201d, finaliza.<\/p>\n<p>Frei Djalmo ainda garante: \u201cPe\u00e7o calma a todos, especialmente os turistas e romeiros, mas podem ter certeza que o Convento estar\u00e1 ainda mais lindo depois da obra!\u201d.<\/p>\n<p><iframe loading=\"lazy\" title=\"Capela do Convento ficar\u00e1 fechada para obras de manuten\u00e7\u00e3o e restauro\" src=\"https:\/\/www.youtube.com\/embed\/zAOxGTm04Os?feature=oembed\" width=\"800\" height=\"450\" frameborder=\"0\" allowfullscreen=\"allowfullscreen\" data-mce-fragment=\"1\"><\/iframe><\/p>\n<hr \/>\n<p><b>O complexo arquitet\u00f4nico e paisag\u00edstico da Penha<\/b><\/p>\n<p><img loading=\"lazy\" class=\"aligncenter size-full wp-image-116767\" src=\"https:\/\/cdn.conventodapenha.org.br\/wp-content\/uploads\/2022\/01\/28185138\/IMG_9960-scaled.jpg\" sizes=\"(max-width: 2560px) 100vw, 2560px\" srcset=\"https:\/\/cdn.conventodapenha.org.br\/wp-content\/uploads\/2022\/01\/28185138\/IMG_9960-scaled.jpg 2560w, https:\/\/cdn.conventodapenha.org.br\/wp-content\/uploads\/2022\/01\/28185138\/IMG_9960-300x200.jpg 300w, https:\/\/cdn.conventodapenha.org.br\/wp-content\/uploads\/2022\/01\/28185138\/IMG_9960-1024x683.jpg 1024w, https:\/\/cdn.conventodapenha.org.br\/wp-content\/uploads\/2022\/01\/28185138\/IMG_9960-768x512.jpg 768w, https:\/\/cdn.conventodapenha.org.br\/wp-content\/uploads\/2022\/01\/28185138\/IMG_9960-391x260.jpg 391w, https:\/\/cdn.conventodapenha.org.br\/wp-content\/uploads\/2022\/01\/28185138\/IMG_9960-1536x1024.jpg 1536w, https:\/\/cdn.conventodapenha.org.br\/wp-content\/uploads\/2022\/01\/28185138\/IMG_9960-2048x1365.jpg 2048w\" alt=\"\" width=\"2560\" height=\"1707\" \/><\/p>\n<p>O IPHAN, autarquia federal vinculada \u00e0 Secretaria Especial da Cultura e ao Minist\u00e9rio do Turismo, tombou o conjunto em 1943, com a inscri\u00e7\u00e3o em dois Livros do Tombo do Instituto: o das Belas Artes e o Hist\u00f3rico.<\/p>\n<p>Trata-se de um conjunto arquitet\u00f4nico e paisag\u00edstico formado por igreja, Convento e penhasco em cima do outeiro, junto \u00e0 Ba\u00eda de Vit\u00f3ria. Constitui uma das principais \u00a0refer\u00eanciais visuais para a popula\u00e7\u00e3o capixaba, pois pode ser visto em 360\u00b0 graus de diversos pontos das cidades vizinhas. Isso \u00e9 viabilizado pela posi\u00e7\u00e3o estrat\u00e9gica do santu\u00e1rio, situado sob uma montanha de 154 metros de altura e com vasta vegeta\u00e7\u00e3o.<\/p>\n<p>A hist\u00f3ria do bem cultural come\u00e7a com a chegada do Frei Pedro Pal\u00e1cios \u00e0 Capitania do Esp\u00edrito Santo, em 1558. Na viagem, o religioso levou consigo o painel de Nossa Senhora das Alegrias, que permanece no local. No ano de 1562, ele construiu a Capela de S\u00e3o Francisco no lugar conhecido por \u201cCampinho\u201d.<\/p>\n<p>J\u00e1 em 1650 foi aprovada a funda\u00e7\u00e3o do Convento da Penha, a partir de projeto do Padre Cust\u00f3dio Frei Sebasti\u00e3o do Esp\u00edrito Santo. Data de dois anos mais tarde a constru\u00e7\u00e3o da Casa dos Romeiros, edif\u00edcio localizado em n\u00edvel abaixo do templo, onde hoje se encontra a Sala dos Milagres e o Museu do Convento.<\/p>\n<hr \/>\n<p><em>Convento da Penha com informa\u00e7\u00f5es da Assessoria de Comunica\u00e7\u00e3o do Iphan<\/em><\/p>\n<div id=\"gallery-1\" class=\"gallery galleryid-116660 gallery-columns-4 gallery-size-thumbnail\"><\/div>\n<\/div>\n<\/div>\n<\/div>\n<\/div>\n<\/div>\n<\/div>\n<\/div>\n<\/section>\n","protected":false},"excerpt":{"rendered":"<p>Convento da Penha<\/p>\n","protected":false},"author":3,"featured_media":236338,"comment_status":"open","ping_status":"open","sticky":false,"template":"","format":"standard","meta":[],"categories":[1],"tags":[248],"acf":[],"yoast_head":"<!-- This site is optimized with the Yoast SEO plugin v19.2 - https:\/\/yoast.com\/wordpress\/plugins\/seo\/ -->\n<title>Conjunto arquitet\u00f4nico e paisag\u00edstico do Convento da Penha vai receber obras de manuten\u00e7\u00e3o - Not\u00edcias - Franciscanos<\/title>\n<meta name=\"robots\" content=\"index, follow, max-snippet:-1, max-image-preview:large, max-video-preview:-1\" \/>\n<link rel=\"canonical\" href=\"https:\/\/franciscanos.org.br\/noticias\/conjunto-arquitetonico-e-paisagistico-do-convento-da-penhavai-receber-obras-de-manutencao.html\" \/>\n<meta property=\"og:locale\" content=\"pt_BR\" \/>\n<meta property=\"og:type\" content=\"article\" \/>\n<meta property=\"og:title\" content=\"Conjunto arquitet\u00f4nico e paisag\u00edstico do Convento da Penha vai receber obras de manuten\u00e7\u00e3o - Not\u00edcias - Franciscanos\" \/>\n<meta property=\"og:description\" content=\"Convento da Penha\" \/>\n<meta property=\"og:url\" content=\"https:\/\/franciscanos.org.br\/noticias\/conjunto-arquitetonico-e-paisagistico-do-convento-da-penhavai-receber-obras-de-manutencao.html\" \/>\n<meta property=\"og:site_name\" content=\"Not\u00edcias - Franciscanos\" \/>\n<meta property=\"article:published_time\" content=\"2022-01-31T16:24:56+00:00\" \/>\n<meta property=\"article:modified_time\" content=\"2022-01-31T16:43:31+00:00\" \/>\n<meta property=\"og:image\" content=\"https:\/\/franciscanos.org.br\/noticias\/wp-content\/uploads\/2022\/01\/penha_d.jpg\" \/>\n\t<meta property=\"og:image:width\" content=\"800\" \/>\n\t<meta property=\"og:image:height\" content=\"534\" \/>\n\t<meta property=\"og:image:type\" content=\"image\/jpeg\" \/>\n<meta name=\"author\" content=\"moacir\" \/>\n<meta name=\"twitter:card\" content=\"summary_large_image\" \/>\n<meta name=\"twitter:label1\" content=\"Escrito por\" \/>\n\t<meta name=\"twitter:data1\" content=\"moacir\" \/>\n\t<meta name=\"twitter:label2\" content=\"Est. tempo de leitura\" \/>\n\t<meta name=\"twitter:data2\" content=\"6 minutos\" \/>\n<script type=\"application\/ld+json\" class=\"yoast-schema-graph\">{\"@context\":\"https:\/\/schema.org\",\"@graph\":[{\"@type\":\"WebSite\",\"@id\":\"https:\/\/franciscanos.org.br\/noticias\/#website\",\"url\":\"https:\/\/franciscanos.org.br\/noticias\/\",\"name\":\"Not\u00edcias - Franciscanos\",\"description\":\"Prov\u00edncia Franciscana da Imaculada Concei\u00e7\u00e3o do Brasil - Ordem dos Frades Menores - OFM\",\"potentialAction\":[{\"@type\":\"SearchAction\",\"target\":{\"@type\":\"EntryPoint\",\"urlTemplate\":\"https:\/\/franciscanos.org.br\/noticias\/?s={search_term_string}\"},\"query-input\":\"required name=search_term_string\"}],\"inLanguage\":\"pt-BR\"},{\"@type\":\"ImageObject\",\"inLanguage\":\"pt-BR\",\"@id\":\"https:\/\/franciscanos.org.br\/noticias\/conjunto-arquitetonico-e-paisagistico-do-convento-da-penhavai-receber-obras-de-manutencao.html#primaryimage\",\"url\":\"https:\/\/franciscanos.org.br\/noticias\/wp-content\/uploads\/2022\/01\/penha_d.jpg\",\"contentUrl\":\"https:\/\/franciscanos.org.br\/noticias\/wp-content\/uploads\/2022\/01\/penha_d.jpg\",\"width\":800,\"height\":534},{\"@type\":\"WebPage\",\"@id\":\"https:\/\/franciscanos.org.br\/noticias\/conjunto-arquitetonico-e-paisagistico-do-convento-da-penhavai-receber-obras-de-manutencao.html#webpage\",\"url\":\"https:\/\/franciscanos.org.br\/noticias\/conjunto-arquitetonico-e-paisagistico-do-convento-da-penhavai-receber-obras-de-manutencao.html\",\"name\":\"Conjunto arquitet\u00f4nico e paisag\u00edstico do Convento da Penha vai receber obras de manuten\u00e7\u00e3o - Not\u00edcias - Franciscanos\",\"isPartOf\":{\"@id\":\"https:\/\/franciscanos.org.br\/noticias\/#website\"},\"primaryImageOfPage\":{\"@id\":\"https:\/\/franciscanos.org.br\/noticias\/conjunto-arquitetonico-e-paisagistico-do-convento-da-penhavai-receber-obras-de-manutencao.html#primaryimage\"},\"datePublished\":\"2022-01-31T16:24:56+00:00\",\"dateModified\":\"2022-01-31T16:43:31+00:00\",\"author\":{\"@id\":\"https:\/\/franciscanos.org.br\/noticias\/#\/schema\/person\/b5c8cba458c330ccff548b056e95a5d4\"},\"breadcrumb\":{\"@id\":\"https:\/\/franciscanos.org.br\/noticias\/conjunto-arquitetonico-e-paisagistico-do-convento-da-penhavai-receber-obras-de-manutencao.html#breadcrumb\"},\"inLanguage\":\"pt-BR\",\"potentialAction\":[{\"@type\":\"ReadAction\",\"target\":[\"https:\/\/franciscanos.org.br\/noticias\/conjunto-arquitetonico-e-paisagistico-do-convento-da-penhavai-receber-obras-de-manutencao.html\"]}]},{\"@type\":\"BreadcrumbList\",\"@id\":\"https:\/\/franciscanos.org.br\/noticias\/conjunto-arquitetonico-e-paisagistico-do-convento-da-penhavai-receber-obras-de-manutencao.html#breadcrumb\",\"itemListElement\":[{\"@type\":\"ListItem\",\"position\":1,\"name\":\"Home\",\"item\":\"https:\/\/franciscanos.org.br\/noticias\"},{\"@type\":\"ListItem\",\"position\":2,\"name\":\"Conjunto arquitet\u00f4nico e paisag\u00edstico do Convento da Penha vai receber obras de manuten\u00e7\u00e3o\"}]},{\"@type\":\"Person\",\"@id\":\"https:\/\/franciscanos.org.br\/noticias\/#\/schema\/person\/b5c8cba458c330ccff548b056e95a5d4\",\"name\":\"moacir\",\"image\":{\"@type\":\"ImageObject\",\"inLanguage\":\"pt-BR\",\"@id\":\"https:\/\/franciscanos.org.br\/noticias\/#\/schema\/person\/image\/\",\"url\":\"https:\/\/secure.gravatar.com\/avatar\/d08aa2ce4c8dd416d4479aa8536fcf64?s=96&d=mm&r=g\",\"contentUrl\":\"https:\/\/secure.gravatar.com\/avatar\/d08aa2ce4c8dd416d4479aa8536fcf64?s=96&d=mm&r=g\",\"caption\":\"moacir\"},\"url\":\"https:\/\/franciscanos.org.br\/noticias\/author\/moacir\"}]}<\/script>\n<!-- \/ Yoast SEO plugin. -->","yoast_head_json":{"title":"Conjunto arquitet\u00f4nico e paisag\u00edstico do Convento da Penha vai receber obras de manuten\u00e7\u00e3o - Not\u00edcias - Franciscanos","robots":{"index":"index","follow":"follow","max-snippet":"max-snippet:-1","max-image-preview":"max-image-preview:large","max-video-preview":"max-video-preview:-1"},"canonical":"https:\/\/franciscanos.org.br\/noticias\/conjunto-arquitetonico-e-paisagistico-do-convento-da-penhavai-receber-obras-de-manutencao.html","og_locale":"pt_BR","og_type":"article","og_title":"Conjunto arquitet\u00f4nico e paisag\u00edstico do Convento da Penha vai receber obras de manuten\u00e7\u00e3o - Not\u00edcias - Franciscanos","og_description":"Convento da Penha","og_url":"https:\/\/franciscanos.org.br\/noticias\/conjunto-arquitetonico-e-paisagistico-do-convento-da-penhavai-receber-obras-de-manutencao.html","og_site_name":"Not\u00edcias - Franciscanos","article_published_time":"2022-01-31T16:24:56+00:00","article_modified_time":"2022-01-31T16:43:31+00:00","og_image":[{"width":800,"height":534,"url":"https:\/\/franciscanos.org.br\/noticias\/wp-content\/uploads\/2022\/01\/penha_d.jpg","type":"image\/jpeg"}],"author":"moacir","twitter_card":"summary_large_image","twitter_misc":{"Escrito por":"moacir","Est. tempo de leitura":"6 minutos"},"schema":{"@context":"https:\/\/schema.org","@graph":[{"@type":"WebSite","@id":"https:\/\/franciscanos.org.br\/noticias\/#website","url":"https:\/\/franciscanos.org.br\/noticias\/","name":"Not\u00edcias - Franciscanos","description":"Prov\u00edncia Franciscana da Imaculada Concei\u00e7\u00e3o do Brasil - Ordem dos Frades Menores - OFM","potentialAction":[{"@type":"SearchAction","target":{"@type":"EntryPoint","urlTemplate":"https:\/\/franciscanos.org.br\/noticias\/?s={search_term_string}"},"query-input":"required name=search_term_string"}],"inLanguage":"pt-BR"},{"@type":"ImageObject","inLanguage":"pt-BR","@id":"https:\/\/franciscanos.org.br\/noticias\/conjunto-arquitetonico-e-paisagistico-do-convento-da-penhavai-receber-obras-de-manutencao.html#primaryimage","url":"https:\/\/franciscanos.org.br\/noticias\/wp-content\/uploads\/2022\/01\/penha_d.jpg","contentUrl":"https:\/\/franciscanos.org.br\/noticias\/wp-content\/uploads\/2022\/01\/penha_d.jpg","width":800,"height":534},{"@type":"WebPage","@id":"https:\/\/franciscanos.org.br\/noticias\/conjunto-arquitetonico-e-paisagistico-do-convento-da-penhavai-receber-obras-de-manutencao.html#webpage","url":"https:\/\/franciscanos.org.br\/noticias\/conjunto-arquitetonico-e-paisagistico-do-convento-da-penhavai-receber-obras-de-manutencao.html","name":"Conjunto arquitet\u00f4nico e paisag\u00edstico do Convento da Penha vai receber obras de manuten\u00e7\u00e3o - Not\u00edcias - Franciscanos","isPartOf":{"@id":"https:\/\/franciscanos.org.br\/noticias\/#website"},"primaryImageOfPage":{"@id":"https:\/\/franciscanos.org.br\/noticias\/conjunto-arquitetonico-e-paisagistico-do-convento-da-penhavai-receber-obras-de-manutencao.html#primaryimage"},"datePublished":"2022-01-31T16:24:56+00:00","dateModified":"2022-01-31T16:43:31+00:00","author":{"@id":"https:\/\/franciscanos.org.br\/noticias\/#\/schema\/person\/b5c8cba458c330ccff548b056e95a5d4"},"breadcrumb":{"@id":"https:\/\/franciscanos.org.br\/noticias\/conjunto-arquitetonico-e-paisagistico-do-convento-da-penhavai-receber-obras-de-manutencao.html#breadcrumb"},"inLanguage":"pt-BR","potentialAction":[{"@type":"ReadAction","target":["https:\/\/franciscanos.org.br\/noticias\/conjunto-arquitetonico-e-paisagistico-do-convento-da-penhavai-receber-obras-de-manutencao.html"]}]},{"@type":"BreadcrumbList","@id":"https:\/\/franciscanos.org.br\/noticias\/conjunto-arquitetonico-e-paisagistico-do-convento-da-penhavai-receber-obras-de-manutencao.html#breadcrumb","itemListElement":[{"@type":"ListItem","position":1,"name":"Home","item":"https:\/\/franciscanos.org.br\/noticias"},{"@type":"ListItem","position":2,"name":"Conjunto arquitet\u00f4nico e paisag\u00edstico do Convento da Penha vai receber obras de manuten\u00e7\u00e3o"}]},{"@type":"Person","@id":"https:\/\/franciscanos.org.br\/noticias\/#\/schema\/person\/b5c8cba458c330ccff548b056e95a5d4","name":"moacir","image":{"@type":"ImageObject","inLanguage":"pt-BR","@id":"https:\/\/franciscanos.org.br\/noticias\/#\/schema\/person\/image\/","url":"https:\/\/secure.gravatar.com\/avatar\/d08aa2ce4c8dd416d4479aa8536fcf64?s=96&d=mm&r=g","contentUrl":"https:\/\/secure.gravatar.com\/avatar\/d08aa2ce4c8dd416d4479aa8536fcf64?s=96&d=mm&r=g","caption":"moacir"},"url":"https:\/\/franciscanos.org.br\/noticias\/author\/moacir"}]}},"_links":{"self":[{"href":"https:\/\/franciscanos.org.br\/noticias\/wp-json\/wp\/v2\/posts\/236337"}],"collection":[{"href":"https:\/\/franciscanos.org.br\/noticias\/wp-json\/wp\/v2\/posts"}],"about":[{"href":"https:\/\/franciscanos.org.br\/noticias\/wp-json\/wp\/v2\/types\/post"}],"author":[{"embeddable":true,"href":"https:\/\/franciscanos.org.br\/noticias\/wp-json\/wp\/v2\/users\/3"}],"replies":[{"embeddable":true,"href":"https:\/\/franciscanos.org.br\/noticias\/wp-json\/wp\/v2\/comments?post=236337"}],"version-history":[{"count":3,"href":"https:\/\/franciscanos.org.br\/noticias\/wp-json\/wp\/v2\/posts\/236337\/revisions"}],"predecessor-version":[{"id":236341,"href":"https:\/\/franciscanos.org.br\/noticias\/wp-json\/wp\/v2\/posts\/236337\/revisions\/236341"}],"wp:featuredmedia":[{"embeddable":true,"href":"https:\/\/franciscanos.org.br\/noticias\/wp-json\/wp\/v2\/media\/236338"}],"wp:attachment":[{"href":"https:\/\/franciscanos.org.br\/noticias\/wp-json\/wp\/v2\/media?parent=236337"}],"wp:term":[{"taxonomy":"category","embeddable":true,"href":"https:\/\/franciscanos.org.br\/noticias\/wp-json\/wp\/v2\/categories?post=236337"},{"taxonomy":"post_tag","embeddable":true,"href":"https:\/\/franciscanos.org.br\/noticias\/wp-json\/wp\/v2\/tags?post=236337"}],"curies":[{"name":"wp","href":"https:\/\/api.w.org\/{rel}","templated":true}]}}