{"id":236332,"date":"2022-01-31T13:19:26","date_gmt":"2022-01-31T16:19:26","guid":{"rendered":"https:\/\/franciscanos.org.br\/noticias\/?p=236332"},"modified":"2022-01-31T13:19:26","modified_gmt":"2022-01-31T16:19:26","slug":"guardiao-do-convento-da-penha-recebe-titulo-de-cidadao-espirito-santense","status":"publish","type":"post","link":"https:\/\/franciscanos.org.br\/noticias\/guardiao-do-convento-da-penha-recebe-titulo-de-cidadao-espirito-santense.html","title":{"rendered":"Guardi\u00e3o do Convento da Penha recebe t\u00edtulo de \u201cCidad\u00e3o Esp\u00edrito-Santense\u201d"},"content":{"rendered":"<p><img loading=\"lazy\" class=\"alignnone size-full wp-image-236333\" src=\"https:\/\/franciscanos.org.br\/noticias\/wp-content\/uploads\/2022\/01\/djalmo_01.jpg\" alt=\"\" width=\"1280\" height=\"720\" srcset=\"https:\/\/franciscanos.org.br\/noticias\/wp-content\/uploads\/2022\/01\/djalmo_01.jpg 1280w, https:\/\/franciscanos.org.br\/noticias\/wp-content\/uploads\/2022\/01\/djalmo_01-450x253.jpg 450w, https:\/\/franciscanos.org.br\/noticias\/wp-content\/uploads\/2022\/01\/djalmo_01-1024x576.jpg 1024w, https:\/\/franciscanos.org.br\/noticias\/wp-content\/uploads\/2022\/01\/djalmo_01-768x432.jpg 768w, https:\/\/franciscanos.org.br\/noticias\/wp-content\/uploads\/2022\/01\/djalmo_01-150x84.jpg 150w\" sizes=\"(max-width: 1280px) 100vw, 1280px\" \/><\/p>\n<p>O Guardi\u00e3o e Reitor do Convento da Penha recebeu na noite deste domingo (30), ap\u00f3s a Missa das 19h, no Santu\u00e1rio Divino Esp\u00edrito Santo, no Centro de Vila Velha, o t\u00edtulo de \u201cCidad\u00e3o Esp\u00edrito-Santense\u201d. A indica\u00e7\u00e3o e entrega da homenagem foi feita pelo deputado estadual Doutor H\u00e9rcules Silveira, um devoto de Nossa Senhora que sempre acompanha o trabalho desenvolvido pelos Franciscanos em Vila Velha. O m\u00e9dico e deputado explicou que a condecora\u00e7\u00e3o \u00e9 mais que merecida e que foi oferecida ao frade n\u00e3o s\u00f3 pelo empenho de Frei Djalmo \u00e0 frente da Par\u00f3quia do Ros\u00e1rio, por mais de 6 anos, mas tamb\u00e9m pelo carinho que o catarinense tem pelo estado que o abra\u00e7ou.<\/p>\n<p>\u201cPara mim \u00e9 motivo de satisfa\u00e7\u00e3o entregar este t\u00edtulo ao Frei Djalmo. Ele revolucionou nossa Igreja nesse tempo que ficou aqui na Par\u00f3quia; dar este t\u00edtulo \u00e9 fazer justi\u00e7a por tudo que ele fez por n\u00f3s e que sempre se dedicou, por isso n\u00e3o poder\u00edamos deixar de fazer essa homenagem. \u00c9 uma singela homenagem e com a lei \u00e9 mais capixaba ainda, comendo moqueca e tudo\u201d, disse o deputado.<\/p>\n<p><img loading=\"lazy\" class=\"alignnone size-full wp-image-236334\" src=\"https:\/\/franciscanos.org.br\/noticias\/wp-content\/uploads\/2022\/01\/djalmo_03.jpg\" alt=\"\" width=\"1280\" height=\"854\" srcset=\"https:\/\/franciscanos.org.br\/noticias\/wp-content\/uploads\/2022\/01\/djalmo_03.jpg 1280w, https:\/\/franciscanos.org.br\/noticias\/wp-content\/uploads\/2022\/01\/djalmo_03-450x300.jpg 450w, https:\/\/franciscanos.org.br\/noticias\/wp-content\/uploads\/2022\/01\/djalmo_03-1024x683.jpg 1024w, https:\/\/franciscanos.org.br\/noticias\/wp-content\/uploads\/2022\/01\/djalmo_03-768x512.jpg 768w, https:\/\/franciscanos.org.br\/noticias\/wp-content\/uploads\/2022\/01\/djalmo_03-150x100.jpg 150w\" sizes=\"(max-width: 1280px) 100vw, 1280px\" \/><\/p>\n<p>O deputado estadual ainda falou que a homenagem tamb\u00e9m \u00e9 uma gratid\u00e3o a Deus pela nova miss\u00e3o do novo Guardi\u00e3o do Convento. \u201cEsse t\u00edtulo \u00e9 para mostrar que a Assembleia tem o cuidado de dar valor \u00e0queles que trabalham para o nosso Estado, aqueles que merecem o t\u00edtulo. Agora, na nova miss\u00e3o \u00e0 frente do Convento, n\u00e3o \u00e9 uma coisa t\u00e3o leve, ele vai ter muito mais trabalho, mas \u00e9 muito jovem, tem for\u00e7a e com muita dedica\u00e7\u00e3o ele far\u00e1 no Convento o que fez aqui no Santu\u00e1rio, por isso que mais uma vez eu queria parabenizar o Frei Djalmo por essa homenagem t\u00e3o justa\u201d, comentou Doutor H\u00e9rcules.<\/p>\n<p>Frei Djalmo Fuck agradeceu pela homenagem e afirmou que se sente esp\u00edrito-santense de forma incondicional e que ama a \u201cmoqueca capixaba\u201d. Al\u00e9m da culin\u00e1ria, desde sua chegada \u00e0 Vila Velha, ele sempre se encantou com as maravilhas naturais, a beleza da natureza, o sol e tantas outras cria\u00e7\u00f5es divinas. \u201cEu, de alma j\u00e1 era cidad\u00e3o capixaba, agora oficialmente com essa condecora\u00e7\u00e3o me torno um cidad\u00e3o do Esp\u00edrito Santo e fico muito feliz com essa homenagem do Doutor H\u00e9rcules e da Assembleia Legislativa, porque \u00e9 o reconhecimento de um trabalho que a gente fez e \u00e9 uma forma da gente retribuir tamb\u00e9m com o Estado, devolvendo a ele nos deu em termos de acolhida desde quando cheguei ao Esp\u00edrito Santo em 2016\u201d, disse, completando: \u201cO Estado tem belezas naturais que s\u00e3o \u00fanicas, tem uma culin\u00e1ria excepcional [e eu amo a moqueca, o coentro], a religiosidade do povo \u00e9 extraordin\u00e1ria. J\u00e1 passei por muitos lugares, j\u00e1 trabalhei em Santa Catarina, em S\u00e3o Paulo, j\u00e1 morei no Rio de Janeiro, mas um povo com tanta f\u00e9 e com tanta devo\u00e7\u00e3o \u00e0 Nossa Senhora eu s\u00f3 encontrei aqui no Esp\u00edrito Santo\u201d, enfatizou Frei Djalmo.<\/p>\n<p><img loading=\"lazy\" class=\"alignnone size-full wp-image-236335\" src=\"https:\/\/franciscanos.org.br\/noticias\/wp-content\/uploads\/2022\/01\/djalmo_02.jpg\" alt=\"\" width=\"1280\" height=\"720\" srcset=\"https:\/\/franciscanos.org.br\/noticias\/wp-content\/uploads\/2022\/01\/djalmo_02.jpg 1280w, https:\/\/franciscanos.org.br\/noticias\/wp-content\/uploads\/2022\/01\/djalmo_02-450x253.jpg 450w, https:\/\/franciscanos.org.br\/noticias\/wp-content\/uploads\/2022\/01\/djalmo_02-1024x576.jpg 1024w, https:\/\/franciscanos.org.br\/noticias\/wp-content\/uploads\/2022\/01\/djalmo_02-768x432.jpg 768w, https:\/\/franciscanos.org.br\/noticias\/wp-content\/uploads\/2022\/01\/djalmo_02-150x84.jpg 150w\" sizes=\"(max-width: 1280px) 100vw, 1280px\" \/><\/p>\n<p>O Guardi\u00e3o da Penha ainda disse que se sente privilegiado, enquanto frade, por receber uma homenagem que \u00e9 tamb\u00e9m para a fraternidade, j\u00e1 que a vida religiosa franciscana exige viver em fraternidade. \u201cMe sinto um frade privilegiado porque \u00e9 um t\u00edtulo do reconhecimento do trabalho n\u00e3o s\u00f3 do Frei Djalmo mas da fraternidade, a gente em fraternidade e esse t\u00edtulo \u00e9 um reconhecimento da fraternidade franciscana e tudo aquilo que ela faz em prol da Par\u00f3quia do Ros\u00e1rio e do Convento da Penha\u201d, finalizou.<\/p>\n<hr \/>\n<p><em>Fonte: Convento da Penha, por\u00a0 Cristian Oliveira<\/em><\/p>\n","protected":false},"excerpt":{"rendered":"<p>Convento da Penha<\/p>\n","protected":false},"author":3,"featured_media":236333,"comment_status":"open","ping_status":"open","sticky":false,"template":"","format":"standard","meta":[],"categories":[1],"tags":[248],"acf":[],"yoast_head":"<!-- This site is optimized with the Yoast SEO plugin v19.2 - https:\/\/yoast.com\/wordpress\/plugins\/seo\/ -->\n<title>Guardi\u00e3o do Convento da Penha recebe t\u00edtulo de \u201cCidad\u00e3o Esp\u00edrito-Santense\u201d - Not\u00edcias - Franciscanos<\/title>\n<meta name=\"robots\" content=\"index, follow, max-snippet:-1, max-image-preview:large, max-video-preview:-1\" \/>\n<link rel=\"canonical\" href=\"https:\/\/franciscanos.org.br\/noticias\/guardiao-do-convento-da-penha-recebe-titulo-de-cidadao-espirito-santense.html\" \/>\n<meta property=\"og:locale\" content=\"pt_BR\" \/>\n<meta property=\"og:type\" content=\"article\" \/>\n<meta property=\"og:title\" content=\"Guardi\u00e3o do Convento da Penha recebe t\u00edtulo de \u201cCidad\u00e3o Esp\u00edrito-Santense\u201d - Not\u00edcias - Franciscanos\" \/>\n<meta property=\"og:description\" content=\"Convento da Penha\" \/>\n<meta property=\"og:url\" content=\"https:\/\/franciscanos.org.br\/noticias\/guardiao-do-convento-da-penha-recebe-titulo-de-cidadao-espirito-santense.html\" \/>\n<meta property=\"og:site_name\" content=\"Not\u00edcias - Franciscanos\" \/>\n<meta property=\"article:published_time\" content=\"2022-01-31T16:19:26+00:00\" \/>\n<meta property=\"og:image\" content=\"https:\/\/franciscanos.org.br\/noticias\/wp-content\/uploads\/2022\/01\/djalmo_01.jpg\" \/>\n\t<meta property=\"og:image:width\" content=\"1280\" \/>\n\t<meta property=\"og:image:height\" content=\"720\" \/>\n\t<meta property=\"og:image:type\" content=\"image\/jpeg\" \/>\n<meta name=\"author\" content=\"moacir\" \/>\n<meta name=\"twitter:card\" content=\"summary_large_image\" \/>\n<meta name=\"twitter:label1\" content=\"Escrito por\" \/>\n\t<meta name=\"twitter:data1\" content=\"moacir\" \/>\n\t<meta name=\"twitter:label2\" content=\"Est. tempo de leitura\" \/>\n\t<meta name=\"twitter:data2\" content=\"3 minutos\" \/>\n<script type=\"application\/ld+json\" class=\"yoast-schema-graph\">{\"@context\":\"https:\/\/schema.org\",\"@graph\":[{\"@type\":\"WebSite\",\"@id\":\"https:\/\/franciscanos.org.br\/noticias\/#website\",\"url\":\"https:\/\/franciscanos.org.br\/noticias\/\",\"name\":\"Not\u00edcias - Franciscanos\",\"description\":\"Prov\u00edncia Franciscana da Imaculada Concei\u00e7\u00e3o do Brasil - Ordem dos Frades Menores - OFM\",\"potentialAction\":[{\"@type\":\"SearchAction\",\"target\":{\"@type\":\"EntryPoint\",\"urlTemplate\":\"https:\/\/franciscanos.org.br\/noticias\/?s={search_term_string}\"},\"query-input\":\"required name=search_term_string\"}],\"inLanguage\":\"pt-BR\"},{\"@type\":\"ImageObject\",\"inLanguage\":\"pt-BR\",\"@id\":\"https:\/\/franciscanos.org.br\/noticias\/guardiao-do-convento-da-penha-recebe-titulo-de-cidadao-espirito-santense.html#primaryimage\",\"url\":\"https:\/\/franciscanos.org.br\/noticias\/wp-content\/uploads\/2022\/01\/djalmo_01.jpg\",\"contentUrl\":\"https:\/\/franciscanos.org.br\/noticias\/wp-content\/uploads\/2022\/01\/djalmo_01.jpg\",\"width\":1280,\"height\":720},{\"@type\":\"WebPage\",\"@id\":\"https:\/\/franciscanos.org.br\/noticias\/guardiao-do-convento-da-penha-recebe-titulo-de-cidadao-espirito-santense.html#webpage\",\"url\":\"https:\/\/franciscanos.org.br\/noticias\/guardiao-do-convento-da-penha-recebe-titulo-de-cidadao-espirito-santense.html\",\"name\":\"Guardi\u00e3o do Convento da Penha recebe t\u00edtulo de \u201cCidad\u00e3o Esp\u00edrito-Santense\u201d - Not\u00edcias - Franciscanos\",\"isPartOf\":{\"@id\":\"https:\/\/franciscanos.org.br\/noticias\/#website\"},\"primaryImageOfPage\":{\"@id\":\"https:\/\/franciscanos.org.br\/noticias\/guardiao-do-convento-da-penha-recebe-titulo-de-cidadao-espirito-santense.html#primaryimage\"},\"datePublished\":\"2022-01-31T16:19:26+00:00\",\"dateModified\":\"2022-01-31T16:19:26+00:00\",\"author\":{\"@id\":\"https:\/\/franciscanos.org.br\/noticias\/#\/schema\/person\/b5c8cba458c330ccff548b056e95a5d4\"},\"breadcrumb\":{\"@id\":\"https:\/\/franciscanos.org.br\/noticias\/guardiao-do-convento-da-penha-recebe-titulo-de-cidadao-espirito-santense.html#breadcrumb\"},\"inLanguage\":\"pt-BR\",\"potentialAction\":[{\"@type\":\"ReadAction\",\"target\":[\"https:\/\/franciscanos.org.br\/noticias\/guardiao-do-convento-da-penha-recebe-titulo-de-cidadao-espirito-santense.html\"]}]},{\"@type\":\"BreadcrumbList\",\"@id\":\"https:\/\/franciscanos.org.br\/noticias\/guardiao-do-convento-da-penha-recebe-titulo-de-cidadao-espirito-santense.html#breadcrumb\",\"itemListElement\":[{\"@type\":\"ListItem\",\"position\":1,\"name\":\"Home\",\"item\":\"https:\/\/franciscanos.org.br\/noticias\"},{\"@type\":\"ListItem\",\"position\":2,\"name\":\"Guardi\u00e3o do Convento da Penha recebe t\u00edtulo de \u201cCidad\u00e3o Esp\u00edrito-Santense\u201d\"}]},{\"@type\":\"Person\",\"@id\":\"https:\/\/franciscanos.org.br\/noticias\/#\/schema\/person\/b5c8cba458c330ccff548b056e95a5d4\",\"name\":\"moacir\",\"image\":{\"@type\":\"ImageObject\",\"inLanguage\":\"pt-BR\",\"@id\":\"https:\/\/franciscanos.org.br\/noticias\/#\/schema\/person\/image\/\",\"url\":\"https:\/\/secure.gravatar.com\/avatar\/d08aa2ce4c8dd416d4479aa8536fcf64?s=96&d=mm&r=g\",\"contentUrl\":\"https:\/\/secure.gravatar.com\/avatar\/d08aa2ce4c8dd416d4479aa8536fcf64?s=96&d=mm&r=g\",\"caption\":\"moacir\"},\"url\":\"https:\/\/franciscanos.org.br\/noticias\/author\/moacir\"}]}<\/script>\n<!-- \/ Yoast SEO plugin. -->","yoast_head_json":{"title":"Guardi\u00e3o do Convento da Penha recebe t\u00edtulo de \u201cCidad\u00e3o Esp\u00edrito-Santense\u201d - Not\u00edcias - Franciscanos","robots":{"index":"index","follow":"follow","max-snippet":"max-snippet:-1","max-image-preview":"max-image-preview:large","max-video-preview":"max-video-preview:-1"},"canonical":"https:\/\/franciscanos.org.br\/noticias\/guardiao-do-convento-da-penha-recebe-titulo-de-cidadao-espirito-santense.html","og_locale":"pt_BR","og_type":"article","og_title":"Guardi\u00e3o do Convento da Penha recebe t\u00edtulo de \u201cCidad\u00e3o Esp\u00edrito-Santense\u201d - Not\u00edcias - Franciscanos","og_description":"Convento da Penha","og_url":"https:\/\/franciscanos.org.br\/noticias\/guardiao-do-convento-da-penha-recebe-titulo-de-cidadao-espirito-santense.html","og_site_name":"Not\u00edcias - Franciscanos","article_published_time":"2022-01-31T16:19:26+00:00","og_image":[{"width":1280,"height":720,"url":"https:\/\/franciscanos.org.br\/noticias\/wp-content\/uploads\/2022\/01\/djalmo_01.jpg","type":"image\/jpeg"}],"author":"moacir","twitter_card":"summary_large_image","twitter_misc":{"Escrito por":"moacir","Est. tempo de leitura":"3 minutos"},"schema":{"@context":"https:\/\/schema.org","@graph":[{"@type":"WebSite","@id":"https:\/\/franciscanos.org.br\/noticias\/#website","url":"https:\/\/franciscanos.org.br\/noticias\/","name":"Not\u00edcias - Franciscanos","description":"Prov\u00edncia Franciscana da Imaculada Concei\u00e7\u00e3o do Brasil - Ordem dos Frades Menores - OFM","potentialAction":[{"@type":"SearchAction","target":{"@type":"EntryPoint","urlTemplate":"https:\/\/franciscanos.org.br\/noticias\/?s={search_term_string}"},"query-input":"required name=search_term_string"}],"inLanguage":"pt-BR"},{"@type":"ImageObject","inLanguage":"pt-BR","@id":"https:\/\/franciscanos.org.br\/noticias\/guardiao-do-convento-da-penha-recebe-titulo-de-cidadao-espirito-santense.html#primaryimage","url":"https:\/\/franciscanos.org.br\/noticias\/wp-content\/uploads\/2022\/01\/djalmo_01.jpg","contentUrl":"https:\/\/franciscanos.org.br\/noticias\/wp-content\/uploads\/2022\/01\/djalmo_01.jpg","width":1280,"height":720},{"@type":"WebPage","@id":"https:\/\/franciscanos.org.br\/noticias\/guardiao-do-convento-da-penha-recebe-titulo-de-cidadao-espirito-santense.html#webpage","url":"https:\/\/franciscanos.org.br\/noticias\/guardiao-do-convento-da-penha-recebe-titulo-de-cidadao-espirito-santense.html","name":"Guardi\u00e3o do Convento da Penha recebe t\u00edtulo de \u201cCidad\u00e3o Esp\u00edrito-Santense\u201d - Not\u00edcias - Franciscanos","isPartOf":{"@id":"https:\/\/franciscanos.org.br\/noticias\/#website"},"primaryImageOfPage":{"@id":"https:\/\/franciscanos.org.br\/noticias\/guardiao-do-convento-da-penha-recebe-titulo-de-cidadao-espirito-santense.html#primaryimage"},"datePublished":"2022-01-31T16:19:26+00:00","dateModified":"2022-01-31T16:19:26+00:00","author":{"@id":"https:\/\/franciscanos.org.br\/noticias\/#\/schema\/person\/b5c8cba458c330ccff548b056e95a5d4"},"breadcrumb":{"@id":"https:\/\/franciscanos.org.br\/noticias\/guardiao-do-convento-da-penha-recebe-titulo-de-cidadao-espirito-santense.html#breadcrumb"},"inLanguage":"pt-BR","potentialAction":[{"@type":"ReadAction","target":["https:\/\/franciscanos.org.br\/noticias\/guardiao-do-convento-da-penha-recebe-titulo-de-cidadao-espirito-santense.html"]}]},{"@type":"BreadcrumbList","@id":"https:\/\/franciscanos.org.br\/noticias\/guardiao-do-convento-da-penha-recebe-titulo-de-cidadao-espirito-santense.html#breadcrumb","itemListElement":[{"@type":"ListItem","position":1,"name":"Home","item":"https:\/\/franciscanos.org.br\/noticias"},{"@type":"ListItem","position":2,"name":"Guardi\u00e3o do Convento da Penha recebe t\u00edtulo de \u201cCidad\u00e3o Esp\u00edrito-Santense\u201d"}]},{"@type":"Person","@id":"https:\/\/franciscanos.org.br\/noticias\/#\/schema\/person\/b5c8cba458c330ccff548b056e95a5d4","name":"moacir","image":{"@type":"ImageObject","inLanguage":"pt-BR","@id":"https:\/\/franciscanos.org.br\/noticias\/#\/schema\/person\/image\/","url":"https:\/\/secure.gravatar.com\/avatar\/d08aa2ce4c8dd416d4479aa8536fcf64?s=96&d=mm&r=g","contentUrl":"https:\/\/secure.gravatar.com\/avatar\/d08aa2ce4c8dd416d4479aa8536fcf64?s=96&d=mm&r=g","caption":"moacir"},"url":"https:\/\/franciscanos.org.br\/noticias\/author\/moacir"}]}},"_links":{"self":[{"href":"https:\/\/franciscanos.org.br\/noticias\/wp-json\/wp\/v2\/posts\/236332"}],"collection":[{"href":"https:\/\/franciscanos.org.br\/noticias\/wp-json\/wp\/v2\/posts"}],"about":[{"href":"https:\/\/franciscanos.org.br\/noticias\/wp-json\/wp\/v2\/types\/post"}],"author":[{"embeddable":true,"href":"https:\/\/franciscanos.org.br\/noticias\/wp-json\/wp\/v2\/users\/3"}],"replies":[{"embeddable":true,"href":"https:\/\/franciscanos.org.br\/noticias\/wp-json\/wp\/v2\/comments?post=236332"}],"version-history":[{"count":1,"href":"https:\/\/franciscanos.org.br\/noticias\/wp-json\/wp\/v2\/posts\/236332\/revisions"}],"predecessor-version":[{"id":236336,"href":"https:\/\/franciscanos.org.br\/noticias\/wp-json\/wp\/v2\/posts\/236332\/revisions\/236336"}],"wp:featuredmedia":[{"embeddable":true,"href":"https:\/\/franciscanos.org.br\/noticias\/wp-json\/wp\/v2\/media\/236333"}],"wp:attachment":[{"href":"https:\/\/franciscanos.org.br\/noticias\/wp-json\/wp\/v2\/media?parent=236332"}],"wp:term":[{"taxonomy":"category","embeddable":true,"href":"https:\/\/franciscanos.org.br\/noticias\/wp-json\/wp\/v2\/categories?post=236332"},{"taxonomy":"post_tag","embeddable":true,"href":"https:\/\/franciscanos.org.br\/noticias\/wp-json\/wp\/v2\/tags?post=236332"}],"curies":[{"name":"wp","href":"https:\/\/api.w.org\/{rel}","templated":true}]}}