{"id":236297,"date":"2022-01-30T16:13:37","date_gmt":"2022-01-30T19:13:37","guid":{"rendered":"https:\/\/franciscanos.org.br\/noticias\/?p=236297"},"modified":"2023-01-03T14:39:36","modified_gmt":"2023-01-03T17:39:36","slug":"frei-jefferson-inicia-o-seu-ministerio-presbiteral","status":"publish","type":"post","link":"https:\/\/franciscanos.org.br\/noticias\/frei-jefferson-inicia-o-seu-ministerio-presbiteral.html","title":{"rendered":"Frei Jefferson inicia o seu Minist\u00e9rio Presbiteral"},"content":{"rendered":"<p><img loading=\"lazy\" class=\"alignnone size-full wp-image-236298\" src=\"https:\/\/franciscanos.org.br\/noticias\/wp-content\/uploads\/2022\/01\/primeira_3001_5.jpg\" alt=\"\" width=\"1244\" height=\"700\" srcset=\"https:\/\/franciscanos.org.br\/noticias\/wp-content\/uploads\/2022\/01\/primeira_3001_5.jpg 1244w, https:\/\/franciscanos.org.br\/noticias\/wp-content\/uploads\/2022\/01\/primeira_3001_5-450x253.jpg 450w, https:\/\/franciscanos.org.br\/noticias\/wp-content\/uploads\/2022\/01\/primeira_3001_5-1024x576.jpg 1024w, https:\/\/franciscanos.org.br\/noticias\/wp-content\/uploads\/2022\/01\/primeira_3001_5-768x432.jpg 768w, https:\/\/franciscanos.org.br\/noticias\/wp-content\/uploads\/2022\/01\/primeira_3001_5-150x84.jpg 150w\" sizes=\"(max-width: 1244px) 100vw, 1244px\" \/><br \/>\nNeste 4\u00ba domingo do Tempo Comum, 30 de janeiro, Frei Jefferson Max Alves iniciou o seu Minist\u00e9rio Presbiteral ao celebrar a primeira Missa, \u00e0s 10 horas, na Capela Sant\u00edssima Trindade, no bairro Costeira, em Arauc\u00e1ria (PR). Ele foi ordenado presb\u00edtero ontem, s\u00e1bado (29\/1), por Dom Celso Ant\u00f4nio Marchiori, bispo da Diocese de S\u00e3o Jos\u00e9 dos Pinhais (PR).<\/p>\n<p>Frei Je\u00e2 Andrade, animador do Servi\u00e7o Vocacional da Prov\u00edncia (SAV), fez a acolhida do povo e deu as boas vindas a todos nesta Eucaristia. Entre os confrades que concelebraram com Frei Jefferson, o Ministro Provincial da Prov\u00edncia da Imaculada Concei\u00e7\u00e3o, Frei Paulo Roberto Pereira, o mestre de novi\u00e7os Frei Samuel Ferreira, o p\u00e1roco Frei Diego Santos de Souza, OAD, e os di\u00e1conos Frei Jhones Lucas Martins e Frei Josemberg Aranha.<\/p>\n<p><img loading=\"lazy\" class=\"alignnone size-full wp-image-236299\" src=\"https:\/\/franciscanos.org.br\/noticias\/wp-content\/uploads\/2022\/01\/primeira_3001_9.jpg\" alt=\"\" width=\"1244\" height=\"829\" srcset=\"https:\/\/franciscanos.org.br\/noticias\/wp-content\/uploads\/2022\/01\/primeira_3001_9.jpg 1244w, https:\/\/franciscanos.org.br\/noticias\/wp-content\/uploads\/2022\/01\/primeira_3001_9-450x300.jpg 450w, https:\/\/franciscanos.org.br\/noticias\/wp-content\/uploads\/2022\/01\/primeira_3001_9-1024x682.jpg 1024w, https:\/\/franciscanos.org.br\/noticias\/wp-content\/uploads\/2022\/01\/primeira_3001_9-768x512.jpg 768w, https:\/\/franciscanos.org.br\/noticias\/wp-content\/uploads\/2022\/01\/primeira_3001_9-150x100.jpg 150w\" sizes=\"(max-width: 1244px) 100vw, 1244px\" \/><\/p>\n<p><img loading=\"lazy\" class=\"alignnone size-full wp-image-236300\" src=\"https:\/\/franciscanos.org.br\/noticias\/wp-content\/uploads\/2022\/01\/primeira_3001_2.jpg\" alt=\"\" width=\"1244\" height=\"829\" srcset=\"https:\/\/franciscanos.org.br\/noticias\/wp-content\/uploads\/2022\/01\/primeira_3001_2.jpg 1244w, https:\/\/franciscanos.org.br\/noticias\/wp-content\/uploads\/2022\/01\/primeira_3001_2-450x300.jpg 450w, https:\/\/franciscanos.org.br\/noticias\/wp-content\/uploads\/2022\/01\/primeira_3001_2-1024x682.jpg 1024w, https:\/\/franciscanos.org.br\/noticias\/wp-content\/uploads\/2022\/01\/primeira_3001_2-768x512.jpg 768w, https:\/\/franciscanos.org.br\/noticias\/wp-content\/uploads\/2022\/01\/primeira_3001_2-150x100.jpg 150w\" sizes=\"(max-width: 1244px) 100vw, 1244px\" \/><\/p>\n<p>Frei Je\u00e2 explicou que \u00e9 costume na Prov\u00edncia que, na Primeira Missa, o neo-sacerdote convide outro irm\u00e3o para fazer a prega\u00e7\u00e3o. Por isso, Frei Jefferson escolheu Frei Samuel Ferreira de Lima, o mestre dos Novi\u00e7os da Prov\u00edncia da Imaculada e que fez parte de seu processo formativo quando ele foi novi\u00e7o.<\/p>\n<p>Segundo Frei Samuel, a Palavra de Deus indica, de forma muito pr\u00f3pria, a voca\u00e7\u00e3o que Frei Jefferson recebeu como dom e que, na primeira leitura, o profeta Jeremias assim expressa: &#8220;O Senhor me seduziu e escolheu desde o seio de minha m\u00e3e&#8221;.<\/p>\n<p><img loading=\"lazy\" class=\"alignnone size-full wp-image-236301\" src=\"https:\/\/franciscanos.org.br\/noticias\/wp-content\/uploads\/2022\/01\/primeira_3001_8.jpg\" alt=\"\" width=\"1244\" height=\"829\" srcset=\"https:\/\/franciscanos.org.br\/noticias\/wp-content\/uploads\/2022\/01\/primeira_3001_8.jpg 1244w, https:\/\/franciscanos.org.br\/noticias\/wp-content\/uploads\/2022\/01\/primeira_3001_8-450x300.jpg 450w, https:\/\/franciscanos.org.br\/noticias\/wp-content\/uploads\/2022\/01\/primeira_3001_8-1024x682.jpg 1024w, https:\/\/franciscanos.org.br\/noticias\/wp-content\/uploads\/2022\/01\/primeira_3001_8-768x512.jpg 768w, https:\/\/franciscanos.org.br\/noticias\/wp-content\/uploads\/2022\/01\/primeira_3001_8-150x100.jpg 150w\" sizes=\"(max-width: 1244px) 100vw, 1244px\" \/><\/p>\n<p>&#8220;Toda voca\u00e7\u00e3o \u00e9 um dom e gra\u00e7a de Deus. Uma voca\u00e7\u00e3o do sacramento da Ordem \u00e9 um dom para servi\u00e7o da Igreja. Voc\u00ea \u00e9 sacerdote para a Igreja, para servir o povo de Deus. Por isso, Deus lhe d\u00e1 o dom e a gra\u00e7a para anunciar essa Boa Nova sem medo&#8221;, disse Frei Samuel.<\/p>\n<p>Citando o ap\u00f3stolo S\u00e3o Paulo (segunda leitura), o pregador lembrou: &#8220;N\u00e3o adianta ter muitas qualidades, n\u00e3o adianta fazer tantas coisas se n\u00e3o houver a caridade, o amor, que perpassa todas as nossas a\u00e7\u00f5es e atitudes&#8221;, observou.<\/p>\n<p>Frei Samuel lembrou que Frei Jefferson segue para a Miss\u00e3o de Angola como neo-sacerdote. &#8220;Na miss\u00e3o n\u00f3s precisamos sempre de muita f\u00e9 e um pouco de loucura, porque o amor \u00e9 que vai mover toda a sua atua\u00e7\u00e3o e disposi\u00e7\u00e3o de ir ao encontro do outro&#8221;, disse, lembrando o exemplo de S\u00e3o Francisco de Assis como itinerante. &#8220;Uma itiner\u00e2ncia que n\u00e3o \u00e9 s\u00f3 mudar de lugar, mas que significa, a cada dia, ir ao encontro do outro. Do outro que est\u00e1 aflito, que est\u00e1 abandonado, que est\u00e1 acamado, o outro que est\u00e1, de certa forma, ca\u00eddo&#8221;, acrescentou.<\/p>\n\n\t\t<style type=\"text\/css\">\n\t\t\t#gallery-1 {\n\t\t\t\tmargin: auto;\n\t\t\t}\n\t\t\t#gallery-1 .gallery-item {\n\t\t\t\tfloat: left;\n\t\t\t\tmargin-top: 10px;\n\t\t\t\ttext-align: center;\n\t\t\t\twidth: 25%;\n\t\t\t}\n\t\t\t#gallery-1 img {\n\t\t\t\tborder: 2px solid #cfcfcf;\n\t\t\t}\n\t\t\t#gallery-1 .gallery-caption {\n\t\t\t\tmargin-left: 0;\n\t\t\t}\n\t\t\t\/* see gallery_shortcode() in wp-includes\/media.php *\/\n\t\t<\/style>\n\t\t<div id='gallery-1' class='gallery galleryid-236297 gallery-columns-4 gallery-size-thumbnail'><dl class='gallery-item'>\n\t\t\t<dt class='gallery-icon landscape'>\n\t\t\t\t<a href='https:\/\/franciscanos.org.br\/noticias\/wp-content\/uploads\/2022\/01\/primeira_3001_6.jpg'><img width=\"300\" height=\"300\" src=\"https:\/\/franciscanos.org.br\/noticias\/wp-content\/uploads\/2022\/01\/primeira_3001_6-300x300.jpg\" class=\"attachment-thumbnail size-thumbnail\" alt=\"\" loading=\"lazy\" srcset=\"https:\/\/franciscanos.org.br\/noticias\/wp-content\/uploads\/2022\/01\/primeira_3001_6-300x300.jpg 300w, https:\/\/franciscanos.org.br\/noticias\/wp-content\/uploads\/2022\/01\/primeira_3001_6-100x100.jpg 100w\" sizes=\"(max-width: 300px) 100vw, 300px\" \/><\/a>\n\t\t\t<\/dt><\/dl><dl class='gallery-item'>\n\t\t\t<dt class='gallery-icon landscape'>\n\t\t\t\t<a href='https:\/\/franciscanos.org.br\/noticias\/wp-content\/uploads\/2022\/01\/primeira_3001_10.jpg'><img width=\"300\" height=\"300\" src=\"https:\/\/franciscanos.org.br\/noticias\/wp-content\/uploads\/2022\/01\/primeira_3001_10-300x300.jpg\" class=\"attachment-thumbnail size-thumbnail\" alt=\"\" loading=\"lazy\" srcset=\"https:\/\/franciscanos.org.br\/noticias\/wp-content\/uploads\/2022\/01\/primeira_3001_10-300x300.jpg 300w, https:\/\/franciscanos.org.br\/noticias\/wp-content\/uploads\/2022\/01\/primeira_3001_10-100x100.jpg 100w\" sizes=\"(max-width: 300px) 100vw, 300px\" \/><\/a>\n\t\t\t<\/dt><\/dl><dl class='gallery-item'>\n\t\t\t<dt class='gallery-icon landscape'>\n\t\t\t\t<a href='https:\/\/franciscanos.org.br\/noticias\/wp-content\/uploads\/2022\/01\/primeira_3001_12.jpg'><img width=\"300\" height=\"300\" src=\"https:\/\/franciscanos.org.br\/noticias\/wp-content\/uploads\/2022\/01\/primeira_3001_12-300x300.jpg\" class=\"attachment-thumbnail size-thumbnail\" alt=\"\" loading=\"lazy\" srcset=\"https:\/\/franciscanos.org.br\/noticias\/wp-content\/uploads\/2022\/01\/primeira_3001_12-300x300.jpg 300w, https:\/\/franciscanos.org.br\/noticias\/wp-content\/uploads\/2022\/01\/primeira_3001_12-100x100.jpg 100w\" sizes=\"(max-width: 300px) 100vw, 300px\" \/><\/a>\n\t\t\t<\/dt><\/dl><dl class='gallery-item'>\n\t\t\t<dt class='gallery-icon landscape'>\n\t\t\t\t<a href='https:\/\/franciscanos.org.br\/noticias\/wp-content\/uploads\/2022\/01\/primeira_3001_13.jpg'><img width=\"300\" height=\"300\" src=\"https:\/\/franciscanos.org.br\/noticias\/wp-content\/uploads\/2022\/01\/primeira_3001_13-300x300.jpg\" class=\"attachment-thumbnail size-thumbnail\" alt=\"\" loading=\"lazy\" srcset=\"https:\/\/franciscanos.org.br\/noticias\/wp-content\/uploads\/2022\/01\/primeira_3001_13-300x300.jpg 300w, https:\/\/franciscanos.org.br\/noticias\/wp-content\/uploads\/2022\/01\/primeira_3001_13-100x100.jpg 100w\" sizes=\"(max-width: 300px) 100vw, 300px\" \/><\/a>\n\t\t\t<\/dt><\/dl><br style=\"clear: both\" \/>\n\t\t<\/div>\n\n<p><em>\u00a0 \u00a0 \u00a0 \u00a0 \u00a0 \u00a0 \u00a0 \u00a0 \u00a0 \u00a0 \u00a0 \u00a0 \u00a0 \u00a0 \u00a0 \u00a0 \u00a0 \u00a0 \u00a0 \u00a0 \u00a0 \u00a0 \u00a0 \u00a0 \u00a0 \u00a0 \u00a0 (clique nas imagens para ampli\u00e1-las)<\/em><\/p>\n<p>&#8220;E o amor de Deus move a gente neste projeto. Por isso, voc\u00ea hoje est\u00e1 assumindo essa experi\u00eancia com f\u00e9 e como proposta de vida. Por isso, n\u00e3o tenha medo de se lan\u00e7ar, de se doar, de se gastar, de se entregar totalmente ao servi\u00e7o do povo de Deus, com todo amor que tem no teu cora\u00e7\u00e3o. Porque ao servir o povo de Deus voc\u00ea est\u00e1 amando o pr\u00f3prio Deus encarnado, que te ilumina e te envia&#8221;, ensinou.<\/p>\n<p>Citando o Evangelho, Jesus enfrentou oposi\u00e7\u00e3o, descr\u00e9dito e cobran\u00e7as. &#8220;Isso faz parte do humano. N\u00f3s sempre vamos enfrentar cobran\u00e7as, desafios, entretanto, diante de tudo aquilo, Jesus fala com propriedade, sem medo e com firmeza, porque tinha claro a sua miss\u00e3o: fazer a vontade do Pai. No minist\u00e9rio de sua vida, coloque isso a cada dia: &#8216;Eu vim para fazer a vontade do Pai&#8217;. E a vontade do Pai \u00e9 que a gente ame e que o Reino de Deus aconte\u00e7a. Por isso, coloque toda a sua for\u00e7a na constru\u00e7\u00e3o do Reino com os dons que Deus lhe concedeu&#8221;, exortou o Mestre dos Novi\u00e7os.<\/p>\n<p>Frei Samuel animou Frei Jefferson a n\u00e3o ter medo dos desafios e a lutar diante das contrariedades, das persegui\u00e7\u00f5es, das contradi\u00e7\u00f5es e dos contratempos. &#8220;Jesus seguiu o seu caminho, mesmo quando queriam jogar ele no precip\u00edcio. Tenha isso bem claro. Siga a cada dia o seu caminho, porque o caminho se faz passo a passo, pouco a pouco, nas pequenas coisas&#8221;, recordou o pregador.<\/p>\n<p><img loading=\"lazy\" class=\"alignnone size-full wp-image-236302\" src=\"https:\/\/franciscanos.org.br\/noticias\/wp-content\/uploads\/2022\/01\/primeira_3001_7.jpg\" alt=\"\" width=\"1181\" height=\"787\" srcset=\"https:\/\/franciscanos.org.br\/noticias\/wp-content\/uploads\/2022\/01\/primeira_3001_7.jpg 1181w, https:\/\/franciscanos.org.br\/noticias\/wp-content\/uploads\/2022\/01\/primeira_3001_7-450x300.jpg 450w, https:\/\/franciscanos.org.br\/noticias\/wp-content\/uploads\/2022\/01\/primeira_3001_7-1024x682.jpg 1024w, https:\/\/franciscanos.org.br\/noticias\/wp-content\/uploads\/2022\/01\/primeira_3001_7-768x512.jpg 768w, https:\/\/franciscanos.org.br\/noticias\/wp-content\/uploads\/2022\/01\/primeira_3001_7-150x100.jpg 150w\" sizes=\"(max-width: 1181px) 100vw, 1181px\" \/><\/p>\n<p>&#8220;E com este exerc\u00edcio, Deus vai te conduzir muito longe. Deus vai te fazer instrumento de paz e bem. Deus vai te fazer um homem de Deus. \u00c9 isso que o povo espera: que o ministro seja um homem de Deus. Rogo a Deus neste dia, e todos n\u00f3s, que o seu minist\u00e9rio seja fonte de vida e que sua vida seja essa express\u00e3o do amor de Deus encarnado. Que a f\u00e9, esperan\u00e7a e a caridade sejam as suas armas no exerc\u00edcio da sua fun\u00e7\u00e3o e o caminho de sua miss\u00e3o&#8221;, concluiu.<\/p>\n<p>No final, depois do rito da Comunh\u00e3o, a Comunidade entregou v\u00e1rias lembran\u00e7as a Frei Jefferson, demonstrando o carinho que t\u00eam pelo novo sacerdote.<\/p>\n<p>&#8220;A casa \u00e9 mais sua do que minha. Voc\u00ea nasceu, cresceu aqui. Eu estou sendo adotado por essa comunidade agora&#8221;, disse o p\u00e1roco Frei Diego Santos de Souza, OAD, que tomou posse recentemente na Par\u00f3quia. &#8220;Mas com grande alegria, a gente quer louvar a Deus pelo seu sim, pela sua voca\u00e7\u00e3o, pela sua fam\u00edlia religiosa que tanto nos alegrou com a sua presen\u00e7a nestes dias. Foi uma festa simples, mas foi o melhor que pudemos oferecer. De cora\u00e7\u00e3o, a Par\u00f3quia se sente muito feliz com sua primeira Missa aqui e na semana que vem com a sua primeira Missa na Igreja Matriz. Ent\u00e3o, sempre que voltar para rever sua fam\u00edlia, n\u00e3o se esque\u00e7a de sua fam\u00edlia paroquial, para celebrar conosco, festejar conosco, partilhar a vida e os desafios da sua miss\u00e3o. E \u00e0 Fam\u00edlia Franciscana, o nosso obrigado pelo trabalho, pelo tr\u00edduo, pelo encontro com os jovens, pela prepara\u00e7\u00e3o da ordena\u00e7\u00e3o&#8221;, agradeceu o p\u00e1roco.<\/p>\n<p>Os frades angolanos do tempo de Filosofia tamb\u00e9m fizeram uma homenagem, cantando o hino: &#8220;Como hei de agradecer a tamanha gra\u00e7a que o Senhor me concedeu&#8221;.<\/p>\n<p>O Ministro Provincial Frei Paulo Roberto lembrou que a primeira Missa \u00e9 chamada de Prim\u00edcias e vem da tradi\u00e7\u00e3o b\u00edblica para simbolizar os primeiros frutos. &#8220;Ent\u00e3o, a gente oferece a Deus, lembrando aquilo que o bispo falou ontem: a voca\u00e7\u00e3o n\u00e3o \u00e9 minha, a voca\u00e7\u00e3o n\u00e3o \u00e9 sua. A voca\u00e7\u00e3o \u00e9 dom de Deus. A gente reconhece aquilo que Deus nos d\u00e1 e devolve para Deus&#8221;, frisou Frei Paulo.<\/p>\n<p><img loading=\"lazy\" class=\"alignnone size-full wp-image-236305\" src=\"https:\/\/franciscanos.org.br\/noticias\/wp-content\/uploads\/2022\/01\/primeira_3001_11.jpg\" alt=\"\" width=\"1040\" height=\"694\" srcset=\"https:\/\/franciscanos.org.br\/noticias\/wp-content\/uploads\/2022\/01\/primeira_3001_11.jpg 1040w, https:\/\/franciscanos.org.br\/noticias\/wp-content\/uploads\/2022\/01\/primeira_3001_11-450x300.jpg 450w, https:\/\/franciscanos.org.br\/noticias\/wp-content\/uploads\/2022\/01\/primeira_3001_11-1024x683.jpg 1024w, https:\/\/franciscanos.org.br\/noticias\/wp-content\/uploads\/2022\/01\/primeira_3001_11-768x512.jpg 768w, https:\/\/franciscanos.org.br\/noticias\/wp-content\/uploads\/2022\/01\/primeira_3001_11-150x100.jpg 150w\" sizes=\"(max-width: 1040px) 100vw, 1040px\" \/><\/p>\n<p>&#8220;Ent\u00e3o, estamos vivendo aqui as prim\u00edcias. A beleza, o vigor e o frescor das prim\u00edcias do Frei Jefferson. Em nome da nossa Fraternidade Provincial, quero agradecer ao sim que ele d\u00e1 \u00e0 voca\u00e7\u00e3o que \u00e9 de Deus. Atrav\u00e9s da Prov\u00edncia Franciscana, ele vai exerc\u00ea-la onde a Prov\u00edncia o mandar e, certamente, ser\u00e1 uma voca\u00e7\u00e3o frutuosa. J\u00e1 \u00e9 uma presen\u00e7a frutuosa e ser\u00e1 ainda mais. N\u00f3s esperamos que ele tenha o vigor necess\u00e1rio e a prece da comunidade&#8221;, desejou.<\/p>\n<p>Frei Paulo lembrou que esta foi a primeira semana do p\u00e1roco Frei Diego. &#8220;A gente o acolhe e agradece. Somos irm\u00e3os no presbiterato e tamb\u00e9m na vida religiosa consagrada. Que suas prim\u00edcias aqui na Par\u00f3quia sejam frutuosas tamb\u00e9m!&#8221;, disse, pedindo uma salva de palmas a Frei Diego.<\/p>\n<p><img loading=\"lazy\" class=\"alignnone size-full wp-image-236303\" src=\"https:\/\/franciscanos.org.br\/noticias\/wp-content\/uploads\/2022\/01\/primeira_3001_4.jpg\" alt=\"\" width=\"1191\" height=\"794\" srcset=\"https:\/\/franciscanos.org.br\/noticias\/wp-content\/uploads\/2022\/01\/primeira_3001_4.jpg 1191w, https:\/\/franciscanos.org.br\/noticias\/wp-content\/uploads\/2022\/01\/primeira_3001_4-450x300.jpg 450w, https:\/\/franciscanos.org.br\/noticias\/wp-content\/uploads\/2022\/01\/primeira_3001_4-1024x683.jpg 1024w, https:\/\/franciscanos.org.br\/noticias\/wp-content\/uploads\/2022\/01\/primeira_3001_4-768x512.jpg 768w, https:\/\/franciscanos.org.br\/noticias\/wp-content\/uploads\/2022\/01\/primeira_3001_4-150x100.jpg 150w\" sizes=\"(max-width: 1191px) 100vw, 1191px\" \/><\/p>\n<p>Tamb\u00e9m foram as prim\u00edcias de Frei Gabriel Dellandrea e Frei Je\u00e2 Andrade no Servi\u00e7o de Anima\u00e7\u00e3o Vocacional. &#8220;\u00c9 a primeira ordena\u00e7\u00e3o que preparam, j\u00e1 que foram nomeados para o servi\u00e7o recentemente. A eles e a todos os frades do servi\u00e7o vocacional a nossa gratid\u00e3o&#8221;, ressaltou Frei Paulo.<\/p>\n<p>Segundo o Ministro Provincial, os frades t\u00eam presen\u00e7a na casa Bom Jesus no centro de Curitiba, nos Col\u00e9gios Bom Jesus e em Rondinha. &#8220;Ent\u00e3o, o nome Arauc\u00e1ria, para n\u00f3s, n\u00e3o era desconhecido porque sempre v\u00edamos a placa da estrada indicando: &#8216;Arauc\u00e1ria&#8217;. Mas a gente s\u00f3 passava e nem imaginava que f\u00f4ssemos encontrar uma fam\u00edlia t\u00e3o bonita, t\u00e3o acolhedora aqui neste lugar. Ent\u00e3o, tenho certeza, que todos n\u00f3s que participamos deste tr\u00edduo vocacional e dessas celebra\u00e7\u00f5es, toda vez que passarmos ali de novo vamos dizer: &#8216;ali \u00e9 minha casa, \u00e9 minha fam\u00edlia&#8217;. Muito, muito obrigado a todos voc\u00eas que s\u00e3o da nossa Fam\u00edlia Franciscana&#8221;, agradeceu Frei Paulo.<\/p>\n<p><img loading=\"lazy\" class=\"alignnone size-full wp-image-236311\" src=\"https:\/\/franciscanos.org.br\/noticias\/wp-content\/uploads\/2022\/01\/primeira_3001_14.jpg\" alt=\"\" width=\"1244\" height=\"829\" srcset=\"https:\/\/franciscanos.org.br\/noticias\/wp-content\/uploads\/2022\/01\/primeira_3001_14.jpg 1244w, https:\/\/franciscanos.org.br\/noticias\/wp-content\/uploads\/2022\/01\/primeira_3001_14-450x300.jpg 450w, https:\/\/franciscanos.org.br\/noticias\/wp-content\/uploads\/2022\/01\/primeira_3001_14-1024x682.jpg 1024w, https:\/\/franciscanos.org.br\/noticias\/wp-content\/uploads\/2022\/01\/primeira_3001_14-768x512.jpg 768w, https:\/\/franciscanos.org.br\/noticias\/wp-content\/uploads\/2022\/01\/primeira_3001_14-150x100.jpg 150w\" sizes=\"(max-width: 1244px) 100vw, 1244px\" \/><\/p>\n<p>Frei Je\u00e2 tamb\u00e9m destacou a acolhida que os frades receberam da Par\u00f3quia Senhor Bom Jesus. &#8220;Frei Diego est\u00e1 chegando aqui na Par\u00f3quia, mas foi muito aberto e sol\u00edcito para tudo aquilo que os frades puderam realizar. Em nome dos frades, Frei Gabriel vai entregar uma lembran\u00e7a a Frei Diego, em sinal da nossa gratid\u00e3o em estar juntos e poder celebrar esta ordena\u00e7\u00e3o&#8221;, disse o animador vocacional. A mesma gratid\u00e3o o neo-sacerdote tamb\u00e9m demonstrou nas suas palavras finais antes de dar a b\u00ean\u00e7\u00e3o final.<\/p>\n<hr \/>\n<p><em>Frei Roger Strapazzon (fotos) e Comunica\u00e7\u00e3o da Prov\u00edncia da Imaculada Concei\u00e7\u00e3o<\/em><\/p>\n","protected":false},"excerpt":{"rendered":"<p>Prim\u00edcias de Frei Jefferson Max<\/p>\n","protected":false},"author":3,"featured_media":236298,"comment_status":"open","ping_status":"open","sticky":false,"template":"","format":"standard","meta":[],"categories":[1],"tags":[157,167],"acf":[],"yoast_head":"<!-- This site is optimized with the Yoast SEO plugin v19.2 - https:\/\/yoast.com\/wordpress\/plugins\/seo\/ -->\n<title>Frei Jefferson inicia o seu Minist\u00e9rio Presbiteral - Not\u00edcias - Franciscanos<\/title>\n<meta name=\"robots\" content=\"index, follow, max-snippet:-1, max-image-preview:large, max-video-preview:-1\" \/>\n<link rel=\"canonical\" href=\"https:\/\/franciscanos.org.br\/noticias\/frei-jefferson-inicia-o-seu-ministerio-presbiteral.html\" \/>\n<meta property=\"og:locale\" content=\"pt_BR\" \/>\n<meta property=\"og:type\" content=\"article\" \/>\n<meta property=\"og:title\" content=\"Frei Jefferson inicia o seu Minist\u00e9rio Presbiteral - Not\u00edcias - Franciscanos\" \/>\n<meta property=\"og:description\" content=\"Prim\u00edcias de Frei Jefferson Max\" \/>\n<meta property=\"og:url\" content=\"https:\/\/franciscanos.org.br\/noticias\/frei-jefferson-inicia-o-seu-ministerio-presbiteral.html\" \/>\n<meta property=\"og:site_name\" content=\"Not\u00edcias - Franciscanos\" \/>\n<meta property=\"article:published_time\" content=\"2022-01-30T19:13:37+00:00\" \/>\n<meta property=\"article:modified_time\" content=\"2023-01-03T17:39:36+00:00\" \/>\n<meta property=\"og:image\" content=\"https:\/\/franciscanos.org.br\/noticias\/wp-content\/uploads\/2022\/01\/primeira_3001_5.jpg\" \/>\n\t<meta property=\"og:image:width\" content=\"1244\" \/>\n\t<meta property=\"og:image:height\" content=\"700\" \/>\n\t<meta property=\"og:image:type\" content=\"image\/jpeg\" \/>\n<meta name=\"author\" content=\"moacir\" \/>\n<meta name=\"twitter:card\" content=\"summary_large_image\" \/>\n<meta name=\"twitter:label1\" content=\"Escrito por\" \/>\n\t<meta name=\"twitter:data1\" content=\"moacir\" \/>\n\t<meta name=\"twitter:label2\" content=\"Est. tempo de leitura\" \/>\n\t<meta name=\"twitter:data2\" content=\"8 minutos\" \/>\n<script type=\"application\/ld+json\" class=\"yoast-schema-graph\">{\"@context\":\"https:\/\/schema.org\",\"@graph\":[{\"@type\":\"WebSite\",\"@id\":\"https:\/\/franciscanos.org.br\/noticias\/#website\",\"url\":\"https:\/\/franciscanos.org.br\/noticias\/\",\"name\":\"Not\u00edcias - Franciscanos\",\"description\":\"Prov\u00edncia Franciscana da Imaculada Concei\u00e7\u00e3o do Brasil - Ordem dos Frades Menores - OFM\",\"potentialAction\":[{\"@type\":\"SearchAction\",\"target\":{\"@type\":\"EntryPoint\",\"urlTemplate\":\"https:\/\/franciscanos.org.br\/noticias\/?s={search_term_string}\"},\"query-input\":\"required name=search_term_string\"}],\"inLanguage\":\"pt-BR\"},{\"@type\":\"ImageObject\",\"inLanguage\":\"pt-BR\",\"@id\":\"https:\/\/franciscanos.org.br\/noticias\/frei-jefferson-inicia-o-seu-ministerio-presbiteral.html#primaryimage\",\"url\":\"https:\/\/franciscanos.org.br\/noticias\/wp-content\/uploads\/2022\/01\/primeira_3001_5.jpg\",\"contentUrl\":\"https:\/\/franciscanos.org.br\/noticias\/wp-content\/uploads\/2022\/01\/primeira_3001_5.jpg\",\"width\":1244,\"height\":700},{\"@type\":\"WebPage\",\"@id\":\"https:\/\/franciscanos.org.br\/noticias\/frei-jefferson-inicia-o-seu-ministerio-presbiteral.html#webpage\",\"url\":\"https:\/\/franciscanos.org.br\/noticias\/frei-jefferson-inicia-o-seu-ministerio-presbiteral.html\",\"name\":\"Frei Jefferson inicia o seu Minist\u00e9rio Presbiteral - Not\u00edcias - Franciscanos\",\"isPartOf\":{\"@id\":\"https:\/\/franciscanos.org.br\/noticias\/#website\"},\"primaryImageOfPage\":{\"@id\":\"https:\/\/franciscanos.org.br\/noticias\/frei-jefferson-inicia-o-seu-ministerio-presbiteral.html#primaryimage\"},\"datePublished\":\"2022-01-30T19:13:37+00:00\",\"dateModified\":\"2023-01-03T17:39:36+00:00\",\"author\":{\"@id\":\"https:\/\/franciscanos.org.br\/noticias\/#\/schema\/person\/b5c8cba458c330ccff548b056e95a5d4\"},\"breadcrumb\":{\"@id\":\"https:\/\/franciscanos.org.br\/noticias\/frei-jefferson-inicia-o-seu-ministerio-presbiteral.html#breadcrumb\"},\"inLanguage\":\"pt-BR\",\"potentialAction\":[{\"@type\":\"ReadAction\",\"target\":[\"https:\/\/franciscanos.org.br\/noticias\/frei-jefferson-inicia-o-seu-ministerio-presbiteral.html\"]}]},{\"@type\":\"BreadcrumbList\",\"@id\":\"https:\/\/franciscanos.org.br\/noticias\/frei-jefferson-inicia-o-seu-ministerio-presbiteral.html#breadcrumb\",\"itemListElement\":[{\"@type\":\"ListItem\",\"position\":1,\"name\":\"Home\",\"item\":\"https:\/\/franciscanos.org.br\/noticias\"},{\"@type\":\"ListItem\",\"position\":2,\"name\":\"Frei Jefferson inicia o seu Minist\u00e9rio Presbiteral\"}]},{\"@type\":\"Person\",\"@id\":\"https:\/\/franciscanos.org.br\/noticias\/#\/schema\/person\/b5c8cba458c330ccff548b056e95a5d4\",\"name\":\"moacir\",\"image\":{\"@type\":\"ImageObject\",\"inLanguage\":\"pt-BR\",\"@id\":\"https:\/\/franciscanos.org.br\/noticias\/#\/schema\/person\/image\/\",\"url\":\"https:\/\/secure.gravatar.com\/avatar\/d08aa2ce4c8dd416d4479aa8536fcf64?s=96&d=mm&r=g\",\"contentUrl\":\"https:\/\/secure.gravatar.com\/avatar\/d08aa2ce4c8dd416d4479aa8536fcf64?s=96&d=mm&r=g\",\"caption\":\"moacir\"},\"url\":\"https:\/\/franciscanos.org.br\/noticias\/author\/moacir\"}]}<\/script>\n<!-- \/ Yoast SEO plugin. -->","yoast_head_json":{"title":"Frei Jefferson inicia o seu Minist\u00e9rio Presbiteral - Not\u00edcias - Franciscanos","robots":{"index":"index","follow":"follow","max-snippet":"max-snippet:-1","max-image-preview":"max-image-preview:large","max-video-preview":"max-video-preview:-1"},"canonical":"https:\/\/franciscanos.org.br\/noticias\/frei-jefferson-inicia-o-seu-ministerio-presbiteral.html","og_locale":"pt_BR","og_type":"article","og_title":"Frei Jefferson inicia o seu Minist\u00e9rio Presbiteral - Not\u00edcias - Franciscanos","og_description":"Prim\u00edcias de Frei Jefferson Max","og_url":"https:\/\/franciscanos.org.br\/noticias\/frei-jefferson-inicia-o-seu-ministerio-presbiteral.html","og_site_name":"Not\u00edcias - Franciscanos","article_published_time":"2022-01-30T19:13:37+00:00","article_modified_time":"2023-01-03T17:39:36+00:00","og_image":[{"width":1244,"height":700,"url":"https:\/\/franciscanos.org.br\/noticias\/wp-content\/uploads\/2022\/01\/primeira_3001_5.jpg","type":"image\/jpeg"}],"author":"moacir","twitter_card":"summary_large_image","twitter_misc":{"Escrito por":"moacir","Est. tempo de leitura":"8 minutos"},"schema":{"@context":"https:\/\/schema.org","@graph":[{"@type":"WebSite","@id":"https:\/\/franciscanos.org.br\/noticias\/#website","url":"https:\/\/franciscanos.org.br\/noticias\/","name":"Not\u00edcias - Franciscanos","description":"Prov\u00edncia Franciscana da Imaculada Concei\u00e7\u00e3o do Brasil - Ordem dos Frades Menores - OFM","potentialAction":[{"@type":"SearchAction","target":{"@type":"EntryPoint","urlTemplate":"https:\/\/franciscanos.org.br\/noticias\/?s={search_term_string}"},"query-input":"required name=search_term_string"}],"inLanguage":"pt-BR"},{"@type":"ImageObject","inLanguage":"pt-BR","@id":"https:\/\/franciscanos.org.br\/noticias\/frei-jefferson-inicia-o-seu-ministerio-presbiteral.html#primaryimage","url":"https:\/\/franciscanos.org.br\/noticias\/wp-content\/uploads\/2022\/01\/primeira_3001_5.jpg","contentUrl":"https:\/\/franciscanos.org.br\/noticias\/wp-content\/uploads\/2022\/01\/primeira_3001_5.jpg","width":1244,"height":700},{"@type":"WebPage","@id":"https:\/\/franciscanos.org.br\/noticias\/frei-jefferson-inicia-o-seu-ministerio-presbiteral.html#webpage","url":"https:\/\/franciscanos.org.br\/noticias\/frei-jefferson-inicia-o-seu-ministerio-presbiteral.html","name":"Frei Jefferson inicia o seu Minist\u00e9rio Presbiteral - Not\u00edcias - Franciscanos","isPartOf":{"@id":"https:\/\/franciscanos.org.br\/noticias\/#website"},"primaryImageOfPage":{"@id":"https:\/\/franciscanos.org.br\/noticias\/frei-jefferson-inicia-o-seu-ministerio-presbiteral.html#primaryimage"},"datePublished":"2022-01-30T19:13:37+00:00","dateModified":"2023-01-03T17:39:36+00:00","author":{"@id":"https:\/\/franciscanos.org.br\/noticias\/#\/schema\/person\/b5c8cba458c330ccff548b056e95a5d4"},"breadcrumb":{"@id":"https:\/\/franciscanos.org.br\/noticias\/frei-jefferson-inicia-o-seu-ministerio-presbiteral.html#breadcrumb"},"inLanguage":"pt-BR","potentialAction":[{"@type":"ReadAction","target":["https:\/\/franciscanos.org.br\/noticias\/frei-jefferson-inicia-o-seu-ministerio-presbiteral.html"]}]},{"@type":"BreadcrumbList","@id":"https:\/\/franciscanos.org.br\/noticias\/frei-jefferson-inicia-o-seu-ministerio-presbiteral.html#breadcrumb","itemListElement":[{"@type":"ListItem","position":1,"name":"Home","item":"https:\/\/franciscanos.org.br\/noticias"},{"@type":"ListItem","position":2,"name":"Frei Jefferson inicia o seu Minist\u00e9rio Presbiteral"}]},{"@type":"Person","@id":"https:\/\/franciscanos.org.br\/noticias\/#\/schema\/person\/b5c8cba458c330ccff548b056e95a5d4","name":"moacir","image":{"@type":"ImageObject","inLanguage":"pt-BR","@id":"https:\/\/franciscanos.org.br\/noticias\/#\/schema\/person\/image\/","url":"https:\/\/secure.gravatar.com\/avatar\/d08aa2ce4c8dd416d4479aa8536fcf64?s=96&d=mm&r=g","contentUrl":"https:\/\/secure.gravatar.com\/avatar\/d08aa2ce4c8dd416d4479aa8536fcf64?s=96&d=mm&r=g","caption":"moacir"},"url":"https:\/\/franciscanos.org.br\/noticias\/author\/moacir"}]}},"_links":{"self":[{"href":"https:\/\/franciscanos.org.br\/noticias\/wp-json\/wp\/v2\/posts\/236297"}],"collection":[{"href":"https:\/\/franciscanos.org.br\/noticias\/wp-json\/wp\/v2\/posts"}],"about":[{"href":"https:\/\/franciscanos.org.br\/noticias\/wp-json\/wp\/v2\/types\/post"}],"author":[{"embeddable":true,"href":"https:\/\/franciscanos.org.br\/noticias\/wp-json\/wp\/v2\/users\/3"}],"replies":[{"embeddable":true,"href":"https:\/\/franciscanos.org.br\/noticias\/wp-json\/wp\/v2\/comments?post=236297"}],"version-history":[{"count":3,"href":"https:\/\/franciscanos.org.br\/noticias\/wp-json\/wp\/v2\/posts\/236297\/revisions"}],"predecessor-version":[{"id":241547,"href":"https:\/\/franciscanos.org.br\/noticias\/wp-json\/wp\/v2\/posts\/236297\/revisions\/241547"}],"wp:featuredmedia":[{"embeddable":true,"href":"https:\/\/franciscanos.org.br\/noticias\/wp-json\/wp\/v2\/media\/236298"}],"wp:attachment":[{"href":"https:\/\/franciscanos.org.br\/noticias\/wp-json\/wp\/v2\/media?parent=236297"}],"wp:term":[{"taxonomy":"category","embeddable":true,"href":"https:\/\/franciscanos.org.br\/noticias\/wp-json\/wp\/v2\/categories?post=236297"},{"taxonomy":"post_tag","embeddable":true,"href":"https:\/\/franciscanos.org.br\/noticias\/wp-json\/wp\/v2\/tags?post=236297"}],"curies":[{"name":"wp","href":"https:\/\/api.w.org\/{rel}","templated":true}]}}