{"id":236272,"date":"2022-01-30T09:40:57","date_gmt":"2022-01-30T12:40:57","guid":{"rendered":"https:\/\/franciscanos.org.br\/noticias\/?p=236272"},"modified":"2022-01-30T09:40:57","modified_gmt":"2022-01-30T12:40:57","slug":"papa-diante-de-nossos-fechamentos-deus-nao-coloca-freios-em-seu-amor","status":"publish","type":"post","link":"https:\/\/franciscanos.org.br\/noticias\/papa-diante-de-nossos-fechamentos-deus-nao-coloca-freios-em-seu-amor.html","title":{"rendered":"Papa: diante de nossos fechamentos, Deus n\u00e3o coloca freios em seu amor"},"content":{"rendered":"<div id=\"attachment_236273\" style=\"width: 1510px\" class=\"wp-caption alignnone\"><img aria-describedby=\"caption-attachment-236273\" loading=\"lazy\" class=\"wp-image-236273 size-full\" src=\"https:\/\/franciscanos.org.br\/noticias\/wp-content\/uploads\/2022\/01\/angelus_3001.jpeg\" alt=\"\" width=\"1500\" height=\"844\" srcset=\"https:\/\/franciscanos.org.br\/noticias\/wp-content\/uploads\/2022\/01\/angelus_3001.jpeg 1500w, https:\/\/franciscanos.org.br\/noticias\/wp-content\/uploads\/2022\/01\/angelus_3001-450x253.jpeg 450w, https:\/\/franciscanos.org.br\/noticias\/wp-content\/uploads\/2022\/01\/angelus_3001-1024x576.jpeg 1024w, https:\/\/franciscanos.org.br\/noticias\/wp-content\/uploads\/2022\/01\/angelus_3001-768x432.jpeg 768w, https:\/\/franciscanos.org.br\/noticias\/wp-content\/uploads\/2022\/01\/angelus_3001-150x84.jpeg 150w\" sizes=\"(max-width: 1500px) 100vw, 1500px\" \/><p id=\"caption-attachment-236273\" class=\"wp-caption-text\"><em>Jovens da A\u00e7\u00e3o Cat\u00f3lica Italiana soltaram bal\u00f5es na Pra\u00e7a S\u00e3o Pedro, como sinal de esperan\u00e7a (Vatican Media)<\/em><\/p><\/div>\n<p>\u201cQue Nossa Senhora, modelo de humildade e disponibilidade, nos mostre o caminho para acolher Jesus.\u201d E para acolher as suas novidades, devemos purificar-nos no &#8220;rio da disponibilidade e em muitos banhos saud\u00e1veis de humildade.&#8221;<\/p>\n<p>A reflex\u00e3o do Papa Francisco no <em>Angelus<\/em> deste IV Domingo do Tempo Comum versa sobre a acolhida a Deus e seus des\u00edgnios, e parte do Evangelho de Lucas proposto pela Liturgia do dia, que \u201cnarra a primeira prega\u00e7\u00e3o de Jesus em sua cidade, Nazar\u00e9\u201d, e &#8220;o \u00eaxito foi amargo&#8221;, encontra &#8220;incompreens\u00e3o e tamb\u00e9m hostilidade&#8221;.<\/p>\n<p>De fato, &#8220;seus conterr\u00e2neos, mais do que uma palavra de verdade \u2013 come\u00e7a explicando Francisco aos fi\u00e9is reunidos na Pra\u00e7a S\u00e3o Pedro &#8211; queriam milagres, sinais prodigiosos\u201d. Mas \u201co Senhor n\u00e3o realiza nenhum e eles o rejeitam, porque dizem que j\u00e1 o conhecem desde crian\u00e7a, que \u00e9 o filho de Jos\u00e9, e assim por diante\u201d, o que leva Jesus a pronunciar a c\u00e9lebre frase: &#8220;Nenhum profeta \u00e9 bem recebido em sua terra&#8221;.<\/p>\n<p><strong>Deus n\u00e3o coloca freios em seu amor<\/strong><\/p>\n<p>Mas se Jesus, conhecendo o cora\u00e7\u00e3o dos conhecidos e sabendo dos riscos que corria de ser rejeitado, por que foi pregar em sua cidade assim mesmo? &#8211; pergunta o Papa -, \u201dpor que fazer o bem a pessoas que n\u00e3o est\u00e3o dispostas a te acolher?\u201d: Essa \u00e9 uma pergunta que tamb\u00e9m n\u00f3s muitas vezes nos fazemos. Mas \u00e9 uma pergunta que nos ajuda a compreender melhor Deus: Ele, diante de nossos fechamentos, n\u00e3o retrocede: n\u00e3o coloca freios em seu amor. Vemos um reflexo disso naqueles pais que t\u00eam consci\u00eancia da ingratid\u00e3o de seus filhos, mas nem por isso deixam de am\u00e1-los e de fazer-lhes o bem. Deus \u00e9 assim, mas em um n\u00edvel muito mais elevado. E hoje ele convida tamb\u00e9m a n\u00f3s a acreditar no bem, a n\u00e3o deixar de fazer o bem.<\/p>\n<p><strong>Humildade e disponibilidade<\/strong><\/p>\n<p>\u201cEles n\u00e3o foram acolhedores, e n\u00f3s?\u201d. A hostilidade em rela\u00e7\u00e3o a Jesus \u2013 observou Francisco &#8211; tamb\u00e9m nos provoca. E para ilustrar os \u201cmodelos de acolhida que Jesus prop\u00f5e hoje a seus conterr\u00e2neos e a n\u00f3s\u201d, volta seu pensamento aos dois livros de Reis, que falam de dois estrangeiros \u2013 a vi\u00fava de Sarepta de Sid\u00f4nia e Naam\u00e3, o s\u00edrio \u2013 que acolhem Elias \u2013 \u201capesar da fome e embora o profeta fosse perseguido pol\u00edtico-religioso\u201d e Eliseu \u2013 \u201cque o levou a se humilhar, a banhar-se sete vezes no rio, como se fosse uma crian\u00e7a ignorante\u201d.<\/p>\n<p>Quer a vi\u00fava como Naam\u00e3, \u201cacolheram com sua disponibilidade e humildade. O modo de acolher Deus \u00e9 sempre ser dispon\u00edvel, acolh\u00ea-Lo e ser humilde&#8221;. Ou seja, a f\u00e9 passa pela \u201cdisponibilidade e humildade. Eles \u201cn\u00e3o rejeitaram os caminhos de Deus e de seus profetas; foram d\u00f3ceis, n\u00e3o r\u00edgidos e fechados\u201d:<br \/>\nIrm\u00e3os e irm\u00e3s, tamb\u00e9m Jesus percorre o caminho dos profetas: apresenta-se como n\u00e3o esper\u00e1vamos. N\u00e3o o encontra quem procura milagres, se n\u00f3s buscarmos milagres n\u00e3o encontraremos Jesus, que busca novas sensa\u00e7\u00f5es, experi\u00eancias \u00edntimas, coisas estranhas, n\u00e3o! Quem busca uma f\u00e9 feita de poder e sinais externos. N\u00e3o, n\u00e3o o encontrar\u00e1. Somente o encontra, por outro lado, quem aceita seus caminhos e seus desafios, sem lamenta\u00e7\u00f5es, sem suspeitas, sem cr\u00edticas e sem cara feia.<\/p>\n<p><strong>Para evitar fechamentos, o Senhor pede mente aberta e cora\u00e7\u00e3o simples<\/strong><\/p>\n<p>Assim, Jesus nos pede para acolh\u00ea-Lo na realidade cotidiana, na Igreja de hoje, nos necessitados, nos problemas na fam\u00edlia, nos pais, nos filhos, nos av\u00f3s, &#8220;acolher Deus ali, onde Ele est\u00e1, e nos convida a nos purificarmos no rio da disponibilidade e em muitos banhos saud\u00e1veis \u200b\u200bde humildade. \u00c9 preciso humildade para encontrar Deus, para deixar-se encontrar por Ele\u201d: E n\u00f3s, somos acolhedores ou nos assemelhamos aos seus conterr\u00e2neos, que achavam que sabiam tudo sobre ele? &#8216;Eu estudei teologia, fiz aquele curso de catequese&#8230;eu sei tudo sobre Jesus&#8217;, como um &#8220;tolo&#8221;&#8230; N\u00e3o seja tolo, tu n\u00e3o conheces Jesus. Quem sabe, depois de tantos anos sendo crentes, pensamos que conhecemos bem o Senhor, com nossas ideias e nossos julgamentos, tantas vezes. O risco \u00e9 de nos acostumarmos com Jesus, fechando-nos \u00e0s suas novidades, ao momento em que Ele bate \u00e0 porta e te diz uma coisa nova, quer entrar em ti. N\u00f3s devemos sair desse estar fixos em nossas posi\u00e7\u00f5es. O Senhor pede uma mente aberta e um cora\u00e7\u00e3o simples. E quando uma pessoa tem uma mente aberta, um cora\u00e7\u00e3o simples, tem a capacidade de surpreender-se, de maravilhar-se. O Senhor nos surpreende sempre, \u00e9 esta a beleza do encontro com Jesus&#8221;.<\/p>\n<p>Que Nossa Senhora, modelo de humildade e disponibilidade &#8211; disse ao concluir &#8211; nos mostre o caminho para acolher Jesus!<\/p>\n<hr \/>\n<p><em>Fonte: Vatican News (texto de Jackson Erpen)<\/em><\/p>\n","protected":false},"excerpt":{"rendered":"<p>Angelus<\/p>\n","protected":false},"author":3,"featured_media":236273,"comment_status":"open","ping_status":"open","sticky":false,"template":"","format":"standard","meta":[],"categories":[1428],"tags":[403],"acf":[],"yoast_head":"<!-- This site is optimized with the Yoast SEO plugin v19.2 - https:\/\/yoast.com\/wordpress\/plugins\/seo\/ -->\n<title>Papa: diante de nossos fechamentos, Deus n\u00e3o coloca freios em seu amor - Not\u00edcias - Franciscanos<\/title>\n<meta name=\"robots\" content=\"index, follow, max-snippet:-1, max-image-preview:large, max-video-preview:-1\" \/>\n<link rel=\"canonical\" href=\"https:\/\/franciscanos.org.br\/noticias\/papa-diante-de-nossos-fechamentos-deus-nao-coloca-freios-em-seu-amor.html\" \/>\n<meta property=\"og:locale\" content=\"pt_BR\" \/>\n<meta property=\"og:type\" content=\"article\" \/>\n<meta property=\"og:title\" content=\"Papa: diante de nossos fechamentos, Deus n\u00e3o coloca freios em seu amor - Not\u00edcias - Franciscanos\" \/>\n<meta property=\"og:description\" content=\"Angelus\" \/>\n<meta property=\"og:url\" content=\"https:\/\/franciscanos.org.br\/noticias\/papa-diante-de-nossos-fechamentos-deus-nao-coloca-freios-em-seu-amor.html\" \/>\n<meta property=\"og:site_name\" content=\"Not\u00edcias - Franciscanos\" \/>\n<meta property=\"article:published_time\" content=\"2022-01-30T12:40:57+00:00\" \/>\n<meta property=\"og:image\" content=\"https:\/\/franciscanos.org.br\/noticias\/wp-content\/uploads\/2022\/01\/angelus_3001.jpeg\" \/>\n\t<meta property=\"og:image:width\" content=\"1500\" \/>\n\t<meta property=\"og:image:height\" content=\"844\" \/>\n\t<meta property=\"og:image:type\" content=\"image\/jpeg\" \/>\n<meta name=\"author\" content=\"moacir\" \/>\n<meta name=\"twitter:card\" content=\"summary_large_image\" \/>\n<meta name=\"twitter:label1\" content=\"Escrito por\" \/>\n\t<meta name=\"twitter:data1\" content=\"moacir\" \/>\n\t<meta name=\"twitter:label2\" content=\"Est. tempo de leitura\" \/>\n\t<meta name=\"twitter:data2\" content=\"4 minutos\" \/>\n<script type=\"application\/ld+json\" class=\"yoast-schema-graph\">{\"@context\":\"https:\/\/schema.org\",\"@graph\":[{\"@type\":\"WebSite\",\"@id\":\"https:\/\/franciscanos.org.br\/noticias\/#website\",\"url\":\"https:\/\/franciscanos.org.br\/noticias\/\",\"name\":\"Not\u00edcias - Franciscanos\",\"description\":\"Prov\u00edncia Franciscana da Imaculada Concei\u00e7\u00e3o do Brasil - Ordem dos Frades Menores - OFM\",\"potentialAction\":[{\"@type\":\"SearchAction\",\"target\":{\"@type\":\"EntryPoint\",\"urlTemplate\":\"https:\/\/franciscanos.org.br\/noticias\/?s={search_term_string}\"},\"query-input\":\"required name=search_term_string\"}],\"inLanguage\":\"pt-BR\"},{\"@type\":\"ImageObject\",\"inLanguage\":\"pt-BR\",\"@id\":\"https:\/\/franciscanos.org.br\/noticias\/papa-diante-de-nossos-fechamentos-deus-nao-coloca-freios-em-seu-amor.html#primaryimage\",\"url\":\"https:\/\/franciscanos.org.br\/noticias\/wp-content\/uploads\/2022\/01\/angelus_3001.jpeg\",\"contentUrl\":\"https:\/\/franciscanos.org.br\/noticias\/wp-content\/uploads\/2022\/01\/angelus_3001.jpeg\",\"width\":1500,\"height\":844},{\"@type\":\"WebPage\",\"@id\":\"https:\/\/franciscanos.org.br\/noticias\/papa-diante-de-nossos-fechamentos-deus-nao-coloca-freios-em-seu-amor.html#webpage\",\"url\":\"https:\/\/franciscanos.org.br\/noticias\/papa-diante-de-nossos-fechamentos-deus-nao-coloca-freios-em-seu-amor.html\",\"name\":\"Papa: diante de nossos fechamentos, Deus n\u00e3o coloca freios em seu amor - Not\u00edcias - Franciscanos\",\"isPartOf\":{\"@id\":\"https:\/\/franciscanos.org.br\/noticias\/#website\"},\"primaryImageOfPage\":{\"@id\":\"https:\/\/franciscanos.org.br\/noticias\/papa-diante-de-nossos-fechamentos-deus-nao-coloca-freios-em-seu-amor.html#primaryimage\"},\"datePublished\":\"2022-01-30T12:40:57+00:00\",\"dateModified\":\"2022-01-30T12:40:57+00:00\",\"author\":{\"@id\":\"https:\/\/franciscanos.org.br\/noticias\/#\/schema\/person\/b5c8cba458c330ccff548b056e95a5d4\"},\"breadcrumb\":{\"@id\":\"https:\/\/franciscanos.org.br\/noticias\/papa-diante-de-nossos-fechamentos-deus-nao-coloca-freios-em-seu-amor.html#breadcrumb\"},\"inLanguage\":\"pt-BR\",\"potentialAction\":[{\"@type\":\"ReadAction\",\"target\":[\"https:\/\/franciscanos.org.br\/noticias\/papa-diante-de-nossos-fechamentos-deus-nao-coloca-freios-em-seu-amor.html\"]}]},{\"@type\":\"BreadcrumbList\",\"@id\":\"https:\/\/franciscanos.org.br\/noticias\/papa-diante-de-nossos-fechamentos-deus-nao-coloca-freios-em-seu-amor.html#breadcrumb\",\"itemListElement\":[{\"@type\":\"ListItem\",\"position\":1,\"name\":\"Home\",\"item\":\"https:\/\/franciscanos.org.br\/noticias\"},{\"@type\":\"ListItem\",\"position\":2,\"name\":\"Papa: diante de nossos fechamentos, Deus n\u00e3o coloca freios em seu amor\"}]},{\"@type\":\"Person\",\"@id\":\"https:\/\/franciscanos.org.br\/noticias\/#\/schema\/person\/b5c8cba458c330ccff548b056e95a5d4\",\"name\":\"moacir\",\"image\":{\"@type\":\"ImageObject\",\"inLanguage\":\"pt-BR\",\"@id\":\"https:\/\/franciscanos.org.br\/noticias\/#\/schema\/person\/image\/\",\"url\":\"https:\/\/secure.gravatar.com\/avatar\/d08aa2ce4c8dd416d4479aa8536fcf64?s=96&d=mm&r=g\",\"contentUrl\":\"https:\/\/secure.gravatar.com\/avatar\/d08aa2ce4c8dd416d4479aa8536fcf64?s=96&d=mm&r=g\",\"caption\":\"moacir\"},\"url\":\"https:\/\/franciscanos.org.br\/noticias\/author\/moacir\"}]}<\/script>\n<!-- \/ Yoast SEO plugin. -->","yoast_head_json":{"title":"Papa: diante de nossos fechamentos, Deus n\u00e3o coloca freios em seu amor - Not\u00edcias - Franciscanos","robots":{"index":"index","follow":"follow","max-snippet":"max-snippet:-1","max-image-preview":"max-image-preview:large","max-video-preview":"max-video-preview:-1"},"canonical":"https:\/\/franciscanos.org.br\/noticias\/papa-diante-de-nossos-fechamentos-deus-nao-coloca-freios-em-seu-amor.html","og_locale":"pt_BR","og_type":"article","og_title":"Papa: diante de nossos fechamentos, Deus n\u00e3o coloca freios em seu amor - Not\u00edcias - Franciscanos","og_description":"Angelus","og_url":"https:\/\/franciscanos.org.br\/noticias\/papa-diante-de-nossos-fechamentos-deus-nao-coloca-freios-em-seu-amor.html","og_site_name":"Not\u00edcias - Franciscanos","article_published_time":"2022-01-30T12:40:57+00:00","og_image":[{"width":1500,"height":844,"url":"https:\/\/franciscanos.org.br\/noticias\/wp-content\/uploads\/2022\/01\/angelus_3001.jpeg","type":"image\/jpeg"}],"author":"moacir","twitter_card":"summary_large_image","twitter_misc":{"Escrito por":"moacir","Est. tempo de leitura":"4 minutos"},"schema":{"@context":"https:\/\/schema.org","@graph":[{"@type":"WebSite","@id":"https:\/\/franciscanos.org.br\/noticias\/#website","url":"https:\/\/franciscanos.org.br\/noticias\/","name":"Not\u00edcias - Franciscanos","description":"Prov\u00edncia Franciscana da Imaculada Concei\u00e7\u00e3o do Brasil - Ordem dos Frades Menores - OFM","potentialAction":[{"@type":"SearchAction","target":{"@type":"EntryPoint","urlTemplate":"https:\/\/franciscanos.org.br\/noticias\/?s={search_term_string}"},"query-input":"required name=search_term_string"}],"inLanguage":"pt-BR"},{"@type":"ImageObject","inLanguage":"pt-BR","@id":"https:\/\/franciscanos.org.br\/noticias\/papa-diante-de-nossos-fechamentos-deus-nao-coloca-freios-em-seu-amor.html#primaryimage","url":"https:\/\/franciscanos.org.br\/noticias\/wp-content\/uploads\/2022\/01\/angelus_3001.jpeg","contentUrl":"https:\/\/franciscanos.org.br\/noticias\/wp-content\/uploads\/2022\/01\/angelus_3001.jpeg","width":1500,"height":844},{"@type":"WebPage","@id":"https:\/\/franciscanos.org.br\/noticias\/papa-diante-de-nossos-fechamentos-deus-nao-coloca-freios-em-seu-amor.html#webpage","url":"https:\/\/franciscanos.org.br\/noticias\/papa-diante-de-nossos-fechamentos-deus-nao-coloca-freios-em-seu-amor.html","name":"Papa: diante de nossos fechamentos, Deus n\u00e3o coloca freios em seu amor - Not\u00edcias - Franciscanos","isPartOf":{"@id":"https:\/\/franciscanos.org.br\/noticias\/#website"},"primaryImageOfPage":{"@id":"https:\/\/franciscanos.org.br\/noticias\/papa-diante-de-nossos-fechamentos-deus-nao-coloca-freios-em-seu-amor.html#primaryimage"},"datePublished":"2022-01-30T12:40:57+00:00","dateModified":"2022-01-30T12:40:57+00:00","author":{"@id":"https:\/\/franciscanos.org.br\/noticias\/#\/schema\/person\/b5c8cba458c330ccff548b056e95a5d4"},"breadcrumb":{"@id":"https:\/\/franciscanos.org.br\/noticias\/papa-diante-de-nossos-fechamentos-deus-nao-coloca-freios-em-seu-amor.html#breadcrumb"},"inLanguage":"pt-BR","potentialAction":[{"@type":"ReadAction","target":["https:\/\/franciscanos.org.br\/noticias\/papa-diante-de-nossos-fechamentos-deus-nao-coloca-freios-em-seu-amor.html"]}]},{"@type":"BreadcrumbList","@id":"https:\/\/franciscanos.org.br\/noticias\/papa-diante-de-nossos-fechamentos-deus-nao-coloca-freios-em-seu-amor.html#breadcrumb","itemListElement":[{"@type":"ListItem","position":1,"name":"Home","item":"https:\/\/franciscanos.org.br\/noticias"},{"@type":"ListItem","position":2,"name":"Papa: diante de nossos fechamentos, Deus n\u00e3o coloca freios em seu amor"}]},{"@type":"Person","@id":"https:\/\/franciscanos.org.br\/noticias\/#\/schema\/person\/b5c8cba458c330ccff548b056e95a5d4","name":"moacir","image":{"@type":"ImageObject","inLanguage":"pt-BR","@id":"https:\/\/franciscanos.org.br\/noticias\/#\/schema\/person\/image\/","url":"https:\/\/secure.gravatar.com\/avatar\/d08aa2ce4c8dd416d4479aa8536fcf64?s=96&d=mm&r=g","contentUrl":"https:\/\/secure.gravatar.com\/avatar\/d08aa2ce4c8dd416d4479aa8536fcf64?s=96&d=mm&r=g","caption":"moacir"},"url":"https:\/\/franciscanos.org.br\/noticias\/author\/moacir"}]}},"_links":{"self":[{"href":"https:\/\/franciscanos.org.br\/noticias\/wp-json\/wp\/v2\/posts\/236272"}],"collection":[{"href":"https:\/\/franciscanos.org.br\/noticias\/wp-json\/wp\/v2\/posts"}],"about":[{"href":"https:\/\/franciscanos.org.br\/noticias\/wp-json\/wp\/v2\/types\/post"}],"author":[{"embeddable":true,"href":"https:\/\/franciscanos.org.br\/noticias\/wp-json\/wp\/v2\/users\/3"}],"replies":[{"embeddable":true,"href":"https:\/\/franciscanos.org.br\/noticias\/wp-json\/wp\/v2\/comments?post=236272"}],"version-history":[{"count":1,"href":"https:\/\/franciscanos.org.br\/noticias\/wp-json\/wp\/v2\/posts\/236272\/revisions"}],"predecessor-version":[{"id":236274,"href":"https:\/\/franciscanos.org.br\/noticias\/wp-json\/wp\/v2\/posts\/236272\/revisions\/236274"}],"wp:featuredmedia":[{"embeddable":true,"href":"https:\/\/franciscanos.org.br\/noticias\/wp-json\/wp\/v2\/media\/236273"}],"wp:attachment":[{"href":"https:\/\/franciscanos.org.br\/noticias\/wp-json\/wp\/v2\/media?parent=236272"}],"wp:term":[{"taxonomy":"category","embeddable":true,"href":"https:\/\/franciscanos.org.br\/noticias\/wp-json\/wp\/v2\/categories?post=236272"},{"taxonomy":"post_tag","embeddable":true,"href":"https:\/\/franciscanos.org.br\/noticias\/wp-json\/wp\/v2\/tags?post=236272"}],"curies":[{"name":"wp","href":"https:\/\/api.w.org\/{rel}","templated":true}]}}