{"id":236248,"date":"2022-01-30T00:14:56","date_gmt":"2022-01-30T03:14:56","guid":{"rendered":"https:\/\/franciscanos.org.br\/noticias\/?p=236248"},"modified":"2023-01-03T14:41:07","modified_gmt":"2023-01-03T17:41:07","slug":"d-celso-ordena-frei-jefferson-e-indica-um-itinerario-para-seu-presbiterato","status":"publish","type":"post","link":"https:\/\/franciscanos.org.br\/noticias\/d-celso-ordena-frei-jefferson-e-indica-um-itinerario-para-seu-presbiterato.html","title":{"rendered":"D. Celso ordena Frei Jefferson e indica um itiner\u00e1rio para seu presbiterato"},"content":{"rendered":"<p><img loading=\"lazy\" class=\"alignnone size-full wp-image-236250\" src=\"https:\/\/franciscanos.org.br\/noticias\/wp-content\/uploads\/2022\/01\/ordenacao_2901_1.jpg\" alt=\"\" width=\"1280\" height=\"720\" srcset=\"https:\/\/franciscanos.org.br\/noticias\/wp-content\/uploads\/2022\/01\/ordenacao_2901_1.jpg 1280w, https:\/\/franciscanos.org.br\/noticias\/wp-content\/uploads\/2022\/01\/ordenacao_2901_1-450x253.jpg 450w, https:\/\/franciscanos.org.br\/noticias\/wp-content\/uploads\/2022\/01\/ordenacao_2901_1-1024x576.jpg 1024w, https:\/\/franciscanos.org.br\/noticias\/wp-content\/uploads\/2022\/01\/ordenacao_2901_1-768x432.jpg 768w, https:\/\/franciscanos.org.br\/noticias\/wp-content\/uploads\/2022\/01\/ordenacao_2901_1-150x84.jpg 150w\" sizes=\"(max-width: 1280px) 100vw, 1280px\" \/><\/p>\n<p><strong>Arauc\u00e1ria (PR)<\/strong> \u2013 &#8220;Ser um padre de palavra e da Palavra; ser um padre da Eucaristia e da caridade; e lembrar que o sacerd\u00f3cio \u00e9 um dom e, como dom, precisa ser cuidado&#8221;. Com esse itiner\u00e1rio e pela imposi\u00e7\u00e3o de suas m\u00e3os, Dom Celso Ant\u00f4nio Marchiori, bispo da Diocese de S\u00e3o Jos\u00e9 dos Pinhais (PR), concedeu a Frei Jefferson Max Nunes Maciel o segundo grau do sacramento da Ordem durante a Celebra\u00e7\u00e3o Eucar\u00edstica neste s\u00e1bado, 29 de janeiro, \u00e0s 19h00, na Igreja Matriz da Par\u00f3quia Senhor Bom Jesus, em Arauc\u00e1ria (PR). Momento de f\u00e9 e gratid\u00e3o para o jovem presb\u00edtero franciscano, para a fam\u00edlia, para a Prov\u00edncia da Imaculada Concei\u00e7\u00e3o e para o povo de Deus.<\/p>\n<p>Durante duas horas, o povo participou desse momento hist\u00f3rico na vida de Frei Jefferson, assim como seus confrades especialmente da regi\u00e3o de Curitiba, o p\u00e1roco Frei Diego Santos de Souza, OAD, familiares e amigos. Frei Jefferson teve ao seu lado, na prociss\u00e3o de entrada, o pai Val\u00f3dio Tibes Maciel e a m\u00e3e Maria En\u00e9sia Nunes.<\/p>\n<p><img loading=\"lazy\" class=\"alignnone size-full wp-image-236251\" src=\"https:\/\/franciscanos.org.br\/noticias\/wp-content\/uploads\/2022\/01\/ordenacao_2901_2.jpg\" alt=\"\" width=\"1280\" height=\"853\" srcset=\"https:\/\/franciscanos.org.br\/noticias\/wp-content\/uploads\/2022\/01\/ordenacao_2901_2.jpg 1280w, https:\/\/franciscanos.org.br\/noticias\/wp-content\/uploads\/2022\/01\/ordenacao_2901_2-450x300.jpg 450w, https:\/\/franciscanos.org.br\/noticias\/wp-content\/uploads\/2022\/01\/ordenacao_2901_2-1024x682.jpg 1024w, https:\/\/franciscanos.org.br\/noticias\/wp-content\/uploads\/2022\/01\/ordenacao_2901_2-768x512.jpg 768w, https:\/\/franciscanos.org.br\/noticias\/wp-content\/uploads\/2022\/01\/ordenacao_2901_2-150x100.jpg 150w\" sizes=\"(max-width: 1280px) 100vw, 1280px\" \/><\/p>\n<p>O Evangelho foi proclamado pelo di\u00e1cono Frei Josemberg Cardozo Aranha, colega de turma de Frei Jefferson. Ap\u00f3s o Evangelho, o ordenando foi chamado a apresentar-se diante do bispo e da comunidade. Com um abra\u00e7o em seus familiares, como gesto de gratid\u00e3o pelo dom da vida e do exemplo deles recebido, colocou-se diante do bispo: \u201cEis-me aqui, Senhor\u201d, mostrando sua total disposi\u00e7\u00e3o em servir ao reino de Deus.<\/p>\n<p>A apresenta\u00e7\u00e3o do candidato ao sacerd\u00f3cio foi feita pelo Ministro Provincial da Prov\u00edncia da Imaculada Concei\u00e7\u00e3o, Frei Paulo Roberto Pereira, focada na confian\u00e7a e testemunho dos formadores da Prov\u00edncia e nas consultas ao povo de Deus. Segundo o Ministro Provincial, Frei Jefferson \u00a0&#8220;era digno para ser ordenado presb\u00edtero&#8221;.<\/p>\n<p><img loading=\"lazy\" class=\"alignnone size-full wp-image-236249\" src=\"https:\/\/franciscanos.org.br\/noticias\/wp-content\/uploads\/2022\/01\/ordenacao_2901_10.jpg\" alt=\"\" width=\"1201\" height=\"800\" srcset=\"https:\/\/franciscanos.org.br\/noticias\/wp-content\/uploads\/2022\/01\/ordenacao_2901_10.jpg 1201w, https:\/\/franciscanos.org.br\/noticias\/wp-content\/uploads\/2022\/01\/ordenacao_2901_10-450x300.jpg 450w, https:\/\/franciscanos.org.br\/noticias\/wp-content\/uploads\/2022\/01\/ordenacao_2901_10-1024x682.jpg 1024w, https:\/\/franciscanos.org.br\/noticias\/wp-content\/uploads\/2022\/01\/ordenacao_2901_10-768x512.jpg 768w, https:\/\/franciscanos.org.br\/noticias\/wp-content\/uploads\/2022\/01\/ordenacao_2901_10-150x100.jpg 150w\" sizes=\"(max-width: 1201px) 100vw, 1201px\" \/><\/p>\n<p>Pedida e aceita a ordena\u00e7\u00e3o, Dom Celso exortou o ordenando a colocar &#8220;a sua inteira confian\u00e7a Naquele que o chamou, naquele que fez o convite para esta voca\u00e7\u00e3o t\u00e3o sublime&#8221;, referindo ao lema sacerdotal escolhido por Frei Jefferson: \u201cSois, \u00f3 Senhor Deus, minha esperan\u00e7a, em V\u00f3s confio desde minha juventude\u201d.<\/p>\n<p>&#8220;A minha sauda\u00e7\u00e3o a todos e a todas com muito amor, carinho e ternura&#8221;, disse D. Celso, revelando que tem um apre\u00e7o muito grande pela espiritualidade franciscana. Ele contou que quando estudante de Filosofia chegou a pensar em se tornar franciscano, mas que no seu discernimento viu que &#8220;a vontade de Deus estaria aqui ou l\u00e1&#8221;.<\/p>\n<p><img loading=\"lazy\" class=\"alignnone size-full wp-image-236252\" src=\"https:\/\/franciscanos.org.br\/noticias\/wp-content\/uploads\/2022\/01\/ordenacao_2901_5.jpg\" alt=\"\" width=\"1244\" height=\"829\" srcset=\"https:\/\/franciscanos.org.br\/noticias\/wp-content\/uploads\/2022\/01\/ordenacao_2901_5.jpg 1244w, https:\/\/franciscanos.org.br\/noticias\/wp-content\/uploads\/2022\/01\/ordenacao_2901_5-450x300.jpg 450w, https:\/\/franciscanos.org.br\/noticias\/wp-content\/uploads\/2022\/01\/ordenacao_2901_5-1024x682.jpg 1024w, https:\/\/franciscanos.org.br\/noticias\/wp-content\/uploads\/2022\/01\/ordenacao_2901_5-768x512.jpg 768w, https:\/\/franciscanos.org.br\/noticias\/wp-content\/uploads\/2022\/01\/ordenacao_2901_5-150x100.jpg 150w\" sizes=\"(max-width: 1244px) 100vw, 1244px\" \/><\/p>\n<p><strong>TR\u00caS PONTOS PARA VIDA SACERDOTAL DE FREI JEFFERSON <\/strong><\/p>\n<p>Dirigindo-se a Frei Jefferson, Dom Celso indicou tr\u00eas pontos para o seu presbiterato:<\/p>\n<p><strong>1\u00ba ponto: Seja um padre de palavra e da Palavra.<\/strong><\/p>\n<p>&#8220;Seja honesto consigo mesmo, com Deus, com a Igreja, com o povo de Deus. Seja um homem de Palavra, fiel, vivendo sempre em comunh\u00e3o. Cuidado para n\u00e3o cair nas armadilhas das <em>fake news<\/em>. E olha, desculpe minha sinceridade, mas de <em>fake news<\/em> temos tamb\u00e9m pessoas travestidas de bispos, cardeais, \u00a0padres, religiosos e freis. N\u00e3o vamos cair nessa armadilha. Permane\u00e7amos em comunh\u00e3o com o Papa Francisco, permane\u00e7amos em comunh\u00e3o com o bispo, com a sua congrega\u00e7\u00e3o, com seus superiores, com seus confrades. Seja um homem de palavra. Seja um homem da Palavra de Deus. \u00c9 a Palavra de Deus que deve estar sempre ressoando em nossos l\u00e1bios para fazer ecoar no cora\u00e7\u00e3o das pessoas&#8221;, ensinou.<\/p>\n<p><img loading=\"lazy\" class=\"alignnone size-full wp-image-236253\" src=\"https:\/\/franciscanos.org.br\/noticias\/wp-content\/uploads\/2022\/01\/ordenacao_2901_3.jpg\" alt=\"\" width=\"1280\" height=\"853\" srcset=\"https:\/\/franciscanos.org.br\/noticias\/wp-content\/uploads\/2022\/01\/ordenacao_2901_3.jpg 1280w, https:\/\/franciscanos.org.br\/noticias\/wp-content\/uploads\/2022\/01\/ordenacao_2901_3-450x300.jpg 450w, https:\/\/franciscanos.org.br\/noticias\/wp-content\/uploads\/2022\/01\/ordenacao_2901_3-1024x682.jpg 1024w, https:\/\/franciscanos.org.br\/noticias\/wp-content\/uploads\/2022\/01\/ordenacao_2901_3-768x512.jpg 768w, https:\/\/franciscanos.org.br\/noticias\/wp-content\/uploads\/2022\/01\/ordenacao_2901_3-150x100.jpg 150w\" sizes=\"(max-width: 1280px) 100vw, 1280px\" \/><\/p>\n<p>O bispo alertou o ordenando que, no seu caminho, poder\u00e1 encontrar muitas resist\u00eancias. &#8220;Continue o seu caminho. N\u00e3o se deixe abater pelas cr\u00edticas, pelas maldades humanas &#8211; que existem muitas, inclusive dentro da pr\u00f3pria Igreja. Voc\u00ea sabe em quem botou a sua confian\u00e7a. O seu lema, tirado do Salmo 70, fala dessa confian\u00e7a no Senhor. \u00c9 no Senhor que voc\u00ea deve confiar. Ajude as pessoas a conhecerem a Palavra de Deus e a se transformarem por ela. Ajude a se habituarem na escuta da Palavra de Deus. Estamos no tempo sinodal e estamos exatamente na fase sinodal que \u00e9 a base da escuta. Ajude as pessoas a escutarem o que o Esp\u00edrito Santo tem a nos dizer. Ajude as pessoas a terem uma paix\u00e3o pela Palavra de Deus. Ajude as pessoas a buscarem a Palavra de Deus. Que n\u00f3s possamos experimentar o poder transformador da Palavra de Deus&#8221;, acrescentou.<\/p>\n\n\t\t<style type=\"text\/css\">\n\t\t\t#gallery-1 {\n\t\t\t\tmargin: auto;\n\t\t\t}\n\t\t\t#gallery-1 .gallery-item {\n\t\t\t\tfloat: left;\n\t\t\t\tmargin-top: 10px;\n\t\t\t\ttext-align: center;\n\t\t\t\twidth: 33%;\n\t\t\t}\n\t\t\t#gallery-1 img {\n\t\t\t\tborder: 2px solid #cfcfcf;\n\t\t\t}\n\t\t\t#gallery-1 .gallery-caption {\n\t\t\t\tmargin-left: 0;\n\t\t\t}\n\t\t\t\/* see gallery_shortcode() in wp-includes\/media.php *\/\n\t\t<\/style>\n\t\t<div id='gallery-1' class='gallery galleryid-236248 gallery-columns-3 gallery-size-thumbnail'><dl class='gallery-item'>\n\t\t\t<dt class='gallery-icon landscape'>\n\t\t\t\t<a href='https:\/\/franciscanos.org.br\/noticias\/wp-content\/uploads\/2022\/01\/ordenacao_2901_9.jpg'><img width=\"300\" height=\"300\" src=\"https:\/\/franciscanos.org.br\/noticias\/wp-content\/uploads\/2022\/01\/ordenacao_2901_9-300x300.jpg\" class=\"attachment-thumbnail size-thumbnail\" alt=\"\" loading=\"lazy\" srcset=\"https:\/\/franciscanos.org.br\/noticias\/wp-content\/uploads\/2022\/01\/ordenacao_2901_9-300x300.jpg 300w, https:\/\/franciscanos.org.br\/noticias\/wp-content\/uploads\/2022\/01\/ordenacao_2901_9-100x100.jpg 100w\" sizes=\"(max-width: 300px) 100vw, 300px\" \/><\/a>\n\t\t\t<\/dt><\/dl><dl class='gallery-item'>\n\t\t\t<dt class='gallery-icon landscape'>\n\t\t\t\t<a href='https:\/\/franciscanos.org.br\/noticias\/wp-content\/uploads\/2022\/01\/ordenacao_2901_9a.jpg'><img width=\"300\" height=\"300\" src=\"https:\/\/franciscanos.org.br\/noticias\/wp-content\/uploads\/2022\/01\/ordenacao_2901_9a-300x300.jpg\" class=\"attachment-thumbnail size-thumbnail\" alt=\"\" loading=\"lazy\" srcset=\"https:\/\/franciscanos.org.br\/noticias\/wp-content\/uploads\/2022\/01\/ordenacao_2901_9a-300x300.jpg 300w, https:\/\/franciscanos.org.br\/noticias\/wp-content\/uploads\/2022\/01\/ordenacao_2901_9a-100x100.jpg 100w\" sizes=\"(max-width: 300px) 100vw, 300px\" \/><\/a>\n\t\t\t<\/dt><\/dl><dl class='gallery-item'>\n\t\t\t<dt class='gallery-icon landscape'>\n\t\t\t\t<a href='https:\/\/franciscanos.org.br\/noticias\/wp-content\/uploads\/2022\/01\/ordenacao_2901_9b.jpg'><img width=\"300\" height=\"300\" src=\"https:\/\/franciscanos.org.br\/noticias\/wp-content\/uploads\/2022\/01\/ordenacao_2901_9b-300x300.jpg\" class=\"attachment-thumbnail size-thumbnail\" alt=\"\" loading=\"lazy\" srcset=\"https:\/\/franciscanos.org.br\/noticias\/wp-content\/uploads\/2022\/01\/ordenacao_2901_9b-300x300.jpg 300w, https:\/\/franciscanos.org.br\/noticias\/wp-content\/uploads\/2022\/01\/ordenacao_2901_9b-100x100.jpg 100w\" sizes=\"(max-width: 300px) 100vw, 300px\" \/><\/a>\n\t\t\t<\/dt><\/dl><br style=\"clear: both\" \/>\n\t\t<\/div>\n\n<p><em>\u00a0 \u00a0 \u00a0 \u00a0 \u00a0 \u00a0 \u00a0 \u00a0 \u00a0 \u00a0 \u00a0 \u00a0 \u00a0 \u00a0 \u00a0 \u00a0 \u00a0 \u00a0 \u00a0 \u00a0 \u00a0 \u00a0 \u00a0 \u00a0 \u00a0 \u00a0 \u00a0 \u00a0 (clique nas imagens para ampli\u00e1-las)<\/em><\/p>\n<p><strong>2\u00ba ponto: Seja um padre da Eucaristia e da caridade;<\/strong><\/p>\n<p>&#8220;Frei Jefferson, seja um homem da Eucaristia e da caridade. Celebre a Missa com muita devo\u00e7\u00e3o. Celebre a Missa diariamente. Celebre a Missa com muito amor pelo Deus Eucar\u00edstico. Al\u00e9m da Missa, busque frequentemente estar diante de Jesus na Eucaristia para conversar com Ele. Estar com Jesus. N\u00e3o tenhamos medo de gastar tempo com Jesus. Seja um homem apaixonado por Jesus Eucar\u00edstico e a Ele leve suas alegrias, suas ang\u00fastias, todos os seus sentimentos. Tenho certeza que Jesus nunca vai decepcionar voc\u00ea&#8221;, exortou.<\/p>\n<p>&#8220;Seja um homem da caridade. V\u00e1 ao encontro do povo, especialmente dos mais vulner\u00e1veis. N\u00e3o fique somente esperando que venham procur\u00e1-lo. V\u00e1 ao encontro das pessoas, de forma gratuita e generosa. N\u00f3s precisamos cuidar dos doentes, n\u00f3s precisamos cuidar dos que vivem angustiados. Voc\u00ea est\u00e1 sendo ordenado para curar as feridas d\u2019alma das pessoas. Mesmo cansado, mesmo fisicamente acabado, v\u00e1 ao encontro de quem precisa&#8221;, animou.<\/p>\n<p><img loading=\"lazy\" class=\"alignnone size-full wp-image-236257\" src=\"https:\/\/franciscanos.org.br\/noticias\/wp-content\/uploads\/2022\/01\/ordenacao_2901_8.jpg\" alt=\"\" width=\"1244\" height=\"829\" srcset=\"https:\/\/franciscanos.org.br\/noticias\/wp-content\/uploads\/2022\/01\/ordenacao_2901_8.jpg 1244w, https:\/\/franciscanos.org.br\/noticias\/wp-content\/uploads\/2022\/01\/ordenacao_2901_8-450x300.jpg 450w, https:\/\/franciscanos.org.br\/noticias\/wp-content\/uploads\/2022\/01\/ordenacao_2901_8-1024x682.jpg 1024w, https:\/\/franciscanos.org.br\/noticias\/wp-content\/uploads\/2022\/01\/ordenacao_2901_8-768x512.jpg 768w, https:\/\/franciscanos.org.br\/noticias\/wp-content\/uploads\/2022\/01\/ordenacao_2901_8-150x100.jpg 150w\" sizes=\"(max-width: 1244px) 100vw, 1244px\" \/><\/p>\n<p><strong>3\u00ba ponto: O sacerd\u00f3cio \u00e9 um dom;<\/strong><\/p>\n<p>&#8220;N\u00e3o somos n\u00f3s que queremos, n\u00e3o somos n\u00f3s que adquirimos. \u00c9 um dom, um presente de Deus. E como dom devemos ser como Nossa Senhora: ter uma atitude eterna de gratid\u00e3o. Por isso, agradecer sempre a Deus. Depois como dom, ele precisa ser cuidado, precisa ser cultivado. Assim como n\u00f3s cuidamos da nossa vida f\u00edsica, tamb\u00e9m precisamos cuidar da nossa voca\u00e7\u00e3o. Tamb\u00e9m do matrim\u00f4nio, da vida religiosa, da vida sacerdotal. O matrim\u00f4nio \u00e9 um dom, o sacerd\u00f3cio \u00e9 um dom, a vida religiosa \u00e9 um dom.\u00a0 \u00c9 preciso cuidar, regar diariamente com muito carinho, com muito amor, com muita humildade&#8221;, estimulou.<\/p>\n<p>&#8220;O sacerd\u00f3cio \u00e9 um dom. N\u00e3o \u00e9 algo que eu quero para mim. \u00c9 Deus que me chama. Eu posso pensar que estou sendo chamado, mas n\u00e3o estou. Muitas pessoas pensam que s\u00e3o chamadas, mas n\u00e3o s\u00e3o. A Igreja tem essa gra\u00e7a de discernir e confirmar&#8221;, observou.<\/p>\n<p><img loading=\"lazy\" class=\"alignnone size-full wp-image-236258\" src=\"https:\/\/franciscanos.org.br\/noticias\/wp-content\/uploads\/2022\/01\/ordenacao_2901_6.jpg\" alt=\"\" width=\"1244\" height=\"829\" srcset=\"https:\/\/franciscanos.org.br\/noticias\/wp-content\/uploads\/2022\/01\/ordenacao_2901_6.jpg 1244w, https:\/\/franciscanos.org.br\/noticias\/wp-content\/uploads\/2022\/01\/ordenacao_2901_6-450x300.jpg 450w, https:\/\/franciscanos.org.br\/noticias\/wp-content\/uploads\/2022\/01\/ordenacao_2901_6-1024x682.jpg 1024w, https:\/\/franciscanos.org.br\/noticias\/wp-content\/uploads\/2022\/01\/ordenacao_2901_6-768x512.jpg 768w, https:\/\/franciscanos.org.br\/noticias\/wp-content\/uploads\/2022\/01\/ordenacao_2901_6-150x100.jpg 150w\" sizes=\"(max-width: 1244px) 100vw, 1244px\" \/><\/p>\n<p>&#8220;Certamente, voc\u00ea j\u00e1 colocou dentro do seu cora\u00e7\u00e3o sentimentos de humildade do pr\u00f3prio fundador S\u00e3o Francisco de Assis. Pela humildade, voc\u00ea alcan\u00e7ar\u00e1 grandes gra\u00e7as para si mesmo, para a Igreja e para o povo de Deus. Que Nossa Senhora, M\u00e3e de Jesus, e S\u00e3o Jos\u00e9 intercedam sempre por voc\u00ea para que possa, com muita for\u00e7a e coragem, perseverar na sua miss\u00e3o. E como Maria, junto aos ap\u00f3stolos, saiba que ela est\u00e1 junto de voc\u00ea tamb\u00e9m. Ent\u00e3o, permane\u00e7a sempre com Maria em ora\u00e7\u00e3o, especialmente atrav\u00e9s da ora\u00e7\u00e3o do santo Ter\u00e7o&#8221;, concluiu.<\/p>\n<p><img loading=\"lazy\" class=\"alignnone size-full wp-image-236259\" src=\"https:\/\/franciscanos.org.br\/noticias\/wp-content\/uploads\/2022\/01\/ordenacao_2901_7.jpg\" alt=\"\" width=\"1244\" height=\"829\" srcset=\"https:\/\/franciscanos.org.br\/noticias\/wp-content\/uploads\/2022\/01\/ordenacao_2901_7.jpg 1244w, https:\/\/franciscanos.org.br\/noticias\/wp-content\/uploads\/2022\/01\/ordenacao_2901_7-450x300.jpg 450w, https:\/\/franciscanos.org.br\/noticias\/wp-content\/uploads\/2022\/01\/ordenacao_2901_7-1024x682.jpg 1024w, https:\/\/franciscanos.org.br\/noticias\/wp-content\/uploads\/2022\/01\/ordenacao_2901_7-768x512.jpg 768w, https:\/\/franciscanos.org.br\/noticias\/wp-content\/uploads\/2022\/01\/ordenacao_2901_7-150x100.jpg 150w\" sizes=\"(max-width: 1244px) 100vw, 1244px\" \/><\/p>\n<p><strong>O RITO<\/strong><\/p>\n<p>Ap\u00f3s a homilia, em di\u00e1logo com Dom Celso, Frei Jefferson afirmou e prometeu desempenhar a miss\u00e3o de presb\u00edtero com fidelidade, sabedoria e devo\u00e7\u00e3o, firmado na ora\u00e7\u00e3o e no Evangelho de Nosso Senhor Jesus Cristo. Prometeu ainda obedi\u00eancia e respeito aos bispos. Logo em seguida, em sinal de humildade e rever\u00eancia, Frei Jefferson prostrou-se por terra e todo o povo entoou a Ladainha de Todos os Santos e Santas para que Deus possa aben\u00e7oar, santificar e consagrar o servi\u00e7o ministerial de Frei Jefferson.<\/p>\n<p><strong><a href=\"https:\/\/franciscanos.org.br\/vidacrista\/entenda-o-rito-da-ordenacao-presbiteral\/#gsc.tab=0\">(LEIA MAIS SOBRE O RITO DA ORDENA\u00c7\u00c3O PRESBITERAL)<\/a><\/strong><\/p>\n<p>O rito, ent\u00e3o, chegou no momento central com a imposi\u00e7\u00e3o das m\u00e3os, um gesto de tradi\u00e7\u00e3o b\u00edblica e apost\u00f3lica, e a prece da ordena\u00e7\u00e3o. O bispo e todos os presb\u00edteros impuseram as m\u00e3os sobre Frei Jefferson, para que o Esp\u00edrito Santo possa iluminar e renovar o seu cora\u00e7\u00e3o no servi\u00e7o a Deus em favor de todo o povo de Deus.<\/p>\n<p><img loading=\"lazy\" class=\"alignnone size-full wp-image-236260\" src=\"https:\/\/franciscanos.org.br\/noticias\/wp-content\/uploads\/2022\/01\/ordenacao_2901_4.jpg\" alt=\"\" width=\"1127\" height=\"752\" srcset=\"https:\/\/franciscanos.org.br\/noticias\/wp-content\/uploads\/2022\/01\/ordenacao_2901_4.jpg 1127w, https:\/\/franciscanos.org.br\/noticias\/wp-content\/uploads\/2022\/01\/ordenacao_2901_4-450x300.jpg 450w, https:\/\/franciscanos.org.br\/noticias\/wp-content\/uploads\/2022\/01\/ordenacao_2901_4-1024x683.jpg 1024w, https:\/\/franciscanos.org.br\/noticias\/wp-content\/uploads\/2022\/01\/ordenacao_2901_4-768x512.jpg 768w, https:\/\/franciscanos.org.br\/noticias\/wp-content\/uploads\/2022\/01\/ordenacao_2901_4-150x100.jpg 150w\" sizes=\"(max-width: 1127px) 100vw, 1127px\" \/><\/p>\n<p>Terminada a ora\u00e7\u00e3o consecrat\u00f3ria, os pais trouxeram a estola e a casula, vestes que representam o trabalho assumido pelo neo-sacerdote. O Ministro Provincial e o Definidor Frei Daniel Dellandrea ajudaram Frei Jefferson a se vestir com os paramentos e, na sequ\u00eancia, p\u00f4s-se de joelhos diante do bispo para que este ungisse suas m\u00e3os com o \u00d3leo do Crisma e as atasse com uma fita que foi desamarrada pelo pais Val\u00f3dio e Maria En\u00e9sia. Eles tiveram a gra\u00e7a de receber a primeira b\u00ean\u00e7\u00e3o do filho presb\u00edtero.<\/p>\n<p>As oferendas do P\u00e3o e do Vinho foram trazidas por seus tios Almerindo Rodrigues Nunes e Luzia Celeste Borim Nunes. Dom Celso Ant\u00f4nio as entregou a Frei Jefferson como sinal da oferenda do povo que, de agora em diante, ele ir\u00e1 apresentar em cada Eucaristia: \u201cRecebe a oferenda do povo para apresent\u00e1-la a Deus. Toma consci\u00eancia do que vais fazer e p\u00f5e em pr\u00e1tica o que vais celebrar, conformando tua vida ao mist\u00e9rio da cruz do Senhor\u201d, rezou. Num gesto de comunh\u00e3o fraterna, representando a acolhida do neo-sacerdote entre os presb\u00edteros, Frei Jefferson recebeu o abra\u00e7o da paz de Dom Celso, de seus confrades, dos sacerdotes presentes e dos pais.<\/p>\n\n\t\t<style type=\"text\/css\">\n\t\t\t#gallery-2 {\n\t\t\t\tmargin: auto;\n\t\t\t}\n\t\t\t#gallery-2 .gallery-item {\n\t\t\t\tfloat: left;\n\t\t\t\tmargin-top: 10px;\n\t\t\t\ttext-align: center;\n\t\t\t\twidth: 20%;\n\t\t\t}\n\t\t\t#gallery-2 img {\n\t\t\t\tborder: 2px solid #cfcfcf;\n\t\t\t}\n\t\t\t#gallery-2 .gallery-caption {\n\t\t\t\tmargin-left: 0;\n\t\t\t}\n\t\t\t\/* see gallery_shortcode() in wp-includes\/media.php *\/\n\t\t<\/style>\n\t\t<div id='gallery-2' class='gallery galleryid-236248 gallery-columns-5 gallery-size-thumbnail'><dl class='gallery-item'>\n\t\t\t<dt class='gallery-icon landscape'>\n\t\t\t\t<a href='https:\/\/franciscanos.org.br\/noticias\/wp-content\/uploads\/2022\/01\/ordena_02.jpg'><img width=\"300\" height=\"300\" src=\"https:\/\/franciscanos.org.br\/noticias\/wp-content\/uploads\/2022\/01\/ordena_02-300x300.jpg\" class=\"attachment-thumbnail size-thumbnail\" alt=\"\" loading=\"lazy\" srcset=\"https:\/\/franciscanos.org.br\/noticias\/wp-content\/uploads\/2022\/01\/ordena_02-300x300.jpg 300w, https:\/\/franciscanos.org.br\/noticias\/wp-content\/uploads\/2022\/01\/ordena_02-100x100.jpg 100w\" sizes=\"(max-width: 300px) 100vw, 300px\" \/><\/a>\n\t\t\t<\/dt><\/dl><dl class='gallery-item'>\n\t\t\t<dt class='gallery-icon landscape'>\n\t\t\t\t<a href='https:\/\/franciscanos.org.br\/noticias\/wp-content\/uploads\/2022\/01\/ordena_03.jpg'><img width=\"300\" height=\"300\" src=\"https:\/\/franciscanos.org.br\/noticias\/wp-content\/uploads\/2022\/01\/ordena_03-300x300.jpg\" class=\"attachment-thumbnail size-thumbnail\" alt=\"\" loading=\"lazy\" srcset=\"https:\/\/franciscanos.org.br\/noticias\/wp-content\/uploads\/2022\/01\/ordena_03-300x300.jpg 300w, https:\/\/franciscanos.org.br\/noticias\/wp-content\/uploads\/2022\/01\/ordena_03-100x100.jpg 100w\" sizes=\"(max-width: 300px) 100vw, 300px\" \/><\/a>\n\t\t\t<\/dt><\/dl><dl class='gallery-item'>\n\t\t\t<dt class='gallery-icon landscape'>\n\t\t\t\t<a href='https:\/\/franciscanos.org.br\/noticias\/wp-content\/uploads\/2022\/01\/ordena_04.jpg'><img width=\"300\" height=\"300\" src=\"https:\/\/franciscanos.org.br\/noticias\/wp-content\/uploads\/2022\/01\/ordena_04-300x300.jpg\" class=\"attachment-thumbnail size-thumbnail\" alt=\"\" loading=\"lazy\" srcset=\"https:\/\/franciscanos.org.br\/noticias\/wp-content\/uploads\/2022\/01\/ordena_04-300x300.jpg 300w, https:\/\/franciscanos.org.br\/noticias\/wp-content\/uploads\/2022\/01\/ordena_04-100x100.jpg 100w\" sizes=\"(max-width: 300px) 100vw, 300px\" \/><\/a>\n\t\t\t<\/dt><\/dl><dl class='gallery-item'>\n\t\t\t<dt class='gallery-icon landscape'>\n\t\t\t\t<a href='https:\/\/franciscanos.org.br\/noticias\/wp-content\/uploads\/2022\/01\/ordena_05.jpg'><img width=\"300\" height=\"300\" src=\"https:\/\/franciscanos.org.br\/noticias\/wp-content\/uploads\/2022\/01\/ordena_05-300x300.jpg\" class=\"attachment-thumbnail size-thumbnail\" alt=\"\" loading=\"lazy\" srcset=\"https:\/\/franciscanos.org.br\/noticias\/wp-content\/uploads\/2022\/01\/ordena_05-300x300.jpg 300w, https:\/\/franciscanos.org.br\/noticias\/wp-content\/uploads\/2022\/01\/ordena_05-100x100.jpg 100w\" sizes=\"(max-width: 300px) 100vw, 300px\" \/><\/a>\n\t\t\t<\/dt><\/dl><dl class='gallery-item'>\n\t\t\t<dt class='gallery-icon landscape'>\n\t\t\t\t<a href='https:\/\/franciscanos.org.br\/noticias\/wp-content\/uploads\/2022\/01\/ordena-01.jpg'><img width=\"300\" height=\"300\" src=\"https:\/\/franciscanos.org.br\/noticias\/wp-content\/uploads\/2022\/01\/ordena-01-300x300.jpg\" class=\"attachment-thumbnail size-thumbnail\" alt=\"\" loading=\"lazy\" srcset=\"https:\/\/franciscanos.org.br\/noticias\/wp-content\/uploads\/2022\/01\/ordena-01-300x300.jpg 300w, https:\/\/franciscanos.org.br\/noticias\/wp-content\/uploads\/2022\/01\/ordena-01-100x100.jpg 100w\" sizes=\"(max-width: 300px) 100vw, 300px\" \/><\/a>\n\t\t\t<\/dt><\/dl><br style=\"clear: both\" \/>\n\t\t<\/div>\n\n<p><em>\u00a0 \u00a0 \u00a0 \u00a0 \u00a0 \u00a0 \u00a0 \u00a0 \u00a0 \u00a0 \u00a0 \u00a0 \u00a0 \u00a0 \u00a0 \u00a0 \u00a0 \u00a0 \u00a0 \u00a0 \u00a0 \u00a0 \u00a0 \u00a0 \u00a0 \u00a0 \u00a0 \u00a0 \u00a0 \u00a0 \u00a0(clique nas imagens para ampli\u00e1-las)<\/em><\/p>\n<p>Ordenado, Frei Jefferson concelebrou no altar pela primeira vez como presb\u00edtero. A Primeira Missa que Frei Jefferson vai presidir ser\u00e1 neste domingo, 30 de janeiro, \u00e0s 10 horas, na Capela Sant\u00edssima Trindade, no bairro Costeira, em Arauc\u00e1ria (PR).<\/p>\n<p><strong>AGRADECIMENTOS<\/strong><\/p>\n<p>Nos seus agradecimentos, Frei Jefferson lembrou primeiro de Deus Pai. &#8220;Glorifico aquele que \u00e9 a fonte de toda a gra\u00e7a, pelas in\u00fameras b\u00ean\u00e7\u00e3os que recebi&#8221;, disse. Depois agradeceu a seus pais, a Dom Celso, a seus familiares, a seus confrades da Ordem dos Frades Menores, \u00e0 Par\u00f3quia Senhor Bom Jesus de Costeira, aos Freis Agostinianos Descal\u00e7os, aos Padres Vicentinos, ao Coral Vozes da Paz que animou a sua ordena\u00e7\u00e3o, ao povo de Deus, aos amigos e benfeitores, &#8220;por vossas ora\u00e7\u00f5es, aux\u00edlio espiritual e material&#8221;.<\/p>\n<p><img loading=\"lazy\" class=\"alignnone size-full wp-image-236266\" src=\"https:\/\/franciscanos.org.br\/noticias\/wp-content\/uploads\/2022\/01\/ordenacao_2901_11.jpg\" alt=\"\" width=\"1244\" height=\"829\" srcset=\"https:\/\/franciscanos.org.br\/noticias\/wp-content\/uploads\/2022\/01\/ordenacao_2901_11.jpg 1244w, https:\/\/franciscanos.org.br\/noticias\/wp-content\/uploads\/2022\/01\/ordenacao_2901_11-450x300.jpg 450w, https:\/\/franciscanos.org.br\/noticias\/wp-content\/uploads\/2022\/01\/ordenacao_2901_11-1024x682.jpg 1024w, https:\/\/franciscanos.org.br\/noticias\/wp-content\/uploads\/2022\/01\/ordenacao_2901_11-768x512.jpg 768w, https:\/\/franciscanos.org.br\/noticias\/wp-content\/uploads\/2022\/01\/ordenacao_2901_11-150x100.jpg 150w\" sizes=\"(max-width: 1244px) 100vw, 1244px\" \/><\/p>\n<p>&#8220;Como o salmista, rezo agradecido: &#8216;Sois, Senhor Deus, minha esperan\u00e7a. Em v\u00f3s confio desde a minha juventude&#8217;. Pe\u00e7o vossas ora\u00e7\u00f5es para que eu possa servir com amor a Deus, \u00e0 Igreja e \u00e0 toda humana criatura&#8221;, pediu o novo presb\u00edtero.<\/p>\n<p>Frei Laurindo Lauro da Silva J\u00fanior, mission\u00e1rio h\u00e1 oito anos em Angola, falou da alegria e gra\u00e7a de receber seu confrade ordenado na Miss\u00e3o de Angola. &#8220;As miss\u00f5es ultramarinas, que o aguardam, exigem sim, muito amor, muita paix\u00e3o. Esse nosso irm\u00e3o \u00e9 muito bem-vindo assim como outros irm\u00e3os a Angola. Frei Jefferson, bem-vindo ao presbiterato e \u00e0 grande miss\u00e3o ultramarina que n\u00f3s temos em Angola&#8221;, desejou Frei Laurindo.<\/p>\n<p>Ao t\u00e9rmino da celebra\u00e7\u00e3o, Dom Celso estendeu suas m\u00e3os sobre o ordenado, dizendo: \u201cDeus, pastor e guia da Igreja, te guarde constantemente com sua gra\u00e7a para cumprir com fidelidade os deveres de presb\u00edtero\u201d.<\/p>\n<hr \/>\n<p><em>Frei Roger Strapazzon (fotos) e Comunica\u00e7\u00e3o da Prov\u00edncia da Imaculada Concei\u00e7\u00e3o<\/em><\/p>\n","protected":false},"excerpt":{"rendered":"<p>Ordena\u00e7\u00e3o Presbiteral de Frei Jefferson Max<\/p>\n","protected":false},"author":3,"featured_media":236250,"comment_status":"open","ping_status":"open","sticky":false,"template":"","format":"standard","meta":[],"categories":[1],"tags":[157],"acf":[],"yoast_head":"<!-- This site is optimized with the Yoast SEO plugin v19.2 - https:\/\/yoast.com\/wordpress\/plugins\/seo\/ -->\n<title>D. Celso ordena Frei Jefferson e indica um itiner\u00e1rio para seu presbiterato - Not\u00edcias - Franciscanos<\/title>\n<meta name=\"robots\" content=\"index, follow, max-snippet:-1, max-image-preview:large, max-video-preview:-1\" \/>\n<link rel=\"canonical\" href=\"https:\/\/franciscanos.org.br\/noticias\/d-celso-ordena-frei-jefferson-e-indica-um-itinerario-para-seu-presbiterato.html\" \/>\n<meta property=\"og:locale\" content=\"pt_BR\" \/>\n<meta property=\"og:type\" content=\"article\" \/>\n<meta property=\"og:title\" content=\"D. Celso ordena Frei Jefferson e indica um itiner\u00e1rio para seu presbiterato - Not\u00edcias - Franciscanos\" \/>\n<meta property=\"og:description\" content=\"Ordena\u00e7\u00e3o Presbiteral de Frei Jefferson Max\" \/>\n<meta property=\"og:url\" content=\"https:\/\/franciscanos.org.br\/noticias\/d-celso-ordena-frei-jefferson-e-indica-um-itinerario-para-seu-presbiterato.html\" \/>\n<meta property=\"og:site_name\" content=\"Not\u00edcias - Franciscanos\" \/>\n<meta property=\"article:published_time\" content=\"2022-01-30T03:14:56+00:00\" \/>\n<meta property=\"article:modified_time\" content=\"2023-01-03T17:41:07+00:00\" \/>\n<meta property=\"og:image\" content=\"https:\/\/franciscanos.org.br\/noticias\/wp-content\/uploads\/2022\/01\/ordenacao_2901_1.jpg\" \/>\n\t<meta property=\"og:image:width\" content=\"1280\" \/>\n\t<meta property=\"og:image:height\" content=\"720\" \/>\n\t<meta property=\"og:image:type\" content=\"image\/jpeg\" \/>\n<meta name=\"author\" content=\"moacir\" \/>\n<meta name=\"twitter:card\" content=\"summary_large_image\" \/>\n<meta name=\"twitter:label1\" content=\"Escrito por\" \/>\n\t<meta name=\"twitter:data1\" content=\"moacir\" \/>\n\t<meta name=\"twitter:label2\" content=\"Est. tempo de leitura\" \/>\n\t<meta name=\"twitter:data2\" content=\"10 minutos\" \/>\n<script type=\"application\/ld+json\" class=\"yoast-schema-graph\">{\"@context\":\"https:\/\/schema.org\",\"@graph\":[{\"@type\":\"WebSite\",\"@id\":\"https:\/\/franciscanos.org.br\/noticias\/#website\",\"url\":\"https:\/\/franciscanos.org.br\/noticias\/\",\"name\":\"Not\u00edcias - Franciscanos\",\"description\":\"Prov\u00edncia Franciscana da Imaculada Concei\u00e7\u00e3o do Brasil - Ordem dos Frades Menores - OFM\",\"potentialAction\":[{\"@type\":\"SearchAction\",\"target\":{\"@type\":\"EntryPoint\",\"urlTemplate\":\"https:\/\/franciscanos.org.br\/noticias\/?s={search_term_string}\"},\"query-input\":\"required name=search_term_string\"}],\"inLanguage\":\"pt-BR\"},{\"@type\":\"ImageObject\",\"inLanguage\":\"pt-BR\",\"@id\":\"https:\/\/franciscanos.org.br\/noticias\/d-celso-ordena-frei-jefferson-e-indica-um-itinerario-para-seu-presbiterato.html#primaryimage\",\"url\":\"https:\/\/franciscanos.org.br\/noticias\/wp-content\/uploads\/2022\/01\/ordenacao_2901_1.jpg\",\"contentUrl\":\"https:\/\/franciscanos.org.br\/noticias\/wp-content\/uploads\/2022\/01\/ordenacao_2901_1.jpg\",\"width\":1280,\"height\":720},{\"@type\":\"WebPage\",\"@id\":\"https:\/\/franciscanos.org.br\/noticias\/d-celso-ordena-frei-jefferson-e-indica-um-itinerario-para-seu-presbiterato.html#webpage\",\"url\":\"https:\/\/franciscanos.org.br\/noticias\/d-celso-ordena-frei-jefferson-e-indica-um-itinerario-para-seu-presbiterato.html\",\"name\":\"D. Celso ordena Frei Jefferson e indica um itiner\u00e1rio para seu presbiterato - Not\u00edcias - Franciscanos\",\"isPartOf\":{\"@id\":\"https:\/\/franciscanos.org.br\/noticias\/#website\"},\"primaryImageOfPage\":{\"@id\":\"https:\/\/franciscanos.org.br\/noticias\/d-celso-ordena-frei-jefferson-e-indica-um-itinerario-para-seu-presbiterato.html#primaryimage\"},\"datePublished\":\"2022-01-30T03:14:56+00:00\",\"dateModified\":\"2023-01-03T17:41:07+00:00\",\"author\":{\"@id\":\"https:\/\/franciscanos.org.br\/noticias\/#\/schema\/person\/b5c8cba458c330ccff548b056e95a5d4\"},\"breadcrumb\":{\"@id\":\"https:\/\/franciscanos.org.br\/noticias\/d-celso-ordena-frei-jefferson-e-indica-um-itinerario-para-seu-presbiterato.html#breadcrumb\"},\"inLanguage\":\"pt-BR\",\"potentialAction\":[{\"@type\":\"ReadAction\",\"target\":[\"https:\/\/franciscanos.org.br\/noticias\/d-celso-ordena-frei-jefferson-e-indica-um-itinerario-para-seu-presbiterato.html\"]}]},{\"@type\":\"BreadcrumbList\",\"@id\":\"https:\/\/franciscanos.org.br\/noticias\/d-celso-ordena-frei-jefferson-e-indica-um-itinerario-para-seu-presbiterato.html#breadcrumb\",\"itemListElement\":[{\"@type\":\"ListItem\",\"position\":1,\"name\":\"Home\",\"item\":\"https:\/\/franciscanos.org.br\/noticias\"},{\"@type\":\"ListItem\",\"position\":2,\"name\":\"D. Celso ordena Frei Jefferson e indica um itiner\u00e1rio para seu presbiterato\"}]},{\"@type\":\"Person\",\"@id\":\"https:\/\/franciscanos.org.br\/noticias\/#\/schema\/person\/b5c8cba458c330ccff548b056e95a5d4\",\"name\":\"moacir\",\"image\":{\"@type\":\"ImageObject\",\"inLanguage\":\"pt-BR\",\"@id\":\"https:\/\/franciscanos.org.br\/noticias\/#\/schema\/person\/image\/\",\"url\":\"https:\/\/secure.gravatar.com\/avatar\/d08aa2ce4c8dd416d4479aa8536fcf64?s=96&d=mm&r=g\",\"contentUrl\":\"https:\/\/secure.gravatar.com\/avatar\/d08aa2ce4c8dd416d4479aa8536fcf64?s=96&d=mm&r=g\",\"caption\":\"moacir\"},\"url\":\"https:\/\/franciscanos.org.br\/noticias\/author\/moacir\"}]}<\/script>\n<!-- \/ Yoast SEO plugin. -->","yoast_head_json":{"title":"D. Celso ordena Frei Jefferson e indica um itiner\u00e1rio para seu presbiterato - Not\u00edcias - Franciscanos","robots":{"index":"index","follow":"follow","max-snippet":"max-snippet:-1","max-image-preview":"max-image-preview:large","max-video-preview":"max-video-preview:-1"},"canonical":"https:\/\/franciscanos.org.br\/noticias\/d-celso-ordena-frei-jefferson-e-indica-um-itinerario-para-seu-presbiterato.html","og_locale":"pt_BR","og_type":"article","og_title":"D. Celso ordena Frei Jefferson e indica um itiner\u00e1rio para seu presbiterato - Not\u00edcias - Franciscanos","og_description":"Ordena\u00e7\u00e3o Presbiteral de Frei Jefferson Max","og_url":"https:\/\/franciscanos.org.br\/noticias\/d-celso-ordena-frei-jefferson-e-indica-um-itinerario-para-seu-presbiterato.html","og_site_name":"Not\u00edcias - Franciscanos","article_published_time":"2022-01-30T03:14:56+00:00","article_modified_time":"2023-01-03T17:41:07+00:00","og_image":[{"width":1280,"height":720,"url":"https:\/\/franciscanos.org.br\/noticias\/wp-content\/uploads\/2022\/01\/ordenacao_2901_1.jpg","type":"image\/jpeg"}],"author":"moacir","twitter_card":"summary_large_image","twitter_misc":{"Escrito por":"moacir","Est. tempo de leitura":"10 minutos"},"schema":{"@context":"https:\/\/schema.org","@graph":[{"@type":"WebSite","@id":"https:\/\/franciscanos.org.br\/noticias\/#website","url":"https:\/\/franciscanos.org.br\/noticias\/","name":"Not\u00edcias - Franciscanos","description":"Prov\u00edncia Franciscana da Imaculada Concei\u00e7\u00e3o do Brasil - Ordem dos Frades Menores - OFM","potentialAction":[{"@type":"SearchAction","target":{"@type":"EntryPoint","urlTemplate":"https:\/\/franciscanos.org.br\/noticias\/?s={search_term_string}"},"query-input":"required name=search_term_string"}],"inLanguage":"pt-BR"},{"@type":"ImageObject","inLanguage":"pt-BR","@id":"https:\/\/franciscanos.org.br\/noticias\/d-celso-ordena-frei-jefferson-e-indica-um-itinerario-para-seu-presbiterato.html#primaryimage","url":"https:\/\/franciscanos.org.br\/noticias\/wp-content\/uploads\/2022\/01\/ordenacao_2901_1.jpg","contentUrl":"https:\/\/franciscanos.org.br\/noticias\/wp-content\/uploads\/2022\/01\/ordenacao_2901_1.jpg","width":1280,"height":720},{"@type":"WebPage","@id":"https:\/\/franciscanos.org.br\/noticias\/d-celso-ordena-frei-jefferson-e-indica-um-itinerario-para-seu-presbiterato.html#webpage","url":"https:\/\/franciscanos.org.br\/noticias\/d-celso-ordena-frei-jefferson-e-indica-um-itinerario-para-seu-presbiterato.html","name":"D. Celso ordena Frei Jefferson e indica um itiner\u00e1rio para seu presbiterato - Not\u00edcias - Franciscanos","isPartOf":{"@id":"https:\/\/franciscanos.org.br\/noticias\/#website"},"primaryImageOfPage":{"@id":"https:\/\/franciscanos.org.br\/noticias\/d-celso-ordena-frei-jefferson-e-indica-um-itinerario-para-seu-presbiterato.html#primaryimage"},"datePublished":"2022-01-30T03:14:56+00:00","dateModified":"2023-01-03T17:41:07+00:00","author":{"@id":"https:\/\/franciscanos.org.br\/noticias\/#\/schema\/person\/b5c8cba458c330ccff548b056e95a5d4"},"breadcrumb":{"@id":"https:\/\/franciscanos.org.br\/noticias\/d-celso-ordena-frei-jefferson-e-indica-um-itinerario-para-seu-presbiterato.html#breadcrumb"},"inLanguage":"pt-BR","potentialAction":[{"@type":"ReadAction","target":["https:\/\/franciscanos.org.br\/noticias\/d-celso-ordena-frei-jefferson-e-indica-um-itinerario-para-seu-presbiterato.html"]}]},{"@type":"BreadcrumbList","@id":"https:\/\/franciscanos.org.br\/noticias\/d-celso-ordena-frei-jefferson-e-indica-um-itinerario-para-seu-presbiterato.html#breadcrumb","itemListElement":[{"@type":"ListItem","position":1,"name":"Home","item":"https:\/\/franciscanos.org.br\/noticias"},{"@type":"ListItem","position":2,"name":"D. Celso ordena Frei Jefferson e indica um itiner\u00e1rio para seu presbiterato"}]},{"@type":"Person","@id":"https:\/\/franciscanos.org.br\/noticias\/#\/schema\/person\/b5c8cba458c330ccff548b056e95a5d4","name":"moacir","image":{"@type":"ImageObject","inLanguage":"pt-BR","@id":"https:\/\/franciscanos.org.br\/noticias\/#\/schema\/person\/image\/","url":"https:\/\/secure.gravatar.com\/avatar\/d08aa2ce4c8dd416d4479aa8536fcf64?s=96&d=mm&r=g","contentUrl":"https:\/\/secure.gravatar.com\/avatar\/d08aa2ce4c8dd416d4479aa8536fcf64?s=96&d=mm&r=g","caption":"moacir"},"url":"https:\/\/franciscanos.org.br\/noticias\/author\/moacir"}]}},"_links":{"self":[{"href":"https:\/\/franciscanos.org.br\/noticias\/wp-json\/wp\/v2\/posts\/236248"}],"collection":[{"href":"https:\/\/franciscanos.org.br\/noticias\/wp-json\/wp\/v2\/posts"}],"about":[{"href":"https:\/\/franciscanos.org.br\/noticias\/wp-json\/wp\/v2\/types\/post"}],"author":[{"embeddable":true,"href":"https:\/\/franciscanos.org.br\/noticias\/wp-json\/wp\/v2\/users\/3"}],"replies":[{"embeddable":true,"href":"https:\/\/franciscanos.org.br\/noticias\/wp-json\/wp\/v2\/comments?post=236248"}],"version-history":[{"count":6,"href":"https:\/\/franciscanos.org.br\/noticias\/wp-json\/wp\/v2\/posts\/236248\/revisions"}],"predecessor-version":[{"id":241549,"href":"https:\/\/franciscanos.org.br\/noticias\/wp-json\/wp\/v2\/posts\/236248\/revisions\/241549"}],"wp:featuredmedia":[{"embeddable":true,"href":"https:\/\/franciscanos.org.br\/noticias\/wp-json\/wp\/v2\/media\/236250"}],"wp:attachment":[{"href":"https:\/\/franciscanos.org.br\/noticias\/wp-json\/wp\/v2\/media?parent=236248"}],"wp:term":[{"taxonomy":"category","embeddable":true,"href":"https:\/\/franciscanos.org.br\/noticias\/wp-json\/wp\/v2\/categories?post=236248"},{"taxonomy":"post_tag","embeddable":true,"href":"https:\/\/franciscanos.org.br\/noticias\/wp-json\/wp\/v2\/tags?post=236248"}],"curies":[{"name":"wp","href":"https:\/\/api.w.org\/{rel}","templated":true}]}}