{"id":236223,"date":"2022-01-28T22:34:38","date_gmt":"2022-01-29T01:34:38","guid":{"rendered":"https:\/\/franciscanos.org.br\/noticias\/?p=236223"},"modified":"2023-01-03T14:42:24","modified_gmt":"2023-01-03T17:42:24","slug":"frei-jefferson-faz-o-juramento-de-fidelidade-no-encerramento-do-triduo","status":"publish","type":"post","link":"https:\/\/franciscanos.org.br\/noticias\/frei-jefferson-faz-o-juramento-de-fidelidade-no-encerramento-do-triduo.html","title":{"rendered":"Frei Jefferson faz o Juramento de Fidelidade no encerramento do Tr\u00edduo"},"content":{"rendered":"<p><img loading=\"lazy\" class=\"alignnone size-full wp-image-236224\" src=\"https:\/\/franciscanos.org.br\/noticias\/wp-content\/uploads\/2022\/01\/terceiro_2801.jpg\" alt=\"\" width=\"1220\" height=\"686\" srcset=\"https:\/\/franciscanos.org.br\/noticias\/wp-content\/uploads\/2022\/01\/terceiro_2801.jpg 1220w, https:\/\/franciscanos.org.br\/noticias\/wp-content\/uploads\/2022\/01\/terceiro_2801-450x253.jpg 450w, https:\/\/franciscanos.org.br\/noticias\/wp-content\/uploads\/2022\/01\/terceiro_2801-1024x576.jpg 1024w, https:\/\/franciscanos.org.br\/noticias\/wp-content\/uploads\/2022\/01\/terceiro_2801-768x432.jpg 768w, https:\/\/franciscanos.org.br\/noticias\/wp-content\/uploads\/2022\/01\/terceiro_2801-150x84.jpg 150w\" sizes=\"(max-width: 1220px) 100vw, 1220px\" \/><\/p>\n<p>Em uma bonita Celebra\u00e7\u00e3o Eucar\u00edstica na Comunidade Sant\u00edssima Trindade, em Arauc\u00e1ria (PR), nesta sexta-feira (29\/1), Frei Jefferson Max fez o Juramento de Fidelidade no \u00faltimo dia do Tr\u00edduo em prepara\u00e7\u00e3o para a sua ordena\u00e7\u00e3o presbiteral, que acontece neste s\u00e1bado, \u00e0s 19 horas, na Par\u00f3quia Senhor Bom Jesus, nesta cidade. Ele ser\u00e1 ordenado presb\u00edtero pelas m\u00e3os de Dom Celso Ant\u00f4nio Marchiori, bispo da Diocese de S\u00e3o Jos\u00e9 dos Pinhais (PR) e vai celebrar a Primeira Missa no domingo, \u00e0s 10 horas, nesta comunidade, onde residem seus familiares e onde viveu at\u00e9 iniciar a forma\u00e7\u00e3o religiosa no Semin\u00e1rio de Ituporanga.<\/p>\n<p>O Definidor e guardi\u00e3o da Fraternidade de Rondinha, Frei Daniel Dellandrea, presidiu a Celebra\u00e7\u00e3o Eucar\u00edstica. Na sua homilia, refletiu sobre as duas par\u00e1bolas do Evangelho de hoje: o Reino de Deus \u00e9 como uma semente lan\u00e7ada na terra e como um gr\u00e3o de mostarda. &#8220;N\u00f3s somos chamados por Deus a lan\u00e7ar sementes. Temos a voca\u00e7\u00e3o de sermos semeadores da sua Palavra, do Evangelho. Ide por todo mundo e levai o Evangelho&#8221;, lembrou o celebrante.<\/p>\n<p><img loading=\"lazy\" class=\"alignnone size-full wp-image-236225\" src=\"https:\/\/franciscanos.org.br\/noticias\/wp-content\/uploads\/2022\/01\/terceiro_2801_2.jpg\" alt=\"\" width=\"1168\" height=\"779\" srcset=\"https:\/\/franciscanos.org.br\/noticias\/wp-content\/uploads\/2022\/01\/terceiro_2801_2.jpg 1168w, https:\/\/franciscanos.org.br\/noticias\/wp-content\/uploads\/2022\/01\/terceiro_2801_2-450x300.jpg 450w, https:\/\/franciscanos.org.br\/noticias\/wp-content\/uploads\/2022\/01\/terceiro_2801_2-1024x683.jpg 1024w, https:\/\/franciscanos.org.br\/noticias\/wp-content\/uploads\/2022\/01\/terceiro_2801_2-768x512.jpg 768w, https:\/\/franciscanos.org.br\/noticias\/wp-content\/uploads\/2022\/01\/terceiro_2801_2-150x100.jpg 150w\" sizes=\"(max-width: 1168px) 100vw, 1168px\" \/><\/p>\n<p>&#8220;Jesus Cristo foi aquele que em vida trouxe a realidade do Reino de Deus mais pr\u00f3ximo de n\u00f3s e fez isso com suas palavras e com suas a\u00e7\u00f5es, atitudes, gestos e comportamentos. Ele \u00e9 a presen\u00e7a do Reino no meio de n\u00f3s&#8221;, destacou. &#8220;Que estas par\u00e1bolas sobre o Reino de Deus nos leve a olhar a vida com mais tranquilidade e compreender que o Reino de Deus acontece no meio de n\u00f3s. N\u00e3o de uma forma extraordin\u00e1ria, mas o extraordin\u00e1rio vai se tornando ordin\u00e1rio na vida da gente. Nessas pequenas coisas, os sinais da b\u00ean\u00e7\u00e3o de Deus acontecem na vida de todos n\u00f3s&#8221;, ensinou.<\/p>\n<p>&#8220;Hoje, Frei Jefferson vai fazer o seu compromisso de fidelidade \u00e0 Igreja por esta voca\u00e7\u00e3o sacerdotal que ele abra\u00e7ou como um chamado de Deus. Olha a semente plantada no cora\u00e7\u00e3o de Frei Jefferson. Mas que ele, no tempo certo, no cultivo de sua voca\u00e7\u00e3o, na prepara\u00e7\u00e3o desta sua caminhada religiosa, ele amadureceu e percebeu que esta voca\u00e7\u00e3o pudesse tornar-se tamb\u00e9m servi\u00e7o. Ele tamb\u00e9m \u00e9 esse semeador da Palavra de Deus, anunciador desta Boa Nova, mas principalmente, com confian\u00e7a de que este projeto de Deus se realiza no nosso meio&#8221;, ressaltou Frei Daniel.<\/p>\n\n\t\t<style type=\"text\/css\">\n\t\t\t#gallery-1 {\n\t\t\t\tmargin: auto;\n\t\t\t}\n\t\t\t#gallery-1 .gallery-item {\n\t\t\t\tfloat: left;\n\t\t\t\tmargin-top: 10px;\n\t\t\t\ttext-align: center;\n\t\t\t\twidth: 25%;\n\t\t\t}\n\t\t\t#gallery-1 img {\n\t\t\t\tborder: 2px solid #cfcfcf;\n\t\t\t}\n\t\t\t#gallery-1 .gallery-caption {\n\t\t\t\tmargin-left: 0;\n\t\t\t}\n\t\t\t\/* see gallery_shortcode() in wp-includes\/media.php *\/\n\t\t<\/style>\n\t\t<div id='gallery-1' class='gallery galleryid-236223 gallery-columns-4 gallery-size-thumbnail'><dl class='gallery-item'>\n\t\t\t<dt class='gallery-icon landscape'>\n\t\t\t\t<a href='https:\/\/franciscanos.org.br\/noticias\/wp-content\/uploads\/2022\/01\/terceiro_01.jpg'><img width=\"300\" height=\"300\" src=\"https:\/\/franciscanos.org.br\/noticias\/wp-content\/uploads\/2022\/01\/terceiro_01-300x300.jpg\" class=\"attachment-thumbnail size-thumbnail\" alt=\"\" loading=\"lazy\" srcset=\"https:\/\/franciscanos.org.br\/noticias\/wp-content\/uploads\/2022\/01\/terceiro_01-300x300.jpg 300w, https:\/\/franciscanos.org.br\/noticias\/wp-content\/uploads\/2022\/01\/terceiro_01-100x100.jpg 100w\" sizes=\"(max-width: 300px) 100vw, 300px\" \/><\/a>\n\t\t\t<\/dt><\/dl><dl class='gallery-item'>\n\t\t\t<dt class='gallery-icon landscape'>\n\t\t\t\t<a href='https:\/\/franciscanos.org.br\/noticias\/wp-content\/uploads\/2022\/01\/terceiro_02.jpg'><img width=\"300\" height=\"300\" src=\"https:\/\/franciscanos.org.br\/noticias\/wp-content\/uploads\/2022\/01\/terceiro_02-300x300.jpg\" class=\"attachment-thumbnail size-thumbnail\" alt=\"\" loading=\"lazy\" srcset=\"https:\/\/franciscanos.org.br\/noticias\/wp-content\/uploads\/2022\/01\/terceiro_02-300x300.jpg 300w, https:\/\/franciscanos.org.br\/noticias\/wp-content\/uploads\/2022\/01\/terceiro_02-100x100.jpg 100w\" sizes=\"(max-width: 300px) 100vw, 300px\" \/><\/a>\n\t\t\t<\/dt><\/dl><dl class='gallery-item'>\n\t\t\t<dt class='gallery-icon landscape'>\n\t\t\t\t<a href='https:\/\/franciscanos.org.br\/noticias\/wp-content\/uploads\/2022\/01\/terceiro_03.jpg'><img width=\"300\" height=\"300\" src=\"https:\/\/franciscanos.org.br\/noticias\/wp-content\/uploads\/2022\/01\/terceiro_03-300x300.jpg\" class=\"attachment-thumbnail size-thumbnail\" alt=\"\" loading=\"lazy\" srcset=\"https:\/\/franciscanos.org.br\/noticias\/wp-content\/uploads\/2022\/01\/terceiro_03-300x300.jpg 300w, https:\/\/franciscanos.org.br\/noticias\/wp-content\/uploads\/2022\/01\/terceiro_03-100x100.jpg 100w\" sizes=\"(max-width: 300px) 100vw, 300px\" \/><\/a>\n\t\t\t<\/dt><\/dl><dl class='gallery-item'>\n\t\t\t<dt class='gallery-icon landscape'>\n\t\t\t\t<a href='https:\/\/franciscanos.org.br\/noticias\/wp-content\/uploads\/2022\/01\/terceiro_04.jpg'><img width=\"300\" height=\"300\" src=\"https:\/\/franciscanos.org.br\/noticias\/wp-content\/uploads\/2022\/01\/terceiro_04-300x300.jpg\" class=\"attachment-thumbnail size-thumbnail\" alt=\"\" loading=\"lazy\" srcset=\"https:\/\/franciscanos.org.br\/noticias\/wp-content\/uploads\/2022\/01\/terceiro_04-300x300.jpg 300w, https:\/\/franciscanos.org.br\/noticias\/wp-content\/uploads\/2022\/01\/terceiro_04-100x100.jpg 100w\" sizes=\"(max-width: 300px) 100vw, 300px\" \/><\/a>\n\t\t\t<\/dt><\/dl><br style=\"clear: both\" \/>\n\t\t<\/div>\n\n<p><em>\u00a0 \u00a0 \u00a0 \u00a0 \u00a0 \u00a0 \u00a0 \u00a0 \u00a0 \u00a0 \u00a0 \u00a0 \u00a0 \u00a0 \u00a0 \u00a0 \u00a0 \u00a0 \u00a0 (clique nas imagens para ampli\u00e1-las)<\/em><\/p>\n<p>&#8220;Por isso, Frei Jefferson, \u00e9 tempo de abra\u00e7ar esta voca\u00e7\u00e3o que \u00e9 batismal de todos n\u00f3s, de anunciar o Reino de Deus, ser sal e luz do mundo&#8221;, pediu, lembrando que na voca\u00e7\u00e3o sacerdotal nem sempre a colheita \u00e9 imediata. &#8220;Mas essa \u00e9 nossa miss\u00e3o: lan\u00e7ar as sementes. Deus cuidar\u00e1 tamb\u00e9m para germinar esse Reino de Deus no nosso meio e que um dia esses bons frutos ser\u00e3o recolhidos por algu\u00e9m. Seja esta a sua voca\u00e7\u00e3o sacerdotal, Frei Jefferson: lan\u00e7ar as sementes&#8221;, completou.<\/p>\n<p>Logo em seguida \u00e0 homilia, Frei Jefferson postou suas m\u00e3os no Evangelho, e fez o juramento de ser fiel \u00e0 Igreja Cat\u00f3lica na fun\u00e7\u00e3o que ir\u00e1 assumir como presb\u00edtero, a partir deste dia 29 de janeiro, quando ser\u00e1 ordenado.<\/p>\n<p><img loading=\"lazy\" class=\"alignnone size-full wp-image-236230\" src=\"https:\/\/franciscanos.org.br\/noticias\/wp-content\/uploads\/2022\/01\/terceiro_2801_3.jpg\" alt=\"\" width=\"1244\" height=\"829\" srcset=\"https:\/\/franciscanos.org.br\/noticias\/wp-content\/uploads\/2022\/01\/terceiro_2801_3.jpg 1244w, https:\/\/franciscanos.org.br\/noticias\/wp-content\/uploads\/2022\/01\/terceiro_2801_3-450x300.jpg 450w, https:\/\/franciscanos.org.br\/noticias\/wp-content\/uploads\/2022\/01\/terceiro_2801_3-1024x682.jpg 1024w, https:\/\/franciscanos.org.br\/noticias\/wp-content\/uploads\/2022\/01\/terceiro_2801_3-768x512.jpg 768w, https:\/\/franciscanos.org.br\/noticias\/wp-content\/uploads\/2022\/01\/terceiro_2801_3-150x100.jpg 150w\" sizes=\"(max-width: 1244px) 100vw, 1244px\" \/><\/p>\n<p>Frei Je\u00e2 Paulo Andrade agradeceu a acolhida da Comunidade Sant\u00edssima Trindade e a convidou para lan\u00e7ar sementes. &#8220;Certamente, muitos jovens nesta comunidade tenham essa semente para ser germinada&#8221;, disse, convidando os frades angolanos para cantar uma m\u00fasica vocacional muito comum em Angola.<\/p>\n<p>Frei Je\u00e2 convidou D. Maria para aben\u00e7oar seu filho Frei Jefferson no final da celebra\u00e7\u00e3o. Emocionada, D. Maria En\u00e9sia Nunes disse que ser m\u00e3e de um frade \u00e9 uma d\u00e1diva de Deus. &#8220;Minha m\u00e3e sempre dizia: N\u00f3s devemos educar nossos filhos para Deus&#8221;, disse, agradecendo aos confrades de Frei Jefferson por acompanhar e ter uma palavra certa na hora que precisou. &#8220;Muito obrigado a todos. Muito obrigado \u00e0 fam\u00edlia e comunidade que nos ajudou quando tivemos dificuldades financeiras&#8221;, agradeceu.<\/p>\n<p><img loading=\"lazy\" class=\"alignnone size-full wp-image-236231\" src=\"https:\/\/franciscanos.org.br\/noticias\/wp-content\/uploads\/2022\/01\/terceiro_2801_1.jpg\" alt=\"\" width=\"1244\" height=\"829\" srcset=\"https:\/\/franciscanos.org.br\/noticias\/wp-content\/uploads\/2022\/01\/terceiro_2801_1.jpg 1244w, https:\/\/franciscanos.org.br\/noticias\/wp-content\/uploads\/2022\/01\/terceiro_2801_1-450x300.jpg 450w, https:\/\/franciscanos.org.br\/noticias\/wp-content\/uploads\/2022\/01\/terceiro_2801_1-1024x682.jpg 1024w, https:\/\/franciscanos.org.br\/noticias\/wp-content\/uploads\/2022\/01\/terceiro_2801_1-768x512.jpg 768w, https:\/\/franciscanos.org.br\/noticias\/wp-content\/uploads\/2022\/01\/terceiro_2801_1-150x100.jpg 150w\" sizes=\"(max-width: 1244px) 100vw, 1244px\" \/><\/p>\n<p>Frei Max nasceu no dia 27 de janeiro de 1992, em Curitiba, Paran\u00e1 e cresceu na cidade de Arauc\u00e1ria no Paran\u00e1. \u00c9 filho de Val\u00f3dio Tibes Maciel e Maria En\u00e9sia Nunes e tem dois irm\u00e3os. Ingressou no Semin\u00e1rio Santo Ant\u00f4nio em Agudos (SP) em 2009 e vestiu o h\u00e1bito franciscano em 2012. Em 2013 fez sua 1\u00aa Profiss\u00e3o em Rodeio (SC). Entre 2013 e 2015, cursou Filosofia na FAE-Centro Universit\u00e1rio de Curitiba (PR). Viveu o Ano Mission\u00e1rio em Angola no ano de 2016. Fez a Profiss\u00e3o Solene no dia 15 de setembro de 2018 e concluiu os estudos de Teologia em 2020 no Instituto Teol\u00f3gico Franciscano de Petr\u00f3polis (RJ).<\/p>\n<hr \/>\n<p><em>Frei Roger Strapazzon e \u00b4Comunica\u00e7\u00e3o da Prov\u00edncia da Imaculada Concei\u00e7\u00e3o<\/em><\/p>\n","protected":false},"excerpt":{"rendered":"<p>Ordena\u00e7\u00e3o presbiteral de Frei Jefferson Max<\/p>\n","protected":false},"author":3,"featured_media":236232,"comment_status":"open","ping_status":"open","sticky":false,"template":"","format":"standard","meta":[],"categories":[1],"tags":[157],"acf":[],"yoast_head":"<!-- This site is optimized with the Yoast SEO plugin v19.2 - https:\/\/yoast.com\/wordpress\/plugins\/seo\/ -->\n<title>Frei Jefferson faz o Juramento de Fidelidade no encerramento do Tr\u00edduo - Not\u00edcias - Franciscanos<\/title>\n<meta name=\"robots\" content=\"index, follow, max-snippet:-1, max-image-preview:large, max-video-preview:-1\" \/>\n<link rel=\"canonical\" href=\"https:\/\/franciscanos.org.br\/noticias\/frei-jefferson-faz-o-juramento-de-fidelidade-no-encerramento-do-triduo.html\" \/>\n<meta property=\"og:locale\" content=\"pt_BR\" \/>\n<meta property=\"og:type\" content=\"article\" \/>\n<meta property=\"og:title\" content=\"Frei Jefferson faz o Juramento de Fidelidade no encerramento do Tr\u00edduo - Not\u00edcias - Franciscanos\" \/>\n<meta property=\"og:description\" content=\"Ordena\u00e7\u00e3o presbiteral de Frei Jefferson Max\" \/>\n<meta property=\"og:url\" content=\"https:\/\/franciscanos.org.br\/noticias\/frei-jefferson-faz-o-juramento-de-fidelidade-no-encerramento-do-triduo.html\" \/>\n<meta property=\"og:site_name\" content=\"Not\u00edcias - Franciscanos\" \/>\n<meta property=\"article:published_time\" content=\"2022-01-29T01:34:38+00:00\" \/>\n<meta property=\"article:modified_time\" content=\"2023-01-03T17:42:24+00:00\" \/>\n<meta property=\"og:image\" content=\"https:\/\/franciscanos.org.br\/noticias\/wp-content\/uploads\/2022\/01\/terceiro_2801d.jpg\" \/>\n\t<meta property=\"og:image:width\" content=\"800\" \/>\n\t<meta property=\"og:image:height\" content=\"550\" \/>\n\t<meta property=\"og:image:type\" content=\"image\/jpeg\" \/>\n<meta name=\"author\" content=\"moacir\" \/>\n<meta name=\"twitter:card\" content=\"summary_large_image\" \/>\n<meta name=\"twitter:label1\" content=\"Escrito por\" \/>\n\t<meta name=\"twitter:data1\" content=\"moacir\" \/>\n\t<meta name=\"twitter:label2\" content=\"Est. tempo de leitura\" \/>\n\t<meta name=\"twitter:data2\" content=\"4 minutos\" \/>\n<script type=\"application\/ld+json\" class=\"yoast-schema-graph\">{\"@context\":\"https:\/\/schema.org\",\"@graph\":[{\"@type\":\"WebSite\",\"@id\":\"https:\/\/franciscanos.org.br\/noticias\/#website\",\"url\":\"https:\/\/franciscanos.org.br\/noticias\/\",\"name\":\"Not\u00edcias - Franciscanos\",\"description\":\"Prov\u00edncia Franciscana da Imaculada Concei\u00e7\u00e3o do Brasil - Ordem dos Frades Menores - OFM\",\"potentialAction\":[{\"@type\":\"SearchAction\",\"target\":{\"@type\":\"EntryPoint\",\"urlTemplate\":\"https:\/\/franciscanos.org.br\/noticias\/?s={search_term_string}\"},\"query-input\":\"required name=search_term_string\"}],\"inLanguage\":\"pt-BR\"},{\"@type\":\"ImageObject\",\"inLanguage\":\"pt-BR\",\"@id\":\"https:\/\/franciscanos.org.br\/noticias\/frei-jefferson-faz-o-juramento-de-fidelidade-no-encerramento-do-triduo.html#primaryimage\",\"url\":\"https:\/\/franciscanos.org.br\/noticias\/wp-content\/uploads\/2022\/01\/terceiro_2801d.jpg\",\"contentUrl\":\"https:\/\/franciscanos.org.br\/noticias\/wp-content\/uploads\/2022\/01\/terceiro_2801d.jpg\",\"width\":800,\"height\":550},{\"@type\":\"WebPage\",\"@id\":\"https:\/\/franciscanos.org.br\/noticias\/frei-jefferson-faz-o-juramento-de-fidelidade-no-encerramento-do-triduo.html#webpage\",\"url\":\"https:\/\/franciscanos.org.br\/noticias\/frei-jefferson-faz-o-juramento-de-fidelidade-no-encerramento-do-triduo.html\",\"name\":\"Frei Jefferson faz o Juramento de Fidelidade no encerramento do Tr\u00edduo - Not\u00edcias - Franciscanos\",\"isPartOf\":{\"@id\":\"https:\/\/franciscanos.org.br\/noticias\/#website\"},\"primaryImageOfPage\":{\"@id\":\"https:\/\/franciscanos.org.br\/noticias\/frei-jefferson-faz-o-juramento-de-fidelidade-no-encerramento-do-triduo.html#primaryimage\"},\"datePublished\":\"2022-01-29T01:34:38+00:00\",\"dateModified\":\"2023-01-03T17:42:24+00:00\",\"author\":{\"@id\":\"https:\/\/franciscanos.org.br\/noticias\/#\/schema\/person\/b5c8cba458c330ccff548b056e95a5d4\"},\"breadcrumb\":{\"@id\":\"https:\/\/franciscanos.org.br\/noticias\/frei-jefferson-faz-o-juramento-de-fidelidade-no-encerramento-do-triduo.html#breadcrumb\"},\"inLanguage\":\"pt-BR\",\"potentialAction\":[{\"@type\":\"ReadAction\",\"target\":[\"https:\/\/franciscanos.org.br\/noticias\/frei-jefferson-faz-o-juramento-de-fidelidade-no-encerramento-do-triduo.html\"]}]},{\"@type\":\"BreadcrumbList\",\"@id\":\"https:\/\/franciscanos.org.br\/noticias\/frei-jefferson-faz-o-juramento-de-fidelidade-no-encerramento-do-triduo.html#breadcrumb\",\"itemListElement\":[{\"@type\":\"ListItem\",\"position\":1,\"name\":\"Home\",\"item\":\"https:\/\/franciscanos.org.br\/noticias\"},{\"@type\":\"ListItem\",\"position\":2,\"name\":\"Frei Jefferson faz o Juramento de Fidelidade no encerramento do Tr\u00edduo\"}]},{\"@type\":\"Person\",\"@id\":\"https:\/\/franciscanos.org.br\/noticias\/#\/schema\/person\/b5c8cba458c330ccff548b056e95a5d4\",\"name\":\"moacir\",\"image\":{\"@type\":\"ImageObject\",\"inLanguage\":\"pt-BR\",\"@id\":\"https:\/\/franciscanos.org.br\/noticias\/#\/schema\/person\/image\/\",\"url\":\"https:\/\/secure.gravatar.com\/avatar\/d08aa2ce4c8dd416d4479aa8536fcf64?s=96&d=mm&r=g\",\"contentUrl\":\"https:\/\/secure.gravatar.com\/avatar\/d08aa2ce4c8dd416d4479aa8536fcf64?s=96&d=mm&r=g\",\"caption\":\"moacir\"},\"url\":\"https:\/\/franciscanos.org.br\/noticias\/author\/moacir\"}]}<\/script>\n<!-- \/ Yoast SEO plugin. -->","yoast_head_json":{"title":"Frei Jefferson faz o Juramento de Fidelidade no encerramento do Tr\u00edduo - Not\u00edcias - Franciscanos","robots":{"index":"index","follow":"follow","max-snippet":"max-snippet:-1","max-image-preview":"max-image-preview:large","max-video-preview":"max-video-preview:-1"},"canonical":"https:\/\/franciscanos.org.br\/noticias\/frei-jefferson-faz-o-juramento-de-fidelidade-no-encerramento-do-triduo.html","og_locale":"pt_BR","og_type":"article","og_title":"Frei Jefferson faz o Juramento de Fidelidade no encerramento do Tr\u00edduo - Not\u00edcias - Franciscanos","og_description":"Ordena\u00e7\u00e3o presbiteral de Frei Jefferson Max","og_url":"https:\/\/franciscanos.org.br\/noticias\/frei-jefferson-faz-o-juramento-de-fidelidade-no-encerramento-do-triduo.html","og_site_name":"Not\u00edcias - Franciscanos","article_published_time":"2022-01-29T01:34:38+00:00","article_modified_time":"2023-01-03T17:42:24+00:00","og_image":[{"width":800,"height":550,"url":"https:\/\/franciscanos.org.br\/noticias\/wp-content\/uploads\/2022\/01\/terceiro_2801d.jpg","type":"image\/jpeg"}],"author":"moacir","twitter_card":"summary_large_image","twitter_misc":{"Escrito por":"moacir","Est. tempo de leitura":"4 minutos"},"schema":{"@context":"https:\/\/schema.org","@graph":[{"@type":"WebSite","@id":"https:\/\/franciscanos.org.br\/noticias\/#website","url":"https:\/\/franciscanos.org.br\/noticias\/","name":"Not\u00edcias - Franciscanos","description":"Prov\u00edncia Franciscana da Imaculada Concei\u00e7\u00e3o do Brasil - Ordem dos Frades Menores - OFM","potentialAction":[{"@type":"SearchAction","target":{"@type":"EntryPoint","urlTemplate":"https:\/\/franciscanos.org.br\/noticias\/?s={search_term_string}"},"query-input":"required name=search_term_string"}],"inLanguage":"pt-BR"},{"@type":"ImageObject","inLanguage":"pt-BR","@id":"https:\/\/franciscanos.org.br\/noticias\/frei-jefferson-faz-o-juramento-de-fidelidade-no-encerramento-do-triduo.html#primaryimage","url":"https:\/\/franciscanos.org.br\/noticias\/wp-content\/uploads\/2022\/01\/terceiro_2801d.jpg","contentUrl":"https:\/\/franciscanos.org.br\/noticias\/wp-content\/uploads\/2022\/01\/terceiro_2801d.jpg","width":800,"height":550},{"@type":"WebPage","@id":"https:\/\/franciscanos.org.br\/noticias\/frei-jefferson-faz-o-juramento-de-fidelidade-no-encerramento-do-triduo.html#webpage","url":"https:\/\/franciscanos.org.br\/noticias\/frei-jefferson-faz-o-juramento-de-fidelidade-no-encerramento-do-triduo.html","name":"Frei Jefferson faz o Juramento de Fidelidade no encerramento do Tr\u00edduo - Not\u00edcias - Franciscanos","isPartOf":{"@id":"https:\/\/franciscanos.org.br\/noticias\/#website"},"primaryImageOfPage":{"@id":"https:\/\/franciscanos.org.br\/noticias\/frei-jefferson-faz-o-juramento-de-fidelidade-no-encerramento-do-triduo.html#primaryimage"},"datePublished":"2022-01-29T01:34:38+00:00","dateModified":"2023-01-03T17:42:24+00:00","author":{"@id":"https:\/\/franciscanos.org.br\/noticias\/#\/schema\/person\/b5c8cba458c330ccff548b056e95a5d4"},"breadcrumb":{"@id":"https:\/\/franciscanos.org.br\/noticias\/frei-jefferson-faz-o-juramento-de-fidelidade-no-encerramento-do-triduo.html#breadcrumb"},"inLanguage":"pt-BR","potentialAction":[{"@type":"ReadAction","target":["https:\/\/franciscanos.org.br\/noticias\/frei-jefferson-faz-o-juramento-de-fidelidade-no-encerramento-do-triduo.html"]}]},{"@type":"BreadcrumbList","@id":"https:\/\/franciscanos.org.br\/noticias\/frei-jefferson-faz-o-juramento-de-fidelidade-no-encerramento-do-triduo.html#breadcrumb","itemListElement":[{"@type":"ListItem","position":1,"name":"Home","item":"https:\/\/franciscanos.org.br\/noticias"},{"@type":"ListItem","position":2,"name":"Frei Jefferson faz o Juramento de Fidelidade no encerramento do Tr\u00edduo"}]},{"@type":"Person","@id":"https:\/\/franciscanos.org.br\/noticias\/#\/schema\/person\/b5c8cba458c330ccff548b056e95a5d4","name":"moacir","image":{"@type":"ImageObject","inLanguage":"pt-BR","@id":"https:\/\/franciscanos.org.br\/noticias\/#\/schema\/person\/image\/","url":"https:\/\/secure.gravatar.com\/avatar\/d08aa2ce4c8dd416d4479aa8536fcf64?s=96&d=mm&r=g","contentUrl":"https:\/\/secure.gravatar.com\/avatar\/d08aa2ce4c8dd416d4479aa8536fcf64?s=96&d=mm&r=g","caption":"moacir"},"url":"https:\/\/franciscanos.org.br\/noticias\/author\/moacir"}]}},"_links":{"self":[{"href":"https:\/\/franciscanos.org.br\/noticias\/wp-json\/wp\/v2\/posts\/236223"}],"collection":[{"href":"https:\/\/franciscanos.org.br\/noticias\/wp-json\/wp\/v2\/posts"}],"about":[{"href":"https:\/\/franciscanos.org.br\/noticias\/wp-json\/wp\/v2\/types\/post"}],"author":[{"embeddable":true,"href":"https:\/\/franciscanos.org.br\/noticias\/wp-json\/wp\/v2\/users\/3"}],"replies":[{"embeddable":true,"href":"https:\/\/franciscanos.org.br\/noticias\/wp-json\/wp\/v2\/comments?post=236223"}],"version-history":[{"count":2,"href":"https:\/\/franciscanos.org.br\/noticias\/wp-json\/wp\/v2\/posts\/236223\/revisions"}],"predecessor-version":[{"id":241551,"href":"https:\/\/franciscanos.org.br\/noticias\/wp-json\/wp\/v2\/posts\/236223\/revisions\/241551"}],"wp:featuredmedia":[{"embeddable":true,"href":"https:\/\/franciscanos.org.br\/noticias\/wp-json\/wp\/v2\/media\/236232"}],"wp:attachment":[{"href":"https:\/\/franciscanos.org.br\/noticias\/wp-json\/wp\/v2\/media?parent=236223"}],"wp:term":[{"taxonomy":"category","embeddable":true,"href":"https:\/\/franciscanos.org.br\/noticias\/wp-json\/wp\/v2\/categories?post=236223"},{"taxonomy":"post_tag","embeddable":true,"href":"https:\/\/franciscanos.org.br\/noticias\/wp-json\/wp\/v2\/tags?post=236223"}],"curies":[{"name":"wp","href":"https:\/\/api.w.org\/{rel}","templated":true}]}}