{"id":236166,"date":"2022-01-26T06:39:11","date_gmt":"2022-01-26T09:39:11","guid":{"rendered":"https:\/\/franciscanos.org.br\/noticias\/?p=236166"},"modified":"2022-01-26T06:39:11","modified_gmt":"2022-01-26T09:39:11","slug":"papa-a-oracao-esta-sempre-indissoluvelmente-ligada-a-caridade","status":"publish","type":"post","link":"https:\/\/franciscanos.org.br\/noticias\/papa-a-oracao-esta-sempre-indissoluvelmente-ligada-a-caridade.html","title":{"rendered":"Papa: A ora\u00e7\u00e3o est\u00e1 sempre indissoluvelmente ligada \u00e0 caridade"},"content":{"rendered":"<div id=\"attachment_236167\" style=\"width: 1510px\" class=\"wp-caption alignnone\"><img aria-describedby=\"caption-attachment-236167\" loading=\"lazy\" class=\"wp-image-236167 size-full\" src=\"https:\/\/franciscanos.org.br\/noticias\/wp-content\/uploads\/2022\/01\/audiencia_2601.jpeg\" alt=\"\" width=\"1500\" height=\"844\" srcset=\"https:\/\/franciscanos.org.br\/noticias\/wp-content\/uploads\/2022\/01\/audiencia_2601.jpeg 1500w, https:\/\/franciscanos.org.br\/noticias\/wp-content\/uploads\/2022\/01\/audiencia_2601-450x253.jpeg 450w, https:\/\/franciscanos.org.br\/noticias\/wp-content\/uploads\/2022\/01\/audiencia_2601-1024x576.jpeg 1024w, https:\/\/franciscanos.org.br\/noticias\/wp-content\/uploads\/2022\/01\/audiencia_2601-768x432.jpeg 768w, https:\/\/franciscanos.org.br\/noticias\/wp-content\/uploads\/2022\/01\/audiencia_2601-150x84.jpeg 150w\" sizes=\"(max-width: 1500px) 100vw, 1500px\" \/><p id=\"caption-attachment-236167\" class=\"wp-caption-text\">\u00a0 \u00a0 \u00a0 \u00a0 \u00a0 \u00a0 \u00a0 \u00a0 \u00a0 \u00a0 \u00a0 \u00a0 \u00a0 \u00a0 \u00a0 \u00a0 \u00a0 \u00a0 \u00a0 \u00a0 \u00a0 \u00a0 \u00a0 \u00a0 \u00a0 \u00a0 \u00a0 \u00a0 \u00a0 \u00a0 \u00a0 \u00a0 \u00a0 \u00a0 \u00a0 \u00a0 \u00a0 \u00a0 \u00a0 \u00a0 \u00a0 \u00a0 \u00a0 \u00a0 \u00a0 <em>\u00a0 \u00a0 \u00a0 \u00a0 \u00a0 \u00a0 \u00a0Imagem: Vatican Media<\/em><\/p><\/div>\n<p>&#8220;S\u00e3o Jos\u00e9, homem que sonha&#8221; foi o tema da catequese do Papa Francisco na Audi\u00eancia Geral, desta quarta-feira (26\/01), realizada na Sala Paulo VI.<\/p>\n<p>O Papa explicou que &#8220;na B\u00edblia, como nas culturas dos povos antigos, os sonhos eram considerados um meio pelo qual Deus se revelava. O sonho simboliza a vida espiritual de cada um de n\u00f3s, aquele espa\u00e7o interior, que cada um \u00e9 chamado a cultivar e a proteger, onde Deus se manifesta e muitas vezes nos fala&#8221;.<\/p>\n<p>Segundo o Papa, &#8220;devemos dizer que dentro de cada um de n\u00f3s n\u00e3o existe apenas a voz de Deus: existem muitas outras vozes. Por exemplo, as vozes de nossos medos, experi\u00eancias passadas, das esperan\u00e7as; e h\u00e1 tamb\u00e9m a voz do maligno que quer nos enganar e confundir. Portanto, \u00e9 importante ser capaz de reconhecer a voz de Deus no meio de outras vozes. Jos\u00e9 demonstra que sabe cultivar o sil\u00eancio necess\u00e1rio e tomar as decis\u00f5es justas diante da Palavra que o Senhor lhe dirige interiormente&#8221;.<\/p>\n<p>Para entender como nos colocar diante da revela\u00e7\u00e3o de Deus, o Papa retomou quatro sonhos relatados no Evangelho que t\u00eam Jos\u00e9 como protagonista.<\/p>\n<p>No primeiro sonho, o anjo ajuda Jos\u00e9 a resolver o drama que o aflige ao saber da gravidez de Maria, quando o anjo lhe apareceu em sonho e lhe disse para n\u00e3o temer medo de receber Maria como esposa. A resposta de Jos\u00e9 foi imediata, pois quando acordou fez conforme o Anjo do Senhor havia mandado.<\/p>\n<p>Muitas vezes a vida nos coloca diante de situa\u00e7\u00f5es que n\u00e3o entendemos e parecem sem solu\u00e7\u00e3o. Rezar, nesses momentos, significa deixar o Senhor nos mostre a coisa certa a ser feita. De fato, muitas vezes \u00e9 a ora\u00e7\u00e3o que faz nascer em n\u00f3s a intui\u00e7\u00e3o do caminho de sa\u00edda. Como resolver aquela situa\u00e7\u00e3o. Queridos irm\u00e3os e irm\u00e3s, o Senhor nunca permite um problema sem nos dar tamb\u00e9m a ajuda necess\u00e1ria para enfrent\u00e1-lo. Ele n\u00e3o nos joga ali no forno sozinhos. N\u00e3o nos joga no meio dos animais ferozes. N\u00e3o. O Senhor quando nos faz ver um problema ou revela um problema, nos d\u00e1 sempre sua ajuda, sua presen\u00e7a para sair, para resolv\u00ea-lo.<\/p>\n<p>O segundo sonho revelador de Jos\u00e9 ocorre quando a vida do menino Jesus est\u00e1 em perigo. Ele pegou o menino Jesus e sua m\u00e3e e fugiram para o Egito e ficou l\u00e1 at\u00e9 a morte de Herodes.<\/p>\n<p>Na vida fazemos experi\u00eancia de perigos que amea\u00e7am nossa exist\u00eancia ou a de quem amamos. Nessas situa\u00e7\u00f5es, rezar significa escutar a voz que pode fazer nascer em n\u00f3s a coragem de Jos\u00e9 para enfrentar as dificuldades sem sucumbir.<\/p>\n<p>No Egito, Jos\u00e9 espera de Deus o sinal para poder voltar para casa. Este \u00e9 o conte\u00fado do terceiro sonho. O anjo lhe revela que aqueles que queriam matar o menino morreram e ordena a Jos\u00e9 de partir com Maria e Jesus e retornar \u00e0 sua p\u00e1tria. Mas na viagem de volta, &#8220;quando soube que Arquelau reinava na Jud\u00e9ia, como sucessor de seu pai Herodes, teve medo de ir para l\u00e1&#8221;. Depois de receber aviso em sonho, Jos\u00e9 partiu para a regi\u00e3o da Galileia, e foi morar numa cidade chamada Nazar\u00e9. Esta \u00e9 a quarta revela\u00e7\u00e3o.<\/p>\n<p>O medo tamb\u00e9m faz parte da vida e ele tamb\u00e9m precisa da nossa ora\u00e7\u00e3o. Deus n\u00e3o nos promete que n\u00e3o teremos mais medo, mas que, com sua ajuda, o medo n\u00e3o ser\u00e1 o crit\u00e9rio de nossas decis\u00f5es. Jos\u00e9 experimenta o medo, mas Deus tamb\u00e9m o guia atrav\u00e9s do medo. O poder da ora\u00e7\u00e3o ilumina as situa\u00e7\u00f5es sombrias.<\/p>\n<p>A seguir, o Papa recordou &#8220;as muitas pessoas que s\u00e3o esmagadas pelo peso da vida e n\u00e3o conseguem mais esperar e nem rezar. Que S\u00e3o Jos\u00e9 as ajude a abrir-se ao di\u00e1logo com Deus, para reencontrar luz, for\u00e7a e paz&#8221;.<\/p>\n<p>Francisco recordou tamb\u00e9m &#8220;os pais diante dos problemas dos filhos. Filhos doentes, com doen\u00e7as permanentes. Quanta dor ali! Pais que veem orienta\u00e7\u00f5es sexuais diferentes nos filhos, como lidar com isso e acompanhar os filhos e n\u00e3o se esconder no comportamento de condena\u00e7\u00e3o. Pais que veem os filhos morrerem por causa de uma doen\u00e7a, e o mais triste, vemos todos os dias nos jornais, os jovens que fazem travessuras e morrem em acidentes de carro. Pais que veem os filhos n\u00e3o prosseguirem na escola, muitos problemas dos pais. Pensemos em como ajud\u00e1-los. A esses pais eu digo que n\u00e3o se espantem. H\u00e1 muita dor, muita, mas pensem no Senhor, pensem em como Jos\u00e9 resolveu os problemas e pe\u00e7am a Jos\u00e9 que os ajude. Nunca condenar um filho&#8221;.<\/p>\n<p>O Papa recordou as m\u00e3es que visitam os filhos nas pris\u00f5es. Uma m\u00e3e diante de um filho que errou e est\u00e1 preso, mas n\u00e3o o deixa sozinho, d\u00e1 a cara e o acompanha. Esta coragem de pai e m\u00e3e que acompanham o filho sempre.<\/p>\n<p>O Papa concluiu, dizendo que &#8220;a ora\u00e7\u00e3o nunca \u00e9 um gesto abstrato ou intimista, como querem fazer estes movimentos espiritualistas mais gn\u00f3sticos do que crist\u00e3os, n\u00e3o \u00e9 isso. A ora\u00e7\u00e3o est\u00e1 sempre indissoluvelmente ligada \u00e0 caridade. Somente quando unimos o amor \u00e0 ora\u00e7\u00e3o, amor pelo filho e pelo pr\u00f3ximo, conseguimos compreender as mensagens do Senhor. Jos\u00e9 rezava, trabalhava e amava, e por isso sempre recebeu o necess\u00e1rio para enfrentar as prova\u00e7\u00f5es da vida. Confiemo-nos a ele e \u00e0 sua intercess\u00e3o&#8221;.<\/p>\n<p><strong>Apelo pela paz na Ucr\u00e2nia<\/strong><br \/>\nNo final da Audi\u00eancia Geral, o Papa convidou a rezar pela paz na Ucr\u00e2nia, e a faz\u00ea-lo muitas vezes durante este dia: Pe\u00e7amos ao Senhor com insist\u00eancia que aquela terra possa ver florescer a fraternidade e superar feridas, medos e divis\u00f5es. Que as ora\u00e7\u00f5es e s\u00faplicas, que hoje se elevam ao C\u00e9u, toquem as mentes e os cora\u00e7\u00f5es dos respons\u00e1veis na terra, para que fa\u00e7am prevalecer o di\u00e1logo, e o bem de todos seja colocado acima dos interesses de parte. Rezemos pela paz com o Pai Nosso: \u00e9 a ora\u00e7\u00e3o dos filhos que se dirigem ao mesmo Pai, \u00e9 a ora\u00e7\u00e3o que nos faz irm\u00e3os, \u00e9 a ora\u00e7\u00e3o dos irm\u00e3os que imploram reconcilia\u00e7\u00e3o e conc\u00f3rdia.<\/p>\n<hr \/>\n<p><em>Fonte: Vatican News (texto de Mariangela Jaguraba)<\/em><\/p>\n","protected":false},"excerpt":{"rendered":"<p>Audi\u00eancia Geral <\/p>\n","protected":false},"author":3,"featured_media":236167,"comment_status":"open","ping_status":"open","sticky":false,"template":"","format":"standard","meta":[],"categories":[1428],"tags":[487],"acf":[],"yoast_head":"<!-- This site is optimized with the Yoast SEO plugin v19.2 - https:\/\/yoast.com\/wordpress\/plugins\/seo\/ -->\n<title>Papa: A ora\u00e7\u00e3o est\u00e1 sempre indissoluvelmente ligada \u00e0 caridade - Not\u00edcias - Franciscanos<\/title>\n<meta name=\"robots\" content=\"index, follow, max-snippet:-1, max-image-preview:large, max-video-preview:-1\" \/>\n<link rel=\"canonical\" href=\"https:\/\/franciscanos.org.br\/noticias\/papa-a-oracao-esta-sempre-indissoluvelmente-ligada-a-caridade.html\" \/>\n<meta property=\"og:locale\" content=\"pt_BR\" \/>\n<meta property=\"og:type\" content=\"article\" \/>\n<meta property=\"og:title\" content=\"Papa: A ora\u00e7\u00e3o est\u00e1 sempre indissoluvelmente ligada \u00e0 caridade - Not\u00edcias - Franciscanos\" \/>\n<meta property=\"og:description\" content=\"Audi\u00eancia Geral\" \/>\n<meta property=\"og:url\" content=\"https:\/\/franciscanos.org.br\/noticias\/papa-a-oracao-esta-sempre-indissoluvelmente-ligada-a-caridade.html\" \/>\n<meta property=\"og:site_name\" content=\"Not\u00edcias - Franciscanos\" \/>\n<meta property=\"article:published_time\" content=\"2022-01-26T09:39:11+00:00\" \/>\n<meta property=\"og:image\" content=\"https:\/\/franciscanos.org.br\/noticias\/wp-content\/uploads\/2022\/01\/audiencia_2601.jpeg\" \/>\n\t<meta property=\"og:image:width\" content=\"1500\" \/>\n\t<meta property=\"og:image:height\" content=\"844\" \/>\n\t<meta property=\"og:image:type\" content=\"image\/jpeg\" \/>\n<meta name=\"author\" content=\"moacir\" \/>\n<meta name=\"twitter:card\" content=\"summary_large_image\" \/>\n<meta name=\"twitter:label1\" content=\"Escrito por\" \/>\n\t<meta name=\"twitter:data1\" content=\"moacir\" \/>\n\t<meta name=\"twitter:label2\" content=\"Est. tempo de leitura\" \/>\n\t<meta name=\"twitter:data2\" content=\"6 minutos\" \/>\n<script type=\"application\/ld+json\" class=\"yoast-schema-graph\">{\"@context\":\"https:\/\/schema.org\",\"@graph\":[{\"@type\":\"WebSite\",\"@id\":\"https:\/\/franciscanos.org.br\/noticias\/#website\",\"url\":\"https:\/\/franciscanos.org.br\/noticias\/\",\"name\":\"Not\u00edcias - Franciscanos\",\"description\":\"Prov\u00edncia Franciscana da Imaculada Concei\u00e7\u00e3o do Brasil - Ordem dos Frades Menores - OFM\",\"potentialAction\":[{\"@type\":\"SearchAction\",\"target\":{\"@type\":\"EntryPoint\",\"urlTemplate\":\"https:\/\/franciscanos.org.br\/noticias\/?s={search_term_string}\"},\"query-input\":\"required name=search_term_string\"}],\"inLanguage\":\"pt-BR\"},{\"@type\":\"ImageObject\",\"inLanguage\":\"pt-BR\",\"@id\":\"https:\/\/franciscanos.org.br\/noticias\/papa-a-oracao-esta-sempre-indissoluvelmente-ligada-a-caridade.html#primaryimage\",\"url\":\"https:\/\/franciscanos.org.br\/noticias\/wp-content\/uploads\/2022\/01\/audiencia_2601.jpeg\",\"contentUrl\":\"https:\/\/franciscanos.org.br\/noticias\/wp-content\/uploads\/2022\/01\/audiencia_2601.jpeg\",\"width\":1500,\"height\":844},{\"@type\":\"WebPage\",\"@id\":\"https:\/\/franciscanos.org.br\/noticias\/papa-a-oracao-esta-sempre-indissoluvelmente-ligada-a-caridade.html#webpage\",\"url\":\"https:\/\/franciscanos.org.br\/noticias\/papa-a-oracao-esta-sempre-indissoluvelmente-ligada-a-caridade.html\",\"name\":\"Papa: A ora\u00e7\u00e3o est\u00e1 sempre indissoluvelmente ligada \u00e0 caridade - Not\u00edcias - Franciscanos\",\"isPartOf\":{\"@id\":\"https:\/\/franciscanos.org.br\/noticias\/#website\"},\"primaryImageOfPage\":{\"@id\":\"https:\/\/franciscanos.org.br\/noticias\/papa-a-oracao-esta-sempre-indissoluvelmente-ligada-a-caridade.html#primaryimage\"},\"datePublished\":\"2022-01-26T09:39:11+00:00\",\"dateModified\":\"2022-01-26T09:39:11+00:00\",\"author\":{\"@id\":\"https:\/\/franciscanos.org.br\/noticias\/#\/schema\/person\/b5c8cba458c330ccff548b056e95a5d4\"},\"breadcrumb\":{\"@id\":\"https:\/\/franciscanos.org.br\/noticias\/papa-a-oracao-esta-sempre-indissoluvelmente-ligada-a-caridade.html#breadcrumb\"},\"inLanguage\":\"pt-BR\",\"potentialAction\":[{\"@type\":\"ReadAction\",\"target\":[\"https:\/\/franciscanos.org.br\/noticias\/papa-a-oracao-esta-sempre-indissoluvelmente-ligada-a-caridade.html\"]}]},{\"@type\":\"BreadcrumbList\",\"@id\":\"https:\/\/franciscanos.org.br\/noticias\/papa-a-oracao-esta-sempre-indissoluvelmente-ligada-a-caridade.html#breadcrumb\",\"itemListElement\":[{\"@type\":\"ListItem\",\"position\":1,\"name\":\"Home\",\"item\":\"https:\/\/franciscanos.org.br\/noticias\"},{\"@type\":\"ListItem\",\"position\":2,\"name\":\"Papa: A ora\u00e7\u00e3o est\u00e1 sempre indissoluvelmente ligada \u00e0 caridade\"}]},{\"@type\":\"Person\",\"@id\":\"https:\/\/franciscanos.org.br\/noticias\/#\/schema\/person\/b5c8cba458c330ccff548b056e95a5d4\",\"name\":\"moacir\",\"image\":{\"@type\":\"ImageObject\",\"inLanguage\":\"pt-BR\",\"@id\":\"https:\/\/franciscanos.org.br\/noticias\/#\/schema\/person\/image\/\",\"url\":\"https:\/\/secure.gravatar.com\/avatar\/d08aa2ce4c8dd416d4479aa8536fcf64?s=96&d=mm&r=g\",\"contentUrl\":\"https:\/\/secure.gravatar.com\/avatar\/d08aa2ce4c8dd416d4479aa8536fcf64?s=96&d=mm&r=g\",\"caption\":\"moacir\"},\"url\":\"https:\/\/franciscanos.org.br\/noticias\/author\/moacir\"}]}<\/script>\n<!-- \/ Yoast SEO plugin. -->","yoast_head_json":{"title":"Papa: A ora\u00e7\u00e3o est\u00e1 sempre indissoluvelmente ligada \u00e0 caridade - Not\u00edcias - Franciscanos","robots":{"index":"index","follow":"follow","max-snippet":"max-snippet:-1","max-image-preview":"max-image-preview:large","max-video-preview":"max-video-preview:-1"},"canonical":"https:\/\/franciscanos.org.br\/noticias\/papa-a-oracao-esta-sempre-indissoluvelmente-ligada-a-caridade.html","og_locale":"pt_BR","og_type":"article","og_title":"Papa: A ora\u00e7\u00e3o est\u00e1 sempre indissoluvelmente ligada \u00e0 caridade - Not\u00edcias - Franciscanos","og_description":"Audi\u00eancia Geral","og_url":"https:\/\/franciscanos.org.br\/noticias\/papa-a-oracao-esta-sempre-indissoluvelmente-ligada-a-caridade.html","og_site_name":"Not\u00edcias - Franciscanos","article_published_time":"2022-01-26T09:39:11+00:00","og_image":[{"width":1500,"height":844,"url":"https:\/\/franciscanos.org.br\/noticias\/wp-content\/uploads\/2022\/01\/audiencia_2601.jpeg","type":"image\/jpeg"}],"author":"moacir","twitter_card":"summary_large_image","twitter_misc":{"Escrito por":"moacir","Est. tempo de leitura":"6 minutos"},"schema":{"@context":"https:\/\/schema.org","@graph":[{"@type":"WebSite","@id":"https:\/\/franciscanos.org.br\/noticias\/#website","url":"https:\/\/franciscanos.org.br\/noticias\/","name":"Not\u00edcias - Franciscanos","description":"Prov\u00edncia Franciscana da Imaculada Concei\u00e7\u00e3o do Brasil - Ordem dos Frades Menores - OFM","potentialAction":[{"@type":"SearchAction","target":{"@type":"EntryPoint","urlTemplate":"https:\/\/franciscanos.org.br\/noticias\/?s={search_term_string}"},"query-input":"required name=search_term_string"}],"inLanguage":"pt-BR"},{"@type":"ImageObject","inLanguage":"pt-BR","@id":"https:\/\/franciscanos.org.br\/noticias\/papa-a-oracao-esta-sempre-indissoluvelmente-ligada-a-caridade.html#primaryimage","url":"https:\/\/franciscanos.org.br\/noticias\/wp-content\/uploads\/2022\/01\/audiencia_2601.jpeg","contentUrl":"https:\/\/franciscanos.org.br\/noticias\/wp-content\/uploads\/2022\/01\/audiencia_2601.jpeg","width":1500,"height":844},{"@type":"WebPage","@id":"https:\/\/franciscanos.org.br\/noticias\/papa-a-oracao-esta-sempre-indissoluvelmente-ligada-a-caridade.html#webpage","url":"https:\/\/franciscanos.org.br\/noticias\/papa-a-oracao-esta-sempre-indissoluvelmente-ligada-a-caridade.html","name":"Papa: A ora\u00e7\u00e3o est\u00e1 sempre indissoluvelmente ligada \u00e0 caridade - Not\u00edcias - Franciscanos","isPartOf":{"@id":"https:\/\/franciscanos.org.br\/noticias\/#website"},"primaryImageOfPage":{"@id":"https:\/\/franciscanos.org.br\/noticias\/papa-a-oracao-esta-sempre-indissoluvelmente-ligada-a-caridade.html#primaryimage"},"datePublished":"2022-01-26T09:39:11+00:00","dateModified":"2022-01-26T09:39:11+00:00","author":{"@id":"https:\/\/franciscanos.org.br\/noticias\/#\/schema\/person\/b5c8cba458c330ccff548b056e95a5d4"},"breadcrumb":{"@id":"https:\/\/franciscanos.org.br\/noticias\/papa-a-oracao-esta-sempre-indissoluvelmente-ligada-a-caridade.html#breadcrumb"},"inLanguage":"pt-BR","potentialAction":[{"@type":"ReadAction","target":["https:\/\/franciscanos.org.br\/noticias\/papa-a-oracao-esta-sempre-indissoluvelmente-ligada-a-caridade.html"]}]},{"@type":"BreadcrumbList","@id":"https:\/\/franciscanos.org.br\/noticias\/papa-a-oracao-esta-sempre-indissoluvelmente-ligada-a-caridade.html#breadcrumb","itemListElement":[{"@type":"ListItem","position":1,"name":"Home","item":"https:\/\/franciscanos.org.br\/noticias"},{"@type":"ListItem","position":2,"name":"Papa: A ora\u00e7\u00e3o est\u00e1 sempre indissoluvelmente ligada \u00e0 caridade"}]},{"@type":"Person","@id":"https:\/\/franciscanos.org.br\/noticias\/#\/schema\/person\/b5c8cba458c330ccff548b056e95a5d4","name":"moacir","image":{"@type":"ImageObject","inLanguage":"pt-BR","@id":"https:\/\/franciscanos.org.br\/noticias\/#\/schema\/person\/image\/","url":"https:\/\/secure.gravatar.com\/avatar\/d08aa2ce4c8dd416d4479aa8536fcf64?s=96&d=mm&r=g","contentUrl":"https:\/\/secure.gravatar.com\/avatar\/d08aa2ce4c8dd416d4479aa8536fcf64?s=96&d=mm&r=g","caption":"moacir"},"url":"https:\/\/franciscanos.org.br\/noticias\/author\/moacir"}]}},"_links":{"self":[{"href":"https:\/\/franciscanos.org.br\/noticias\/wp-json\/wp\/v2\/posts\/236166"}],"collection":[{"href":"https:\/\/franciscanos.org.br\/noticias\/wp-json\/wp\/v2\/posts"}],"about":[{"href":"https:\/\/franciscanos.org.br\/noticias\/wp-json\/wp\/v2\/types\/post"}],"author":[{"embeddable":true,"href":"https:\/\/franciscanos.org.br\/noticias\/wp-json\/wp\/v2\/users\/3"}],"replies":[{"embeddable":true,"href":"https:\/\/franciscanos.org.br\/noticias\/wp-json\/wp\/v2\/comments?post=236166"}],"version-history":[{"count":1,"href":"https:\/\/franciscanos.org.br\/noticias\/wp-json\/wp\/v2\/posts\/236166\/revisions"}],"predecessor-version":[{"id":236168,"href":"https:\/\/franciscanos.org.br\/noticias\/wp-json\/wp\/v2\/posts\/236166\/revisions\/236168"}],"wp:featuredmedia":[{"embeddable":true,"href":"https:\/\/franciscanos.org.br\/noticias\/wp-json\/wp\/v2\/media\/236167"}],"wp:attachment":[{"href":"https:\/\/franciscanos.org.br\/noticias\/wp-json\/wp\/v2\/media?parent=236166"}],"wp:term":[{"taxonomy":"category","embeddable":true,"href":"https:\/\/franciscanos.org.br\/noticias\/wp-json\/wp\/v2\/categories?post=236166"},{"taxonomy":"post_tag","embeddable":true,"href":"https:\/\/franciscanos.org.br\/noticias\/wp-json\/wp\/v2\/tags?post=236166"}],"curies":[{"name":"wp","href":"https:\/\/api.w.org\/{rel}","templated":true}]}}