{"id":236140,"date":"2022-01-24T06:33:44","date_gmt":"2022-01-24T09:33:44","guid":{"rendered":"https:\/\/franciscanos.org.br\/noticias\/?p=236140"},"modified":"2022-01-28T09:54:56","modified_gmt":"2022-01-28T12:54:56","slug":"frei-jefferson-sera-ordenado-presbitero-no-dia-29-de-janeiro","status":"publish","type":"post","link":"https:\/\/franciscanos.org.br\/noticias\/frei-jefferson-sera-ordenado-presbitero-no-dia-29-de-janeiro.html","title":{"rendered":"Frei Jefferson ser\u00e1 ordenado presb\u00edtero neste s\u00e1bado"},"content":{"rendered":"<p><img loading=\"lazy\" class=\"alignnone wp-image-236141 size-full\" src=\"https:\/\/franciscanos.org.br\/noticias\/wp-content\/uploads\/2022\/01\/max_2401.jpg\" alt=\"\" width=\"1280\" height=\"719\" srcset=\"https:\/\/franciscanos.org.br\/noticias\/wp-content\/uploads\/2022\/01\/max_2401.jpg 1280w, https:\/\/franciscanos.org.br\/noticias\/wp-content\/uploads\/2022\/01\/max_2401-450x253.jpg 450w, https:\/\/franciscanos.org.br\/noticias\/wp-content\/uploads\/2022\/01\/max_2401-1024x575.jpg 1024w, https:\/\/franciscanos.org.br\/noticias\/wp-content\/uploads\/2022\/01\/max_2401-768x431.jpg 768w, https:\/\/franciscanos.org.br\/noticias\/wp-content\/uploads\/2022\/01\/max_2401-150x84.jpg 150w\" sizes=\"(max-width: 1280px) 100vw, 1280px\" \/><\/p>\n<p>O curitibano Frei Jefferson Max Nunes Maciel ser\u00e1 ordenado presb\u00edtero no dia 29 de janeiro, \u00e0s 19 horas, pelas m\u00e3os de Dom Celso Ant\u00f4nio Marchiori, bispo da Diocese de S\u00e3o Jos\u00e9 dos Pinhais (PR). Esse momento ser\u00e1 celebrado na Par\u00f3quia Senhor Bom Jesus, em Arauc\u00e1ria (PR). No dia seguinte, Frei Max celebrar\u00e1 a Primeira Missa na Capela Sant\u00edssima Trindade, tamb\u00e9m em Arauc\u00e1ria.<\/p>\n<p>Frei Max nasceu no dia 27 de janeiro de 1992, em Curitiba, Paran\u00e1 e cresceu na cidade de Arauc\u00e1ria no Paran\u00e1. \u00c9 filho de Val\u00f3dio Tibes Maciel e Maria En\u00e9sia Nunes e tem dois irm\u00e3os. Ingressou no Semin\u00e1rio Santo Ant\u00f4nio em Agudos (SP) em 2009 e vestiu o h\u00e1bito franciscano em 2012. Em 2013 fez sua 1\u00aa Profiss\u00e3o em Rodeio (SC). Entre 2013 e 2015, cursou Filosofia na FAE-Centro Universit\u00e1rio de Curitiba (PR). Viveu o Ano Mission\u00e1rio em Angola no ano de 2016. Fez a Profiss\u00e3o Solene no dia 15 de setembro de 2018 e concluiu os estudos de Teologia em 2020 no Instituto Teol\u00f3gico Franciscano de Petr\u00f3polis (RJ).<\/p>\n<p>Frei Jefferson Max assim se expressa: \u201cAgrade\u00e7o \u00e0 Prov\u00edncia por sua forma\u00e7\u00e3o primorosa e cuidadosa. Expresso minha gratid\u00e3o a todos os irm\u00e3os e irm\u00e3s que estiveram envolvidos em minha jornada at\u00e9 hoje. Pe\u00e7o as ora\u00e7\u00f5es de todos para que eu possa servir a Deus, a Igreja e a humanidade com amor e generosidade de cora\u00e7\u00e3o\u201d.<\/p>\n<p>Como lema para sua ordena\u00e7\u00e3o, escolheu o Salmo 70,5: &#8220;Sois, \u00f3 Senhor Deus minha esperan\u00e7a, em V\u00f3s confio desde minha juventude&#8221;.<\/p>\n<p><img loading=\"lazy\" class=\"alignnone wp-image-236142 size-full\" src=\"https:\/\/franciscanos.org.br\/noticias\/wp-content\/uploads\/2022\/01\/WhatsApp-Image-2021-11-22-at-09.20.54.jpeg\" alt=\"\" width=\"1280\" height=\"744\" srcset=\"https:\/\/franciscanos.org.br\/noticias\/wp-content\/uploads\/2022\/01\/WhatsApp-Image-2021-11-22-at-09.20.54.jpeg 1280w, https:\/\/franciscanos.org.br\/noticias\/wp-content\/uploads\/2022\/01\/WhatsApp-Image-2021-11-22-at-09.20.54-450x262.jpeg 450w, https:\/\/franciscanos.org.br\/noticias\/wp-content\/uploads\/2022\/01\/WhatsApp-Image-2021-11-22-at-09.20.54-1024x595.jpeg 1024w, https:\/\/franciscanos.org.br\/noticias\/wp-content\/uploads\/2022\/01\/WhatsApp-Image-2021-11-22-at-09.20.54-768x446.jpeg 768w, https:\/\/franciscanos.org.br\/noticias\/wp-content\/uploads\/2022\/01\/WhatsApp-Image-2021-11-22-at-09.20.54-150x87.jpeg 150w\" sizes=\"(max-width: 1280px) 100vw, 1280px\" \/><\/p>\n","protected":false},"excerpt":{"rendered":"<p>Ordena\u00e7\u00e3o presbiteral<\/p>\n","protected":false},"author":3,"featured_media":236143,"comment_status":"open","ping_status":"open","sticky":false,"template":"","format":"standard","meta":[],"categories":[1],"tags":[157],"acf":[],"yoast_head":"<!-- This site is optimized with the Yoast SEO plugin v19.2 - https:\/\/yoast.com\/wordpress\/plugins\/seo\/ -->\n<title>Frei Jefferson ser\u00e1 ordenado presb\u00edtero neste s\u00e1bado - Not\u00edcias - Franciscanos<\/title>\n<meta name=\"robots\" content=\"index, follow, max-snippet:-1, max-image-preview:large, max-video-preview:-1\" \/>\n<link rel=\"canonical\" href=\"https:\/\/franciscanos.org.br\/noticias\/frei-jefferson-sera-ordenado-presbitero-no-dia-29-de-janeiro.html\" \/>\n<meta property=\"og:locale\" content=\"pt_BR\" \/>\n<meta property=\"og:type\" content=\"article\" \/>\n<meta property=\"og:title\" content=\"Frei Jefferson ser\u00e1 ordenado presb\u00edtero neste s\u00e1bado - Not\u00edcias - Franciscanos\" \/>\n<meta property=\"og:description\" content=\"Ordena\u00e7\u00e3o presbiteral\" \/>\n<meta property=\"og:url\" content=\"https:\/\/franciscanos.org.br\/noticias\/frei-jefferson-sera-ordenado-presbitero-no-dia-29-de-janeiro.html\" \/>\n<meta property=\"og:site_name\" content=\"Not\u00edcias - Franciscanos\" \/>\n<meta property=\"article:published_time\" content=\"2022-01-24T09:33:44+00:00\" \/>\n<meta property=\"article:modified_time\" content=\"2022-01-28T12:54:56+00:00\" \/>\n<meta property=\"og:image\" content=\"https:\/\/franciscanos.org.br\/noticias\/wp-content\/uploads\/2022\/01\/max_d.jpg\" \/>\n\t<meta property=\"og:image:width\" content=\"800\" \/>\n\t<meta property=\"og:image:height\" content=\"533\" \/>\n\t<meta property=\"og:image:type\" content=\"image\/jpeg\" \/>\n<meta name=\"author\" content=\"moacir\" \/>\n<meta name=\"twitter:card\" content=\"summary_large_image\" \/>\n<meta name=\"twitter:label1\" content=\"Escrito por\" \/>\n\t<meta name=\"twitter:data1\" content=\"moacir\" \/>\n\t<meta name=\"twitter:label2\" content=\"Est. tempo de leitura\" \/>\n\t<meta name=\"twitter:data2\" content=\"1 minuto\" \/>\n<script type=\"application\/ld+json\" class=\"yoast-schema-graph\">{\"@context\":\"https:\/\/schema.org\",\"@graph\":[{\"@type\":\"WebSite\",\"@id\":\"https:\/\/franciscanos.org.br\/noticias\/#website\",\"url\":\"https:\/\/franciscanos.org.br\/noticias\/\",\"name\":\"Not\u00edcias - Franciscanos\",\"description\":\"Prov\u00edncia Franciscana da Imaculada Concei\u00e7\u00e3o do Brasil - Ordem dos Frades Menores - OFM\",\"potentialAction\":[{\"@type\":\"SearchAction\",\"target\":{\"@type\":\"EntryPoint\",\"urlTemplate\":\"https:\/\/franciscanos.org.br\/noticias\/?s={search_term_string}\"},\"query-input\":\"required name=search_term_string\"}],\"inLanguage\":\"pt-BR\"},{\"@type\":\"ImageObject\",\"inLanguage\":\"pt-BR\",\"@id\":\"https:\/\/franciscanos.org.br\/noticias\/frei-jefferson-sera-ordenado-presbitero-no-dia-29-de-janeiro.html#primaryimage\",\"url\":\"https:\/\/franciscanos.org.br\/noticias\/wp-content\/uploads\/2022\/01\/max_d.jpg\",\"contentUrl\":\"https:\/\/franciscanos.org.br\/noticias\/wp-content\/uploads\/2022\/01\/max_d.jpg\",\"width\":800,\"height\":533},{\"@type\":\"WebPage\",\"@id\":\"https:\/\/franciscanos.org.br\/noticias\/frei-jefferson-sera-ordenado-presbitero-no-dia-29-de-janeiro.html#webpage\",\"url\":\"https:\/\/franciscanos.org.br\/noticias\/frei-jefferson-sera-ordenado-presbitero-no-dia-29-de-janeiro.html\",\"name\":\"Frei Jefferson ser\u00e1 ordenado presb\u00edtero neste s\u00e1bado - Not\u00edcias - Franciscanos\",\"isPartOf\":{\"@id\":\"https:\/\/franciscanos.org.br\/noticias\/#website\"},\"primaryImageOfPage\":{\"@id\":\"https:\/\/franciscanos.org.br\/noticias\/frei-jefferson-sera-ordenado-presbitero-no-dia-29-de-janeiro.html#primaryimage\"},\"datePublished\":\"2022-01-24T09:33:44+00:00\",\"dateModified\":\"2022-01-28T12:54:56+00:00\",\"author\":{\"@id\":\"https:\/\/franciscanos.org.br\/noticias\/#\/schema\/person\/b5c8cba458c330ccff548b056e95a5d4\"},\"breadcrumb\":{\"@id\":\"https:\/\/franciscanos.org.br\/noticias\/frei-jefferson-sera-ordenado-presbitero-no-dia-29-de-janeiro.html#breadcrumb\"},\"inLanguage\":\"pt-BR\",\"potentialAction\":[{\"@type\":\"ReadAction\",\"target\":[\"https:\/\/franciscanos.org.br\/noticias\/frei-jefferson-sera-ordenado-presbitero-no-dia-29-de-janeiro.html\"]}]},{\"@type\":\"BreadcrumbList\",\"@id\":\"https:\/\/franciscanos.org.br\/noticias\/frei-jefferson-sera-ordenado-presbitero-no-dia-29-de-janeiro.html#breadcrumb\",\"itemListElement\":[{\"@type\":\"ListItem\",\"position\":1,\"name\":\"Home\",\"item\":\"https:\/\/franciscanos.org.br\/noticias\"},{\"@type\":\"ListItem\",\"position\":2,\"name\":\"Frei Jefferson ser\u00e1 ordenado presb\u00edtero neste s\u00e1bado\"}]},{\"@type\":\"Person\",\"@id\":\"https:\/\/franciscanos.org.br\/noticias\/#\/schema\/person\/b5c8cba458c330ccff548b056e95a5d4\",\"name\":\"moacir\",\"image\":{\"@type\":\"ImageObject\",\"inLanguage\":\"pt-BR\",\"@id\":\"https:\/\/franciscanos.org.br\/noticias\/#\/schema\/person\/image\/\",\"url\":\"https:\/\/secure.gravatar.com\/avatar\/d08aa2ce4c8dd416d4479aa8536fcf64?s=96&d=mm&r=g\",\"contentUrl\":\"https:\/\/secure.gravatar.com\/avatar\/d08aa2ce4c8dd416d4479aa8536fcf64?s=96&d=mm&r=g\",\"caption\":\"moacir\"},\"url\":\"https:\/\/franciscanos.org.br\/noticias\/author\/moacir\"}]}<\/script>\n<!-- \/ Yoast SEO plugin. -->","yoast_head_json":{"title":"Frei Jefferson ser\u00e1 ordenado presb\u00edtero neste s\u00e1bado - Not\u00edcias - Franciscanos","robots":{"index":"index","follow":"follow","max-snippet":"max-snippet:-1","max-image-preview":"max-image-preview:large","max-video-preview":"max-video-preview:-1"},"canonical":"https:\/\/franciscanos.org.br\/noticias\/frei-jefferson-sera-ordenado-presbitero-no-dia-29-de-janeiro.html","og_locale":"pt_BR","og_type":"article","og_title":"Frei Jefferson ser\u00e1 ordenado presb\u00edtero neste s\u00e1bado - Not\u00edcias - Franciscanos","og_description":"Ordena\u00e7\u00e3o presbiteral","og_url":"https:\/\/franciscanos.org.br\/noticias\/frei-jefferson-sera-ordenado-presbitero-no-dia-29-de-janeiro.html","og_site_name":"Not\u00edcias - Franciscanos","article_published_time":"2022-01-24T09:33:44+00:00","article_modified_time":"2022-01-28T12:54:56+00:00","og_image":[{"width":800,"height":533,"url":"https:\/\/franciscanos.org.br\/noticias\/wp-content\/uploads\/2022\/01\/max_d.jpg","type":"image\/jpeg"}],"author":"moacir","twitter_card":"summary_large_image","twitter_misc":{"Escrito por":"moacir","Est. tempo de leitura":"1 minuto"},"schema":{"@context":"https:\/\/schema.org","@graph":[{"@type":"WebSite","@id":"https:\/\/franciscanos.org.br\/noticias\/#website","url":"https:\/\/franciscanos.org.br\/noticias\/","name":"Not\u00edcias - Franciscanos","description":"Prov\u00edncia Franciscana da Imaculada Concei\u00e7\u00e3o do Brasil - Ordem dos Frades Menores - OFM","potentialAction":[{"@type":"SearchAction","target":{"@type":"EntryPoint","urlTemplate":"https:\/\/franciscanos.org.br\/noticias\/?s={search_term_string}"},"query-input":"required name=search_term_string"}],"inLanguage":"pt-BR"},{"@type":"ImageObject","inLanguage":"pt-BR","@id":"https:\/\/franciscanos.org.br\/noticias\/frei-jefferson-sera-ordenado-presbitero-no-dia-29-de-janeiro.html#primaryimage","url":"https:\/\/franciscanos.org.br\/noticias\/wp-content\/uploads\/2022\/01\/max_d.jpg","contentUrl":"https:\/\/franciscanos.org.br\/noticias\/wp-content\/uploads\/2022\/01\/max_d.jpg","width":800,"height":533},{"@type":"WebPage","@id":"https:\/\/franciscanos.org.br\/noticias\/frei-jefferson-sera-ordenado-presbitero-no-dia-29-de-janeiro.html#webpage","url":"https:\/\/franciscanos.org.br\/noticias\/frei-jefferson-sera-ordenado-presbitero-no-dia-29-de-janeiro.html","name":"Frei Jefferson ser\u00e1 ordenado presb\u00edtero neste s\u00e1bado - Not\u00edcias - Franciscanos","isPartOf":{"@id":"https:\/\/franciscanos.org.br\/noticias\/#website"},"primaryImageOfPage":{"@id":"https:\/\/franciscanos.org.br\/noticias\/frei-jefferson-sera-ordenado-presbitero-no-dia-29-de-janeiro.html#primaryimage"},"datePublished":"2022-01-24T09:33:44+00:00","dateModified":"2022-01-28T12:54:56+00:00","author":{"@id":"https:\/\/franciscanos.org.br\/noticias\/#\/schema\/person\/b5c8cba458c330ccff548b056e95a5d4"},"breadcrumb":{"@id":"https:\/\/franciscanos.org.br\/noticias\/frei-jefferson-sera-ordenado-presbitero-no-dia-29-de-janeiro.html#breadcrumb"},"inLanguage":"pt-BR","potentialAction":[{"@type":"ReadAction","target":["https:\/\/franciscanos.org.br\/noticias\/frei-jefferson-sera-ordenado-presbitero-no-dia-29-de-janeiro.html"]}]},{"@type":"BreadcrumbList","@id":"https:\/\/franciscanos.org.br\/noticias\/frei-jefferson-sera-ordenado-presbitero-no-dia-29-de-janeiro.html#breadcrumb","itemListElement":[{"@type":"ListItem","position":1,"name":"Home","item":"https:\/\/franciscanos.org.br\/noticias"},{"@type":"ListItem","position":2,"name":"Frei Jefferson ser\u00e1 ordenado presb\u00edtero neste s\u00e1bado"}]},{"@type":"Person","@id":"https:\/\/franciscanos.org.br\/noticias\/#\/schema\/person\/b5c8cba458c330ccff548b056e95a5d4","name":"moacir","image":{"@type":"ImageObject","inLanguage":"pt-BR","@id":"https:\/\/franciscanos.org.br\/noticias\/#\/schema\/person\/image\/","url":"https:\/\/secure.gravatar.com\/avatar\/d08aa2ce4c8dd416d4479aa8536fcf64?s=96&d=mm&r=g","contentUrl":"https:\/\/secure.gravatar.com\/avatar\/d08aa2ce4c8dd416d4479aa8536fcf64?s=96&d=mm&r=g","caption":"moacir"},"url":"https:\/\/franciscanos.org.br\/noticias\/author\/moacir"}]}},"_links":{"self":[{"href":"https:\/\/franciscanos.org.br\/noticias\/wp-json\/wp\/v2\/posts\/236140"}],"collection":[{"href":"https:\/\/franciscanos.org.br\/noticias\/wp-json\/wp\/v2\/posts"}],"about":[{"href":"https:\/\/franciscanos.org.br\/noticias\/wp-json\/wp\/v2\/types\/post"}],"author":[{"embeddable":true,"href":"https:\/\/franciscanos.org.br\/noticias\/wp-json\/wp\/v2\/users\/3"}],"replies":[{"embeddable":true,"href":"https:\/\/franciscanos.org.br\/noticias\/wp-json\/wp\/v2\/comments?post=236140"}],"version-history":[{"count":3,"href":"https:\/\/franciscanos.org.br\/noticias\/wp-json\/wp\/v2\/posts\/236140\/revisions"}],"predecessor-version":[{"id":236222,"href":"https:\/\/franciscanos.org.br\/noticias\/wp-json\/wp\/v2\/posts\/236140\/revisions\/236222"}],"wp:featuredmedia":[{"embeddable":true,"href":"https:\/\/franciscanos.org.br\/noticias\/wp-json\/wp\/v2\/media\/236143"}],"wp:attachment":[{"href":"https:\/\/franciscanos.org.br\/noticias\/wp-json\/wp\/v2\/media?parent=236140"}],"wp:term":[{"taxonomy":"category","embeddable":true,"href":"https:\/\/franciscanos.org.br\/noticias\/wp-json\/wp\/v2\/categories?post=236140"},{"taxonomy":"post_tag","embeddable":true,"href":"https:\/\/franciscanos.org.br\/noticias\/wp-json\/wp\/v2\/tags?post=236140"}],"curies":[{"name":"wp","href":"https:\/\/api.w.org\/{rel}","templated":true}]}}