{"id":236108,"date":"2022-01-19T06:33:26","date_gmt":"2022-01-19T09:33:26","guid":{"rendered":"https:\/\/franciscanos.org.br\/noticias\/?p=236108"},"modified":"2022-01-19T06:33:26","modified_gmt":"2022-01-19T09:33:26","slug":"papa-a-revolucao-da-ternura-modo-inesperado-de-fazer-justica","status":"publish","type":"post","link":"https:\/\/franciscanos.org.br\/noticias\/papa-a-revolucao-da-ternura-modo-inesperado-de-fazer-justica.html","title":{"rendered":"Papa: a revolu\u00e7\u00e3o da ternura, modo inesperado de fazer justi\u00e7a"},"content":{"rendered":"<div id=\"attachment_236109\" style=\"width: 910px\" class=\"wp-caption alignnone\"><img aria-describedby=\"caption-attachment-236109\" loading=\"lazy\" class=\"wp-image-236109 size-full\" src=\"https:\/\/franciscanos.org.br\/noticias\/wp-content\/uploads\/2022\/01\/audiencia_1901.jpg\" alt=\"\" width=\"900\" height=\"600\" srcset=\"https:\/\/franciscanos.org.br\/noticias\/wp-content\/uploads\/2022\/01\/audiencia_1901.jpg 900w, https:\/\/franciscanos.org.br\/noticias\/wp-content\/uploads\/2022\/01\/audiencia_1901-450x300.jpg 450w, https:\/\/franciscanos.org.br\/noticias\/wp-content\/uploads\/2022\/01\/audiencia_1901-768x512.jpg 768w, https:\/\/franciscanos.org.br\/noticias\/wp-content\/uploads\/2022\/01\/audiencia_1901-150x100.jpg 150w\" sizes=\"(max-width: 900px) 100vw, 900px\" \/><p id=\"caption-attachment-236109\" class=\"wp-caption-text\">\u00a0 \u00a0 \u00a0 \u00a0 \u00a0 \u00a0 \u00a0 \u00a0 \u00a0 \u00a0 \u00a0 \u00a0 \u00a0 \u00a0 \u00a0 \u00a0 \u00a0 \u00a0 \u00a0 \u00a0 \u00a0 \u00a0 \u00a0 \u00a0 \u00a0 \u00a0 \u00a0 \u00a0 \u00a0 \u00a0 \u00a0 \u00a0 \u00a0 \u00a0 \u00a0 \u00a0 \u00a0 \u00a0 \u00a0 \u00a0 \u00a0 \u00a0 \u00a0 \u00a0 \u00a0 \u00a0 \u00a0 \u00a0 \u00a0 \u00a0 \u00a0 \u00a0 \u00a0 \u00a0 \u00a0 \u00a0<em> \u00a0 \u00a0 \u00a0Imagem: Vatican Media<\/em><\/p><\/div>\n<p>S\u00e3o Jos\u00e9, pai na ternura: este foi o tema da catequese do Papa Francisco na Audi\u00eancia Geral desta quarta-feira, 19 de janeiro.<\/p>\n<p>O Pont\u00edfice recordou que n\u00e3o h\u00e1 nos Evangelhos relatos expl\u00edcitos de como s\u00e3o Jos\u00e9 exerceu sua paternidade. Todavia, \u00e9 poss\u00edvel compreender algo a partir do pr\u00f3prio Jesus, que sempre usou a palavra \u201cpai\u201d para falar de Deus e do seu amor.<\/p>\n<p>Entre as muitas par\u00e1bolas que tem a figura paterna como protagonista, Francisco citou a do Pai misericordioso e o acolhimento ao filho pr\u00f3digo, narrada por Lucas.<\/p>\n<p>O filho estava \u00e0 espera de uma puni\u00e7\u00e3o, contentando-se em ser tratado como um dos criados; e, ao contr\u00e1rio, v\u00ea-se abra\u00e7ado pelo pai. \u201cA ternura \u00e9 algo maior do que a l\u00f3gica do mundo\u201d, comentou o Papa. \u201c\u00c9 um modo inesperado de fazer justi\u00e7a.\u201d<\/p>\n<p><strong>Deus n\u00e3o se assusta com nossos pecados<\/strong><br \/>\nPor isso, acrescentou o Pont\u00edfice, jamais devemos esquecer que Deus n\u00e3o se assusta com nossos pecados:<\/p>\n<p>\u201cVamos colocar isso na nossa cabe\u00e7a: Deus n\u00e3o se assista com nossos pecados, \u00e9 maior do que os nossos pecados. \u00c9 pai, \u00e9 amor, \u00e9 terno. N\u00e3o se assusta com nossos pecados, nossos erros, nossas quedas, mas se assusta com o fechamento do nosso cora\u00e7\u00e3o &#8211; isto sim O faz sofrer &#8211; com a nossa falta de f\u00e9 no seu amor.\u201d<\/p>\n<p>Francisco contou uma encena\u00e7\u00e3o de uma pe\u00e7a teatral feita por jovens sobre a par\u00e1bola do filho pr\u00f3digo. O jovem pediu um len\u00e7o branco na janela como sinal de que o pai o havia perdoado. Mas quando regressou, encontrou a casa repleta de len\u00e7os. &#8220;Assim \u00e9 a miseric\u00f3rdia de Deus. (&#8230;) Todos n\u00f3s temos contas para resolver, mas fazer as contas com Deus \u00e9 algo bel\u00edssimo, porque n\u00f3s come\u00e7amos a falar e Ele nos abra\u00e7a. A ternura.&#8221;<\/p>\n<p>H\u00e1 uma grande ternura na experi\u00eancia do amor de Deus, disse ainda Francisco, convidando os fi\u00e9is a lembrarem quando experimentaram esta ternura e se, por nossa vez, nos tornamos suas testemunhas. A ternura n\u00e3o \u00e9 uma quest\u00e3o emotiva ou sentimental: \u00e9 a experi\u00eancia de sentir-se amados. Por isso \u00e9 importante encontrar a Miseric\u00f3rdia de Deus, especialmente no Sacramento da Reconcilia\u00e7\u00e3o. &#8220;Deus sempre nos perdoa, somos n\u00f3s que nos cansamos de pedir perd\u00e3o.&#8221;<\/p>\n<p>Revolu\u00e7\u00e3o da ternura para n\u00e3o confundir reden\u00e7\u00e3o com puni\u00e7\u00e3o<br \/>\nO Papa concluiu afirmando que nos far\u00e1 bem espelharmo-nos na paternidade de Jos\u00e9 e nos questionar se permitimos ao Senhor de nos amar com a ternura.<\/p>\n<p>\u201cSem esta \u2018revolu\u00e7\u00e3o da ternura\u2019, corremos o risco de permanecer prisioneiros numa justi\u00e7a que n\u00e3o permite erguer-se facilmente e que confunde a reden\u00e7\u00e3o com a puni\u00e7\u00e3o\u201d, disse ainda Francisco, dirigindo seu \u00faltimo pensando aos encarcerados:\u00a0\u201c\u00c9 justo que quem errou pague pelo pr\u00f3prio erro, mas \u00e9 ainda mais justo que quem errou possa redimir-se do pr\u00f3prio erro. N\u00e3o podem existir condena\u00e7\u00f5es sem &#8216;janelas&#8217; de esperan\u00e7a. (&#8230;) Rezemos pelos encarcerados, para que nessas &#8216;janelas&#8217; de esperan\u00e7a encontrem uma sa\u00edda rumo a uma vilha melhor.\u201d<\/p>\n<p>E como tem feito neste ciclo dedicado a S\u00e3o Jos\u00e9, o Pont\u00edfice concluiu a catequese com uma ora\u00e7\u00e3o:<\/p>\n<p style=\"padding-left: 40px;\"><em>&#8220;S\u00e3o Jos\u00e9, pai na ternura,<\/em><\/p>\n<p style=\"padding-left: 40px;\"><em>ensinai-nos a aceitar que somos amados precisamente naquilo que \u00e9 mais d\u00e9bil em n\u00f3s.<\/em><\/p>\n<p style=\"padding-left: 40px;\"><em>Concedei que n\u00e3o coloquemos qualquer obst\u00e1culo<\/em><\/p>\n<p style=\"padding-left: 40px;\"><em>entre a nossa pobreza e a grandeza do amor de Deus.<\/em><\/p>\n<p style=\"padding-left: 40px;\"><em>Suscitai em n\u00f3s o desejo de nos aproximarmos do Sacramento da Reconcilia\u00e7\u00e3o,<\/em><\/p>\n<p style=\"padding-left: 40px;\"><em>para que possamos ser perdoados e tamb\u00e9m que nos tornemos capazes de amar com ternura os nossos irm\u00e3os e irm\u00e3s na sua pobreza.<\/em><\/p>\n<p style=\"padding-left: 40px;\"><em>Estai pr\u00f3ximo daqueles que erraram e que pagam o pre\u00e7o por isso;<\/em><\/p>\n<p style=\"padding-left: 40px;\"><em>ajudai-os a encontrar, juntamente com a justi\u00e7a, a ternura para recome\u00e7ar.<\/em><\/p>\n<p style=\"padding-left: 40px;\"><em>E ensinai-lhes que a primeira maneira de recome\u00e7ar<\/em><\/p>\n<p style=\"padding-left: 40px;\"><em>\u00e9 pedir sinceramente perd\u00e3o, para sentir a car\u00edcia do Pai.&#8221;<\/em><\/p>\n<hr \/>\n<p><em>Fonte: Vatican News (texto de Bianca Fraccalvieri )<\/em><\/p>\n","protected":false},"excerpt":{"rendered":"<p>Audi\u00eancia Geral<\/p>\n","protected":false},"author":3,"featured_media":236109,"comment_status":"open","ping_status":"open","sticky":false,"template":"","format":"standard","meta":[],"categories":[1428],"tags":[487],"acf":[],"yoast_head":"<!-- This site is optimized with the Yoast SEO plugin v19.2 - https:\/\/yoast.com\/wordpress\/plugins\/seo\/ -->\n<title>Papa: a revolu\u00e7\u00e3o da ternura, modo inesperado de fazer justi\u00e7a - Not\u00edcias - Franciscanos<\/title>\n<meta name=\"robots\" content=\"index, follow, max-snippet:-1, max-image-preview:large, max-video-preview:-1\" \/>\n<link rel=\"canonical\" href=\"https:\/\/franciscanos.org.br\/noticias\/papa-a-revolucao-da-ternura-modo-inesperado-de-fazer-justica.html\" \/>\n<meta property=\"og:locale\" content=\"pt_BR\" \/>\n<meta property=\"og:type\" content=\"article\" \/>\n<meta property=\"og:title\" content=\"Papa: a revolu\u00e7\u00e3o da ternura, modo inesperado de fazer justi\u00e7a - Not\u00edcias - Franciscanos\" \/>\n<meta property=\"og:description\" content=\"Audi\u00eancia Geral\" \/>\n<meta property=\"og:url\" content=\"https:\/\/franciscanos.org.br\/noticias\/papa-a-revolucao-da-ternura-modo-inesperado-de-fazer-justica.html\" \/>\n<meta property=\"og:site_name\" content=\"Not\u00edcias - Franciscanos\" \/>\n<meta property=\"article:published_time\" content=\"2022-01-19T09:33:26+00:00\" \/>\n<meta property=\"og:image\" content=\"https:\/\/franciscanos.org.br\/noticias\/wp-content\/uploads\/2022\/01\/audiencia_1901.jpg\" \/>\n\t<meta property=\"og:image:width\" content=\"900\" \/>\n\t<meta property=\"og:image:height\" content=\"600\" \/>\n\t<meta property=\"og:image:type\" content=\"image\/jpeg\" \/>\n<meta name=\"author\" content=\"moacir\" \/>\n<meta name=\"twitter:card\" content=\"summary_large_image\" \/>\n<meta name=\"twitter:label1\" content=\"Escrito por\" \/>\n\t<meta name=\"twitter:data1\" content=\"moacir\" \/>\n\t<meta name=\"twitter:label2\" content=\"Est. tempo de leitura\" \/>\n\t<meta name=\"twitter:data2\" content=\"3 minutos\" \/>\n<script type=\"application\/ld+json\" class=\"yoast-schema-graph\">{\"@context\":\"https:\/\/schema.org\",\"@graph\":[{\"@type\":\"WebSite\",\"@id\":\"https:\/\/franciscanos.org.br\/noticias\/#website\",\"url\":\"https:\/\/franciscanos.org.br\/noticias\/\",\"name\":\"Not\u00edcias - Franciscanos\",\"description\":\"Prov\u00edncia Franciscana da Imaculada Concei\u00e7\u00e3o do Brasil - Ordem dos Frades Menores - OFM\",\"potentialAction\":[{\"@type\":\"SearchAction\",\"target\":{\"@type\":\"EntryPoint\",\"urlTemplate\":\"https:\/\/franciscanos.org.br\/noticias\/?s={search_term_string}\"},\"query-input\":\"required name=search_term_string\"}],\"inLanguage\":\"pt-BR\"},{\"@type\":\"ImageObject\",\"inLanguage\":\"pt-BR\",\"@id\":\"https:\/\/franciscanos.org.br\/noticias\/papa-a-revolucao-da-ternura-modo-inesperado-de-fazer-justica.html#primaryimage\",\"url\":\"https:\/\/franciscanos.org.br\/noticias\/wp-content\/uploads\/2022\/01\/audiencia_1901.jpg\",\"contentUrl\":\"https:\/\/franciscanos.org.br\/noticias\/wp-content\/uploads\/2022\/01\/audiencia_1901.jpg\",\"width\":900,\"height\":600},{\"@type\":\"WebPage\",\"@id\":\"https:\/\/franciscanos.org.br\/noticias\/papa-a-revolucao-da-ternura-modo-inesperado-de-fazer-justica.html#webpage\",\"url\":\"https:\/\/franciscanos.org.br\/noticias\/papa-a-revolucao-da-ternura-modo-inesperado-de-fazer-justica.html\",\"name\":\"Papa: a revolu\u00e7\u00e3o da ternura, modo inesperado de fazer justi\u00e7a - Not\u00edcias - Franciscanos\",\"isPartOf\":{\"@id\":\"https:\/\/franciscanos.org.br\/noticias\/#website\"},\"primaryImageOfPage\":{\"@id\":\"https:\/\/franciscanos.org.br\/noticias\/papa-a-revolucao-da-ternura-modo-inesperado-de-fazer-justica.html#primaryimage\"},\"datePublished\":\"2022-01-19T09:33:26+00:00\",\"dateModified\":\"2022-01-19T09:33:26+00:00\",\"author\":{\"@id\":\"https:\/\/franciscanos.org.br\/noticias\/#\/schema\/person\/b5c8cba458c330ccff548b056e95a5d4\"},\"breadcrumb\":{\"@id\":\"https:\/\/franciscanos.org.br\/noticias\/papa-a-revolucao-da-ternura-modo-inesperado-de-fazer-justica.html#breadcrumb\"},\"inLanguage\":\"pt-BR\",\"potentialAction\":[{\"@type\":\"ReadAction\",\"target\":[\"https:\/\/franciscanos.org.br\/noticias\/papa-a-revolucao-da-ternura-modo-inesperado-de-fazer-justica.html\"]}]},{\"@type\":\"BreadcrumbList\",\"@id\":\"https:\/\/franciscanos.org.br\/noticias\/papa-a-revolucao-da-ternura-modo-inesperado-de-fazer-justica.html#breadcrumb\",\"itemListElement\":[{\"@type\":\"ListItem\",\"position\":1,\"name\":\"Home\",\"item\":\"https:\/\/franciscanos.org.br\/noticias\"},{\"@type\":\"ListItem\",\"position\":2,\"name\":\"Papa: a revolu\u00e7\u00e3o da ternura, modo inesperado de fazer justi\u00e7a\"}]},{\"@type\":\"Person\",\"@id\":\"https:\/\/franciscanos.org.br\/noticias\/#\/schema\/person\/b5c8cba458c330ccff548b056e95a5d4\",\"name\":\"moacir\",\"image\":{\"@type\":\"ImageObject\",\"inLanguage\":\"pt-BR\",\"@id\":\"https:\/\/franciscanos.org.br\/noticias\/#\/schema\/person\/image\/\",\"url\":\"https:\/\/secure.gravatar.com\/avatar\/d08aa2ce4c8dd416d4479aa8536fcf64?s=96&d=mm&r=g\",\"contentUrl\":\"https:\/\/secure.gravatar.com\/avatar\/d08aa2ce4c8dd416d4479aa8536fcf64?s=96&d=mm&r=g\",\"caption\":\"moacir\"},\"url\":\"https:\/\/franciscanos.org.br\/noticias\/author\/moacir\"}]}<\/script>\n<!-- \/ Yoast SEO plugin. -->","yoast_head_json":{"title":"Papa: a revolu\u00e7\u00e3o da ternura, modo inesperado de fazer justi\u00e7a - Not\u00edcias - Franciscanos","robots":{"index":"index","follow":"follow","max-snippet":"max-snippet:-1","max-image-preview":"max-image-preview:large","max-video-preview":"max-video-preview:-1"},"canonical":"https:\/\/franciscanos.org.br\/noticias\/papa-a-revolucao-da-ternura-modo-inesperado-de-fazer-justica.html","og_locale":"pt_BR","og_type":"article","og_title":"Papa: a revolu\u00e7\u00e3o da ternura, modo inesperado de fazer justi\u00e7a - Not\u00edcias - Franciscanos","og_description":"Audi\u00eancia Geral","og_url":"https:\/\/franciscanos.org.br\/noticias\/papa-a-revolucao-da-ternura-modo-inesperado-de-fazer-justica.html","og_site_name":"Not\u00edcias - Franciscanos","article_published_time":"2022-01-19T09:33:26+00:00","og_image":[{"width":900,"height":600,"url":"https:\/\/franciscanos.org.br\/noticias\/wp-content\/uploads\/2022\/01\/audiencia_1901.jpg","type":"image\/jpeg"}],"author":"moacir","twitter_card":"summary_large_image","twitter_misc":{"Escrito por":"moacir","Est. tempo de leitura":"3 minutos"},"schema":{"@context":"https:\/\/schema.org","@graph":[{"@type":"WebSite","@id":"https:\/\/franciscanos.org.br\/noticias\/#website","url":"https:\/\/franciscanos.org.br\/noticias\/","name":"Not\u00edcias - Franciscanos","description":"Prov\u00edncia Franciscana da Imaculada Concei\u00e7\u00e3o do Brasil - Ordem dos Frades Menores - OFM","potentialAction":[{"@type":"SearchAction","target":{"@type":"EntryPoint","urlTemplate":"https:\/\/franciscanos.org.br\/noticias\/?s={search_term_string}"},"query-input":"required name=search_term_string"}],"inLanguage":"pt-BR"},{"@type":"ImageObject","inLanguage":"pt-BR","@id":"https:\/\/franciscanos.org.br\/noticias\/papa-a-revolucao-da-ternura-modo-inesperado-de-fazer-justica.html#primaryimage","url":"https:\/\/franciscanos.org.br\/noticias\/wp-content\/uploads\/2022\/01\/audiencia_1901.jpg","contentUrl":"https:\/\/franciscanos.org.br\/noticias\/wp-content\/uploads\/2022\/01\/audiencia_1901.jpg","width":900,"height":600},{"@type":"WebPage","@id":"https:\/\/franciscanos.org.br\/noticias\/papa-a-revolucao-da-ternura-modo-inesperado-de-fazer-justica.html#webpage","url":"https:\/\/franciscanos.org.br\/noticias\/papa-a-revolucao-da-ternura-modo-inesperado-de-fazer-justica.html","name":"Papa: a revolu\u00e7\u00e3o da ternura, modo inesperado de fazer justi\u00e7a - Not\u00edcias - Franciscanos","isPartOf":{"@id":"https:\/\/franciscanos.org.br\/noticias\/#website"},"primaryImageOfPage":{"@id":"https:\/\/franciscanos.org.br\/noticias\/papa-a-revolucao-da-ternura-modo-inesperado-de-fazer-justica.html#primaryimage"},"datePublished":"2022-01-19T09:33:26+00:00","dateModified":"2022-01-19T09:33:26+00:00","author":{"@id":"https:\/\/franciscanos.org.br\/noticias\/#\/schema\/person\/b5c8cba458c330ccff548b056e95a5d4"},"breadcrumb":{"@id":"https:\/\/franciscanos.org.br\/noticias\/papa-a-revolucao-da-ternura-modo-inesperado-de-fazer-justica.html#breadcrumb"},"inLanguage":"pt-BR","potentialAction":[{"@type":"ReadAction","target":["https:\/\/franciscanos.org.br\/noticias\/papa-a-revolucao-da-ternura-modo-inesperado-de-fazer-justica.html"]}]},{"@type":"BreadcrumbList","@id":"https:\/\/franciscanos.org.br\/noticias\/papa-a-revolucao-da-ternura-modo-inesperado-de-fazer-justica.html#breadcrumb","itemListElement":[{"@type":"ListItem","position":1,"name":"Home","item":"https:\/\/franciscanos.org.br\/noticias"},{"@type":"ListItem","position":2,"name":"Papa: a revolu\u00e7\u00e3o da ternura, modo inesperado de fazer justi\u00e7a"}]},{"@type":"Person","@id":"https:\/\/franciscanos.org.br\/noticias\/#\/schema\/person\/b5c8cba458c330ccff548b056e95a5d4","name":"moacir","image":{"@type":"ImageObject","inLanguage":"pt-BR","@id":"https:\/\/franciscanos.org.br\/noticias\/#\/schema\/person\/image\/","url":"https:\/\/secure.gravatar.com\/avatar\/d08aa2ce4c8dd416d4479aa8536fcf64?s=96&d=mm&r=g","contentUrl":"https:\/\/secure.gravatar.com\/avatar\/d08aa2ce4c8dd416d4479aa8536fcf64?s=96&d=mm&r=g","caption":"moacir"},"url":"https:\/\/franciscanos.org.br\/noticias\/author\/moacir"}]}},"_links":{"self":[{"href":"https:\/\/franciscanos.org.br\/noticias\/wp-json\/wp\/v2\/posts\/236108"}],"collection":[{"href":"https:\/\/franciscanos.org.br\/noticias\/wp-json\/wp\/v2\/posts"}],"about":[{"href":"https:\/\/franciscanos.org.br\/noticias\/wp-json\/wp\/v2\/types\/post"}],"author":[{"embeddable":true,"href":"https:\/\/franciscanos.org.br\/noticias\/wp-json\/wp\/v2\/users\/3"}],"replies":[{"embeddable":true,"href":"https:\/\/franciscanos.org.br\/noticias\/wp-json\/wp\/v2\/comments?post=236108"}],"version-history":[{"count":1,"href":"https:\/\/franciscanos.org.br\/noticias\/wp-json\/wp\/v2\/posts\/236108\/revisions"}],"predecessor-version":[{"id":236110,"href":"https:\/\/franciscanos.org.br\/noticias\/wp-json\/wp\/v2\/posts\/236108\/revisions\/236110"}],"wp:featuredmedia":[{"embeddable":true,"href":"https:\/\/franciscanos.org.br\/noticias\/wp-json\/wp\/v2\/media\/236109"}],"wp:attachment":[{"href":"https:\/\/franciscanos.org.br\/noticias\/wp-json\/wp\/v2\/media?parent=236108"}],"wp:term":[{"taxonomy":"category","embeddable":true,"href":"https:\/\/franciscanos.org.br\/noticias\/wp-json\/wp\/v2\/categories?post=236108"},{"taxonomy":"post_tag","embeddable":true,"href":"https:\/\/franciscanos.org.br\/noticias\/wp-json\/wp\/v2\/tags?post=236108"}],"curies":[{"name":"wp","href":"https:\/\/api.w.org\/{rel}","templated":true}]}}