{"id":236100,"date":"2022-01-17T06:54:47","date_gmt":"2022-01-17T09:54:47","guid":{"rendered":"https:\/\/franciscanos.org.br\/noticias\/?p=236100"},"modified":"2023-01-03T14:45:40","modified_gmt":"2023-01-03T17:45:40","slug":"depois-de-40-anos-frei-jose-ariovaldo-se-despede-de-petropolis","status":"publish","type":"post","link":"https:\/\/franciscanos.org.br\/noticias\/depois-de-40-anos-frei-jose-ariovaldo-se-despede-de-petropolis.html","title":{"rendered":"Depois de 40 anos, Frei Jos\u00e9 Ariovaldo se despede de Petr\u00f3polis"},"content":{"rendered":"<p><img loading=\"lazy\" class=\"alignnone wp-image-236101 size-full\" src=\"https:\/\/franciscanos.org.br\/noticias\/wp-content\/uploads\/2022\/01\/ariovaldo_01.jpg\" alt=\"\" width=\"1280\" height=\"676\" srcset=\"https:\/\/franciscanos.org.br\/noticias\/wp-content\/uploads\/2022\/01\/ariovaldo_01.jpg 1280w, https:\/\/franciscanos.org.br\/noticias\/wp-content\/uploads\/2022\/01\/ariovaldo_01-450x238.jpg 450w, https:\/\/franciscanos.org.br\/noticias\/wp-content\/uploads\/2022\/01\/ariovaldo_01-1024x541.jpg 1024w, https:\/\/franciscanos.org.br\/noticias\/wp-content\/uploads\/2022\/01\/ariovaldo_01-768x406.jpg 768w, https:\/\/franciscanos.org.br\/noticias\/wp-content\/uploads\/2022\/01\/ariovaldo_01-150x79.jpg 150w\" sizes=\"(max-width: 1280px) 100vw, 1280px\" \/><\/p>\n<p>Grande liturgista e membro fundador da Associa\u00e7\u00e3o dos Liturgistas do Brasil (ASLI), da qual foi o primeiro presidente, Frei Jos\u00e9 Ariovaldo se despediu neste domingo (16\/01), depois de quarenta anos, da Fraternidade do Sagrado Cora\u00e7\u00e3o de Jesus, do Instituto Teol\u00f3gico Franciscano (ITF), onde formou gera\u00e7\u00f5es de frades, da Par\u00f3quia do Sagrado e de suas comunidades, como a Manuel Torres, onde atuou por quinze anos. Frei Jos\u00e9, agora, vai fazer parte da Fraternidade Franciscana do Postulantado Frei Galv\u00e3o, em Guaratinguet\u00e1 (SP).<\/p>\n<p>Sempre atencioso e conhecido por seu sorriso largo, Frei Jos\u00e9 repetiu v\u00e1rias vezes, na Celebra\u00e7\u00e3o Eucar\u00edstica, \u00e0s 18 horas, que s\u00f3 tinha gratid\u00e3o por esse tempo que viveu na cidade imperial. Ele teve como concelebrante o guardi\u00e3o Frei Jorge Paulo Schiavini.<\/p>\n<p><img loading=\"lazy\" class=\"alignnone wp-image-236102 size-full\" src=\"https:\/\/franciscanos.org.br\/noticias\/wp-content\/uploads\/2022\/01\/ariovadlo_1702_1.jpg\" alt=\"\" width=\"1280\" height=\"960\" srcset=\"https:\/\/franciscanos.org.br\/noticias\/wp-content\/uploads\/2022\/01\/ariovadlo_1702_1.jpg 1280w, https:\/\/franciscanos.org.br\/noticias\/wp-content\/uploads\/2022\/01\/ariovadlo_1702_1-450x338.jpg 450w, https:\/\/franciscanos.org.br\/noticias\/wp-content\/uploads\/2022\/01\/ariovadlo_1702_1-1024x768.jpg 1024w, https:\/\/franciscanos.org.br\/noticias\/wp-content\/uploads\/2022\/01\/ariovadlo_1702_1-768x576.jpg 768w, https:\/\/franciscanos.org.br\/noticias\/wp-content\/uploads\/2022\/01\/ariovadlo_1702_1-150x113.jpg 150w, https:\/\/franciscanos.org.br\/noticias\/wp-content\/uploads\/2022\/01\/ariovadlo_1702_1-600x450.jpg 600w\" sizes=\"(max-width: 1280px) 100vw, 1280px\" \/><\/p>\n<p>Tomando o Evangelho das Bodas de Can\u00e1 deste domingo, Frei Jos\u00e9 disse que nesse momento de celebra\u00e7\u00e3o queria agradecer a Deus &#8220;por esse vinho bom, saud\u00e1vel, que recupera a nossa vida, que \u00e9 Jesus, o nosso salvador. Ele \u00e9 aquele que recupera e resgata a beleza de viver&#8221;.<\/p>\n<p>&#8220;E ao mesmo tempo, junto com voc\u00eas, eu quero pedir a Deus que a gente tenha sempre essa clareza, essa consci\u00eancia de que n\u00f3s n\u00e3o estamos sozinhos e que existe Algu\u00e9m muito especial que acompanha a cada um de n\u00f3s. Em particular, na fam\u00edlia, na comunidade. Algu\u00e9m caminha com a gente. Jesus marca presen\u00e7a sempre na festa da nossa vida. Que Jesus nos ajude, que o Esp\u00edrito Santo nos ilumine para que a gente tenha sempre clareza desta presen\u00e7a na hist\u00f3ria de cada um de n\u00f3s. E dessa forma a vida da gente fica diferente, muito mais leve e at\u00e9 divertida&#8221;, ensinou.<\/p>\n<p>Frei Jos\u00e9 \u00e9 natural de Canoinhas (SC), onde nasceu no dia 1\u00ba de janeiro de 1945. Em 1968 vestiu o h\u00e1bito franciscano. Foi ordenado presb\u00edtero no dia 30 de dezembro de 1973 e se doutorou em Liturgia pelo Pontificio Ateneo S. Anselmo (1981), em Roma. Professor no ITF desde 1981, quando retornou de Roma; foi tamb\u00e9m professor no Instituto Teol\u00f3gico de Juiz de Fora, na P\u00f3s-gradua\u00e7\u00e3o da Faculdade de Teologia N. Sra. da Assun\u00e7\u00e3o, em SP, mais tarde membro do Centro de Liturgia \u201cDom Clemente Isnard\u201d, ligado ao Instituto Pio XI (UNISAL \u2013 S\u00e3o Paulo), deu aulas tamb\u00e9m na Pontif\u00edcia Universidade Antonianum de Roma.<\/p>\n<p><img loading=\"lazy\" class=\"alignnone wp-image-236103 size-full\" src=\"https:\/\/franciscanos.org.br\/noticias\/wp-content\/uploads\/2022\/01\/ariovaldo_1702_3.jpg\" alt=\"\" width=\"1280\" height=\"960\" srcset=\"https:\/\/franciscanos.org.br\/noticias\/wp-content\/uploads\/2022\/01\/ariovaldo_1702_3.jpg 1280w, https:\/\/franciscanos.org.br\/noticias\/wp-content\/uploads\/2022\/01\/ariovaldo_1702_3-450x338.jpg 450w, https:\/\/franciscanos.org.br\/noticias\/wp-content\/uploads\/2022\/01\/ariovaldo_1702_3-1024x768.jpg 1024w, https:\/\/franciscanos.org.br\/noticias\/wp-content\/uploads\/2022\/01\/ariovaldo_1702_3-768x576.jpg 768w, https:\/\/franciscanos.org.br\/noticias\/wp-content\/uploads\/2022\/01\/ariovaldo_1702_3-150x113.jpg 150w, https:\/\/franciscanos.org.br\/noticias\/wp-content\/uploads\/2022\/01\/ariovaldo_1702_3-600x450.jpg 600w\" sizes=\"(max-width: 1280px) 100vw, 1280px\" \/><\/p>\n<p>Depois da Comunh\u00e3o, fez a seguinte ora\u00e7\u00e3o:<\/p>\n<p style=\"padding-left: 40px;\"><em>Obrigado Deus, muito obrigado.<\/em><\/p>\n<p style=\"padding-left: 40px;\"><em>Gratid\u00e3o, gratid\u00e3o, gratid\u00e3o.<\/em><\/p>\n<p style=\"padding-left: 40px;\"><em>Porque Tu marcas presen\u00e7a na festa da vida,<\/em><\/p>\n<p style=\"padding-left: 40px;\"><em>tamb\u00e9m quando falta vinho, quando v\u00eam as dificuldades,<\/em><\/p>\n<p style=\"padding-left: 40px;\"><em>os vazios, os sofrimentos e tamb\u00e9m nos momentos de alegria.<\/em><\/p>\n<p style=\"padding-left: 40px;\"><em>Tu marcas presen\u00e7a, Senhor, e cuidas direitinho da gente, como uma m\u00e3e cuida do seu filho.<\/em><\/p>\n<p style=\"padding-left: 40px;\"><em>Obrigado, Deus, porque Tu marcas presen\u00e7a e te pedimos clareza, consci\u00eancia dessa realidade, que Tu \u00e9s o nosso companheiro, o nosso esposo, que fizestes dos nossos corpos o teu espa\u00e7o, a tua morada. <\/em><\/p>\n<p style=\"padding-left: 40px;\"><em>E a comunh\u00e3o que acabamos de receber expressa bem isso: n\u00f3s somos a Morada de Deus Alt\u00edssimo que veio nos habitar! <\/em><\/p>\n<p>A comunidade de Manuel Torres presenteou Frei Ariovaldo com um quadro, pintado pela paroquiana Viviane, em agradecimento pelos quinze anos de a\u00e7\u00e3o pastoral ali: &#8220;Esperamos que venha decorar a sua nova casa, onde desejamos que seja muito feliz. Em nossa mem\u00f3ria ficar\u00e1 sempre guardado o seu sorriso largo, que nos oxigenava e fortalecia&#8221;.<\/p>\n<p>A Par\u00f3quia do Sagrado tamb\u00e9m homenageou o liturgista: &#8220;\u00c9 um momento de agradecer a Deus pela sua presen\u00e7a marcante em nossa Par\u00f3quia, dedicando e deixando marcas indel\u00e9veis que jamais se apagar\u00e3o. Sua caminhada aqui se estendeu por v\u00e1rios anos de muita dedica\u00e7\u00e3o em tudo dirigiu, participou e formou. Atingiu muitos segmentos sempre como grande professor e orientador. N\u00e3o teve quem n\u00e3o aproveitasse de t\u00e3o ricos ensinamentos. O seu jeito carism\u00e1tico e atencioso com todos n\u00f3s, sempre teve uma palavra amiga, um conselho, um gesto de amor e uma atitude firme e s\u00e1bia. Aprendemos muito com suas homilias, sempre ricas em sabedoria e conhecimento, nos ensinando bem o que Cristo quer nos comunicar. Mas o que mais nos marcou foi o seu amor forte, contagiante e entusiasmado pela Eucaristia. Um ap\u00f3stolo fiel que serve a Deus servindo aos irm\u00e3os. \u00c9 instrumento nas m\u00e3os Daquele que criou e viveu uma voca\u00e7\u00e3o maravilhosa. E agora mais uma vez, atendendo ao chamado de Cristo, parte para uma nova miss\u00e3o, uma nova caminhada, mas deixando seu marco aqui com todas as pessoas conviveram. Todos os segmentos e pastorais de nossa Par\u00f3quia t\u00eam muito o que agradecer por sua participa\u00e7\u00e3o. E n\u00f3s, que participamos das liturgias, dos movimentos paroquiais e das equipes de Frei Galv\u00e3o queremos externar a nossa felicidade em t\u00ea-lo t\u00e3o pertinho da obra e da vida do nosso santo t\u00e3o querido.\u00a0 Desejamos que o Sagrado Cora\u00e7\u00e3o de Jesus lhes conceda muita sa\u00fade, muita for\u00e7a e paz. E o cubra de b\u00ean\u00e7\u00e3os. Leve consigo a saudade de todos n\u00f3s, que sempre o admiramos e que jamais esqueceremos do conv\u00edvio e do bem que recebemos durante toda a sua perman\u00eancia aqui&#8221;, disse a paroquiana F\u00e1tima.<\/p>\n<p><img loading=\"lazy\" class=\"alignnone wp-image-236104 size-full\" src=\"https:\/\/franciscanos.org.br\/noticias\/wp-content\/uploads\/2022\/01\/ariovaldo_1702_4.jpg\" alt=\"\" width=\"1280\" height=\"566\" srcset=\"https:\/\/franciscanos.org.br\/noticias\/wp-content\/uploads\/2022\/01\/ariovaldo_1702_4.jpg 1280w, https:\/\/franciscanos.org.br\/noticias\/wp-content\/uploads\/2022\/01\/ariovaldo_1702_4-450x199.jpg 450w, https:\/\/franciscanos.org.br\/noticias\/wp-content\/uploads\/2022\/01\/ariovaldo_1702_4-1024x453.jpg 1024w, https:\/\/franciscanos.org.br\/noticias\/wp-content\/uploads\/2022\/01\/ariovaldo_1702_4-768x340.jpg 768w, https:\/\/franciscanos.org.br\/noticias\/wp-content\/uploads\/2022\/01\/ariovaldo_1702_4-150x66.jpg 150w\" sizes=\"(max-width: 1280px) 100vw, 1280px\" \/><\/p>\n<p>&#8220;A minha imensa gratid\u00e3o \u00e9 para Deus, que cuidou t\u00e3o bem de mim nesses 40 anos de vida aqui em Petr\u00f3polis&#8221;, ressaltou Frei Jos\u00e9. &#8220;Dificuldades, a gente enfrentou, mas tamb\u00e9m tive muitos momentos lindos nesses 40 anos. Foi maravilhoso. Olhando para tr\u00e1s, eu vejo assim: Deus cuidou de n\u00f3s&#8221;, repetiu o homenageado.<\/p>\n<p>&#8220;J\u00e1 brinquei aqui nesses tempos: &#8216;Voc\u00eas sabiam da maior? Estamos vivos&#8217;. Depois de dois anos de pandemia, estamos vivos. Estamos aqui! E quanta gente cuidou de n\u00f3s, criou contextos para a gente ter seguran\u00e7a. E aqui a minha gratid\u00e3o muito grande para a Fraternidade do Sagrado, na pessoa do guardi\u00e3o Frei Jorge. N\u00f3s atravessamos esses dois anos de pandemia com muito cuidado, muitas reuni\u00f5es fizemos na igreja, com m\u00e1scara, para ter os frades espalhados. Com muito cuidado. Nos nossos cap\u00edtulos discut\u00edamos como viver nessa realidade e atuar pastoralmente. E quem liderou esse trabalho para preserva\u00e7\u00e3o da sa\u00fade dos frades, dos nossos paroquianos, foi nosso guardi\u00e3o. E que a gente possa garantir a festa da vida. Gratid\u00e3o&#8221;, disse, citando um poema seu com o t\u00edtulo \u201cDeo gratias\u201d, onde conclui assim: \u201cSou um vazio bem cheio s\u00f3 de pura gratid\u00e3o\u201d.<\/p>\n<hr \/>\n<p><em>Frei Evaristo Seque Joaquim (fotos) e Comunica\u00e7\u00e3o da Prov\u00edncia da Imaculada Concei\u00e7\u00e3o<\/em><\/p>\n","protected":false},"excerpt":{"rendered":"<p>Missa de A\u00e7\u00e3o de Gra\u00e7as<\/p>\n","protected":false},"author":3,"featured_media":236105,"comment_status":"open","ping_status":"open","sticky":false,"template":"","format":"standard","meta":[],"categories":[1],"tags":[1360,1766],"acf":[],"yoast_head":"<!-- This site is optimized with the Yoast SEO plugin v19.2 - https:\/\/yoast.com\/wordpress\/plugins\/seo\/ -->\n<title>Depois de 40 anos, Frei Jos\u00e9 Ariovaldo se despede de Petr\u00f3polis - Not\u00edcias - Franciscanos<\/title>\n<meta name=\"robots\" content=\"index, follow, max-snippet:-1, max-image-preview:large, max-video-preview:-1\" \/>\n<link rel=\"canonical\" href=\"https:\/\/franciscanos.org.br\/noticias\/depois-de-40-anos-frei-jose-ariovaldo-se-despede-de-petropolis.html\" \/>\n<meta property=\"og:locale\" content=\"pt_BR\" \/>\n<meta property=\"og:type\" content=\"article\" \/>\n<meta property=\"og:title\" content=\"Depois de 40 anos, Frei Jos\u00e9 Ariovaldo se despede de Petr\u00f3polis - Not\u00edcias - Franciscanos\" \/>\n<meta property=\"og:description\" content=\"Missa de A\u00e7\u00e3o de Gra\u00e7as\" \/>\n<meta property=\"og:url\" content=\"https:\/\/franciscanos.org.br\/noticias\/depois-de-40-anos-frei-jose-ariovaldo-se-despede-de-petropolis.html\" \/>\n<meta property=\"og:site_name\" content=\"Not\u00edcias - Franciscanos\" \/>\n<meta property=\"article:published_time\" content=\"2022-01-17T09:54:47+00:00\" \/>\n<meta property=\"article:modified_time\" content=\"2023-01-03T17:45:40+00:00\" \/>\n<meta property=\"og:image\" content=\"https:\/\/franciscanos.org.br\/noticias\/wp-content\/uploads\/2022\/01\/ariovaldo_d.jpg\" \/>\n\t<meta property=\"og:image:width\" content=\"800\" \/>\n\t<meta property=\"og:image:height\" content=\"550\" \/>\n\t<meta property=\"og:image:type\" content=\"image\/jpeg\" \/>\n<meta name=\"author\" content=\"moacir\" \/>\n<meta name=\"twitter:card\" content=\"summary_large_image\" \/>\n<meta name=\"twitter:label1\" content=\"Escrito por\" \/>\n\t<meta name=\"twitter:data1\" content=\"moacir\" \/>\n\t<meta name=\"twitter:label2\" content=\"Est. tempo de leitura\" \/>\n\t<meta name=\"twitter:data2\" content=\"6 minutos\" \/>\n<script type=\"application\/ld+json\" class=\"yoast-schema-graph\">{\"@context\":\"https:\/\/schema.org\",\"@graph\":[{\"@type\":\"WebSite\",\"@id\":\"https:\/\/franciscanos.org.br\/noticias\/#website\",\"url\":\"https:\/\/franciscanos.org.br\/noticias\/\",\"name\":\"Not\u00edcias - Franciscanos\",\"description\":\"Prov\u00edncia Franciscana da Imaculada Concei\u00e7\u00e3o do Brasil - Ordem dos Frades Menores - OFM\",\"potentialAction\":[{\"@type\":\"SearchAction\",\"target\":{\"@type\":\"EntryPoint\",\"urlTemplate\":\"https:\/\/franciscanos.org.br\/noticias\/?s={search_term_string}\"},\"query-input\":\"required name=search_term_string\"}],\"inLanguage\":\"pt-BR\"},{\"@type\":\"ImageObject\",\"inLanguage\":\"pt-BR\",\"@id\":\"https:\/\/franciscanos.org.br\/noticias\/depois-de-40-anos-frei-jose-ariovaldo-se-despede-de-petropolis.html#primaryimage\",\"url\":\"https:\/\/franciscanos.org.br\/noticias\/wp-content\/uploads\/2022\/01\/ariovaldo_d.jpg\",\"contentUrl\":\"https:\/\/franciscanos.org.br\/noticias\/wp-content\/uploads\/2022\/01\/ariovaldo_d.jpg\",\"width\":800,\"height\":550},{\"@type\":\"WebPage\",\"@id\":\"https:\/\/franciscanos.org.br\/noticias\/depois-de-40-anos-frei-jose-ariovaldo-se-despede-de-petropolis.html#webpage\",\"url\":\"https:\/\/franciscanos.org.br\/noticias\/depois-de-40-anos-frei-jose-ariovaldo-se-despede-de-petropolis.html\",\"name\":\"Depois de 40 anos, Frei Jos\u00e9 Ariovaldo se despede de Petr\u00f3polis - Not\u00edcias - Franciscanos\",\"isPartOf\":{\"@id\":\"https:\/\/franciscanos.org.br\/noticias\/#website\"},\"primaryImageOfPage\":{\"@id\":\"https:\/\/franciscanos.org.br\/noticias\/depois-de-40-anos-frei-jose-ariovaldo-se-despede-de-petropolis.html#primaryimage\"},\"datePublished\":\"2022-01-17T09:54:47+00:00\",\"dateModified\":\"2023-01-03T17:45:40+00:00\",\"author\":{\"@id\":\"https:\/\/franciscanos.org.br\/noticias\/#\/schema\/person\/b5c8cba458c330ccff548b056e95a5d4\"},\"breadcrumb\":{\"@id\":\"https:\/\/franciscanos.org.br\/noticias\/depois-de-40-anos-frei-jose-ariovaldo-se-despede-de-petropolis.html#breadcrumb\"},\"inLanguage\":\"pt-BR\",\"potentialAction\":[{\"@type\":\"ReadAction\",\"target\":[\"https:\/\/franciscanos.org.br\/noticias\/depois-de-40-anos-frei-jose-ariovaldo-se-despede-de-petropolis.html\"]}]},{\"@type\":\"BreadcrumbList\",\"@id\":\"https:\/\/franciscanos.org.br\/noticias\/depois-de-40-anos-frei-jose-ariovaldo-se-despede-de-petropolis.html#breadcrumb\",\"itemListElement\":[{\"@type\":\"ListItem\",\"position\":1,\"name\":\"Home\",\"item\":\"https:\/\/franciscanos.org.br\/noticias\"},{\"@type\":\"ListItem\",\"position\":2,\"name\":\"Depois de 40 anos, Frei Jos\u00e9 Ariovaldo se despede de Petr\u00f3polis\"}]},{\"@type\":\"Person\",\"@id\":\"https:\/\/franciscanos.org.br\/noticias\/#\/schema\/person\/b5c8cba458c330ccff548b056e95a5d4\",\"name\":\"moacir\",\"image\":{\"@type\":\"ImageObject\",\"inLanguage\":\"pt-BR\",\"@id\":\"https:\/\/franciscanos.org.br\/noticias\/#\/schema\/person\/image\/\",\"url\":\"https:\/\/secure.gravatar.com\/avatar\/d08aa2ce4c8dd416d4479aa8536fcf64?s=96&d=mm&r=g\",\"contentUrl\":\"https:\/\/secure.gravatar.com\/avatar\/d08aa2ce4c8dd416d4479aa8536fcf64?s=96&d=mm&r=g\",\"caption\":\"moacir\"},\"url\":\"https:\/\/franciscanos.org.br\/noticias\/author\/moacir\"}]}<\/script>\n<!-- \/ Yoast SEO plugin. -->","yoast_head_json":{"title":"Depois de 40 anos, Frei Jos\u00e9 Ariovaldo se despede de Petr\u00f3polis - Not\u00edcias - Franciscanos","robots":{"index":"index","follow":"follow","max-snippet":"max-snippet:-1","max-image-preview":"max-image-preview:large","max-video-preview":"max-video-preview:-1"},"canonical":"https:\/\/franciscanos.org.br\/noticias\/depois-de-40-anos-frei-jose-ariovaldo-se-despede-de-petropolis.html","og_locale":"pt_BR","og_type":"article","og_title":"Depois de 40 anos, Frei Jos\u00e9 Ariovaldo se despede de Petr\u00f3polis - Not\u00edcias - Franciscanos","og_description":"Missa de A\u00e7\u00e3o de Gra\u00e7as","og_url":"https:\/\/franciscanos.org.br\/noticias\/depois-de-40-anos-frei-jose-ariovaldo-se-despede-de-petropolis.html","og_site_name":"Not\u00edcias - Franciscanos","article_published_time":"2022-01-17T09:54:47+00:00","article_modified_time":"2023-01-03T17:45:40+00:00","og_image":[{"width":800,"height":550,"url":"https:\/\/franciscanos.org.br\/noticias\/wp-content\/uploads\/2022\/01\/ariovaldo_d.jpg","type":"image\/jpeg"}],"author":"moacir","twitter_card":"summary_large_image","twitter_misc":{"Escrito por":"moacir","Est. tempo de leitura":"6 minutos"},"schema":{"@context":"https:\/\/schema.org","@graph":[{"@type":"WebSite","@id":"https:\/\/franciscanos.org.br\/noticias\/#website","url":"https:\/\/franciscanos.org.br\/noticias\/","name":"Not\u00edcias - Franciscanos","description":"Prov\u00edncia Franciscana da Imaculada Concei\u00e7\u00e3o do Brasil - Ordem dos Frades Menores - OFM","potentialAction":[{"@type":"SearchAction","target":{"@type":"EntryPoint","urlTemplate":"https:\/\/franciscanos.org.br\/noticias\/?s={search_term_string}"},"query-input":"required name=search_term_string"}],"inLanguage":"pt-BR"},{"@type":"ImageObject","inLanguage":"pt-BR","@id":"https:\/\/franciscanos.org.br\/noticias\/depois-de-40-anos-frei-jose-ariovaldo-se-despede-de-petropolis.html#primaryimage","url":"https:\/\/franciscanos.org.br\/noticias\/wp-content\/uploads\/2022\/01\/ariovaldo_d.jpg","contentUrl":"https:\/\/franciscanos.org.br\/noticias\/wp-content\/uploads\/2022\/01\/ariovaldo_d.jpg","width":800,"height":550},{"@type":"WebPage","@id":"https:\/\/franciscanos.org.br\/noticias\/depois-de-40-anos-frei-jose-ariovaldo-se-despede-de-petropolis.html#webpage","url":"https:\/\/franciscanos.org.br\/noticias\/depois-de-40-anos-frei-jose-ariovaldo-se-despede-de-petropolis.html","name":"Depois de 40 anos, Frei Jos\u00e9 Ariovaldo se despede de Petr\u00f3polis - Not\u00edcias - Franciscanos","isPartOf":{"@id":"https:\/\/franciscanos.org.br\/noticias\/#website"},"primaryImageOfPage":{"@id":"https:\/\/franciscanos.org.br\/noticias\/depois-de-40-anos-frei-jose-ariovaldo-se-despede-de-petropolis.html#primaryimage"},"datePublished":"2022-01-17T09:54:47+00:00","dateModified":"2023-01-03T17:45:40+00:00","author":{"@id":"https:\/\/franciscanos.org.br\/noticias\/#\/schema\/person\/b5c8cba458c330ccff548b056e95a5d4"},"breadcrumb":{"@id":"https:\/\/franciscanos.org.br\/noticias\/depois-de-40-anos-frei-jose-ariovaldo-se-despede-de-petropolis.html#breadcrumb"},"inLanguage":"pt-BR","potentialAction":[{"@type":"ReadAction","target":["https:\/\/franciscanos.org.br\/noticias\/depois-de-40-anos-frei-jose-ariovaldo-se-despede-de-petropolis.html"]}]},{"@type":"BreadcrumbList","@id":"https:\/\/franciscanos.org.br\/noticias\/depois-de-40-anos-frei-jose-ariovaldo-se-despede-de-petropolis.html#breadcrumb","itemListElement":[{"@type":"ListItem","position":1,"name":"Home","item":"https:\/\/franciscanos.org.br\/noticias"},{"@type":"ListItem","position":2,"name":"Depois de 40 anos, Frei Jos\u00e9 Ariovaldo se despede de Petr\u00f3polis"}]},{"@type":"Person","@id":"https:\/\/franciscanos.org.br\/noticias\/#\/schema\/person\/b5c8cba458c330ccff548b056e95a5d4","name":"moacir","image":{"@type":"ImageObject","inLanguage":"pt-BR","@id":"https:\/\/franciscanos.org.br\/noticias\/#\/schema\/person\/image\/","url":"https:\/\/secure.gravatar.com\/avatar\/d08aa2ce4c8dd416d4479aa8536fcf64?s=96&d=mm&r=g","contentUrl":"https:\/\/secure.gravatar.com\/avatar\/d08aa2ce4c8dd416d4479aa8536fcf64?s=96&d=mm&r=g","caption":"moacir"},"url":"https:\/\/franciscanos.org.br\/noticias\/author\/moacir"}]}},"_links":{"self":[{"href":"https:\/\/franciscanos.org.br\/noticias\/wp-json\/wp\/v2\/posts\/236100"}],"collection":[{"href":"https:\/\/franciscanos.org.br\/noticias\/wp-json\/wp\/v2\/posts"}],"about":[{"href":"https:\/\/franciscanos.org.br\/noticias\/wp-json\/wp\/v2\/types\/post"}],"author":[{"embeddable":true,"href":"https:\/\/franciscanos.org.br\/noticias\/wp-json\/wp\/v2\/users\/3"}],"replies":[{"embeddable":true,"href":"https:\/\/franciscanos.org.br\/noticias\/wp-json\/wp\/v2\/comments?post=236100"}],"version-history":[{"count":2,"href":"https:\/\/franciscanos.org.br\/noticias\/wp-json\/wp\/v2\/posts\/236100\/revisions"}],"predecessor-version":[{"id":241554,"href":"https:\/\/franciscanos.org.br\/noticias\/wp-json\/wp\/v2\/posts\/236100\/revisions\/241554"}],"wp:featuredmedia":[{"embeddable":true,"href":"https:\/\/franciscanos.org.br\/noticias\/wp-json\/wp\/v2\/media\/236105"}],"wp:attachment":[{"href":"https:\/\/franciscanos.org.br\/noticias\/wp-json\/wp\/v2\/media?parent=236100"}],"wp:term":[{"taxonomy":"category","embeddable":true,"href":"https:\/\/franciscanos.org.br\/noticias\/wp-json\/wp\/v2\/categories?post=236100"},{"taxonomy":"post_tag","embeddable":true,"href":"https:\/\/franciscanos.org.br\/noticias\/wp-json\/wp\/v2\/tags?post=236100"}],"curies":[{"name":"wp","href":"https:\/\/api.w.org\/{rel}","templated":true}]}}