{"id":236087,"date":"2022-01-13T11:22:23","date_gmt":"2022-01-13T14:22:23","guid":{"rendered":"https:\/\/franciscanos.org.br\/noticias\/?p=236087"},"modified":"2022-01-16T11:46:23","modified_gmt":"2022-01-16T14:46:23","slug":"missao-de-angola-o-primeiro-sim-ao-chamado-do-senhor","status":"publish","type":"post","link":"https:\/\/franciscanos.org.br\/noticias\/missao-de-angola-o-primeiro-sim-ao-chamado-do-senhor.html","title":{"rendered":"Miss\u00e3o de Angola: o primeiro &#8216;sim&#8217; ao chamado do Senhor"},"content":{"rendered":"<p><img loading=\"lazy\" class=\"alignnone wp-image-236088 size-full\" src=\"https:\/\/franciscanos.org.br\/noticias\/wp-content\/uploads\/2022\/01\/prof_1601.jpg\" alt=\"\" width=\"1106\" height=\"622\" srcset=\"https:\/\/franciscanos.org.br\/noticias\/wp-content\/uploads\/2022\/01\/prof_1601.jpg 1106w, https:\/\/franciscanos.org.br\/noticias\/wp-content\/uploads\/2022\/01\/prof_1601-450x253.jpg 450w, https:\/\/franciscanos.org.br\/noticias\/wp-content\/uploads\/2022\/01\/prof_1601-1024x576.jpg 1024w, https:\/\/franciscanos.org.br\/noticias\/wp-content\/uploads\/2022\/01\/prof_1601-768x432.jpg 768w, https:\/\/franciscanos.org.br\/noticias\/wp-content\/uploads\/2022\/01\/prof_1601-150x84.jpg 150w\" sizes=\"(max-width: 1106px) 100vw, 1106px\" \/><\/p>\n<p>Ap\u00f3s um belo ano de prova\u00e7\u00e3o acompanhado com muita dedica\u00e7\u00e3o e empenho, como afirmou Frei Miguel Tchitekulo no coment\u00e1rio inicial, chegamos ao ponto culminante desta bel\u00edssima etapa (noviciado). Foi ent\u00e3o, na manh\u00e3 de s\u00e1bado do dia 08 de janeiro, \u00e0s 10h, na Igreja Santo Ant\u00f4nio, noviciado S\u00e3o Jos\u00e9 &#8211; Quibala (KS), que 14 jovens, ap\u00f3s um ano de prova\u00e7\u00e3o e penit\u00eancia, deram o seu primeiro sim ao chamado do Senhor. Ei-los: Frei Benedito Cassoma, Frei Benjamim Njle Songa, Frei Bernardino Quessongo, Frei Castro Domingos Gaspar, Frei D\u00e2maso Tchembeka Muhepe, Frei David Avelino Dami\u00e3o Vicente, Frei Francisco Fernando kahanga Tchingandu, Frei Jos\u00e9 Cambanda Catimba, Frei Jos\u00e9 Greg\u00f3rio Severino, Frei Manuel Sabino Anapaz Kassindula, Frei Manuel Mbuta Chiunho, Frei Miguel Armindo Caquarta, Frei Pio Cutopa Chongolola, Frei Valter Muhongo Quimbundo.<\/p>\n<p><img loading=\"lazy\" class=\"alignnone wp-image-236090 size-full\" src=\"https:\/\/franciscanos.org.br\/noticias\/wp-content\/uploads\/2022\/01\/prof_1602.jpg\" alt=\"\" width=\"1106\" height=\"737\" srcset=\"https:\/\/franciscanos.org.br\/noticias\/wp-content\/uploads\/2022\/01\/prof_1602.jpg 1106w, https:\/\/franciscanos.org.br\/noticias\/wp-content\/uploads\/2022\/01\/prof_1602-450x300.jpg 450w, https:\/\/franciscanos.org.br\/noticias\/wp-content\/uploads\/2022\/01\/prof_1602-1024x682.jpg 1024w, https:\/\/franciscanos.org.br\/noticias\/wp-content\/uploads\/2022\/01\/prof_1602-768x512.jpg 768w, https:\/\/franciscanos.org.br\/noticias\/wp-content\/uploads\/2022\/01\/prof_1602-150x100.jpg 150w\" sizes=\"(max-width: 1106px) 100vw, 1106px\" \/><\/p>\n<p>A presente celebra\u00e7\u00e3o foi presidida pelo delegado do Ministro Provincial e consequentemente presidente da Funda\u00e7\u00e3o da Imaculada M\u00e3e de Deus de Angola, Frei Ant\u00f3nio Boaventura Zovo Baza, e concelebrada pelos reverendos: Frei Marco Ant\u00f3nio dos Santos (mestre dos novi\u00e7os), Frei M\u00e1rio Sampaio Pelu (vice-Mestre), Frei Ermelindo Bambi, Frei Canga Mazoa, Frei Jo\u00e3o Alberto Bunga, Frei Laurindo Lauro da Silva, e Pe. Pedro Velasco Anapaz Kassindula, irm\u00e3o de Frei Manuel Sabino Anapaz Kassindula (neo-professo). Estiveram presentes tamb\u00e9m, neste momento t\u00e3o especial, um n\u00famero consider\u00e1vel de frades de profiss\u00e3o tempor\u00e1ria, Frei Miguel Tchitekulo da fraternidade do Sagrado Cora\u00e7\u00e3o de Jesus, Petrop\u00f3lis, RJ, as Irm\u00e3s Franciscanas da Visita\u00e7\u00e3o, as Irm\u00e3s Hospitaleiras, Beneditinas, os nossos irm\u00e3os Servos do Reino e presen\u00e7a calorosa da fam\u00edlia dos nossos professandos.<\/p>\n<p>Frei Ant\u00f3nio iniciou a sua homilia apresentando os novos irm\u00e3os que se entregar\u00e3o ao servi\u00e7o do Senhor e da Igreja, lembrando as palavras descritas no Evangelho de S\u00e3o Mateus: de gra\u00e7as recebemos, de gra\u00e7as devemos dar. \u00c9 fundamental entendermos que recebemos gratuitamente o Evangelho da vida, para tal, devemos consumir tamb\u00e9m de gra\u00e7as, como a vela que se queima no altar. Lembrou ainda que, quando a gente se entrega ao servi\u00e7o da Igreja, devemos trabalhar com entusiasmo, com empenho e dedica\u00e7\u00e3o.<\/p>\n\n\t\t<style type=\"text\/css\">\n\t\t\t#gallery-1 {\n\t\t\t\tmargin: auto;\n\t\t\t}\n\t\t\t#gallery-1 .gallery-item {\n\t\t\t\tfloat: left;\n\t\t\t\tmargin-top: 10px;\n\t\t\t\ttext-align: center;\n\t\t\t\twidth: 25%;\n\t\t\t}\n\t\t\t#gallery-1 img {\n\t\t\t\tborder: 2px solid #cfcfcf;\n\t\t\t}\n\t\t\t#gallery-1 .gallery-caption {\n\t\t\t\tmargin-left: 0;\n\t\t\t}\n\t\t\t\/* see gallery_shortcode() in wp-includes\/media.php *\/\n\t\t<\/style>\n\t\t<div id='gallery-1' class='gallery galleryid-236087 gallery-columns-4 gallery-size-thumbnail'><dl class='gallery-item'>\n\t\t\t<dt class='gallery-icon landscape'>\n\t\t\t\t<a href='https:\/\/franciscanos.org.br\/noticias\/wp-content\/uploads\/2022\/01\/prof_1601_3.jpg'><img width=\"300\" height=\"300\" src=\"https:\/\/franciscanos.org.br\/noticias\/wp-content\/uploads\/2022\/01\/prof_1601_3-300x300.jpg\" class=\"attachment-thumbnail size-thumbnail\" alt=\"\" loading=\"lazy\" srcset=\"https:\/\/franciscanos.org.br\/noticias\/wp-content\/uploads\/2022\/01\/prof_1601_3-300x300.jpg 300w, https:\/\/franciscanos.org.br\/noticias\/wp-content\/uploads\/2022\/01\/prof_1601_3-100x100.jpg 100w\" sizes=\"(max-width: 300px) 100vw, 300px\" \/><\/a>\n\t\t\t<\/dt><\/dl><dl class='gallery-item'>\n\t\t\t<dt class='gallery-icon landscape'>\n\t\t\t\t<a href='https:\/\/franciscanos.org.br\/noticias\/wp-content\/uploads\/2022\/01\/prof_1601_4.jpg'><img width=\"300\" height=\"300\" src=\"https:\/\/franciscanos.org.br\/noticias\/wp-content\/uploads\/2022\/01\/prof_1601_4-300x300.jpg\" class=\"attachment-thumbnail size-thumbnail\" alt=\"\" loading=\"lazy\" srcset=\"https:\/\/franciscanos.org.br\/noticias\/wp-content\/uploads\/2022\/01\/prof_1601_4-300x300.jpg 300w, https:\/\/franciscanos.org.br\/noticias\/wp-content\/uploads\/2022\/01\/prof_1601_4-100x100.jpg 100w\" sizes=\"(max-width: 300px) 100vw, 300px\" \/><\/a>\n\t\t\t<\/dt><\/dl><dl class='gallery-item'>\n\t\t\t<dt class='gallery-icon landscape'>\n\t\t\t\t<a href='https:\/\/franciscanos.org.br\/noticias\/wp-content\/uploads\/2022\/01\/prof_1601_5.jpg'><img width=\"300\" height=\"300\" src=\"https:\/\/franciscanos.org.br\/noticias\/wp-content\/uploads\/2022\/01\/prof_1601_5-300x300.jpg\" class=\"attachment-thumbnail size-thumbnail\" alt=\"\" loading=\"lazy\" srcset=\"https:\/\/franciscanos.org.br\/noticias\/wp-content\/uploads\/2022\/01\/prof_1601_5-300x300.jpg 300w, https:\/\/franciscanos.org.br\/noticias\/wp-content\/uploads\/2022\/01\/prof_1601_5-100x100.jpg 100w\" sizes=\"(max-width: 300px) 100vw, 300px\" \/><\/a>\n\t\t\t<\/dt><\/dl><dl class='gallery-item'>\n\t\t\t<dt class='gallery-icon landscape'>\n\t\t\t\t<a href='https:\/\/franciscanos.org.br\/noticias\/wp-content\/uploads\/2022\/01\/prof_1601_6.jpg'><img width=\"300\" height=\"300\" src=\"https:\/\/franciscanos.org.br\/noticias\/wp-content\/uploads\/2022\/01\/prof_1601_6-300x300.jpg\" class=\"attachment-thumbnail size-thumbnail\" alt=\"\" loading=\"lazy\" srcset=\"https:\/\/franciscanos.org.br\/noticias\/wp-content\/uploads\/2022\/01\/prof_1601_6-300x300.jpg 300w, https:\/\/franciscanos.org.br\/noticias\/wp-content\/uploads\/2022\/01\/prof_1601_6-100x100.jpg 100w\" sizes=\"(max-width: 300px) 100vw, 300px\" \/><\/a>\n\t\t\t<\/dt><\/dl><br style=\"clear: both\" \/>\n\t\t<\/div>\n\n<p>O objetivo da nossa miss\u00e3o, da nossa entrega, \u00e9 a vida dos nossos irm\u00e3os e irm\u00e3s. Devemos aprender a viver, n\u00e3o s\u00f3 para n\u00f3s, mas sim, pelos nossos irm\u00e3os. Diz-nos Jesus: \u201ccurai os doentes ressuscitai os mortos, purificai os leprosos expulsai os dem\u00f3nios!\u201d \u00c9 essa a nossa tarefa, a nossa miss\u00e3o. Aos familiares recordou que os filhos s\u00e3o o pr\u00f3prio Deus que d\u00e1 e hoje entregam de volta a Ele. \u201cRecebeste de gra\u00e7a, dai tamb\u00e9m de gra\u00e7a\u201d, relatou Frei Ant\u00f3nio.<\/p>\n<p>Por fim, Frei Ant\u00f3nio lembrou aos novi\u00e7os que o mist\u00e9rio mais bonito da vida religiosa franciscana e o mais desafiador \u00e9 viver a fraternidade. A vida fraterna n\u00e3o \u00e9 algo est\u00e1tico, mas algo que vamos fazendo e desfazendo, construindo e destruindo. Muitas coisas ruins ir\u00e3o de aparecer na nossa vida. Mas tudo \u00e9 poss\u00edvel com ajuda dos irm\u00e3os. Portanto, devemos deixar de lado os crit\u00e9rios pessoais para assumir os crit\u00e9rios evang\u00e9licos. Devemos ensinar a justi\u00e7a e pratic\u00e1-la.<\/p>\n<p><img loading=\"lazy\" class=\"alignnone wp-image-236095 size-full\" src=\"https:\/\/franciscanos.org.br\/noticias\/wp-content\/uploads\/2022\/01\/prof_1601_7.jpg\" alt=\"\" width=\"1106\" height=\"737\" srcset=\"https:\/\/franciscanos.org.br\/noticias\/wp-content\/uploads\/2022\/01\/prof_1601_7.jpg 1106w, https:\/\/franciscanos.org.br\/noticias\/wp-content\/uploads\/2022\/01\/prof_1601_7-450x300.jpg 450w, https:\/\/franciscanos.org.br\/noticias\/wp-content\/uploads\/2022\/01\/prof_1601_7-1024x682.jpg 1024w, https:\/\/franciscanos.org.br\/noticias\/wp-content\/uploads\/2022\/01\/prof_1601_7-768x512.jpg 768w, https:\/\/franciscanos.org.br\/noticias\/wp-content\/uploads\/2022\/01\/prof_1601_7-150x100.jpg 150w\" sizes=\"(max-width: 1106px) 100vw, 1106px\" \/><\/p>\n<p>Ele manifestou os apre\u00e7os vindo do outro lado oceano, na pessoa do Ministro Provincial, Frei Paulo Pereira, que mesmo distante, est\u00e1 inteiramente ligados a n\u00f3s, com suas ora\u00e7\u00f5es.<\/p>\n<p>Depois do presidente da celebra\u00e7\u00e3o ter feito \u00e0 homilia, cada professando aproximou-se diante do Delegado do Ministro Provincial e foi interrogado se estava preparado para se consagrar a Deus e buscar a perfei\u00e7\u00e3o da caridade segundo a regra e as Constitui\u00e7\u00f5es da Ordem dos Frades Menores.<\/p>\n<p><img loading=\"lazy\" class=\"alignnone wp-image-236097 size-full\" src=\"https:\/\/franciscanos.org.br\/noticias\/wp-content\/uploads\/2022\/01\/prof_1601_8.jpg\" alt=\"\" width=\"1106\" height=\"737\" srcset=\"https:\/\/franciscanos.org.br\/noticias\/wp-content\/uploads\/2022\/01\/prof_1601_8.jpg 1106w, https:\/\/franciscanos.org.br\/noticias\/wp-content\/uploads\/2022\/01\/prof_1601_8-450x300.jpg 450w, https:\/\/franciscanos.org.br\/noticias\/wp-content\/uploads\/2022\/01\/prof_1601_8-1024x682.jpg 1024w, https:\/\/franciscanos.org.br\/noticias\/wp-content\/uploads\/2022\/01\/prof_1601_8-768x512.jpg 768w, https:\/\/franciscanos.org.br\/noticias\/wp-content\/uploads\/2022\/01\/prof_1601_8-150x100.jpg 150w\" sizes=\"(max-width: 1106px) 100vw, 1106px\" \/><\/p>\n<p>Depois, puseram-se de joelhos, com as m\u00e3os juntas, entre as m\u00e3os do Delegado do Ministro Provincial e fizeram a sua primeira profiss\u00e3o religiosa. Em seguida, cada neoprofesso recebeu do Delegado Provincial a Regra e as Constitui\u00e7\u00f5es da Ordem dos Frades Menores: \u201cRecebei irm\u00e3o a Regra da nossa Ordem, livro da vida, comp\u00eandio do Evangelho, caminho da perfei\u00e7\u00e3o, chave do para\u00edso, pacto de eterna alian\u00e7a, para que, observando-a com fidelidade, chegueis \u00e0 perfei\u00e7\u00e3o da caridade\u201d, rezou frei Ant\u00f3nio. O presente rito teve a sua conclus\u00e3o com o abra\u00e7o da paz, onde, Frei Ant\u00f3nio convidou os demais confrades professos para sauda\u00e7\u00f5es de acolhimento aos neoprofessos, em comunh\u00e3o com a Fraternidade Provincial.<\/p>\n<p><img loading=\"lazy\" class=\"alignnone wp-image-236096 size-full\" src=\"https:\/\/franciscanos.org.br\/noticias\/wp-content\/uploads\/2022\/01\/prof_1601_2.jpg\" alt=\"\" width=\"1106\" height=\"737\" srcset=\"https:\/\/franciscanos.org.br\/noticias\/wp-content\/uploads\/2022\/01\/prof_1601_2.jpg 1106w, https:\/\/franciscanos.org.br\/noticias\/wp-content\/uploads\/2022\/01\/prof_1601_2-450x300.jpg 450w, https:\/\/franciscanos.org.br\/noticias\/wp-content\/uploads\/2022\/01\/prof_1601_2-1024x682.jpg 1024w, https:\/\/franciscanos.org.br\/noticias\/wp-content\/uploads\/2022\/01\/prof_1601_2-768x512.jpg 768w, https:\/\/franciscanos.org.br\/noticias\/wp-content\/uploads\/2022\/01\/prof_1601_2-150x100.jpg 150w\" sizes=\"(max-width: 1106px) 100vw, 1106px\" \/><\/p>\n<p>O mais bonito foi a parte culminante da celebra\u00e7\u00e3o, que de maneira emocionante, os neoprofessos dan\u00e7aram e cantaram louvor de a\u00e7\u00e3o de Gra\u00e7as ao Senhor, pelo momento concedido. Frei Jos\u00e9 Catimba, em nome da turma, leu a nota de agradecimento, manifestando em primeira inst\u00e2ncia \u00e0 Sant\u00edssima Trindade autora de toda voca\u00e7\u00e3o, \u00e0 Ordem em Geral, Prov\u00edncia e Funda\u00e7\u00e3o, aos formadores e familiares, que tanto fizeram para que este momento se tornasse realidade. Que nosso bom Deus vos d\u00ea em dobro, de tudo quanto fizestes por n\u00f3s! Conclui.<\/p>\n<hr \/>\n<p><em>Frei\u00a0Pedro Isa\u00edas Luisa Vitangui<\/em><\/p>\n","protected":false},"excerpt":{"rendered":"<p>Primeira Profiss\u00e3o em Angola<\/p>\n","protected":false},"author":3,"featured_media":236089,"comment_status":"open","ping_status":"open","sticky":false,"template":"","format":"standard","meta":[],"categories":[1],"tags":[360,334],"acf":[],"yoast_head":"<!-- This site is optimized with the Yoast SEO plugin v19.2 - https:\/\/yoast.com\/wordpress\/plugins\/seo\/ -->\n<title>Miss\u00e3o de Angola: o primeiro &#039;sim&#039; ao chamado do Senhor - Not\u00edcias - Franciscanos<\/title>\n<meta name=\"robots\" content=\"index, follow, max-snippet:-1, max-image-preview:large, max-video-preview:-1\" \/>\n<link rel=\"canonical\" href=\"https:\/\/franciscanos.org.br\/noticias\/missao-de-angola-o-primeiro-sim-ao-chamado-do-senhor.html\" \/>\n<meta property=\"og:locale\" content=\"pt_BR\" \/>\n<meta property=\"og:type\" content=\"article\" \/>\n<meta property=\"og:title\" content=\"Miss\u00e3o de Angola: o primeiro &#039;sim&#039; ao chamado do Senhor - Not\u00edcias - Franciscanos\" \/>\n<meta property=\"og:description\" content=\"Primeira Profiss\u00e3o em Angola\" \/>\n<meta property=\"og:url\" content=\"https:\/\/franciscanos.org.br\/noticias\/missao-de-angola-o-primeiro-sim-ao-chamado-do-senhor.html\" \/>\n<meta property=\"og:site_name\" content=\"Not\u00edcias - Franciscanos\" \/>\n<meta property=\"article:published_time\" content=\"2022-01-13T14:22:23+00:00\" \/>\n<meta property=\"article:modified_time\" content=\"2022-01-16T14:46:23+00:00\" \/>\n<meta property=\"og:image\" content=\"https:\/\/franciscanos.org.br\/noticias\/wp-content\/uploads\/2022\/01\/prof_d.jpg\" \/>\n\t<meta property=\"og:image:width\" content=\"800\" \/>\n\t<meta property=\"og:image:height\" content=\"550\" \/>\n\t<meta property=\"og:image:type\" content=\"image\/jpeg\" \/>\n<meta name=\"author\" content=\"moacir\" \/>\n<meta name=\"twitter:card\" content=\"summary_large_image\" \/>\n<meta name=\"twitter:label1\" content=\"Escrito por\" \/>\n\t<meta name=\"twitter:data1\" content=\"moacir\" \/>\n\t<meta name=\"twitter:label2\" content=\"Est. tempo de leitura\" \/>\n\t<meta name=\"twitter:data2\" content=\"4 minutos\" \/>\n<script type=\"application\/ld+json\" class=\"yoast-schema-graph\">{\"@context\":\"https:\/\/schema.org\",\"@graph\":[{\"@type\":\"WebSite\",\"@id\":\"https:\/\/franciscanos.org.br\/noticias\/#website\",\"url\":\"https:\/\/franciscanos.org.br\/noticias\/\",\"name\":\"Not\u00edcias - Franciscanos\",\"description\":\"Prov\u00edncia Franciscana da Imaculada Concei\u00e7\u00e3o do Brasil - Ordem dos Frades Menores - OFM\",\"potentialAction\":[{\"@type\":\"SearchAction\",\"target\":{\"@type\":\"EntryPoint\",\"urlTemplate\":\"https:\/\/franciscanos.org.br\/noticias\/?s={search_term_string}\"},\"query-input\":\"required name=search_term_string\"}],\"inLanguage\":\"pt-BR\"},{\"@type\":\"ImageObject\",\"inLanguage\":\"pt-BR\",\"@id\":\"https:\/\/franciscanos.org.br\/noticias\/missao-de-angola-o-primeiro-sim-ao-chamado-do-senhor.html#primaryimage\",\"url\":\"https:\/\/franciscanos.org.br\/noticias\/wp-content\/uploads\/2022\/01\/prof_d.jpg\",\"contentUrl\":\"https:\/\/franciscanos.org.br\/noticias\/wp-content\/uploads\/2022\/01\/prof_d.jpg\",\"width\":800,\"height\":550},{\"@type\":\"WebPage\",\"@id\":\"https:\/\/franciscanos.org.br\/noticias\/missao-de-angola-o-primeiro-sim-ao-chamado-do-senhor.html#webpage\",\"url\":\"https:\/\/franciscanos.org.br\/noticias\/missao-de-angola-o-primeiro-sim-ao-chamado-do-senhor.html\",\"name\":\"Miss\u00e3o de Angola: o primeiro 'sim' ao chamado do Senhor - Not\u00edcias - Franciscanos\",\"isPartOf\":{\"@id\":\"https:\/\/franciscanos.org.br\/noticias\/#website\"},\"primaryImageOfPage\":{\"@id\":\"https:\/\/franciscanos.org.br\/noticias\/missao-de-angola-o-primeiro-sim-ao-chamado-do-senhor.html#primaryimage\"},\"datePublished\":\"2022-01-13T14:22:23+00:00\",\"dateModified\":\"2022-01-16T14:46:23+00:00\",\"author\":{\"@id\":\"https:\/\/franciscanos.org.br\/noticias\/#\/schema\/person\/b5c8cba458c330ccff548b056e95a5d4\"},\"breadcrumb\":{\"@id\":\"https:\/\/franciscanos.org.br\/noticias\/missao-de-angola-o-primeiro-sim-ao-chamado-do-senhor.html#breadcrumb\"},\"inLanguage\":\"pt-BR\",\"potentialAction\":[{\"@type\":\"ReadAction\",\"target\":[\"https:\/\/franciscanos.org.br\/noticias\/missao-de-angola-o-primeiro-sim-ao-chamado-do-senhor.html\"]}]},{\"@type\":\"BreadcrumbList\",\"@id\":\"https:\/\/franciscanos.org.br\/noticias\/missao-de-angola-o-primeiro-sim-ao-chamado-do-senhor.html#breadcrumb\",\"itemListElement\":[{\"@type\":\"ListItem\",\"position\":1,\"name\":\"Home\",\"item\":\"https:\/\/franciscanos.org.br\/noticias\"},{\"@type\":\"ListItem\",\"position\":2,\"name\":\"Miss\u00e3o de Angola: o primeiro &#8216;sim&#8217; ao chamado do Senhor\"}]},{\"@type\":\"Person\",\"@id\":\"https:\/\/franciscanos.org.br\/noticias\/#\/schema\/person\/b5c8cba458c330ccff548b056e95a5d4\",\"name\":\"moacir\",\"image\":{\"@type\":\"ImageObject\",\"inLanguage\":\"pt-BR\",\"@id\":\"https:\/\/franciscanos.org.br\/noticias\/#\/schema\/person\/image\/\",\"url\":\"https:\/\/secure.gravatar.com\/avatar\/d08aa2ce4c8dd416d4479aa8536fcf64?s=96&d=mm&r=g\",\"contentUrl\":\"https:\/\/secure.gravatar.com\/avatar\/d08aa2ce4c8dd416d4479aa8536fcf64?s=96&d=mm&r=g\",\"caption\":\"moacir\"},\"url\":\"https:\/\/franciscanos.org.br\/noticias\/author\/moacir\"}]}<\/script>\n<!-- \/ Yoast SEO plugin. -->","yoast_head_json":{"title":"Miss\u00e3o de Angola: o primeiro 'sim' ao chamado do Senhor - Not\u00edcias - Franciscanos","robots":{"index":"index","follow":"follow","max-snippet":"max-snippet:-1","max-image-preview":"max-image-preview:large","max-video-preview":"max-video-preview:-1"},"canonical":"https:\/\/franciscanos.org.br\/noticias\/missao-de-angola-o-primeiro-sim-ao-chamado-do-senhor.html","og_locale":"pt_BR","og_type":"article","og_title":"Miss\u00e3o de Angola: o primeiro 'sim' ao chamado do Senhor - Not\u00edcias - Franciscanos","og_description":"Primeira Profiss\u00e3o em Angola","og_url":"https:\/\/franciscanos.org.br\/noticias\/missao-de-angola-o-primeiro-sim-ao-chamado-do-senhor.html","og_site_name":"Not\u00edcias - Franciscanos","article_published_time":"2022-01-13T14:22:23+00:00","article_modified_time":"2022-01-16T14:46:23+00:00","og_image":[{"width":800,"height":550,"url":"https:\/\/franciscanos.org.br\/noticias\/wp-content\/uploads\/2022\/01\/prof_d.jpg","type":"image\/jpeg"}],"author":"moacir","twitter_card":"summary_large_image","twitter_misc":{"Escrito por":"moacir","Est. tempo de leitura":"4 minutos"},"schema":{"@context":"https:\/\/schema.org","@graph":[{"@type":"WebSite","@id":"https:\/\/franciscanos.org.br\/noticias\/#website","url":"https:\/\/franciscanos.org.br\/noticias\/","name":"Not\u00edcias - Franciscanos","description":"Prov\u00edncia Franciscana da Imaculada Concei\u00e7\u00e3o do Brasil - Ordem dos Frades Menores - OFM","potentialAction":[{"@type":"SearchAction","target":{"@type":"EntryPoint","urlTemplate":"https:\/\/franciscanos.org.br\/noticias\/?s={search_term_string}"},"query-input":"required name=search_term_string"}],"inLanguage":"pt-BR"},{"@type":"ImageObject","inLanguage":"pt-BR","@id":"https:\/\/franciscanos.org.br\/noticias\/missao-de-angola-o-primeiro-sim-ao-chamado-do-senhor.html#primaryimage","url":"https:\/\/franciscanos.org.br\/noticias\/wp-content\/uploads\/2022\/01\/prof_d.jpg","contentUrl":"https:\/\/franciscanos.org.br\/noticias\/wp-content\/uploads\/2022\/01\/prof_d.jpg","width":800,"height":550},{"@type":"WebPage","@id":"https:\/\/franciscanos.org.br\/noticias\/missao-de-angola-o-primeiro-sim-ao-chamado-do-senhor.html#webpage","url":"https:\/\/franciscanos.org.br\/noticias\/missao-de-angola-o-primeiro-sim-ao-chamado-do-senhor.html","name":"Miss\u00e3o de Angola: o primeiro 'sim' ao chamado do Senhor - Not\u00edcias - Franciscanos","isPartOf":{"@id":"https:\/\/franciscanos.org.br\/noticias\/#website"},"primaryImageOfPage":{"@id":"https:\/\/franciscanos.org.br\/noticias\/missao-de-angola-o-primeiro-sim-ao-chamado-do-senhor.html#primaryimage"},"datePublished":"2022-01-13T14:22:23+00:00","dateModified":"2022-01-16T14:46:23+00:00","author":{"@id":"https:\/\/franciscanos.org.br\/noticias\/#\/schema\/person\/b5c8cba458c330ccff548b056e95a5d4"},"breadcrumb":{"@id":"https:\/\/franciscanos.org.br\/noticias\/missao-de-angola-o-primeiro-sim-ao-chamado-do-senhor.html#breadcrumb"},"inLanguage":"pt-BR","potentialAction":[{"@type":"ReadAction","target":["https:\/\/franciscanos.org.br\/noticias\/missao-de-angola-o-primeiro-sim-ao-chamado-do-senhor.html"]}]},{"@type":"BreadcrumbList","@id":"https:\/\/franciscanos.org.br\/noticias\/missao-de-angola-o-primeiro-sim-ao-chamado-do-senhor.html#breadcrumb","itemListElement":[{"@type":"ListItem","position":1,"name":"Home","item":"https:\/\/franciscanos.org.br\/noticias"},{"@type":"ListItem","position":2,"name":"Miss\u00e3o de Angola: o primeiro &#8216;sim&#8217; ao chamado do Senhor"}]},{"@type":"Person","@id":"https:\/\/franciscanos.org.br\/noticias\/#\/schema\/person\/b5c8cba458c330ccff548b056e95a5d4","name":"moacir","image":{"@type":"ImageObject","inLanguage":"pt-BR","@id":"https:\/\/franciscanos.org.br\/noticias\/#\/schema\/person\/image\/","url":"https:\/\/secure.gravatar.com\/avatar\/d08aa2ce4c8dd416d4479aa8536fcf64?s=96&d=mm&r=g","contentUrl":"https:\/\/secure.gravatar.com\/avatar\/d08aa2ce4c8dd416d4479aa8536fcf64?s=96&d=mm&r=g","caption":"moacir"},"url":"https:\/\/franciscanos.org.br\/noticias\/author\/moacir"}]}},"_links":{"self":[{"href":"https:\/\/franciscanos.org.br\/noticias\/wp-json\/wp\/v2\/posts\/236087"}],"collection":[{"href":"https:\/\/franciscanos.org.br\/noticias\/wp-json\/wp\/v2\/posts"}],"about":[{"href":"https:\/\/franciscanos.org.br\/noticias\/wp-json\/wp\/v2\/types\/post"}],"author":[{"embeddable":true,"href":"https:\/\/franciscanos.org.br\/noticias\/wp-json\/wp\/v2\/users\/3"}],"replies":[{"embeddable":true,"href":"https:\/\/franciscanos.org.br\/noticias\/wp-json\/wp\/v2\/comments?post=236087"}],"version-history":[{"count":1,"href":"https:\/\/franciscanos.org.br\/noticias\/wp-json\/wp\/v2\/posts\/236087\/revisions"}],"predecessor-version":[{"id":236098,"href":"https:\/\/franciscanos.org.br\/noticias\/wp-json\/wp\/v2\/posts\/236087\/revisions\/236098"}],"wp:featuredmedia":[{"embeddable":true,"href":"https:\/\/franciscanos.org.br\/noticias\/wp-json\/wp\/v2\/media\/236089"}],"wp:attachment":[{"href":"https:\/\/franciscanos.org.br\/noticias\/wp-json\/wp\/v2\/media?parent=236087"}],"wp:term":[{"taxonomy":"category","embeddable":true,"href":"https:\/\/franciscanos.org.br\/noticias\/wp-json\/wp\/v2\/categories?post=236087"},{"taxonomy":"post_tag","embeddable":true,"href":"https:\/\/franciscanos.org.br\/noticias\/wp-json\/wp\/v2\/tags?post=236087"}],"curies":[{"name":"wp","href":"https:\/\/api.w.org\/{rel}","templated":true}]}}