{"id":236077,"date":"2022-01-13T11:12:02","date_gmt":"2022-01-13T14:12:02","guid":{"rendered":"https:\/\/franciscanos.org.br\/noticias\/?p=236077"},"modified":"2022-01-16T11:18:34","modified_gmt":"2022-01-16T14:18:34","slug":"admissao-dos-novicos-de-angola-revesti-vos-do-homem-novo","status":"publish","type":"post","link":"https:\/\/franciscanos.org.br\/noticias\/admissao-dos-novicos-de-angola-revesti-vos-do-homem-novo.html","title":{"rendered":"Admiss\u00e3o dos novi\u00e7os de Angola: &#8220;Revesti-vos do homem novo&#8221;"},"content":{"rendered":"<p><img loading=\"lazy\" class=\"alignnone wp-image-236078 size-full\" src=\"https:\/\/franciscanos.org.br\/noticias\/wp-content\/uploads\/2022\/01\/angola_1601.jpg\" alt=\"\" width=\"1106\" height=\"622\" srcset=\"https:\/\/franciscanos.org.br\/noticias\/wp-content\/uploads\/2022\/01\/angola_1601.jpg 1106w, https:\/\/franciscanos.org.br\/noticias\/wp-content\/uploads\/2022\/01\/angola_1601-450x253.jpg 450w, https:\/\/franciscanos.org.br\/noticias\/wp-content\/uploads\/2022\/01\/angola_1601-1024x576.jpg 1024w, https:\/\/franciscanos.org.br\/noticias\/wp-content\/uploads\/2022\/01\/angola_1601-768x432.jpg 768w, https:\/\/franciscanos.org.br\/noticias\/wp-content\/uploads\/2022\/01\/angola_1601-150x84.jpg 150w\" sizes=\"(max-width: 1106px) 100vw, 1106px\" \/><\/p>\n<p>Assim como nos demais anos, a Fraternidade Santo Ant\u00f3nio, Noviciado S\u00e3o Jos\u00e9-Quibala, KS, na manh\u00e3 de ora\u00e7\u00e3o (<em>Laudes<\/em>), Frei Ant\u00f3nio Boaventura Zovo Baza, delegado do Ministro Provincial, acolheu \u00e0s 7h do dia 8 de janeiro (s\u00e1bado), na igreja Santo Ant\u00f3nio, 7 postulantes que desejam viver intensamente o seu ano de prova\u00e7\u00e3o: Frei Daniel Bungwe Soma, Frei Dion\u00edsio Katengue Tchingui, Frei Eduardo C\u00e9sar Himi, Frei Francisco Pedro Kapapelo Tchitacumula, Frei Manuel Franco Munungo, Frei Lu\u00eds Manuel Mugiba e Frei Pedro Caiombe Samuco.<\/p>\n<p>Frei Ant\u00f3nio iniciou a sua reflex\u00e3o lembrando a caminha de Jesus para Jerusal\u00e9m. Mostrando que n\u00e3o precisamos de um dia especial ou diferente para nos encontrarmos com o outro para acolh\u00ea-lo. O encontro se d\u00e1 no ordin\u00e1rio.<\/p>\n\n\t\t<style type=\"text\/css\">\n\t\t\t#gallery-1 {\n\t\t\t\tmargin: auto;\n\t\t\t}\n\t\t\t#gallery-1 .gallery-item {\n\t\t\t\tfloat: left;\n\t\t\t\tmargin-top: 10px;\n\t\t\t\ttext-align: center;\n\t\t\t\twidth: 20%;\n\t\t\t}\n\t\t\t#gallery-1 img {\n\t\t\t\tborder: 2px solid #cfcfcf;\n\t\t\t}\n\t\t\t#gallery-1 .gallery-caption {\n\t\t\t\tmargin-left: 0;\n\t\t\t}\n\t\t\t\/* see gallery_shortcode() in wp-includes\/media.php *\/\n\t\t<\/style>\n\t\t<div id='gallery-1' class='gallery galleryid-236077 gallery-columns-5 gallery-size-thumbnail'><dl class='gallery-item'>\n\t\t\t<dt class='gallery-icon landscape'>\n\t\t\t\t<a href='https:\/\/franciscanos.org.br\/noticias\/wp-content\/uploads\/2022\/01\/angola_01.jpg'><img width=\"300\" height=\"300\" src=\"https:\/\/franciscanos.org.br\/noticias\/wp-content\/uploads\/2022\/01\/angola_01-300x300.jpg\" class=\"attachment-thumbnail size-thumbnail\" alt=\"\" loading=\"lazy\" srcset=\"https:\/\/franciscanos.org.br\/noticias\/wp-content\/uploads\/2022\/01\/angola_01-300x300.jpg 300w, https:\/\/franciscanos.org.br\/noticias\/wp-content\/uploads\/2022\/01\/angola_01-100x100.jpg 100w\" sizes=\"(max-width: 300px) 100vw, 300px\" \/><\/a>\n\t\t\t<\/dt><\/dl><dl class='gallery-item'>\n\t\t\t<dt class='gallery-icon landscape'>\n\t\t\t\t<a href='https:\/\/franciscanos.org.br\/noticias\/wp-content\/uploads\/2022\/01\/angola_01a.jpg'><img width=\"300\" height=\"300\" src=\"https:\/\/franciscanos.org.br\/noticias\/wp-content\/uploads\/2022\/01\/angola_01a-300x300.jpg\" class=\"attachment-thumbnail size-thumbnail\" alt=\"\" loading=\"lazy\" srcset=\"https:\/\/franciscanos.org.br\/noticias\/wp-content\/uploads\/2022\/01\/angola_01a-300x300.jpg 300w, https:\/\/franciscanos.org.br\/noticias\/wp-content\/uploads\/2022\/01\/angola_01a-100x100.jpg 100w\" sizes=\"(max-width: 300px) 100vw, 300px\" \/><\/a>\n\t\t\t<\/dt><\/dl><dl class='gallery-item'>\n\t\t\t<dt class='gallery-icon landscape'>\n\t\t\t\t<a href='https:\/\/franciscanos.org.br\/noticias\/wp-content\/uploads\/2022\/01\/angola_02.jpg'><img width=\"300\" height=\"300\" src=\"https:\/\/franciscanos.org.br\/noticias\/wp-content\/uploads\/2022\/01\/angola_02-300x300.jpg\" class=\"attachment-thumbnail size-thumbnail\" alt=\"\" loading=\"lazy\" srcset=\"https:\/\/franciscanos.org.br\/noticias\/wp-content\/uploads\/2022\/01\/angola_02-300x300.jpg 300w, https:\/\/franciscanos.org.br\/noticias\/wp-content\/uploads\/2022\/01\/angola_02-100x100.jpg 100w\" sizes=\"(max-width: 300px) 100vw, 300px\" \/><\/a>\n\t\t\t<\/dt><\/dl><dl class='gallery-item'>\n\t\t\t<dt class='gallery-icon landscape'>\n\t\t\t\t<a href='https:\/\/franciscanos.org.br\/noticias\/wp-content\/uploads\/2022\/01\/angola_03.jpg'><img width=\"300\" height=\"300\" src=\"https:\/\/franciscanos.org.br\/noticias\/wp-content\/uploads\/2022\/01\/angola_03-300x300.jpg\" class=\"attachment-thumbnail size-thumbnail\" alt=\"\" loading=\"lazy\" srcset=\"https:\/\/franciscanos.org.br\/noticias\/wp-content\/uploads\/2022\/01\/angola_03-300x300.jpg 300w, https:\/\/franciscanos.org.br\/noticias\/wp-content\/uploads\/2022\/01\/angola_03-100x100.jpg 100w\" sizes=\"(max-width: 300px) 100vw, 300px\" \/><\/a>\n\t\t\t<\/dt><\/dl><dl class='gallery-item'>\n\t\t\t<dt class='gallery-icon landscape'>\n\t\t\t\t<a href='https:\/\/franciscanos.org.br\/noticias\/wp-content\/uploads\/2022\/01\/angola_04.jpg'><img width=\"300\" height=\"300\" src=\"https:\/\/franciscanos.org.br\/noticias\/wp-content\/uploads\/2022\/01\/angola_04-300x300.jpg\" class=\"attachment-thumbnail size-thumbnail\" alt=\"\" loading=\"lazy\" srcset=\"https:\/\/franciscanos.org.br\/noticias\/wp-content\/uploads\/2022\/01\/angola_04-300x300.jpg 300w, https:\/\/franciscanos.org.br\/noticias\/wp-content\/uploads\/2022\/01\/angola_04-100x100.jpg 100w\" sizes=\"(max-width: 300px) 100vw, 300px\" \/><\/a>\n\t\t\t<\/dt><\/dl><br style=\"clear: both\" \/>\n\t\t<\/div>\n\n<p>O que fez com pessoas fossem ao encontro de Jesus, n\u00e3o \u00e9 o seu poder ou realeza, mas sim, o seu modo de vida, o seu olhar e as suas fortes palavras. Diz Jesus no Evangelho: \u201cQuem tem a m\u00e3o no arado e olha para traz n\u00e3o \u00e9 apto para o reino dos c\u00e9us\u201d. As respostas dadas por Jesus nos seus encontros s\u00e3o tanto quanto enigm\u00e1ticos, dif\u00edceis de entender numa leitura apressada. Mas devemos compreender que a experi\u00eancia \u00edntima com Jesus \u00e9 de nos conduzir a uma f\u00e9 madura e firme. E este \u00e9 o tempo prop\u00edcio para esta experi\u00eancia. Relatou Frei Ant\u00f3nio meditando as palavras do Santo Evangelho.<\/p>\n<p>Continuando, salientou que, Jesus ao falar que \u201cos p\u00e1ssaros t\u00eam os seus ninhos e as raposas as suas tocas, por\u00e9m, o Filho do Homem n\u00e3o tem por onde reclinar a cabe\u00e7a\u201d exorta-nos que a vida quotidiana tem a sua seguran\u00e7a pr\u00f3pria que \u00e9 natural. Algumas centradas nos bens mat\u00e9rias, mas ainda assim, permanecendo inseguros. Reclinar a cabe\u00e7a \u00e9 descansar, acalentar e sentir-se seguro. Na nossa vida encontraremos espinhos e tamb\u00e9m alegrias, mas a nossa seguran\u00e7a est\u00e1 fundamentada na f\u00e9 em Jesus Cristo. Como nos diz S\u00e3o Paulo na carta aos romanos no seu cap\u00edtulo 8, vers\u00edculo 28 \u201cSabemos que tudo contribui para o bem daqueles que amam a Deus, daqueles que s\u00e3o chamados, de acordo com o seu des\u00edgnio\u201d. Anunciar o reino de Deus \u00e9 viver com perfei\u00e7\u00e3o o amor, que \u00e9 o vinculo de toda a perfei\u00e7\u00e3o. Ter amor \u00e9 anunciar a Boa Nova. O Senhor nos chama a uma rela\u00e7\u00e3o \u00edntima e verdadeira com o pr\u00f3ximo. Portanto, rezemos pelos nossos irm\u00e3os que hoje iniciam o seu tempo de noviciado\u201d, conclui o delegado do Provincial.<\/p>\n<p><img loading=\"lazy\" class=\"alignnone wp-image-236084 size-full\" src=\"https:\/\/franciscanos.org.br\/noticias\/wp-content\/uploads\/2022\/01\/angola_1603.jpg\" alt=\"\" width=\"1106\" height=\"737\" srcset=\"https:\/\/franciscanos.org.br\/noticias\/wp-content\/uploads\/2022\/01\/angola_1603.jpg 1106w, https:\/\/franciscanos.org.br\/noticias\/wp-content\/uploads\/2022\/01\/angola_1603-450x300.jpg 450w, https:\/\/franciscanos.org.br\/noticias\/wp-content\/uploads\/2022\/01\/angola_1603-1024x682.jpg 1024w, https:\/\/franciscanos.org.br\/noticias\/wp-content\/uploads\/2022\/01\/angola_1603-768x512.jpg 768w, https:\/\/franciscanos.org.br\/noticias\/wp-content\/uploads\/2022\/01\/angola_1603-150x100.jpg 150w\" sizes=\"(max-width: 1106px) 100vw, 1106px\" \/><\/p>\n<p>Depois de uma breve reflex\u00e3o, o Mestre dos Postulantes, Frei Laurindo Lauro da Silva, fez a chamada dos postulantes, a fim de serem interrogados e admitidos, pelo delegado, como novi\u00e7os da Ordem dos Frades Menores. Ap\u00f3s a vesti\u00e7\u00e3o, os novi\u00e7os, em dire\u00e7\u00e3o a imagem de Jos\u00e9, padroeiro do Noviciado, rezaram pedindo sua intercess\u00e3o pelo novo ano de forma\u00e7\u00e3o que se inicia.<\/p>\n<p>Frei Ant\u00f3nio, por fim, confiou est\u00e1 nova experi\u00eancia que se inicia ao mestre, vice- Mestre e ao guardi\u00e3o desta mesma Fraternidade do Noviciado, a fim de faz\u00ea-los descobrir e vivenciar a vida e a Regra do frade menor.<\/p>\n<p><img loading=\"lazy\" class=\"alignnone wp-image-236085 size-full\" src=\"https:\/\/franciscanos.org.br\/noticias\/wp-content\/uploads\/2022\/01\/angola_1602.jpg\" alt=\"\" width=\"980\" height=\"786\" srcset=\"https:\/\/franciscanos.org.br\/noticias\/wp-content\/uploads\/2022\/01\/angola_1602.jpg 980w, https:\/\/franciscanos.org.br\/noticias\/wp-content\/uploads\/2022\/01\/angola_1602-450x361.jpg 450w, https:\/\/franciscanos.org.br\/noticias\/wp-content\/uploads\/2022\/01\/angola_1602-768x616.jpg 768w, https:\/\/franciscanos.org.br\/noticias\/wp-content\/uploads\/2022\/01\/angola_1602-150x120.jpg 150w\" sizes=\"(max-width: 980px) 100vw, 980px\" \/><\/p>\n<p>A partir desta celebra\u00e7\u00e3o, os novi\u00e7os sob orienta\u00e7\u00e3o do Mestre Frei Marco Ant\u00f4nio dos Santos e da Fraternidade do Noviciado passam a serem chamados de Frei.<\/p>\n<hr \/>\n<p><em>Frei Pedro Isa\u00edas Luisa Vitangui<\/em><\/p>\n","protected":false},"excerpt":{"rendered":"<p>Miss\u00e3o de Angola<\/p>\n","protected":false},"author":3,"featured_media":236078,"comment_status":"open","ping_status":"open","sticky":false,"template":"","format":"standard","meta":[],"categories":[1],"tags":[1270,360],"acf":[],"yoast_head":"<!-- This site is optimized with the Yoast SEO plugin v19.2 - https:\/\/yoast.com\/wordpress\/plugins\/seo\/ -->\n<title>Admiss\u00e3o dos novi\u00e7os de Angola: &quot;Revesti-vos do homem novo&quot; - Not\u00edcias - Franciscanos<\/title>\n<meta name=\"robots\" content=\"index, follow, max-snippet:-1, max-image-preview:large, max-video-preview:-1\" \/>\n<link rel=\"canonical\" href=\"https:\/\/franciscanos.org.br\/noticias\/admissao-dos-novicos-de-angola-revesti-vos-do-homem-novo.html\" \/>\n<meta property=\"og:locale\" content=\"pt_BR\" \/>\n<meta property=\"og:type\" content=\"article\" \/>\n<meta property=\"og:title\" content=\"Admiss\u00e3o dos novi\u00e7os de Angola: &quot;Revesti-vos do homem novo&quot; - Not\u00edcias - Franciscanos\" \/>\n<meta property=\"og:description\" content=\"Miss\u00e3o de Angola\" \/>\n<meta property=\"og:url\" content=\"https:\/\/franciscanos.org.br\/noticias\/admissao-dos-novicos-de-angola-revesti-vos-do-homem-novo.html\" \/>\n<meta property=\"og:site_name\" content=\"Not\u00edcias - Franciscanos\" \/>\n<meta property=\"article:published_time\" content=\"2022-01-13T14:12:02+00:00\" \/>\n<meta property=\"article:modified_time\" content=\"2022-01-16T14:18:34+00:00\" \/>\n<meta property=\"og:image\" content=\"https:\/\/franciscanos.org.br\/noticias\/wp-content\/uploads\/2022\/01\/angola_1601.jpg\" \/>\n\t<meta property=\"og:image:width\" content=\"1106\" \/>\n\t<meta property=\"og:image:height\" content=\"622\" \/>\n\t<meta property=\"og:image:type\" content=\"image\/jpeg\" \/>\n<meta name=\"author\" content=\"moacir\" \/>\n<meta name=\"twitter:card\" content=\"summary_large_image\" \/>\n<meta name=\"twitter:label1\" content=\"Escrito por\" \/>\n\t<meta name=\"twitter:data1\" content=\"moacir\" \/>\n\t<meta name=\"twitter:label2\" content=\"Est. tempo de leitura\" \/>\n\t<meta name=\"twitter:data2\" content=\"3 minutos\" \/>\n<script type=\"application\/ld+json\" class=\"yoast-schema-graph\">{\"@context\":\"https:\/\/schema.org\",\"@graph\":[{\"@type\":\"WebSite\",\"@id\":\"https:\/\/franciscanos.org.br\/noticias\/#website\",\"url\":\"https:\/\/franciscanos.org.br\/noticias\/\",\"name\":\"Not\u00edcias - Franciscanos\",\"description\":\"Prov\u00edncia Franciscana da Imaculada Concei\u00e7\u00e3o do Brasil - Ordem dos Frades Menores - OFM\",\"potentialAction\":[{\"@type\":\"SearchAction\",\"target\":{\"@type\":\"EntryPoint\",\"urlTemplate\":\"https:\/\/franciscanos.org.br\/noticias\/?s={search_term_string}\"},\"query-input\":\"required name=search_term_string\"}],\"inLanguage\":\"pt-BR\"},{\"@type\":\"ImageObject\",\"inLanguage\":\"pt-BR\",\"@id\":\"https:\/\/franciscanos.org.br\/noticias\/admissao-dos-novicos-de-angola-revesti-vos-do-homem-novo.html#primaryimage\",\"url\":\"https:\/\/franciscanos.org.br\/noticias\/wp-content\/uploads\/2022\/01\/angola_1601.jpg\",\"contentUrl\":\"https:\/\/franciscanos.org.br\/noticias\/wp-content\/uploads\/2022\/01\/angola_1601.jpg\",\"width\":1106,\"height\":622},{\"@type\":\"WebPage\",\"@id\":\"https:\/\/franciscanos.org.br\/noticias\/admissao-dos-novicos-de-angola-revesti-vos-do-homem-novo.html#webpage\",\"url\":\"https:\/\/franciscanos.org.br\/noticias\/admissao-dos-novicos-de-angola-revesti-vos-do-homem-novo.html\",\"name\":\"Admiss\u00e3o dos novi\u00e7os de Angola: \\\"Revesti-vos do homem novo\\\" - Not\u00edcias - Franciscanos\",\"isPartOf\":{\"@id\":\"https:\/\/franciscanos.org.br\/noticias\/#website\"},\"primaryImageOfPage\":{\"@id\":\"https:\/\/franciscanos.org.br\/noticias\/admissao-dos-novicos-de-angola-revesti-vos-do-homem-novo.html#primaryimage\"},\"datePublished\":\"2022-01-13T14:12:02+00:00\",\"dateModified\":\"2022-01-16T14:18:34+00:00\",\"author\":{\"@id\":\"https:\/\/franciscanos.org.br\/noticias\/#\/schema\/person\/b5c8cba458c330ccff548b056e95a5d4\"},\"breadcrumb\":{\"@id\":\"https:\/\/franciscanos.org.br\/noticias\/admissao-dos-novicos-de-angola-revesti-vos-do-homem-novo.html#breadcrumb\"},\"inLanguage\":\"pt-BR\",\"potentialAction\":[{\"@type\":\"ReadAction\",\"target\":[\"https:\/\/franciscanos.org.br\/noticias\/admissao-dos-novicos-de-angola-revesti-vos-do-homem-novo.html\"]}]},{\"@type\":\"BreadcrumbList\",\"@id\":\"https:\/\/franciscanos.org.br\/noticias\/admissao-dos-novicos-de-angola-revesti-vos-do-homem-novo.html#breadcrumb\",\"itemListElement\":[{\"@type\":\"ListItem\",\"position\":1,\"name\":\"Home\",\"item\":\"https:\/\/franciscanos.org.br\/noticias\"},{\"@type\":\"ListItem\",\"position\":2,\"name\":\"Admiss\u00e3o dos novi\u00e7os de Angola: &#8220;Revesti-vos do homem novo&#8221;\"}]},{\"@type\":\"Person\",\"@id\":\"https:\/\/franciscanos.org.br\/noticias\/#\/schema\/person\/b5c8cba458c330ccff548b056e95a5d4\",\"name\":\"moacir\",\"image\":{\"@type\":\"ImageObject\",\"inLanguage\":\"pt-BR\",\"@id\":\"https:\/\/franciscanos.org.br\/noticias\/#\/schema\/person\/image\/\",\"url\":\"https:\/\/secure.gravatar.com\/avatar\/d08aa2ce4c8dd416d4479aa8536fcf64?s=96&d=mm&r=g\",\"contentUrl\":\"https:\/\/secure.gravatar.com\/avatar\/d08aa2ce4c8dd416d4479aa8536fcf64?s=96&d=mm&r=g\",\"caption\":\"moacir\"},\"url\":\"https:\/\/franciscanos.org.br\/noticias\/author\/moacir\"}]}<\/script>\n<!-- \/ Yoast SEO plugin. -->","yoast_head_json":{"title":"Admiss\u00e3o dos novi\u00e7os de Angola: \"Revesti-vos do homem novo\" - Not\u00edcias - Franciscanos","robots":{"index":"index","follow":"follow","max-snippet":"max-snippet:-1","max-image-preview":"max-image-preview:large","max-video-preview":"max-video-preview:-1"},"canonical":"https:\/\/franciscanos.org.br\/noticias\/admissao-dos-novicos-de-angola-revesti-vos-do-homem-novo.html","og_locale":"pt_BR","og_type":"article","og_title":"Admiss\u00e3o dos novi\u00e7os de Angola: \"Revesti-vos do homem novo\" - Not\u00edcias - Franciscanos","og_description":"Miss\u00e3o de Angola","og_url":"https:\/\/franciscanos.org.br\/noticias\/admissao-dos-novicos-de-angola-revesti-vos-do-homem-novo.html","og_site_name":"Not\u00edcias - Franciscanos","article_published_time":"2022-01-13T14:12:02+00:00","article_modified_time":"2022-01-16T14:18:34+00:00","og_image":[{"width":1106,"height":622,"url":"https:\/\/franciscanos.org.br\/noticias\/wp-content\/uploads\/2022\/01\/angola_1601.jpg","type":"image\/jpeg"}],"author":"moacir","twitter_card":"summary_large_image","twitter_misc":{"Escrito por":"moacir","Est. tempo de leitura":"3 minutos"},"schema":{"@context":"https:\/\/schema.org","@graph":[{"@type":"WebSite","@id":"https:\/\/franciscanos.org.br\/noticias\/#website","url":"https:\/\/franciscanos.org.br\/noticias\/","name":"Not\u00edcias - Franciscanos","description":"Prov\u00edncia Franciscana da Imaculada Concei\u00e7\u00e3o do Brasil - Ordem dos Frades Menores - OFM","potentialAction":[{"@type":"SearchAction","target":{"@type":"EntryPoint","urlTemplate":"https:\/\/franciscanos.org.br\/noticias\/?s={search_term_string}"},"query-input":"required name=search_term_string"}],"inLanguage":"pt-BR"},{"@type":"ImageObject","inLanguage":"pt-BR","@id":"https:\/\/franciscanos.org.br\/noticias\/admissao-dos-novicos-de-angola-revesti-vos-do-homem-novo.html#primaryimage","url":"https:\/\/franciscanos.org.br\/noticias\/wp-content\/uploads\/2022\/01\/angola_1601.jpg","contentUrl":"https:\/\/franciscanos.org.br\/noticias\/wp-content\/uploads\/2022\/01\/angola_1601.jpg","width":1106,"height":622},{"@type":"WebPage","@id":"https:\/\/franciscanos.org.br\/noticias\/admissao-dos-novicos-de-angola-revesti-vos-do-homem-novo.html#webpage","url":"https:\/\/franciscanos.org.br\/noticias\/admissao-dos-novicos-de-angola-revesti-vos-do-homem-novo.html","name":"Admiss\u00e3o dos novi\u00e7os de Angola: \"Revesti-vos do homem novo\" - Not\u00edcias - Franciscanos","isPartOf":{"@id":"https:\/\/franciscanos.org.br\/noticias\/#website"},"primaryImageOfPage":{"@id":"https:\/\/franciscanos.org.br\/noticias\/admissao-dos-novicos-de-angola-revesti-vos-do-homem-novo.html#primaryimage"},"datePublished":"2022-01-13T14:12:02+00:00","dateModified":"2022-01-16T14:18:34+00:00","author":{"@id":"https:\/\/franciscanos.org.br\/noticias\/#\/schema\/person\/b5c8cba458c330ccff548b056e95a5d4"},"breadcrumb":{"@id":"https:\/\/franciscanos.org.br\/noticias\/admissao-dos-novicos-de-angola-revesti-vos-do-homem-novo.html#breadcrumb"},"inLanguage":"pt-BR","potentialAction":[{"@type":"ReadAction","target":["https:\/\/franciscanos.org.br\/noticias\/admissao-dos-novicos-de-angola-revesti-vos-do-homem-novo.html"]}]},{"@type":"BreadcrumbList","@id":"https:\/\/franciscanos.org.br\/noticias\/admissao-dos-novicos-de-angola-revesti-vos-do-homem-novo.html#breadcrumb","itemListElement":[{"@type":"ListItem","position":1,"name":"Home","item":"https:\/\/franciscanos.org.br\/noticias"},{"@type":"ListItem","position":2,"name":"Admiss\u00e3o dos novi\u00e7os de Angola: &#8220;Revesti-vos do homem novo&#8221;"}]},{"@type":"Person","@id":"https:\/\/franciscanos.org.br\/noticias\/#\/schema\/person\/b5c8cba458c330ccff548b056e95a5d4","name":"moacir","image":{"@type":"ImageObject","inLanguage":"pt-BR","@id":"https:\/\/franciscanos.org.br\/noticias\/#\/schema\/person\/image\/","url":"https:\/\/secure.gravatar.com\/avatar\/d08aa2ce4c8dd416d4479aa8536fcf64?s=96&d=mm&r=g","contentUrl":"https:\/\/secure.gravatar.com\/avatar\/d08aa2ce4c8dd416d4479aa8536fcf64?s=96&d=mm&r=g","caption":"moacir"},"url":"https:\/\/franciscanos.org.br\/noticias\/author\/moacir"}]}},"_links":{"self":[{"href":"https:\/\/franciscanos.org.br\/noticias\/wp-json\/wp\/v2\/posts\/236077"}],"collection":[{"href":"https:\/\/franciscanos.org.br\/noticias\/wp-json\/wp\/v2\/posts"}],"about":[{"href":"https:\/\/franciscanos.org.br\/noticias\/wp-json\/wp\/v2\/types\/post"}],"author":[{"embeddable":true,"href":"https:\/\/franciscanos.org.br\/noticias\/wp-json\/wp\/v2\/users\/3"}],"replies":[{"embeddable":true,"href":"https:\/\/franciscanos.org.br\/noticias\/wp-json\/wp\/v2\/comments?post=236077"}],"version-history":[{"count":1,"href":"https:\/\/franciscanos.org.br\/noticias\/wp-json\/wp\/v2\/posts\/236077\/revisions"}],"predecessor-version":[{"id":236086,"href":"https:\/\/franciscanos.org.br\/noticias\/wp-json\/wp\/v2\/posts\/236077\/revisions\/236086"}],"wp:featuredmedia":[{"embeddable":true,"href":"https:\/\/franciscanos.org.br\/noticias\/wp-json\/wp\/v2\/media\/236078"}],"wp:attachment":[{"href":"https:\/\/franciscanos.org.br\/noticias\/wp-json\/wp\/v2\/media?parent=236077"}],"wp:term":[{"taxonomy":"category","embeddable":true,"href":"https:\/\/franciscanos.org.br\/noticias\/wp-json\/wp\/v2\/categories?post=236077"},{"taxonomy":"post_tag","embeddable":true,"href":"https:\/\/franciscanos.org.br\/noticias\/wp-json\/wp\/v2\/tags?post=236077"}],"curies":[{"name":"wp","href":"https:\/\/api.w.org\/{rel}","templated":true}]}}