{"id":236035,"date":"2022-01-16T10:21:38","date_gmt":"2022-01-16T13:21:38","guid":{"rendered":"https:\/\/franciscanos.org.br\/noticias\/?p=236035"},"modified":"2023-01-03T14:46:24","modified_gmt":"2023-01-03T17:46:24","slug":"um-dia-historico-no-noviciado-de-rodeio","status":"publish","type":"post","link":"https:\/\/franciscanos.org.br\/noticias\/um-dia-historico-no-noviciado-de-rodeio.html","title":{"rendered":"Um dia hist\u00f3rico no Noviciado de Rodeio"},"content":{"rendered":"<p><img loading=\"lazy\" class=\"alignnone size-full wp-image-236036\" src=\"https:\/\/franciscanos.org.br\/noticias\/wp-content\/uploads\/2022\/01\/rodeio_1601_3.jpg\" alt=\"\" width=\"1280\" height=\"720\" srcset=\"https:\/\/franciscanos.org.br\/noticias\/wp-content\/uploads\/2022\/01\/rodeio_1601_3.jpg 1280w, https:\/\/franciscanos.org.br\/noticias\/wp-content\/uploads\/2022\/01\/rodeio_1601_3-450x253.jpg 450w, https:\/\/franciscanos.org.br\/noticias\/wp-content\/uploads\/2022\/01\/rodeio_1601_3-1024x576.jpg 1024w, https:\/\/franciscanos.org.br\/noticias\/wp-content\/uploads\/2022\/01\/rodeio_1601_3-768x432.jpg 768w, https:\/\/franciscanos.org.br\/noticias\/wp-content\/uploads\/2022\/01\/rodeio_1601_3-150x84.jpg 150w\" sizes=\"(max-width: 1280px) 100vw, 1280px\" \/><\/p>\n<p><strong>\u00a0<\/strong><strong>Rodeio (SC)<\/strong> &#8211; O Noviciado Franciscano de Rodeio (SC), viveu neste s\u00e1bado (15\/01) um dia hist\u00f3rico em seus mais de 120 anos de funda\u00e7\u00e3o (15 de junho de 1900). Como definiu o Ministro Provincial, Frei Paulo Pereira, a partir deste ano n\u00e3o \u00e9 mais o Noviciado da Prov\u00edncia da Imaculada Concei\u00e7\u00e3o que tem in\u00edcio, mas o Noviciado que vai acolher os jovens neste tempo da forma\u00e7\u00e3o da Confer\u00eancia dos Frades Menores do Brasil e do Cone Sul.<\/p>\n<p>Essa experi\u00eancia teve beleza, simbolismo e simplicidade na manh\u00e3 deste s\u00e1bado, quando se iniciou com a Celebra\u00e7\u00e3o Eucar\u00edstica, \u00e0s 6h30, e na sequ\u00eancia a Ora\u00e7\u00e3o das <em>Laudes<\/em>, com o rito de Admiss\u00e3o dos Novi\u00e7os 2022. Treze jovens foram acolhidos num clima de muita alegria: Almiro Luna Xavier, Erick Eduardo dos Santos, Felipe Miguel Fiamoncini, Felipe Zaros Granusso, Filipo Carpi Gir\u00e3o, Francisco Barbosa Mouzinho Junior, Lucas Alfredo Teston, Paulo Vitor da Silva, Samuel Cavalcanti do Amaral, Vilmar Jos\u00e9 Bittencourt J\u00fanior e Yure de Oliveira Telles Souza, da Prov\u00edncia da Imaculada; Evandro Siqueira, da Prov\u00edncia S\u00e3o Francisco de Assis (RS); e Mateo Esteban Martinez Mikulic, da Prov\u00edncia Argentina S\u00e3o Francisco Solano.<\/p>\n<p><img loading=\"lazy\" class=\"alignnone wp-image-236037 size-full\" src=\"https:\/\/franciscanos.org.br\/noticias\/wp-content\/uploads\/2022\/01\/rodeio_dest_1601.jpg\" alt=\"\" width=\"1565\" height=\"1382\" srcset=\"https:\/\/franciscanos.org.br\/noticias\/wp-content\/uploads\/2022\/01\/rodeio_dest_1601.jpg 1565w, https:\/\/franciscanos.org.br\/noticias\/wp-content\/uploads\/2022\/01\/rodeio_dest_1601-450x397.jpg 450w, https:\/\/franciscanos.org.br\/noticias\/wp-content\/uploads\/2022\/01\/rodeio_dest_1601-1024x904.jpg 1024w, https:\/\/franciscanos.org.br\/noticias\/wp-content\/uploads\/2022\/01\/rodeio_dest_1601-768x678.jpg 768w, https:\/\/franciscanos.org.br\/noticias\/wp-content\/uploads\/2022\/01\/rodeio_dest_1601-1536x1356.jpg 1536w, https:\/\/franciscanos.org.br\/noticias\/wp-content\/uploads\/2022\/01\/rodeio_dest_1601-150x132.jpg 150w\" sizes=\"(max-width: 1565px) 100vw, 1565px\" \/><\/p>\n<p>Presente na celebra\u00e7\u00e3o, representando a Prov\u00edncia S\u00e3o Francisco de Assis, o Ministro Provincial Frei Marino Pedro Rhoden, e representando a Prov\u00edncia S\u00e3o Francisco Solano, o Secret\u00e1rio da Forma\u00e7\u00e3o e Estudos, Frei Fernando Ferrario. Este momento de acolhida teve in\u00edcio quando o Mestre do Postulantado, Frei Walter de Carvalho J\u00fanior, que acompanhou esta turma durante o ano de 2021, em Guaratinguet\u00e1-SP, chamou um a um os novi\u00e7os, que responderam: &#8220;Eis-me aqui!&#8221;. Eles, ent\u00e3o, fizeram o pedido ao Ministro Provincial, e foram aceitos. Em seguida, num dos momentos mais belos e significativos da cerim\u00f4nia, o Ministro Provincial aben\u00e7oou os h\u00e1bitos e os entregou a cada um. As vestes da prova\u00e7\u00e3o s\u00e3o talhadas em forma de cruz, em sinal de maior ades\u00e3o ao seguimento de Cristo. Com ajuda de um grande n\u00famero de frades que veio a Rodeio para esta celebra\u00e7\u00e3o, os novi\u00e7os vestiram os h\u00e1bitos na sacristia e retornaram ao presbit\u00e9rio da Igreja S\u00e3o Francisco de Assis, onde assinaram o livro de Atas de Admiss\u00e3o ao Noviciado da Ordem dos Frades Menores. A ora\u00e7\u00e3o terminou com a b\u00ean\u00e7\u00e3o de S\u00e3o Francisco.<\/p>\n<p style=\"text-align: center;\"><strong>\u00a0 \u00a0 \u00a0 \u00a0 \u00a0 \u00a0 \u00a0 \u00a0 \u00a0 \u00a0 \u00a0 \u00a0 \u00a0 \u00a0 \u00a0 \u00a0 \u00a0 PRESBIT\u00c9RIO ANTES DA VESTI\u00c7\u00c3O<\/strong><\/p>\n<p><img loading=\"lazy\" class=\"alignnone wp-image-236039 size-full\" src=\"https:\/\/franciscanos.org.br\/noticias\/wp-content\/uploads\/2022\/01\/rodeio_antes.jpg\" alt=\"\" width=\"1280\" height=\"853\" srcset=\"https:\/\/franciscanos.org.br\/noticias\/wp-content\/uploads\/2022\/01\/rodeio_antes.jpg 1280w, https:\/\/franciscanos.org.br\/noticias\/wp-content\/uploads\/2022\/01\/rodeio_antes-450x300.jpg 450w, https:\/\/franciscanos.org.br\/noticias\/wp-content\/uploads\/2022\/01\/rodeio_antes-1024x682.jpg 1024w, https:\/\/franciscanos.org.br\/noticias\/wp-content\/uploads\/2022\/01\/rodeio_antes-768x512.jpg 768w, https:\/\/franciscanos.org.br\/noticias\/wp-content\/uploads\/2022\/01\/rodeio_antes-150x100.jpg 150w\" sizes=\"(max-width: 1280px) 100vw, 1280px\" \/><\/p>\n<p style=\"text-align: center;\"><strong>\u00a0PRESBIT\u00c9RIO DEPOIS DA VESTI\u00c7\u00c3O<\/strong><\/p>\n<p><img loading=\"lazy\" class=\"alignnone wp-image-236040 size-full\" src=\"https:\/\/franciscanos.org.br\/noticias\/wp-content\/uploads\/2022\/01\/rodeio_1601_55.jpg\" alt=\"\" width=\"1843\" height=\"1382\" srcset=\"https:\/\/franciscanos.org.br\/noticias\/wp-content\/uploads\/2022\/01\/rodeio_1601_55.jpg 1843w, https:\/\/franciscanos.org.br\/noticias\/wp-content\/uploads\/2022\/01\/rodeio_1601_55-450x337.jpg 450w, https:\/\/franciscanos.org.br\/noticias\/wp-content\/uploads\/2022\/01\/rodeio_1601_55-1024x768.jpg 1024w, https:\/\/franciscanos.org.br\/noticias\/wp-content\/uploads\/2022\/01\/rodeio_1601_55-768x576.jpg 768w, https:\/\/franciscanos.org.br\/noticias\/wp-content\/uploads\/2022\/01\/rodeio_1601_55-1536x1152.jpg 1536w, https:\/\/franciscanos.org.br\/noticias\/wp-content\/uploads\/2022\/01\/rodeio_1601_55-150x112.jpg 150w, https:\/\/franciscanos.org.br\/noticias\/wp-content\/uploads\/2022\/01\/rodeio_1601_55-600x450.jpg 600w\" sizes=\"(max-width: 1843px) 100vw, 1843px\" \/><\/p>\n<p>No final deste ano, esses novi\u00e7os estar\u00e3o aptos para fazer a Primeira Profiss\u00e3o na Ordem Franciscana. No h\u00e1bito que agora vestem, o cord\u00e3o ainda n\u00e3o tem os tr\u00eas n\u00f3s, que simbolizam os conselhos evang\u00e9licos (obedi\u00eancia, pobreza e castidade). Esse h\u00e1bito \u00e9 tempor\u00e1rio e eles ganhar\u00e3o o definitivo na Primeira Profiss\u00e3o, quando conclu\u00edrem este tempo de prova\u00e7\u00e3o.<\/p>\n<p>A partir desta celebra\u00e7\u00e3o, esses jovens est\u00e3o sob a orienta\u00e7\u00e3o do novo Mestre Frei Samuel Ferreira de Lima e da Fraternidade do Noviciado. Frei Samuel, depois de ser mestre por nove anos no Noviciado, retorna a esta miss\u00e3o.<\/p>\n<p><img loading=\"lazy\" class=\"alignnone wp-image-236041 size-full\" src=\"https:\/\/franciscanos.org.br\/noticias\/wp-content\/uploads\/2022\/01\/rodeio_1601_9.jpg\" alt=\"\" width=\"1843\" height=\"1382\" srcset=\"https:\/\/franciscanos.org.br\/noticias\/wp-content\/uploads\/2022\/01\/rodeio_1601_9.jpg 1843w, https:\/\/franciscanos.org.br\/noticias\/wp-content\/uploads\/2022\/01\/rodeio_1601_9-450x337.jpg 450w, https:\/\/franciscanos.org.br\/noticias\/wp-content\/uploads\/2022\/01\/rodeio_1601_9-1024x768.jpg 1024w, https:\/\/franciscanos.org.br\/noticias\/wp-content\/uploads\/2022\/01\/rodeio_1601_9-768x576.jpg 768w, https:\/\/franciscanos.org.br\/noticias\/wp-content\/uploads\/2022\/01\/rodeio_1601_9-1536x1152.jpg 1536w, https:\/\/franciscanos.org.br\/noticias\/wp-content\/uploads\/2022\/01\/rodeio_1601_9-150x112.jpg 150w, https:\/\/franciscanos.org.br\/noticias\/wp-content\/uploads\/2022\/01\/rodeio_1601_9-600x450.jpg 600w\" sizes=\"(max-width: 1843px) 100vw, 1843px\" \/><\/p>\n<p><strong>A EXORTA\u00c7\u00c3O DE FREI PAULO<\/strong><\/p>\n<p>Os textos b\u00edblicos escolhidos para a Eucaristia deste dia s\u00e3o sinais evidentes do cuidado de Deus por n\u00f3s. Ao celebrar o in\u00edcio do ano do noviciado fomos brindados com o trecho do Primeiro livro de Samuel (1Sm 9,2-10) que relata a un\u00e7\u00e3o de Saul. Ele havia sido incumbido por seu pai de ir ao campo encontrar as jumentas que se tinham dispersado. Determinado, Saul se dedica \u00e0 tarefa recebida, mas n\u00e3o logra \u00eaxito. No entanto, no decorrer da miss\u00e3o se encontra com Samuel que o identifica como o escolhido pelo Senhor para reinar sobre o povo. Saul ent\u00e3o \u00e9 ungido pelo profeta e se torna rei.<\/p>\n<p>A partir do relato b\u00edblico torna-se evidente que devemos ter nosso olhar focado na miss\u00e3o que recebemos; a ela devemos nos dedicar com empenho e determina\u00e7\u00e3o. \u00c9 isso que nos cabe e exige nosso esfor\u00e7o. Entretanto, n\u00e3o podemos resistir se no caminho o olhar de Deus nos encontrar e nos indicar outra dire\u00e7\u00e3o. Deus nos conhece, sabe das nossas fragilidades e potencialidades tamb\u00e9m, cuida de n\u00f3s com zelo, nele podemos confiar. Assim como Saul, podemos sair pelos campos a procurar jumentas perdidas e, ao voltar, traremos conosco a un\u00e7\u00e3o e a realeza, escolha de Deus para n\u00f3s.<\/p>\n<p>O texto do Evangelho (Mc 2, 13-17) narra a voca\u00e7\u00e3o de Mateus; mais que isso, o trecho selecionado fala da escolha de Jesus e essa \u00e9 a \u00eanfase que quero dar. Jesus \u00e9 quem escolhe e diz: \u201csegue-me\u201d. Jesus tem escolhas claras. N\u00f3s, que ousamos fazer escolhas a partir das escolhas de Jesus, tamb\u00e9m devemos ter a mesma clareza. O mestre de Nazar\u00e9 afirma: \u201cN\u00e3o s\u00e3o os s\u00e3os que precisam de m\u00e9dico\u201d. Essa afirma\u00e7\u00e3o n\u00e3o pode ser esquecida: estar ao lado dos doentes, dos pecadores, dos fr\u00e1geis&#8230; essa \u00e9 a escolha de Jesus e dever\u00e1 ser tamb\u00e9m a nossa. S\u00f3 assim nossa op\u00e7\u00e3o pela vida religiosa, pela vida religiosa franciscana, ter\u00e1 sentido.<\/p>\n<p style=\"text-align: center;\"><strong>A ENTREGA DO H\u00c1BITO FRANCISCANO<\/strong><\/p>\n<p><img loading=\"lazy\" class=\"alignnone wp-image-236042 size-full\" src=\"https:\/\/franciscanos.org.br\/noticias\/wp-content\/uploads\/2022\/01\/rodeio_1601_7.jpg\" alt=\"\" width=\"1512\" height=\"1032\" srcset=\"https:\/\/franciscanos.org.br\/noticias\/wp-content\/uploads\/2022\/01\/rodeio_1601_7.jpg 1512w, https:\/\/franciscanos.org.br\/noticias\/wp-content\/uploads\/2022\/01\/rodeio_1601_7-450x307.jpg 450w, https:\/\/franciscanos.org.br\/noticias\/wp-content\/uploads\/2022\/01\/rodeio_1601_7-1024x699.jpg 1024w, https:\/\/franciscanos.org.br\/noticias\/wp-content\/uploads\/2022\/01\/rodeio_1601_7-768x524.jpg 768w, https:\/\/franciscanos.org.br\/noticias\/wp-content\/uploads\/2022\/01\/rodeio_1601_7-150x102.jpg 150w\" sizes=\"(max-width: 1512px) 100vw, 1512px\" \/><\/p>\n<p style=\"text-align: center;\"><strong>\u00a0 \u00a0 \u00a0 \u00a0 \u00a0 \u00a0 \u00a0NA SACRISTIA, CONFRADES AJUDAM NOVI\u00c7OS NA VESTI\u00c7\u00c3O\u00a0\u00a0<\/strong><\/p>\n<p><img loading=\"lazy\" class=\"alignnone wp-image-236043 size-full\" src=\"https:\/\/franciscanos.org.br\/noticias\/wp-content\/uploads\/2022\/01\/rodeio_1601_6.jpg\" alt=\"\" width=\"1843\" height=\"1382\" srcset=\"https:\/\/franciscanos.org.br\/noticias\/wp-content\/uploads\/2022\/01\/rodeio_1601_6.jpg 1843w, https:\/\/franciscanos.org.br\/noticias\/wp-content\/uploads\/2022\/01\/rodeio_1601_6-450x337.jpg 450w, https:\/\/franciscanos.org.br\/noticias\/wp-content\/uploads\/2022\/01\/rodeio_1601_6-1024x768.jpg 1024w, https:\/\/franciscanos.org.br\/noticias\/wp-content\/uploads\/2022\/01\/rodeio_1601_6-768x576.jpg 768w, https:\/\/franciscanos.org.br\/noticias\/wp-content\/uploads\/2022\/01\/rodeio_1601_6-1536x1152.jpg 1536w, https:\/\/franciscanos.org.br\/noticias\/wp-content\/uploads\/2022\/01\/rodeio_1601_6-150x112.jpg 150w, https:\/\/franciscanos.org.br\/noticias\/wp-content\/uploads\/2022\/01\/rodeio_1601_6-600x450.jpg 600w\" sizes=\"(max-width: 1843px) 100vw, 1843px\" \/><\/p>\n<p>&#8220;Ser\u00e1 fecunda a nossa caminhada, n\u00f3s que j\u00e1 estamos na estrada por mais tempo, e ser\u00e1 fecunda a caminhada desses que hoje v\u00e3o iniciar o noviciado na vida franciscana se todos n\u00f3s nos ajudarmos a viver a nossa escolha, a partir da escolha clara, n\u00edtida, de Jesus, o nosso Mestre&#8221;, acrescentou.<\/p>\n<p>Frei Paulo lembrou que dois frades jubilandos v\u00e3o formar a Fraternidade deste ano. Frei Claudino Dalmago, que celebra 50 anos de vida religiosa, e Frei Miguel da Cruz, que celebra 25 anos de vida religiosa. Frei Paulo brincou dizendo que Frei Claudino fez um &#8220;postulantado de 11 anos para conseguir fazer o seu noviciado&#8221;. Frei Claudino residiu esses anos no Postulantado Frei Galv\u00e3o de Guaratinguet\u00e1 e ser\u00e1 vice-mestre agora em Rodeio.<\/p>\n\n\t\t<style type=\"text\/css\">\n\t\t\t#gallery-1 {\n\t\t\t\tmargin: auto;\n\t\t\t}\n\t\t\t#gallery-1 .gallery-item {\n\t\t\t\tfloat: left;\n\t\t\t\tmargin-top: 10px;\n\t\t\t\ttext-align: center;\n\t\t\t\twidth: 16%;\n\t\t\t}\n\t\t\t#gallery-1 img {\n\t\t\t\tborder: 2px solid #cfcfcf;\n\t\t\t}\n\t\t\t#gallery-1 .gallery-caption {\n\t\t\t\tmargin-left: 0;\n\t\t\t}\n\t\t\t\/* see gallery_shortcode() in wp-includes\/media.php *\/\n\t\t<\/style>\n\t\t<div id='gallery-1' class='gallery galleryid-236035 gallery-columns-6 gallery-size-thumbnail'><dl class='gallery-item'>\n\t\t\t<dt class='gallery-icon landscape'>\n\t\t\t\t<a href='https:\/\/franciscanos.org.br\/noticias\/wp-content\/uploads\/2022\/01\/rodeio_01.jpg'><img width=\"300\" height=\"300\" src=\"https:\/\/franciscanos.org.br\/noticias\/wp-content\/uploads\/2022\/01\/rodeio_01-300x300.jpg\" class=\"attachment-thumbnail size-thumbnail\" alt=\"\" loading=\"lazy\" srcset=\"https:\/\/franciscanos.org.br\/noticias\/wp-content\/uploads\/2022\/01\/rodeio_01-300x300.jpg 300w, https:\/\/franciscanos.org.br\/noticias\/wp-content\/uploads\/2022\/01\/rodeio_01-100x100.jpg 100w\" sizes=\"(max-width: 300px) 100vw, 300px\" \/><\/a>\n\t\t\t<\/dt><\/dl><dl class='gallery-item'>\n\t\t\t<dt class='gallery-icon landscape'>\n\t\t\t\t<a href='https:\/\/franciscanos.org.br\/noticias\/wp-content\/uploads\/2022\/01\/rodeio_02.jpg'><img width=\"300\" height=\"300\" src=\"https:\/\/franciscanos.org.br\/noticias\/wp-content\/uploads\/2022\/01\/rodeio_02-300x300.jpg\" class=\"attachment-thumbnail size-thumbnail\" alt=\"\" loading=\"lazy\" srcset=\"https:\/\/franciscanos.org.br\/noticias\/wp-content\/uploads\/2022\/01\/rodeio_02-300x300.jpg 300w, https:\/\/franciscanos.org.br\/noticias\/wp-content\/uploads\/2022\/01\/rodeio_02-100x100.jpg 100w\" sizes=\"(max-width: 300px) 100vw, 300px\" \/><\/a>\n\t\t\t<\/dt><\/dl><dl class='gallery-item'>\n\t\t\t<dt class='gallery-icon landscape'>\n\t\t\t\t<a href='https:\/\/franciscanos.org.br\/noticias\/wp-content\/uploads\/2022\/01\/rodeio_03.jpg'><img width=\"300\" height=\"300\" src=\"https:\/\/franciscanos.org.br\/noticias\/wp-content\/uploads\/2022\/01\/rodeio_03-300x300.jpg\" class=\"attachment-thumbnail size-thumbnail\" alt=\"\" loading=\"lazy\" srcset=\"https:\/\/franciscanos.org.br\/noticias\/wp-content\/uploads\/2022\/01\/rodeio_03-300x300.jpg 300w, https:\/\/franciscanos.org.br\/noticias\/wp-content\/uploads\/2022\/01\/rodeio_03-100x100.jpg 100w\" sizes=\"(max-width: 300px) 100vw, 300px\" \/><\/a>\n\t\t\t<\/dt><\/dl><dl class='gallery-item'>\n\t\t\t<dt class='gallery-icon landscape'>\n\t\t\t\t<a href='https:\/\/franciscanos.org.br\/noticias\/wp-content\/uploads\/2022\/01\/rodeio_04.jpg'><img width=\"300\" height=\"300\" src=\"https:\/\/franciscanos.org.br\/noticias\/wp-content\/uploads\/2022\/01\/rodeio_04-300x300.jpg\" class=\"attachment-thumbnail size-thumbnail\" alt=\"\" loading=\"lazy\" srcset=\"https:\/\/franciscanos.org.br\/noticias\/wp-content\/uploads\/2022\/01\/rodeio_04-300x300.jpg 300w, https:\/\/franciscanos.org.br\/noticias\/wp-content\/uploads\/2022\/01\/rodeio_04-100x100.jpg 100w\" sizes=\"(max-width: 300px) 100vw, 300px\" \/><\/a>\n\t\t\t<\/dt><\/dl><dl class='gallery-item'>\n\t\t\t<dt class='gallery-icon landscape'>\n\t\t\t\t<a href='https:\/\/franciscanos.org.br\/noticias\/wp-content\/uploads\/2022\/01\/rodeio_05.jpg'><img width=\"300\" height=\"300\" src=\"https:\/\/franciscanos.org.br\/noticias\/wp-content\/uploads\/2022\/01\/rodeio_05-300x300.jpg\" class=\"attachment-thumbnail size-thumbnail\" alt=\"\" loading=\"lazy\" srcset=\"https:\/\/franciscanos.org.br\/noticias\/wp-content\/uploads\/2022\/01\/rodeio_05-300x300.jpg 300w, https:\/\/franciscanos.org.br\/noticias\/wp-content\/uploads\/2022\/01\/rodeio_05-100x100.jpg 100w\" sizes=\"(max-width: 300px) 100vw, 300px\" \/><\/a>\n\t\t\t<\/dt><\/dl><dl class='gallery-item'>\n\t\t\t<dt class='gallery-icon landscape'>\n\t\t\t\t<a href='https:\/\/franciscanos.org.br\/noticias\/wp-content\/uploads\/2022\/01\/rodeio_06.jpg'><img width=\"300\" height=\"300\" src=\"https:\/\/franciscanos.org.br\/noticias\/wp-content\/uploads\/2022\/01\/rodeio_06-300x300.jpg\" class=\"attachment-thumbnail size-thumbnail\" alt=\"\" loading=\"lazy\" srcset=\"https:\/\/franciscanos.org.br\/noticias\/wp-content\/uploads\/2022\/01\/rodeio_06-300x300.jpg 300w, https:\/\/franciscanos.org.br\/noticias\/wp-content\/uploads\/2022\/01\/rodeio_06-100x100.jpg 100w\" sizes=\"(max-width: 300px) 100vw, 300px\" \/><\/a>\n\t\t\t<\/dt><\/dl><br style=\"clear: both\" \/>\n\t\t<\/div>\n\n<p style=\"text-align: center;\"><em>\u00a0 \u00a0 \u00a0 \u00a0 \u00a0 \u00a0 (clique nas imagens para ampli\u00e1-las)<\/em><\/p>\n<p>Segundo Frei Paulo, todo ano se repete essa cerim\u00f4nia de admiss\u00e3o e, muito mais do que qualquer outra frente de miss\u00e3o da Fraternidade, a repeti\u00e7\u00e3o \u00e9 muito evidente: repeti\u00e7\u00e3o dos ambientes, dos hor\u00e1rios, das refei\u00e7\u00f5es, dos trabalhos, das ora\u00e7\u00f5es. &#8220;Mas cada vez \u00e9 sempre novo&#8221;. Ele lembrou que o rel\u00f3gio tamb\u00e9m \u00e9 sempre repeti\u00e7\u00e3o, mas no intervalo de 24 horas acontecem &#8220;experi\u00eancias marcantes, experi\u00eancias fortes, experi\u00eancias que transformam a nossa vida&#8221;. &#8220;Acolham, irm\u00e3os novi\u00e7os, essa gra\u00e7a. \u00c9 o tempo da gra\u00e7a. O tempo cronol\u00f3gico pode ser enfadonho na repeti\u00e7\u00e3o, mas o da gra\u00e7a se d\u00e1 no vigor totalmente novo. Ent\u00e3o \u00e9 o tempo da gra\u00e7a&#8221;.<\/p>\n<p>&#8220;Os irm\u00e3os que s\u00e3o admitidos ao Noviciado s\u00e3o tamb\u00e9m os novi\u00e7os da pandemia. Muitos de voc\u00eas iniciaram a caminhada nesse tempo que desconcertou os relacionamentos no mundo inteiro. S\u00e3o os novi\u00e7os de m\u00e1scara, os novi\u00e7os da pandemia. \u00c9 uma novidade desconcertante&#8221;, situou Frei Paulo.<\/p>\n<p style=\"text-align: center;\"><strong>ASSINATURA DO LIVRO DE ATAS DO NOVICIADO<\/strong><\/p>\n\n\t\t<style type=\"text\/css\">\n\t\t\t#gallery-2 {\n\t\t\t\tmargin: auto;\n\t\t\t}\n\t\t\t#gallery-2 .gallery-item {\n\t\t\t\tfloat: left;\n\t\t\t\tmargin-top: 10px;\n\t\t\t\ttext-align: center;\n\t\t\t\twidth: 14%;\n\t\t\t}\n\t\t\t#gallery-2 img {\n\t\t\t\tborder: 2px solid #cfcfcf;\n\t\t\t}\n\t\t\t#gallery-2 .gallery-caption {\n\t\t\t\tmargin-left: 0;\n\t\t\t}\n\t\t\t\/* see gallery_shortcode() in wp-includes\/media.php *\/\n\t\t<\/style>\n\t\t<div id='gallery-2' class='gallery galleryid-236035 gallery-columns-7 gallery-size-thumbnail'><dl class='gallery-item'>\n\t\t\t<dt class='gallery-icon landscape'>\n\t\t\t\t<a href='https:\/\/franciscanos.org.br\/noticias\/wp-content\/uploads\/2022\/01\/01_rodeio.jpg'><img width=\"300\" height=\"300\" src=\"https:\/\/franciscanos.org.br\/noticias\/wp-content\/uploads\/2022\/01\/01_rodeio-300x300.jpg\" class=\"attachment-thumbnail size-thumbnail\" alt=\"\" loading=\"lazy\" aria-describedby=\"gallery-2-236054\" srcset=\"https:\/\/franciscanos.org.br\/noticias\/wp-content\/uploads\/2022\/01\/01_rodeio-300x300.jpg 300w, https:\/\/franciscanos.org.br\/noticias\/wp-content\/uploads\/2022\/01\/01_rodeio-100x100.jpg 100w\" sizes=\"(max-width: 300px) 100vw, 300px\" \/><\/a>\n\t\t\t<\/dt>\n\t\t\t\t<dd class='wp-caption-text gallery-caption' id='gallery-2-236054'>\n\t\t\t\tFrei Mateo\n\t\t\t\t<\/dd><\/dl><dl class='gallery-item'>\n\t\t\t<dt class='gallery-icon landscape'>\n\t\t\t\t<a href='https:\/\/franciscanos.org.br\/noticias\/wp-content\/uploads\/2022\/01\/02_rodeio.jpg'><img width=\"300\" height=\"300\" src=\"https:\/\/franciscanos.org.br\/noticias\/wp-content\/uploads\/2022\/01\/02_rodeio-300x300.jpg\" class=\"attachment-thumbnail size-thumbnail\" alt=\"\" loading=\"lazy\" aria-describedby=\"gallery-2-236055\" srcset=\"https:\/\/franciscanos.org.br\/noticias\/wp-content\/uploads\/2022\/01\/02_rodeio-300x300.jpg 300w, https:\/\/franciscanos.org.br\/noticias\/wp-content\/uploads\/2022\/01\/02_rodeio-100x100.jpg 100w\" sizes=\"(max-width: 300px) 100vw, 300px\" \/><\/a>\n\t\t\t<\/dt>\n\t\t\t\t<dd class='wp-caption-text gallery-caption' id='gallery-2-236055'>\n\t\t\t\tFrei Evandro\n\t\t\t\t<\/dd><\/dl><dl class='gallery-item'>\n\t\t\t<dt class='gallery-icon landscape'>\n\t\t\t\t<a href='https:\/\/franciscanos.org.br\/noticias\/wp-content\/uploads\/2022\/01\/03_rodeio.jpg'><img width=\"300\" height=\"300\" src=\"https:\/\/franciscanos.org.br\/noticias\/wp-content\/uploads\/2022\/01\/03_rodeio-300x300.jpg\" class=\"attachment-thumbnail size-thumbnail\" alt=\"\" loading=\"lazy\" aria-describedby=\"gallery-2-236056\" srcset=\"https:\/\/franciscanos.org.br\/noticias\/wp-content\/uploads\/2022\/01\/03_rodeio-300x300.jpg 300w, https:\/\/franciscanos.org.br\/noticias\/wp-content\/uploads\/2022\/01\/03_rodeio-100x100.jpg 100w\" sizes=\"(max-width: 300px) 100vw, 300px\" \/><\/a>\n\t\t\t<\/dt>\n\t\t\t\t<dd class='wp-caption-text gallery-caption' id='gallery-2-236056'>\n\t\t\t\tFrei Yure\n\t\t\t\t<\/dd><\/dl><dl class='gallery-item'>\n\t\t\t<dt class='gallery-icon landscape'>\n\t\t\t\t<a href='https:\/\/franciscanos.org.br\/noticias\/wp-content\/uploads\/2022\/01\/04_rodeio.jpg'><img width=\"300\" height=\"300\" src=\"https:\/\/franciscanos.org.br\/noticias\/wp-content\/uploads\/2022\/01\/04_rodeio-300x300.jpg\" class=\"attachment-thumbnail size-thumbnail\" alt=\"\" loading=\"lazy\" aria-describedby=\"gallery-2-236057\" srcset=\"https:\/\/franciscanos.org.br\/noticias\/wp-content\/uploads\/2022\/01\/04_rodeio-300x300.jpg 300w, https:\/\/franciscanos.org.br\/noticias\/wp-content\/uploads\/2022\/01\/04_rodeio-100x100.jpg 100w\" sizes=\"(max-width: 300px) 100vw, 300px\" \/><\/a>\n\t\t\t<\/dt>\n\t\t\t\t<dd class='wp-caption-text gallery-caption' id='gallery-2-236057'>\n\t\t\t\tFrei Vilmar\n\t\t\t\t<\/dd><\/dl><dl class='gallery-item'>\n\t\t\t<dt class='gallery-icon landscape'>\n\t\t\t\t<a href='https:\/\/franciscanos.org.br\/noticias\/wp-content\/uploads\/2022\/01\/05_rodeio.jpg'><img width=\"300\" height=\"300\" src=\"https:\/\/franciscanos.org.br\/noticias\/wp-content\/uploads\/2022\/01\/05_rodeio-300x300.jpg\" class=\"attachment-thumbnail size-thumbnail\" alt=\"\" loading=\"lazy\" aria-describedby=\"gallery-2-236058\" srcset=\"https:\/\/franciscanos.org.br\/noticias\/wp-content\/uploads\/2022\/01\/05_rodeio-300x300.jpg 300w, https:\/\/franciscanos.org.br\/noticias\/wp-content\/uploads\/2022\/01\/05_rodeio-100x100.jpg 100w\" sizes=\"(max-width: 300px) 100vw, 300px\" \/><\/a>\n\t\t\t<\/dt>\n\t\t\t\t<dd class='wp-caption-text gallery-caption' id='gallery-2-236058'>\n\t\t\t\tFrei Samuel\n\t\t\t\t<\/dd><\/dl><dl class='gallery-item'>\n\t\t\t<dt class='gallery-icon landscape'>\n\t\t\t\t<a href='https:\/\/franciscanos.org.br\/noticias\/wp-content\/uploads\/2022\/01\/06_rodeio.jpg'><img width=\"300\" height=\"300\" src=\"https:\/\/franciscanos.org.br\/noticias\/wp-content\/uploads\/2022\/01\/06_rodeio-300x300.jpg\" class=\"attachment-thumbnail size-thumbnail\" alt=\"\" loading=\"lazy\" aria-describedby=\"gallery-2-236059\" srcset=\"https:\/\/franciscanos.org.br\/noticias\/wp-content\/uploads\/2022\/01\/06_rodeio-300x300.jpg 300w, https:\/\/franciscanos.org.br\/noticias\/wp-content\/uploads\/2022\/01\/06_rodeio-100x100.jpg 100w\" sizes=\"(max-width: 300px) 100vw, 300px\" \/><\/a>\n\t\t\t<\/dt>\n\t\t\t\t<dd class='wp-caption-text gallery-caption' id='gallery-2-236059'>\n\t\t\t\tFrei Paulo\n\t\t\t\t<\/dd><\/dl><dl class='gallery-item'>\n\t\t\t<dt class='gallery-icon landscape'>\n\t\t\t\t<a href='https:\/\/franciscanos.org.br\/noticias\/wp-content\/uploads\/2022\/01\/07_rodeio.jpg'><img width=\"300\" height=\"300\" src=\"https:\/\/franciscanos.org.br\/noticias\/wp-content\/uploads\/2022\/01\/07_rodeio-300x300.jpg\" class=\"attachment-thumbnail size-thumbnail\" alt=\"\" loading=\"lazy\" aria-describedby=\"gallery-2-236060\" srcset=\"https:\/\/franciscanos.org.br\/noticias\/wp-content\/uploads\/2022\/01\/07_rodeio-300x300.jpg 300w, https:\/\/franciscanos.org.br\/noticias\/wp-content\/uploads\/2022\/01\/07_rodeio-100x100.jpg 100w\" sizes=\"(max-width: 300px) 100vw, 300px\" \/><\/a>\n\t\t\t<\/dt>\n\t\t\t\t<dd class='wp-caption-text gallery-caption' id='gallery-2-236060'>\n\t\t\t\tFrei Lucas\n\t\t\t\t<\/dd><\/dl><br style=\"clear: both\" \/><dl class='gallery-item'>\n\t\t\t<dt class='gallery-icon landscape'>\n\t\t\t\t<a href='https:\/\/franciscanos.org.br\/noticias\/wp-content\/uploads\/2022\/01\/08_rodeio.jpg'><img width=\"300\" height=\"300\" src=\"https:\/\/franciscanos.org.br\/noticias\/wp-content\/uploads\/2022\/01\/08_rodeio-300x300.jpg\" class=\"attachment-thumbnail size-thumbnail\" alt=\"\" loading=\"lazy\" aria-describedby=\"gallery-2-236061\" srcset=\"https:\/\/franciscanos.org.br\/noticias\/wp-content\/uploads\/2022\/01\/08_rodeio-300x300.jpg 300w, https:\/\/franciscanos.org.br\/noticias\/wp-content\/uploads\/2022\/01\/08_rodeio-100x100.jpg 100w\" sizes=\"(max-width: 300px) 100vw, 300px\" \/><\/a>\n\t\t\t<\/dt>\n\t\t\t\t<dd class='wp-caption-text gallery-caption' id='gallery-2-236061'>\n\t\t\t\tFrei Francisco\n\t\t\t\t<\/dd><\/dl><dl class='gallery-item'>\n\t\t\t<dt class='gallery-icon landscape'>\n\t\t\t\t<a href='https:\/\/franciscanos.org.br\/noticias\/wp-content\/uploads\/2022\/01\/09_rodeio.jpg'><img width=\"300\" height=\"300\" src=\"https:\/\/franciscanos.org.br\/noticias\/wp-content\/uploads\/2022\/01\/09_rodeio-300x300.jpg\" class=\"attachment-thumbnail size-thumbnail\" alt=\"\" loading=\"lazy\" aria-describedby=\"gallery-2-236062\" srcset=\"https:\/\/franciscanos.org.br\/noticias\/wp-content\/uploads\/2022\/01\/09_rodeio-300x300.jpg 300w, https:\/\/franciscanos.org.br\/noticias\/wp-content\/uploads\/2022\/01\/09_rodeio-100x100.jpg 100w\" sizes=\"(max-width: 300px) 100vw, 300px\" \/><\/a>\n\t\t\t<\/dt>\n\t\t\t\t<dd class='wp-caption-text gallery-caption' id='gallery-2-236062'>\n\t\t\t\tFrei Filipo\n\t\t\t\t<\/dd><\/dl><dl class='gallery-item'>\n\t\t\t<dt class='gallery-icon landscape'>\n\t\t\t\t<a href='https:\/\/franciscanos.org.br\/noticias\/wp-content\/uploads\/2022\/01\/010_rodeio.jpg'><img width=\"300\" height=\"300\" src=\"https:\/\/franciscanos.org.br\/noticias\/wp-content\/uploads\/2022\/01\/010_rodeio-300x300.jpg\" class=\"attachment-thumbnail size-thumbnail\" alt=\"\" loading=\"lazy\" aria-describedby=\"gallery-2-236063\" srcset=\"https:\/\/franciscanos.org.br\/noticias\/wp-content\/uploads\/2022\/01\/010_rodeio-300x300.jpg 300w, https:\/\/franciscanos.org.br\/noticias\/wp-content\/uploads\/2022\/01\/010_rodeio-100x100.jpg 100w\" sizes=\"(max-width: 300px) 100vw, 300px\" \/><\/a>\n\t\t\t<\/dt>\n\t\t\t\t<dd class='wp-caption-text gallery-caption' id='gallery-2-236063'>\n\t\t\t\tFrei Zaros\n\t\t\t\t<\/dd><\/dl><dl class='gallery-item'>\n\t\t\t<dt class='gallery-icon landscape'>\n\t\t\t\t<a href='https:\/\/franciscanos.org.br\/noticias\/wp-content\/uploads\/2022\/01\/011_rodeio.jpg'><img width=\"300\" height=\"300\" src=\"https:\/\/franciscanos.org.br\/noticias\/wp-content\/uploads\/2022\/01\/011_rodeio-300x300.jpg\" class=\"attachment-thumbnail size-thumbnail\" alt=\"\" loading=\"lazy\" aria-describedby=\"gallery-2-236064\" srcset=\"https:\/\/franciscanos.org.br\/noticias\/wp-content\/uploads\/2022\/01\/011_rodeio-300x300.jpg 300w, https:\/\/franciscanos.org.br\/noticias\/wp-content\/uploads\/2022\/01\/011_rodeio-100x100.jpg 100w\" sizes=\"(max-width: 300px) 100vw, 300px\" \/><\/a>\n\t\t\t<\/dt>\n\t\t\t\t<dd class='wp-caption-text gallery-caption' id='gallery-2-236064'>\n\t\t\t\tFrei Felipe\n\t\t\t\t<\/dd><\/dl><dl class='gallery-item'>\n\t\t\t<dt class='gallery-icon landscape'>\n\t\t\t\t<a href='https:\/\/franciscanos.org.br\/noticias\/wp-content\/uploads\/2022\/01\/012_rodeio.jpg'><img width=\"300\" height=\"300\" src=\"https:\/\/franciscanos.org.br\/noticias\/wp-content\/uploads\/2022\/01\/012_rodeio-300x300.jpg\" class=\"attachment-thumbnail size-thumbnail\" alt=\"\" loading=\"lazy\" aria-describedby=\"gallery-2-236065\" srcset=\"https:\/\/franciscanos.org.br\/noticias\/wp-content\/uploads\/2022\/01\/012_rodeio-300x300.jpg 300w, https:\/\/franciscanos.org.br\/noticias\/wp-content\/uploads\/2022\/01\/012_rodeio-100x100.jpg 100w\" sizes=\"(max-width: 300px) 100vw, 300px\" \/><\/a>\n\t\t\t<\/dt>\n\t\t\t\t<dd class='wp-caption-text gallery-caption' id='gallery-2-236065'>\n\t\t\t\tFrei Erick\n\t\t\t\t<\/dd><\/dl><dl class='gallery-item'>\n\t\t\t<dt class='gallery-icon landscape'>\n\t\t\t\t<a href='https:\/\/franciscanos.org.br\/noticias\/wp-content\/uploads\/2022\/01\/013_rodeio.jpg'><img width=\"300\" height=\"300\" src=\"https:\/\/franciscanos.org.br\/noticias\/wp-content\/uploads\/2022\/01\/013_rodeio-300x300.jpg\" class=\"attachment-thumbnail size-thumbnail\" alt=\"\" loading=\"lazy\" aria-describedby=\"gallery-2-236066\" srcset=\"https:\/\/franciscanos.org.br\/noticias\/wp-content\/uploads\/2022\/01\/013_rodeio-300x300.jpg 300w, https:\/\/franciscanos.org.br\/noticias\/wp-content\/uploads\/2022\/01\/013_rodeio-100x100.jpg 100w\" sizes=\"(max-width: 300px) 100vw, 300px\" \/><\/a>\n\t\t\t<\/dt>\n\t\t\t\t<dd class='wp-caption-text gallery-caption' id='gallery-2-236066'>\n\t\t\t\tFrei Almiro\n\t\t\t\t<\/dd><\/dl>\n\t\t\t<br style='clear: both' \/>\n\t\t<\/div>\n\n<p style=\"text-align: center;\"><em>\u00a0(clique nas imagens para ampli\u00e1-las)<\/em><\/p>\n<p>Segundo ele, numa entrevista do ex-presidente do Uruguai, Jos\u00e9 Mujica, um grande humanista e uma grande lideran\u00e7a latino-americana, dizia que o ano de 2021 foi o do fim da humanidade. &#8220;A pandemia que poderia ter sido um evento de restaura\u00e7\u00e3o da ess\u00eancia do ser humano, porque foi um problema de dimens\u00f5es universais, que atingiu a todos, negros, brancos, amarelos e que atingiu todos os pa\u00edses do mundo, ricos e pobres. Sofremos na mesma intensidade da doen\u00e7a. Ent\u00e3o, a partir disso poderia ter surgido uma humanidade nova, um novo jeito de organizar a vida no planeta. Jogamos fora esta oportunidade. Ainda que com sinais evidentes de solidariedade, aqui e acol\u00e1, os sinais importantes de cuidado pela natureza, sobretudo pela vida humana, jogamos fora essa oportunidade e sobrou aos pobres a morte. Sobrou aos pa\u00edses pobres a recess\u00e3o. Sobrou a n\u00f3s, brasileiros, a triste marca de mais de 600 mil vidas perdidas. Ent\u00e3o, ele dizia que a humanidade faliu, acabou. Mas, certamente, ele n\u00e3o v\u00ea o mundo com esse olhar pessimista e n\u00f3s n\u00e3o podemos ter esse olhar de fal\u00eancia. Sim, quanto maior for a escurid\u00e3o, mais n\u00edtida dever\u00e1 ser a busca do nosso olhar. E por isso me alegro pela decis\u00e3o de voc\u00eas, novi\u00e7os da pandemia, n\u00e3o pela fal\u00eancia do mundo, mas pelo revigoramento do desejo do ser humano. A partir de Jesus Cristo e de suas a\u00e7\u00f5es, a partir da gra\u00e7a desse tempo que estamos vivendo. Ent\u00e3o, n\u00f3s nos alegramos todos, tenho certeza e a Prov\u00edncia de S\u00e3o Francisco Solano e a Prov\u00edncia de S\u00e3o Francisco de Assis, as Prov\u00edncias de nossa Confer\u00eancia Brasileira e do Cone Sul hoje t\u00eam os olhos voltados para Rodeio e se deixam revigorar pela decis\u00e3o vocacional que voc\u00eas est\u00e3o assumindo. Recebam a nossa gratid\u00e3o&#8221;, completou.<\/p>\n<p><img loading=\"lazy\" class=\"alignnone wp-image-236050 size-full\" src=\"https:\/\/franciscanos.org.br\/noticias\/wp-content\/uploads\/2022\/01\/rodeio_fraternidade_1601.jpg\" alt=\"\" width=\"1280\" height=\"853\" srcset=\"https:\/\/franciscanos.org.br\/noticias\/wp-content\/uploads\/2022\/01\/rodeio_fraternidade_1601.jpg 1280w, https:\/\/franciscanos.org.br\/noticias\/wp-content\/uploads\/2022\/01\/rodeio_fraternidade_1601-450x300.jpg 450w, https:\/\/franciscanos.org.br\/noticias\/wp-content\/uploads\/2022\/01\/rodeio_fraternidade_1601-1024x682.jpg 1024w, https:\/\/franciscanos.org.br\/noticias\/wp-content\/uploads\/2022\/01\/rodeio_fraternidade_1601-768x512.jpg 768w, https:\/\/franciscanos.org.br\/noticias\/wp-content\/uploads\/2022\/01\/rodeio_fraternidade_1601-150x100.jpg 150w\" sizes=\"(max-width: 1280px) 100vw, 1280px\" \/><\/p>\n<p><strong>O MESTRE QUE CAMINHA JUNTO<\/strong><\/p>\n<p>No final da celebra\u00e7\u00e3o, Frei Paulo entregou os novi\u00e7os aos cuidados do Mestre Frei Samuel e da Fraternidade, composta por Frei Josemberg Aranha, o guardi\u00e3o; Frei Miguel da Cruz, o p\u00e1roco; Frei Claudino Dal&#8217;Mago, vice-mestre; Frei Jos\u00e9 Bertoldi, atendente conventual.<\/p>\n<p>Frei Samuel n\u00e3o esperava ser chamado para esta miss\u00e3o que cumpriu de 2010 a 2018. &#8220;Ainda estou meio anestesiado&#8221;, contou. Mas ele est\u00e1 pronto para viver esta nova experi\u00eancia, tendo em vista o &#8220;noviciado interprovincial&#8221;. &#8220;Ser\u00e1 um tempo de aprendizado. A gente vai conversar com as outras entidades para construir um itiner\u00e1rio conjunto. Vamos dizer assim que \u00e9 uma experi\u00eancia-piloto, onde vamos aprendendo a aproximar o que \u00e9 que \u00e9 comum nas entidades provinciais para fazer um caminho \u00fanico. Ent\u00e3o, sinto-me assim um pouco aprendiz&#8221;, disse, mas reconhece que a experi\u00eancia adquirida o deixa mais tranquilo, al\u00e9m de destacar a import\u00e2ncia da equipe formadora do Noviciado.<\/p>\n<p>Com esses anos de caminhada, Frei Samuel define o papel do mestre de maneira muito simples: &#8220;Ele \u00e9 aquele que acompanha, que motiva, aponta dire\u00e7\u00e3o para que cada um possa ir se descobrindo e se desenvolvendo na sua escolha, na sua motiva\u00e7\u00e3o e na sua clareza&#8221;.<\/p>\n<p><img loading=\"lazy\" class=\"alignnone wp-image-236067 size-full\" src=\"https:\/\/franciscanos.org.br\/noticias\/wp-content\/uploads\/2022\/01\/rodeio_caminhar_1601.jpg\" alt=\"\" width=\"1280\" height=\"853\" srcset=\"https:\/\/franciscanos.org.br\/noticias\/wp-content\/uploads\/2022\/01\/rodeio_caminhar_1601.jpg 1280w, https:\/\/franciscanos.org.br\/noticias\/wp-content\/uploads\/2022\/01\/rodeio_caminhar_1601-450x300.jpg 450w, https:\/\/franciscanos.org.br\/noticias\/wp-content\/uploads\/2022\/01\/rodeio_caminhar_1601-1024x682.jpg 1024w, https:\/\/franciscanos.org.br\/noticias\/wp-content\/uploads\/2022\/01\/rodeio_caminhar_1601-768x512.jpg 768w, https:\/\/franciscanos.org.br\/noticias\/wp-content\/uploads\/2022\/01\/rodeio_caminhar_1601-150x100.jpg 150w\" sizes=\"(max-width: 1280px) 100vw, 1280px\" \/><\/p>\n<p>Para Frei Samuel, \u00e9 um trabalho artesanal. &#8220;\u00c9 um exerc\u00edcio que exige paci\u00eancia, que vai ganhando clareza num caminho de f\u00e9 e de espiritualidade. Isso n\u00e3o \u00e9 um curso. O novi\u00e7o vai amadurecer a pr\u00f3pria vis\u00e3o e o caminho de como ser religioso no caminho de S\u00e3o Francisco de Assis. Os textos de S\u00e3o Francisco falam para n\u00f3s da experi\u00eancia dele e apontam meios e elementos, que s\u00e3o valores constitucionais, e que vamos atualizar para o nosso tempo, para a nossa \u00e9poca, para a nossa vida&#8221;, explicou.<\/p>\n<p>Para Frei Samuel, o novi\u00e7o deve ter abertura para viver essa experi\u00eancia nas coisas simples. &#8220;Fazer essa experi\u00eancia de Deus nas coisas mais singelas, mais cotidianas. Francisco fazia isso, porque era um homem pr\u00e1tico. N\u00e3o era um homem de teorias. Ou seja, \u00e0 medida que a gente vai aprendendo na viv\u00eancia de cada dia, nas pequenas coisas, no trabalho, no exerc\u00edcio de ser fraterno, no entender a pr\u00f3pria humanidade, descobre-se abrindo \u00e0 a\u00e7\u00e3o de Deus, que vai nos transformando. A gente pensa que vai mudar alguma coisa. N\u00e3o vai mudar nada. \u00c9 Deus que muda em n\u00f3s \u00e0 medida que a gente se abre para a gra\u00e7a&#8221;, destacou.<\/p>\n\n\t\t<style type=\"text\/css\">\n\t\t\t#gallery-3 {\n\t\t\t\tmargin: auto;\n\t\t\t}\n\t\t\t#gallery-3 .gallery-item {\n\t\t\t\tfloat: left;\n\t\t\t\tmargin-top: 10px;\n\t\t\t\ttext-align: center;\n\t\t\t\twidth: 50%;\n\t\t\t}\n\t\t\t#gallery-3 img {\n\t\t\t\tborder: 2px solid #cfcfcf;\n\t\t\t}\n\t\t\t#gallery-3 .gallery-caption {\n\t\t\t\tmargin-left: 0;\n\t\t\t}\n\t\t\t\/* see gallery_shortcode() in wp-includes\/media.php *\/\n\t\t<\/style>\n\t\t<div id='gallery-3' class='gallery galleryid-236035 gallery-columns-2 gallery-size-thumbnail'><dl class='gallery-item'>\n\t\t\t<dt class='gallery-icon landscape'>\n\t\t\t\t<a href='https:\/\/franciscanos.org.br\/noticias\/wp-content\/uploads\/2022\/01\/argentinos.jpg'><img width=\"300\" height=\"300\" src=\"https:\/\/franciscanos.org.br\/noticias\/wp-content\/uploads\/2022\/01\/argentinos-300x300.jpg\" class=\"attachment-thumbnail size-thumbnail\" alt=\"\" loading=\"lazy\" aria-describedby=\"gallery-3-236053\" srcset=\"https:\/\/franciscanos.org.br\/noticias\/wp-content\/uploads\/2022\/01\/argentinos-300x300.jpg 300w, https:\/\/franciscanos.org.br\/noticias\/wp-content\/uploads\/2022\/01\/argentinos-100x100.jpg 100w\" sizes=\"(max-width: 300px) 100vw, 300px\" \/><\/a>\n\t\t\t<\/dt>\n\t\t\t\t<dd class='wp-caption-text gallery-caption' id='gallery-3-236053'>\n\t\t\t\tFrei Mateo, Frei Paulo e Frei Fernando\n\t\t\t\t<\/dd><\/dl><dl class='gallery-item'>\n\t\t\t<dt class='gallery-icon landscape'>\n\t\t\t\t<a href='https:\/\/franciscanos.org.br\/noticias\/wp-content\/uploads\/2022\/01\/gauchos.jpg'><img width=\"300\" height=\"300\" src=\"https:\/\/franciscanos.org.br\/noticias\/wp-content\/uploads\/2022\/01\/gauchos-300x300.jpg\" class=\"attachment-thumbnail size-thumbnail\" alt=\"\" loading=\"lazy\" aria-describedby=\"gallery-3-236052\" srcset=\"https:\/\/franciscanos.org.br\/noticias\/wp-content\/uploads\/2022\/01\/gauchos-300x300.jpg 300w, https:\/\/franciscanos.org.br\/noticias\/wp-content\/uploads\/2022\/01\/gauchos-100x100.jpg 100w\" sizes=\"(max-width: 300px) 100vw, 300px\" \/><\/a>\n\t\t\t<\/dt>\n\t\t\t\t<dd class='wp-caption-text gallery-caption' id='gallery-3-236052'>\n\t\t\t\tFrei Marino, Frei Evandro e Frei Paulo\n\t\t\t\t<\/dd><\/dl><br style=\"clear: both\" \/>\n\t\t<\/div>\n\n<p><strong>CONFIAN\u00c7A<\/strong><\/p>\n<p>O Ministro Provincial Frei Marino Pedro Rhoden destacou a acolhida da Prov\u00edncia da Imaculada. &#8220;Quero expressar a alegria e a total confian\u00e7a no processo formativo desta entidade, na qual estamos nos integrando, e queremos continuar o processo de constru\u00e7\u00e3o desse noviciado interprovincial para podermos assim somar. Muito obrigado pela acolhida e contem com nossas ora\u00e7\u00f5es&#8221;, disse.<\/p>\n<p>Frei Fernando leu uma carta do Ministro Provincial, Frei Daniel Alejandro Fleitas Zeni, da Prov\u00edncia Argentina: &#8220;Nossa vida s\u00f3 tem sentido em Jesus e o Noviciado \u00e9 tempo para se encantar por Jesus. Gostaria de agradecer do fundo do cora\u00e7\u00e3o pela acolhida do nosso irm\u00e3o Mateo. O in\u00edcio do Noviciado \u00e9 sempre uma a\u00e7\u00e3o de gra\u00e7as ao Senhor da hist\u00f3ria, que continua a nos cativar com uma proposta do Evangelho. Queremos, como S\u00e3o Francisco, construir uma fraternidade de irm\u00e3os, onde todos se sintam convidados. Queremos como S\u00e3o Francisco de Assis anunciar que o perd\u00e3o \u00e9 a paz poss\u00edvel. Que nenhum leproso do nosso tempo deve sair sem ser visto diante de nossos olhos. Obrigado ao Mestre e a cada formador pelo seu tempo, pela dedica\u00e7\u00e3o, pelo seu testemunho. Obrigado \u00e0 Fraternidade pela sua presen\u00e7a e aos irm\u00e3os novi\u00e7os, desejo um ano de gra\u00e7a e minhas ora\u00e7\u00f5es&#8221;.<\/p>\n<hr \/>\n<p><em>Comunica\u00e7\u00e3o da Prov\u00edncia da Imaculada Concei\u00e7\u00e3o<\/em><\/p>\n<p><img loading=\"lazy\" class=\"alignnone wp-image-236051 size-full\" src=\"https:\/\/franciscanos.org.br\/noticias\/wp-content\/uploads\/2022\/01\/rodeio_1601_2.jpg\" alt=\"\" width=\"1280\" height=\"798\" srcset=\"https:\/\/franciscanos.org.br\/noticias\/wp-content\/uploads\/2022\/01\/rodeio_1601_2.jpg 1280w, https:\/\/franciscanos.org.br\/noticias\/wp-content\/uploads\/2022\/01\/rodeio_1601_2-450x281.jpg 450w, https:\/\/franciscanos.org.br\/noticias\/wp-content\/uploads\/2022\/01\/rodeio_1601_2-1024x638.jpg 1024w, https:\/\/franciscanos.org.br\/noticias\/wp-content\/uploads\/2022\/01\/rodeio_1601_2-768x479.jpg 768w, https:\/\/franciscanos.org.br\/noticias\/wp-content\/uploads\/2022\/01\/rodeio_1601_2-150x94.jpg 150w\" sizes=\"(max-width: 1280px) 100vw, 1280px\" \/><\/p>\n","protected":false},"excerpt":{"rendered":"<p>Admiss\u00e3o dos Novi\u00e7os 2022<\/p>\n","protected":false},"author":3,"featured_media":236036,"comment_status":"open","ping_status":"open","sticky":false,"template":"","format":"standard","meta":[],"categories":[1],"tags":[1270],"acf":[],"yoast_head":"<!-- This site is optimized with the Yoast SEO plugin v19.2 - https:\/\/yoast.com\/wordpress\/plugins\/seo\/ -->\n<title>Um dia hist\u00f3rico no Noviciado de Rodeio - Not\u00edcias - Franciscanos<\/title>\n<meta name=\"robots\" content=\"index, follow, max-snippet:-1, max-image-preview:large, max-video-preview:-1\" \/>\n<link rel=\"canonical\" href=\"https:\/\/franciscanos.org.br\/noticias\/um-dia-historico-no-noviciado-de-rodeio.html\" \/>\n<meta property=\"og:locale\" content=\"pt_BR\" \/>\n<meta property=\"og:type\" content=\"article\" \/>\n<meta property=\"og:title\" content=\"Um dia hist\u00f3rico no Noviciado de Rodeio - Not\u00edcias - Franciscanos\" \/>\n<meta property=\"og:description\" content=\"Admiss\u00e3o dos Novi\u00e7os 2022\" \/>\n<meta property=\"og:url\" content=\"https:\/\/franciscanos.org.br\/noticias\/um-dia-historico-no-noviciado-de-rodeio.html\" \/>\n<meta property=\"og:site_name\" content=\"Not\u00edcias - Franciscanos\" \/>\n<meta property=\"article:published_time\" content=\"2022-01-16T13:21:38+00:00\" \/>\n<meta property=\"article:modified_time\" content=\"2023-01-03T17:46:24+00:00\" \/>\n<meta property=\"og:image\" content=\"https:\/\/franciscanos.org.br\/noticias\/wp-content\/uploads\/2022\/01\/rodeio_1601_3.jpg\" \/>\n\t<meta property=\"og:image:width\" content=\"1280\" \/>\n\t<meta property=\"og:image:height\" content=\"720\" \/>\n\t<meta property=\"og:image:type\" content=\"image\/jpeg\" \/>\n<meta name=\"author\" content=\"moacir\" \/>\n<meta name=\"twitter:card\" content=\"summary_large_image\" \/>\n<meta name=\"twitter:label1\" content=\"Escrito por\" \/>\n\t<meta name=\"twitter:data1\" content=\"moacir\" \/>\n\t<meta name=\"twitter:label2\" content=\"Est. tempo de leitura\" \/>\n\t<meta name=\"twitter:data2\" content=\"11 minutos\" \/>\n<script type=\"application\/ld+json\" class=\"yoast-schema-graph\">{\"@context\":\"https:\/\/schema.org\",\"@graph\":[{\"@type\":\"WebSite\",\"@id\":\"https:\/\/franciscanos.org.br\/noticias\/#website\",\"url\":\"https:\/\/franciscanos.org.br\/noticias\/\",\"name\":\"Not\u00edcias - Franciscanos\",\"description\":\"Prov\u00edncia Franciscana da Imaculada Concei\u00e7\u00e3o do Brasil - Ordem dos Frades Menores - OFM\",\"potentialAction\":[{\"@type\":\"SearchAction\",\"target\":{\"@type\":\"EntryPoint\",\"urlTemplate\":\"https:\/\/franciscanos.org.br\/noticias\/?s={search_term_string}\"},\"query-input\":\"required name=search_term_string\"}],\"inLanguage\":\"pt-BR\"},{\"@type\":\"ImageObject\",\"inLanguage\":\"pt-BR\",\"@id\":\"https:\/\/franciscanos.org.br\/noticias\/um-dia-historico-no-noviciado-de-rodeio.html#primaryimage\",\"url\":\"https:\/\/franciscanos.org.br\/noticias\/wp-content\/uploads\/2022\/01\/rodeio_1601_3.jpg\",\"contentUrl\":\"https:\/\/franciscanos.org.br\/noticias\/wp-content\/uploads\/2022\/01\/rodeio_1601_3.jpg\",\"width\":1280,\"height\":720},{\"@type\":\"WebPage\",\"@id\":\"https:\/\/franciscanos.org.br\/noticias\/um-dia-historico-no-noviciado-de-rodeio.html#webpage\",\"url\":\"https:\/\/franciscanos.org.br\/noticias\/um-dia-historico-no-noviciado-de-rodeio.html\",\"name\":\"Um dia hist\u00f3rico no Noviciado de Rodeio - Not\u00edcias - Franciscanos\",\"isPartOf\":{\"@id\":\"https:\/\/franciscanos.org.br\/noticias\/#website\"},\"primaryImageOfPage\":{\"@id\":\"https:\/\/franciscanos.org.br\/noticias\/um-dia-historico-no-noviciado-de-rodeio.html#primaryimage\"},\"datePublished\":\"2022-01-16T13:21:38+00:00\",\"dateModified\":\"2023-01-03T17:46:24+00:00\",\"author\":{\"@id\":\"https:\/\/franciscanos.org.br\/noticias\/#\/schema\/person\/b5c8cba458c330ccff548b056e95a5d4\"},\"breadcrumb\":{\"@id\":\"https:\/\/franciscanos.org.br\/noticias\/um-dia-historico-no-noviciado-de-rodeio.html#breadcrumb\"},\"inLanguage\":\"pt-BR\",\"potentialAction\":[{\"@type\":\"ReadAction\",\"target\":[\"https:\/\/franciscanos.org.br\/noticias\/um-dia-historico-no-noviciado-de-rodeio.html\"]}]},{\"@type\":\"BreadcrumbList\",\"@id\":\"https:\/\/franciscanos.org.br\/noticias\/um-dia-historico-no-noviciado-de-rodeio.html#breadcrumb\",\"itemListElement\":[{\"@type\":\"ListItem\",\"position\":1,\"name\":\"Home\",\"item\":\"https:\/\/franciscanos.org.br\/noticias\"},{\"@type\":\"ListItem\",\"position\":2,\"name\":\"Um dia hist\u00f3rico no Noviciado de Rodeio\"}]},{\"@type\":\"Person\",\"@id\":\"https:\/\/franciscanos.org.br\/noticias\/#\/schema\/person\/b5c8cba458c330ccff548b056e95a5d4\",\"name\":\"moacir\",\"image\":{\"@type\":\"ImageObject\",\"inLanguage\":\"pt-BR\",\"@id\":\"https:\/\/franciscanos.org.br\/noticias\/#\/schema\/person\/image\/\",\"url\":\"https:\/\/secure.gravatar.com\/avatar\/d08aa2ce4c8dd416d4479aa8536fcf64?s=96&d=mm&r=g\",\"contentUrl\":\"https:\/\/secure.gravatar.com\/avatar\/d08aa2ce4c8dd416d4479aa8536fcf64?s=96&d=mm&r=g\",\"caption\":\"moacir\"},\"url\":\"https:\/\/franciscanos.org.br\/noticias\/author\/moacir\"}]}<\/script>\n<!-- \/ Yoast SEO plugin. -->","yoast_head_json":{"title":"Um dia hist\u00f3rico no Noviciado de Rodeio - Not\u00edcias - Franciscanos","robots":{"index":"index","follow":"follow","max-snippet":"max-snippet:-1","max-image-preview":"max-image-preview:large","max-video-preview":"max-video-preview:-1"},"canonical":"https:\/\/franciscanos.org.br\/noticias\/um-dia-historico-no-noviciado-de-rodeio.html","og_locale":"pt_BR","og_type":"article","og_title":"Um dia hist\u00f3rico no Noviciado de Rodeio - Not\u00edcias - Franciscanos","og_description":"Admiss\u00e3o dos Novi\u00e7os 2022","og_url":"https:\/\/franciscanos.org.br\/noticias\/um-dia-historico-no-noviciado-de-rodeio.html","og_site_name":"Not\u00edcias - Franciscanos","article_published_time":"2022-01-16T13:21:38+00:00","article_modified_time":"2023-01-03T17:46:24+00:00","og_image":[{"width":1280,"height":720,"url":"https:\/\/franciscanos.org.br\/noticias\/wp-content\/uploads\/2022\/01\/rodeio_1601_3.jpg","type":"image\/jpeg"}],"author":"moacir","twitter_card":"summary_large_image","twitter_misc":{"Escrito por":"moacir","Est. tempo de leitura":"11 minutos"},"schema":{"@context":"https:\/\/schema.org","@graph":[{"@type":"WebSite","@id":"https:\/\/franciscanos.org.br\/noticias\/#website","url":"https:\/\/franciscanos.org.br\/noticias\/","name":"Not\u00edcias - Franciscanos","description":"Prov\u00edncia Franciscana da Imaculada Concei\u00e7\u00e3o do Brasil - Ordem dos Frades Menores - OFM","potentialAction":[{"@type":"SearchAction","target":{"@type":"EntryPoint","urlTemplate":"https:\/\/franciscanos.org.br\/noticias\/?s={search_term_string}"},"query-input":"required name=search_term_string"}],"inLanguage":"pt-BR"},{"@type":"ImageObject","inLanguage":"pt-BR","@id":"https:\/\/franciscanos.org.br\/noticias\/um-dia-historico-no-noviciado-de-rodeio.html#primaryimage","url":"https:\/\/franciscanos.org.br\/noticias\/wp-content\/uploads\/2022\/01\/rodeio_1601_3.jpg","contentUrl":"https:\/\/franciscanos.org.br\/noticias\/wp-content\/uploads\/2022\/01\/rodeio_1601_3.jpg","width":1280,"height":720},{"@type":"WebPage","@id":"https:\/\/franciscanos.org.br\/noticias\/um-dia-historico-no-noviciado-de-rodeio.html#webpage","url":"https:\/\/franciscanos.org.br\/noticias\/um-dia-historico-no-noviciado-de-rodeio.html","name":"Um dia hist\u00f3rico no Noviciado de Rodeio - Not\u00edcias - Franciscanos","isPartOf":{"@id":"https:\/\/franciscanos.org.br\/noticias\/#website"},"primaryImageOfPage":{"@id":"https:\/\/franciscanos.org.br\/noticias\/um-dia-historico-no-noviciado-de-rodeio.html#primaryimage"},"datePublished":"2022-01-16T13:21:38+00:00","dateModified":"2023-01-03T17:46:24+00:00","author":{"@id":"https:\/\/franciscanos.org.br\/noticias\/#\/schema\/person\/b5c8cba458c330ccff548b056e95a5d4"},"breadcrumb":{"@id":"https:\/\/franciscanos.org.br\/noticias\/um-dia-historico-no-noviciado-de-rodeio.html#breadcrumb"},"inLanguage":"pt-BR","potentialAction":[{"@type":"ReadAction","target":["https:\/\/franciscanos.org.br\/noticias\/um-dia-historico-no-noviciado-de-rodeio.html"]}]},{"@type":"BreadcrumbList","@id":"https:\/\/franciscanos.org.br\/noticias\/um-dia-historico-no-noviciado-de-rodeio.html#breadcrumb","itemListElement":[{"@type":"ListItem","position":1,"name":"Home","item":"https:\/\/franciscanos.org.br\/noticias"},{"@type":"ListItem","position":2,"name":"Um dia hist\u00f3rico no Noviciado de Rodeio"}]},{"@type":"Person","@id":"https:\/\/franciscanos.org.br\/noticias\/#\/schema\/person\/b5c8cba458c330ccff548b056e95a5d4","name":"moacir","image":{"@type":"ImageObject","inLanguage":"pt-BR","@id":"https:\/\/franciscanos.org.br\/noticias\/#\/schema\/person\/image\/","url":"https:\/\/secure.gravatar.com\/avatar\/d08aa2ce4c8dd416d4479aa8536fcf64?s=96&d=mm&r=g","contentUrl":"https:\/\/secure.gravatar.com\/avatar\/d08aa2ce4c8dd416d4479aa8536fcf64?s=96&d=mm&r=g","caption":"moacir"},"url":"https:\/\/franciscanos.org.br\/noticias\/author\/moacir"}]}},"_links":{"self":[{"href":"https:\/\/franciscanos.org.br\/noticias\/wp-json\/wp\/v2\/posts\/236035"}],"collection":[{"href":"https:\/\/franciscanos.org.br\/noticias\/wp-json\/wp\/v2\/posts"}],"about":[{"href":"https:\/\/franciscanos.org.br\/noticias\/wp-json\/wp\/v2\/types\/post"}],"author":[{"embeddable":true,"href":"https:\/\/franciscanos.org.br\/noticias\/wp-json\/wp\/v2\/users\/3"}],"replies":[{"embeddable":true,"href":"https:\/\/franciscanos.org.br\/noticias\/wp-json\/wp\/v2\/comments?post=236035"}],"version-history":[{"count":13,"href":"https:\/\/franciscanos.org.br\/noticias\/wp-json\/wp\/v2\/posts\/236035\/revisions"}],"predecessor-version":[{"id":241555,"href":"https:\/\/franciscanos.org.br\/noticias\/wp-json\/wp\/v2\/posts\/236035\/revisions\/241555"}],"wp:featuredmedia":[{"embeddable":true,"href":"https:\/\/franciscanos.org.br\/noticias\/wp-json\/wp\/v2\/media\/236036"}],"wp:attachment":[{"href":"https:\/\/franciscanos.org.br\/noticias\/wp-json\/wp\/v2\/media?parent=236035"}],"wp:term":[{"taxonomy":"category","embeddable":true,"href":"https:\/\/franciscanos.org.br\/noticias\/wp-json\/wp\/v2\/categories?post=236035"},{"taxonomy":"post_tag","embeddable":true,"href":"https:\/\/franciscanos.org.br\/noticias\/wp-json\/wp\/v2\/tags?post=236035"}],"curies":[{"name":"wp","href":"https:\/\/api.w.org\/{rel}","templated":true}]}}