{"id":236014,"date":"2022-01-15T20:52:44","date_gmt":"2022-01-15T23:52:44","guid":{"rendered":"https:\/\/franciscanos.org.br\/noticias\/?p=236014"},"modified":"2022-01-15T20:53:58","modified_gmt":"2022-01-15T23:53:58","slug":"igreja-de-angola-e-familia-franciscana-em-festa-com-as-ordenacoes-presbiterais-de-frei-canga-frei-santana-e-frei-mario","status":"publish","type":"post","link":"https:\/\/franciscanos.org.br\/noticias\/igreja-de-angola-e-familia-franciscana-em-festa-com-as-ordenacoes-presbiterais-de-frei-canga-frei-santana-e-frei-mario.html","title":{"rendered":"Igreja de Angola e Fam\u00edlia Franciscana em festa com as ordena\u00e7\u00f5es presbiterais de Frei Canga, Frei Santana e Frei M\u00e1rio"},"content":{"rendered":"<p><img loading=\"lazy\" class=\"alignnone wp-image-236015 size-full\" src=\"https:\/\/franciscanos.org.br\/noticias\/wp-content\/uploads\/2022\/01\/angola_1501_5.jpg\" alt=\"\" width=\"1106\" height=\"737\" srcset=\"https:\/\/franciscanos.org.br\/noticias\/wp-content\/uploads\/2022\/01\/angola_1501_5.jpg 1106w, https:\/\/franciscanos.org.br\/noticias\/wp-content\/uploads\/2022\/01\/angola_1501_5-450x300.jpg 450w, https:\/\/franciscanos.org.br\/noticias\/wp-content\/uploads\/2022\/01\/angola_1501_5-1024x682.jpg 1024w, https:\/\/franciscanos.org.br\/noticias\/wp-content\/uploads\/2022\/01\/angola_1501_5-768x512.jpg 768w, https:\/\/franciscanos.org.br\/noticias\/wp-content\/uploads\/2022\/01\/angola_1501_5-150x100.jpg 150w\" sizes=\"(max-width: 1106px) 100vw, 1106px\" \/><\/p>\n<p><strong>Luanda (Angola) &#8211;<\/strong> A Prov\u00edncia Franciscana da Imaculada Concei\u00e7\u00e3o do Brasil e a Funda\u00e7\u00e3o Imaculada M\u00e3e de Deus de Angola celebraram a ordena\u00e7\u00e3o presbiteral de tr\u00eas di\u00e1conos: Frei Canga Manuel Mazoa, Frei M\u00e1rio Sampaio Pelu e Frei Santana kafunda, na manh\u00e3 do dia 15 de janeiro de 2022.<\/p>\n<p>A Celebra\u00e7\u00e3o Eucar\u00edstica teve lugar no Kimbo S\u00e3o Francisco de Assis, em Luanda; e teve como presidente Dom Filomeno do Nascimento Vieira Dias, Arcebispo da Arquidiocese de Luanda, e com ele concelebraram os confrades de todas as fraternidades, diversos sacerdotes, religiosos e religiosas e fi\u00e9is vindos de diversos pontos de Angola.<\/p>\n\n\t\t<style type=\"text\/css\">\n\t\t\t#gallery-1 {\n\t\t\t\tmargin: auto;\n\t\t\t}\n\t\t\t#gallery-1 .gallery-item {\n\t\t\t\tfloat: left;\n\t\t\t\tmargin-top: 10px;\n\t\t\t\ttext-align: center;\n\t\t\t\twidth: 33%;\n\t\t\t}\n\t\t\t#gallery-1 img {\n\t\t\t\tborder: 2px solid #cfcfcf;\n\t\t\t}\n\t\t\t#gallery-1 .gallery-caption {\n\t\t\t\tmargin-left: 0;\n\t\t\t}\n\t\t\t\/* see gallery_shortcode() in wp-includes\/media.php *\/\n\t\t<\/style>\n\t\t<div id='gallery-1' class='gallery galleryid-236014 gallery-columns-3 gallery-size-thumbnail'><dl class='gallery-item'>\n\t\t\t<dt class='gallery-icon landscape'>\n\t\t\t\t<a href='https:\/\/franciscanos.org.br\/noticias\/wp-content\/uploads\/2022\/01\/angola_1501.jpg'><img width=\"300\" height=\"300\" src=\"https:\/\/franciscanos.org.br\/noticias\/wp-content\/uploads\/2022\/01\/angola_1501-300x300.jpg\" class=\"attachment-thumbnail size-thumbnail\" alt=\"\" loading=\"lazy\" srcset=\"https:\/\/franciscanos.org.br\/noticias\/wp-content\/uploads\/2022\/01\/angola_1501-300x300.jpg 300w, https:\/\/franciscanos.org.br\/noticias\/wp-content\/uploads\/2022\/01\/angola_1501-100x100.jpg 100w\" sizes=\"(max-width: 300px) 100vw, 300px\" \/><\/a>\n\t\t\t<\/dt><\/dl><dl class='gallery-item'>\n\t\t\t<dt class='gallery-icon landscape'>\n\t\t\t\t<a href='https:\/\/franciscanos.org.br\/noticias\/wp-content\/uploads\/2022\/01\/angola_1501_2.jpg'><img width=\"300\" height=\"300\" src=\"https:\/\/franciscanos.org.br\/noticias\/wp-content\/uploads\/2022\/01\/angola_1501_2-300x300.jpg\" class=\"attachment-thumbnail size-thumbnail\" alt=\"\" loading=\"lazy\" srcset=\"https:\/\/franciscanos.org.br\/noticias\/wp-content\/uploads\/2022\/01\/angola_1501_2-300x300.jpg 300w, https:\/\/franciscanos.org.br\/noticias\/wp-content\/uploads\/2022\/01\/angola_1501_2-100x100.jpg 100w\" sizes=\"(max-width: 300px) 100vw, 300px\" \/><\/a>\n\t\t\t<\/dt><\/dl><dl class='gallery-item'>\n\t\t\t<dt class='gallery-icon landscape'>\n\t\t\t\t<a href='https:\/\/franciscanos.org.br\/noticias\/wp-content\/uploads\/2022\/01\/angola_1501_3.jpg'><img width=\"300\" height=\"300\" src=\"https:\/\/franciscanos.org.br\/noticias\/wp-content\/uploads\/2022\/01\/angola_1501_3-300x300.jpg\" class=\"attachment-thumbnail size-thumbnail\" alt=\"\" loading=\"lazy\" srcset=\"https:\/\/franciscanos.org.br\/noticias\/wp-content\/uploads\/2022\/01\/angola_1501_3-300x300.jpg 300w, https:\/\/franciscanos.org.br\/noticias\/wp-content\/uploads\/2022\/01\/angola_1501_3-100x100.jpg 100w\" sizes=\"(max-width: 300px) 100vw, 300px\" \/><\/a>\n\t\t\t<\/dt><\/dl><br style=\"clear: both\" \/>\n\t\t<\/div>\n\n<p><em>\u00a0 \u00a0 \u00a0 \u00a0 \u00a0 \u00a0 \u00a0 \u00a0 \u00a0 \u00a0 \u00a0 \u00a0 \u00a0 \u00a0 \u00a0 \u00a0 \u00a0 \u00a0 \u00a0 \u00a0 \u00a0 \u00a0 \u00a0 \u00a0 \u00a0 \u00a0 \u00a0 \u00a0 \u00a0 \u00a0 \u00a0 \u00a0 \u00a0(clique nas imagens para ampli\u00e1-las)<\/em><\/p>\n<p>Frei Canga Manuel Mazoa \u00e9 natural de Kwanza Norte, Ndalatando, onde nasceu no dia 23 de mar\u00e7o de 1993, \u00e9 filho de Manuel Canga Mazoa e Domingas Francisco Jo\u00e3o. J\u00e1 Frei Santana Kafunda \u00e9 natural de Malange (Malanje), mas cresceu em Luanda. Seus pais s\u00e3o Belege e Antonica. Frei M\u00e1rio Sampaio Pelu nasceu no dia 20 de agosto de 1988, em Benguela, bairro Cotel.<\/p>\n<p>O Kimbo S\u00e3o Francisco, com a gra\u00e7a de Deus, teve a casa cheia, mas respeitando as medidas de biosseguran\u00e7a, em fun\u00e7\u00e3o da pandemia da Covid-19 que assola o mundo. \u00a0Momentos emocionantes alegraram a todos os participantes desta Missa de ordena\u00e7\u00e3o.<\/p>\n<p><img loading=\"lazy\" class=\"alignnone size-full wp-image-236019\" src=\"https:\/\/franciscanos.org.br\/noticias\/wp-content\/uploads\/2022\/01\/angola_1501_4.jpg\" alt=\"\" width=\"890\" height=\"1335\" srcset=\"https:\/\/franciscanos.org.br\/noticias\/wp-content\/uploads\/2022\/01\/angola_1501_4.jpg 890w, https:\/\/franciscanos.org.br\/noticias\/wp-content\/uploads\/2022\/01\/angola_1501_4-300x450.jpg 300w, https:\/\/franciscanos.org.br\/noticias\/wp-content\/uploads\/2022\/01\/angola_1501_4-683x1024.jpg 683w, https:\/\/franciscanos.org.br\/noticias\/wp-content\/uploads\/2022\/01\/angola_1501_4-768x1152.jpg 768w, https:\/\/franciscanos.org.br\/noticias\/wp-content\/uploads\/2022\/01\/angola_1501_4-150x225.jpg 150w\" sizes=\"(max-width: 890px) 100vw, 890px\" \/><\/p>\n<p>Na sua reflex\u00e3o, Dom Filomeno, dirigindo-se aos frades eleitos para o minist\u00e9rio sacerdotal, lembrou-lhes que seriam os primeiros em muitas coisas na Igreja, todavia, pediu-lhes que fossem os primeiros sobretudo no acolhimento, na fraternidade e na minoridade, e que fossem os primeiros sem perder a marca distintiva e a identidade carism\u00e1tica de frades menores. Pediu-lhes ainda que testemunhassem a minoridade. \u201cCaros freis Canga, M\u00e1rio e Santana, este estilo de vida enraizado na simplicidade brilhe em vosso minist\u00e9rio para que sejais padres franciscanos e mere\u00e7am com toda a verdade o nome de freis, isto \u00e9, irm\u00e3os, algu\u00e9m que est\u00e1 em atitude psicol\u00f3gica e espiritual de servir e de servi\u00e7o. A vossa personalidade e espiritualidade s\u00e3o caracterizadas pela minoridade, por isso, Ordem dos Frades Menores, ordem dos irm\u00e3os menores\u201d, disse o Arcebispo.<\/p>\n\n\t\t<style type=\"text\/css\">\n\t\t\t#gallery-2 {\n\t\t\t\tmargin: auto;\n\t\t\t}\n\t\t\t#gallery-2 .gallery-item {\n\t\t\t\tfloat: left;\n\t\t\t\tmargin-top: 10px;\n\t\t\t\ttext-align: center;\n\t\t\t\twidth: 16%;\n\t\t\t}\n\t\t\t#gallery-2 img {\n\t\t\t\tborder: 2px solid #cfcfcf;\n\t\t\t}\n\t\t\t#gallery-2 .gallery-caption {\n\t\t\t\tmargin-left: 0;\n\t\t\t}\n\t\t\t\/* see gallery_shortcode() in wp-includes\/media.php *\/\n\t\t<\/style>\n\t\t<div id='gallery-2' class='gallery galleryid-236014 gallery-columns-6 gallery-size-thumbnail'><dl class='gallery-item'>\n\t\t\t<dt class='gallery-icon landscape'>\n\t\t\t\t<a href='https:\/\/franciscanos.org.br\/noticias\/wp-content\/uploads\/2022\/01\/angola_1501_6.jpg'><img width=\"300\" height=\"300\" src=\"https:\/\/franciscanos.org.br\/noticias\/wp-content\/uploads\/2022\/01\/angola_1501_6-300x300.jpg\" class=\"attachment-thumbnail size-thumbnail\" alt=\"\" loading=\"lazy\" srcset=\"https:\/\/franciscanos.org.br\/noticias\/wp-content\/uploads\/2022\/01\/angola_1501_6-300x300.jpg 300w, https:\/\/franciscanos.org.br\/noticias\/wp-content\/uploads\/2022\/01\/angola_1501_6-100x100.jpg 100w\" sizes=\"(max-width: 300px) 100vw, 300px\" \/><\/a>\n\t\t\t<\/dt><\/dl><dl class='gallery-item'>\n\t\t\t<dt class='gallery-icon landscape'>\n\t\t\t\t<a href='https:\/\/franciscanos.org.br\/noticias\/wp-content\/uploads\/2022\/01\/angola_1501_7.jpg'><img width=\"300\" height=\"300\" src=\"https:\/\/franciscanos.org.br\/noticias\/wp-content\/uploads\/2022\/01\/angola_1501_7-300x300.jpg\" class=\"attachment-thumbnail size-thumbnail\" alt=\"\" loading=\"lazy\" srcset=\"https:\/\/franciscanos.org.br\/noticias\/wp-content\/uploads\/2022\/01\/angola_1501_7-300x300.jpg 300w, https:\/\/franciscanos.org.br\/noticias\/wp-content\/uploads\/2022\/01\/angola_1501_7-100x100.jpg 100w\" sizes=\"(max-width: 300px) 100vw, 300px\" \/><\/a>\n\t\t\t<\/dt><\/dl><dl class='gallery-item'>\n\t\t\t<dt class='gallery-icon landscape'>\n\t\t\t\t<a href='https:\/\/franciscanos.org.br\/noticias\/wp-content\/uploads\/2022\/01\/angola_1501_8.jpg'><img width=\"300\" height=\"300\" src=\"https:\/\/franciscanos.org.br\/noticias\/wp-content\/uploads\/2022\/01\/angola_1501_8-300x300.jpg\" class=\"attachment-thumbnail size-thumbnail\" alt=\"\" loading=\"lazy\" srcset=\"https:\/\/franciscanos.org.br\/noticias\/wp-content\/uploads\/2022\/01\/angola_1501_8-300x300.jpg 300w, https:\/\/franciscanos.org.br\/noticias\/wp-content\/uploads\/2022\/01\/angola_1501_8-100x100.jpg 100w\" sizes=\"(max-width: 300px) 100vw, 300px\" \/><\/a>\n\t\t\t<\/dt><\/dl><dl class='gallery-item'>\n\t\t\t<dt class='gallery-icon landscape'>\n\t\t\t\t<a href='https:\/\/franciscanos.org.br\/noticias\/wp-content\/uploads\/2022\/01\/angola_1501_9.jpg'><img width=\"300\" height=\"300\" src=\"https:\/\/franciscanos.org.br\/noticias\/wp-content\/uploads\/2022\/01\/angola_1501_9-300x300.jpg\" class=\"attachment-thumbnail size-thumbnail\" alt=\"\" loading=\"lazy\" srcset=\"https:\/\/franciscanos.org.br\/noticias\/wp-content\/uploads\/2022\/01\/angola_1501_9-300x300.jpg 300w, https:\/\/franciscanos.org.br\/noticias\/wp-content\/uploads\/2022\/01\/angola_1501_9-100x100.jpg 100w\" sizes=\"(max-width: 300px) 100vw, 300px\" \/><\/a>\n\t\t\t<\/dt><\/dl><dl class='gallery-item'>\n\t\t\t<dt class='gallery-icon landscape'>\n\t\t\t\t<a href='https:\/\/franciscanos.org.br\/noticias\/wp-content\/uploads\/2022\/01\/angola_1501_10.jpg'><img width=\"300\" height=\"300\" src=\"https:\/\/franciscanos.org.br\/noticias\/wp-content\/uploads\/2022\/01\/angola_1501_10-300x300.jpg\" class=\"attachment-thumbnail size-thumbnail\" alt=\"\" loading=\"lazy\" srcset=\"https:\/\/franciscanos.org.br\/noticias\/wp-content\/uploads\/2022\/01\/angola_1501_10-300x300.jpg 300w, https:\/\/franciscanos.org.br\/noticias\/wp-content\/uploads\/2022\/01\/angola_1501_10-100x100.jpg 100w\" sizes=\"(max-width: 300px) 100vw, 300px\" \/><\/a>\n\t\t\t<\/dt><\/dl><dl class='gallery-item'>\n\t\t\t<dt class='gallery-icon landscape'>\n\t\t\t\t<a href='https:\/\/franciscanos.org.br\/noticias\/wp-content\/uploads\/2022\/01\/angola_1501_11.jpg'><img width=\"300\" height=\"300\" src=\"https:\/\/franciscanos.org.br\/noticias\/wp-content\/uploads\/2022\/01\/angola_1501_11-300x300.jpg\" class=\"attachment-thumbnail size-thumbnail\" alt=\"\" loading=\"lazy\" srcset=\"https:\/\/franciscanos.org.br\/noticias\/wp-content\/uploads\/2022\/01\/angola_1501_11-300x300.jpg 300w, https:\/\/franciscanos.org.br\/noticias\/wp-content\/uploads\/2022\/01\/angola_1501_11-100x100.jpg 100w\" sizes=\"(max-width: 300px) 100vw, 300px\" \/><\/a>\n\t\t\t<\/dt><\/dl><br style=\"clear: both\" \/>\n\t\t<\/div>\n\n<p><em>\u00a0 \u00a0 \u00a0 \u00a0 \u00a0 \u00a0 \u00a0 \u00a0 \u00a0 \u00a0 \u00a0 \u00a0 \u00a0 \u00a0 \u00a0 \u00a0 \u00a0 \u00a0 \u00a0 \u00a0 \u00a0 \u00a0 \u00a0 \u00a0 \u00a0 \u00a0 \u00a0 \u00a0 \u00a0 \u00a0 \u00a0 \u00a0(clique nas imagens para ampli\u00e1-las)<\/em><\/p>\n<p>E pediu-lhes que vivessem o minist\u00e9rio sacerdotal com a beleza da humanidade e da fraternidade de Francisco, dom de Cristo sempre novo para a sua Igreja e que tivessem empatia para com todos os que sofrem ou choram.<\/p>\n<p><img loading=\"lazy\" class=\"alignnone size-full wp-image-236026\" src=\"https:\/\/franciscanos.org.br\/noticias\/wp-content\/uploads\/2022\/01\/angola_1501_12.jpg\" alt=\"\" width=\"1106\" height=\"737\" srcset=\"https:\/\/franciscanos.org.br\/noticias\/wp-content\/uploads\/2022\/01\/angola_1501_12.jpg 1106w, https:\/\/franciscanos.org.br\/noticias\/wp-content\/uploads\/2022\/01\/angola_1501_12-450x300.jpg 450w, https:\/\/franciscanos.org.br\/noticias\/wp-content\/uploads\/2022\/01\/angola_1501_12-1024x682.jpg 1024w, https:\/\/franciscanos.org.br\/noticias\/wp-content\/uploads\/2022\/01\/angola_1501_12-768x512.jpg 768w, https:\/\/franciscanos.org.br\/noticias\/wp-content\/uploads\/2022\/01\/angola_1501_12-150x100.jpg 150w\" sizes=\"(max-width: 1106px) 100vw, 1106px\" \/><\/p>\n<p><img loading=\"lazy\" class=\"alignnone size-full wp-image-236027\" src=\"https:\/\/franciscanos.org.br\/noticias\/wp-content\/uploads\/2022\/01\/angola_1501_123.jpg\" alt=\"\" width=\"1106\" height=\"737\" srcset=\"https:\/\/franciscanos.org.br\/noticias\/wp-content\/uploads\/2022\/01\/angola_1501_123.jpg 1106w, https:\/\/franciscanos.org.br\/noticias\/wp-content\/uploads\/2022\/01\/angola_1501_123-450x300.jpg 450w, https:\/\/franciscanos.org.br\/noticias\/wp-content\/uploads\/2022\/01\/angola_1501_123-1024x682.jpg 1024w, https:\/\/franciscanos.org.br\/noticias\/wp-content\/uploads\/2022\/01\/angola_1501_123-768x512.jpg 768w, https:\/\/franciscanos.org.br\/noticias\/wp-content\/uploads\/2022\/01\/angola_1501_123-150x100.jpg 150w\" sizes=\"(max-width: 1106px) 100vw, 1106px\" \/><\/p>\n<p><img loading=\"lazy\" class=\"alignnone size-full wp-image-236028\" src=\"https:\/\/franciscanos.org.br\/noticias\/wp-content\/uploads\/2022\/01\/angola_1501_14.jpg\" alt=\"\" width=\"1106\" height=\"737\" srcset=\"https:\/\/franciscanos.org.br\/noticias\/wp-content\/uploads\/2022\/01\/angola_1501_14.jpg 1106w, https:\/\/franciscanos.org.br\/noticias\/wp-content\/uploads\/2022\/01\/angola_1501_14-450x300.jpg 450w, https:\/\/franciscanos.org.br\/noticias\/wp-content\/uploads\/2022\/01\/angola_1501_14-1024x682.jpg 1024w, https:\/\/franciscanos.org.br\/noticias\/wp-content\/uploads\/2022\/01\/angola_1501_14-768x512.jpg 768w, https:\/\/franciscanos.org.br\/noticias\/wp-content\/uploads\/2022\/01\/angola_1501_14-150x100.jpg 150w\" sizes=\"(max-width: 1106px) 100vw, 1106px\" \/><\/p>\n<p>J\u00e1 os frades neo-ordenados, na pessoa de Frei Santana Cafunda, exultantes de alegria, agradeceram aos seus pais que os trouxeram ao mundo e os apresentaram \u00e0 Igreja e pediram que rezassem por eles, pois o sacerdote \u00e9 um \u201cm\u00e9dico-doente\u201d, \u201cm\u00e9dico enquanto leva a esperan\u00e7a, consolo e a cura de Deus aos outros, entretanto, \u00e9 doente porque precisa de b\u00ean\u00e7\u00e3os de cura, e o maior presente que algu\u00e9m pode oferecer a um sacerdote \u00e9 a ora\u00e7\u00e3o\u201d, disse Frei Santana. Tamb\u00e9m manifestaram profunda gratid\u00e3o \u00e0s Irm\u00e3s Clarissas, aos seus catequistas, orientadores vocacionais, \u00e0 Ordem Franciscana e a todo povo de Deus.<\/p>\n<p>Com mais estes tr\u00eas ordenados, a FIMDA (Funda\u00e7\u00e3o Imaculada M\u00e3e de Deus) passa a ter nove frades sacerdotes angolanos.<\/p>\n<hr \/>\n<p><em>Frei Tom\u00e1s Gaspar e frei David Gaieta<\/em><\/p>\n","protected":false},"excerpt":{"rendered":"<p>Ordena\u00e7\u00f5es presbiterais em Angola<\/p>\n","protected":false},"author":3,"featured_media":236015,"comment_status":"open","ping_status":"open","sticky":false,"template":"","format":"standard","meta":[],"categories":[1],"tags":[1956],"acf":[],"yoast_head":"<!-- This site is optimized with the Yoast SEO plugin v19.2 - https:\/\/yoast.com\/wordpress\/plugins\/seo\/ -->\n<title>Igreja de Angola e Fam\u00edlia Franciscana em festa com as ordena\u00e7\u00f5es presbiterais de Frei Canga, Frei Santana e Frei M\u00e1rio - Not\u00edcias - Franciscanos<\/title>\n<meta name=\"robots\" content=\"index, follow, max-snippet:-1, max-image-preview:large, max-video-preview:-1\" \/>\n<link rel=\"canonical\" href=\"https:\/\/franciscanos.org.br\/noticias\/igreja-de-angola-e-familia-franciscana-em-festa-com-as-ordenacoes-presbiterais-de-frei-canga-frei-santana-e-frei-mario.html\" \/>\n<meta property=\"og:locale\" content=\"pt_BR\" \/>\n<meta property=\"og:type\" content=\"article\" \/>\n<meta property=\"og:title\" content=\"Igreja de Angola e Fam\u00edlia Franciscana em festa com as ordena\u00e7\u00f5es presbiterais de Frei Canga, Frei Santana e Frei M\u00e1rio - Not\u00edcias - Franciscanos\" \/>\n<meta property=\"og:description\" content=\"Ordena\u00e7\u00f5es presbiterais em Angola\" \/>\n<meta property=\"og:url\" content=\"https:\/\/franciscanos.org.br\/noticias\/igreja-de-angola-e-familia-franciscana-em-festa-com-as-ordenacoes-presbiterais-de-frei-canga-frei-santana-e-frei-mario.html\" \/>\n<meta property=\"og:site_name\" content=\"Not\u00edcias - Franciscanos\" \/>\n<meta property=\"article:published_time\" content=\"2022-01-15T23:52:44+00:00\" \/>\n<meta property=\"article:modified_time\" content=\"2022-01-15T23:53:58+00:00\" \/>\n<meta property=\"og:image\" content=\"https:\/\/franciscanos.org.br\/noticias\/wp-content\/uploads\/2022\/01\/angola_1501_5.jpg\" \/>\n\t<meta property=\"og:image:width\" content=\"1106\" \/>\n\t<meta property=\"og:image:height\" content=\"737\" \/>\n\t<meta property=\"og:image:type\" content=\"image\/jpeg\" \/>\n<meta name=\"author\" content=\"moacir\" \/>\n<meta name=\"twitter:card\" content=\"summary_large_image\" \/>\n<meta name=\"twitter:label1\" content=\"Escrito por\" \/>\n\t<meta name=\"twitter:data1\" content=\"moacir\" \/>\n\t<meta name=\"twitter:label2\" content=\"Est. tempo de leitura\" \/>\n\t<meta name=\"twitter:data2\" content=\"3 minutos\" \/>\n<script type=\"application\/ld+json\" class=\"yoast-schema-graph\">{\"@context\":\"https:\/\/schema.org\",\"@graph\":[{\"@type\":\"WebSite\",\"@id\":\"https:\/\/franciscanos.org.br\/noticias\/#website\",\"url\":\"https:\/\/franciscanos.org.br\/noticias\/\",\"name\":\"Not\u00edcias - Franciscanos\",\"description\":\"Prov\u00edncia Franciscana da Imaculada Concei\u00e7\u00e3o do Brasil - Ordem dos Frades Menores - OFM\",\"potentialAction\":[{\"@type\":\"SearchAction\",\"target\":{\"@type\":\"EntryPoint\",\"urlTemplate\":\"https:\/\/franciscanos.org.br\/noticias\/?s={search_term_string}\"},\"query-input\":\"required name=search_term_string\"}],\"inLanguage\":\"pt-BR\"},{\"@type\":\"ImageObject\",\"inLanguage\":\"pt-BR\",\"@id\":\"https:\/\/franciscanos.org.br\/noticias\/igreja-de-angola-e-familia-franciscana-em-festa-com-as-ordenacoes-presbiterais-de-frei-canga-frei-santana-e-frei-mario.html#primaryimage\",\"url\":\"https:\/\/franciscanos.org.br\/noticias\/wp-content\/uploads\/2022\/01\/angola_1501_5.jpg\",\"contentUrl\":\"https:\/\/franciscanos.org.br\/noticias\/wp-content\/uploads\/2022\/01\/angola_1501_5.jpg\",\"width\":1106,\"height\":737},{\"@type\":\"WebPage\",\"@id\":\"https:\/\/franciscanos.org.br\/noticias\/igreja-de-angola-e-familia-franciscana-em-festa-com-as-ordenacoes-presbiterais-de-frei-canga-frei-santana-e-frei-mario.html#webpage\",\"url\":\"https:\/\/franciscanos.org.br\/noticias\/igreja-de-angola-e-familia-franciscana-em-festa-com-as-ordenacoes-presbiterais-de-frei-canga-frei-santana-e-frei-mario.html\",\"name\":\"Igreja de Angola e Fam\u00edlia Franciscana em festa com as ordena\u00e7\u00f5es presbiterais de Frei Canga, Frei Santana e Frei M\u00e1rio - Not\u00edcias - Franciscanos\",\"isPartOf\":{\"@id\":\"https:\/\/franciscanos.org.br\/noticias\/#website\"},\"primaryImageOfPage\":{\"@id\":\"https:\/\/franciscanos.org.br\/noticias\/igreja-de-angola-e-familia-franciscana-em-festa-com-as-ordenacoes-presbiterais-de-frei-canga-frei-santana-e-frei-mario.html#primaryimage\"},\"datePublished\":\"2022-01-15T23:52:44+00:00\",\"dateModified\":\"2022-01-15T23:53:58+00:00\",\"author\":{\"@id\":\"https:\/\/franciscanos.org.br\/noticias\/#\/schema\/person\/b5c8cba458c330ccff548b056e95a5d4\"},\"breadcrumb\":{\"@id\":\"https:\/\/franciscanos.org.br\/noticias\/igreja-de-angola-e-familia-franciscana-em-festa-com-as-ordenacoes-presbiterais-de-frei-canga-frei-santana-e-frei-mario.html#breadcrumb\"},\"inLanguage\":\"pt-BR\",\"potentialAction\":[{\"@type\":\"ReadAction\",\"target\":[\"https:\/\/franciscanos.org.br\/noticias\/igreja-de-angola-e-familia-franciscana-em-festa-com-as-ordenacoes-presbiterais-de-frei-canga-frei-santana-e-frei-mario.html\"]}]},{\"@type\":\"BreadcrumbList\",\"@id\":\"https:\/\/franciscanos.org.br\/noticias\/igreja-de-angola-e-familia-franciscana-em-festa-com-as-ordenacoes-presbiterais-de-frei-canga-frei-santana-e-frei-mario.html#breadcrumb\",\"itemListElement\":[{\"@type\":\"ListItem\",\"position\":1,\"name\":\"Home\",\"item\":\"https:\/\/franciscanos.org.br\/noticias\"},{\"@type\":\"ListItem\",\"position\":2,\"name\":\"Igreja de Angola e Fam\u00edlia Franciscana em festa com as ordena\u00e7\u00f5es presbiterais de Frei Canga, Frei Santana e Frei M\u00e1rio\"}]},{\"@type\":\"Person\",\"@id\":\"https:\/\/franciscanos.org.br\/noticias\/#\/schema\/person\/b5c8cba458c330ccff548b056e95a5d4\",\"name\":\"moacir\",\"image\":{\"@type\":\"ImageObject\",\"inLanguage\":\"pt-BR\",\"@id\":\"https:\/\/franciscanos.org.br\/noticias\/#\/schema\/person\/image\/\",\"url\":\"https:\/\/secure.gravatar.com\/avatar\/d08aa2ce4c8dd416d4479aa8536fcf64?s=96&d=mm&r=g\",\"contentUrl\":\"https:\/\/secure.gravatar.com\/avatar\/d08aa2ce4c8dd416d4479aa8536fcf64?s=96&d=mm&r=g\",\"caption\":\"moacir\"},\"url\":\"https:\/\/franciscanos.org.br\/noticias\/author\/moacir\"}]}<\/script>\n<!-- \/ Yoast SEO plugin. -->","yoast_head_json":{"title":"Igreja de Angola e Fam\u00edlia Franciscana em festa com as ordena\u00e7\u00f5es presbiterais de Frei Canga, Frei Santana e Frei M\u00e1rio - Not\u00edcias - Franciscanos","robots":{"index":"index","follow":"follow","max-snippet":"max-snippet:-1","max-image-preview":"max-image-preview:large","max-video-preview":"max-video-preview:-1"},"canonical":"https:\/\/franciscanos.org.br\/noticias\/igreja-de-angola-e-familia-franciscana-em-festa-com-as-ordenacoes-presbiterais-de-frei-canga-frei-santana-e-frei-mario.html","og_locale":"pt_BR","og_type":"article","og_title":"Igreja de Angola e Fam\u00edlia Franciscana em festa com as ordena\u00e7\u00f5es presbiterais de Frei Canga, Frei Santana e Frei M\u00e1rio - Not\u00edcias - Franciscanos","og_description":"Ordena\u00e7\u00f5es presbiterais em Angola","og_url":"https:\/\/franciscanos.org.br\/noticias\/igreja-de-angola-e-familia-franciscana-em-festa-com-as-ordenacoes-presbiterais-de-frei-canga-frei-santana-e-frei-mario.html","og_site_name":"Not\u00edcias - Franciscanos","article_published_time":"2022-01-15T23:52:44+00:00","article_modified_time":"2022-01-15T23:53:58+00:00","og_image":[{"width":1106,"height":737,"url":"https:\/\/franciscanos.org.br\/noticias\/wp-content\/uploads\/2022\/01\/angola_1501_5.jpg","type":"image\/jpeg"}],"author":"moacir","twitter_card":"summary_large_image","twitter_misc":{"Escrito por":"moacir","Est. tempo de leitura":"3 minutos"},"schema":{"@context":"https:\/\/schema.org","@graph":[{"@type":"WebSite","@id":"https:\/\/franciscanos.org.br\/noticias\/#website","url":"https:\/\/franciscanos.org.br\/noticias\/","name":"Not\u00edcias - Franciscanos","description":"Prov\u00edncia Franciscana da Imaculada Concei\u00e7\u00e3o do Brasil - Ordem dos Frades Menores - OFM","potentialAction":[{"@type":"SearchAction","target":{"@type":"EntryPoint","urlTemplate":"https:\/\/franciscanos.org.br\/noticias\/?s={search_term_string}"},"query-input":"required name=search_term_string"}],"inLanguage":"pt-BR"},{"@type":"ImageObject","inLanguage":"pt-BR","@id":"https:\/\/franciscanos.org.br\/noticias\/igreja-de-angola-e-familia-franciscana-em-festa-com-as-ordenacoes-presbiterais-de-frei-canga-frei-santana-e-frei-mario.html#primaryimage","url":"https:\/\/franciscanos.org.br\/noticias\/wp-content\/uploads\/2022\/01\/angola_1501_5.jpg","contentUrl":"https:\/\/franciscanos.org.br\/noticias\/wp-content\/uploads\/2022\/01\/angola_1501_5.jpg","width":1106,"height":737},{"@type":"WebPage","@id":"https:\/\/franciscanos.org.br\/noticias\/igreja-de-angola-e-familia-franciscana-em-festa-com-as-ordenacoes-presbiterais-de-frei-canga-frei-santana-e-frei-mario.html#webpage","url":"https:\/\/franciscanos.org.br\/noticias\/igreja-de-angola-e-familia-franciscana-em-festa-com-as-ordenacoes-presbiterais-de-frei-canga-frei-santana-e-frei-mario.html","name":"Igreja de Angola e Fam\u00edlia Franciscana em festa com as ordena\u00e7\u00f5es presbiterais de Frei Canga, Frei Santana e Frei M\u00e1rio - Not\u00edcias - Franciscanos","isPartOf":{"@id":"https:\/\/franciscanos.org.br\/noticias\/#website"},"primaryImageOfPage":{"@id":"https:\/\/franciscanos.org.br\/noticias\/igreja-de-angola-e-familia-franciscana-em-festa-com-as-ordenacoes-presbiterais-de-frei-canga-frei-santana-e-frei-mario.html#primaryimage"},"datePublished":"2022-01-15T23:52:44+00:00","dateModified":"2022-01-15T23:53:58+00:00","author":{"@id":"https:\/\/franciscanos.org.br\/noticias\/#\/schema\/person\/b5c8cba458c330ccff548b056e95a5d4"},"breadcrumb":{"@id":"https:\/\/franciscanos.org.br\/noticias\/igreja-de-angola-e-familia-franciscana-em-festa-com-as-ordenacoes-presbiterais-de-frei-canga-frei-santana-e-frei-mario.html#breadcrumb"},"inLanguage":"pt-BR","potentialAction":[{"@type":"ReadAction","target":["https:\/\/franciscanos.org.br\/noticias\/igreja-de-angola-e-familia-franciscana-em-festa-com-as-ordenacoes-presbiterais-de-frei-canga-frei-santana-e-frei-mario.html"]}]},{"@type":"BreadcrumbList","@id":"https:\/\/franciscanos.org.br\/noticias\/igreja-de-angola-e-familia-franciscana-em-festa-com-as-ordenacoes-presbiterais-de-frei-canga-frei-santana-e-frei-mario.html#breadcrumb","itemListElement":[{"@type":"ListItem","position":1,"name":"Home","item":"https:\/\/franciscanos.org.br\/noticias"},{"@type":"ListItem","position":2,"name":"Igreja de Angola e Fam\u00edlia Franciscana em festa com as ordena\u00e7\u00f5es presbiterais de Frei Canga, Frei Santana e Frei M\u00e1rio"}]},{"@type":"Person","@id":"https:\/\/franciscanos.org.br\/noticias\/#\/schema\/person\/b5c8cba458c330ccff548b056e95a5d4","name":"moacir","image":{"@type":"ImageObject","inLanguage":"pt-BR","@id":"https:\/\/franciscanos.org.br\/noticias\/#\/schema\/person\/image\/","url":"https:\/\/secure.gravatar.com\/avatar\/d08aa2ce4c8dd416d4479aa8536fcf64?s=96&d=mm&r=g","contentUrl":"https:\/\/secure.gravatar.com\/avatar\/d08aa2ce4c8dd416d4479aa8536fcf64?s=96&d=mm&r=g","caption":"moacir"},"url":"https:\/\/franciscanos.org.br\/noticias\/author\/moacir"}]}},"_links":{"self":[{"href":"https:\/\/franciscanos.org.br\/noticias\/wp-json\/wp\/v2\/posts\/236014"}],"collection":[{"href":"https:\/\/franciscanos.org.br\/noticias\/wp-json\/wp\/v2\/posts"}],"about":[{"href":"https:\/\/franciscanos.org.br\/noticias\/wp-json\/wp\/v2\/types\/post"}],"author":[{"embeddable":true,"href":"https:\/\/franciscanos.org.br\/noticias\/wp-json\/wp\/v2\/users\/3"}],"replies":[{"embeddable":true,"href":"https:\/\/franciscanos.org.br\/noticias\/wp-json\/wp\/v2\/comments?post=236014"}],"version-history":[{"count":3,"href":"https:\/\/franciscanos.org.br\/noticias\/wp-json\/wp\/v2\/posts\/236014\/revisions"}],"predecessor-version":[{"id":236031,"href":"https:\/\/franciscanos.org.br\/noticias\/wp-json\/wp\/v2\/posts\/236014\/revisions\/236031"}],"wp:featuredmedia":[{"embeddable":true,"href":"https:\/\/franciscanos.org.br\/noticias\/wp-json\/wp\/v2\/media\/236015"}],"wp:attachment":[{"href":"https:\/\/franciscanos.org.br\/noticias\/wp-json\/wp\/v2\/media?parent=236014"}],"wp:term":[{"taxonomy":"category","embeddable":true,"href":"https:\/\/franciscanos.org.br\/noticias\/wp-json\/wp\/v2\/categories?post=236014"},{"taxonomy":"post_tag","embeddable":true,"href":"https:\/\/franciscanos.org.br\/noticias\/wp-json\/wp\/v2\/tags?post=236014"}],"curies":[{"name":"wp","href":"https:\/\/api.w.org\/{rel}","templated":true}]}}