{"id":235997,"date":"2022-01-11T18:44:20","date_gmt":"2022-01-11T21:44:20","guid":{"rendered":"https:\/\/franciscanos.org.br\/noticias\/?p=235997"},"modified":"2022-01-11T19:34:51","modified_gmt":"2022-01-11T22:34:51","slug":"convento-da-penha-amplia-horario-de-funcionamento-e-realiza-mais-missas-durante-o-verao","status":"publish","type":"post","link":"https:\/\/franciscanos.org.br\/noticias\/convento-da-penha-amplia-horario-de-funcionamento-e-realiza-mais-missas-durante-o-verao.html","title":{"rendered":"Convento da Penha amplia hor\u00e1rio de funcionamento e realiza mais Missas durante o ver\u00e3o"},"content":{"rendered":"<div class=\"elementor-element elementor-element-c58523a elementor-widget elementor-widget-heading\" data-id=\"c58523a\" data-element_type=\"widget\" data-widget_type=\"heading.default\">\n<div class=\"elementor-widget-container\">\n<h2 class=\"elementor-heading-title elementor-size-default\"><img loading=\"lazy\" class=\"attachment-large size-large\" style=\"font-size: 16px;\" src=\"https:\/\/cdn.conventodapenha.org.br\/wp-content\/uploads\/2022\/01\/11112829\/Atividades-do-Convento-JANEIRO-2022-CAPA-DE-MATERIA-1024x552.png\" sizes=\"(max-width: 800px) 100vw, 800px\" srcset=\"https:\/\/cdn.conventodapenha.org.br\/wp-content\/uploads\/2022\/01\/11112829\/Atividades-do-Convento-JANEIRO-2022-CAPA-DE-MATERIA-1024x552.png 1024w, https:\/\/cdn.conventodapenha.org.br\/wp-content\/uploads\/2022\/01\/11112829\/Atividades-do-Convento-JANEIRO-2022-CAPA-DE-MATERIA-300x162.png 300w, https:\/\/cdn.conventodapenha.org.br\/wp-content\/uploads\/2022\/01\/11112829\/Atividades-do-Convento-JANEIRO-2022-CAPA-DE-MATERIA-768x414.png 768w, https:\/\/cdn.conventodapenha.org.br\/wp-content\/uploads\/2022\/01\/11112829\/Atividades-do-Convento-JANEIRO-2022-CAPA-DE-MATERIA.png 1500w\" alt=\"\" width=\"800\" height=\"431\" \/><\/h2>\n<\/div>\n<\/div>\n<section class=\"elementor-section elementor-inner-section elementor-element elementor-element-f8deb7c elementor-section-boxed elementor-section-height-default elementor-section-height-default\" data-id=\"f8deb7c\" data-element_type=\"section\">\n<div class=\"elementor-container elementor-column-gap-no\">\n<div class=\"elementor-row\">\n<div class=\"elementor-column elementor-col-100 elementor-inner-column elementor-element elementor-element-2f712a1\" data-id=\"2f712a1\" data-element_type=\"column\">\n<div class=\"elementor-column-wrap elementor-element-populated\">\n<div class=\"elementor-widget-wrap\">\n<div class=\"elementor-element elementor-element-2ad489a elementor-widget elementor-widget-theme-post-featured-image elementor-widget-image\" data-id=\"2ad489a\" data-element_type=\"widget\" data-widget_type=\"theme-post-featured-image.default\">\n<div class=\"elementor-widget-container\">\n<div class=\"elementor-image\"><\/div>\n<\/div>\n<\/div>\n<div class=\"elementor-element elementor-element-16e558a elementor-widget elementor-widget-theme-post-content\" data-id=\"16e558a\" data-element_type=\"widget\" data-widget_type=\"theme-post-content.default\">\n<div class=\"elementor-widget-container\">\n<p>Diante do crescente n\u00famero de visitantes e turistas que acorrem ao principal ponto tur\u00edstico, religioso e hist\u00f3rico do Esp\u00edrito Santo, a Fraternidade Franciscana do Convento da Penha vai ampliar o hor\u00e1rio de funcionamento e realizar mais Missas no Campinho at\u00e9 o Carnaval. A iniciativa tem o objetivo de acolher ainda mais os peregrinos e fi\u00e9is que muitas vezes viajam de outros estados e at\u00e9 de outros pa\u00edses e desejam conhecer um dos Santu\u00e1rios Marianos mais importantes do Brasil.<\/p>\n<p>A medida passa a valer a partir do pr\u00f3ximo s\u00e1bado, dia 15 de janeiro, assim os turistas que est\u00e3o de passagem pela Grande Vit\u00f3ria poder\u00e3o aproveitar as praias capixabas ou os outros pontos tur\u00edsticos e subirem ao Convento no mesmo dia, por exemplo, para a celebra\u00e7\u00e3o da Santa Eucaristia.<\/p>\n<p>De acordo com o guardi\u00e3o do Convento, Frei Djalmo Fuck, a ideia \u00e9 possibilitar aos fi\u00e9is mais hor\u00e1rios de Missas e aumentar n\u00e3o s\u00f3 a quantidade de visitantes como distribu\u00ed-los em mais tempo de funcionamento. \u201cNa pr\u00e1tica, havia um espa\u00e7amento muito grande entre uma Missa e outra, agora n\u00f3s vamos possibilitar mais hor\u00e1rios. Caso algu\u00e9m perca uma Missa, pode subir at\u00e9 a Capela para rezar e quando estiver descendo pode participar de uma Missa\u201d, comentou Frei Djalmo.<\/p>\n<p>Frei Djalmo reiterou que s\u00f3 foi poss\u00edvel planejar os novos hor\u00e1rios de funcionamento do Convento porque as condi\u00e7\u00f5es sanit\u00e1rias permitiram, uma vez que a quantidade de pessoas vacinadas \u00e9 satisfat\u00f3ria. \u201cGra\u00e7as a Deus muitas pessoas aderiram \u00e0 vacina\u00e7\u00e3o contra a Covid-19 e, com isso, a gente conseguiu pensar em uma programa\u00e7\u00e3o de ver\u00e3o, ao menos at\u00e9 o Carnaval, para acolher melhor as pessoas. A vacina \u00e9 importante pois nos d\u00e1 essa seguran\u00e7a para avan\u00e7armos, devagar, com cautela,\u00a0 em novas atividades e novos hor\u00e1rios\u201d, explica.<\/p>\n<p>Os frades n\u00e3o descartam a possibilidade de estender os novos hor\u00e1rios mesmo com o fim do ver\u00e3o. H\u00e1 expectativa que at\u00e9 a Festa da Penha (neste ano realizada de 17 a 25 de abril) o Convento continue a oferecer mais celebra\u00e7\u00f5es eucar\u00edsticas e hor\u00e1rios mais estendidos para visita\u00e7\u00e3o. \u201cTemos uma reuni\u00e3o com a comiss\u00e3o organizadora da Festa da Penha no in\u00edcio de fevereiro, l\u00e1 vamos analisar o cen\u00e1rio atual da pandemia no Esp\u00edrito Santo e diante disso ser\u00e1 poss\u00edvel planejar alguns passos importantes\u201d, disse Frei Djalmo.<\/p>\n<p>Uma outra novidade anunciada pelo novo guardi\u00e3o e reitor do Convento da Penha, \u00e9 a realiza\u00e7\u00e3o de algumas Missas na Capela no alto do Convento. \u201cPor enquanto, ainda vamos fazer aqui no Campinho as Missas, mas nosso desejo \u00e9 que, na medida do poss\u00edvel, se a gente se cuidar, poderemos fazer nossas celebra\u00e7\u00f5es l\u00e1 dentro do Santu\u00e1rio. Enquanto isso ainda n\u00e3o for poss\u00edvel, vamos fazer as nossas celebra\u00e7\u00f5es no Campinho\u201d, finalizou Frei Dalmo.<\/p>\n<p><iframe loading=\"lazy\" title=\"#Ver\u00e3o2022 | Novos hor\u00e1rios de funcionamento do Convento\" src=\"https:\/\/www.youtube.com\/embed\/__S71xRaUh0?feature=oembed\" width=\"800\" height=\"450\" frameborder=\"0\" allowfullscreen=\"allowfullscreen\" data-mce-fragment=\"1\"><\/iframe><\/p>\n<hr \/>\n<h3>Missas presenciais no Campinho<\/h3>\n<p><strong>Segunda a sexta<\/strong><br \/>\n7h, 9h, 10h30, 15h (tamb\u00e9m transmitida pelas redes sociais) e 17h<\/p>\n<p><strong>S\u00e1bados<\/strong><br \/>\n7h, 9h, 10h30, 15h (tamb\u00e9m transmitida pelas redes sociais), 17h e 19h<\/p>\n<p><strong>Domingos<\/strong><br \/>\n5h, 7h, 9h (tamb\u00e9m transmitida pelas redes sociais), 10h30, 15h e 17h<\/p>\n<h3>Confiss\u00f5es (sem necessidade de agendamento)<\/h3>\n<p><strong>Diariamente<\/strong><br \/>\n8h30 \u00e0s 11h e 14h \u00e0s 16h<\/p>\n<h3><strong>Port\u00e3o de acesso ao Campinho<\/strong><\/h3>\n<p><strong>Segunda a sexta<\/strong><br \/>\n6h \u00e0s 17h30<\/p>\n<p><strong>S\u00e1bado<\/strong><br \/>\n6h \u00e0s 19h30<\/p>\n<p><strong>Domingo<\/strong><br \/>\n4h \u00e0s 17h30<\/p>\n<h3>Visitas ao Santu\u00e1rio<\/h3>\n<p><strong>Segunda a s\u00e1bado<\/strong><br \/>\nA Capela fica aberta ao p\u00fablico de\u00a0<strong>6h \u00e0s 17h30<\/strong>, apenas para ora\u00e7\u00e3o pessoal e visita\u00e7\u00e3o.<\/p>\n<p><strong>Domingos<\/strong><br \/>\nA Capela fica aberta ao p\u00fablico de\u00a0<strong>4h \u00e0s 17h30<\/strong>, apenas para ora\u00e7\u00e3o pessoal e visita\u00e7\u00e3o.<\/p>\n<h3>Secretaria e Sala dos Milagres<\/h3>\n<p><strong>Diariamente<\/strong><br \/>\n8h \u00e0s 16h<\/p>\n<h3>Lanchonete<\/h3>\n<p><strong>Segunda a s\u00e1bado<\/strong><br \/>\n8h \u00e0s 16h<\/p>\n<p><strong>Domingos<\/strong><br \/>\n8h \u00e0s 17h<\/p>\n<h3>Capela de S\u00e3o Francisco<\/h3>\n<p><strong>Diariamente<\/strong><br \/>\n7h \u00e0s 17h<\/p>\n<h3>Vans de transporte<\/h3>\n<p><strong>Segunda a sexta<\/strong><br \/>\n6h \u00e0s 18h30<\/p>\n<p><strong>S\u00e1bado<\/strong><br \/>\n6h \u00e0s 20h30<\/p>\n<p><strong>Domingo<\/strong><br \/>\n4h30 \u00e0s 18h30<\/p>\n<h3>Subida de autom\u00f3veis<\/h3>\n<p><strong>Acesso liberado<\/strong>\u00a0aos primeiros\u00a0<strong>quarenta (40)<\/strong>\u00a0autom\u00f3veis que chegarem para a Missa das 7h (de segunda a s\u00e1bado) e Missa das 5h (aos domingos), ap\u00f3s este hor\u00e1rio ou atingindo o limite de vagas, a subida de autom\u00f3veis ficar\u00e1 restrita \u00e0queles que estiverem transportando beb\u00eas de colo, idosos com dificuldade de locomo\u00e7\u00e3o e portadores de necessidades especiais. As vans funcionam normalmente.<\/p>\n<p><strong>Durante as Missas n\u00e3o \u00e9 permitida a subida de autom\u00f3veis ainda que estejam nas condi\u00e7\u00f5es permitidas acima.<\/strong><\/p>\n<p>\u00c9 importante ressaltar o uso obrigat\u00f3rio de m\u00e1scara, \u00e1lcool (em gel ou 70%) e o distanciamento social.<\/p>\n<div id=\"gallery-1\" class=\"gallery galleryid-116194 gallery-columns-3 gallery-size-thumbnail\">\n<figure class=\"gallery-item\">\n\t\t<style type=\"text\/css\">\n\t\t\t#gallery-1 {\n\t\t\t\tmargin: auto;\n\t\t\t}\n\t\t\t#gallery-1 .gallery-item {\n\t\t\t\tfloat: left;\n\t\t\t\tmargin-top: 10px;\n\t\t\t\ttext-align: center;\n\t\t\t\twidth: 16%;\n\t\t\t}\n\t\t\t#gallery-1 img {\n\t\t\t\tborder: 2px solid #cfcfcf;\n\t\t\t}\n\t\t\t#gallery-1 .gallery-caption {\n\t\t\t\tmargin-left: 0;\n\t\t\t}\n\t\t\t\/* see gallery_shortcode() in wp-includes\/media.php *\/\n\t\t<\/style>\n\t\t<div id='gallery-1' class='gallery galleryid-235997 gallery-columns-6 gallery-size-thumbnail'><dl class='gallery-item'>\n\t\t\t<dt class='gallery-icon landscape'>\n\t\t\t\t<a href='https:\/\/franciscanos.org.br\/noticias\/wp-content\/uploads\/2022\/01\/Atividades-do-Convento-JANEIRO-2022-AUTOMOVEIS-1.png'><img width=\"300\" height=\"300\" src=\"https:\/\/franciscanos.org.br\/noticias\/wp-content\/uploads\/2022\/01\/Atividades-do-Convento-JANEIRO-2022-AUTOMOVEIS-1-300x300.png\" class=\"attachment-thumbnail size-thumbnail\" alt=\"\" loading=\"lazy\" srcset=\"https:\/\/franciscanos.org.br\/noticias\/wp-content\/uploads\/2022\/01\/Atividades-do-Convento-JANEIRO-2022-AUTOMOVEIS-1-300x300.png 300w, https:\/\/franciscanos.org.br\/noticias\/wp-content\/uploads\/2022\/01\/Atividades-do-Convento-JANEIRO-2022-AUTOMOVEIS-1-450x450.png 450w, https:\/\/franciscanos.org.br\/noticias\/wp-content\/uploads\/2022\/01\/Atividades-do-Convento-JANEIRO-2022-AUTOMOVEIS-1-1024x1024.png 1024w, https:\/\/franciscanos.org.br\/noticias\/wp-content\/uploads\/2022\/01\/Atividades-do-Convento-JANEIRO-2022-AUTOMOVEIS-1-768x768.png 768w, https:\/\/franciscanos.org.br\/noticias\/wp-content\/uploads\/2022\/01\/Atividades-do-Convento-JANEIRO-2022-AUTOMOVEIS-1-150x150.png 150w, https:\/\/franciscanos.org.br\/noticias\/wp-content\/uploads\/2022\/01\/Atividades-do-Convento-JANEIRO-2022-AUTOMOVEIS-1-100x100.png 100w, https:\/\/franciscanos.org.br\/noticias\/wp-content\/uploads\/2022\/01\/Atividades-do-Convento-JANEIRO-2022-AUTOMOVEIS-1.png 1080w\" sizes=\"(max-width: 300px) 100vw, 300px\" \/><\/a>\n\t\t\t<\/dt><\/dl><dl class='gallery-item'>\n\t\t\t<dt class='gallery-icon landscape'>\n\t\t\t\t<a href='https:\/\/franciscanos.org.br\/noticias\/wp-content\/uploads\/2022\/01\/Atividades-do-Convento-JANEIRO-2022-CONFISSOES-1.png'><img width=\"300\" height=\"300\" src=\"https:\/\/franciscanos.org.br\/noticias\/wp-content\/uploads\/2022\/01\/Atividades-do-Convento-JANEIRO-2022-CONFISSOES-1-300x300.png\" class=\"attachment-thumbnail size-thumbnail\" alt=\"\" loading=\"lazy\" srcset=\"https:\/\/franciscanos.org.br\/noticias\/wp-content\/uploads\/2022\/01\/Atividades-do-Convento-JANEIRO-2022-CONFISSOES-1-300x300.png 300w, https:\/\/franciscanos.org.br\/noticias\/wp-content\/uploads\/2022\/01\/Atividades-do-Convento-JANEIRO-2022-CONFISSOES-1-450x450.png 450w, https:\/\/franciscanos.org.br\/noticias\/wp-content\/uploads\/2022\/01\/Atividades-do-Convento-JANEIRO-2022-CONFISSOES-1-1024x1024.png 1024w, https:\/\/franciscanos.org.br\/noticias\/wp-content\/uploads\/2022\/01\/Atividades-do-Convento-JANEIRO-2022-CONFISSOES-1-768x768.png 768w, https:\/\/franciscanos.org.br\/noticias\/wp-content\/uploads\/2022\/01\/Atividades-do-Convento-JANEIRO-2022-CONFISSOES-1-150x150.png 150w, https:\/\/franciscanos.org.br\/noticias\/wp-content\/uploads\/2022\/01\/Atividades-do-Convento-JANEIRO-2022-CONFISSOES-1-100x100.png 100w, https:\/\/franciscanos.org.br\/noticias\/wp-content\/uploads\/2022\/01\/Atividades-do-Convento-JANEIRO-2022-CONFISSOES-1.png 1080w\" sizes=\"(max-width: 300px) 100vw, 300px\" \/><\/a>\n\t\t\t<\/dt><\/dl><dl class='gallery-item'>\n\t\t\t<dt class='gallery-icon landscape'>\n\t\t\t\t<a href='https:\/\/franciscanos.org.br\/noticias\/wp-content\/uploads\/2022\/01\/Atividades-do-Convento-JANEIRO-2022-FUNCIONAMENTO-1.png'><img width=\"300\" height=\"300\" src=\"https:\/\/franciscanos.org.br\/noticias\/wp-content\/uploads\/2022\/01\/Atividades-do-Convento-JANEIRO-2022-FUNCIONAMENTO-1-300x300.png\" class=\"attachment-thumbnail size-thumbnail\" alt=\"\" loading=\"lazy\" srcset=\"https:\/\/franciscanos.org.br\/noticias\/wp-content\/uploads\/2022\/01\/Atividades-do-Convento-JANEIRO-2022-FUNCIONAMENTO-1-300x300.png 300w, https:\/\/franciscanos.org.br\/noticias\/wp-content\/uploads\/2022\/01\/Atividades-do-Convento-JANEIRO-2022-FUNCIONAMENTO-1-450x450.png 450w, https:\/\/franciscanos.org.br\/noticias\/wp-content\/uploads\/2022\/01\/Atividades-do-Convento-JANEIRO-2022-FUNCIONAMENTO-1-1024x1024.png 1024w, https:\/\/franciscanos.org.br\/noticias\/wp-content\/uploads\/2022\/01\/Atividades-do-Convento-JANEIRO-2022-FUNCIONAMENTO-1-768x768.png 768w, https:\/\/franciscanos.org.br\/noticias\/wp-content\/uploads\/2022\/01\/Atividades-do-Convento-JANEIRO-2022-FUNCIONAMENTO-1-150x150.png 150w, https:\/\/franciscanos.org.br\/noticias\/wp-content\/uploads\/2022\/01\/Atividades-do-Convento-JANEIRO-2022-FUNCIONAMENTO-1-100x100.png 100w, https:\/\/franciscanos.org.br\/noticias\/wp-content\/uploads\/2022\/01\/Atividades-do-Convento-JANEIRO-2022-FUNCIONAMENTO-1.png 1080w\" sizes=\"(max-width: 300px) 100vw, 300px\" \/><\/a>\n\t\t\t<\/dt><\/dl><dl class='gallery-item'>\n\t\t\t<dt class='gallery-icon landscape'>\n\t\t\t\t<a href='https:\/\/franciscanos.org.br\/noticias\/wp-content\/uploads\/2022\/01\/Atividades-do-Convento-JANEIRO-2022-MISSAS-1.png'><img width=\"300\" height=\"300\" src=\"https:\/\/franciscanos.org.br\/noticias\/wp-content\/uploads\/2022\/01\/Atividades-do-Convento-JANEIRO-2022-MISSAS-1-300x300.png\" class=\"attachment-thumbnail size-thumbnail\" alt=\"\" loading=\"lazy\" srcset=\"https:\/\/franciscanos.org.br\/noticias\/wp-content\/uploads\/2022\/01\/Atividades-do-Convento-JANEIRO-2022-MISSAS-1-300x300.png 300w, https:\/\/franciscanos.org.br\/noticias\/wp-content\/uploads\/2022\/01\/Atividades-do-Convento-JANEIRO-2022-MISSAS-1-450x450.png 450w, https:\/\/franciscanos.org.br\/noticias\/wp-content\/uploads\/2022\/01\/Atividades-do-Convento-JANEIRO-2022-MISSAS-1-1024x1024.png 1024w, https:\/\/franciscanos.org.br\/noticias\/wp-content\/uploads\/2022\/01\/Atividades-do-Convento-JANEIRO-2022-MISSAS-1-768x768.png 768w, https:\/\/franciscanos.org.br\/noticias\/wp-content\/uploads\/2022\/01\/Atividades-do-Convento-JANEIRO-2022-MISSAS-1-150x150.png 150w, https:\/\/franciscanos.org.br\/noticias\/wp-content\/uploads\/2022\/01\/Atividades-do-Convento-JANEIRO-2022-MISSAS-1-100x100.png 100w, https:\/\/franciscanos.org.br\/noticias\/wp-content\/uploads\/2022\/01\/Atividades-do-Convento-JANEIRO-2022-MISSAS-1.png 1080w\" sizes=\"(max-width: 300px) 100vw, 300px\" \/><\/a>\n\t\t\t<\/dt><\/dl><dl class='gallery-item'>\n\t\t\t<dt class='gallery-icon landscape'>\n\t\t\t\t<a href='https:\/\/franciscanos.org.br\/noticias\/wp-content\/uploads\/2022\/01\/Atividades-do-Convento-JANEIRO-2022-ORIENTACOES-1.png'><img width=\"300\" height=\"300\" src=\"https:\/\/franciscanos.org.br\/noticias\/wp-content\/uploads\/2022\/01\/Atividades-do-Convento-JANEIRO-2022-ORIENTACOES-1-300x300.png\" class=\"attachment-thumbnail size-thumbnail\" alt=\"\" loading=\"lazy\" srcset=\"https:\/\/franciscanos.org.br\/noticias\/wp-content\/uploads\/2022\/01\/Atividades-do-Convento-JANEIRO-2022-ORIENTACOES-1-300x300.png 300w, https:\/\/franciscanos.org.br\/noticias\/wp-content\/uploads\/2022\/01\/Atividades-do-Convento-JANEIRO-2022-ORIENTACOES-1-450x450.png 450w, https:\/\/franciscanos.org.br\/noticias\/wp-content\/uploads\/2022\/01\/Atividades-do-Convento-JANEIRO-2022-ORIENTACOES-1-1024x1024.png 1024w, https:\/\/franciscanos.org.br\/noticias\/wp-content\/uploads\/2022\/01\/Atividades-do-Convento-JANEIRO-2022-ORIENTACOES-1-768x768.png 768w, https:\/\/franciscanos.org.br\/noticias\/wp-content\/uploads\/2022\/01\/Atividades-do-Convento-JANEIRO-2022-ORIENTACOES-1-150x150.png 150w, https:\/\/franciscanos.org.br\/noticias\/wp-content\/uploads\/2022\/01\/Atividades-do-Convento-JANEIRO-2022-ORIENTACOES-1-100x100.png 100w, https:\/\/franciscanos.org.br\/noticias\/wp-content\/uploads\/2022\/01\/Atividades-do-Convento-JANEIRO-2022-ORIENTACOES-1.png 1080w\" sizes=\"(max-width: 300px) 100vw, 300px\" \/><\/a>\n\t\t\t<\/dt><\/dl><dl class='gallery-item'>\n\t\t\t<dt class='gallery-icon landscape'>\n\t\t\t\t<a href='https:\/\/franciscanos.org.br\/noticias\/wp-content\/uploads\/2022\/01\/Atividades-do-Convento-JANEIRO-2022-SANTUARIO-1.png'><img width=\"300\" height=\"300\" src=\"https:\/\/franciscanos.org.br\/noticias\/wp-content\/uploads\/2022\/01\/Atividades-do-Convento-JANEIRO-2022-SANTUARIO-1-300x300.png\" class=\"attachment-thumbnail size-thumbnail\" alt=\"\" loading=\"lazy\" srcset=\"https:\/\/franciscanos.org.br\/noticias\/wp-content\/uploads\/2022\/01\/Atividades-do-Convento-JANEIRO-2022-SANTUARIO-1-300x300.png 300w, https:\/\/franciscanos.org.br\/noticias\/wp-content\/uploads\/2022\/01\/Atividades-do-Convento-JANEIRO-2022-SANTUARIO-1-450x450.png 450w, https:\/\/franciscanos.org.br\/noticias\/wp-content\/uploads\/2022\/01\/Atividades-do-Convento-JANEIRO-2022-SANTUARIO-1-1024x1024.png 1024w, https:\/\/franciscanos.org.br\/noticias\/wp-content\/uploads\/2022\/01\/Atividades-do-Convento-JANEIRO-2022-SANTUARIO-1-768x768.png 768w, https:\/\/franciscanos.org.br\/noticias\/wp-content\/uploads\/2022\/01\/Atividades-do-Convento-JANEIRO-2022-SANTUARIO-1-150x150.png 150w, https:\/\/franciscanos.org.br\/noticias\/wp-content\/uploads\/2022\/01\/Atividades-do-Convento-JANEIRO-2022-SANTUARIO-1-100x100.png 100w, https:\/\/franciscanos.org.br\/noticias\/wp-content\/uploads\/2022\/01\/Atividades-do-Convento-JANEIRO-2022-SANTUARIO-1.png 1080w\" sizes=\"(max-width: 300px) 100vw, 300px\" \/><\/a>\n\t\t\t<\/dt><\/dl><br style=\"clear: both\" \/>\n\t\t<\/div>\n<p><em>clique nas imagens para ampli\u00e1-las<\/em><\/p>\n<hr \/>\n<p><strong>Orienta\u00e7\u00f5es gerais<\/strong><\/figure>\n<\/div>\n<p><b>\u2013 Insola\u00e7\u00e3o:<\/b>\u00a0O Campinho n\u00e3o conta com muitos espa\u00e7os sombreados e, \u00e0 medida que os rel\u00f3gios avan\u00e7am, o sol se torna mais marcante. Diante disso, nas Missas realizadas no per\u00edodo em que h\u00e1 maior incid\u00eancia de sol, para diminuir o efeito da insola\u00e7\u00e3o, sugerimos que os fi\u00e9is utilizem bon\u00e9s, chap\u00e9us ou mesmo sombrinhas.<\/p>\n<p><b>\u2013 Devotos e visitantes:<\/b>\u00a0Ao Convento se dirigem pessoas com diversas motiva\u00e7\u00f5es. Merece destaque o sem n\u00famero de pessoas que sobem a Montanha Sagrada para o encontro com o Senhor; ao mesmo tempo, nota-se crescente frequ\u00eancia dos que sobem com objetivos de recrea\u00e7\u00e3o e turismo, especialmente a partir da metade da manh\u00e3. Aos que visitam o Convento para a pr\u00e1tica de atividade f\u00edsica, ressaltamos: respeite sempre o fiel devoto e o espa\u00e7o religioso.<\/p>\n<p><b>\u2013 Visitas seguras:<\/b>\u00a0Mesmo se tratando de espa\u00e7o aberto, h\u00e1 alerta ao povo quanto \u00e0 obrigatoriedade do uso da m\u00e1scara, al\u00e9m do distanciamento e uso de \u00e1lcool em geral. Por isso, para tirar uma foto, por exemplo, os visitantes podem tirar a m\u00e1scara, para a comunh\u00e3o tamb\u00e9m. J\u00e1 noutros momentos, o uso da m\u00e1scara \u00e9 indispens\u00e1vel.<\/p>\n<p><b>\u2013 Clima de ora\u00e7\u00e3o:<\/b>\u00a0Uma vez que a Capela est\u00e1 aberta apenas para visita\u00e7\u00e3o e ora\u00e7\u00e3o pessoal, aten\u00e7\u00e3o ao clima de ora\u00e7\u00e3o e recolhimento que o pr\u00f3prio local sugere. Ao visitar o interior da Capela de Nossa Senhora da Penha, mantenha o sil\u00eancio. Ah, e cuidado com os trajes! N\u00e3o \u00e9 permitido acessar o Santu\u00e1rio utilizando roupas de banho ou trajes inadequados para o ambiente.<\/p>\n<\/div>\n<\/div>\n<\/div>\n<\/div>\n<\/div>\n<\/div>\n<\/div>\n<\/section>\n","protected":false},"excerpt":{"rendered":"<p>Convento da Penha<\/p>\n","protected":false},"author":3,"featured_media":236004,"comment_status":"open","ping_status":"open","sticky":false,"template":"","format":"standard","meta":[],"categories":[1],"tags":[248],"acf":[],"yoast_head":"<!-- This site is optimized with the Yoast SEO plugin v19.2 - https:\/\/yoast.com\/wordpress\/plugins\/seo\/ -->\n<title>Convento da Penha amplia hor\u00e1rio de funcionamento e realiza mais Missas durante o ver\u00e3o - Not\u00edcias - Franciscanos<\/title>\n<meta name=\"robots\" content=\"index, follow, max-snippet:-1, max-image-preview:large, max-video-preview:-1\" \/>\n<link rel=\"canonical\" href=\"https:\/\/franciscanos.org.br\/noticias\/convento-da-penha-amplia-horario-de-funcionamento-e-realiza-mais-missas-durante-o-verao.html\" \/>\n<meta property=\"og:locale\" content=\"pt_BR\" \/>\n<meta property=\"og:type\" content=\"article\" \/>\n<meta property=\"og:title\" content=\"Convento da Penha amplia hor\u00e1rio de funcionamento e realiza mais Missas durante o ver\u00e3o - Not\u00edcias - Franciscanos\" \/>\n<meta property=\"og:description\" content=\"Convento da Penha\" \/>\n<meta property=\"og:url\" content=\"https:\/\/franciscanos.org.br\/noticias\/convento-da-penha-amplia-horario-de-funcionamento-e-realiza-mais-missas-durante-o-verao.html\" \/>\n<meta property=\"og:site_name\" content=\"Not\u00edcias - Franciscanos\" \/>\n<meta property=\"article:published_time\" content=\"2022-01-11T21:44:20+00:00\" \/>\n<meta property=\"article:modified_time\" content=\"2022-01-11T22:34:51+00:00\" \/>\n<meta property=\"og:image\" content=\"https:\/\/franciscanos.org.br\/noticias\/wp-content\/uploads\/2022\/01\/penha_d.png\" \/>\n\t<meta property=\"og:image:width\" content=\"800\" \/>\n\t<meta property=\"og:image:height\" content=\"550\" \/>\n\t<meta property=\"og:image:type\" content=\"image\/png\" \/>\n<meta name=\"author\" content=\"moacir\" \/>\n<meta name=\"twitter:card\" content=\"summary_large_image\" \/>\n<meta name=\"twitter:label1\" content=\"Escrito por\" \/>\n\t<meta name=\"twitter:data1\" content=\"moacir\" \/>\n\t<meta name=\"twitter:label2\" content=\"Est. tempo de leitura\" \/>\n\t<meta name=\"twitter:data2\" content=\"5 minutos\" \/>\n<script type=\"application\/ld+json\" class=\"yoast-schema-graph\">{\"@context\":\"https:\/\/schema.org\",\"@graph\":[{\"@type\":\"WebSite\",\"@id\":\"https:\/\/franciscanos.org.br\/noticias\/#website\",\"url\":\"https:\/\/franciscanos.org.br\/noticias\/\",\"name\":\"Not\u00edcias - Franciscanos\",\"description\":\"Prov\u00edncia Franciscana da Imaculada Concei\u00e7\u00e3o do Brasil - Ordem dos Frades Menores - OFM\",\"potentialAction\":[{\"@type\":\"SearchAction\",\"target\":{\"@type\":\"EntryPoint\",\"urlTemplate\":\"https:\/\/franciscanos.org.br\/noticias\/?s={search_term_string}\"},\"query-input\":\"required name=search_term_string\"}],\"inLanguage\":\"pt-BR\"},{\"@type\":\"ImageObject\",\"inLanguage\":\"pt-BR\",\"@id\":\"https:\/\/franciscanos.org.br\/noticias\/convento-da-penha-amplia-horario-de-funcionamento-e-realiza-mais-missas-durante-o-verao.html#primaryimage\",\"url\":\"https:\/\/franciscanos.org.br\/noticias\/wp-content\/uploads\/2022\/01\/penha_d.png\",\"contentUrl\":\"https:\/\/franciscanos.org.br\/noticias\/wp-content\/uploads\/2022\/01\/penha_d.png\",\"width\":800,\"height\":550},{\"@type\":\"WebPage\",\"@id\":\"https:\/\/franciscanos.org.br\/noticias\/convento-da-penha-amplia-horario-de-funcionamento-e-realiza-mais-missas-durante-o-verao.html#webpage\",\"url\":\"https:\/\/franciscanos.org.br\/noticias\/convento-da-penha-amplia-horario-de-funcionamento-e-realiza-mais-missas-durante-o-verao.html\",\"name\":\"Convento da Penha amplia hor\u00e1rio de funcionamento e realiza mais Missas durante o ver\u00e3o - Not\u00edcias - Franciscanos\",\"isPartOf\":{\"@id\":\"https:\/\/franciscanos.org.br\/noticias\/#website\"},\"primaryImageOfPage\":{\"@id\":\"https:\/\/franciscanos.org.br\/noticias\/convento-da-penha-amplia-horario-de-funcionamento-e-realiza-mais-missas-durante-o-verao.html#primaryimage\"},\"datePublished\":\"2022-01-11T21:44:20+00:00\",\"dateModified\":\"2022-01-11T22:34:51+00:00\",\"author\":{\"@id\":\"https:\/\/franciscanos.org.br\/noticias\/#\/schema\/person\/b5c8cba458c330ccff548b056e95a5d4\"},\"breadcrumb\":{\"@id\":\"https:\/\/franciscanos.org.br\/noticias\/convento-da-penha-amplia-horario-de-funcionamento-e-realiza-mais-missas-durante-o-verao.html#breadcrumb\"},\"inLanguage\":\"pt-BR\",\"potentialAction\":[{\"@type\":\"ReadAction\",\"target\":[\"https:\/\/franciscanos.org.br\/noticias\/convento-da-penha-amplia-horario-de-funcionamento-e-realiza-mais-missas-durante-o-verao.html\"]}]},{\"@type\":\"BreadcrumbList\",\"@id\":\"https:\/\/franciscanos.org.br\/noticias\/convento-da-penha-amplia-horario-de-funcionamento-e-realiza-mais-missas-durante-o-verao.html#breadcrumb\",\"itemListElement\":[{\"@type\":\"ListItem\",\"position\":1,\"name\":\"Home\",\"item\":\"https:\/\/franciscanos.org.br\/noticias\"},{\"@type\":\"ListItem\",\"position\":2,\"name\":\"Convento da Penha amplia hor\u00e1rio de funcionamento e realiza mais Missas durante o ver\u00e3o\"}]},{\"@type\":\"Person\",\"@id\":\"https:\/\/franciscanos.org.br\/noticias\/#\/schema\/person\/b5c8cba458c330ccff548b056e95a5d4\",\"name\":\"moacir\",\"image\":{\"@type\":\"ImageObject\",\"inLanguage\":\"pt-BR\",\"@id\":\"https:\/\/franciscanos.org.br\/noticias\/#\/schema\/person\/image\/\",\"url\":\"https:\/\/secure.gravatar.com\/avatar\/d08aa2ce4c8dd416d4479aa8536fcf64?s=96&d=mm&r=g\",\"contentUrl\":\"https:\/\/secure.gravatar.com\/avatar\/d08aa2ce4c8dd416d4479aa8536fcf64?s=96&d=mm&r=g\",\"caption\":\"moacir\"},\"url\":\"https:\/\/franciscanos.org.br\/noticias\/author\/moacir\"}]}<\/script>\n<!-- \/ Yoast SEO plugin. -->","yoast_head_json":{"title":"Convento da Penha amplia hor\u00e1rio de funcionamento e realiza mais Missas durante o ver\u00e3o - Not\u00edcias - Franciscanos","robots":{"index":"index","follow":"follow","max-snippet":"max-snippet:-1","max-image-preview":"max-image-preview:large","max-video-preview":"max-video-preview:-1"},"canonical":"https:\/\/franciscanos.org.br\/noticias\/convento-da-penha-amplia-horario-de-funcionamento-e-realiza-mais-missas-durante-o-verao.html","og_locale":"pt_BR","og_type":"article","og_title":"Convento da Penha amplia hor\u00e1rio de funcionamento e realiza mais Missas durante o ver\u00e3o - Not\u00edcias - Franciscanos","og_description":"Convento da Penha","og_url":"https:\/\/franciscanos.org.br\/noticias\/convento-da-penha-amplia-horario-de-funcionamento-e-realiza-mais-missas-durante-o-verao.html","og_site_name":"Not\u00edcias - Franciscanos","article_published_time":"2022-01-11T21:44:20+00:00","article_modified_time":"2022-01-11T22:34:51+00:00","og_image":[{"width":800,"height":550,"url":"https:\/\/franciscanos.org.br\/noticias\/wp-content\/uploads\/2022\/01\/penha_d.png","type":"image\/png"}],"author":"moacir","twitter_card":"summary_large_image","twitter_misc":{"Escrito por":"moacir","Est. tempo de leitura":"5 minutos"},"schema":{"@context":"https:\/\/schema.org","@graph":[{"@type":"WebSite","@id":"https:\/\/franciscanos.org.br\/noticias\/#website","url":"https:\/\/franciscanos.org.br\/noticias\/","name":"Not\u00edcias - Franciscanos","description":"Prov\u00edncia Franciscana da Imaculada Concei\u00e7\u00e3o do Brasil - Ordem dos Frades Menores - OFM","potentialAction":[{"@type":"SearchAction","target":{"@type":"EntryPoint","urlTemplate":"https:\/\/franciscanos.org.br\/noticias\/?s={search_term_string}"},"query-input":"required name=search_term_string"}],"inLanguage":"pt-BR"},{"@type":"ImageObject","inLanguage":"pt-BR","@id":"https:\/\/franciscanos.org.br\/noticias\/convento-da-penha-amplia-horario-de-funcionamento-e-realiza-mais-missas-durante-o-verao.html#primaryimage","url":"https:\/\/franciscanos.org.br\/noticias\/wp-content\/uploads\/2022\/01\/penha_d.png","contentUrl":"https:\/\/franciscanos.org.br\/noticias\/wp-content\/uploads\/2022\/01\/penha_d.png","width":800,"height":550},{"@type":"WebPage","@id":"https:\/\/franciscanos.org.br\/noticias\/convento-da-penha-amplia-horario-de-funcionamento-e-realiza-mais-missas-durante-o-verao.html#webpage","url":"https:\/\/franciscanos.org.br\/noticias\/convento-da-penha-amplia-horario-de-funcionamento-e-realiza-mais-missas-durante-o-verao.html","name":"Convento da Penha amplia hor\u00e1rio de funcionamento e realiza mais Missas durante o ver\u00e3o - Not\u00edcias - Franciscanos","isPartOf":{"@id":"https:\/\/franciscanos.org.br\/noticias\/#website"},"primaryImageOfPage":{"@id":"https:\/\/franciscanos.org.br\/noticias\/convento-da-penha-amplia-horario-de-funcionamento-e-realiza-mais-missas-durante-o-verao.html#primaryimage"},"datePublished":"2022-01-11T21:44:20+00:00","dateModified":"2022-01-11T22:34:51+00:00","author":{"@id":"https:\/\/franciscanos.org.br\/noticias\/#\/schema\/person\/b5c8cba458c330ccff548b056e95a5d4"},"breadcrumb":{"@id":"https:\/\/franciscanos.org.br\/noticias\/convento-da-penha-amplia-horario-de-funcionamento-e-realiza-mais-missas-durante-o-verao.html#breadcrumb"},"inLanguage":"pt-BR","potentialAction":[{"@type":"ReadAction","target":["https:\/\/franciscanos.org.br\/noticias\/convento-da-penha-amplia-horario-de-funcionamento-e-realiza-mais-missas-durante-o-verao.html"]}]},{"@type":"BreadcrumbList","@id":"https:\/\/franciscanos.org.br\/noticias\/convento-da-penha-amplia-horario-de-funcionamento-e-realiza-mais-missas-durante-o-verao.html#breadcrumb","itemListElement":[{"@type":"ListItem","position":1,"name":"Home","item":"https:\/\/franciscanos.org.br\/noticias"},{"@type":"ListItem","position":2,"name":"Convento da Penha amplia hor\u00e1rio de funcionamento e realiza mais Missas durante o ver\u00e3o"}]},{"@type":"Person","@id":"https:\/\/franciscanos.org.br\/noticias\/#\/schema\/person\/b5c8cba458c330ccff548b056e95a5d4","name":"moacir","image":{"@type":"ImageObject","inLanguage":"pt-BR","@id":"https:\/\/franciscanos.org.br\/noticias\/#\/schema\/person\/image\/","url":"https:\/\/secure.gravatar.com\/avatar\/d08aa2ce4c8dd416d4479aa8536fcf64?s=96&d=mm&r=g","contentUrl":"https:\/\/secure.gravatar.com\/avatar\/d08aa2ce4c8dd416d4479aa8536fcf64?s=96&d=mm&r=g","caption":"moacir"},"url":"https:\/\/franciscanos.org.br\/noticias\/author\/moacir"}]}},"_links":{"self":[{"href":"https:\/\/franciscanos.org.br\/noticias\/wp-json\/wp\/v2\/posts\/235997"}],"collection":[{"href":"https:\/\/franciscanos.org.br\/noticias\/wp-json\/wp\/v2\/posts"}],"about":[{"href":"https:\/\/franciscanos.org.br\/noticias\/wp-json\/wp\/v2\/types\/post"}],"author":[{"embeddable":true,"href":"https:\/\/franciscanos.org.br\/noticias\/wp-json\/wp\/v2\/users\/3"}],"replies":[{"embeddable":true,"href":"https:\/\/franciscanos.org.br\/noticias\/wp-json\/wp\/v2\/comments?post=235997"}],"version-history":[{"count":4,"href":"https:\/\/franciscanos.org.br\/noticias\/wp-json\/wp\/v2\/posts\/235997\/revisions"}],"predecessor-version":[{"id":236008,"href":"https:\/\/franciscanos.org.br\/noticias\/wp-json\/wp\/v2\/posts\/235997\/revisions\/236008"}],"wp:featuredmedia":[{"embeddable":true,"href":"https:\/\/franciscanos.org.br\/noticias\/wp-json\/wp\/v2\/media\/236004"}],"wp:attachment":[{"href":"https:\/\/franciscanos.org.br\/noticias\/wp-json\/wp\/v2\/media?parent=235997"}],"wp:term":[{"taxonomy":"category","embeddable":true,"href":"https:\/\/franciscanos.org.br\/noticias\/wp-json\/wp\/v2\/categories?post=235997"},{"taxonomy":"post_tag","embeddable":true,"href":"https:\/\/franciscanos.org.br\/noticias\/wp-json\/wp\/v2\/tags?post=235997"}],"curies":[{"name":"wp","href":"https:\/\/api.w.org\/{rel}","templated":true}]}}