{"id":235991,"date":"2022-01-11T14:14:39","date_gmt":"2022-01-11T17:14:39","guid":{"rendered":"https:\/\/franciscanos.org.br\/noticias\/?p=235991"},"modified":"2022-01-11T14:14:39","modified_gmt":"2022-01-11T17:14:39","slug":"provincia-santa-cruz-e-provincia-nossa-sra-da-assuncao-tem-novos-governos","status":"publish","type":"post","link":"https:\/\/franciscanos.org.br\/noticias\/provincia-santa-cruz-e-provincia-nossa-sra-da-assuncao-tem-novos-governos.html","title":{"rendered":"Prov\u00edncia Santa Cruz e Prov\u00edncia Nossa Sra. da Assun\u00e7\u00e3o t\u00eam novos governos"},"content":{"rendered":"<p><img loading=\"lazy\" class=\"alignnone wp-image-235992 size-full\" src=\"https:\/\/franciscanos.org.br\/noticias\/wp-content\/uploads\/2022\/01\/minas_1101.jpg\" alt=\"\" width=\"1024\" height=\"584\" srcset=\"https:\/\/franciscanos.org.br\/noticias\/wp-content\/uploads\/2022\/01\/minas_1101.jpg 1024w, https:\/\/franciscanos.org.br\/noticias\/wp-content\/uploads\/2022\/01\/minas_1101-450x257.jpg 450w, https:\/\/franciscanos.org.br\/noticias\/wp-content\/uploads\/2022\/01\/minas_1101-768x438.jpg 768w, https:\/\/franciscanos.org.br\/noticias\/wp-content\/uploads\/2022\/01\/minas_1101-150x86.jpg 150w\" sizes=\"(max-width: 1024px) 100vw, 1024px\" \/><\/p>\n<p>A Prov\u00edncia Santa Cruz, com sede em Belo Horizonte, realizou o Cap\u00edtulo Provincial nos dias 4 a 10 de janeiro. A Fraternidade Provincial se reuniu no Guardianato Santo Ant\u00f4nio, em Santos Dumont (MG).<\/p>\n<p>No domingo passado, ap\u00f3s a aprova\u00e7\u00e3o das prioridades capitulares, houve a elei\u00e7\u00e3o dos Definidores que, juntamente com Frei Hilton Farias de Souza, Ministro Provincial, e Frei Gabriel Jos\u00e9 de Lima Neto, Vig\u00e1rio Provincial, animar\u00e3o a caminhada da Prov\u00edncia no pr\u00f3ximo tri\u00eanio s\u00e3o eles: Frei Arlaton Luiz Soares de Oliveira, Frei Valter Pinto Vieira J\u00fanior, Frei Adilson Corr\u00eaa da Silva e Frei Oton da Silva Ara\u00fajo J\u00fanior.<\/p>\n<p>Realizada a elei\u00e7\u00e3o do novo Governo Provincial, todos se dirigiram \u00e0 capela onde o presidente do cap\u00edtulo, Frei Reginaldo R\u00f4mulo Monte Canto, presidiu a celebra\u00e7\u00e3o de confirma\u00e7\u00e3o do novo governo da Prov\u00edncia Santa Cruz para o tri\u00eanio (2022-2024), que ficou assim constitu\u00eddo:<\/p>\n<p style=\"padding-left: 40px;\"><strong>Frei Hilton Farias de Souza \u2013 Ministro Provincial<\/strong><br \/>\n<strong>Frei Gabriel Jos\u00e9 de Lima Neto \u2013 Vig\u00e1rio Provincial<\/strong><br \/>\n<strong>Frei Arlaton Luiz Soares de Oliveira \u2013 Definidor Provincial<\/strong><br \/>\n<strong>Frei Valter Pinto Vieira J\u00fanior \u2013 Definidor Provincial<\/strong><br \/>\n<strong>Frei Adilson Corr\u00eaa da Silva \u2013 Definidor Provincial<\/strong><br \/>\n<strong>Frei Oton da Silva Ara\u00fajo J\u00fanior \u2013 Definidor Provincial<\/strong><\/p>\n<p style=\"padding-left: 40px;\"><img loading=\"lazy\" class=\"alignnone wp-image-235995 size-full\" src=\"https:\/\/franciscanos.org.br\/noticias\/wp-content\/uploads\/2022\/01\/minas_02.jpg\" alt=\"\" width=\"800\" height=\"294\" srcset=\"https:\/\/franciscanos.org.br\/noticias\/wp-content\/uploads\/2022\/01\/minas_02.jpg 800w, https:\/\/franciscanos.org.br\/noticias\/wp-content\/uploads\/2022\/01\/minas_02-450x165.jpg 450w, https:\/\/franciscanos.org.br\/noticias\/wp-content\/uploads\/2022\/01\/minas_02-768x282.jpg 768w, https:\/\/franciscanos.org.br\/noticias\/wp-content\/uploads\/2022\/01\/minas_02-150x55.jpg 150w\" sizes=\"(max-width: 800px) 100vw, 800px\" \/><br \/>\nPe\u00e7amos ao Esp\u00edrito Santo que ilumine nossos confrades no exerc\u00edcio de seus minist\u00e9rios e lhes d\u00ea paz, sabedoria, humildade e perseveran\u00e7a para condu\u00e7\u00e3o de seus trabalhos.<\/p>\n<p>Atualmente, a Prov\u00edncia Santa Cruz \u00e9 formado por cerca de 120 frades (alguns deles ainda no per\u00edodo de forma\u00e7\u00e3o e de estudos) conta atualmente, com 14 fraternidades, sendo que 8 s\u00e3o par\u00f3quias. As fraternidades e par\u00f3quias est\u00e3o espalhadas por 10 munic\u00edpios distribu\u00eddos em Minas Gerais e sul da Bahia, al\u00e9m de presen\u00e7as em miss\u00f5es no exterior. Nesses locais, atuam na pastoral paroquial, educa\u00e7\u00e3o, projetos de a\u00e7\u00e3o social e de forma\u00e7\u00e3o de lideran\u00e7as crist\u00e3s.<\/p>\n<p>O cap\u00edtulo provincial da Prov\u00edncia Santa Cruz se encerrou no dia 10 de janeiro.<\/p>\n<hr \/>\n<h3>PROV\u00cdNCIA FRANCISCANA DE NOSSA SENHORA DA ASSUN\u00c7\u00c3O<\/h3>\n<p><img loading=\"lazy\" class=\"alignnone wp-image-235993 size-full\" src=\"https:\/\/franciscanos.org.br\/noticias\/wp-content\/uploads\/2022\/01\/bacabal_1101.jpg\" alt=\"\" width=\"1024\" height=\"540\" srcset=\"https:\/\/franciscanos.org.br\/noticias\/wp-content\/uploads\/2022\/01\/bacabal_1101.jpg 1024w, https:\/\/franciscanos.org.br\/noticias\/wp-content\/uploads\/2022\/01\/bacabal_1101-450x237.jpg 450w, https:\/\/franciscanos.org.br\/noticias\/wp-content\/uploads\/2022\/01\/bacabal_1101-768x405.jpg 768w, https:\/\/franciscanos.org.br\/noticias\/wp-content\/uploads\/2022\/01\/bacabal_1101-150x79.jpg 150w\" sizes=\"(max-width: 1024px) 100vw, 1024px\" \/><\/p>\n<p>A prov\u00edncia Franciscana de Nossa Senhora da Assun\u00e7\u00e3o, que celebra 70 anos de funda\u00e7\u00e3o, miss\u00e3o e profecia no Maranh\u00e3o e Piau\u00ed, e tem como tema desta celebra\u00e7\u00e3o: Celebrando a vida: nossa hist\u00f3ria nosso horizonte e como lema: \u201cE vimos sua estrela\u2026\u201d (Mt 2,2), elegeu no in\u00edcio do m\u00eas o seu novo governo no Cap\u00edtulo Provincial.<\/p>\n<p>Os Frades eleitos para o pr\u00f3ximo tri\u00eanio foram Frei Crist\u00f3v\u00e3o Jackson dos Santos Melo, Frei Gilberto Magno da Cruz, Frei Jo\u00e3o Paulo Andrade Moreira e Frei Pedro Naz\u00e1rio de Sousa Filho.<\/p>\n<p>A hist\u00f3ria da Prov\u00edncia Nossa Senhora da Assun\u00e7\u00e3o, nos Estados do Maranh\u00e3o e Piau\u00ed come\u00e7ou em 1952, com a chegada de quatro frades vindos da Prov\u00edncia da Sax\u00f4nia \u2013 Alemanha, para fundar a Miss\u00e3o Franciscana, que depois recebeu o refor\u00e7o de mais dez franciscanos.<\/p>\n<p><img loading=\"lazy\" class=\"alignnone wp-image-235994 size-full\" src=\"https:\/\/franciscanos.org.br\/noticias\/wp-content\/uploads\/2022\/01\/bacabal_1101_2.jpg\" alt=\"\" width=\"906\" height=\"458\" srcset=\"https:\/\/franciscanos.org.br\/noticias\/wp-content\/uploads\/2022\/01\/bacabal_1101_2.jpg 906w, https:\/\/franciscanos.org.br\/noticias\/wp-content\/uploads\/2022\/01\/bacabal_1101_2-450x227.jpg 450w, https:\/\/franciscanos.org.br\/noticias\/wp-content\/uploads\/2022\/01\/bacabal_1101_2-768x388.jpg 768w, https:\/\/franciscanos.org.br\/noticias\/wp-content\/uploads\/2022\/01\/bacabal_1101_2-150x76.jpg 150w\" sizes=\"(max-width: 906px) 100vw, 906px\" \/><\/p>\n<p><strong>E<\/strong><em><strong>squerda para a direita: Frei Gilberto Magno da Cruz, OFM (Definidor), Frei Pedro Naz\u00e1rio de Sousa Filho, OFM (Definidor), Frei Ant\u00f4nio Pach\u00eaco Ramos, OFM (Ministro Provincial), Frei Miguel Kleinhans (Vig\u00e1rio Provincial), Frei Jo\u00e3o Paulo Andrade Moreira, OFM (Definidor) e Frei Crist\u00f3v\u00e3o Jackson dos Santos Melo, OFM (Definidor).<\/strong><\/em><\/p>\n<p>Em 1964, a Miss\u00e3o foi elevada \u00e0 condi\u00e7\u00e3o de Funda\u00e7\u00e3o Nossa Senhora da Assun\u00e7\u00e3o. Em 1967, tornou-se Cust\u00f3dia e, com 52 frades, passou a ser vice prov\u00edncia em 1992. Com 70 frades, tornou-se finalmente Prov\u00edncia no dia 8 de dezembro de 2004.<\/p>\n<p>Em julho de 2014 foi incorporada \u00e0 Prov\u00edncia a Funda\u00e7\u00e3o Nossa Senhora das Gra\u00e7as com sede em Floriano \u2013 PI, fundada pela Prov\u00edncia Santa Maria delle Grazzie de Benevento \u2013 It\u00e1lia.<\/p>\n<p>Com a Integra\u00e7\u00e3o outros trabalhos, par\u00f3quias, uma r\u00e1dio, v\u00e1rios conventos, inclusive um eremit\u00e9rio foram incorporados \u00e0 Prov\u00edncia. Hoje, est\u00e1 presente em 5 dioceses do Maranh\u00e3o e Piau\u00ed em 07 Par\u00f3quias e uma \u00c1rea Pastoral, bem como, outras casas de forma\u00e7\u00e3o.<\/p>\n","protected":false},"excerpt":{"rendered":"<p>Confer\u00eancia Franciscana dos Frades Menores do Brasil<\/p>\n","protected":false},"author":3,"featured_media":235992,"comment_status":"open","ping_status":"open","sticky":false,"template":"","format":"standard","meta":[],"categories":[1],"tags":[240],"acf":[],"yoast_head":"<!-- This site is optimized with the Yoast SEO plugin v19.2 - https:\/\/yoast.com\/wordpress\/plugins\/seo\/ -->\n<title>Prov\u00edncia Santa Cruz e Prov\u00edncia Nossa Sra. da Assun\u00e7\u00e3o t\u00eam novos governos - Not\u00edcias - Franciscanos<\/title>\n<meta name=\"robots\" content=\"index, follow, max-snippet:-1, max-image-preview:large, max-video-preview:-1\" \/>\n<link rel=\"canonical\" href=\"https:\/\/franciscanos.org.br\/noticias\/provincia-santa-cruz-e-provincia-nossa-sra-da-assuncao-tem-novos-governos.html\" \/>\n<meta property=\"og:locale\" content=\"pt_BR\" \/>\n<meta property=\"og:type\" content=\"article\" \/>\n<meta property=\"og:title\" content=\"Prov\u00edncia Santa Cruz e Prov\u00edncia Nossa Sra. da Assun\u00e7\u00e3o t\u00eam novos governos - Not\u00edcias - Franciscanos\" \/>\n<meta property=\"og:description\" content=\"Confer\u00eancia Franciscana dos Frades Menores do Brasil\" \/>\n<meta property=\"og:url\" content=\"https:\/\/franciscanos.org.br\/noticias\/provincia-santa-cruz-e-provincia-nossa-sra-da-assuncao-tem-novos-governos.html\" \/>\n<meta property=\"og:site_name\" content=\"Not\u00edcias - Franciscanos\" \/>\n<meta property=\"article:published_time\" content=\"2022-01-11T17:14:39+00:00\" \/>\n<meta property=\"og:image\" content=\"https:\/\/franciscanos.org.br\/noticias\/wp-content\/uploads\/2022\/01\/minas_1101.jpg\" \/>\n\t<meta property=\"og:image:width\" content=\"1024\" \/>\n\t<meta property=\"og:image:height\" content=\"584\" \/>\n\t<meta property=\"og:image:type\" content=\"image\/jpeg\" \/>\n<meta name=\"author\" content=\"moacir\" \/>\n<meta name=\"twitter:card\" content=\"summary_large_image\" \/>\n<meta name=\"twitter:label1\" content=\"Escrito por\" \/>\n\t<meta name=\"twitter:data1\" content=\"moacir\" \/>\n\t<meta name=\"twitter:label2\" content=\"Est. tempo de leitura\" \/>\n\t<meta name=\"twitter:data2\" content=\"3 minutos\" \/>\n<script type=\"application\/ld+json\" class=\"yoast-schema-graph\">{\"@context\":\"https:\/\/schema.org\",\"@graph\":[{\"@type\":\"WebSite\",\"@id\":\"https:\/\/franciscanos.org.br\/noticias\/#website\",\"url\":\"https:\/\/franciscanos.org.br\/noticias\/\",\"name\":\"Not\u00edcias - Franciscanos\",\"description\":\"Prov\u00edncia Franciscana da Imaculada Concei\u00e7\u00e3o do Brasil - Ordem dos Frades Menores - OFM\",\"potentialAction\":[{\"@type\":\"SearchAction\",\"target\":{\"@type\":\"EntryPoint\",\"urlTemplate\":\"https:\/\/franciscanos.org.br\/noticias\/?s={search_term_string}\"},\"query-input\":\"required name=search_term_string\"}],\"inLanguage\":\"pt-BR\"},{\"@type\":\"ImageObject\",\"inLanguage\":\"pt-BR\",\"@id\":\"https:\/\/franciscanos.org.br\/noticias\/provincia-santa-cruz-e-provincia-nossa-sra-da-assuncao-tem-novos-governos.html#primaryimage\",\"url\":\"https:\/\/franciscanos.org.br\/noticias\/wp-content\/uploads\/2022\/01\/minas_1101.jpg\",\"contentUrl\":\"https:\/\/franciscanos.org.br\/noticias\/wp-content\/uploads\/2022\/01\/minas_1101.jpg\",\"width\":1024,\"height\":584},{\"@type\":\"WebPage\",\"@id\":\"https:\/\/franciscanos.org.br\/noticias\/provincia-santa-cruz-e-provincia-nossa-sra-da-assuncao-tem-novos-governos.html#webpage\",\"url\":\"https:\/\/franciscanos.org.br\/noticias\/provincia-santa-cruz-e-provincia-nossa-sra-da-assuncao-tem-novos-governos.html\",\"name\":\"Prov\u00edncia Santa Cruz e Prov\u00edncia Nossa Sra. da Assun\u00e7\u00e3o t\u00eam novos governos - Not\u00edcias - Franciscanos\",\"isPartOf\":{\"@id\":\"https:\/\/franciscanos.org.br\/noticias\/#website\"},\"primaryImageOfPage\":{\"@id\":\"https:\/\/franciscanos.org.br\/noticias\/provincia-santa-cruz-e-provincia-nossa-sra-da-assuncao-tem-novos-governos.html#primaryimage\"},\"datePublished\":\"2022-01-11T17:14:39+00:00\",\"dateModified\":\"2022-01-11T17:14:39+00:00\",\"author\":{\"@id\":\"https:\/\/franciscanos.org.br\/noticias\/#\/schema\/person\/b5c8cba458c330ccff548b056e95a5d4\"},\"breadcrumb\":{\"@id\":\"https:\/\/franciscanos.org.br\/noticias\/provincia-santa-cruz-e-provincia-nossa-sra-da-assuncao-tem-novos-governos.html#breadcrumb\"},\"inLanguage\":\"pt-BR\",\"potentialAction\":[{\"@type\":\"ReadAction\",\"target\":[\"https:\/\/franciscanos.org.br\/noticias\/provincia-santa-cruz-e-provincia-nossa-sra-da-assuncao-tem-novos-governos.html\"]}]},{\"@type\":\"BreadcrumbList\",\"@id\":\"https:\/\/franciscanos.org.br\/noticias\/provincia-santa-cruz-e-provincia-nossa-sra-da-assuncao-tem-novos-governos.html#breadcrumb\",\"itemListElement\":[{\"@type\":\"ListItem\",\"position\":1,\"name\":\"Home\",\"item\":\"https:\/\/franciscanos.org.br\/noticias\"},{\"@type\":\"ListItem\",\"position\":2,\"name\":\"Prov\u00edncia Santa Cruz e Prov\u00edncia Nossa Sra. da Assun\u00e7\u00e3o t\u00eam novos governos\"}]},{\"@type\":\"Person\",\"@id\":\"https:\/\/franciscanos.org.br\/noticias\/#\/schema\/person\/b5c8cba458c330ccff548b056e95a5d4\",\"name\":\"moacir\",\"image\":{\"@type\":\"ImageObject\",\"inLanguage\":\"pt-BR\",\"@id\":\"https:\/\/franciscanos.org.br\/noticias\/#\/schema\/person\/image\/\",\"url\":\"https:\/\/secure.gravatar.com\/avatar\/d08aa2ce4c8dd416d4479aa8536fcf64?s=96&d=mm&r=g\",\"contentUrl\":\"https:\/\/secure.gravatar.com\/avatar\/d08aa2ce4c8dd416d4479aa8536fcf64?s=96&d=mm&r=g\",\"caption\":\"moacir\"},\"url\":\"https:\/\/franciscanos.org.br\/noticias\/author\/moacir\"}]}<\/script>\n<!-- \/ Yoast SEO plugin. -->","yoast_head_json":{"title":"Prov\u00edncia Santa Cruz e Prov\u00edncia Nossa Sra. da Assun\u00e7\u00e3o t\u00eam novos governos - Not\u00edcias - Franciscanos","robots":{"index":"index","follow":"follow","max-snippet":"max-snippet:-1","max-image-preview":"max-image-preview:large","max-video-preview":"max-video-preview:-1"},"canonical":"https:\/\/franciscanos.org.br\/noticias\/provincia-santa-cruz-e-provincia-nossa-sra-da-assuncao-tem-novos-governos.html","og_locale":"pt_BR","og_type":"article","og_title":"Prov\u00edncia Santa Cruz e Prov\u00edncia Nossa Sra. da Assun\u00e7\u00e3o t\u00eam novos governos - Not\u00edcias - Franciscanos","og_description":"Confer\u00eancia Franciscana dos Frades Menores do Brasil","og_url":"https:\/\/franciscanos.org.br\/noticias\/provincia-santa-cruz-e-provincia-nossa-sra-da-assuncao-tem-novos-governos.html","og_site_name":"Not\u00edcias - Franciscanos","article_published_time":"2022-01-11T17:14:39+00:00","og_image":[{"width":1024,"height":584,"url":"https:\/\/franciscanos.org.br\/noticias\/wp-content\/uploads\/2022\/01\/minas_1101.jpg","type":"image\/jpeg"}],"author":"moacir","twitter_card":"summary_large_image","twitter_misc":{"Escrito por":"moacir","Est. tempo de leitura":"3 minutos"},"schema":{"@context":"https:\/\/schema.org","@graph":[{"@type":"WebSite","@id":"https:\/\/franciscanos.org.br\/noticias\/#website","url":"https:\/\/franciscanos.org.br\/noticias\/","name":"Not\u00edcias - Franciscanos","description":"Prov\u00edncia Franciscana da Imaculada Concei\u00e7\u00e3o do Brasil - Ordem dos Frades Menores - OFM","potentialAction":[{"@type":"SearchAction","target":{"@type":"EntryPoint","urlTemplate":"https:\/\/franciscanos.org.br\/noticias\/?s={search_term_string}"},"query-input":"required name=search_term_string"}],"inLanguage":"pt-BR"},{"@type":"ImageObject","inLanguage":"pt-BR","@id":"https:\/\/franciscanos.org.br\/noticias\/provincia-santa-cruz-e-provincia-nossa-sra-da-assuncao-tem-novos-governos.html#primaryimage","url":"https:\/\/franciscanos.org.br\/noticias\/wp-content\/uploads\/2022\/01\/minas_1101.jpg","contentUrl":"https:\/\/franciscanos.org.br\/noticias\/wp-content\/uploads\/2022\/01\/minas_1101.jpg","width":1024,"height":584},{"@type":"WebPage","@id":"https:\/\/franciscanos.org.br\/noticias\/provincia-santa-cruz-e-provincia-nossa-sra-da-assuncao-tem-novos-governos.html#webpage","url":"https:\/\/franciscanos.org.br\/noticias\/provincia-santa-cruz-e-provincia-nossa-sra-da-assuncao-tem-novos-governos.html","name":"Prov\u00edncia Santa Cruz e Prov\u00edncia Nossa Sra. da Assun\u00e7\u00e3o t\u00eam novos governos - Not\u00edcias - Franciscanos","isPartOf":{"@id":"https:\/\/franciscanos.org.br\/noticias\/#website"},"primaryImageOfPage":{"@id":"https:\/\/franciscanos.org.br\/noticias\/provincia-santa-cruz-e-provincia-nossa-sra-da-assuncao-tem-novos-governos.html#primaryimage"},"datePublished":"2022-01-11T17:14:39+00:00","dateModified":"2022-01-11T17:14:39+00:00","author":{"@id":"https:\/\/franciscanos.org.br\/noticias\/#\/schema\/person\/b5c8cba458c330ccff548b056e95a5d4"},"breadcrumb":{"@id":"https:\/\/franciscanos.org.br\/noticias\/provincia-santa-cruz-e-provincia-nossa-sra-da-assuncao-tem-novos-governos.html#breadcrumb"},"inLanguage":"pt-BR","potentialAction":[{"@type":"ReadAction","target":["https:\/\/franciscanos.org.br\/noticias\/provincia-santa-cruz-e-provincia-nossa-sra-da-assuncao-tem-novos-governos.html"]}]},{"@type":"BreadcrumbList","@id":"https:\/\/franciscanos.org.br\/noticias\/provincia-santa-cruz-e-provincia-nossa-sra-da-assuncao-tem-novos-governos.html#breadcrumb","itemListElement":[{"@type":"ListItem","position":1,"name":"Home","item":"https:\/\/franciscanos.org.br\/noticias"},{"@type":"ListItem","position":2,"name":"Prov\u00edncia Santa Cruz e Prov\u00edncia Nossa Sra. da Assun\u00e7\u00e3o t\u00eam novos governos"}]},{"@type":"Person","@id":"https:\/\/franciscanos.org.br\/noticias\/#\/schema\/person\/b5c8cba458c330ccff548b056e95a5d4","name":"moacir","image":{"@type":"ImageObject","inLanguage":"pt-BR","@id":"https:\/\/franciscanos.org.br\/noticias\/#\/schema\/person\/image\/","url":"https:\/\/secure.gravatar.com\/avatar\/d08aa2ce4c8dd416d4479aa8536fcf64?s=96&d=mm&r=g","contentUrl":"https:\/\/secure.gravatar.com\/avatar\/d08aa2ce4c8dd416d4479aa8536fcf64?s=96&d=mm&r=g","caption":"moacir"},"url":"https:\/\/franciscanos.org.br\/noticias\/author\/moacir"}]}},"_links":{"self":[{"href":"https:\/\/franciscanos.org.br\/noticias\/wp-json\/wp\/v2\/posts\/235991"}],"collection":[{"href":"https:\/\/franciscanos.org.br\/noticias\/wp-json\/wp\/v2\/posts"}],"about":[{"href":"https:\/\/franciscanos.org.br\/noticias\/wp-json\/wp\/v2\/types\/post"}],"author":[{"embeddable":true,"href":"https:\/\/franciscanos.org.br\/noticias\/wp-json\/wp\/v2\/users\/3"}],"replies":[{"embeddable":true,"href":"https:\/\/franciscanos.org.br\/noticias\/wp-json\/wp\/v2\/comments?post=235991"}],"version-history":[{"count":1,"href":"https:\/\/franciscanos.org.br\/noticias\/wp-json\/wp\/v2\/posts\/235991\/revisions"}],"predecessor-version":[{"id":235996,"href":"https:\/\/franciscanos.org.br\/noticias\/wp-json\/wp\/v2\/posts\/235991\/revisions\/235996"}],"wp:featuredmedia":[{"embeddable":true,"href":"https:\/\/franciscanos.org.br\/noticias\/wp-json\/wp\/v2\/media\/235992"}],"wp:attachment":[{"href":"https:\/\/franciscanos.org.br\/noticias\/wp-json\/wp\/v2\/media?parent=235991"}],"wp:term":[{"taxonomy":"category","embeddable":true,"href":"https:\/\/franciscanos.org.br\/noticias\/wp-json\/wp\/v2\/categories?post=235991"},{"taxonomy":"post_tag","embeddable":true,"href":"https:\/\/franciscanos.org.br\/noticias\/wp-json\/wp\/v2\/tags?post=235991"}],"curies":[{"name":"wp","href":"https:\/\/api.w.org\/{rel}","templated":true}]}}