{"id":235977,"date":"2022-01-10T13:56:05","date_gmt":"2022-01-10T16:56:05","guid":{"rendered":"https:\/\/franciscanos.org.br\/noticias\/?p=235977"},"modified":"2022-01-10T13:56:05","modified_gmt":"2022-01-10T16:56:05","slug":"vimos-o-afeto-do-papa-por-nos-franciscanos-no-mundo","status":"publish","type":"post","link":"https:\/\/franciscanos.org.br\/noticias\/vimos-o-afeto-do-papa-por-nos-franciscanos-no-mundo.html","title":{"rendered":"&#8220;Vimos o afeto do Papa por n\u00f3s, franciscanos no mundo&#8221;"},"content":{"rendered":"<p><img loading=\"lazy\" class=\"alignnone wp-image-235978 size-full\" src=\"https:\/\/franciscanos.org.br\/noticias\/wp-content\/uploads\/2022\/01\/governo_01.jpg\" alt=\"\" width=\"1280\" height=\"798\" srcset=\"https:\/\/franciscanos.org.br\/noticias\/wp-content\/uploads\/2022\/01\/governo_01.jpg 1280w, https:\/\/franciscanos.org.br\/noticias\/wp-content\/uploads\/2022\/01\/governo_01-450x281.jpg 450w, https:\/\/franciscanos.org.br\/noticias\/wp-content\/uploads\/2022\/01\/governo_01-1024x638.jpg 1024w, https:\/\/franciscanos.org.br\/noticias\/wp-content\/uploads\/2022\/01\/governo_01-768x479.jpg 768w, https:\/\/franciscanos.org.br\/noticias\/wp-content\/uploads\/2022\/01\/governo_01-150x94.jpg 150w\" sizes=\"(max-width: 1280px) 100vw, 1280px\" \/><\/p>\n<p>No dia 7 de janeiro, o Papa Francisco recebeu em audi\u00eancia, no Pal\u00e1cio Apost\u00f3lico do Vaticano, o Ministro Geral da Ordem dos Frades Menores, Frei Massimo Fusarelli, acompanhado por todos os membros do Definit\u00f3rio Geral, juntamente com o Procurador Geral, o Secret\u00e1rio para as Miss\u00f5es e Evangeliza\u00e7\u00e3o, o Secret\u00e1rio Geral da Ordem com o Secret\u00e1rio Pessoal do Ministro.<\/p>\n<p>No final da audi\u00eancia, que durou 45 minutos, o Ministro compartilhou que viveu um intenso e belo momento de di\u00e1logo, de escuta do Papa Francisco sobre a realidade da Ordem nas diferentes partes do mundo, referindo-se tamb\u00e9m a algumas situa\u00e7\u00f5es particulares que dizem respeito \u00e0 Igreja, testemunhando como \u00abem particular o Santo Padre nos exortou a trabalhar com coragem entre os jovens, segundo as suas l\u00ednguas e a favor das voca\u00e7\u00f5es, para n\u00e3o haver ren\u00fancias e saber olhar para a frente com confian\u00e7a e f\u00e9 no nosso futuro&#8221;, acrescentando, a respeito da paternidade e ternura do Papa, que devemos agradecer ao Senhor por este encontro, porque vimos o afeto do Papa por n\u00f3s, franciscanos no mundo, e porque nos repetiu v\u00e1rias vezes que S\u00e3o Francisco \u00e9 sedutor no melhor sentido da palavra, atrai e motiva\u201d.<\/p>\n<p><img loading=\"lazy\" class=\"alignnone wp-image-235979 size-full\" src=\"https:\/\/franciscanos.org.br\/noticias\/wp-content\/uploads\/2022\/01\/governo_02.jpg\" alt=\"\" width=\"1280\" height=\"853\" srcset=\"https:\/\/franciscanos.org.br\/noticias\/wp-content\/uploads\/2022\/01\/governo_02.jpg 1280w, https:\/\/franciscanos.org.br\/noticias\/wp-content\/uploads\/2022\/01\/governo_02-450x300.jpg 450w, https:\/\/franciscanos.org.br\/noticias\/wp-content\/uploads\/2022\/01\/governo_02-1024x682.jpg 1024w, https:\/\/franciscanos.org.br\/noticias\/wp-content\/uploads\/2022\/01\/governo_02-768x512.jpg 768w, https:\/\/franciscanos.org.br\/noticias\/wp-content\/uploads\/2022\/01\/governo_02-150x100.jpg 150w\" sizes=\"(max-width: 1280px) 100vw, 1280px\" \/><\/p>\n<p>Por fim, o Sumo Pont\u00edfice convidou os frades \u201ca viver de maneira evang\u00e9lica e a trabalhar sabendo que possuem esta grande raiz de inspira\u00e7\u00e3o e atra\u00e7\u00e3o\u201d.<\/p>\n<p>A audi\u00eancia foi encerrada com a entrega de mem\u00f3rias a cada participante pelo Papa Francisco e uma curta viagem ao Pal\u00e1cio Apost\u00f3lico.<\/p>\n<p><img loading=\"lazy\" class=\"alignnone wp-image-235980 size-full\" src=\"https:\/\/franciscanos.org.br\/noticias\/wp-content\/uploads\/2022\/01\/governo_03.jpg\" alt=\"\" width=\"1280\" height=\"853\" srcset=\"https:\/\/franciscanos.org.br\/noticias\/wp-content\/uploads\/2022\/01\/governo_03.jpg 1280w, https:\/\/franciscanos.org.br\/noticias\/wp-content\/uploads\/2022\/01\/governo_03-450x300.jpg 450w, https:\/\/franciscanos.org.br\/noticias\/wp-content\/uploads\/2022\/01\/governo_03-1024x682.jpg 1024w, https:\/\/franciscanos.org.br\/noticias\/wp-content\/uploads\/2022\/01\/governo_03-768x512.jpg 768w, https:\/\/franciscanos.org.br\/noticias\/wp-content\/uploads\/2022\/01\/governo_03-150x100.jpg 150w\" sizes=\"(max-width: 1280px) 100vw, 1280px\" \/><\/p>\n<p><img loading=\"lazy\" class=\"alignnone wp-image-235981 size-full\" src=\"https:\/\/franciscanos.org.br\/noticias\/wp-content\/uploads\/2022\/01\/governo_04.jpg\" alt=\"\" width=\"1280\" height=\"853\" srcset=\"https:\/\/franciscanos.org.br\/noticias\/wp-content\/uploads\/2022\/01\/governo_04.jpg 1280w, https:\/\/franciscanos.org.br\/noticias\/wp-content\/uploads\/2022\/01\/governo_04-450x300.jpg 450w, https:\/\/franciscanos.org.br\/noticias\/wp-content\/uploads\/2022\/01\/governo_04-1024x682.jpg 1024w, https:\/\/franciscanos.org.br\/noticias\/wp-content\/uploads\/2022\/01\/governo_04-768x512.jpg 768w, https:\/\/franciscanos.org.br\/noticias\/wp-content\/uploads\/2022\/01\/governo_04-150x100.jpg 150w\" sizes=\"(max-width: 1280px) 100vw, 1280px\" \/><\/p>\n<p><em><a href=\"https:\/\/ofm.org\/\">Fonte: Site OFM<\/a><\/em><\/p>\n","protected":false},"excerpt":{"rendered":"<p>Audi\u00eancia do Governo OFM com o Papa Francisco<\/p>\n","protected":false},"author":3,"featured_media":235978,"comment_status":"open","ping_status":"open","sticky":false,"template":"","format":"standard","meta":[],"categories":[1],"tags":[397,55],"acf":[],"yoast_head":"<!-- This site is optimized with the Yoast SEO plugin v19.2 - https:\/\/yoast.com\/wordpress\/plugins\/seo\/ -->\n<title>&quot;Vimos o afeto do Papa por n\u00f3s, franciscanos no mundo&quot; - Not\u00edcias - Franciscanos<\/title>\n<meta name=\"robots\" content=\"index, follow, max-snippet:-1, max-image-preview:large, max-video-preview:-1\" \/>\n<link rel=\"canonical\" href=\"https:\/\/franciscanos.org.br\/noticias\/vimos-o-afeto-do-papa-por-nos-franciscanos-no-mundo.html\" \/>\n<meta property=\"og:locale\" content=\"pt_BR\" \/>\n<meta property=\"og:type\" content=\"article\" \/>\n<meta property=\"og:title\" content=\"&quot;Vimos o afeto do Papa por n\u00f3s, franciscanos no mundo&quot; - Not\u00edcias - Franciscanos\" \/>\n<meta property=\"og:description\" content=\"Audi\u00eancia do Governo OFM com o Papa Francisco\" \/>\n<meta property=\"og:url\" content=\"https:\/\/franciscanos.org.br\/noticias\/vimos-o-afeto-do-papa-por-nos-franciscanos-no-mundo.html\" \/>\n<meta property=\"og:site_name\" content=\"Not\u00edcias - Franciscanos\" \/>\n<meta property=\"article:published_time\" content=\"2022-01-10T16:56:05+00:00\" \/>\n<meta property=\"og:image\" content=\"https:\/\/franciscanos.org.br\/noticias\/wp-content\/uploads\/2022\/01\/governo_01.jpg\" \/>\n\t<meta property=\"og:image:width\" content=\"1280\" \/>\n\t<meta property=\"og:image:height\" content=\"798\" \/>\n\t<meta property=\"og:image:type\" content=\"image\/jpeg\" \/>\n<meta name=\"author\" content=\"moacir\" \/>\n<meta name=\"twitter:card\" content=\"summary_large_image\" \/>\n<meta name=\"twitter:label1\" content=\"Escrito por\" \/>\n\t<meta name=\"twitter:data1\" content=\"moacir\" \/>\n\t<meta name=\"twitter:label2\" content=\"Est. tempo de leitura\" \/>\n\t<meta name=\"twitter:data2\" content=\"1 minuto\" \/>\n<script type=\"application\/ld+json\" class=\"yoast-schema-graph\">{\"@context\":\"https:\/\/schema.org\",\"@graph\":[{\"@type\":\"WebSite\",\"@id\":\"https:\/\/franciscanos.org.br\/noticias\/#website\",\"url\":\"https:\/\/franciscanos.org.br\/noticias\/\",\"name\":\"Not\u00edcias - Franciscanos\",\"description\":\"Prov\u00edncia Franciscana da Imaculada Concei\u00e7\u00e3o do Brasil - Ordem dos Frades Menores - OFM\",\"potentialAction\":[{\"@type\":\"SearchAction\",\"target\":{\"@type\":\"EntryPoint\",\"urlTemplate\":\"https:\/\/franciscanos.org.br\/noticias\/?s={search_term_string}\"},\"query-input\":\"required name=search_term_string\"}],\"inLanguage\":\"pt-BR\"},{\"@type\":\"ImageObject\",\"inLanguage\":\"pt-BR\",\"@id\":\"https:\/\/franciscanos.org.br\/noticias\/vimos-o-afeto-do-papa-por-nos-franciscanos-no-mundo.html#primaryimage\",\"url\":\"https:\/\/franciscanos.org.br\/noticias\/wp-content\/uploads\/2022\/01\/governo_01.jpg\",\"contentUrl\":\"https:\/\/franciscanos.org.br\/noticias\/wp-content\/uploads\/2022\/01\/governo_01.jpg\",\"width\":1280,\"height\":798},{\"@type\":\"WebPage\",\"@id\":\"https:\/\/franciscanos.org.br\/noticias\/vimos-o-afeto-do-papa-por-nos-franciscanos-no-mundo.html#webpage\",\"url\":\"https:\/\/franciscanos.org.br\/noticias\/vimos-o-afeto-do-papa-por-nos-franciscanos-no-mundo.html\",\"name\":\"\\\"Vimos o afeto do Papa por n\u00f3s, franciscanos no mundo\\\" - Not\u00edcias - Franciscanos\",\"isPartOf\":{\"@id\":\"https:\/\/franciscanos.org.br\/noticias\/#website\"},\"primaryImageOfPage\":{\"@id\":\"https:\/\/franciscanos.org.br\/noticias\/vimos-o-afeto-do-papa-por-nos-franciscanos-no-mundo.html#primaryimage\"},\"datePublished\":\"2022-01-10T16:56:05+00:00\",\"dateModified\":\"2022-01-10T16:56:05+00:00\",\"author\":{\"@id\":\"https:\/\/franciscanos.org.br\/noticias\/#\/schema\/person\/b5c8cba458c330ccff548b056e95a5d4\"},\"breadcrumb\":{\"@id\":\"https:\/\/franciscanos.org.br\/noticias\/vimos-o-afeto-do-papa-por-nos-franciscanos-no-mundo.html#breadcrumb\"},\"inLanguage\":\"pt-BR\",\"potentialAction\":[{\"@type\":\"ReadAction\",\"target\":[\"https:\/\/franciscanos.org.br\/noticias\/vimos-o-afeto-do-papa-por-nos-franciscanos-no-mundo.html\"]}]},{\"@type\":\"BreadcrumbList\",\"@id\":\"https:\/\/franciscanos.org.br\/noticias\/vimos-o-afeto-do-papa-por-nos-franciscanos-no-mundo.html#breadcrumb\",\"itemListElement\":[{\"@type\":\"ListItem\",\"position\":1,\"name\":\"Home\",\"item\":\"https:\/\/franciscanos.org.br\/noticias\"},{\"@type\":\"ListItem\",\"position\":2,\"name\":\"&#8220;Vimos o afeto do Papa por n\u00f3s, franciscanos no mundo&#8221;\"}]},{\"@type\":\"Person\",\"@id\":\"https:\/\/franciscanos.org.br\/noticias\/#\/schema\/person\/b5c8cba458c330ccff548b056e95a5d4\",\"name\":\"moacir\",\"image\":{\"@type\":\"ImageObject\",\"inLanguage\":\"pt-BR\",\"@id\":\"https:\/\/franciscanos.org.br\/noticias\/#\/schema\/person\/image\/\",\"url\":\"https:\/\/secure.gravatar.com\/avatar\/d08aa2ce4c8dd416d4479aa8536fcf64?s=96&d=mm&r=g\",\"contentUrl\":\"https:\/\/secure.gravatar.com\/avatar\/d08aa2ce4c8dd416d4479aa8536fcf64?s=96&d=mm&r=g\",\"caption\":\"moacir\"},\"url\":\"https:\/\/franciscanos.org.br\/noticias\/author\/moacir\"}]}<\/script>\n<!-- \/ Yoast SEO plugin. -->","yoast_head_json":{"title":"\"Vimos o afeto do Papa por n\u00f3s, franciscanos no mundo\" - Not\u00edcias - Franciscanos","robots":{"index":"index","follow":"follow","max-snippet":"max-snippet:-1","max-image-preview":"max-image-preview:large","max-video-preview":"max-video-preview:-1"},"canonical":"https:\/\/franciscanos.org.br\/noticias\/vimos-o-afeto-do-papa-por-nos-franciscanos-no-mundo.html","og_locale":"pt_BR","og_type":"article","og_title":"\"Vimos o afeto do Papa por n\u00f3s, franciscanos no mundo\" - Not\u00edcias - Franciscanos","og_description":"Audi\u00eancia do Governo OFM com o Papa Francisco","og_url":"https:\/\/franciscanos.org.br\/noticias\/vimos-o-afeto-do-papa-por-nos-franciscanos-no-mundo.html","og_site_name":"Not\u00edcias - Franciscanos","article_published_time":"2022-01-10T16:56:05+00:00","og_image":[{"width":1280,"height":798,"url":"https:\/\/franciscanos.org.br\/noticias\/wp-content\/uploads\/2022\/01\/governo_01.jpg","type":"image\/jpeg"}],"author":"moacir","twitter_card":"summary_large_image","twitter_misc":{"Escrito por":"moacir","Est. tempo de leitura":"1 minuto"},"schema":{"@context":"https:\/\/schema.org","@graph":[{"@type":"WebSite","@id":"https:\/\/franciscanos.org.br\/noticias\/#website","url":"https:\/\/franciscanos.org.br\/noticias\/","name":"Not\u00edcias - Franciscanos","description":"Prov\u00edncia Franciscana da Imaculada Concei\u00e7\u00e3o do Brasil - Ordem dos Frades Menores - OFM","potentialAction":[{"@type":"SearchAction","target":{"@type":"EntryPoint","urlTemplate":"https:\/\/franciscanos.org.br\/noticias\/?s={search_term_string}"},"query-input":"required name=search_term_string"}],"inLanguage":"pt-BR"},{"@type":"ImageObject","inLanguage":"pt-BR","@id":"https:\/\/franciscanos.org.br\/noticias\/vimos-o-afeto-do-papa-por-nos-franciscanos-no-mundo.html#primaryimage","url":"https:\/\/franciscanos.org.br\/noticias\/wp-content\/uploads\/2022\/01\/governo_01.jpg","contentUrl":"https:\/\/franciscanos.org.br\/noticias\/wp-content\/uploads\/2022\/01\/governo_01.jpg","width":1280,"height":798},{"@type":"WebPage","@id":"https:\/\/franciscanos.org.br\/noticias\/vimos-o-afeto-do-papa-por-nos-franciscanos-no-mundo.html#webpage","url":"https:\/\/franciscanos.org.br\/noticias\/vimos-o-afeto-do-papa-por-nos-franciscanos-no-mundo.html","name":"\"Vimos o afeto do Papa por n\u00f3s, franciscanos no mundo\" - Not\u00edcias - Franciscanos","isPartOf":{"@id":"https:\/\/franciscanos.org.br\/noticias\/#website"},"primaryImageOfPage":{"@id":"https:\/\/franciscanos.org.br\/noticias\/vimos-o-afeto-do-papa-por-nos-franciscanos-no-mundo.html#primaryimage"},"datePublished":"2022-01-10T16:56:05+00:00","dateModified":"2022-01-10T16:56:05+00:00","author":{"@id":"https:\/\/franciscanos.org.br\/noticias\/#\/schema\/person\/b5c8cba458c330ccff548b056e95a5d4"},"breadcrumb":{"@id":"https:\/\/franciscanos.org.br\/noticias\/vimos-o-afeto-do-papa-por-nos-franciscanos-no-mundo.html#breadcrumb"},"inLanguage":"pt-BR","potentialAction":[{"@type":"ReadAction","target":["https:\/\/franciscanos.org.br\/noticias\/vimos-o-afeto-do-papa-por-nos-franciscanos-no-mundo.html"]}]},{"@type":"BreadcrumbList","@id":"https:\/\/franciscanos.org.br\/noticias\/vimos-o-afeto-do-papa-por-nos-franciscanos-no-mundo.html#breadcrumb","itemListElement":[{"@type":"ListItem","position":1,"name":"Home","item":"https:\/\/franciscanos.org.br\/noticias"},{"@type":"ListItem","position":2,"name":"&#8220;Vimos o afeto do Papa por n\u00f3s, franciscanos no mundo&#8221;"}]},{"@type":"Person","@id":"https:\/\/franciscanos.org.br\/noticias\/#\/schema\/person\/b5c8cba458c330ccff548b056e95a5d4","name":"moacir","image":{"@type":"ImageObject","inLanguage":"pt-BR","@id":"https:\/\/franciscanos.org.br\/noticias\/#\/schema\/person\/image\/","url":"https:\/\/secure.gravatar.com\/avatar\/d08aa2ce4c8dd416d4479aa8536fcf64?s=96&d=mm&r=g","contentUrl":"https:\/\/secure.gravatar.com\/avatar\/d08aa2ce4c8dd416d4479aa8536fcf64?s=96&d=mm&r=g","caption":"moacir"},"url":"https:\/\/franciscanos.org.br\/noticias\/author\/moacir"}]}},"_links":{"self":[{"href":"https:\/\/franciscanos.org.br\/noticias\/wp-json\/wp\/v2\/posts\/235977"}],"collection":[{"href":"https:\/\/franciscanos.org.br\/noticias\/wp-json\/wp\/v2\/posts"}],"about":[{"href":"https:\/\/franciscanos.org.br\/noticias\/wp-json\/wp\/v2\/types\/post"}],"author":[{"embeddable":true,"href":"https:\/\/franciscanos.org.br\/noticias\/wp-json\/wp\/v2\/users\/3"}],"replies":[{"embeddable":true,"href":"https:\/\/franciscanos.org.br\/noticias\/wp-json\/wp\/v2\/comments?post=235977"}],"version-history":[{"count":1,"href":"https:\/\/franciscanos.org.br\/noticias\/wp-json\/wp\/v2\/posts\/235977\/revisions"}],"predecessor-version":[{"id":235982,"href":"https:\/\/franciscanos.org.br\/noticias\/wp-json\/wp\/v2\/posts\/235977\/revisions\/235982"}],"wp:featuredmedia":[{"embeddable":true,"href":"https:\/\/franciscanos.org.br\/noticias\/wp-json\/wp\/v2\/media\/235978"}],"wp:attachment":[{"href":"https:\/\/franciscanos.org.br\/noticias\/wp-json\/wp\/v2\/media?parent=235977"}],"wp:term":[{"taxonomy":"category","embeddable":true,"href":"https:\/\/franciscanos.org.br\/noticias\/wp-json\/wp\/v2\/categories?post=235977"},{"taxonomy":"post_tag","embeddable":true,"href":"https:\/\/franciscanos.org.br\/noticias\/wp-json\/wp\/v2\/tags?post=235977"}],"curies":[{"name":"wp","href":"https:\/\/api.w.org\/{rel}","templated":true}]}}