{"id":235961,"date":"2022-01-10T06:53:46","date_gmt":"2022-01-10T09:53:46","guid":{"rendered":"https:\/\/franciscanos.org.br\/noticias\/?p=235961"},"modified":"2022-01-10T06:59:36","modified_gmt":"2022-01-10T09:59:36","slug":"frei-djalmo-celebra-sua-primeira-missa-como-guardiao-e-reitor-do-convento","status":"publish","type":"post","link":"https:\/\/franciscanos.org.br\/noticias\/frei-djalmo-celebra-sua-primeira-missa-como-guardiao-e-reitor-do-convento.html","title":{"rendered":"Frei Djalmo celebra sua primeira Missa como guardi\u00e3o e reitor do Convento da Penha"},"content":{"rendered":"<p><img loading=\"lazy\" class=\"alignnone wp-image-235962 size-full\" src=\"https:\/\/franciscanos.org.br\/noticias\/wp-content\/uploads\/2022\/01\/penha_1001.jpg\" alt=\"\" width=\"1280\" height=\"854\" srcset=\"https:\/\/franciscanos.org.br\/noticias\/wp-content\/uploads\/2022\/01\/penha_1001.jpg 1280w, https:\/\/franciscanos.org.br\/noticias\/wp-content\/uploads\/2022\/01\/penha_1001-450x300.jpg 450w, https:\/\/franciscanos.org.br\/noticias\/wp-content\/uploads\/2022\/01\/penha_1001-1024x683.jpg 1024w, https:\/\/franciscanos.org.br\/noticias\/wp-content\/uploads\/2022\/01\/penha_1001-768x512.jpg 768w, https:\/\/franciscanos.org.br\/noticias\/wp-content\/uploads\/2022\/01\/penha_1001-150x100.jpg 150w\" sizes=\"(max-width: 1280px) 100vw, 1280px\" \/><br \/>\n<strong>Vila Velha (ES)<\/strong> &#8211; Celebrando a Festa do Batismo do Senhor, o Convento da Penha acolheu, na manh\u00e3 deste domingo (9\/01), o seu novo guardi\u00e3o: Frei Djalmo Fuck. Ele celebrou sua primeira Missa como guardi\u00e3o da Fraternidade e reitor do Santu\u00e1rio de Nossa Senhora da Penha, a casa da Padroeira do Estado do Esp\u00edrito Santo. A celebra\u00e7\u00e3o foi repleta de momentos marcantes e ocorreu com tons de solenidade, onde nem mesmo a chuva desanimou os devotos da Virgem da Penha, que subiram ao Campinho em grande n\u00famero. Pelas redes sociais, milhares de pessoas tamb\u00e9m acolheram o frade.<\/p>\n<p>Frei Djalmo assume o novo servi\u00e7o na Penha e continua at\u00e9 o fim de janeiro na Par\u00f3quia do Ros\u00e1rio, onde at\u00e9 ent\u00e3o era p\u00e1roco desde 2016. Com a elei\u00e7\u00e3o do Frei Paulo Roberto Pereira como novo Ministro Provincial da Prov\u00edncia Franciscana da Imaculada Concei\u00e7\u00e3o do Brasil, que aconteceu no Cap\u00edtulo Provincial em novembro do ano passado, o frade catarinense foi escolhido para ser o novo guardi\u00e3o do local onde \u00e9 realizada a terceira maior festa mariana do pa\u00eds. Frei Djalmo tem 47 anos, \u00e9 nascido em Angelina (SC), vestiu o h\u00e1bito franciscano em 12\/01\/1995; fez a profiss\u00e3o solene na Ordem Franciscana em 02\/08\/2000 e foi ordenado presb\u00edtero em 10\/05\/2003.<\/p>\n<p>Ao iniciar a Celebra\u00e7\u00e3o, Frei Djalmo agradeceu a presen\u00e7a dos fi\u00e9is e peregrinos, os devotos que acompanhavam pelas redes sociais e pela R\u00e1dio Am\u00e9rica. \u201cA gente recebeu a miss\u00e3o de cuidar, juntamente com os demais confrades que j\u00e1 residem aqui no Santu\u00e1rio do Perd\u00e3o e da Gra\u00e7a, o Convento da Penha e para mim \u00e9 um motivo de alegria e satisfa\u00e7\u00e3o\u201d, disse.<\/p>\n<p><img loading=\"lazy\" class=\"alignnone wp-image-235963 size-full\" src=\"https:\/\/franciscanos.org.br\/noticias\/wp-content\/uploads\/2022\/01\/penha_1001_2.jpg\" alt=\"\" width=\"1280\" height=\"853\" srcset=\"https:\/\/franciscanos.org.br\/noticias\/wp-content\/uploads\/2022\/01\/penha_1001_2.jpg 1280w, https:\/\/franciscanos.org.br\/noticias\/wp-content\/uploads\/2022\/01\/penha_1001_2-450x300.jpg 450w, https:\/\/franciscanos.org.br\/noticias\/wp-content\/uploads\/2022\/01\/penha_1001_2-1024x682.jpg 1024w, https:\/\/franciscanos.org.br\/noticias\/wp-content\/uploads\/2022\/01\/penha_1001_2-768x512.jpg 768w, https:\/\/franciscanos.org.br\/noticias\/wp-content\/uploads\/2022\/01\/penha_1001_2-150x100.jpg 150w\" sizes=\"(max-width: 1280px) 100vw, 1280px\" \/><\/p>\n<p>Frei Djalmo come\u00e7ou a homilia acolhendo os \u201ccorajosos\u201d que subiram ao Convento da Penha na manh\u00e3 de domingo chuvosa em todo o Estado do Esp\u00edrito Santo. O tempo fechado e com chuva intermitente n\u00e3o desanimou as centenas de fi\u00e9is que rezaram de forma especial pela chegada do novo guardi\u00e3o. Antes introduzir a explica\u00e7\u00e3o da liturgia celebrada, ele disse que a Festa do Batismo do Senhor, al\u00e9m de encerrar o tempo do Natal, conclui as \u201cchamadas festas das manifesta\u00e7\u00f5es do Senhor, j\u00e1 que no pr\u00f3ximo domingo ser\u00e1 o segundo do Tempo Comum, e a partir de agora vamos come\u00e7ar a ouvir os evangelhos, as hist\u00f3rias da vida p\u00fablica de Jesus, aquilo que Ele realizou depois de batizado, as curas que fez, os milagres que realizou, as par\u00e1bolas que contou. Tudo isso, ouviremos nos pr\u00f3ximos domingos\u201d, comentou.<\/p>\n<p>A figura de Jo\u00e3o Batista, muito presente no in\u00edcio da miss\u00e3o de Jesus, foi destacada por Frei Djalmo na primeira parte da partilha da Palavra. \u201cO Evangelho de Lucas (Lc 3,15-16.21-22) nos conta que Jo\u00e3o, o precursor, estava batizando todo o povo, e de forma humilde, Jesus que \u00e9 servo, conforme ouvimos na Primeira Leitura do profeta Isa\u00edas (Is 42,1-4.6-7), chamando-O de servo. Jesus entra tamb\u00e9m na fila como o povo que ia tamb\u00e9m receber o batismo, assim recebe o batismo que era pregado por Jo\u00e3o. Assim que Jesus \u00e9 mergulhado nas \u00e1guas santas do Jord\u00e3o, conforme o Evangelho nos diz, do c\u00e9u vem uma voz que diz: \u2018Tu \u00e9s o meu Filho amado, em ti ponho o meu bem-querer\u2019. Jesus \u00e9 oficialmente proclamado Filho de Deus e de fato \u00e9, Ele \u00e9 servo, \u00e9 Filho amado, no qual Deus coloca o seu bem-querer, ou seja, sua b\u00ean\u00e7\u00e3o, sua prote\u00e7\u00e3o, sua un\u00e7\u00e3o e Deus O envia para iniciar a sua vida p\u00fablica\u201d, explicou.<\/p>\n<p>O novo Guardi\u00e3o da Penha enfatizou as duas datas importantes na vida de todo crist\u00e3o cat\u00f3lico: a data do nascimento e o dia do batismo. \u201cTemos duas comemora\u00e7\u00f5es extremamente importantes na nossa vida. A primeira \u00e9 o dia do nosso nascimento, Deus nos chamou \u00e0 vida, recebemos uma fam\u00edlia. Pode n\u00e3o ser a fam\u00edlia ideal, mas \u00e9 a fam\u00edlia real e \u00e9 a melhor fam\u00edlia [a minha fam\u00edlia] que eu preciso cuidar, estimar e essa data \u00e9 importante. Eu nasci, eu recebi uma fam\u00edlia que me cuida, que me ama, que me quer bem e essa fam\u00edlia eu preciso cultivar, o dom da vida, o dom da exist\u00eancia. Um dia, tamb\u00e9m fomos levados \u00e0 pia batismal, a maioria de n\u00f3s quando crian\u00e7as, pequenos. Todos n\u00f3s recebemos o batismo, assim como Jesus, e no dia do nosso batismo, esta \u00e9 a segunda data mais importante. Se l\u00e1 no nascimento eu recebi uma fam\u00edlia de carne e sangue, no dia do batismo eu recebi uma fam\u00edlia espiritual chamada \u2018Igreja\u2019. \u00c9 esta Igreja a qual eu perten\u00e7o, que chamamos Igreja Cat\u00f3lica, que eu preciso amar, que eu preciso cultivar, que eu preciso falar bem\u2026\u201d<\/p>\n<p><img loading=\"lazy\" class=\"alignnone wp-image-235964 size-full\" src=\"https:\/\/franciscanos.org.br\/noticias\/wp-content\/uploads\/2022\/01\/penha_1001_5.jpg\" alt=\"\" width=\"1280\" height=\"854\" srcset=\"https:\/\/franciscanos.org.br\/noticias\/wp-content\/uploads\/2022\/01\/penha_1001_5.jpg 1280w, https:\/\/franciscanos.org.br\/noticias\/wp-content\/uploads\/2022\/01\/penha_1001_5-450x300.jpg 450w, https:\/\/franciscanos.org.br\/noticias\/wp-content\/uploads\/2022\/01\/penha_1001_5-1024x683.jpg 1024w, https:\/\/franciscanos.org.br\/noticias\/wp-content\/uploads\/2022\/01\/penha_1001_5-768x512.jpg 768w, https:\/\/franciscanos.org.br\/noticias\/wp-content\/uploads\/2022\/01\/penha_1001_5-150x100.jpg 150w\" sizes=\"(max-width: 1280px) 100vw, 1280px\" \/><\/p>\n<p>Na sequ\u00eancia, Frei Djalmo completou: \u201cN\u00e3o \u00e9 poss\u00edvel que um cat\u00f3lico que foi batizado na Igreja Cat\u00f3lica, fale mal da sua Igreja, fale mal dos seus padres, dos seus l\u00edderes, porque a gente n\u00e3o aceita que algu\u00e9m fale mal da nossa fam\u00edlia. Se algu\u00e9m fala mal da nossa fam\u00edlia, a gente fica irritado, a gente vai pedir satisfa\u00e7\u00e3o, n\u00e3o aceitamos. Ent\u00e3o, tamb\u00e9m n\u00e3o \u00e9 poss\u00edvel, n\u00e3o \u00e9 aceit\u00e1vel que algu\u00e9m que \u00e9 batizado fale mal da sua Igreja, porque ela \u00e9 a nossa segunda fam\u00edlia, que precisamos amar e estimar. \u00c9 uma fam\u00edlia com seus defeitos, com seus problemas, com suas dificuldades, mas \u00e9 a minha fam\u00edlia espiritual. \u00c9 nessa Igreja na qual eu recebi o batismo, que eu recebo a Eucaristia, que eu celebro os sacramentos, \u00e9 nessa Igreja que eu vivo a minha f\u00e9. Hoje, irm\u00e3os e irm\u00e3s, tamb\u00e9m \u00e9 dito para cada um de n\u00f3s: voc\u00ea \u00e9 filho, \u00e9 filha amado de Deus, o qual Deus coloca o seu bem-querer, a sua benevol\u00eancia. Deus jamais se esquece de ningu\u00e9m. Sobre cada um de n\u00f3s, Deus coloca sua b\u00ean\u00e7\u00e3o, sua prote\u00e7\u00e3o, sua un\u00e7\u00e3o e nos envia em miss\u00e3o\u201d, afirmou o frade.<\/p>\n<p>Por fim, Frei Djalmo pediu que neste dia em que celebramos o Batismo do Senhor, os fi\u00e9is pudessem lembrar do seu batismo acendendo a vela, rezando, suplicar ao Senhor pela fam\u00edlia e reconhecer que pelo batismo \u201crecebemos o maior presente: a nossa f\u00e9, a nossa fam\u00edlia espiritual chamada Igreja. Que Maria, a Senhora da Penha, que tamb\u00e9m se fez serva, nos inspire a viver o santo batismo\u201d, finalizou.<\/p>\n<p>Logo ap\u00f3s a homilia, o guardi\u00e3o convocou os fi\u00e9is para renovarem as promessas batismais, pedindo que reafirmassem a f\u00e9 \u00e0 Santa Igreja de Cristo e a renunciando ao mal que o diabo traz. Em seguida, a volunt\u00e1ria Bianca Cozzer apresentou as preces da comunidade, destacando a prece pelo minist\u00e9rio do Frei Djalmo. \u201cSenhor, para que Frei Djalmo, novo guardi\u00e3o deste Santu\u00e1rio, possa exercer com alegria e entusiasmo a sua miss\u00e3o no meio de n\u00f3s, propagando o amor fraterno com ora\u00e7\u00e3o, fidelidade e prontid\u00e3o, a v\u00f3s suplicamos confiante!\u201d, rezou.<\/p>\n<p><img loading=\"lazy\" class=\"alignnone wp-image-235965 size-full\" src=\"https:\/\/franciscanos.org.br\/noticias\/wp-content\/uploads\/2022\/01\/penha_1001_3.jpg\" alt=\"\" width=\"1280\" height=\"853\" srcset=\"https:\/\/franciscanos.org.br\/noticias\/wp-content\/uploads\/2022\/01\/penha_1001_3.jpg 1280w, https:\/\/franciscanos.org.br\/noticias\/wp-content\/uploads\/2022\/01\/penha_1001_3-450x300.jpg 450w, https:\/\/franciscanos.org.br\/noticias\/wp-content\/uploads\/2022\/01\/penha_1001_3-1024x682.jpg 1024w, https:\/\/franciscanos.org.br\/noticias\/wp-content\/uploads\/2022\/01\/penha_1001_3-768x512.jpg 768w, https:\/\/franciscanos.org.br\/noticias\/wp-content\/uploads\/2022\/01\/penha_1001_3-150x100.jpg 150w\" sizes=\"(max-width: 1280px) 100vw, 1280px\" \/><\/p>\n<p>Antes da b\u00ean\u00e7\u00e3o, Frei Djalmo destacou a presen\u00e7a dos coroinhas da Par\u00f3quia do Ros\u00e1rio, o pequeno Jos\u00e9 de apenas 6 anos, que o acompanha sempre e o cerimoni\u00e1rio Luan Coradini. Agradeceu tamb\u00e9m os volunt\u00e1rios e colaboradores que trabalham nas Missas diariamente, aos que possibilitaram a realiza\u00e7\u00e3o da Missa nesta manh\u00e3 e os envolvidos na Liturgia.<\/p>\n<p>O Reitor do Santu\u00e1rio aproveitou o ensejo, bem como a participa\u00e7\u00e3o de tantas pessoas, para informar os novos hor\u00e1rios de funcionamento e hor\u00e1rios de Missas no Convento da Penha, a partir do pr\u00f3ximo s\u00e1bado, dia 15 de janeiro. A princ\u00edpio os hor\u00e1rios devem permanecer at\u00e9 o carnaval, ou seja, no dia 1\u00ba de mar\u00e7o.<\/p>\n<p><img loading=\"lazy\" class=\"alignnone wp-image-235966 size-full\" src=\"https:\/\/franciscanos.org.br\/noticias\/wp-content\/uploads\/2022\/01\/penha_1001_4.jpg\" alt=\"\" width=\"1280\" height=\"854\" srcset=\"https:\/\/franciscanos.org.br\/noticias\/wp-content\/uploads\/2022\/01\/penha_1001_4.jpg 1280w, https:\/\/franciscanos.org.br\/noticias\/wp-content\/uploads\/2022\/01\/penha_1001_4-450x300.jpg 450w, https:\/\/franciscanos.org.br\/noticias\/wp-content\/uploads\/2022\/01\/penha_1001_4-1024x683.jpg 1024w, https:\/\/franciscanos.org.br\/noticias\/wp-content\/uploads\/2022\/01\/penha_1001_4-768x512.jpg 768w, https:\/\/franciscanos.org.br\/noticias\/wp-content\/uploads\/2022\/01\/penha_1001_4-150x100.jpg 150w\" sizes=\"(max-width: 1280px) 100vw, 1280px\" \/><\/p>\n<hr \/>\n<p><strong>Assim ficam os novos hor\u00e1rios, a partir do dia 15 de janeiro:<\/strong><\/p>\n<p><strong>Missas<\/strong><br \/>\nSegunda a sexta-feira: 7h, 9h, 10h30, 15h (tamb\u00e9m transmitida pelas redes sociais) e 17h.<br \/>\nS\u00e1bados: 7h, 9h, 10h30, 15h (tamb\u00e9m transmitida pelas redes sociais), 17h e 19h<br \/>\nDomingos: 5h, 7h, 9h (tamb\u00e9m transmitida pelas redes sociais), 10h30, 15h e 17h<\/p>\n<p><strong>Funcionamento<\/strong><br \/>\nSegunda a sexta-feira: 6h \u00e0s 17h30<br \/>\nS\u00e1bado: 6h \u00e0s 19h30<br \/>\nDomingo: 4h \u00e0s 17h30<\/p>\n<hr \/>\n<p><em>Fonte: Assessoria de Comunica\u00e7\u00e3o do Convento da Penha<\/em> &#8211; <a href=\"https:\/\/conventodapenha.org.br\/\">www.conventodapenha.org.br<\/a><\/p>\n","protected":false},"excerpt":{"rendered":"<p>Convento da Penha<\/p>\n","protected":false},"author":3,"featured_media":235962,"comment_status":"open","ping_status":"open","sticky":false,"template":"","format":"standard","meta":[],"categories":[1],"tags":[248],"acf":[],"yoast_head":"<!-- This site is optimized with the Yoast SEO plugin v19.2 - https:\/\/yoast.com\/wordpress\/plugins\/seo\/ -->\n<title>Frei Djalmo celebra sua primeira Missa como guardi\u00e3o e reitor do Convento da Penha - Not\u00edcias - Franciscanos<\/title>\n<meta name=\"robots\" content=\"index, follow, max-snippet:-1, max-image-preview:large, max-video-preview:-1\" \/>\n<link rel=\"canonical\" href=\"https:\/\/franciscanos.org.br\/noticias\/frei-djalmo-celebra-sua-primeira-missa-como-guardiao-e-reitor-do-convento.html\" \/>\n<meta property=\"og:locale\" content=\"pt_BR\" \/>\n<meta property=\"og:type\" content=\"article\" \/>\n<meta property=\"og:title\" content=\"Frei Djalmo celebra sua primeira Missa como guardi\u00e3o e reitor do Convento da Penha - Not\u00edcias - Franciscanos\" \/>\n<meta property=\"og:description\" content=\"Convento da Penha\" \/>\n<meta property=\"og:url\" content=\"https:\/\/franciscanos.org.br\/noticias\/frei-djalmo-celebra-sua-primeira-missa-como-guardiao-e-reitor-do-convento.html\" \/>\n<meta property=\"og:site_name\" content=\"Not\u00edcias - Franciscanos\" \/>\n<meta property=\"article:published_time\" content=\"2022-01-10T09:53:46+00:00\" \/>\n<meta property=\"article:modified_time\" content=\"2022-01-10T09:59:36+00:00\" \/>\n<meta property=\"og:image\" content=\"https:\/\/franciscanos.org.br\/noticias\/wp-content\/uploads\/2022\/01\/penha_1001.jpg\" \/>\n\t<meta property=\"og:image:width\" content=\"1280\" \/>\n\t<meta property=\"og:image:height\" content=\"854\" \/>\n\t<meta property=\"og:image:type\" content=\"image\/jpeg\" \/>\n<meta name=\"author\" content=\"moacir\" \/>\n<meta name=\"twitter:card\" content=\"summary_large_image\" \/>\n<meta name=\"twitter:label1\" content=\"Escrito por\" \/>\n\t<meta name=\"twitter:data1\" content=\"moacir\" \/>\n\t<meta name=\"twitter:label2\" content=\"Est. tempo de leitura\" \/>\n\t<meta name=\"twitter:data2\" content=\"7 minutos\" \/>\n<script type=\"application\/ld+json\" class=\"yoast-schema-graph\">{\"@context\":\"https:\/\/schema.org\",\"@graph\":[{\"@type\":\"WebSite\",\"@id\":\"https:\/\/franciscanos.org.br\/noticias\/#website\",\"url\":\"https:\/\/franciscanos.org.br\/noticias\/\",\"name\":\"Not\u00edcias - Franciscanos\",\"description\":\"Prov\u00edncia Franciscana da Imaculada Concei\u00e7\u00e3o do Brasil - Ordem dos Frades Menores - OFM\",\"potentialAction\":[{\"@type\":\"SearchAction\",\"target\":{\"@type\":\"EntryPoint\",\"urlTemplate\":\"https:\/\/franciscanos.org.br\/noticias\/?s={search_term_string}\"},\"query-input\":\"required name=search_term_string\"}],\"inLanguage\":\"pt-BR\"},{\"@type\":\"ImageObject\",\"inLanguage\":\"pt-BR\",\"@id\":\"https:\/\/franciscanos.org.br\/noticias\/frei-djalmo-celebra-sua-primeira-missa-como-guardiao-e-reitor-do-convento.html#primaryimage\",\"url\":\"https:\/\/franciscanos.org.br\/noticias\/wp-content\/uploads\/2022\/01\/penha_1001.jpg\",\"contentUrl\":\"https:\/\/franciscanos.org.br\/noticias\/wp-content\/uploads\/2022\/01\/penha_1001.jpg\",\"width\":1280,\"height\":854},{\"@type\":\"WebPage\",\"@id\":\"https:\/\/franciscanos.org.br\/noticias\/frei-djalmo-celebra-sua-primeira-missa-como-guardiao-e-reitor-do-convento.html#webpage\",\"url\":\"https:\/\/franciscanos.org.br\/noticias\/frei-djalmo-celebra-sua-primeira-missa-como-guardiao-e-reitor-do-convento.html\",\"name\":\"Frei Djalmo celebra sua primeira Missa como guardi\u00e3o e reitor do Convento da Penha - Not\u00edcias - Franciscanos\",\"isPartOf\":{\"@id\":\"https:\/\/franciscanos.org.br\/noticias\/#website\"},\"primaryImageOfPage\":{\"@id\":\"https:\/\/franciscanos.org.br\/noticias\/frei-djalmo-celebra-sua-primeira-missa-como-guardiao-e-reitor-do-convento.html#primaryimage\"},\"datePublished\":\"2022-01-10T09:53:46+00:00\",\"dateModified\":\"2022-01-10T09:59:36+00:00\",\"author\":{\"@id\":\"https:\/\/franciscanos.org.br\/noticias\/#\/schema\/person\/b5c8cba458c330ccff548b056e95a5d4\"},\"breadcrumb\":{\"@id\":\"https:\/\/franciscanos.org.br\/noticias\/frei-djalmo-celebra-sua-primeira-missa-como-guardiao-e-reitor-do-convento.html#breadcrumb\"},\"inLanguage\":\"pt-BR\",\"potentialAction\":[{\"@type\":\"ReadAction\",\"target\":[\"https:\/\/franciscanos.org.br\/noticias\/frei-djalmo-celebra-sua-primeira-missa-como-guardiao-e-reitor-do-convento.html\"]}]},{\"@type\":\"BreadcrumbList\",\"@id\":\"https:\/\/franciscanos.org.br\/noticias\/frei-djalmo-celebra-sua-primeira-missa-como-guardiao-e-reitor-do-convento.html#breadcrumb\",\"itemListElement\":[{\"@type\":\"ListItem\",\"position\":1,\"name\":\"Home\",\"item\":\"https:\/\/franciscanos.org.br\/noticias\"},{\"@type\":\"ListItem\",\"position\":2,\"name\":\"Frei Djalmo celebra sua primeira Missa como guardi\u00e3o e reitor do Convento da Penha\"}]},{\"@type\":\"Person\",\"@id\":\"https:\/\/franciscanos.org.br\/noticias\/#\/schema\/person\/b5c8cba458c330ccff548b056e95a5d4\",\"name\":\"moacir\",\"image\":{\"@type\":\"ImageObject\",\"inLanguage\":\"pt-BR\",\"@id\":\"https:\/\/franciscanos.org.br\/noticias\/#\/schema\/person\/image\/\",\"url\":\"https:\/\/secure.gravatar.com\/avatar\/d08aa2ce4c8dd416d4479aa8536fcf64?s=96&d=mm&r=g\",\"contentUrl\":\"https:\/\/secure.gravatar.com\/avatar\/d08aa2ce4c8dd416d4479aa8536fcf64?s=96&d=mm&r=g\",\"caption\":\"moacir\"},\"url\":\"https:\/\/franciscanos.org.br\/noticias\/author\/moacir\"}]}<\/script>\n<!-- \/ Yoast SEO plugin. -->","yoast_head_json":{"title":"Frei Djalmo celebra sua primeira Missa como guardi\u00e3o e reitor do Convento da Penha - Not\u00edcias - Franciscanos","robots":{"index":"index","follow":"follow","max-snippet":"max-snippet:-1","max-image-preview":"max-image-preview:large","max-video-preview":"max-video-preview:-1"},"canonical":"https:\/\/franciscanos.org.br\/noticias\/frei-djalmo-celebra-sua-primeira-missa-como-guardiao-e-reitor-do-convento.html","og_locale":"pt_BR","og_type":"article","og_title":"Frei Djalmo celebra sua primeira Missa como guardi\u00e3o e reitor do Convento da Penha - Not\u00edcias - Franciscanos","og_description":"Convento da Penha","og_url":"https:\/\/franciscanos.org.br\/noticias\/frei-djalmo-celebra-sua-primeira-missa-como-guardiao-e-reitor-do-convento.html","og_site_name":"Not\u00edcias - Franciscanos","article_published_time":"2022-01-10T09:53:46+00:00","article_modified_time":"2022-01-10T09:59:36+00:00","og_image":[{"width":1280,"height":854,"url":"https:\/\/franciscanos.org.br\/noticias\/wp-content\/uploads\/2022\/01\/penha_1001.jpg","type":"image\/jpeg"}],"author":"moacir","twitter_card":"summary_large_image","twitter_misc":{"Escrito por":"moacir","Est. tempo de leitura":"7 minutos"},"schema":{"@context":"https:\/\/schema.org","@graph":[{"@type":"WebSite","@id":"https:\/\/franciscanos.org.br\/noticias\/#website","url":"https:\/\/franciscanos.org.br\/noticias\/","name":"Not\u00edcias - Franciscanos","description":"Prov\u00edncia Franciscana da Imaculada Concei\u00e7\u00e3o do Brasil - Ordem dos Frades Menores - OFM","potentialAction":[{"@type":"SearchAction","target":{"@type":"EntryPoint","urlTemplate":"https:\/\/franciscanos.org.br\/noticias\/?s={search_term_string}"},"query-input":"required name=search_term_string"}],"inLanguage":"pt-BR"},{"@type":"ImageObject","inLanguage":"pt-BR","@id":"https:\/\/franciscanos.org.br\/noticias\/frei-djalmo-celebra-sua-primeira-missa-como-guardiao-e-reitor-do-convento.html#primaryimage","url":"https:\/\/franciscanos.org.br\/noticias\/wp-content\/uploads\/2022\/01\/penha_1001.jpg","contentUrl":"https:\/\/franciscanos.org.br\/noticias\/wp-content\/uploads\/2022\/01\/penha_1001.jpg","width":1280,"height":854},{"@type":"WebPage","@id":"https:\/\/franciscanos.org.br\/noticias\/frei-djalmo-celebra-sua-primeira-missa-como-guardiao-e-reitor-do-convento.html#webpage","url":"https:\/\/franciscanos.org.br\/noticias\/frei-djalmo-celebra-sua-primeira-missa-como-guardiao-e-reitor-do-convento.html","name":"Frei Djalmo celebra sua primeira Missa como guardi\u00e3o e reitor do Convento da Penha - Not\u00edcias - Franciscanos","isPartOf":{"@id":"https:\/\/franciscanos.org.br\/noticias\/#website"},"primaryImageOfPage":{"@id":"https:\/\/franciscanos.org.br\/noticias\/frei-djalmo-celebra-sua-primeira-missa-como-guardiao-e-reitor-do-convento.html#primaryimage"},"datePublished":"2022-01-10T09:53:46+00:00","dateModified":"2022-01-10T09:59:36+00:00","author":{"@id":"https:\/\/franciscanos.org.br\/noticias\/#\/schema\/person\/b5c8cba458c330ccff548b056e95a5d4"},"breadcrumb":{"@id":"https:\/\/franciscanos.org.br\/noticias\/frei-djalmo-celebra-sua-primeira-missa-como-guardiao-e-reitor-do-convento.html#breadcrumb"},"inLanguage":"pt-BR","potentialAction":[{"@type":"ReadAction","target":["https:\/\/franciscanos.org.br\/noticias\/frei-djalmo-celebra-sua-primeira-missa-como-guardiao-e-reitor-do-convento.html"]}]},{"@type":"BreadcrumbList","@id":"https:\/\/franciscanos.org.br\/noticias\/frei-djalmo-celebra-sua-primeira-missa-como-guardiao-e-reitor-do-convento.html#breadcrumb","itemListElement":[{"@type":"ListItem","position":1,"name":"Home","item":"https:\/\/franciscanos.org.br\/noticias"},{"@type":"ListItem","position":2,"name":"Frei Djalmo celebra sua primeira Missa como guardi\u00e3o e reitor do Convento da Penha"}]},{"@type":"Person","@id":"https:\/\/franciscanos.org.br\/noticias\/#\/schema\/person\/b5c8cba458c330ccff548b056e95a5d4","name":"moacir","image":{"@type":"ImageObject","inLanguage":"pt-BR","@id":"https:\/\/franciscanos.org.br\/noticias\/#\/schema\/person\/image\/","url":"https:\/\/secure.gravatar.com\/avatar\/d08aa2ce4c8dd416d4479aa8536fcf64?s=96&d=mm&r=g","contentUrl":"https:\/\/secure.gravatar.com\/avatar\/d08aa2ce4c8dd416d4479aa8536fcf64?s=96&d=mm&r=g","caption":"moacir"},"url":"https:\/\/franciscanos.org.br\/noticias\/author\/moacir"}]}},"_links":{"self":[{"href":"https:\/\/franciscanos.org.br\/noticias\/wp-json\/wp\/v2\/posts\/235961"}],"collection":[{"href":"https:\/\/franciscanos.org.br\/noticias\/wp-json\/wp\/v2\/posts"}],"about":[{"href":"https:\/\/franciscanos.org.br\/noticias\/wp-json\/wp\/v2\/types\/post"}],"author":[{"embeddable":true,"href":"https:\/\/franciscanos.org.br\/noticias\/wp-json\/wp\/v2\/users\/3"}],"replies":[{"embeddable":true,"href":"https:\/\/franciscanos.org.br\/noticias\/wp-json\/wp\/v2\/comments?post=235961"}],"version-history":[{"count":2,"href":"https:\/\/franciscanos.org.br\/noticias\/wp-json\/wp\/v2\/posts\/235961\/revisions"}],"predecessor-version":[{"id":235968,"href":"https:\/\/franciscanos.org.br\/noticias\/wp-json\/wp\/v2\/posts\/235961\/revisions\/235968"}],"wp:featuredmedia":[{"embeddable":true,"href":"https:\/\/franciscanos.org.br\/noticias\/wp-json\/wp\/v2\/media\/235962"}],"wp:attachment":[{"href":"https:\/\/franciscanos.org.br\/noticias\/wp-json\/wp\/v2\/media?parent=235961"}],"wp:term":[{"taxonomy":"category","embeddable":true,"href":"https:\/\/franciscanos.org.br\/noticias\/wp-json\/wp\/v2\/categories?post=235961"},{"taxonomy":"post_tag","embeddable":true,"href":"https:\/\/franciscanos.org.br\/noticias\/wp-json\/wp\/v2\/tags?post=235961"}],"curies":[{"name":"wp","href":"https:\/\/api.w.org\/{rel}","templated":true}]}}