{"id":235931,"date":"2022-01-04T08:19:50","date_gmt":"2022-01-04T11:19:50","guid":{"rendered":"https:\/\/franciscanos.org.br\/noticias\/?p=235931"},"modified":"2022-01-04T08:19:50","modified_gmt":"2022-01-04T11:19:50","slug":"ministro-geral-visita-a-croacia-e-a-bosnia-herzegovina","status":"publish","type":"post","link":"https:\/\/franciscanos.org.br\/noticias\/ministro-geral-visita-a-croacia-e-a-bosnia-herzegovina.html","title":{"rendered":"Ministro Geral visita a Cro\u00e1cia e a B\u00f3snia-Herzegovina"},"content":{"rendered":"<p><img loading=\"lazy\" class=\"alignnone wp-image-235932 size-full\" src=\"https:\/\/franciscanos.org.br\/noticias\/wp-content\/uploads\/2022\/01\/geral_040122.jpg\" alt=\"\" width=\"1024\" height=\"576\" srcset=\"https:\/\/franciscanos.org.br\/noticias\/wp-content\/uploads\/2022\/01\/geral_040122.jpg 1024w, https:\/\/franciscanos.org.br\/noticias\/wp-content\/uploads\/2022\/01\/geral_040122-450x253.jpg 450w, https:\/\/franciscanos.org.br\/noticias\/wp-content\/uploads\/2022\/01\/geral_040122-768x432.jpg 768w, https:\/\/franciscanos.org.br\/noticias\/wp-content\/uploads\/2022\/01\/geral_040122-150x84.jpg 150w\" sizes=\"(max-width: 1024px) 100vw, 1024px\" \/><\/p>\n<p>A Visita Fraterna do Ministro Geral, Frei Massimo Fusarelli, \u00e0s quatro prov\u00edncias da Cro\u00e1cia e da B\u00f3snia-Herzegovina foi conclu\u00edda com a Vig\u00edlia de Ora\u00e7\u00e3o e a Santa Missa em Medjugorje entre 31 de dezembro de 2021 e 1\u00ba de janeiro de 2022.<\/p>\n<p>Durante a Santa Missa, o Ministro exortou os presentes a receberem o dom da paz que vem do alto, isto \u00e9, Cristo: \u201cRecebamos este dom da paz na medida em que nos reconhecemos filhos de Deus em Cristo, aquele amado. Filho, Deus encarnado \u201d, e acrescentou que o motivo que o trouxe a Medjugorje como um peregrino para iniciar o Ano Novo \u00e9 apresentar toda a Fam\u00edlia Franciscana \u00e0 M\u00e3e de Deus e invocar uma f\u00e9 mais viva em Jesus por parte de todos.<\/p>\n<p>No final da homilia, Frei Massimo convidou os presentes a rezar pela paz, para que ela promova o desenvolvimento integral das pessoas, para que a f\u00e9 e o trabalho dos Frades menores cres\u00e7am na Fam\u00edlia franciscana e para que o santu\u00e1rio se converta num lugar est\u00e1vel como uma porta de escuta e miseric\u00f3rdia para todos que ali chegam.<\/p>\n<p>Acompanhando o Ministro Geral em Medjugorje estavam Frei Konrad Grzegorz Cholewa, Definidor geral; Frei Miljenko Steko, Ministro Provincial de Mostar; e Frei Vjekoslav Mili\u010devi\u0107, Secret\u00e1rio Pessoal. Ap\u00f3s a celebra\u00e7\u00e3o, o Ministro voltou \u00e0 It\u00e1lia.<\/p>\n<p><em>Texto completo da homilia do Ministro geral em Medjugorje:<\/em><\/p>\n<p><strong>Solenidade da Sant\u00edssima M\u00e3e de Deus<\/strong><\/p>\n<p><strong>Medjugorje, 1\u00ba de janeiro de 2022<\/strong><\/p>\n<p>Que o Senhor volte o rosto para voc\u00ea e lhe d\u00ea paz!<\/p>\n<p>Neste primeiro dia do ano dedicado \u00e0 M\u00e3e de Deus e \u00e0 ora\u00e7\u00e3o pela paz, as palavras da chamada b\u00ean\u00e7\u00e3o de Aar\u00e3o iluminam-nos para o novo tempo que se abre: \u00e9 o rosto de Deus que nos mostra a dire\u00e7\u00e3o e nos d\u00e1 paz.<\/p>\n<p>N\u00e3o vamos come\u00e7ar o ano confiando em n\u00f3s mesmos e na nossa capacidade de semear e obter a paz. Sabemos que a paz &#8211; Cristo \u00e9 a nossa paz! &#8211; \u00e9 um dom do alto, uma b\u00ean\u00e7\u00e3o dirigida a n\u00f3s, uma promessa de bem.<\/p>\n<p>Aceitamos este dom da paz na medida em que nos reconhecemos filhos de Deus em Cristo, Filho amado, Deus encarnado: \u00abEle se fez homem e n\u00e3o entrou em homem\u00bb.<\/p>\n<p>Somos filhos de Deus pelo dom do Esp\u00edrito de nosso pr\u00f3prio Filho amado. \u00c9 o Esp\u00edrito que envolveu a Virgem Maria, dando-lhe por pura gra\u00e7a para dar \u00e0 luz \u00abna carne o \u00fanico da Sant\u00edssima Trindade, Cristo nosso Deus\u00bb, tal como proclamado pelo VII Conc\u00edlio Ecum\u00eanico.<\/p>\n<p>O Esp\u00edrito Santo encheu a Virgem Maria de tal maneira que o seu ventre p\u00f4de receber a Cristo, e o seu cora\u00e7\u00e3o, a sua mente e a sua vontade estavam prontos a ouvir: Maria, por sua vez, guardava todas estas coisas, meditando-as em seu cora\u00e7\u00e3o.<\/p>\n<p>Maria \u00e9 a disc\u00edpula cheia de f\u00e9 e M\u00e3e de Deus: por isso a nossa terra soube fazer germinar dela Aquele que \u00e9 a verdadeira paz.<\/p>\n<p>Nesta solenidade que completa os oito dias do Natal, \u00e9-nos dado, como rezamos no in\u00edcio da Missa, saborear os primeiros frutos do seu amor misericordioso. Porque a paz \u00e9 realmente uma d\u00e1diva de Deus e n\u00e3o o resultado de nossos pobres esfor\u00e7os.<\/p>\n<p>Que belo \u00e9, pois, que o primeiro dia do ano nos fa\u00e7a olhar para Maria, a M\u00e3e de Deus, aquela que deu vida a Deus na sua carne feminina e se ligou a esse filho de uma forma original e irrepet\u00edvel: por isso n\u00f3s a chamamos de <em>Theotokos,<\/em> M\u00e3e de Deus, porque ela est\u00e1 ligada \u00e0 pessoa do Verbo de Deus feito carne, um de n\u00f3s!<\/p>\n<p>Com uma s\u00f3 palavra (\u0398\u03b5\u03bf\u03c4\u03cc\u03ba\u03bf\u03c2-M\u00e3e de Deus), confessamos o cora\u00e7\u00e3o da f\u00e9 na Encarna\u00e7\u00e3o do Verbo de Deus e dizemos que o homem se torna filho de Deus e trabalhador daquela paz que \u00e9 Aquele que nasceu, morreu e ressuscitou por n\u00f3s.<\/p>\n<p>Vim como peregrino a este santu\u00e1rio para iniciar o novo ano e para trazer aqui com alegria e f\u00e9, especialmente a todos os irm\u00e3os da Ordem dos Frades Menores, as Clarissas e os numerosos membros da Fam\u00edlia Franciscana.<\/p>\n<p>Tornei-me um peregrino aqui para invocar de todos n\u00f3s uma f\u00e9 mais viva em Jesus Cristo, o Verbo que se fez carne, centro do cosmos e da hist\u00f3ria.<\/p>\n<p>Um peregrino aqui, como o sucessor de S\u00e3o Francisco, que \u201cprofessava um amor inef\u00e1vel pela M\u00e3e de Jesus, porque ela fez do Senhor da majestade nosso irm\u00e3o. Em sua honra, cantava louvores especiais, elevava ora\u00e7\u00f5es, oferecia afetos t\u00e3o numerosos e tais que a linguagem humana n\u00e3o poderia express\u00e1-los \u201d. \u00c9 assim que expressa Tom\u00e1s de Celano.<\/p>\n<p>Neste lugar, durante muitos anos, muitas pessoas viram reavivar a chama da f\u00e9 a escutar a palavra de Deus e celebrar os sacramentos, especialmente os da Reconcilia\u00e7\u00e3o e da Eucaristia.<\/p>\n<p>E \u00e9 aqui que se abre a liberdade de descobrir o dom da ora\u00e7\u00e3o, especialmente atrav\u00e9s do sil\u00eancio e da adora\u00e7\u00e3o. E por isso tantos puderam saborear o dom da reconcilia\u00e7\u00e3o e da paz neste lugar.<\/p>\n<p>N\u00e3o encontramos tudo isso na Virgem Maria, M\u00e3e de Deus e nossa irm\u00e3 na f\u00e9? S\u00e3o Paulo VI escreveu: \u201cMaria \u00e9 a demonstra\u00e7\u00e3o do que Deus faz quando encontra uma pessoa disposta: ela \u00e9 o que devemos ser\u201d.<\/p>\n<p>S\u00e3o Francisco chamou a Maria, a virgem feita Igreja: podemos nos tornar o que vemos realizado nela. Este \u00e9 o caminho mais profundo de convers\u00e3o, um dom do Esp\u00edrito que torna nova a nossa liberdade e a faz crescer.<\/p>\n<p>Podemos chegar a ser realmente com Maria a casa, o pal\u00e1cio, o tabern\u00e1culo de Deus no meio do mundo. Como nele, o Esp\u00edrito do Senhor repousar\u00e1 sobre n\u00f3s e nos far\u00e1 sua morada e habita\u00e7\u00e3o. E somos filhos de nosso Pai celestial e esposos, irm\u00e3os e m\u00e3es de nosso Senhor Jesus Cristo. Desta forma, podemos ger\u00e1-lo por meio de uma atividade sagrada, que deve brilhar como um exemplo para os outros.<\/p>\n<p>Esta \u00e9 a vida nova, o fruto da paz que vem do acolhimento de Jesus Cristo, o Verbo que se fez carne no seio da Virgem Maria: este \u00e9 o dom que muitos experimentaram neste lugar e que muitos outros poder\u00e3o receber. Oremos para que esta obra de Deus continue e cres\u00e7a de acordo com sua vontade.<\/p>\n<p>Rezemos para que a paz promova o desenvolvimento integral das pessoas, antes de tudo, para que cres\u00e7a o \u201cdi\u00e1logo entre gera\u00e7\u00f5es, a educa\u00e7\u00e3o e o trabalho: instrumentos para construir uma paz duradoura\u201d.<\/p>\n<p>Rezemos para que a f\u00e9 cres\u00e7a em nossa fam\u00edlia franciscana e para que a presen\u00e7a da Virgem Maria seja redescoberta no cora\u00e7\u00e3o de nosso carisma.<\/p>\n<p>Rezemos para que a presen\u00e7a e o trabalho dos Frades Menores neste lugar se tornem uma porta est\u00e1vel de escuta e de miseric\u00f3rdia para muitos que aqui v\u00eam.<\/p>\n<p>A M\u00e3e de Deus, que tornou o Senhor de Majestade irm\u00e3o, continue a aben\u00e7oar-nos e a acompanhar-nos na paz. Am\u00e9m<\/p>\n<hr \/>\n<p><em>Fonte: Site da Ordem (ofm.org)<\/em><\/p>\n","protected":false},"excerpt":{"rendered":"<p>OFM<\/p>\n","protected":false},"author":3,"featured_media":235932,"comment_status":"open","ping_status":"open","sticky":false,"template":"","format":"standard","meta":[],"categories":[1],"tags":[184],"acf":[],"yoast_head":"<!-- This site is optimized with the Yoast SEO plugin v19.2 - https:\/\/yoast.com\/wordpress\/plugins\/seo\/ -->\n<title>Ministro Geral visita a Cro\u00e1cia e a B\u00f3snia-Herzegovina - Not\u00edcias - Franciscanos<\/title>\n<meta name=\"robots\" content=\"index, follow, max-snippet:-1, max-image-preview:large, max-video-preview:-1\" \/>\n<link rel=\"canonical\" href=\"https:\/\/franciscanos.org.br\/noticias\/ministro-geral-visita-a-croacia-e-a-bosnia-herzegovina.html\" \/>\n<meta property=\"og:locale\" content=\"pt_BR\" \/>\n<meta property=\"og:type\" content=\"article\" \/>\n<meta property=\"og:title\" content=\"Ministro Geral visita a Cro\u00e1cia e a B\u00f3snia-Herzegovina - Not\u00edcias - Franciscanos\" \/>\n<meta property=\"og:description\" content=\"OFM\" \/>\n<meta property=\"og:url\" content=\"https:\/\/franciscanos.org.br\/noticias\/ministro-geral-visita-a-croacia-e-a-bosnia-herzegovina.html\" \/>\n<meta property=\"og:site_name\" content=\"Not\u00edcias - Franciscanos\" \/>\n<meta property=\"article:published_time\" content=\"2022-01-04T11:19:50+00:00\" \/>\n<meta property=\"og:image\" content=\"https:\/\/franciscanos.org.br\/noticias\/wp-content\/uploads\/2022\/01\/geral_040122.jpg\" \/>\n\t<meta property=\"og:image:width\" content=\"1024\" \/>\n\t<meta property=\"og:image:height\" content=\"576\" \/>\n\t<meta property=\"og:image:type\" content=\"image\/jpeg\" \/>\n<meta name=\"author\" content=\"moacir\" \/>\n<meta name=\"twitter:card\" content=\"summary_large_image\" \/>\n<meta name=\"twitter:label1\" content=\"Escrito por\" \/>\n\t<meta name=\"twitter:data1\" content=\"moacir\" \/>\n\t<meta name=\"twitter:label2\" content=\"Est. tempo de leitura\" \/>\n\t<meta name=\"twitter:data2\" content=\"6 minutos\" \/>\n<script type=\"application\/ld+json\" class=\"yoast-schema-graph\">{\"@context\":\"https:\/\/schema.org\",\"@graph\":[{\"@type\":\"WebSite\",\"@id\":\"https:\/\/franciscanos.org.br\/noticias\/#website\",\"url\":\"https:\/\/franciscanos.org.br\/noticias\/\",\"name\":\"Not\u00edcias - Franciscanos\",\"description\":\"Prov\u00edncia Franciscana da Imaculada Concei\u00e7\u00e3o do Brasil - Ordem dos Frades Menores - OFM\",\"potentialAction\":[{\"@type\":\"SearchAction\",\"target\":{\"@type\":\"EntryPoint\",\"urlTemplate\":\"https:\/\/franciscanos.org.br\/noticias\/?s={search_term_string}\"},\"query-input\":\"required name=search_term_string\"}],\"inLanguage\":\"pt-BR\"},{\"@type\":\"ImageObject\",\"inLanguage\":\"pt-BR\",\"@id\":\"https:\/\/franciscanos.org.br\/noticias\/ministro-geral-visita-a-croacia-e-a-bosnia-herzegovina.html#primaryimage\",\"url\":\"https:\/\/franciscanos.org.br\/noticias\/wp-content\/uploads\/2022\/01\/geral_040122.jpg\",\"contentUrl\":\"https:\/\/franciscanos.org.br\/noticias\/wp-content\/uploads\/2022\/01\/geral_040122.jpg\",\"width\":1024,\"height\":576},{\"@type\":\"WebPage\",\"@id\":\"https:\/\/franciscanos.org.br\/noticias\/ministro-geral-visita-a-croacia-e-a-bosnia-herzegovina.html#webpage\",\"url\":\"https:\/\/franciscanos.org.br\/noticias\/ministro-geral-visita-a-croacia-e-a-bosnia-herzegovina.html\",\"name\":\"Ministro Geral visita a Cro\u00e1cia e a B\u00f3snia-Herzegovina - Not\u00edcias - Franciscanos\",\"isPartOf\":{\"@id\":\"https:\/\/franciscanos.org.br\/noticias\/#website\"},\"primaryImageOfPage\":{\"@id\":\"https:\/\/franciscanos.org.br\/noticias\/ministro-geral-visita-a-croacia-e-a-bosnia-herzegovina.html#primaryimage\"},\"datePublished\":\"2022-01-04T11:19:50+00:00\",\"dateModified\":\"2022-01-04T11:19:50+00:00\",\"author\":{\"@id\":\"https:\/\/franciscanos.org.br\/noticias\/#\/schema\/person\/b5c8cba458c330ccff548b056e95a5d4\"},\"breadcrumb\":{\"@id\":\"https:\/\/franciscanos.org.br\/noticias\/ministro-geral-visita-a-croacia-e-a-bosnia-herzegovina.html#breadcrumb\"},\"inLanguage\":\"pt-BR\",\"potentialAction\":[{\"@type\":\"ReadAction\",\"target\":[\"https:\/\/franciscanos.org.br\/noticias\/ministro-geral-visita-a-croacia-e-a-bosnia-herzegovina.html\"]}]},{\"@type\":\"BreadcrumbList\",\"@id\":\"https:\/\/franciscanos.org.br\/noticias\/ministro-geral-visita-a-croacia-e-a-bosnia-herzegovina.html#breadcrumb\",\"itemListElement\":[{\"@type\":\"ListItem\",\"position\":1,\"name\":\"Home\",\"item\":\"https:\/\/franciscanos.org.br\/noticias\"},{\"@type\":\"ListItem\",\"position\":2,\"name\":\"Ministro Geral visita a Cro\u00e1cia e a B\u00f3snia-Herzegovina\"}]},{\"@type\":\"Person\",\"@id\":\"https:\/\/franciscanos.org.br\/noticias\/#\/schema\/person\/b5c8cba458c330ccff548b056e95a5d4\",\"name\":\"moacir\",\"image\":{\"@type\":\"ImageObject\",\"inLanguage\":\"pt-BR\",\"@id\":\"https:\/\/franciscanos.org.br\/noticias\/#\/schema\/person\/image\/\",\"url\":\"https:\/\/secure.gravatar.com\/avatar\/d08aa2ce4c8dd416d4479aa8536fcf64?s=96&d=mm&r=g\",\"contentUrl\":\"https:\/\/secure.gravatar.com\/avatar\/d08aa2ce4c8dd416d4479aa8536fcf64?s=96&d=mm&r=g\",\"caption\":\"moacir\"},\"url\":\"https:\/\/franciscanos.org.br\/noticias\/author\/moacir\"}]}<\/script>\n<!-- \/ Yoast SEO plugin. -->","yoast_head_json":{"title":"Ministro Geral visita a Cro\u00e1cia e a B\u00f3snia-Herzegovina - Not\u00edcias - Franciscanos","robots":{"index":"index","follow":"follow","max-snippet":"max-snippet:-1","max-image-preview":"max-image-preview:large","max-video-preview":"max-video-preview:-1"},"canonical":"https:\/\/franciscanos.org.br\/noticias\/ministro-geral-visita-a-croacia-e-a-bosnia-herzegovina.html","og_locale":"pt_BR","og_type":"article","og_title":"Ministro Geral visita a Cro\u00e1cia e a B\u00f3snia-Herzegovina - Not\u00edcias - Franciscanos","og_description":"OFM","og_url":"https:\/\/franciscanos.org.br\/noticias\/ministro-geral-visita-a-croacia-e-a-bosnia-herzegovina.html","og_site_name":"Not\u00edcias - Franciscanos","article_published_time":"2022-01-04T11:19:50+00:00","og_image":[{"width":1024,"height":576,"url":"https:\/\/franciscanos.org.br\/noticias\/wp-content\/uploads\/2022\/01\/geral_040122.jpg","type":"image\/jpeg"}],"author":"moacir","twitter_card":"summary_large_image","twitter_misc":{"Escrito por":"moacir","Est. tempo de leitura":"6 minutos"},"schema":{"@context":"https:\/\/schema.org","@graph":[{"@type":"WebSite","@id":"https:\/\/franciscanos.org.br\/noticias\/#website","url":"https:\/\/franciscanos.org.br\/noticias\/","name":"Not\u00edcias - Franciscanos","description":"Prov\u00edncia Franciscana da Imaculada Concei\u00e7\u00e3o do Brasil - Ordem dos Frades Menores - OFM","potentialAction":[{"@type":"SearchAction","target":{"@type":"EntryPoint","urlTemplate":"https:\/\/franciscanos.org.br\/noticias\/?s={search_term_string}"},"query-input":"required name=search_term_string"}],"inLanguage":"pt-BR"},{"@type":"ImageObject","inLanguage":"pt-BR","@id":"https:\/\/franciscanos.org.br\/noticias\/ministro-geral-visita-a-croacia-e-a-bosnia-herzegovina.html#primaryimage","url":"https:\/\/franciscanos.org.br\/noticias\/wp-content\/uploads\/2022\/01\/geral_040122.jpg","contentUrl":"https:\/\/franciscanos.org.br\/noticias\/wp-content\/uploads\/2022\/01\/geral_040122.jpg","width":1024,"height":576},{"@type":"WebPage","@id":"https:\/\/franciscanos.org.br\/noticias\/ministro-geral-visita-a-croacia-e-a-bosnia-herzegovina.html#webpage","url":"https:\/\/franciscanos.org.br\/noticias\/ministro-geral-visita-a-croacia-e-a-bosnia-herzegovina.html","name":"Ministro Geral visita a Cro\u00e1cia e a B\u00f3snia-Herzegovina - Not\u00edcias - Franciscanos","isPartOf":{"@id":"https:\/\/franciscanos.org.br\/noticias\/#website"},"primaryImageOfPage":{"@id":"https:\/\/franciscanos.org.br\/noticias\/ministro-geral-visita-a-croacia-e-a-bosnia-herzegovina.html#primaryimage"},"datePublished":"2022-01-04T11:19:50+00:00","dateModified":"2022-01-04T11:19:50+00:00","author":{"@id":"https:\/\/franciscanos.org.br\/noticias\/#\/schema\/person\/b5c8cba458c330ccff548b056e95a5d4"},"breadcrumb":{"@id":"https:\/\/franciscanos.org.br\/noticias\/ministro-geral-visita-a-croacia-e-a-bosnia-herzegovina.html#breadcrumb"},"inLanguage":"pt-BR","potentialAction":[{"@type":"ReadAction","target":["https:\/\/franciscanos.org.br\/noticias\/ministro-geral-visita-a-croacia-e-a-bosnia-herzegovina.html"]}]},{"@type":"BreadcrumbList","@id":"https:\/\/franciscanos.org.br\/noticias\/ministro-geral-visita-a-croacia-e-a-bosnia-herzegovina.html#breadcrumb","itemListElement":[{"@type":"ListItem","position":1,"name":"Home","item":"https:\/\/franciscanos.org.br\/noticias"},{"@type":"ListItem","position":2,"name":"Ministro Geral visita a Cro\u00e1cia e a B\u00f3snia-Herzegovina"}]},{"@type":"Person","@id":"https:\/\/franciscanos.org.br\/noticias\/#\/schema\/person\/b5c8cba458c330ccff548b056e95a5d4","name":"moacir","image":{"@type":"ImageObject","inLanguage":"pt-BR","@id":"https:\/\/franciscanos.org.br\/noticias\/#\/schema\/person\/image\/","url":"https:\/\/secure.gravatar.com\/avatar\/d08aa2ce4c8dd416d4479aa8536fcf64?s=96&d=mm&r=g","contentUrl":"https:\/\/secure.gravatar.com\/avatar\/d08aa2ce4c8dd416d4479aa8536fcf64?s=96&d=mm&r=g","caption":"moacir"},"url":"https:\/\/franciscanos.org.br\/noticias\/author\/moacir"}]}},"_links":{"self":[{"href":"https:\/\/franciscanos.org.br\/noticias\/wp-json\/wp\/v2\/posts\/235931"}],"collection":[{"href":"https:\/\/franciscanos.org.br\/noticias\/wp-json\/wp\/v2\/posts"}],"about":[{"href":"https:\/\/franciscanos.org.br\/noticias\/wp-json\/wp\/v2\/types\/post"}],"author":[{"embeddable":true,"href":"https:\/\/franciscanos.org.br\/noticias\/wp-json\/wp\/v2\/users\/3"}],"replies":[{"embeddable":true,"href":"https:\/\/franciscanos.org.br\/noticias\/wp-json\/wp\/v2\/comments?post=235931"}],"version-history":[{"count":1,"href":"https:\/\/franciscanos.org.br\/noticias\/wp-json\/wp\/v2\/posts\/235931\/revisions"}],"predecessor-version":[{"id":235933,"href":"https:\/\/franciscanos.org.br\/noticias\/wp-json\/wp\/v2\/posts\/235931\/revisions\/235933"}],"wp:featuredmedia":[{"embeddable":true,"href":"https:\/\/franciscanos.org.br\/noticias\/wp-json\/wp\/v2\/media\/235932"}],"wp:attachment":[{"href":"https:\/\/franciscanos.org.br\/noticias\/wp-json\/wp\/v2\/media?parent=235931"}],"wp:term":[{"taxonomy":"category","embeddable":true,"href":"https:\/\/franciscanos.org.br\/noticias\/wp-json\/wp\/v2\/categories?post=235931"},{"taxonomy":"post_tag","embeddable":true,"href":"https:\/\/franciscanos.org.br\/noticias\/wp-json\/wp\/v2\/tags?post=235931"}],"curies":[{"name":"wp","href":"https:\/\/api.w.org\/{rel}","templated":true}]}}