{"id":235925,"date":"2022-01-02T09:27:49","date_gmt":"2022-01-02T12:27:49","guid":{"rendered":"https:\/\/franciscanos.org.br\/noticias\/?p=235925"},"modified":"2022-01-02T09:27:49","modified_gmt":"2022-01-02T12:27:49","slug":"papa-deus-quer-habitar-no-meio-de-nos","status":"publish","type":"post","link":"https:\/\/franciscanos.org.br\/noticias\/papa-deus-quer-habitar-no-meio-de-nos.html","title":{"rendered":"Papa: &#8220;Deus quer habitar no meio de n\u00f3s&#8221;"},"content":{"rendered":"<div id=\"attachment_235926\" style=\"width: 1510px\" class=\"wp-caption alignnone\"><img aria-describedby=\"caption-attachment-235926\" loading=\"lazy\" class=\"wp-image-235926 size-full\" src=\"https:\/\/franciscanos.org.br\/noticias\/wp-content\/uploads\/2022\/01\/angelus_epifania.jpeg\" alt=\"\" width=\"1500\" height=\"844\" srcset=\"https:\/\/franciscanos.org.br\/noticias\/wp-content\/uploads\/2022\/01\/angelus_epifania.jpeg 1500w, https:\/\/franciscanos.org.br\/noticias\/wp-content\/uploads\/2022\/01\/angelus_epifania-450x253.jpeg 450w, https:\/\/franciscanos.org.br\/noticias\/wp-content\/uploads\/2022\/01\/angelus_epifania-1024x576.jpeg 1024w, https:\/\/franciscanos.org.br\/noticias\/wp-content\/uploads\/2022\/01\/angelus_epifania-768x432.jpeg 768w, https:\/\/franciscanos.org.br\/noticias\/wp-content\/uploads\/2022\/01\/angelus_epifania-150x84.jpeg 150w\" sizes=\"(max-width: 1500px) 100vw, 1500px\" \/><p id=\"caption-attachment-235926\" class=\"wp-caption-text\">\u00a0 \u00a0 \u00a0 \u00a0 \u00a0 \u00a0 \u00a0 \u00a0 \u00a0 \u00a0 \u00a0 \u00a0 \u00a0 \u00a0 \u00a0 \u00a0 \u00a0 \u00a0 \u00a0 \u00a0 \u00a0 \u00a0 \u00a0 \u00a0 \u00a0 \u00a0 \u00a0 \u00a0 \u00a0 \u00a0 \u00a0 \u00a0 \u00a0 \u00a0 \u00a0 \u00a0 \u00a0 \u00a0 \u00a0 \u00a0 \u00a0 \u00a0 \u00a0 \u00a0 \u00a0 \u00a0 \u00a0 \u00a0 \u00a0 \u00a0 \u00a0 \u00a0 \u00a0<em> \u00a0 \u00a0 Imagem: Vatican Media<\/em><\/p><\/div>\n<p>No Angelus deste domingo, 2 de janeiro, que no Brasil \u00e9 celebrada a Solenidade da Epifania do Senhor, o Papa Francisco falou sobre a frase de Jo\u00e3o do Evangelho da Liturgia do II Domingo do Tempo de Natal: &#8220;O Verbo se fez carne e habitou entre n\u00f3s&#8221;. (Jo 1, 14). Em seguida aprofundou as duas realidades presentes nesta frase: \u201co Verbo e a carne\u201d. \u201cVerbo\u201d, disse o Papa, \u201cindica que Jesus \u00e9 a Palavra eterna do Pai, infinita, que existe desde sempre, antes de todas as coisas criadas; e &#8220;carne&#8221;, por outro lado, indica precisamente nossa realidade criada, fr\u00e1gil, limitada, mortal\u201d.<\/p>\n<p><strong>Luz e trevas<\/strong><br \/>\nDepois de indicar que no Pr\u00f3logo de Jo\u00e3o h\u00e1 um outro bin\u00f4mio, ou seja, luz e trevas, disse que \u201cJesus \u00e9 a luz de Deus que entrou nas trevas do mundo\u201d e que agora com Jesus \u201cluz e trevas se encontram: santidade e culpa, gra\u00e7a e pecado\u201d. E detalhou o an\u00fancio destas polaridades com uma not\u00edcia espl\u00eandida: \u201c\u00e9 a maneira de agir de Deus\u201d, que Deus n\u00e3o se retrai diante de nossas fragilidades ele quer vir \u201cno meio de n\u00f3s\u201d.<\/p>\n<p>\u201cDeus n\u00e3o se cansa de nos procurar. Se n\u00e3o estivermos prontos e dispostos a receb\u00ea-lo, ele prefere vir de qualquer forma\u201d<\/p>\n<p>Ent\u00e3o Francisco sugere que mesmo se n\u00e3o nos consideramos dignos d\u2019Ele, o Natal nos convida a ver as coisas \u201ca partir do seu ponto de vista\u201d. Afirmando:\u00a0\u201cDeus deseja se encarnar. Se o seu cora\u00e7\u00e3o parece muito polu\u00eddo pelo mal, muito desordenado, n\u00e3o se feche, n\u00e3o tenha medo. Pense no est\u00e1bulo de Bel\u00e9m. Jesus nasceu ali, naquela pobreza, para lhe dizer que n\u00e3o tem medo de visitar o seu cora\u00e7\u00e3o, de viver uma vida desordenada\u201d, afirmando em seguida:<\/p>\n<p>\u201cHabitar. Este \u00e9 o verbo usado hoje no Evangelho: ele expressa uma partilha total, uma grande intimidade. Isto \u00e9 o que Deus quer\u201d<\/p>\n<p><strong>Como habitar com Deus<\/strong><br \/>\nO Papa d\u00e1 um exemplo pr\u00e1tico de como podemos criar espa\u00e7o para Ele neste tempo de Natal.<\/p>\n<p>\u201cParando em frente ao pres\u00e9pio, porque ali mostra Jesus vindo habitar na nossa vida concreta, comum, onde as coisas n\u00e3o v\u00e3o bem, onde h\u00e1 muitos problemas: os pastores trabalhando duro, Herodes que amea\u00e7a os inocentes, uma grande pobreza&#8230; Mas no meio de tudo isso, h\u00e1 Deus, que quer habitar conosco\u201d<\/p>\n<p>Por fim o Papa encoraja a convid\u00e1-Lo oficialmente \u201cpara entrar em nossa vida, especialmente nas \u00e1reas escuras, em nossos \u2018est\u00e1bulos interiores\u2019. E falemos-lhe tamb\u00e9m sem medo dos problemas sociais e eclesiais de nosso tempo, porque Deus ama habitar entre n\u00f3s\u201d.<\/p>\n<hr \/>\n<p><em>Fonte: Vatican News (texto de Jane Nogara)<\/em><\/p>\n","protected":false},"excerpt":{"rendered":"<p>Angelus<\/p>\n","protected":false},"author":3,"featured_media":235926,"comment_status":"open","ping_status":"open","sticky":false,"template":"","format":"standard","meta":[],"categories":[1428],"tags":[403],"acf":[],"yoast_head":"<!-- This site is optimized with the Yoast SEO plugin v19.2 - https:\/\/yoast.com\/wordpress\/plugins\/seo\/ -->\n<title>Papa: &quot;Deus quer habitar no meio de n\u00f3s&quot; - Not\u00edcias - Franciscanos<\/title>\n<meta name=\"robots\" content=\"index, follow, max-snippet:-1, max-image-preview:large, max-video-preview:-1\" \/>\n<link rel=\"canonical\" href=\"https:\/\/franciscanos.org.br\/noticias\/papa-deus-quer-habitar-no-meio-de-nos.html\" \/>\n<meta property=\"og:locale\" content=\"pt_BR\" \/>\n<meta property=\"og:type\" content=\"article\" \/>\n<meta property=\"og:title\" content=\"Papa: &quot;Deus quer habitar no meio de n\u00f3s&quot; - Not\u00edcias - Franciscanos\" \/>\n<meta property=\"og:description\" content=\"Angelus\" \/>\n<meta property=\"og:url\" content=\"https:\/\/franciscanos.org.br\/noticias\/papa-deus-quer-habitar-no-meio-de-nos.html\" \/>\n<meta property=\"og:site_name\" content=\"Not\u00edcias - Franciscanos\" \/>\n<meta property=\"article:published_time\" content=\"2022-01-02T12:27:49+00:00\" \/>\n<meta property=\"og:image\" content=\"https:\/\/franciscanos.org.br\/noticias\/wp-content\/uploads\/2022\/01\/angelus_epifania.jpeg\" \/>\n\t<meta property=\"og:image:width\" content=\"1500\" \/>\n\t<meta property=\"og:image:height\" content=\"844\" \/>\n\t<meta property=\"og:image:type\" content=\"image\/jpeg\" \/>\n<meta name=\"author\" content=\"moacir\" \/>\n<meta name=\"twitter:card\" content=\"summary_large_image\" \/>\n<meta name=\"twitter:label1\" content=\"Escrito por\" \/>\n\t<meta name=\"twitter:data1\" content=\"moacir\" \/>\n\t<meta name=\"twitter:label2\" content=\"Est. tempo de leitura\" \/>\n\t<meta name=\"twitter:data2\" content=\"2 minutos\" \/>\n<script type=\"application\/ld+json\" class=\"yoast-schema-graph\">{\"@context\":\"https:\/\/schema.org\",\"@graph\":[{\"@type\":\"WebSite\",\"@id\":\"https:\/\/franciscanos.org.br\/noticias\/#website\",\"url\":\"https:\/\/franciscanos.org.br\/noticias\/\",\"name\":\"Not\u00edcias - Franciscanos\",\"description\":\"Prov\u00edncia Franciscana da Imaculada Concei\u00e7\u00e3o do Brasil - Ordem dos Frades Menores - OFM\",\"potentialAction\":[{\"@type\":\"SearchAction\",\"target\":{\"@type\":\"EntryPoint\",\"urlTemplate\":\"https:\/\/franciscanos.org.br\/noticias\/?s={search_term_string}\"},\"query-input\":\"required name=search_term_string\"}],\"inLanguage\":\"pt-BR\"},{\"@type\":\"ImageObject\",\"inLanguage\":\"pt-BR\",\"@id\":\"https:\/\/franciscanos.org.br\/noticias\/papa-deus-quer-habitar-no-meio-de-nos.html#primaryimage\",\"url\":\"https:\/\/franciscanos.org.br\/noticias\/wp-content\/uploads\/2022\/01\/angelus_epifania.jpeg\",\"contentUrl\":\"https:\/\/franciscanos.org.br\/noticias\/wp-content\/uploads\/2022\/01\/angelus_epifania.jpeg\",\"width\":1500,\"height\":844},{\"@type\":\"WebPage\",\"@id\":\"https:\/\/franciscanos.org.br\/noticias\/papa-deus-quer-habitar-no-meio-de-nos.html#webpage\",\"url\":\"https:\/\/franciscanos.org.br\/noticias\/papa-deus-quer-habitar-no-meio-de-nos.html\",\"name\":\"Papa: \\\"Deus quer habitar no meio de n\u00f3s\\\" - Not\u00edcias - Franciscanos\",\"isPartOf\":{\"@id\":\"https:\/\/franciscanos.org.br\/noticias\/#website\"},\"primaryImageOfPage\":{\"@id\":\"https:\/\/franciscanos.org.br\/noticias\/papa-deus-quer-habitar-no-meio-de-nos.html#primaryimage\"},\"datePublished\":\"2022-01-02T12:27:49+00:00\",\"dateModified\":\"2022-01-02T12:27:49+00:00\",\"author\":{\"@id\":\"https:\/\/franciscanos.org.br\/noticias\/#\/schema\/person\/b5c8cba458c330ccff548b056e95a5d4\"},\"breadcrumb\":{\"@id\":\"https:\/\/franciscanos.org.br\/noticias\/papa-deus-quer-habitar-no-meio-de-nos.html#breadcrumb\"},\"inLanguage\":\"pt-BR\",\"potentialAction\":[{\"@type\":\"ReadAction\",\"target\":[\"https:\/\/franciscanos.org.br\/noticias\/papa-deus-quer-habitar-no-meio-de-nos.html\"]}]},{\"@type\":\"BreadcrumbList\",\"@id\":\"https:\/\/franciscanos.org.br\/noticias\/papa-deus-quer-habitar-no-meio-de-nos.html#breadcrumb\",\"itemListElement\":[{\"@type\":\"ListItem\",\"position\":1,\"name\":\"Home\",\"item\":\"https:\/\/franciscanos.org.br\/noticias\"},{\"@type\":\"ListItem\",\"position\":2,\"name\":\"Papa: &#8220;Deus quer habitar no meio de n\u00f3s&#8221;\"}]},{\"@type\":\"Person\",\"@id\":\"https:\/\/franciscanos.org.br\/noticias\/#\/schema\/person\/b5c8cba458c330ccff548b056e95a5d4\",\"name\":\"moacir\",\"image\":{\"@type\":\"ImageObject\",\"inLanguage\":\"pt-BR\",\"@id\":\"https:\/\/franciscanos.org.br\/noticias\/#\/schema\/person\/image\/\",\"url\":\"https:\/\/secure.gravatar.com\/avatar\/d08aa2ce4c8dd416d4479aa8536fcf64?s=96&d=mm&r=g\",\"contentUrl\":\"https:\/\/secure.gravatar.com\/avatar\/d08aa2ce4c8dd416d4479aa8536fcf64?s=96&d=mm&r=g\",\"caption\":\"moacir\"},\"url\":\"https:\/\/franciscanos.org.br\/noticias\/author\/moacir\"}]}<\/script>\n<!-- \/ Yoast SEO plugin. -->","yoast_head_json":{"title":"Papa: \"Deus quer habitar no meio de n\u00f3s\" - Not\u00edcias - Franciscanos","robots":{"index":"index","follow":"follow","max-snippet":"max-snippet:-1","max-image-preview":"max-image-preview:large","max-video-preview":"max-video-preview:-1"},"canonical":"https:\/\/franciscanos.org.br\/noticias\/papa-deus-quer-habitar-no-meio-de-nos.html","og_locale":"pt_BR","og_type":"article","og_title":"Papa: \"Deus quer habitar no meio de n\u00f3s\" - Not\u00edcias - Franciscanos","og_description":"Angelus","og_url":"https:\/\/franciscanos.org.br\/noticias\/papa-deus-quer-habitar-no-meio-de-nos.html","og_site_name":"Not\u00edcias - Franciscanos","article_published_time":"2022-01-02T12:27:49+00:00","og_image":[{"width":1500,"height":844,"url":"https:\/\/franciscanos.org.br\/noticias\/wp-content\/uploads\/2022\/01\/angelus_epifania.jpeg","type":"image\/jpeg"}],"author":"moacir","twitter_card":"summary_large_image","twitter_misc":{"Escrito por":"moacir","Est. tempo de leitura":"2 minutos"},"schema":{"@context":"https:\/\/schema.org","@graph":[{"@type":"WebSite","@id":"https:\/\/franciscanos.org.br\/noticias\/#website","url":"https:\/\/franciscanos.org.br\/noticias\/","name":"Not\u00edcias - Franciscanos","description":"Prov\u00edncia Franciscana da Imaculada Concei\u00e7\u00e3o do Brasil - Ordem dos Frades Menores - OFM","potentialAction":[{"@type":"SearchAction","target":{"@type":"EntryPoint","urlTemplate":"https:\/\/franciscanos.org.br\/noticias\/?s={search_term_string}"},"query-input":"required name=search_term_string"}],"inLanguage":"pt-BR"},{"@type":"ImageObject","inLanguage":"pt-BR","@id":"https:\/\/franciscanos.org.br\/noticias\/papa-deus-quer-habitar-no-meio-de-nos.html#primaryimage","url":"https:\/\/franciscanos.org.br\/noticias\/wp-content\/uploads\/2022\/01\/angelus_epifania.jpeg","contentUrl":"https:\/\/franciscanos.org.br\/noticias\/wp-content\/uploads\/2022\/01\/angelus_epifania.jpeg","width":1500,"height":844},{"@type":"WebPage","@id":"https:\/\/franciscanos.org.br\/noticias\/papa-deus-quer-habitar-no-meio-de-nos.html#webpage","url":"https:\/\/franciscanos.org.br\/noticias\/papa-deus-quer-habitar-no-meio-de-nos.html","name":"Papa: \"Deus quer habitar no meio de n\u00f3s\" - Not\u00edcias - Franciscanos","isPartOf":{"@id":"https:\/\/franciscanos.org.br\/noticias\/#website"},"primaryImageOfPage":{"@id":"https:\/\/franciscanos.org.br\/noticias\/papa-deus-quer-habitar-no-meio-de-nos.html#primaryimage"},"datePublished":"2022-01-02T12:27:49+00:00","dateModified":"2022-01-02T12:27:49+00:00","author":{"@id":"https:\/\/franciscanos.org.br\/noticias\/#\/schema\/person\/b5c8cba458c330ccff548b056e95a5d4"},"breadcrumb":{"@id":"https:\/\/franciscanos.org.br\/noticias\/papa-deus-quer-habitar-no-meio-de-nos.html#breadcrumb"},"inLanguage":"pt-BR","potentialAction":[{"@type":"ReadAction","target":["https:\/\/franciscanos.org.br\/noticias\/papa-deus-quer-habitar-no-meio-de-nos.html"]}]},{"@type":"BreadcrumbList","@id":"https:\/\/franciscanos.org.br\/noticias\/papa-deus-quer-habitar-no-meio-de-nos.html#breadcrumb","itemListElement":[{"@type":"ListItem","position":1,"name":"Home","item":"https:\/\/franciscanos.org.br\/noticias"},{"@type":"ListItem","position":2,"name":"Papa: &#8220;Deus quer habitar no meio de n\u00f3s&#8221;"}]},{"@type":"Person","@id":"https:\/\/franciscanos.org.br\/noticias\/#\/schema\/person\/b5c8cba458c330ccff548b056e95a5d4","name":"moacir","image":{"@type":"ImageObject","inLanguage":"pt-BR","@id":"https:\/\/franciscanos.org.br\/noticias\/#\/schema\/person\/image\/","url":"https:\/\/secure.gravatar.com\/avatar\/d08aa2ce4c8dd416d4479aa8536fcf64?s=96&d=mm&r=g","contentUrl":"https:\/\/secure.gravatar.com\/avatar\/d08aa2ce4c8dd416d4479aa8536fcf64?s=96&d=mm&r=g","caption":"moacir"},"url":"https:\/\/franciscanos.org.br\/noticias\/author\/moacir"}]}},"_links":{"self":[{"href":"https:\/\/franciscanos.org.br\/noticias\/wp-json\/wp\/v2\/posts\/235925"}],"collection":[{"href":"https:\/\/franciscanos.org.br\/noticias\/wp-json\/wp\/v2\/posts"}],"about":[{"href":"https:\/\/franciscanos.org.br\/noticias\/wp-json\/wp\/v2\/types\/post"}],"author":[{"embeddable":true,"href":"https:\/\/franciscanos.org.br\/noticias\/wp-json\/wp\/v2\/users\/3"}],"replies":[{"embeddable":true,"href":"https:\/\/franciscanos.org.br\/noticias\/wp-json\/wp\/v2\/comments?post=235925"}],"version-history":[{"count":1,"href":"https:\/\/franciscanos.org.br\/noticias\/wp-json\/wp\/v2\/posts\/235925\/revisions"}],"predecessor-version":[{"id":235927,"href":"https:\/\/franciscanos.org.br\/noticias\/wp-json\/wp\/v2\/posts\/235925\/revisions\/235927"}],"wp:featuredmedia":[{"embeddable":true,"href":"https:\/\/franciscanos.org.br\/noticias\/wp-json\/wp\/v2\/media\/235926"}],"wp:attachment":[{"href":"https:\/\/franciscanos.org.br\/noticias\/wp-json\/wp\/v2\/media?parent=235925"}],"wp:term":[{"taxonomy":"category","embeddable":true,"href":"https:\/\/franciscanos.org.br\/noticias\/wp-json\/wp\/v2\/categories?post=235925"},{"taxonomy":"post_tag","embeddable":true,"href":"https:\/\/franciscanos.org.br\/noticias\/wp-json\/wp\/v2\/tags?post=235925"}],"curies":[{"name":"wp","href":"https:\/\/api.w.org\/{rel}","templated":true}]}}