{"id":235914,"date":"2021-12-30T05:40:33","date_gmt":"2021-12-30T08:40:33","guid":{"rendered":"https:\/\/franciscanos.org.br\/noticias\/?p=235914"},"modified":"2021-12-30T05:40:33","modified_gmt":"2021-12-30T08:40:33","slug":"oracao-do-papa-a-sao-jose-ampara-todos-os-que-fogem-da-guerra-do-odio-e-da-fome","status":"publish","type":"post","link":"https:\/\/franciscanos.org.br\/noticias\/oracao-do-papa-a-sao-jose-ampara-todos-os-que-fogem-da-guerra-do-odio-e-da-fome.html","title":{"rendered":"Ora\u00e7\u00e3o do Papa a S\u00e3o Jos\u00e9: ampara todos os que fogem da guerra, do \u00f3dio e da fome"},"content":{"rendered":"<div id=\"attachment_235915\" style=\"width: 1510px\" class=\"wp-caption alignnone\"><img aria-describedby=\"caption-attachment-235915\" loading=\"lazy\" class=\"wp-image-235915 size-full\" src=\"https:\/\/franciscanos.org.br\/noticias\/wp-content\/uploads\/2021\/12\/jose_3012.jpeg\" alt=\"\" width=\"1500\" height=\"844\" srcset=\"https:\/\/franciscanos.org.br\/noticias\/wp-content\/uploads\/2021\/12\/jose_3012.jpeg 1500w, https:\/\/franciscanos.org.br\/noticias\/wp-content\/uploads\/2021\/12\/jose_3012-450x253.jpeg 450w, https:\/\/franciscanos.org.br\/noticias\/wp-content\/uploads\/2021\/12\/jose_3012-1024x576.jpeg 1024w, https:\/\/franciscanos.org.br\/noticias\/wp-content\/uploads\/2021\/12\/jose_3012-768x432.jpeg 768w, https:\/\/franciscanos.org.br\/noticias\/wp-content\/uploads\/2021\/12\/jose_3012-150x84.jpeg 150w\" sizes=\"(max-width: 1500px) 100vw, 1500px\" \/><p id=\"caption-attachment-235915\" class=\"wp-caption-text\">\u00a0 \u00a0 \u00a0 \u00a0 \u00a0 \u00a0 \u00a0 \u00a0 \u00a0 \u00a0 \u00a0 \u00a0 \u00a0 \u00a0 \u00a0 \u00a0 \u00a0 \u00a0 \u00a0 \u00a0 \u00a0 \u00a0 \u00a0 \u00a0 \u00a0 \u00a0 \u00a0 \u00a0 \u00a0 \u00a0 \u00a0 \u00a0 \u00a0 \u00a0 \u00a0 <em>\u00a0 Imagem do pres\u00e9pio no Vaticano (Vatican Media)<\/em><\/p><\/div>\n<p><strong>S\u00e3o Jos\u00e9,<\/strong><br \/>\n<strong>v\u00f3s que experimentastes o sofrimento de quem deve fugir<\/strong><br \/>\n<strong>v\u00f3s que fostes obrigado a fugir<\/strong><br \/>\n<strong>para salvar a vida dos entes mais queridos,<\/strong><br \/>\n<strong>amparai todos aqueles que fogem por causa da guerra,<\/strong><br \/>\n<strong>do \u00f3dio e da fome.<\/strong><br \/>\n<strong>Ajudai-os nas suas dificuldades,<\/strong><br \/>\n<strong>fortalecei-os na esperan\u00e7a e fazei com que encontrem acolhimento e solidariedade.<\/strong><br \/>\n<strong>Guiai os seus passos e abri o cora\u00e7\u00e3o de quantos os podem ajudar. Am\u00e9m!<\/strong><\/p>\n<p>Mais uma vez, o Papa dirige-se a S\u00e3o Jos\u00e9, homem justo e s\u00edmbolo daquele &#8220;hero\u00edsmo&#8221; que se expressa na vida cotidiana, para pedir a sua prote\u00e7\u00e3o para a vida dos migrantes, dos abandonados e perseguidos do nosso tempo.<\/p>\n<p>Na \u00faltima Audi\u00eancia Geral de 2021, depois de uma catequese inteiramente centrada na &#8220;coragem&#8221; do pai putativo de Jesus ao guiar a fuga de sua fam\u00edlia ao Egito, Francisco doa aos fi\u00e9is uma nova ora\u00e7\u00e3o para rezar no ano que se inicia. Um breve texto no qual se condensam as palavras da <em>Patris Corde<\/em>, a carta com a qual o Papa abriu, em 8 de dezembro de 2020, o Ano dedicado a S\u00e3o Jos\u00e9, conclu\u00eddo em dia 8 de dezembro deste ano, durante a visita \u00e0 Comunidade Cen\u00e1culo.<\/p>\n<p><strong>Pedidos de agradecimento<\/strong><br \/>\nO pedido do Papa de prote\u00e7\u00e3o a S\u00e3o Jos\u00e9, cuja profunda devo\u00e7\u00e3o nunca escondeu desde a juventude, est\u00e1 simbolicamente entrela\u00e7ado com o gesto que Jorge Mario Bergoglio faz h\u00e1 d\u00e9cadas, ou seja, o de confiar ao santo inten\u00e7\u00f5es de ora\u00e7\u00e3o, pedidos de gra\u00e7as e intercess\u00f5es especiais, colocando alguns bilhetes sob a imagem de Jos\u00e9 adormecido que o acompanha desde que foi reitor do Col\u00e9gio M\u00e1ximo de S\u00e3o Miguel e que agora guarda no seu gabinete pessoal na Casa Santa Marta.<\/p>\n<p><strong>Uma ora\u00e7\u00e3o coletiva<\/strong><br \/>\nCom a ora\u00e7\u00e3o de hoje, o Papa Francisco pede que a ora\u00e7\u00e3o ao esposo de Maria n\u00e3o seja apenas uma ora\u00e7\u00e3o pessoal, mas que todos os fi\u00e9is se voltem para ele neste ano de 2022 e coloquem em suas m\u00e3os as esperan\u00e7as e dificuldades daqueles &#8220;que s\u00e3o v\u00edtimas de circunst\u00e2ncias adversas e que se sentem desanimados e abandonados por causa disso&#8221;.<\/p>\n<p><strong>N\u00e3o esquecer quem est\u00e1 longe de casa<\/strong><br \/>\nA ora\u00e7\u00e3o se expressa em inten\u00e7\u00f5es ou a\u00e7\u00f5es precisas feitas nas sauda\u00e7\u00f5es em v\u00e1rias l\u00ednguas, que o Papa pronuncia no final das audi\u00eancias de quartas-feiras. Aos fi\u00e9is de l\u00edngua \u00e1rabe, o Papa pediu: &#8220;Que a coragem de Jos\u00e9, que se confiou \u00e0 Provid\u00eancia de Deus, seja uma fonte de inspira\u00e7\u00e3o e compromisso para todos n\u00f3s perante as crian\u00e7as, para ensinar-lhes que s\u00f3 assim \u00e9 poss\u00edvel repelir todo o mal e deter toda fuga sem medo&#8221;.<\/p>\n<p>O Pont\u00edfice exortou os franceses a n\u00e3o &#8220;se esquecerem daqueles que, como a Sagrada Fam\u00edlia no Egito, est\u00e3o longe de casa e de seus entes queridos&#8221;. Ele pediu aos peregrinos alem\u00e3es para que &#8220;rezem pelos migrantes, pelos perseguidos e por todos aqueles que se sentem abandonados e desanimados. Que o Senhor lhes d\u00ea esperan\u00e7a e nos ajude a estarmos pr\u00f3ximos a eles&#8221;.<\/p>\n<p><strong>A intercess\u00e3o de S\u00e3o Jos\u00e9 para o novo ano<\/strong><br \/>\nDa mesma forma, o Papa Francisco indicou aos fi\u00e9is espanh\u00f3is o exemplo de S\u00e3o Jos\u00e9 para que, como ele, possam &#8220;confiar na Provid\u00eancia divina em todos os momentos&#8221; e terem &#8220;a coragem de acolher com esp\u00edrito crist\u00e3o de caridade e solidariedade todos os nossos irm\u00e3os e irm\u00e3s que tiveram que fugir de suas terras e deixar suas casas&#8221;.<\/p>\n<p>Eis a inten\u00e7\u00e3o de ora\u00e7\u00e3o dirigida aos poloneses, v\u00e1lida para todos os fi\u00e9is do mundo, em vista do novo ano:<\/p>\n<p>&#8220;Por intercess\u00e3o de Maria Sant\u00edssima M\u00e3e de Deus e de S\u00e3o Jos\u00e9, seu esposo, rezamos para que o pr\u00f3ximo ano seja feliz para n\u00f3s e para todas as pessoas, para que a pandemia cesse e possamos desfrutar da paz em nossos cora\u00e7\u00f5es, em nossas fam\u00edlias, nas sociedades e no mundo&#8221;.<\/p>\n<hr \/>\n<p><em>Fonte: Vatican News (texto de Salvatore Cernuzio )<\/em><\/p>\n","protected":false},"excerpt":{"rendered":"<p>Ora\u00e7\u00e3o do Papa Francisco<\/p>\n","protected":false},"author":3,"featured_media":235915,"comment_status":"open","ping_status":"open","sticky":false,"template":"","format":"standard","meta":[],"categories":[1428],"tags":[1828],"acf":[],"yoast_head":"<!-- This site is optimized with the Yoast SEO plugin v19.2 - https:\/\/yoast.com\/wordpress\/plugins\/seo\/ -->\n<title>Ora\u00e7\u00e3o do Papa a S\u00e3o Jos\u00e9: ampara todos os que fogem da guerra, do \u00f3dio e da fome - Not\u00edcias - Franciscanos<\/title>\n<meta name=\"robots\" content=\"index, follow, max-snippet:-1, max-image-preview:large, max-video-preview:-1\" \/>\n<link rel=\"canonical\" href=\"https:\/\/franciscanos.org.br\/noticias\/oracao-do-papa-a-sao-jose-ampara-todos-os-que-fogem-da-guerra-do-odio-e-da-fome.html\" \/>\n<meta property=\"og:locale\" content=\"pt_BR\" \/>\n<meta property=\"og:type\" content=\"article\" \/>\n<meta property=\"og:title\" content=\"Ora\u00e7\u00e3o do Papa a S\u00e3o Jos\u00e9: ampara todos os que fogem da guerra, do \u00f3dio e da fome - Not\u00edcias - Franciscanos\" \/>\n<meta property=\"og:description\" content=\"Ora\u00e7\u00e3o do Papa Francisco\" \/>\n<meta property=\"og:url\" content=\"https:\/\/franciscanos.org.br\/noticias\/oracao-do-papa-a-sao-jose-ampara-todos-os-que-fogem-da-guerra-do-odio-e-da-fome.html\" \/>\n<meta property=\"og:site_name\" content=\"Not\u00edcias - Franciscanos\" \/>\n<meta property=\"article:published_time\" content=\"2021-12-30T08:40:33+00:00\" \/>\n<meta property=\"og:image\" content=\"https:\/\/franciscanos.org.br\/noticias\/wp-content\/uploads\/2021\/12\/jose_3012.jpeg\" \/>\n\t<meta property=\"og:image:width\" content=\"1500\" \/>\n\t<meta property=\"og:image:height\" content=\"844\" \/>\n\t<meta property=\"og:image:type\" content=\"image\/jpeg\" \/>\n<meta name=\"author\" content=\"moacir\" \/>\n<meta name=\"twitter:card\" content=\"summary_large_image\" \/>\n<meta name=\"twitter:label1\" content=\"Escrito por\" \/>\n\t<meta name=\"twitter:data1\" content=\"moacir\" \/>\n\t<meta name=\"twitter:label2\" content=\"Est. tempo de leitura\" \/>\n\t<meta name=\"twitter:data2\" content=\"4 minutos\" \/>\n<script type=\"application\/ld+json\" class=\"yoast-schema-graph\">{\"@context\":\"https:\/\/schema.org\",\"@graph\":[{\"@type\":\"WebSite\",\"@id\":\"https:\/\/franciscanos.org.br\/noticias\/#website\",\"url\":\"https:\/\/franciscanos.org.br\/noticias\/\",\"name\":\"Not\u00edcias - Franciscanos\",\"description\":\"Prov\u00edncia Franciscana da Imaculada Concei\u00e7\u00e3o do Brasil - Ordem dos Frades Menores - OFM\",\"potentialAction\":[{\"@type\":\"SearchAction\",\"target\":{\"@type\":\"EntryPoint\",\"urlTemplate\":\"https:\/\/franciscanos.org.br\/noticias\/?s={search_term_string}\"},\"query-input\":\"required name=search_term_string\"}],\"inLanguage\":\"pt-BR\"},{\"@type\":\"ImageObject\",\"inLanguage\":\"pt-BR\",\"@id\":\"https:\/\/franciscanos.org.br\/noticias\/oracao-do-papa-a-sao-jose-ampara-todos-os-que-fogem-da-guerra-do-odio-e-da-fome.html#primaryimage\",\"url\":\"https:\/\/franciscanos.org.br\/noticias\/wp-content\/uploads\/2021\/12\/jose_3012.jpeg\",\"contentUrl\":\"https:\/\/franciscanos.org.br\/noticias\/wp-content\/uploads\/2021\/12\/jose_3012.jpeg\",\"width\":1500,\"height\":844},{\"@type\":\"WebPage\",\"@id\":\"https:\/\/franciscanos.org.br\/noticias\/oracao-do-papa-a-sao-jose-ampara-todos-os-que-fogem-da-guerra-do-odio-e-da-fome.html#webpage\",\"url\":\"https:\/\/franciscanos.org.br\/noticias\/oracao-do-papa-a-sao-jose-ampara-todos-os-que-fogem-da-guerra-do-odio-e-da-fome.html\",\"name\":\"Ora\u00e7\u00e3o do Papa a S\u00e3o Jos\u00e9: ampara todos os que fogem da guerra, do \u00f3dio e da fome - Not\u00edcias - Franciscanos\",\"isPartOf\":{\"@id\":\"https:\/\/franciscanos.org.br\/noticias\/#website\"},\"primaryImageOfPage\":{\"@id\":\"https:\/\/franciscanos.org.br\/noticias\/oracao-do-papa-a-sao-jose-ampara-todos-os-que-fogem-da-guerra-do-odio-e-da-fome.html#primaryimage\"},\"datePublished\":\"2021-12-30T08:40:33+00:00\",\"dateModified\":\"2021-12-30T08:40:33+00:00\",\"author\":{\"@id\":\"https:\/\/franciscanos.org.br\/noticias\/#\/schema\/person\/b5c8cba458c330ccff548b056e95a5d4\"},\"breadcrumb\":{\"@id\":\"https:\/\/franciscanos.org.br\/noticias\/oracao-do-papa-a-sao-jose-ampara-todos-os-que-fogem-da-guerra-do-odio-e-da-fome.html#breadcrumb\"},\"inLanguage\":\"pt-BR\",\"potentialAction\":[{\"@type\":\"ReadAction\",\"target\":[\"https:\/\/franciscanos.org.br\/noticias\/oracao-do-papa-a-sao-jose-ampara-todos-os-que-fogem-da-guerra-do-odio-e-da-fome.html\"]}]},{\"@type\":\"BreadcrumbList\",\"@id\":\"https:\/\/franciscanos.org.br\/noticias\/oracao-do-papa-a-sao-jose-ampara-todos-os-que-fogem-da-guerra-do-odio-e-da-fome.html#breadcrumb\",\"itemListElement\":[{\"@type\":\"ListItem\",\"position\":1,\"name\":\"Home\",\"item\":\"https:\/\/franciscanos.org.br\/noticias\"},{\"@type\":\"ListItem\",\"position\":2,\"name\":\"Ora\u00e7\u00e3o do Papa a S\u00e3o Jos\u00e9: ampara todos os que fogem da guerra, do \u00f3dio e da fome\"}]},{\"@type\":\"Person\",\"@id\":\"https:\/\/franciscanos.org.br\/noticias\/#\/schema\/person\/b5c8cba458c330ccff548b056e95a5d4\",\"name\":\"moacir\",\"image\":{\"@type\":\"ImageObject\",\"inLanguage\":\"pt-BR\",\"@id\":\"https:\/\/franciscanos.org.br\/noticias\/#\/schema\/person\/image\/\",\"url\":\"https:\/\/secure.gravatar.com\/avatar\/d08aa2ce4c8dd416d4479aa8536fcf64?s=96&d=mm&r=g\",\"contentUrl\":\"https:\/\/secure.gravatar.com\/avatar\/d08aa2ce4c8dd416d4479aa8536fcf64?s=96&d=mm&r=g\",\"caption\":\"moacir\"},\"url\":\"https:\/\/franciscanos.org.br\/noticias\/author\/moacir\"}]}<\/script>\n<!-- \/ Yoast SEO plugin. -->","yoast_head_json":{"title":"Ora\u00e7\u00e3o do Papa a S\u00e3o Jos\u00e9: ampara todos os que fogem da guerra, do \u00f3dio e da fome - Not\u00edcias - Franciscanos","robots":{"index":"index","follow":"follow","max-snippet":"max-snippet:-1","max-image-preview":"max-image-preview:large","max-video-preview":"max-video-preview:-1"},"canonical":"https:\/\/franciscanos.org.br\/noticias\/oracao-do-papa-a-sao-jose-ampara-todos-os-que-fogem-da-guerra-do-odio-e-da-fome.html","og_locale":"pt_BR","og_type":"article","og_title":"Ora\u00e7\u00e3o do Papa a S\u00e3o Jos\u00e9: ampara todos os que fogem da guerra, do \u00f3dio e da fome - Not\u00edcias - Franciscanos","og_description":"Ora\u00e7\u00e3o do Papa Francisco","og_url":"https:\/\/franciscanos.org.br\/noticias\/oracao-do-papa-a-sao-jose-ampara-todos-os-que-fogem-da-guerra-do-odio-e-da-fome.html","og_site_name":"Not\u00edcias - Franciscanos","article_published_time":"2021-12-30T08:40:33+00:00","og_image":[{"width":1500,"height":844,"url":"https:\/\/franciscanos.org.br\/noticias\/wp-content\/uploads\/2021\/12\/jose_3012.jpeg","type":"image\/jpeg"}],"author":"moacir","twitter_card":"summary_large_image","twitter_misc":{"Escrito por":"moacir","Est. tempo de leitura":"4 minutos"},"schema":{"@context":"https:\/\/schema.org","@graph":[{"@type":"WebSite","@id":"https:\/\/franciscanos.org.br\/noticias\/#website","url":"https:\/\/franciscanos.org.br\/noticias\/","name":"Not\u00edcias - Franciscanos","description":"Prov\u00edncia Franciscana da Imaculada Concei\u00e7\u00e3o do Brasil - Ordem dos Frades Menores - OFM","potentialAction":[{"@type":"SearchAction","target":{"@type":"EntryPoint","urlTemplate":"https:\/\/franciscanos.org.br\/noticias\/?s={search_term_string}"},"query-input":"required name=search_term_string"}],"inLanguage":"pt-BR"},{"@type":"ImageObject","inLanguage":"pt-BR","@id":"https:\/\/franciscanos.org.br\/noticias\/oracao-do-papa-a-sao-jose-ampara-todos-os-que-fogem-da-guerra-do-odio-e-da-fome.html#primaryimage","url":"https:\/\/franciscanos.org.br\/noticias\/wp-content\/uploads\/2021\/12\/jose_3012.jpeg","contentUrl":"https:\/\/franciscanos.org.br\/noticias\/wp-content\/uploads\/2021\/12\/jose_3012.jpeg","width":1500,"height":844},{"@type":"WebPage","@id":"https:\/\/franciscanos.org.br\/noticias\/oracao-do-papa-a-sao-jose-ampara-todos-os-que-fogem-da-guerra-do-odio-e-da-fome.html#webpage","url":"https:\/\/franciscanos.org.br\/noticias\/oracao-do-papa-a-sao-jose-ampara-todos-os-que-fogem-da-guerra-do-odio-e-da-fome.html","name":"Ora\u00e7\u00e3o do Papa a S\u00e3o Jos\u00e9: ampara todos os que fogem da guerra, do \u00f3dio e da fome - Not\u00edcias - Franciscanos","isPartOf":{"@id":"https:\/\/franciscanos.org.br\/noticias\/#website"},"primaryImageOfPage":{"@id":"https:\/\/franciscanos.org.br\/noticias\/oracao-do-papa-a-sao-jose-ampara-todos-os-que-fogem-da-guerra-do-odio-e-da-fome.html#primaryimage"},"datePublished":"2021-12-30T08:40:33+00:00","dateModified":"2021-12-30T08:40:33+00:00","author":{"@id":"https:\/\/franciscanos.org.br\/noticias\/#\/schema\/person\/b5c8cba458c330ccff548b056e95a5d4"},"breadcrumb":{"@id":"https:\/\/franciscanos.org.br\/noticias\/oracao-do-papa-a-sao-jose-ampara-todos-os-que-fogem-da-guerra-do-odio-e-da-fome.html#breadcrumb"},"inLanguage":"pt-BR","potentialAction":[{"@type":"ReadAction","target":["https:\/\/franciscanos.org.br\/noticias\/oracao-do-papa-a-sao-jose-ampara-todos-os-que-fogem-da-guerra-do-odio-e-da-fome.html"]}]},{"@type":"BreadcrumbList","@id":"https:\/\/franciscanos.org.br\/noticias\/oracao-do-papa-a-sao-jose-ampara-todos-os-que-fogem-da-guerra-do-odio-e-da-fome.html#breadcrumb","itemListElement":[{"@type":"ListItem","position":1,"name":"Home","item":"https:\/\/franciscanos.org.br\/noticias"},{"@type":"ListItem","position":2,"name":"Ora\u00e7\u00e3o do Papa a S\u00e3o Jos\u00e9: ampara todos os que fogem da guerra, do \u00f3dio e da fome"}]},{"@type":"Person","@id":"https:\/\/franciscanos.org.br\/noticias\/#\/schema\/person\/b5c8cba458c330ccff548b056e95a5d4","name":"moacir","image":{"@type":"ImageObject","inLanguage":"pt-BR","@id":"https:\/\/franciscanos.org.br\/noticias\/#\/schema\/person\/image\/","url":"https:\/\/secure.gravatar.com\/avatar\/d08aa2ce4c8dd416d4479aa8536fcf64?s=96&d=mm&r=g","contentUrl":"https:\/\/secure.gravatar.com\/avatar\/d08aa2ce4c8dd416d4479aa8536fcf64?s=96&d=mm&r=g","caption":"moacir"},"url":"https:\/\/franciscanos.org.br\/noticias\/author\/moacir"}]}},"_links":{"self":[{"href":"https:\/\/franciscanos.org.br\/noticias\/wp-json\/wp\/v2\/posts\/235914"}],"collection":[{"href":"https:\/\/franciscanos.org.br\/noticias\/wp-json\/wp\/v2\/posts"}],"about":[{"href":"https:\/\/franciscanos.org.br\/noticias\/wp-json\/wp\/v2\/types\/post"}],"author":[{"embeddable":true,"href":"https:\/\/franciscanos.org.br\/noticias\/wp-json\/wp\/v2\/users\/3"}],"replies":[{"embeddable":true,"href":"https:\/\/franciscanos.org.br\/noticias\/wp-json\/wp\/v2\/comments?post=235914"}],"version-history":[{"count":1,"href":"https:\/\/franciscanos.org.br\/noticias\/wp-json\/wp\/v2\/posts\/235914\/revisions"}],"predecessor-version":[{"id":235916,"href":"https:\/\/franciscanos.org.br\/noticias\/wp-json\/wp\/v2\/posts\/235914\/revisions\/235916"}],"wp:featuredmedia":[{"embeddable":true,"href":"https:\/\/franciscanos.org.br\/noticias\/wp-json\/wp\/v2\/media\/235915"}],"wp:attachment":[{"href":"https:\/\/franciscanos.org.br\/noticias\/wp-json\/wp\/v2\/media?parent=235914"}],"wp:term":[{"taxonomy":"category","embeddable":true,"href":"https:\/\/franciscanos.org.br\/noticias\/wp-json\/wp\/v2\/categories?post=235914"},{"taxonomy":"post_tag","embeddable":true,"href":"https:\/\/franciscanos.org.br\/noticias\/wp-json\/wp\/v2\/tags?post=235914"}],"curies":[{"name":"wp","href":"https:\/\/api.w.org\/{rel}","templated":true}]}}