{"id":235888,"date":"2021-12-29T06:39:47","date_gmt":"2021-12-29T09:39:47","guid":{"rendered":"https:\/\/franciscanos.org.br\/noticias\/?p=235888"},"modified":"2021-12-29T06:39:47","modified_gmt":"2021-12-29T09:39:47","slug":"frei-caio-santos-professa-primeiros-votos-em-rodeio","status":"publish","type":"post","link":"https:\/\/franciscanos.org.br\/noticias\/frei-caio-santos-professa-primeiros-votos-em-rodeio.html","title":{"rendered":"Frei Caio Santos professa primeiros votos em Rodeio"},"content":{"rendered":"<p><img loading=\"lazy\" class=\"alignnone wp-image-235889 size-full\" src=\"https:\/\/franciscanos.org.br\/noticias\/wp-content\/uploads\/2021\/12\/caio_2912_1.jpg\" alt=\"\" width=\"1280\" height=\"720\" srcset=\"https:\/\/franciscanos.org.br\/noticias\/wp-content\/uploads\/2021\/12\/caio_2912_1.jpg 1280w, https:\/\/franciscanos.org.br\/noticias\/wp-content\/uploads\/2021\/12\/caio_2912_1-450x253.jpg 450w, https:\/\/franciscanos.org.br\/noticias\/wp-content\/uploads\/2021\/12\/caio_2912_1-1024x576.jpg 1024w, https:\/\/franciscanos.org.br\/noticias\/wp-content\/uploads\/2021\/12\/caio_2912_1-768x432.jpg 768w, https:\/\/franciscanos.org.br\/noticias\/wp-content\/uploads\/2021\/12\/caio_2912_1-150x84.jpg 150w\" sizes=\"(max-width: 1280px) 100vw, 1280px\" \/><\/p>\n<p>A pequena cidade de Rodeio vivenciou, mais uma vez, um momento importante para a Vida Religiosa Franciscana com a Primeira Profiss\u00e3o de Frei Caio Santos da Silva. Ap\u00f3s ter percorrido o ano do Noviciado, o frade professou os seus primeiros votos na \u00faltima ter\u00e7a-feira (28\/12), na Igreja Matriz S\u00e3o Francisco de Assis, anexa ao Noviciado S\u00e3o Jos\u00e9, \u00e0s 19h.<\/p>\n<p>No in\u00edcio da celebra\u00e7\u00e3o, o guardi\u00e3o da fraternidade Frei M\u00e1rio Stein acolheu os irm\u00e3os e irm\u00e3s que vieram prestigiar a ocasi\u00e3o. Aproveitou tamb\u00e9m para apresentar e acolher os frades visitantes. Em seguida, Frei Paulo Roberto Pereira, Ministro Provincial, continuou a Celebra\u00e7\u00e3o Eucar\u00edstica da Festa dos Santos Inocentes. Ap\u00f3s o Evangelho, Frei Caio foi convidado a se apresentar e fazer o seu pedido de profiss\u00e3o. Frei Paulo Roberto acolheu a sua solicita\u00e7\u00e3o e toda a comunidade louvou a Deus por seu pedido cantando: &#8220;Dou gra\u00e7as, Senhor, por teu grande amor&#8221;.<\/p>\n<p><img loading=\"lazy\" class=\"alignnone wp-image-235890 size-full\" src=\"https:\/\/franciscanos.org.br\/noticias\/wp-content\/uploads\/2021\/12\/caio_2912_2.jpg\" alt=\"\" width=\"1244\" height=\"829\" srcset=\"https:\/\/franciscanos.org.br\/noticias\/wp-content\/uploads\/2021\/12\/caio_2912_2.jpg 1244w, https:\/\/franciscanos.org.br\/noticias\/wp-content\/uploads\/2021\/12\/caio_2912_2-450x300.jpg 450w, https:\/\/franciscanos.org.br\/noticias\/wp-content\/uploads\/2021\/12\/caio_2912_2-1024x682.jpg 1024w, https:\/\/franciscanos.org.br\/noticias\/wp-content\/uploads\/2021\/12\/caio_2912_2-768x512.jpg 768w, https:\/\/franciscanos.org.br\/noticias\/wp-content\/uploads\/2021\/12\/caio_2912_2-150x100.jpg 150w\" sizes=\"(max-width: 1244px) 100vw, 1244px\" \/><\/p>\n<p>Em seguida, Frei Rodrigo da Silva Santos, mestre de Frei Caio durante o tempo do Noviciado, realizou a prega\u00e7\u00e3o da celebra\u00e7\u00e3o. Ele iniciou a sua reflex\u00e3o lembrando a import\u00e2ncia da festa lit\u00fargica deste dia. Enfatizou que o mist\u00e9rio da encarna\u00e7\u00e3o \u00e9 envolto de alegria, mas tamb\u00e9m de dor, com a injusti\u00e7a do mart\u00edrio dos Santos Inocentes. Para ilustrar isso, o frade lembrou que &#8220;o Natal n\u00e3o \u00e9 ref\u00fagio alienado das dores do mundo, representadas na dor das m\u00e3es que perderam seus filhos frente \u00e0 tirania e sede de poder de Herodes. Por isso, essa festa real\u00e7a o dom do mart\u00edrio. Mas tamb\u00e9m real\u00e7a a verdade revelada atrav\u00e9s da morte do inocente: a maldade do pecador (Herodes), semeia \u00f3dio e morte, enquanto o amor do justo inocente, como Jesus, traz frutos de vida e salva\u00e7\u00e3o&#8221;. O mestre lembrou que &#8220;contemplar o pres\u00e9pio \u00e9 tamb\u00e9m contemplar este choro, \u00e9 aprender a ser sens\u00edvel ao que acontece ao seu redor, \u00e0 dor do pr\u00f3ximo. Sem isto, o Natal se torna apenas um conto de fadas que, apesar de belo, nos privaria da for\u00e7a redentora deste mist\u00e9rio&#8221;.<\/p>\n\n\t\t<style type=\"text\/css\">\n\t\t\t#gallery-1 {\n\t\t\t\tmargin: auto;\n\t\t\t}\n\t\t\t#gallery-1 .gallery-item {\n\t\t\t\tfloat: left;\n\t\t\t\tmargin-top: 10px;\n\t\t\t\ttext-align: center;\n\t\t\t\twidth: 20%;\n\t\t\t}\n\t\t\t#gallery-1 img {\n\t\t\t\tborder: 2px solid #cfcfcf;\n\t\t\t}\n\t\t\t#gallery-1 .gallery-caption {\n\t\t\t\tmargin-left: 0;\n\t\t\t}\n\t\t\t\/* see gallery_shortcode() in wp-includes\/media.php *\/\n\t\t<\/style>\n\t\t<div id='gallery-1' class='gallery galleryid-235888 gallery-columns-5 gallery-size-thumbnail'><dl class='gallery-item'>\n\t\t\t<dt class='gallery-icon landscape'>\n\t\t\t\t<a href='https:\/\/franciscanos.org.br\/noticias\/wp-content\/uploads\/2021\/12\/caio_01.jpg'><img width=\"300\" height=\"300\" src=\"https:\/\/franciscanos.org.br\/noticias\/wp-content\/uploads\/2021\/12\/caio_01-300x300.jpg\" class=\"attachment-thumbnail size-thumbnail\" alt=\"\" loading=\"lazy\" srcset=\"https:\/\/franciscanos.org.br\/noticias\/wp-content\/uploads\/2021\/12\/caio_01-300x300.jpg 300w, https:\/\/franciscanos.org.br\/noticias\/wp-content\/uploads\/2021\/12\/caio_01-100x100.jpg 100w\" sizes=\"(max-width: 300px) 100vw, 300px\" \/><\/a>\n\t\t\t<\/dt><\/dl><dl class='gallery-item'>\n\t\t\t<dt class='gallery-icon landscape'>\n\t\t\t\t<a href='https:\/\/franciscanos.org.br\/noticias\/wp-content\/uploads\/2021\/12\/caio_02.jpg'><img width=\"300\" height=\"300\" src=\"https:\/\/franciscanos.org.br\/noticias\/wp-content\/uploads\/2021\/12\/caio_02-300x300.jpg\" class=\"attachment-thumbnail size-thumbnail\" alt=\"\" loading=\"lazy\" srcset=\"https:\/\/franciscanos.org.br\/noticias\/wp-content\/uploads\/2021\/12\/caio_02-300x300.jpg 300w, https:\/\/franciscanos.org.br\/noticias\/wp-content\/uploads\/2021\/12\/caio_02-100x100.jpg 100w\" sizes=\"(max-width: 300px) 100vw, 300px\" \/><\/a>\n\t\t\t<\/dt><\/dl><dl class='gallery-item'>\n\t\t\t<dt class='gallery-icon landscape'>\n\t\t\t\t<a href='https:\/\/franciscanos.org.br\/noticias\/wp-content\/uploads\/2021\/12\/caio_03.jpg'><img width=\"300\" height=\"300\" src=\"https:\/\/franciscanos.org.br\/noticias\/wp-content\/uploads\/2021\/12\/caio_03-300x300.jpg\" class=\"attachment-thumbnail size-thumbnail\" alt=\"\" loading=\"lazy\" srcset=\"https:\/\/franciscanos.org.br\/noticias\/wp-content\/uploads\/2021\/12\/caio_03-300x300.jpg 300w, https:\/\/franciscanos.org.br\/noticias\/wp-content\/uploads\/2021\/12\/caio_03-100x100.jpg 100w\" sizes=\"(max-width: 300px) 100vw, 300px\" \/><\/a>\n\t\t\t<\/dt><\/dl><dl class='gallery-item'>\n\t\t\t<dt class='gallery-icon landscape'>\n\t\t\t\t<a href='https:\/\/franciscanos.org.br\/noticias\/wp-content\/uploads\/2021\/12\/caio_04.jpg'><img width=\"300\" height=\"300\" src=\"https:\/\/franciscanos.org.br\/noticias\/wp-content\/uploads\/2021\/12\/caio_04-300x300.jpg\" class=\"attachment-thumbnail size-thumbnail\" alt=\"\" loading=\"lazy\" srcset=\"https:\/\/franciscanos.org.br\/noticias\/wp-content\/uploads\/2021\/12\/caio_04-300x300.jpg 300w, https:\/\/franciscanos.org.br\/noticias\/wp-content\/uploads\/2021\/12\/caio_04-100x100.jpg 100w\" sizes=\"(max-width: 300px) 100vw, 300px\" \/><\/a>\n\t\t\t<\/dt><\/dl><dl class='gallery-item'>\n\t\t\t<dt class='gallery-icon landscape'>\n\t\t\t\t<a href='https:\/\/franciscanos.org.br\/noticias\/wp-content\/uploads\/2021\/12\/caio_05.jpg'><img width=\"300\" height=\"300\" src=\"https:\/\/franciscanos.org.br\/noticias\/wp-content\/uploads\/2021\/12\/caio_05-300x300.jpg\" class=\"attachment-thumbnail size-thumbnail\" alt=\"\" loading=\"lazy\" srcset=\"https:\/\/franciscanos.org.br\/noticias\/wp-content\/uploads\/2021\/12\/caio_05-300x300.jpg 300w, https:\/\/franciscanos.org.br\/noticias\/wp-content\/uploads\/2021\/12\/caio_05-100x100.jpg 100w\" sizes=\"(max-width: 300px) 100vw, 300px\" \/><\/a>\n\t\t\t<\/dt><\/dl><br style=\"clear: both\" \/>\n\t\t<\/div>\n\n<p style=\"text-align: center;\"><em>(clique nas imagens para ampli\u00e1-las)<\/em><\/p>\n<p>Neste contexto, Frei Rodrigo aproveitou para refletir tamb\u00e9m sobre a ocasi\u00e3o da Primeira Profiss\u00e3o de Frei Caio. Ele lembrou o lema escolhido pelo frade professando, retirado da Ora\u00e7\u00e3o diante do Crucifixo, proclamada por S\u00e3o Francisco: \u201cConcedei, meu Deus, que eu vos conhe\u00e7a muito, para poder agir sempre segundo os vossos ensinamentos e de acordo com a vossa sant\u00edssima vontade&#8221;.<\/p>\n<p>O pregador lembrou que o Poverello expressou em palavras esta ora\u00e7\u00e3o no in\u00edcio do seu processo de convers\u00e3o. Frei Rodrigo afirmou que &#8220;j\u00e1 ali, Francisco pedia grandes coisas a Deus. Um grande homem n\u00e3o pede coisas simples, n\u00e3o mira em alvos f\u00e1ceis!&#8221;. E continuou asseverando que &#8220;nesta ora\u00e7\u00e3o est\u00e1 inclusa a raz\u00e3o de ser da consagra\u00e7\u00e3o religiosa que hoje celebramos e que \u00e9 iluminada pela Palavra de Deus que hoje ouvimos&#8221;. Diante disso, o mestre de novi\u00e7os aconselhou Frei Caio com as afirma\u00e7\u00f5es que, segundo ele, foram quase que um mantra durante este per\u00edodo de Noviciado: &#8220;N\u00e3o deixe nunca de buscar conhecer a Deus e discernir sua vontade! Para isso n\u00e3o se esque\u00e7a que ser\u00e1 preciso tempos de sil\u00eancio e concentra\u00e7\u00e3o nesta importante miss\u00e3o; esfor\u00e7o e fidelidade ao que for descobrindo e se comprometendo com Deus neste processo&#8221;.<\/p>\n<p><img loading=\"lazy\" class=\"alignnone wp-image-235896 size-full\" src=\"https:\/\/franciscanos.org.br\/noticias\/wp-content\/uploads\/2021\/12\/caio_2912_4.jpg\" alt=\"\" width=\"1244\" height=\"829\" srcset=\"https:\/\/franciscanos.org.br\/noticias\/wp-content\/uploads\/2021\/12\/caio_2912_4.jpg 1244w, https:\/\/franciscanos.org.br\/noticias\/wp-content\/uploads\/2021\/12\/caio_2912_4-450x300.jpg 450w, https:\/\/franciscanos.org.br\/noticias\/wp-content\/uploads\/2021\/12\/caio_2912_4-1024x682.jpg 1024w, https:\/\/franciscanos.org.br\/noticias\/wp-content\/uploads\/2021\/12\/caio_2912_4-768x512.jpg 768w, https:\/\/franciscanos.org.br\/noticias\/wp-content\/uploads\/2021\/12\/caio_2912_4-150x100.jpg 150w\" sizes=\"(max-width: 1244px) 100vw, 1244px\" \/><\/p>\n<p>&#8220;N\u00e3o se esque\u00e7a: Deus n\u00e3o deseja, nem o povo merece, nada menos que toda nossa dedica\u00e7\u00e3o a isso. Deus n\u00e3o quer, nem o povo precisa, de um religioso que se acomode no meio desta jornada e se torne um frade &#8216;meia boca&#8217;. Comprometa-se em tentar ser o melhor que puder e deixe que Deus fa\u00e7a de voc\u00ea o melhor instrumento de amor e salva\u00e7\u00e3o que Ele quiser. E, recordando o poderoso sinal que a liturgia de hoje nos oferece: assim como a alegria crist\u00e3 n\u00e3o \u00e9 uma alegria que se constr\u00f3i \u00e0 margem da realidade, dos limites e dores da humanidade. Assim, tamb\u00e9m, a consagra\u00e7\u00e3o de um religioso n\u00e3o se faz na aliena\u00e7\u00e3o das necessidades do mundo, onde somos chamados a viver nossa entrega total a Deus; ou das necessidades do povo, a quem somos chamados a expressar o amor salvador do Pai. \u00c9 para Deus, para a Igreja e para a humanidade que hoje voc\u00ea promete iniciar esta vida religiosa&#8221;.<\/p>\n\n\t\t<style type=\"text\/css\">\n\t\t\t#gallery-2 {\n\t\t\t\tmargin: auto;\n\t\t\t}\n\t\t\t#gallery-2 .gallery-item {\n\t\t\t\tfloat: left;\n\t\t\t\tmargin-top: 10px;\n\t\t\t\ttext-align: center;\n\t\t\t\twidth: 20%;\n\t\t\t}\n\t\t\t#gallery-2 img {\n\t\t\t\tborder: 2px solid #cfcfcf;\n\t\t\t}\n\t\t\t#gallery-2 .gallery-caption {\n\t\t\t\tmargin-left: 0;\n\t\t\t}\n\t\t\t\/* see gallery_shortcode() in wp-includes\/media.php *\/\n\t\t<\/style>\n\t\t<div id='gallery-2' class='gallery galleryid-235888 gallery-columns-5 gallery-size-thumbnail'><dl class='gallery-item'>\n\t\t\t<dt class='gallery-icon landscape'>\n\t\t\t\t<a href='https:\/\/franciscanos.org.br\/noticias\/wp-content\/uploads\/2021\/12\/caio_06.jpg'><img width=\"300\" height=\"300\" src=\"https:\/\/franciscanos.org.br\/noticias\/wp-content\/uploads\/2021\/12\/caio_06-300x300.jpg\" class=\"attachment-thumbnail size-thumbnail\" alt=\"\" loading=\"lazy\" srcset=\"https:\/\/franciscanos.org.br\/noticias\/wp-content\/uploads\/2021\/12\/caio_06-300x300.jpg 300w, https:\/\/franciscanos.org.br\/noticias\/wp-content\/uploads\/2021\/12\/caio_06-100x100.jpg 100w\" sizes=\"(max-width: 300px) 100vw, 300px\" \/><\/a>\n\t\t\t<\/dt><\/dl><dl class='gallery-item'>\n\t\t\t<dt class='gallery-icon landscape'>\n\t\t\t\t<a href='https:\/\/franciscanos.org.br\/noticias\/wp-content\/uploads\/2021\/12\/caio_07.jpg'><img width=\"300\" height=\"300\" src=\"https:\/\/franciscanos.org.br\/noticias\/wp-content\/uploads\/2021\/12\/caio_07-300x300.jpg\" class=\"attachment-thumbnail size-thumbnail\" alt=\"\" loading=\"lazy\" srcset=\"https:\/\/franciscanos.org.br\/noticias\/wp-content\/uploads\/2021\/12\/caio_07-300x300.jpg 300w, https:\/\/franciscanos.org.br\/noticias\/wp-content\/uploads\/2021\/12\/caio_07-100x100.jpg 100w\" sizes=\"(max-width: 300px) 100vw, 300px\" \/><\/a>\n\t\t\t<\/dt><\/dl><dl class='gallery-item'>\n\t\t\t<dt class='gallery-icon landscape'>\n\t\t\t\t<a href='https:\/\/franciscanos.org.br\/noticias\/wp-content\/uploads\/2021\/12\/caio_08.jpg'><img width=\"300\" height=\"300\" src=\"https:\/\/franciscanos.org.br\/noticias\/wp-content\/uploads\/2021\/12\/caio_08-300x300.jpg\" class=\"attachment-thumbnail size-thumbnail\" alt=\"\" loading=\"lazy\" srcset=\"https:\/\/franciscanos.org.br\/noticias\/wp-content\/uploads\/2021\/12\/caio_08-300x300.jpg 300w, https:\/\/franciscanos.org.br\/noticias\/wp-content\/uploads\/2021\/12\/caio_08-100x100.jpg 100w\" sizes=\"(max-width: 300px) 100vw, 300px\" \/><\/a>\n\t\t\t<\/dt><\/dl><dl class='gallery-item'>\n\t\t\t<dt class='gallery-icon landscape'>\n\t\t\t\t<a href='https:\/\/franciscanos.org.br\/noticias\/wp-content\/uploads\/2021\/12\/caio_09.jpg'><img width=\"300\" height=\"300\" src=\"https:\/\/franciscanos.org.br\/noticias\/wp-content\/uploads\/2021\/12\/caio_09-300x300.jpg\" class=\"attachment-thumbnail size-thumbnail\" alt=\"\" loading=\"lazy\" srcset=\"https:\/\/franciscanos.org.br\/noticias\/wp-content\/uploads\/2021\/12\/caio_09-300x300.jpg 300w, https:\/\/franciscanos.org.br\/noticias\/wp-content\/uploads\/2021\/12\/caio_09-100x100.jpg 100w\" sizes=\"(max-width: 300px) 100vw, 300px\" \/><\/a>\n\t\t\t<\/dt><\/dl><dl class='gallery-item'>\n\t\t\t<dt class='gallery-icon landscape'>\n\t\t\t\t<a href='https:\/\/franciscanos.org.br\/noticias\/wp-content\/uploads\/2021\/12\/caio_10.jpg'><img width=\"300\" height=\"300\" src=\"https:\/\/franciscanos.org.br\/noticias\/wp-content\/uploads\/2021\/12\/caio_10-300x300.jpg\" class=\"attachment-thumbnail size-thumbnail\" alt=\"\" loading=\"lazy\" srcset=\"https:\/\/franciscanos.org.br\/noticias\/wp-content\/uploads\/2021\/12\/caio_10-300x300.jpg 300w, https:\/\/franciscanos.org.br\/noticias\/wp-content\/uploads\/2021\/12\/caio_10-100x100.jpg 100w\" sizes=\"(max-width: 300px) 100vw, 300px\" \/><\/a>\n\t\t\t<\/dt><\/dl><br style=\"clear: both\" \/>\n\t\t<\/div>\n\n<p style=\"text-align: center;\"><em>(clique nas imagens para ampli\u00e1-las)<\/em><\/p>\n<p>Em seguida, Frei Paulo Roberto Pereira, dirigindo-se a Frei Caio, realizou o question\u00e1rio acerca da profiss\u00e3o. O professando assertivamente confirmou, em livre e espont\u00e2nea vontade, o desejo de querer se consagrar a Deus atrav\u00e9s da profiss\u00e3o religiosa. Ap\u00f3s esse momento, o professando ajoelhou-se diante do Ministro Provincial e proclamou a f\u00f3rmula de profiss\u00e3o, onde prometeu, atrav\u00e9s dos votos de castidade, obedi\u00eancia e sem nada de pr\u00f3prio seguir a Vida Religiosa Consagrada na Prov\u00edncia Franciscana da Imaculada Concei\u00e7\u00e3o do Brasil, assumindo esta fraternidade &#8220;de todo cora\u00e7\u00e3o&#8221;. Em seguida, o professando recebeu de Frei Paulo Roberto a Regra da Ordem dos Frades Menores, reafirmando a fam\u00edlia religiosa que agora professou, prometendo obedi\u00eancia aos seus estatutos e ao carisma desta institui\u00e7\u00e3o. Finalizando o rito da profiss\u00e3o os frades presentes acolheram frei Caio, agora professo tempor\u00e1rio na Ordem, com um abra\u00e7o.<\/p>\n\n\t\t<style type=\"text\/css\">\n\t\t\t#gallery-3 {\n\t\t\t\tmargin: auto;\n\t\t\t}\n\t\t\t#gallery-3 .gallery-item {\n\t\t\t\tfloat: left;\n\t\t\t\tmargin-top: 10px;\n\t\t\t\ttext-align: center;\n\t\t\t\twidth: 20%;\n\t\t\t}\n\t\t\t#gallery-3 img {\n\t\t\t\tborder: 2px solid #cfcfcf;\n\t\t\t}\n\t\t\t#gallery-3 .gallery-caption {\n\t\t\t\tmargin-left: 0;\n\t\t\t}\n\t\t\t\/* see gallery_shortcode() in wp-includes\/media.php *\/\n\t\t<\/style>\n\t\t<div id='gallery-3' class='gallery galleryid-235888 gallery-columns-5 gallery-size-thumbnail'><dl class='gallery-item'>\n\t\t\t<dt class='gallery-icon landscape'>\n\t\t\t\t<a href='https:\/\/franciscanos.org.br\/noticias\/wp-content\/uploads\/2021\/12\/caio_11.jpg'><img width=\"300\" height=\"300\" src=\"https:\/\/franciscanos.org.br\/noticias\/wp-content\/uploads\/2021\/12\/caio_11-300x300.jpg\" class=\"attachment-thumbnail size-thumbnail\" alt=\"\" loading=\"lazy\" srcset=\"https:\/\/franciscanos.org.br\/noticias\/wp-content\/uploads\/2021\/12\/caio_11-300x300.jpg 300w, https:\/\/franciscanos.org.br\/noticias\/wp-content\/uploads\/2021\/12\/caio_11-100x100.jpg 100w\" sizes=\"(max-width: 300px) 100vw, 300px\" \/><\/a>\n\t\t\t<\/dt><\/dl><dl class='gallery-item'>\n\t\t\t<dt class='gallery-icon landscape'>\n\t\t\t\t<a href='https:\/\/franciscanos.org.br\/noticias\/wp-content\/uploads\/2021\/12\/caio_12.jpg'><img width=\"300\" height=\"300\" src=\"https:\/\/franciscanos.org.br\/noticias\/wp-content\/uploads\/2021\/12\/caio_12-300x300.jpg\" class=\"attachment-thumbnail size-thumbnail\" alt=\"\" loading=\"lazy\" srcset=\"https:\/\/franciscanos.org.br\/noticias\/wp-content\/uploads\/2021\/12\/caio_12-300x300.jpg 300w, https:\/\/franciscanos.org.br\/noticias\/wp-content\/uploads\/2021\/12\/caio_12-100x100.jpg 100w\" sizes=\"(max-width: 300px) 100vw, 300px\" \/><\/a>\n\t\t\t<\/dt><\/dl><dl class='gallery-item'>\n\t\t\t<dt class='gallery-icon landscape'>\n\t\t\t\t<a href='https:\/\/franciscanos.org.br\/noticias\/wp-content\/uploads\/2021\/12\/caio_13.jpg'><img width=\"300\" height=\"300\" src=\"https:\/\/franciscanos.org.br\/noticias\/wp-content\/uploads\/2021\/12\/caio_13-300x300.jpg\" class=\"attachment-thumbnail size-thumbnail\" alt=\"\" loading=\"lazy\" srcset=\"https:\/\/franciscanos.org.br\/noticias\/wp-content\/uploads\/2021\/12\/caio_13-300x300.jpg 300w, https:\/\/franciscanos.org.br\/noticias\/wp-content\/uploads\/2021\/12\/caio_13-100x100.jpg 100w\" sizes=\"(max-width: 300px) 100vw, 300px\" \/><\/a>\n\t\t\t<\/dt><\/dl><dl class='gallery-item'>\n\t\t\t<dt class='gallery-icon landscape'>\n\t\t\t\t<a href='https:\/\/franciscanos.org.br\/noticias\/wp-content\/uploads\/2021\/12\/caio_14.jpg'><img width=\"300\" height=\"300\" src=\"https:\/\/franciscanos.org.br\/noticias\/wp-content\/uploads\/2021\/12\/caio_14-300x300.jpg\" class=\"attachment-thumbnail size-thumbnail\" alt=\"\" loading=\"lazy\" srcset=\"https:\/\/franciscanos.org.br\/noticias\/wp-content\/uploads\/2021\/12\/caio_14-300x300.jpg 300w, https:\/\/franciscanos.org.br\/noticias\/wp-content\/uploads\/2021\/12\/caio_14-100x100.jpg 100w\" sizes=\"(max-width: 300px) 100vw, 300px\" \/><\/a>\n\t\t\t<\/dt><\/dl><dl class='gallery-item'>\n\t\t\t<dt class='gallery-icon landscape'>\n\t\t\t\t<a href='https:\/\/franciscanos.org.br\/noticias\/wp-content\/uploads\/2021\/12\/caio_15.jpg'><img width=\"300\" height=\"300\" src=\"https:\/\/franciscanos.org.br\/noticias\/wp-content\/uploads\/2021\/12\/caio_15-300x300.jpg\" class=\"attachment-thumbnail size-thumbnail\" alt=\"\" loading=\"lazy\" srcset=\"https:\/\/franciscanos.org.br\/noticias\/wp-content\/uploads\/2021\/12\/caio_15-300x300.jpg 300w, https:\/\/franciscanos.org.br\/noticias\/wp-content\/uploads\/2021\/12\/caio_15-100x100.jpg 100w\" sizes=\"(max-width: 300px) 100vw, 300px\" \/><\/a>\n\t\t\t<\/dt><\/dl><br style=\"clear: both\" \/>\n\t\t<\/div>\n\n<p style=\"text-align: center;\"><em>(clique nas imagens para ampli\u00e1-las)<\/em><\/p>\n<p>Ao final da celebra\u00e7\u00e3o, Frei Paulo Roberto dirigiu algumas palavra de gratid\u00e3o ao povo de Rodeio. O Ministro Provincial afirmou que normalmente as pessoas gostam de retornar \u00e0 sua terra natal. &#8220;E para os frades &#8211; prosseguiu &#8211; Rodeio \u00e9 a nossa terra natal da vida Franciscana&#8221;. Ademais, ele agradeceu aos frades da fraternidade do Noviciado, especialmente ao mestre Frei Rodrigo, pela miss\u00e3o realizada. Em seguida, agradeceu a Frei Caio pelo &#8220;sim&#8221; dado \u00e0 Fraternidade Provincial, afirmando que &#8220;todos os olhos da Prov\u00edncia, neste dia, estavam voltados para este momento, que para cada um de n\u00f3s \u00e9 uma oportunidade de revigoramento&#8221;. A celebra\u00e7\u00e3o terminou num clima alegre e festivo, e os presentes foram convidados para uma confraterniza\u00e7\u00e3o oferecida pela fraternidade no claustro do Noviciado.<\/p>\n<div id=\"attachment_235902\" style=\"width: 1206px\" class=\"wp-caption alignnone\"><img aria-describedby=\"caption-attachment-235902\" loading=\"lazy\" class=\"wp-image-235902 size-full\" src=\"https:\/\/franciscanos.org.br\/noticias\/wp-content\/uploads\/2021\/12\/caio_2912_5jpg.jpg\" alt=\"\" width=\"1196\" height=\"797\" srcset=\"https:\/\/franciscanos.org.br\/noticias\/wp-content\/uploads\/2021\/12\/caio_2912_5jpg.jpg 1196w, https:\/\/franciscanos.org.br\/noticias\/wp-content\/uploads\/2021\/12\/caio_2912_5jpg-450x300.jpg 450w, https:\/\/franciscanos.org.br\/noticias\/wp-content\/uploads\/2021\/12\/caio_2912_5jpg-1024x682.jpg 1024w, https:\/\/franciscanos.org.br\/noticias\/wp-content\/uploads\/2021\/12\/caio_2912_5jpg-768x512.jpg 768w, https:\/\/franciscanos.org.br\/noticias\/wp-content\/uploads\/2021\/12\/caio_2912_5jpg-150x100.jpg 150w\" sizes=\"(max-width: 1196px) 100vw, 1196px\" \/><p id=\"caption-attachment-235902\" class=\"wp-caption-text\"><em>Da esq. para dir.: Frei C\u00e9sar K\u00fclkamp, Frei Caio, Frei Paulo e Frei Rodrigo<\/em><\/p><\/div>\n<hr \/>\n<p><em>Frei Gabriel Dellandrea (texto) e Frei Roger Strapazzon (fotos)<\/em><\/p>\n","protected":false},"excerpt":{"rendered":"<p>Primeira Profiss\u00e3o no Noviciado de Rodeio<\/p>\n","protected":false},"author":3,"featured_media":235903,"comment_status":"open","ping_status":"open","sticky":false,"template":"","format":"standard","meta":[],"categories":[1],"tags":[334],"acf":[],"yoast_head":"<!-- This site is optimized with the Yoast SEO plugin v19.2 - https:\/\/yoast.com\/wordpress\/plugins\/seo\/ -->\n<title>Frei Caio Santos professa primeiros votos em Rodeio - Not\u00edcias - Franciscanos<\/title>\n<meta name=\"robots\" content=\"index, follow, max-snippet:-1, max-image-preview:large, max-video-preview:-1\" \/>\n<link rel=\"canonical\" href=\"https:\/\/franciscanos.org.br\/noticias\/frei-caio-santos-professa-primeiros-votos-em-rodeio.html\" \/>\n<meta property=\"og:locale\" content=\"pt_BR\" \/>\n<meta property=\"og:type\" content=\"article\" \/>\n<meta property=\"og:title\" content=\"Frei Caio Santos professa primeiros votos em Rodeio - Not\u00edcias - Franciscanos\" \/>\n<meta property=\"og:description\" content=\"Primeira Profiss\u00e3o no Noviciado de Rodeio\" \/>\n<meta property=\"og:url\" content=\"https:\/\/franciscanos.org.br\/noticias\/frei-caio-santos-professa-primeiros-votos-em-rodeio.html\" \/>\n<meta property=\"og:site_name\" content=\"Not\u00edcias - Franciscanos\" \/>\n<meta property=\"article:published_time\" content=\"2021-12-29T09:39:47+00:00\" \/>\n<meta property=\"og:image\" content=\"https:\/\/franciscanos.org.br\/noticias\/wp-content\/uploads\/2021\/12\/caio_2912_1d.jpg\" \/>\n\t<meta property=\"og:image:width\" content=\"800\" \/>\n\t<meta property=\"og:image:height\" content=\"550\" \/>\n\t<meta property=\"og:image:type\" content=\"image\/jpeg\" \/>\n<meta name=\"author\" content=\"moacir\" \/>\n<meta name=\"twitter:card\" content=\"summary_large_image\" \/>\n<meta name=\"twitter:label1\" content=\"Escrito por\" \/>\n\t<meta name=\"twitter:data1\" content=\"moacir\" \/>\n\t<meta name=\"twitter:label2\" content=\"Est. tempo de leitura\" \/>\n\t<meta name=\"twitter:data2\" content=\"6 minutos\" \/>\n<script type=\"application\/ld+json\" class=\"yoast-schema-graph\">{\"@context\":\"https:\/\/schema.org\",\"@graph\":[{\"@type\":\"WebSite\",\"@id\":\"https:\/\/franciscanos.org.br\/noticias\/#website\",\"url\":\"https:\/\/franciscanos.org.br\/noticias\/\",\"name\":\"Not\u00edcias - Franciscanos\",\"description\":\"Prov\u00edncia Franciscana da Imaculada Concei\u00e7\u00e3o do Brasil - Ordem dos Frades Menores - OFM\",\"potentialAction\":[{\"@type\":\"SearchAction\",\"target\":{\"@type\":\"EntryPoint\",\"urlTemplate\":\"https:\/\/franciscanos.org.br\/noticias\/?s={search_term_string}\"},\"query-input\":\"required name=search_term_string\"}],\"inLanguage\":\"pt-BR\"},{\"@type\":\"ImageObject\",\"inLanguage\":\"pt-BR\",\"@id\":\"https:\/\/franciscanos.org.br\/noticias\/frei-caio-santos-professa-primeiros-votos-em-rodeio.html#primaryimage\",\"url\":\"https:\/\/franciscanos.org.br\/noticias\/wp-content\/uploads\/2021\/12\/caio_2912_1d.jpg\",\"contentUrl\":\"https:\/\/franciscanos.org.br\/noticias\/wp-content\/uploads\/2021\/12\/caio_2912_1d.jpg\",\"width\":800,\"height\":550},{\"@type\":\"WebPage\",\"@id\":\"https:\/\/franciscanos.org.br\/noticias\/frei-caio-santos-professa-primeiros-votos-em-rodeio.html#webpage\",\"url\":\"https:\/\/franciscanos.org.br\/noticias\/frei-caio-santos-professa-primeiros-votos-em-rodeio.html\",\"name\":\"Frei Caio Santos professa primeiros votos em Rodeio - Not\u00edcias - Franciscanos\",\"isPartOf\":{\"@id\":\"https:\/\/franciscanos.org.br\/noticias\/#website\"},\"primaryImageOfPage\":{\"@id\":\"https:\/\/franciscanos.org.br\/noticias\/frei-caio-santos-professa-primeiros-votos-em-rodeio.html#primaryimage\"},\"datePublished\":\"2021-12-29T09:39:47+00:00\",\"dateModified\":\"2021-12-29T09:39:47+00:00\",\"author\":{\"@id\":\"https:\/\/franciscanos.org.br\/noticias\/#\/schema\/person\/b5c8cba458c330ccff548b056e95a5d4\"},\"breadcrumb\":{\"@id\":\"https:\/\/franciscanos.org.br\/noticias\/frei-caio-santos-professa-primeiros-votos-em-rodeio.html#breadcrumb\"},\"inLanguage\":\"pt-BR\",\"potentialAction\":[{\"@type\":\"ReadAction\",\"target\":[\"https:\/\/franciscanos.org.br\/noticias\/frei-caio-santos-professa-primeiros-votos-em-rodeio.html\"]}]},{\"@type\":\"BreadcrumbList\",\"@id\":\"https:\/\/franciscanos.org.br\/noticias\/frei-caio-santos-professa-primeiros-votos-em-rodeio.html#breadcrumb\",\"itemListElement\":[{\"@type\":\"ListItem\",\"position\":1,\"name\":\"Home\",\"item\":\"https:\/\/franciscanos.org.br\/noticias\"},{\"@type\":\"ListItem\",\"position\":2,\"name\":\"Frei Caio Santos professa primeiros votos em Rodeio\"}]},{\"@type\":\"Person\",\"@id\":\"https:\/\/franciscanos.org.br\/noticias\/#\/schema\/person\/b5c8cba458c330ccff548b056e95a5d4\",\"name\":\"moacir\",\"image\":{\"@type\":\"ImageObject\",\"inLanguage\":\"pt-BR\",\"@id\":\"https:\/\/franciscanos.org.br\/noticias\/#\/schema\/person\/image\/\",\"url\":\"https:\/\/secure.gravatar.com\/avatar\/d08aa2ce4c8dd416d4479aa8536fcf64?s=96&d=mm&r=g\",\"contentUrl\":\"https:\/\/secure.gravatar.com\/avatar\/d08aa2ce4c8dd416d4479aa8536fcf64?s=96&d=mm&r=g\",\"caption\":\"moacir\"},\"url\":\"https:\/\/franciscanos.org.br\/noticias\/author\/moacir\"}]}<\/script>\n<!-- \/ Yoast SEO plugin. -->","yoast_head_json":{"title":"Frei Caio Santos professa primeiros votos em Rodeio - Not\u00edcias - Franciscanos","robots":{"index":"index","follow":"follow","max-snippet":"max-snippet:-1","max-image-preview":"max-image-preview:large","max-video-preview":"max-video-preview:-1"},"canonical":"https:\/\/franciscanos.org.br\/noticias\/frei-caio-santos-professa-primeiros-votos-em-rodeio.html","og_locale":"pt_BR","og_type":"article","og_title":"Frei Caio Santos professa primeiros votos em Rodeio - Not\u00edcias - Franciscanos","og_description":"Primeira Profiss\u00e3o no Noviciado de Rodeio","og_url":"https:\/\/franciscanos.org.br\/noticias\/frei-caio-santos-professa-primeiros-votos-em-rodeio.html","og_site_name":"Not\u00edcias - Franciscanos","article_published_time":"2021-12-29T09:39:47+00:00","og_image":[{"width":800,"height":550,"url":"https:\/\/franciscanos.org.br\/noticias\/wp-content\/uploads\/2021\/12\/caio_2912_1d.jpg","type":"image\/jpeg"}],"author":"moacir","twitter_card":"summary_large_image","twitter_misc":{"Escrito por":"moacir","Est. tempo de leitura":"6 minutos"},"schema":{"@context":"https:\/\/schema.org","@graph":[{"@type":"WebSite","@id":"https:\/\/franciscanos.org.br\/noticias\/#website","url":"https:\/\/franciscanos.org.br\/noticias\/","name":"Not\u00edcias - Franciscanos","description":"Prov\u00edncia Franciscana da Imaculada Concei\u00e7\u00e3o do Brasil - Ordem dos Frades Menores - OFM","potentialAction":[{"@type":"SearchAction","target":{"@type":"EntryPoint","urlTemplate":"https:\/\/franciscanos.org.br\/noticias\/?s={search_term_string}"},"query-input":"required name=search_term_string"}],"inLanguage":"pt-BR"},{"@type":"ImageObject","inLanguage":"pt-BR","@id":"https:\/\/franciscanos.org.br\/noticias\/frei-caio-santos-professa-primeiros-votos-em-rodeio.html#primaryimage","url":"https:\/\/franciscanos.org.br\/noticias\/wp-content\/uploads\/2021\/12\/caio_2912_1d.jpg","contentUrl":"https:\/\/franciscanos.org.br\/noticias\/wp-content\/uploads\/2021\/12\/caio_2912_1d.jpg","width":800,"height":550},{"@type":"WebPage","@id":"https:\/\/franciscanos.org.br\/noticias\/frei-caio-santos-professa-primeiros-votos-em-rodeio.html#webpage","url":"https:\/\/franciscanos.org.br\/noticias\/frei-caio-santos-professa-primeiros-votos-em-rodeio.html","name":"Frei Caio Santos professa primeiros votos em Rodeio - Not\u00edcias - Franciscanos","isPartOf":{"@id":"https:\/\/franciscanos.org.br\/noticias\/#website"},"primaryImageOfPage":{"@id":"https:\/\/franciscanos.org.br\/noticias\/frei-caio-santos-professa-primeiros-votos-em-rodeio.html#primaryimage"},"datePublished":"2021-12-29T09:39:47+00:00","dateModified":"2021-12-29T09:39:47+00:00","author":{"@id":"https:\/\/franciscanos.org.br\/noticias\/#\/schema\/person\/b5c8cba458c330ccff548b056e95a5d4"},"breadcrumb":{"@id":"https:\/\/franciscanos.org.br\/noticias\/frei-caio-santos-professa-primeiros-votos-em-rodeio.html#breadcrumb"},"inLanguage":"pt-BR","potentialAction":[{"@type":"ReadAction","target":["https:\/\/franciscanos.org.br\/noticias\/frei-caio-santos-professa-primeiros-votos-em-rodeio.html"]}]},{"@type":"BreadcrumbList","@id":"https:\/\/franciscanos.org.br\/noticias\/frei-caio-santos-professa-primeiros-votos-em-rodeio.html#breadcrumb","itemListElement":[{"@type":"ListItem","position":1,"name":"Home","item":"https:\/\/franciscanos.org.br\/noticias"},{"@type":"ListItem","position":2,"name":"Frei Caio Santos professa primeiros votos em Rodeio"}]},{"@type":"Person","@id":"https:\/\/franciscanos.org.br\/noticias\/#\/schema\/person\/b5c8cba458c330ccff548b056e95a5d4","name":"moacir","image":{"@type":"ImageObject","inLanguage":"pt-BR","@id":"https:\/\/franciscanos.org.br\/noticias\/#\/schema\/person\/image\/","url":"https:\/\/secure.gravatar.com\/avatar\/d08aa2ce4c8dd416d4479aa8536fcf64?s=96&d=mm&r=g","contentUrl":"https:\/\/secure.gravatar.com\/avatar\/d08aa2ce4c8dd416d4479aa8536fcf64?s=96&d=mm&r=g","caption":"moacir"},"url":"https:\/\/franciscanos.org.br\/noticias\/author\/moacir"}]}},"_links":{"self":[{"href":"https:\/\/franciscanos.org.br\/noticias\/wp-json\/wp\/v2\/posts\/235888"}],"collection":[{"href":"https:\/\/franciscanos.org.br\/noticias\/wp-json\/wp\/v2\/posts"}],"about":[{"href":"https:\/\/franciscanos.org.br\/noticias\/wp-json\/wp\/v2\/types\/post"}],"author":[{"embeddable":true,"href":"https:\/\/franciscanos.org.br\/noticias\/wp-json\/wp\/v2\/users\/3"}],"replies":[{"embeddable":true,"href":"https:\/\/franciscanos.org.br\/noticias\/wp-json\/wp\/v2\/comments?post=235888"}],"version-history":[{"count":1,"href":"https:\/\/franciscanos.org.br\/noticias\/wp-json\/wp\/v2\/posts\/235888\/revisions"}],"predecessor-version":[{"id":235909,"href":"https:\/\/franciscanos.org.br\/noticias\/wp-json\/wp\/v2\/posts\/235888\/revisions\/235909"}],"wp:featuredmedia":[{"embeddable":true,"href":"https:\/\/franciscanos.org.br\/noticias\/wp-json\/wp\/v2\/media\/235903"}],"wp:attachment":[{"href":"https:\/\/franciscanos.org.br\/noticias\/wp-json\/wp\/v2\/media?parent=235888"}],"wp:term":[{"taxonomy":"category","embeddable":true,"href":"https:\/\/franciscanos.org.br\/noticias\/wp-json\/wp\/v2\/categories?post=235888"},{"taxonomy":"post_tag","embeddable":true,"href":"https:\/\/franciscanos.org.br\/noticias\/wp-json\/wp\/v2\/tags?post=235888"}],"curies":[{"name":"wp","href":"https:\/\/api.w.org\/{rel}","templated":true}]}}