{"id":235869,"date":"2021-12-28T06:19:08","date_gmt":"2021-12-28T09:19:08","guid":{"rendered":"https:\/\/franciscanos.org.br\/noticias\/?p=235869"},"modified":"2022-01-14T14:20:31","modified_gmt":"2022-01-14T17:20:31","slug":"noviciado-interprovincial-comeca-no-dia-15-de-janeiro","status":"publish","type":"post","link":"https:\/\/franciscanos.org.br\/noticias\/noviciado-interprovincial-comeca-no-dia-15-de-janeiro.html","title":{"rendered":"Noviciado \u201cInterprovincial\u201d  come\u00e7a neste s\u00e1bado"},"content":{"rendered":"<p><img loading=\"lazy\" src=\"https:\/\/franciscanos.org.br\/noticias\/wp-content\/uploads\/2021\/12\/noviciado-1280.jpg\" alt=\"\" width=\"1280\" height=\"720\" \/><\/p>\n<p style=\"padding-left: 40px;\"><em>Da esq.\u00a0 para dir.: Almiro, Erick, Yure, Evandro, Paulo, Frei Walter, Francisco, Zaros, Felipe Fiamoncini, Samuel e Lucas. Agachados: Vilmar e Filipo.<\/em><\/p>\n<hr \/>\n<p>O Noviciado de 2022 ter\u00e1 13 novi\u00e7os de tr\u00eas Prov\u00edncias Franciscanas: onze postulantes da Prov\u00edncia da Imaculada Concei\u00e7\u00e3o do Brasil &#8211; Almiro Luna Xavier, Erick Eduardo dos Santos, Felipe Miguel Fiamoncini, Felipe Zaros Granusso, Filipo Carpi Gir\u00e3o, Francisco Barbosa Mouzinho Junior, Lucas Alfredo Teston, Paulo Vitor da Silva, Samuel Cavalcanti do Amaral, Vilmar Jos\u00e9 Bittencourt J\u00fanior e Yure de Oliveira Telles Souza; um novi\u00e7o da Prov\u00edncia S\u00e3o Francisco de Assis do Rio Grande do Sul &#8211; Evandro Siqueira; e um novi\u00e7o da Prov\u00edncia Argentina San Francisco Solano, Mateo Esteban Martinez Mikulic.<\/p>\n<p>Eles ser\u00e3o acolhidos no s\u00e1bado, dia 15 de janeiro, durante a Celebra\u00e7\u00e3o Eucar\u00edstica, \u00e0s 6h30, no Noviciado S\u00e3o Jos\u00e9, em Rodeio (SC).<\/p>\n<p>Um dos momentos mais simb\u00f3licos e emocionantes da admiss\u00e3o dos novi\u00e7os \u00e9 a veste do h\u00e1bito franciscano. Ali mesmo, durante a celebra\u00e7\u00e3o, ele se veste e passa a ser chamado de Frei. Durante o ano de Noviciado, este h\u00e1bito \u00e9 provis\u00f3rio, j\u00e1 que o definitivo o novi\u00e7o receber\u00e1 quando fizer a Primeira Profiss\u00e3o, no t\u00e9rmino deste ano de prova\u00e7\u00e3o.<\/p>\n<p>Durante o ano, os novi\u00e7os intensificam a vida em comum, entre eles e com a Fraternidade Formadora da casa, e participam tamb\u00e9m de algumas atividades na pr\u00f3pria comunidade eclesial e de celebra\u00e7\u00f5es das outras casas franciscanas da regi\u00e3o.<\/p>\n<hr \/>\n<p>&nbsp;<\/p>\n<p><strong>\u00cdntegra da mensagem do mestre Frei Walter de Carvalho J\u00fanior:<\/strong><\/p>\n<p>Queridos irm\u00e3os e irm\u00e3s, confrades, colaboradores, postulantes.<\/p>\n<p>Milton Nascimento e Fernando Brant compuseram uma m\u00fasica que ficou bem conhecida na voz da Maria Rita, e que, em dado momento, diz o seguinte: \u201cChegar e partir s\u00e3o s\u00f3 dois lados da mesma viagem. O trem que chega \u00e9 o mesmo trem da partida. A hora do encontro \u00e9 tamb\u00e9m despedida. A plataforma dessa esta\u00e7\u00e3o \u00e9 a vida desse meu lugar\u201d.<\/p>\n<p>De fato, queridos postulantes, chegar e partir s\u00e3o dois lados da mesma jornada. E \u00e9 sempre assim. Em cada passo que damos, em cada instante que vivemos, n\u00f3s chegamos e partimos. Um passo \u00e9 sempre uma partida e uma chegada. Cada segundo vivido \u00e9 um ir e um chegar, mostrando-nos a grandeza do agora, do momento presente. De manh\u00e3, quando acordamos e pomos o p\u00e9 no ch\u00e3o, o dia chega e a noite parte: acolhemos a vinda e a inaugura\u00e7\u00e3o de um novo amanhecer e nos despedimos do escuro e do sono. Essa \u00e9 a din\u00e2mica da viagem de cada dia e de cada instante, \u00e9 a din\u00e2mica pr\u00f3pria da vida. O que vale mesmo \u00e9 a viagem, o caminho, a estrada. Se partimos ou chegamos, pouco importa. O que importa \u00e9 vivermos a viagem com toda a intensidade e gratid\u00e3o que pudermos ter. Partimos sempre porque sempre desejamos chegar ao melhor e ao mais belo, e quando julgamos t\u00ea-los alcan\u00e7ado, partimos de novo porque percebemos que sempre h\u00e1 mais o que fazer para ser melhor. E assim, dia a dia, instante a instante, vamos seguindo o trem de nossa vida.<\/p>\n<p>De um modo mais amplo, podemos dizer que tamb\u00e9m na vida franciscana experimentamos constantemente chegadas e partidas. Nossa permanente forma\u00e7\u00e3o no seguimento de Jesus \u00e9 esse trem que nos leva de esta\u00e7\u00e3o em esta\u00e7\u00e3o. S\u00e3o Francisco com certeza percebeu bem isso. E talvez por essa raz\u00e3o ele tenha insistido tanto no car\u00e1ter itinerante da vida dos irm\u00e3os. Parar, acomodar-se jamais. Isso seria romper a din\u00e2mica do caminho, do desejo e do sonho.<\/p>\n<p>O Postulantado foi para voc\u00eas uma esta\u00e7\u00e3o, e a plataforma dessa esta\u00e7\u00e3o foi tudo o que voc\u00eas puderam viver e experimentar com a generosidade e a entrega de cada um. Os freis &#8211; e por que n\u00e3o os colaboradores desta casa? &#8211; tamb\u00e9m fizeram com voc\u00eas essa estrada. \u00c9 a estrada de voc\u00eas que traz sentido a esta fraternidade, porque n\u00f3s, afinal, ainda que com nossos trope\u00e7os, entramos nessa estrada de voc\u00eas tamb\u00e9m, como apoio, como ajuda.<\/p>\n<p>Mas, o grande diferencial \u00e9 que na vida franciscana n\u00e3o deixamos para tr\u00e1s as esta\u00e7\u00f5es que cruzamos. Deus queira que voc\u00eas sejam novi\u00e7os postulantes, e depois professos novi\u00e7os postulantes. Pois quando poderemos deixar de pedir, quando poderemos deixar de come\u00e7ar e de recome\u00e7ar? Como frades, seremos sempre postulantes e novi\u00e7os, ou em outras palavras, estaremos sempre na estrada de chegadas e de partidas. Estaremos sempre na condi\u00e7\u00e3o de \u201cpedidores\u201d, de suplicadores do dom e da gra\u00e7a de Deus, e buscaremos sempre a jovialidade do novi\u00e7o, sempre iniciando, sempre come\u00e7ando, ou se preferirem, sempre recome\u00e7ando. Infeliz do frade que \u201cconclue\u201d a Forma\u00e7\u00e3o Inicial e faz a profiss\u00e3o solene e se acha pronto, se acha acabado. Infeliz o frade que n\u00e3o se considera mais aprendiz. Isso facilmente acabar\u00e1 por sufocar a sua voca\u00e7\u00e3o. Disso nos alerta t\u00e3o bela e emblematicamente o pr\u00f3prio S\u00e3o Francisco, quando, segundo o relato de Tom\u00e1s de Celano (1Cel 103), j\u00e1 no final de sua vida, em meio a muitos sofrimentos, S\u00e3o Francisco diz: \u201cIrm\u00e3os, vamos come\u00e7ar a servir a Deus, porque at\u00e9 agora fizemos pouco ou nada\u201d. E Frei Celano completa: \u201cFrancisco n\u00e3o pensava que j\u00e1 estivesse conseguindo dominar-se, mas firme e incans\u00e1vel na busca da renova\u00e7\u00e3o espiritual estava sempre pensando em come\u00e7ar\u201d.<\/p>\n<p>Obrigado, caros postulantes, por terem vivido neste ano a sua estrada conosco. Obrigado, confrades, obrigado colaboradores. Deus nos conceda sempre de novo chegar e partir, ir de esta\u00e7\u00e3o em esta\u00e7\u00e3o, nas vias e nas sendas do seu amor e da sua bondade, peregrinos que queremos ser da esperan\u00e7a, da alegria e da paz.<\/p>\n","protected":false},"excerpt":{"rendered":"<p>Noviciado<\/p>\n","protected":false},"author":7,"featured_media":235871,"comment_status":"open","ping_status":"open","sticky":false,"template":"","format":"standard","meta":[],"categories":[1],"tags":[],"acf":[],"yoast_head":"<!-- This site is optimized with the Yoast SEO plugin v19.2 - https:\/\/yoast.com\/wordpress\/plugins\/seo\/ -->\n<title>Noviciado \u201cInterprovincial\u201d come\u00e7a neste s\u00e1bado - Not\u00edcias - Franciscanos<\/title>\n<meta name=\"robots\" content=\"index, follow, max-snippet:-1, max-image-preview:large, max-video-preview:-1\" \/>\n<link rel=\"canonical\" href=\"https:\/\/franciscanos.org.br\/noticias\/noviciado-interprovincial-comeca-no-dia-15-de-janeiro.html\" \/>\n<meta property=\"og:locale\" content=\"pt_BR\" \/>\n<meta property=\"og:type\" content=\"article\" \/>\n<meta property=\"og:title\" content=\"Noviciado \u201cInterprovincial\u201d come\u00e7a neste s\u00e1bado - Not\u00edcias - Franciscanos\" \/>\n<meta property=\"og:description\" content=\"Noviciado\" \/>\n<meta property=\"og:url\" content=\"https:\/\/franciscanos.org.br\/noticias\/noviciado-interprovincial-comeca-no-dia-15-de-janeiro.html\" \/>\n<meta property=\"og:site_name\" content=\"Not\u00edcias - Franciscanos\" \/>\n<meta property=\"article:published_time\" content=\"2021-12-28T09:19:08+00:00\" \/>\n<meta property=\"article:modified_time\" content=\"2022-01-14T17:20:31+00:00\" \/>\n<meta property=\"og:image\" content=\"https:\/\/franciscanos.org.br\/noticias\/wp-content\/uploads\/2021\/12\/noviciado-800.jpg\" \/>\n\t<meta property=\"og:image:width\" content=\"800\" \/>\n\t<meta property=\"og:image:height\" content=\"550\" \/>\n\t<meta property=\"og:image:type\" content=\"image\/jpeg\" \/>\n<meta name=\"author\" content=\"jovenal\" \/>\n<meta name=\"twitter:card\" content=\"summary_large_image\" \/>\n<meta name=\"twitter:label1\" content=\"Escrito por\" \/>\n\t<meta name=\"twitter:data1\" content=\"jovenal\" \/>\n\t<meta name=\"twitter:label2\" content=\"Est. tempo de leitura\" \/>\n\t<meta name=\"twitter:data2\" content=\"5 minutos\" \/>\n<script type=\"application\/ld+json\" class=\"yoast-schema-graph\">{\"@context\":\"https:\/\/schema.org\",\"@graph\":[{\"@type\":\"WebSite\",\"@id\":\"https:\/\/franciscanos.org.br\/noticias\/#website\",\"url\":\"https:\/\/franciscanos.org.br\/noticias\/\",\"name\":\"Not\u00edcias - Franciscanos\",\"description\":\"Prov\u00edncia Franciscana da Imaculada Concei\u00e7\u00e3o do Brasil - Ordem dos Frades Menores - OFM\",\"potentialAction\":[{\"@type\":\"SearchAction\",\"target\":{\"@type\":\"EntryPoint\",\"urlTemplate\":\"https:\/\/franciscanos.org.br\/noticias\/?s={search_term_string}\"},\"query-input\":\"required name=search_term_string\"}],\"inLanguage\":\"pt-BR\"},{\"@type\":\"ImageObject\",\"inLanguage\":\"pt-BR\",\"@id\":\"https:\/\/franciscanos.org.br\/noticias\/noviciado-interprovincial-comeca-no-dia-15-de-janeiro.html#primaryimage\",\"url\":\"https:\/\/franciscanos.org.br\/noticias\/wp-content\/uploads\/2021\/12\/noviciado-800.jpg\",\"contentUrl\":\"https:\/\/franciscanos.org.br\/noticias\/wp-content\/uploads\/2021\/12\/noviciado-800.jpg\",\"width\":800,\"height\":550},{\"@type\":\"WebPage\",\"@id\":\"https:\/\/franciscanos.org.br\/noticias\/noviciado-interprovincial-comeca-no-dia-15-de-janeiro.html#webpage\",\"url\":\"https:\/\/franciscanos.org.br\/noticias\/noviciado-interprovincial-comeca-no-dia-15-de-janeiro.html\",\"name\":\"Noviciado \u201cInterprovincial\u201d come\u00e7a neste s\u00e1bado - Not\u00edcias - Franciscanos\",\"isPartOf\":{\"@id\":\"https:\/\/franciscanos.org.br\/noticias\/#website\"},\"primaryImageOfPage\":{\"@id\":\"https:\/\/franciscanos.org.br\/noticias\/noviciado-interprovincial-comeca-no-dia-15-de-janeiro.html#primaryimage\"},\"datePublished\":\"2021-12-28T09:19:08+00:00\",\"dateModified\":\"2022-01-14T17:20:31+00:00\",\"author\":{\"@id\":\"https:\/\/franciscanos.org.br\/noticias\/#\/schema\/person\/c3a26b08313dd1772495ce300ab257cc\"},\"breadcrumb\":{\"@id\":\"https:\/\/franciscanos.org.br\/noticias\/noviciado-interprovincial-comeca-no-dia-15-de-janeiro.html#breadcrumb\"},\"inLanguage\":\"pt-BR\",\"potentialAction\":[{\"@type\":\"ReadAction\",\"target\":[\"https:\/\/franciscanos.org.br\/noticias\/noviciado-interprovincial-comeca-no-dia-15-de-janeiro.html\"]}]},{\"@type\":\"BreadcrumbList\",\"@id\":\"https:\/\/franciscanos.org.br\/noticias\/noviciado-interprovincial-comeca-no-dia-15-de-janeiro.html#breadcrumb\",\"itemListElement\":[{\"@type\":\"ListItem\",\"position\":1,\"name\":\"Home\",\"item\":\"https:\/\/franciscanos.org.br\/noticias\"},{\"@type\":\"ListItem\",\"position\":2,\"name\":\"Noviciado \u201cInterprovincial\u201d come\u00e7a neste s\u00e1bado\"}]},{\"@type\":\"Person\",\"@id\":\"https:\/\/franciscanos.org.br\/noticias\/#\/schema\/person\/c3a26b08313dd1772495ce300ab257cc\",\"name\":\"jovenal\",\"image\":{\"@type\":\"ImageObject\",\"inLanguage\":\"pt-BR\",\"@id\":\"https:\/\/franciscanos.org.br\/noticias\/#\/schema\/person\/image\/\",\"url\":\"https:\/\/secure.gravatar.com\/avatar\/e94509f531086e2eaf97e72f29ea00f9?s=96&d=mm&r=g\",\"contentUrl\":\"https:\/\/secure.gravatar.com\/avatar\/e94509f531086e2eaf97e72f29ea00f9?s=96&d=mm&r=g\",\"caption\":\"jovenal\"},\"url\":\"https:\/\/franciscanos.org.br\/noticias\/author\/jovenal\"}]}<\/script>\n<!-- \/ Yoast SEO plugin. -->","yoast_head_json":{"title":"Noviciado \u201cInterprovincial\u201d come\u00e7a neste s\u00e1bado - Not\u00edcias - Franciscanos","robots":{"index":"index","follow":"follow","max-snippet":"max-snippet:-1","max-image-preview":"max-image-preview:large","max-video-preview":"max-video-preview:-1"},"canonical":"https:\/\/franciscanos.org.br\/noticias\/noviciado-interprovincial-comeca-no-dia-15-de-janeiro.html","og_locale":"pt_BR","og_type":"article","og_title":"Noviciado \u201cInterprovincial\u201d come\u00e7a neste s\u00e1bado - Not\u00edcias - Franciscanos","og_description":"Noviciado","og_url":"https:\/\/franciscanos.org.br\/noticias\/noviciado-interprovincial-comeca-no-dia-15-de-janeiro.html","og_site_name":"Not\u00edcias - Franciscanos","article_published_time":"2021-12-28T09:19:08+00:00","article_modified_time":"2022-01-14T17:20:31+00:00","og_image":[{"width":800,"height":550,"url":"https:\/\/franciscanos.org.br\/noticias\/wp-content\/uploads\/2021\/12\/noviciado-800.jpg","type":"image\/jpeg"}],"author":"jovenal","twitter_card":"summary_large_image","twitter_misc":{"Escrito por":"jovenal","Est. tempo de leitura":"5 minutos"},"schema":{"@context":"https:\/\/schema.org","@graph":[{"@type":"WebSite","@id":"https:\/\/franciscanos.org.br\/noticias\/#website","url":"https:\/\/franciscanos.org.br\/noticias\/","name":"Not\u00edcias - Franciscanos","description":"Prov\u00edncia Franciscana da Imaculada Concei\u00e7\u00e3o do Brasil - Ordem dos Frades Menores - OFM","potentialAction":[{"@type":"SearchAction","target":{"@type":"EntryPoint","urlTemplate":"https:\/\/franciscanos.org.br\/noticias\/?s={search_term_string}"},"query-input":"required name=search_term_string"}],"inLanguage":"pt-BR"},{"@type":"ImageObject","inLanguage":"pt-BR","@id":"https:\/\/franciscanos.org.br\/noticias\/noviciado-interprovincial-comeca-no-dia-15-de-janeiro.html#primaryimage","url":"https:\/\/franciscanos.org.br\/noticias\/wp-content\/uploads\/2021\/12\/noviciado-800.jpg","contentUrl":"https:\/\/franciscanos.org.br\/noticias\/wp-content\/uploads\/2021\/12\/noviciado-800.jpg","width":800,"height":550},{"@type":"WebPage","@id":"https:\/\/franciscanos.org.br\/noticias\/noviciado-interprovincial-comeca-no-dia-15-de-janeiro.html#webpage","url":"https:\/\/franciscanos.org.br\/noticias\/noviciado-interprovincial-comeca-no-dia-15-de-janeiro.html","name":"Noviciado \u201cInterprovincial\u201d come\u00e7a neste s\u00e1bado - Not\u00edcias - Franciscanos","isPartOf":{"@id":"https:\/\/franciscanos.org.br\/noticias\/#website"},"primaryImageOfPage":{"@id":"https:\/\/franciscanos.org.br\/noticias\/noviciado-interprovincial-comeca-no-dia-15-de-janeiro.html#primaryimage"},"datePublished":"2021-12-28T09:19:08+00:00","dateModified":"2022-01-14T17:20:31+00:00","author":{"@id":"https:\/\/franciscanos.org.br\/noticias\/#\/schema\/person\/c3a26b08313dd1772495ce300ab257cc"},"breadcrumb":{"@id":"https:\/\/franciscanos.org.br\/noticias\/noviciado-interprovincial-comeca-no-dia-15-de-janeiro.html#breadcrumb"},"inLanguage":"pt-BR","potentialAction":[{"@type":"ReadAction","target":["https:\/\/franciscanos.org.br\/noticias\/noviciado-interprovincial-comeca-no-dia-15-de-janeiro.html"]}]},{"@type":"BreadcrumbList","@id":"https:\/\/franciscanos.org.br\/noticias\/noviciado-interprovincial-comeca-no-dia-15-de-janeiro.html#breadcrumb","itemListElement":[{"@type":"ListItem","position":1,"name":"Home","item":"https:\/\/franciscanos.org.br\/noticias"},{"@type":"ListItem","position":2,"name":"Noviciado \u201cInterprovincial\u201d come\u00e7a neste s\u00e1bado"}]},{"@type":"Person","@id":"https:\/\/franciscanos.org.br\/noticias\/#\/schema\/person\/c3a26b08313dd1772495ce300ab257cc","name":"jovenal","image":{"@type":"ImageObject","inLanguage":"pt-BR","@id":"https:\/\/franciscanos.org.br\/noticias\/#\/schema\/person\/image\/","url":"https:\/\/secure.gravatar.com\/avatar\/e94509f531086e2eaf97e72f29ea00f9?s=96&d=mm&r=g","contentUrl":"https:\/\/secure.gravatar.com\/avatar\/e94509f531086e2eaf97e72f29ea00f9?s=96&d=mm&r=g","caption":"jovenal"},"url":"https:\/\/franciscanos.org.br\/noticias\/author\/jovenal"}]}},"_links":{"self":[{"href":"https:\/\/franciscanos.org.br\/noticias\/wp-json\/wp\/v2\/posts\/235869"}],"collection":[{"href":"https:\/\/franciscanos.org.br\/noticias\/wp-json\/wp\/v2\/posts"}],"about":[{"href":"https:\/\/franciscanos.org.br\/noticias\/wp-json\/wp\/v2\/types\/post"}],"author":[{"embeddable":true,"href":"https:\/\/franciscanos.org.br\/noticias\/wp-json\/wp\/v2\/users\/7"}],"replies":[{"embeddable":true,"href":"https:\/\/franciscanos.org.br\/noticias\/wp-json\/wp\/v2\/comments?post=235869"}],"version-history":[{"count":6,"href":"https:\/\/franciscanos.org.br\/noticias\/wp-json\/wp\/v2\/posts\/235869\/revisions"}],"predecessor-version":[{"id":236013,"href":"https:\/\/franciscanos.org.br\/noticias\/wp-json\/wp\/v2\/posts\/235869\/revisions\/236013"}],"wp:featuredmedia":[{"embeddable":true,"href":"https:\/\/franciscanos.org.br\/noticias\/wp-json\/wp\/v2\/media\/235871"}],"wp:attachment":[{"href":"https:\/\/franciscanos.org.br\/noticias\/wp-json\/wp\/v2\/media?parent=235869"}],"wp:term":[{"taxonomy":"category","embeddable":true,"href":"https:\/\/franciscanos.org.br\/noticias\/wp-json\/wp\/v2\/categories?post=235869"},{"taxonomy":"post_tag","embeddable":true,"href":"https:\/\/franciscanos.org.br\/noticias\/wp-json\/wp\/v2\/tags?post=235869"}],"curies":[{"name":"wp","href":"https:\/\/api.w.org\/{rel}","templated":true}]}}