{"id":235856,"date":"2022-01-04T06:27:41","date_gmt":"2022-01-04T09:27:41","guid":{"rendered":"https:\/\/franciscanos.org.br\/noticias\/?p=235856"},"modified":"2022-01-04T08:22:31","modified_gmt":"2022-01-04T11:22:31","slug":"missao-de-angola-em-festa-com-tres-ordenacoes-presbiterais","status":"publish","type":"post","link":"https:\/\/franciscanos.org.br\/noticias\/missao-de-angola-em-festa-com-tres-ordenacoes-presbiterais.html","title":{"rendered":"Miss\u00e3o de Angola em festa com tr\u00eas ordena\u00e7\u00f5es presbiterais"},"content":{"rendered":"<p><img loading=\"lazy\" src=\"https:\/\/franciscanos.org.br\/noticias\/wp-content\/uploads\/2021\/12\/ordenacao-1280.png\" alt=\"\" width=\"1280\" height=\"721\" \/><\/p>\n<p>Com 31 anos de cria\u00e7\u00e3o, a Funda\u00e7\u00e3o Imaculada M\u00e3e de Deus de Angola estar\u00e1 em festa no dia 15 de janeiro: ser\u00e3o ordenados presb\u00edteros Frei Canga Manuel Mazoa, Frei M\u00e1rio Sampaio Pelu e Frei Santana Sebasti\u00e3o Cafunda.<\/p>\n<p>Eles ser\u00e3o ordenados \u00e0s 9h30, no Kimbo S\u00e3o Francisco, em Luanda, pela imposi\u00e7\u00e3o das m\u00e3os de Dom Filomeno do Nascimento, Arcebispo de Luanda.<\/p>\n<p>Eles escolheram como lema desta ordena\u00e7\u00e3o: \u201cApascentai o rebanho de Deus que vos foi confiado\u201d (1Pd 5,2).<\/p>\n<p>Atualmente, a Funda\u00e7\u00e3o Imaculada tem seis sacerdotes angolanos. Segundo o Relat\u00f3rio ao Cap\u00edtulo Provincial, a Funda\u00e7\u00e3o tem hoje 77 frades angolanos.<\/p>\n<h2><strong>CONHE\u00c7A OS TR\u00caS FRADES ORDENANDOS<\/strong><\/h2>\n<hr \/>\n<h3><strong>FREI CANGA MANUEL MAZOA<\/strong><\/h3>\n<p><img loading=\"lazy\" class=\"size-full wp-image-235859 alignleft\" src=\"https:\/\/franciscanos.org.br\/noticias\/wp-content\/uploads\/2021\/12\/ord-canga.jpg\" alt=\"\" width=\"350\" height=\"508\" srcset=\"https:\/\/franciscanos.org.br\/noticias\/wp-content\/uploads\/2021\/12\/ord-canga.jpg 350w, https:\/\/franciscanos.org.br\/noticias\/wp-content\/uploads\/2021\/12\/ord-canga-310x450.jpg 310w, https:\/\/franciscanos.org.br\/noticias\/wp-content\/uploads\/2021\/12\/ord-canga-150x218.jpg 150w\" sizes=\"(max-width: 350px) 100vw, 350px\" \/><em>Natural de Kwanza Norte, Ndalatando, onde nasceu no dia 23 de mar\u00e7o de 1993. Filho de Manuel Canga Mazoa e Domingas Francisco Jo\u00e3o, tem dois irm\u00e3os: Malamba e Lemos. Vem de uma fam\u00edlia de orienta\u00e7\u00e3o cat\u00f3lica. O pai foi engenheiro e professor e a m\u00e3e banc\u00e1ria.<\/em><\/p>\n<p><strong>Site Franciscanos<\/strong> \u2013<em> Quando se deu o discernimento vocacional?<\/em><\/p>\n<p><strong>Frei Canga<\/strong> \u2013 Dif\u00edcil dizer quando come\u00e7ou, mas at\u00e9 onde tenho consci\u00eancia foi em uma das conversas que tive com minha av\u00f3. Ela me disse que tinha um tio no semin\u00e1rio diocesano da minha cidade. E surgiu a curiosidade de saber o que era o semin\u00e1rio e como era a vida dos que moravam nele. Acho que \u00e9 da\u00ed que a semente da voca\u00e7\u00e3o come\u00e7ou a ser despertada e mais tarde veio a oportunidade de aprofundar com os Frades Menores.<\/p>\n<p><strong>Site Franciscanos<\/strong> <em>\u2013 E como conheceu os Frades Menores?<\/em><\/p>\n<p><strong>Frei Canga<\/strong> \u2013 Eu conheci os Frades Menores atrav\u00e9s da minha av\u00f3, que me fez o convite de conhecer as Irm\u00e3s Clarissas do Kimbo S\u00e3o Francisco, no Palanca. At\u00e9 aqui n\u00e3o conhecia nada sobre os franciscanos. Ap\u00f3s a celebra\u00e7\u00e3o no Mosteiro das Clarissas, a minha av\u00f3 me desafiou a contar todos os meus sonhos, desejos, a qualquer irm\u00e3 Clarissa, pois julgava ela que as Clarissas falavam face a face com Deus. Tinham o celular de Deus e a qualquer momento podiam fazer chegar os meus sonhos at\u00e9 Ele e v\u00ea-los realizados o mais r\u00e1pido poss\u00edvel. Fui apressadamente falar com as irm\u00e3s e da\u00ed acabei conhecendo o outro lado do carisma franciscano, os Frades Menores. As irm\u00e3s disseram que l\u00e1 era apenas um mosteiro feminino, mas que se eu fosse do outro lado do quintal, poderia falar com os frades. Ent\u00e3o, tive a oportunidade de conversar com Frei Afonso Katchekele e Frei Laerte de Faria dos Santos. A partir da\u00ed, fiz a prepara\u00e7\u00e3o vocacional e, em 2008, ingressei no Semin\u00e1rio Monte Alverne, Malange, onde hoje sou vice-orientador.<\/p>\n<p><strong>Site Franciscanos<\/strong> <em>\u2013 Ent\u00e3o, sua ordena\u00e7\u00e3o ser\u00e1 um momento feliz para sua av\u00f3?<\/em><\/p>\n<p><strong>Frei Canga<\/strong> \u2013 Infelizmente, minha santa vovozinha faleceu tem um m\u00eas, ela que muito desejou e esperou por este momento, n\u00e3o poder\u00e1 estar presencialmente, mas acredito que l\u00e1 do c\u00e9u ela estar\u00e1 me acompanhando, cantando e entoando hinos de louvor e a\u00e7\u00e3o de gra\u00e7as.<\/p>\n<p><strong>Site Franciscanos<\/strong> <em>\u2013 Por que escolheu a vida religiosa franciscana?<\/em><\/p>\n<p><strong>Frei Canga<\/strong> \u2013 Os frades me acolheram muito bem quando fui pela primeira vez bater \u00e0 porta deles.<\/p>\n<p><strong>Site Franciscanos<\/strong> <em>\u2013 Como se define Canga Manuel Mazoa?<\/em><\/p>\n<p><strong>Frei Canga<\/strong> \u2013 Alegre e apaixonado pela vida. Eu gosto de viver e vivo com alegria e intensidade todos os instantes da minha vida. At\u00e9 os momentos tristes eu procuro celebr\u00e1-los, na perspectiva de que, no final, eles ter\u00e3o um desdobramento feliz.<\/p>\n<p><strong>Site Franciscanos<\/strong> <em>\u2013 Como est\u00e1 a Funda\u00e7\u00e3o em termos de voca\u00e7\u00f5es?<\/em><\/p>\n<p><strong>Frei Canga<\/strong> \u2013 Vocacionalmente segue vigorosa. Deus tem realmente nos aben\u00e7oado com muitas voca\u00e7\u00f5es e com um n\u00edvel aceit\u00e1vel de perseveran\u00e7a. Isso pede mais responsabilidade da parte de todos, de modo a continuar formando com qualidade e solidez o frade que n\u00f3s desejamos a fim de responder aos desafios da Ordem e da Igreja.<\/p>\n<p><strong>Site Franciscanos<\/strong> <em>\u2013 Como est\u00e1 sendo sua experi\u00eancia como vice-orientador no Semin\u00e1rio de Malange?<\/em><\/p>\n<p><strong>Frei Canga<\/strong> \u2013 Uma experi\u00eancia surpreendente que destaco em tr\u00eas pontos: O primeiro, conviv\u00eancia mais intensa com os confrades que j\u00e1 encontrei no Semin\u00e1rio, respectivamente: Frei Ermelindo, colega de turma do Noviciado; e Frei Andr\u00e9 Luiz Henriques, que j\u00e1 convivemos durante um ano no tempo da Filosofia no Palanka, Luanda. O segundo, gratuidade. Oportunidade de restituir com amor e criatividade tudo que me foi dado com muito carinho ao longo do processo da forma\u00e7\u00e3o inicial. E o terceiro, a chance de ser irm\u00e3o com os seminaristas: aprender que a forma\u00e7\u00e3o \u00e9 mais do que transmitir conte\u00fado. Forma\u00e7\u00e3o \u00e9 tudo: \u00e9 presen\u00e7a, conviv\u00eancia, sil\u00eancio, ora\u00e7\u00e3o e trabalho. \u00c9 ser irm\u00e3o. \u00c9 aprender ensinando, segundo a perspectiva da partilha de dons.<\/p>\n<p><strong>Site Franciscanos<\/strong> \u2013 <em>H\u00e1 espa\u00e7o no mundo de hoje para o carisma franciscano?<\/em><\/p>\n<p><strong>Frei Canga<\/strong> \u2013 Felizmente nosso carisma continua sendo atual, atuante e prof\u00e9tico, na Igreja e no mundo. Atualmente, onde a bandeira mais levantada e suscitada \u00e9 a \u2018eulatria\u2019, a sacraliza\u00e7\u00e3o do eu, de alguma forma o carisma franciscano \u2013 hoje muito divulgado e querido pelo Papa Francisco -, pode ser uma proposta de sa\u00edda do autorreferenciamento para o reencontro daquilo que sempre fomos: alteridade, ou melhor, existir para o outro. Na compreens\u00e3o de que todos somos irm\u00e3os, teias de rela\u00e7\u00f5es e nunca ilhas.<\/p>\n<p><strong>Site Franciscanos<\/strong> <em>\u2013 Que mensagem deixaria para quem quer seguir os passos de Francisco e Clara?<\/em><\/p>\n<p><strong>Frei Canga<\/strong> \u2013 Francisco e Clara s\u00e3o modelos seguros e comprov\u00e1veis que nos levam a Cristo. Por\u00e9m, n\u00e3o a qualquer Cristo, mas \u00e0quele Cristo pobre, humilde e crucificado. Pobre porque nos abre para o Deus da vida; humilde porque nos leva ao encontro da nossa verdadeira ess\u00eancia, o humus (terra); e crucificado, porque nos abre aos outros. Portanto, ser franciscano \u00e9 um caminho de felicidade, constru\u00eddo todo dia na rela\u00e7\u00e3o saud\u00e1vel com Deus, com os irm\u00e3os e com a cria\u00e7\u00e3o.<\/p>\n<hr \/>\n<h3><strong>FREI SANTANA SEBASTI\u00c3O CAFUNDA<\/strong><\/h3>\n<p><img loading=\"lazy\" class=\"size-full wp-image-235860 alignleft\" src=\"https:\/\/franciscanos.org.br\/noticias\/wp-content\/uploads\/2021\/12\/ord-santana.jpg\" alt=\"\" width=\"350\" height=\"508\" srcset=\"https:\/\/franciscanos.org.br\/noticias\/wp-content\/uploads\/2021\/12\/ord-santana.jpg 350w, https:\/\/franciscanos.org.br\/noticias\/wp-content\/uploads\/2021\/12\/ord-santana-310x450.jpg 310w, https:\/\/franciscanos.org.br\/noticias\/wp-content\/uploads\/2021\/12\/ord-santana-150x218.jpg 150w\" sizes=\"(max-width: 350px) 100vw, 350px\" \/><em>Natural de Malange (Malanje), mas cresceu em Luanda. Seus pais s\u00e3o Belege e Antonica. Vem de uma fam\u00edlia crist\u00e3 que desde cedo procurou formar os filhos nesta \u00e9tica. \u201cSomos cinco irm\u00e3os, tr\u00eas deles com suas outras fam\u00edlias constitu\u00eddas\u201d.<\/em><\/p>\n<p><strong>Site Franciscanos<\/strong> <em>&#8211; Quando se deu o seu discernimento vocacional?<\/em><\/p>\n<p><strong>Frei Santana<\/strong> &#8211; Penso que se deu aos poucos, na medida em que, por um lado, fui me aproximando dos vocacionados de minha par\u00f3quia, acompanhando, no in\u00edcio, os meus amigos em seus ambientes. Uns curiosos e outros decididos a conhecer mais de perto a vida religiosa consagrada, assim como a vida no semin\u00e1rio. E por outro lado, o testemunho de vida de um religioso consagrado que conheci tamb\u00e9m foi muito importante. Este religioso seria meu confrade anos depois.<\/p>\n<p><strong>Site Franciscanos<\/strong> <em>&#8211; Por que escolheu a vida religiosa franciscana?<\/em><\/p>\n<p><strong>Frei Santana<\/strong> &#8211; Sempre gostei de estar entre amigos, conversar um pouco, compartilhar a vida de maneira muitas vezes bem-humorada. E o frade de quem falei h\u00e1 pouco manifestava uma forma de vida pr\u00f3xima a isso que chamo de \u201cestar junto\u201d. N\u00e3o mais, entre amigos exclusivamente, mas entre irm\u00e3os. E manifestava esta forma de maneira contagiante. A forma como lidava com as pessoas, em geral, era muito acolhedora e fraterna. O mesmo ocorria na forma como celebrava a Eucaristia. Via nisto tudo uma forma concreta e muito bonita de viver aquilo que aprendia na Igreja como viv\u00eancia do \u201creino de Deus\u201d. Nesta ocasi\u00e3o, eu participava da vida da Igreja na Par\u00f3quia de Santa Ana, comunidade S\u00e3o Jos\u00e9 (atual matriz da Par\u00f3quia de S\u00e3o Lucas que os frades atendem).<\/p>\n<p><strong>Site Franciscanos<\/strong> <em>&#8211; Como se define Santana Cafunda?<\/em><\/p>\n<p><strong>Frei Santana<\/strong> &#8211; Um misto: alegre, brincalh\u00e3o, silencioso e observador.<\/p>\n<p><strong>Site Franciscanos<\/strong> <em>&#8211; H\u00e1 espa\u00e7o no mundo de hoje para o carisma franciscano?<\/em><\/p>\n<p><strong>Frei Santana<\/strong> &#8211; Sim, com certeza. Num mundo de muitos esperan\u00e7osos e outros tantos desistindo de suas esperan\u00e7as, a viv\u00eancia do carisma franciscano se torna um sinal de que ainda vale a pena acreditar no reino anunciado por Jesus Cristo e traduzido de muitas formas por Francisco de Assis para os de seu tempo. E hoje, para n\u00f3s. Num mundo de crescente isolamento social e falta da cultura da vizinhan\u00e7a, o ideal de vida fraterna testemunhada pelos frades \u00e9 sinal de que vale apenas acercar-se de pessoas, compartilhar a vida, etc. Num mundo de crescente indiferen\u00e7a interpessoal, particularmente a indiferen\u00e7a com os mais pobres, o carisma franciscano sinaliza que todos somos iguais diante de Deus e nada mais. Por isso, o outro importa, nos desafia, conflitua e se torna necess\u00e1rio para o nosso crescimento enquanto pessoas.<\/p>\n<p><strong>Site Franciscanos<\/strong> <em>&#8211; Que mensagem deixaria para aqueles que querem seguir os passos de Francisco e Clara?<\/em><\/p>\n<p><strong>Frei Santana<\/strong> &#8211; Atreva-te experienciar! \u00c9 desafiante, mas muito interessante.<\/p>\n<hr \/>\n<h3><strong>FREI MARIO SAMPAIO PELU<\/strong><\/h3>\n<p><img loading=\"lazy\" class=\"size-full wp-image-235861 alignleft\" src=\"https:\/\/franciscanos.org.br\/noticias\/wp-content\/uploads\/2021\/12\/ord-mario.jpg\" alt=\"\" width=\"350\" height=\"509\" srcset=\"https:\/\/franciscanos.org.br\/noticias\/wp-content\/uploads\/2021\/12\/ord-mario.jpg 350w, https:\/\/franciscanos.org.br\/noticias\/wp-content\/uploads\/2021\/12\/ord-mario-309x450.jpg 309w, https:\/\/franciscanos.org.br\/noticias\/wp-content\/uploads\/2021\/12\/ord-mario-150x218.jpg 150w\" sizes=\"(max-width: 350px) 100vw, 350px\" \/><em>Natural de Benguela, bairro Cotel, onde nasceu no dia 20 de agosto de 1988. Cresceu com os cuidados da m\u00e3e Ant\u00f3nia Nondjamba e de suas irm\u00e3s que muito contribu\u00edram para sua educa\u00e7\u00e3o e forma\u00e7\u00e3o acad\u00eamica. O pai Adriano Pelu, de feliz mem\u00f3ria, partiu para casa de Deus muito cedo. A educa\u00e7\u00e3o religosa recebeu dos familiares, especialmente da m\u00e3e crist\u00e3 cat\u00f3lica muito devota. \u201cEla \u00e9 para mim uma hero\u00edna, como muitas mulheres angolanas, que tudo fazem para que n\u00e3o falte nada em sua mesa. Hoje, me sinto feliz por aprender muito com ela, principalmente a se relacionar bem com os outros. Como m\u00e3e, cumpriu sua miss\u00e3o e est\u00e1 na gl\u00f3ria de Deus pai\u201d, conta Frei Mario. Tem 11 irm\u00e3os e ocupa o 9\u00ba lugar.<\/em><\/p>\n<p><strong>Site Franciscanos<\/strong> <em>&#8211; Quando se deu o discernimento vocacional?<\/em><\/p>\n<p><strong>Frei M\u00e1rio Pelu<\/strong> &#8211; Foi no ano 2008 por interm\u00e9dio de um colega Corn\u00e9lio do ensino m\u00e9dio que entrou no semin\u00e1rio, despertou em mim o chamamento de Deus. Eu, estava longe da Igreja na adolesc\u00eancia, abandonei completamente a participa\u00e7\u00e3o da vida ativa da Igreja. Agora, considero-me filho pr\u00f3digo.<\/p>\n<p>Agrade\u00e7o a Deus por ter me interpelado na pessoa dos meus colegas, come\u00e7ando pelo meu colega Corn\u00e9lio, que me explicou como fazer parte do grupo vocacional e entrar no semin\u00e1rio, e mais tarde, o Stfany que me levou \u00e0 igreja e me apresentou no grupo vocacional da miss\u00e3o de Nossa Senhora de Nazar\u00e9 em Benguela e, consequentemente, conheci o carisma franciscano e os frades. Desde sempre recebi o apoio incans\u00e1vel dos meus familiares na minha op\u00e7\u00e3o vocacional, e dou gra\u00e7as a Deus por tudo.<\/p>\n<p><strong>Site Franciscanos<\/strong> <em>&#8211; E como conheceu os Frades Menores?<\/em><\/p>\n<p><strong>Frei M\u00e1rio Pelu<\/strong> &#8211; Eu conheci os frades por meio das Irm\u00e3s Franciscanas Mission\u00e1rias de Maria, na miss\u00e3o de Nossa Senhora de Nazar\u00e9, em Benguela. Na diocese n\u00e3o h\u00e1 presen\u00e7a da Ordem dos Frades Menores. As irm\u00e3s franciscanas fazem um belo trabalho no acompanhamento vocacional e promovem a espiritualidade franciscana na Diocese. O primeiro frade Menor que conheci foi Frei Afonso Katchekele, em 2009, numa visita pastoral vocacional.<\/p>\n<p><strong>Site Franciscanos<\/strong> <em>&#8211; Por que escolheu a vida religiosa franciscana?<\/em><\/p>\n<p><strong>Frei M\u00e1rio Pelu<\/strong> &#8211; Escolhi a vida religiosa franciscana porque gosto da vida mission\u00e1ria e os frades n\u00e3o t\u00eam morada fixa, s\u00e3o forasteiros, e tamb\u00e9m, a espiritualidade franciscana de viver o evangelho. Os frades n\u00e3o t\u00eam uma atua\u00e7\u00e3o espec\u00edfica para testemunhar o evangelho, se compararmos com as demais congrega\u00e7\u00f5es ou ordens. Isto me fascinou quando minha promotora vocacional, Irm\u00e3 Afonsine Kahembe, apresentou para n\u00f3s cada carisma. Foi uma experi\u00eancia sem igual.<\/p>\n<p><strong>Site Franciscanos<\/strong> <em>&#8211; H\u00e1 espa\u00e7o no mundo de hoje para o carisma franciscano?<\/em><\/p>\n<p><strong>Frei M\u00e1rio Pelu<\/strong> &#8211; O carisma franciscano \u00e9 sempre atual; \u00e9 o evangelho gritando nas pra\u00e7as p\u00fablicas, pela dignidade da pessoa humana, pelo cuidado da casa comum, por um mundo mais justo, fraterno e de paz. A espiritualidade franciscana congrega tudo e todos. \u00c9 da fraternidade universal; todos somos irm\u00e3os, independentemente das nossas diferen\u00e7as.<\/p>\n<p><strong>Site Franciscanos<\/strong> <em>&#8211; Que mensagem deixaria para quem quer seguir os passos de Francisco e Clara?<\/em><\/p>\n<p><strong>Frei M\u00e1rio Pelu<\/strong> &#8211; A mensagem que deixo \u00e9 de encorajamento. Que as pessoas n\u00e3o tenham medo de tomar decis\u00f5es, por mais que se erre na escolha, h\u00e1 sempre um caminho para recome\u00e7ar. Deus sempre abre um novo caminho at\u00e9 que se acerte a dire\u00e7\u00e3o. Portanto, ser franciscano \u00e9 uma op\u00e7\u00e3o para voc\u00ea, porque Francisco e Clara nos apontam para Cristo, pobre, humilde e crucificado.<\/p>\n","protected":false},"excerpt":{"rendered":"<p>Ordena\u00e7\u00e3o Presbiteral<\/p>\n","protected":false},"author":7,"featured_media":235857,"comment_status":"open","ping_status":"open","sticky":false,"template":"","format":"standard","meta":[],"categories":[1],"tags":[],"acf":[],"yoast_head":"<!-- This site is optimized with the Yoast SEO plugin v19.2 - https:\/\/yoast.com\/wordpress\/plugins\/seo\/ -->\n<title>Miss\u00e3o de Angola em festa com tr\u00eas ordena\u00e7\u00f5es presbiterais - Not\u00edcias - Franciscanos<\/title>\n<meta name=\"robots\" content=\"index, follow, max-snippet:-1, max-image-preview:large, max-video-preview:-1\" \/>\n<link rel=\"canonical\" href=\"https:\/\/franciscanos.org.br\/noticias\/missao-de-angola-em-festa-com-tres-ordenacoes-presbiterais.html\" \/>\n<meta property=\"og:locale\" content=\"pt_BR\" \/>\n<meta property=\"og:type\" content=\"article\" \/>\n<meta property=\"og:title\" content=\"Miss\u00e3o de Angola em festa com tr\u00eas ordena\u00e7\u00f5es presbiterais - Not\u00edcias - Franciscanos\" \/>\n<meta property=\"og:description\" content=\"Ordena\u00e7\u00e3o Presbiteral\" \/>\n<meta property=\"og:url\" content=\"https:\/\/franciscanos.org.br\/noticias\/missao-de-angola-em-festa-com-tres-ordenacoes-presbiterais.html\" \/>\n<meta property=\"og:site_name\" content=\"Not\u00edcias - Franciscanos\" \/>\n<meta property=\"article:published_time\" content=\"2022-01-04T09:27:41+00:00\" \/>\n<meta property=\"article:modified_time\" content=\"2022-01-04T11:22:31+00:00\" \/>\n<meta property=\"og:image\" content=\"https:\/\/franciscanos.org.br\/noticias\/wp-content\/uploads\/2021\/12\/ordenacao-800.png\" \/>\n\t<meta property=\"og:image:width\" content=\"800\" \/>\n\t<meta property=\"og:image:height\" content=\"548\" \/>\n\t<meta property=\"og:image:type\" content=\"image\/png\" \/>\n<meta name=\"author\" content=\"jovenal\" \/>\n<meta name=\"twitter:card\" content=\"summary_large_image\" \/>\n<meta name=\"twitter:label1\" content=\"Escrito por\" \/>\n\t<meta name=\"twitter:data1\" content=\"jovenal\" \/>\n\t<meta name=\"twitter:label2\" content=\"Est. tempo de leitura\" \/>\n\t<meta name=\"twitter:data2\" content=\"10 minutos\" \/>\n<script type=\"application\/ld+json\" class=\"yoast-schema-graph\">{\"@context\":\"https:\/\/schema.org\",\"@graph\":[{\"@type\":\"WebSite\",\"@id\":\"https:\/\/franciscanos.org.br\/noticias\/#website\",\"url\":\"https:\/\/franciscanos.org.br\/noticias\/\",\"name\":\"Not\u00edcias - Franciscanos\",\"description\":\"Prov\u00edncia Franciscana da Imaculada Concei\u00e7\u00e3o do Brasil - Ordem dos Frades Menores - OFM\",\"potentialAction\":[{\"@type\":\"SearchAction\",\"target\":{\"@type\":\"EntryPoint\",\"urlTemplate\":\"https:\/\/franciscanos.org.br\/noticias\/?s={search_term_string}\"},\"query-input\":\"required name=search_term_string\"}],\"inLanguage\":\"pt-BR\"},{\"@type\":\"ImageObject\",\"inLanguage\":\"pt-BR\",\"@id\":\"https:\/\/franciscanos.org.br\/noticias\/missao-de-angola-em-festa-com-tres-ordenacoes-presbiterais.html#primaryimage\",\"url\":\"https:\/\/franciscanos.org.br\/noticias\/wp-content\/uploads\/2021\/12\/ordenacao-800.png\",\"contentUrl\":\"https:\/\/franciscanos.org.br\/noticias\/wp-content\/uploads\/2021\/12\/ordenacao-800.png\",\"width\":800,\"height\":548},{\"@type\":\"WebPage\",\"@id\":\"https:\/\/franciscanos.org.br\/noticias\/missao-de-angola-em-festa-com-tres-ordenacoes-presbiterais.html#webpage\",\"url\":\"https:\/\/franciscanos.org.br\/noticias\/missao-de-angola-em-festa-com-tres-ordenacoes-presbiterais.html\",\"name\":\"Miss\u00e3o de Angola em festa com tr\u00eas ordena\u00e7\u00f5es presbiterais - Not\u00edcias - Franciscanos\",\"isPartOf\":{\"@id\":\"https:\/\/franciscanos.org.br\/noticias\/#website\"},\"primaryImageOfPage\":{\"@id\":\"https:\/\/franciscanos.org.br\/noticias\/missao-de-angola-em-festa-com-tres-ordenacoes-presbiterais.html#primaryimage\"},\"datePublished\":\"2022-01-04T09:27:41+00:00\",\"dateModified\":\"2022-01-04T11:22:31+00:00\",\"author\":{\"@id\":\"https:\/\/franciscanos.org.br\/noticias\/#\/schema\/person\/c3a26b08313dd1772495ce300ab257cc\"},\"breadcrumb\":{\"@id\":\"https:\/\/franciscanos.org.br\/noticias\/missao-de-angola-em-festa-com-tres-ordenacoes-presbiterais.html#breadcrumb\"},\"inLanguage\":\"pt-BR\",\"potentialAction\":[{\"@type\":\"ReadAction\",\"target\":[\"https:\/\/franciscanos.org.br\/noticias\/missao-de-angola-em-festa-com-tres-ordenacoes-presbiterais.html\"]}]},{\"@type\":\"BreadcrumbList\",\"@id\":\"https:\/\/franciscanos.org.br\/noticias\/missao-de-angola-em-festa-com-tres-ordenacoes-presbiterais.html#breadcrumb\",\"itemListElement\":[{\"@type\":\"ListItem\",\"position\":1,\"name\":\"Home\",\"item\":\"https:\/\/franciscanos.org.br\/noticias\"},{\"@type\":\"ListItem\",\"position\":2,\"name\":\"Miss\u00e3o de Angola em festa com tr\u00eas ordena\u00e7\u00f5es presbiterais\"}]},{\"@type\":\"Person\",\"@id\":\"https:\/\/franciscanos.org.br\/noticias\/#\/schema\/person\/c3a26b08313dd1772495ce300ab257cc\",\"name\":\"jovenal\",\"image\":{\"@type\":\"ImageObject\",\"inLanguage\":\"pt-BR\",\"@id\":\"https:\/\/franciscanos.org.br\/noticias\/#\/schema\/person\/image\/\",\"url\":\"https:\/\/secure.gravatar.com\/avatar\/e94509f531086e2eaf97e72f29ea00f9?s=96&d=mm&r=g\",\"contentUrl\":\"https:\/\/secure.gravatar.com\/avatar\/e94509f531086e2eaf97e72f29ea00f9?s=96&d=mm&r=g\",\"caption\":\"jovenal\"},\"url\":\"https:\/\/franciscanos.org.br\/noticias\/author\/jovenal\"}]}<\/script>\n<!-- \/ Yoast SEO plugin. -->","yoast_head_json":{"title":"Miss\u00e3o de Angola em festa com tr\u00eas ordena\u00e7\u00f5es presbiterais - Not\u00edcias - Franciscanos","robots":{"index":"index","follow":"follow","max-snippet":"max-snippet:-1","max-image-preview":"max-image-preview:large","max-video-preview":"max-video-preview:-1"},"canonical":"https:\/\/franciscanos.org.br\/noticias\/missao-de-angola-em-festa-com-tres-ordenacoes-presbiterais.html","og_locale":"pt_BR","og_type":"article","og_title":"Miss\u00e3o de Angola em festa com tr\u00eas ordena\u00e7\u00f5es presbiterais - Not\u00edcias - Franciscanos","og_description":"Ordena\u00e7\u00e3o Presbiteral","og_url":"https:\/\/franciscanos.org.br\/noticias\/missao-de-angola-em-festa-com-tres-ordenacoes-presbiterais.html","og_site_name":"Not\u00edcias - Franciscanos","article_published_time":"2022-01-04T09:27:41+00:00","article_modified_time":"2022-01-04T11:22:31+00:00","og_image":[{"width":800,"height":548,"url":"https:\/\/franciscanos.org.br\/noticias\/wp-content\/uploads\/2021\/12\/ordenacao-800.png","type":"image\/png"}],"author":"jovenal","twitter_card":"summary_large_image","twitter_misc":{"Escrito por":"jovenal","Est. tempo de leitura":"10 minutos"},"schema":{"@context":"https:\/\/schema.org","@graph":[{"@type":"WebSite","@id":"https:\/\/franciscanos.org.br\/noticias\/#website","url":"https:\/\/franciscanos.org.br\/noticias\/","name":"Not\u00edcias - Franciscanos","description":"Prov\u00edncia Franciscana da Imaculada Concei\u00e7\u00e3o do Brasil - Ordem dos Frades Menores - OFM","potentialAction":[{"@type":"SearchAction","target":{"@type":"EntryPoint","urlTemplate":"https:\/\/franciscanos.org.br\/noticias\/?s={search_term_string}"},"query-input":"required name=search_term_string"}],"inLanguage":"pt-BR"},{"@type":"ImageObject","inLanguage":"pt-BR","@id":"https:\/\/franciscanos.org.br\/noticias\/missao-de-angola-em-festa-com-tres-ordenacoes-presbiterais.html#primaryimage","url":"https:\/\/franciscanos.org.br\/noticias\/wp-content\/uploads\/2021\/12\/ordenacao-800.png","contentUrl":"https:\/\/franciscanos.org.br\/noticias\/wp-content\/uploads\/2021\/12\/ordenacao-800.png","width":800,"height":548},{"@type":"WebPage","@id":"https:\/\/franciscanos.org.br\/noticias\/missao-de-angola-em-festa-com-tres-ordenacoes-presbiterais.html#webpage","url":"https:\/\/franciscanos.org.br\/noticias\/missao-de-angola-em-festa-com-tres-ordenacoes-presbiterais.html","name":"Miss\u00e3o de Angola em festa com tr\u00eas ordena\u00e7\u00f5es presbiterais - Not\u00edcias - Franciscanos","isPartOf":{"@id":"https:\/\/franciscanos.org.br\/noticias\/#website"},"primaryImageOfPage":{"@id":"https:\/\/franciscanos.org.br\/noticias\/missao-de-angola-em-festa-com-tres-ordenacoes-presbiterais.html#primaryimage"},"datePublished":"2022-01-04T09:27:41+00:00","dateModified":"2022-01-04T11:22:31+00:00","author":{"@id":"https:\/\/franciscanos.org.br\/noticias\/#\/schema\/person\/c3a26b08313dd1772495ce300ab257cc"},"breadcrumb":{"@id":"https:\/\/franciscanos.org.br\/noticias\/missao-de-angola-em-festa-com-tres-ordenacoes-presbiterais.html#breadcrumb"},"inLanguage":"pt-BR","potentialAction":[{"@type":"ReadAction","target":["https:\/\/franciscanos.org.br\/noticias\/missao-de-angola-em-festa-com-tres-ordenacoes-presbiterais.html"]}]},{"@type":"BreadcrumbList","@id":"https:\/\/franciscanos.org.br\/noticias\/missao-de-angola-em-festa-com-tres-ordenacoes-presbiterais.html#breadcrumb","itemListElement":[{"@type":"ListItem","position":1,"name":"Home","item":"https:\/\/franciscanos.org.br\/noticias"},{"@type":"ListItem","position":2,"name":"Miss\u00e3o de Angola em festa com tr\u00eas ordena\u00e7\u00f5es presbiterais"}]},{"@type":"Person","@id":"https:\/\/franciscanos.org.br\/noticias\/#\/schema\/person\/c3a26b08313dd1772495ce300ab257cc","name":"jovenal","image":{"@type":"ImageObject","inLanguage":"pt-BR","@id":"https:\/\/franciscanos.org.br\/noticias\/#\/schema\/person\/image\/","url":"https:\/\/secure.gravatar.com\/avatar\/e94509f531086e2eaf97e72f29ea00f9?s=96&d=mm&r=g","contentUrl":"https:\/\/secure.gravatar.com\/avatar\/e94509f531086e2eaf97e72f29ea00f9?s=96&d=mm&r=g","caption":"jovenal"},"url":"https:\/\/franciscanos.org.br\/noticias\/author\/jovenal"}]}},"_links":{"self":[{"href":"https:\/\/franciscanos.org.br\/noticias\/wp-json\/wp\/v2\/posts\/235856"}],"collection":[{"href":"https:\/\/franciscanos.org.br\/noticias\/wp-json\/wp\/v2\/posts"}],"about":[{"href":"https:\/\/franciscanos.org.br\/noticias\/wp-json\/wp\/v2\/types\/post"}],"author":[{"embeddable":true,"href":"https:\/\/franciscanos.org.br\/noticias\/wp-json\/wp\/v2\/users\/7"}],"replies":[{"embeddable":true,"href":"https:\/\/franciscanos.org.br\/noticias\/wp-json\/wp\/v2\/comments?post=235856"}],"version-history":[{"count":8,"href":"https:\/\/franciscanos.org.br\/noticias\/wp-json\/wp\/v2\/posts\/235856\/revisions"}],"predecessor-version":[{"id":235870,"href":"https:\/\/franciscanos.org.br\/noticias\/wp-json\/wp\/v2\/posts\/235856\/revisions\/235870"}],"wp:featuredmedia":[{"embeddable":true,"href":"https:\/\/franciscanos.org.br\/noticias\/wp-json\/wp\/v2\/media\/235857"}],"wp:attachment":[{"href":"https:\/\/franciscanos.org.br\/noticias\/wp-json\/wp\/v2\/media?parent=235856"}],"wp:term":[{"taxonomy":"category","embeddable":true,"href":"https:\/\/franciscanos.org.br\/noticias\/wp-json\/wp\/v2\/categories?post=235856"},{"taxonomy":"post_tag","embeddable":true,"href":"https:\/\/franciscanos.org.br\/noticias\/wp-json\/wp\/v2\/tags?post=235856"}],"curies":[{"name":"wp","href":"https:\/\/api.w.org\/{rel}","templated":true}]}}