{"id":235849,"date":"2022-01-05T00:09:05","date_gmt":"2022-01-05T03:09:05","guid":{"rendered":"https:\/\/franciscanos.org.br\/noticias\/?p=235849"},"modified":"2022-01-05T06:01:23","modified_gmt":"2022-01-05T09:01:23","slug":"quibala","status":"publish","type":"post","link":"https:\/\/franciscanos.org.br\/noticias\/quibala.html","title":{"rendered":"Novi\u00e7os angolanos fazem a Primeira Profiss\u00e3o neste s\u00e1bado"},"content":{"rendered":"<p>&nbsp;<\/p>\n<p><img loading=\"lazy\" class=\"alignnone wp-image-235876 size-full\" src=\"https:\/\/franciscanos.org.br\/noticias\/wp-content\/uploads\/2021\/12\/noviciado-quibala.jpg\" alt=\"\" width=\"1280\" height=\"720\" srcset=\"https:\/\/franciscanos.org.br\/noticias\/wp-content\/uploads\/2021\/12\/noviciado-quibala.jpg 1280w, https:\/\/franciscanos.org.br\/noticias\/wp-content\/uploads\/2021\/12\/noviciado-quibala-450x253.jpg 450w, https:\/\/franciscanos.org.br\/noticias\/wp-content\/uploads\/2021\/12\/noviciado-quibala-1024x576.jpg 1024w, https:\/\/franciscanos.org.br\/noticias\/wp-content\/uploads\/2021\/12\/noviciado-quibala-768x432.jpg 768w, https:\/\/franciscanos.org.br\/noticias\/wp-content\/uploads\/2021\/12\/noviciado-quibala-150x84.jpg 150w\" sizes=\"(max-width: 1280px) 100vw, 1280px\" \/><\/p>\n<p>Depois de viver\u00a0 um tempo de gra\u00e7a e prova\u00e7\u00e3o, como \u00e9 chamado o Noviciado na forma\u00e7\u00e3o franciscana, em Angola, na Fraternidade Franciscana Santo Ant\u00f4nio, em Quibala, 14 novi\u00e7os far\u00e3o a Primeira Profiss\u00e3o no dia 8 de janeiro, \u00e0s 10 horas: Frei Benedito Cassoma, Frei Benjamim Njle Songa, Frei Bernardino Quessongo, Frei Castro Domingos Gaspar, Frei D\u00e2maso Tchembeka Muhepe, Frei David Avelino Dami\u00e3o Vicente, Frei Francisco Fernando Kanhanga Tchingandu, Frei Jos\u00e9 Cambanda Catimba, Frei Jos\u00e9 Greg\u00f3rio Severino, Frei Manuel Mbuta Chicunho, Frei Manuel Sabino Anapaz Kassindula, Frei Miguel Armindo Caquarta, Frei Pio Cutopa Chongolola e Frei Valter Muhongo Quimbundo. Esta \u00e9 a terceira turma a fazer a Primeira Profiss\u00e3o em Quibala.<\/p>\n<p>A profiss\u00e3o religiosa na Ordem Franciscana, emitida nas m\u00e3os do Ministro Provincial, faz-se nos seguintes termos: \u201cPara louvor e gl\u00f3ria da Sant\u00edssima Trindade. Eu, Frei N.N. , tendo o Senhor me dado a gra\u00e7a de seguir mais de perto o Evangelho e os passos de nosso Senhor Jesus Cristo, em tuas m\u00e3os, com firme f\u00e9 e vontade, fa\u00e7o voto a Deus, Pai santo e todo-poderoso, de viver por um ano, em obedi\u00eancia, sem nada de pr\u00f3prio e em castidade. Ao mesmo tempo, professo a vida e a regra dos Frades Menores, confirmada pelo Papa Hon\u00f3rio, e prometo observ\u00e1-la fielmente segundo as Constitui\u00e7\u00f5es da Ordem dos Frades Menores. Entrego-me, pois, de todo o cora\u00e7\u00e3o a esta Fraternidade, para que, pela a\u00e7\u00e3o eficaz do Esp\u00edrito Santo, guiado pelo exemplo de Maria Imaculada, por intercess\u00e3o de nosso Pai Francisco e de todos os santos, e com a ajuda fraterna de todos, eu possa tender constantemente para a perfeita caridade, no servi\u00e7o a Deus, \u00e0 Igreja e aos homens\u201d.<\/p>\n<p>Ontem, dia 28 de dezembro, Frei Caio Santos da Silva fez a Profiss\u00e3o Tempor\u00e1ria na Ordem dos Frades Menores. Esse momento foi realizado durante a Celebra\u00e7\u00e3o Eucar\u00edstica presidida pelo Ministro Provincial Frei Paulo Roberto Pereira, \u00e0s 19 horas, na Igreja S\u00e3o Francisco de Assis, em Rodeio, SC. Esta foi a 121\u00aa profiss\u00e3o tempor\u00e1ria do Noviciado de Rodeio. Na Ordem Franciscana, os votos simples da profiss\u00e3o tempor\u00e1ria s\u00e3o renovados anualmente at\u00e9 o momento da profiss\u00e3o solene.<\/p>\n<p style=\"text-align: center;\"><strong>OS PROFESSANDOS<\/strong><\/p>\n<p><img loading=\"lazy\" src=\"https:\/\/franciscanos.org.br\/noticias\/wp-content\/uploads\/2021\/12\/prof-artexx-scaled.jpg\" alt=\"\" width=\"1206\" height=\"1920\" \/><\/p>\n<hr \/>\n<h3><strong>Admiss\u00e3o dos Novi\u00e7os em Quibala<\/strong><\/h3>\n<p><img loading=\"lazy\" src=\"https:\/\/franciscanos.org.br\/noticias\/wp-content\/uploads\/2021\/12\/noviciado-quibala.jpg\" alt=\"\" width=\"1280\" height=\"720\" \/><\/p>\n<p>A admiss\u00e3o da turma de Novi\u00e7os 2022 ser\u00e1 no dia 8 de janeiro no Noviciado Santo Ant\u00f4nio, em Quibala, Angola, durante a Ora\u00e7\u00e3o das Laudes, \u00e0s 6h30. Os postulantes que ingressam no Noviciado s\u00e3o: Daniel Bungwe Soma, Dion\u00edsio Katenque Chingui, Eduardo C\u00e9sar Himi, Francisco Pedro Kapapelo Chitacumuta, Lu\u00eds Mugiba, Manuel Franco Mununga e Pedro Caiombe Samuco.<\/p>\n","protected":false},"excerpt":{"rendered":"<p>Primeira Profiss\u00e3o<\/p>\n","protected":false},"author":7,"featured_media":235876,"comment_status":"open","ping_status":"open","sticky":false,"template":"","format":"standard","meta":[],"categories":[1],"tags":[334],"acf":[],"yoast_head":"<!-- This site is optimized with the Yoast SEO plugin v19.2 - https:\/\/yoast.com\/wordpress\/plugins\/seo\/ -->\n<title>Novi\u00e7os angolanos fazem a Primeira Profiss\u00e3o neste s\u00e1bado - Not\u00edcias - Franciscanos<\/title>\n<meta name=\"robots\" content=\"index, follow, max-snippet:-1, max-image-preview:large, max-video-preview:-1\" \/>\n<link rel=\"canonical\" href=\"https:\/\/franciscanos.org.br\/noticias\/quibala.html\" \/>\n<meta property=\"og:locale\" content=\"pt_BR\" \/>\n<meta property=\"og:type\" content=\"article\" \/>\n<meta property=\"og:title\" content=\"Novi\u00e7os angolanos fazem a Primeira Profiss\u00e3o neste s\u00e1bado - Not\u00edcias - Franciscanos\" \/>\n<meta property=\"og:description\" content=\"Primeira Profiss\u00e3o\" \/>\n<meta property=\"og:url\" content=\"https:\/\/franciscanos.org.br\/noticias\/quibala.html\" \/>\n<meta property=\"og:site_name\" content=\"Not\u00edcias - Franciscanos\" \/>\n<meta property=\"article:published_time\" content=\"2022-01-05T03:09:05+00:00\" \/>\n<meta property=\"article:modified_time\" content=\"2022-01-05T09:01:23+00:00\" \/>\n<meta property=\"og:image\" content=\"https:\/\/franciscanos.org.br\/noticias\/wp-content\/uploads\/2021\/12\/noviciado-quibala.jpg\" \/>\n\t<meta property=\"og:image:width\" content=\"1280\" \/>\n\t<meta property=\"og:image:height\" content=\"720\" \/>\n\t<meta property=\"og:image:type\" content=\"image\/jpeg\" \/>\n<meta name=\"author\" content=\"jovenal\" \/>\n<meta name=\"twitter:card\" content=\"summary_large_image\" \/>\n<meta name=\"twitter:label1\" content=\"Escrito por\" \/>\n\t<meta name=\"twitter:data1\" content=\"jovenal\" \/>\n\t<meta name=\"twitter:label2\" content=\"Est. tempo de leitura\" \/>\n\t<meta name=\"twitter:data2\" content=\"2 minutos\" \/>\n<script type=\"application\/ld+json\" class=\"yoast-schema-graph\">{\"@context\":\"https:\/\/schema.org\",\"@graph\":[{\"@type\":\"WebSite\",\"@id\":\"https:\/\/franciscanos.org.br\/noticias\/#website\",\"url\":\"https:\/\/franciscanos.org.br\/noticias\/\",\"name\":\"Not\u00edcias - Franciscanos\",\"description\":\"Prov\u00edncia Franciscana da Imaculada Concei\u00e7\u00e3o do Brasil - Ordem dos Frades Menores - OFM\",\"potentialAction\":[{\"@type\":\"SearchAction\",\"target\":{\"@type\":\"EntryPoint\",\"urlTemplate\":\"https:\/\/franciscanos.org.br\/noticias\/?s={search_term_string}\"},\"query-input\":\"required name=search_term_string\"}],\"inLanguage\":\"pt-BR\"},{\"@type\":\"ImageObject\",\"inLanguage\":\"pt-BR\",\"@id\":\"https:\/\/franciscanos.org.br\/noticias\/quibala.html#primaryimage\",\"url\":\"https:\/\/franciscanos.org.br\/noticias\/wp-content\/uploads\/2021\/12\/noviciado-quibala.jpg\",\"contentUrl\":\"https:\/\/franciscanos.org.br\/noticias\/wp-content\/uploads\/2021\/12\/noviciado-quibala.jpg\",\"width\":1280,\"height\":720},{\"@type\":\"WebPage\",\"@id\":\"https:\/\/franciscanos.org.br\/noticias\/quibala.html#webpage\",\"url\":\"https:\/\/franciscanos.org.br\/noticias\/quibala.html\",\"name\":\"Novi\u00e7os angolanos fazem a Primeira Profiss\u00e3o neste s\u00e1bado - Not\u00edcias - Franciscanos\",\"isPartOf\":{\"@id\":\"https:\/\/franciscanos.org.br\/noticias\/#website\"},\"primaryImageOfPage\":{\"@id\":\"https:\/\/franciscanos.org.br\/noticias\/quibala.html#primaryimage\"},\"datePublished\":\"2022-01-05T03:09:05+00:00\",\"dateModified\":\"2022-01-05T09:01:23+00:00\",\"author\":{\"@id\":\"https:\/\/franciscanos.org.br\/noticias\/#\/schema\/person\/c3a26b08313dd1772495ce300ab257cc\"},\"breadcrumb\":{\"@id\":\"https:\/\/franciscanos.org.br\/noticias\/quibala.html#breadcrumb\"},\"inLanguage\":\"pt-BR\",\"potentialAction\":[{\"@type\":\"ReadAction\",\"target\":[\"https:\/\/franciscanos.org.br\/noticias\/quibala.html\"]}]},{\"@type\":\"BreadcrumbList\",\"@id\":\"https:\/\/franciscanos.org.br\/noticias\/quibala.html#breadcrumb\",\"itemListElement\":[{\"@type\":\"ListItem\",\"position\":1,\"name\":\"Home\",\"item\":\"https:\/\/franciscanos.org.br\/noticias\"},{\"@type\":\"ListItem\",\"position\":2,\"name\":\"Novi\u00e7os angolanos fazem a Primeira Profiss\u00e3o neste s\u00e1bado\"}]},{\"@type\":\"Person\",\"@id\":\"https:\/\/franciscanos.org.br\/noticias\/#\/schema\/person\/c3a26b08313dd1772495ce300ab257cc\",\"name\":\"jovenal\",\"image\":{\"@type\":\"ImageObject\",\"inLanguage\":\"pt-BR\",\"@id\":\"https:\/\/franciscanos.org.br\/noticias\/#\/schema\/person\/image\/\",\"url\":\"https:\/\/secure.gravatar.com\/avatar\/e94509f531086e2eaf97e72f29ea00f9?s=96&d=mm&r=g\",\"contentUrl\":\"https:\/\/secure.gravatar.com\/avatar\/e94509f531086e2eaf97e72f29ea00f9?s=96&d=mm&r=g\",\"caption\":\"jovenal\"},\"url\":\"https:\/\/franciscanos.org.br\/noticias\/author\/jovenal\"}]}<\/script>\n<!-- \/ Yoast SEO plugin. -->","yoast_head_json":{"title":"Novi\u00e7os angolanos fazem a Primeira Profiss\u00e3o neste s\u00e1bado - Not\u00edcias - Franciscanos","robots":{"index":"index","follow":"follow","max-snippet":"max-snippet:-1","max-image-preview":"max-image-preview:large","max-video-preview":"max-video-preview:-1"},"canonical":"https:\/\/franciscanos.org.br\/noticias\/quibala.html","og_locale":"pt_BR","og_type":"article","og_title":"Novi\u00e7os angolanos fazem a Primeira Profiss\u00e3o neste s\u00e1bado - Not\u00edcias - Franciscanos","og_description":"Primeira Profiss\u00e3o","og_url":"https:\/\/franciscanos.org.br\/noticias\/quibala.html","og_site_name":"Not\u00edcias - Franciscanos","article_published_time":"2022-01-05T03:09:05+00:00","article_modified_time":"2022-01-05T09:01:23+00:00","og_image":[{"width":1280,"height":720,"url":"https:\/\/franciscanos.org.br\/noticias\/wp-content\/uploads\/2021\/12\/noviciado-quibala.jpg","type":"image\/jpeg"}],"author":"jovenal","twitter_card":"summary_large_image","twitter_misc":{"Escrito por":"jovenal","Est. tempo de leitura":"2 minutos"},"schema":{"@context":"https:\/\/schema.org","@graph":[{"@type":"WebSite","@id":"https:\/\/franciscanos.org.br\/noticias\/#website","url":"https:\/\/franciscanos.org.br\/noticias\/","name":"Not\u00edcias - Franciscanos","description":"Prov\u00edncia Franciscana da Imaculada Concei\u00e7\u00e3o do Brasil - Ordem dos Frades Menores - OFM","potentialAction":[{"@type":"SearchAction","target":{"@type":"EntryPoint","urlTemplate":"https:\/\/franciscanos.org.br\/noticias\/?s={search_term_string}"},"query-input":"required name=search_term_string"}],"inLanguage":"pt-BR"},{"@type":"ImageObject","inLanguage":"pt-BR","@id":"https:\/\/franciscanos.org.br\/noticias\/quibala.html#primaryimage","url":"https:\/\/franciscanos.org.br\/noticias\/wp-content\/uploads\/2021\/12\/noviciado-quibala.jpg","contentUrl":"https:\/\/franciscanos.org.br\/noticias\/wp-content\/uploads\/2021\/12\/noviciado-quibala.jpg","width":1280,"height":720},{"@type":"WebPage","@id":"https:\/\/franciscanos.org.br\/noticias\/quibala.html#webpage","url":"https:\/\/franciscanos.org.br\/noticias\/quibala.html","name":"Novi\u00e7os angolanos fazem a Primeira Profiss\u00e3o neste s\u00e1bado - Not\u00edcias - Franciscanos","isPartOf":{"@id":"https:\/\/franciscanos.org.br\/noticias\/#website"},"primaryImageOfPage":{"@id":"https:\/\/franciscanos.org.br\/noticias\/quibala.html#primaryimage"},"datePublished":"2022-01-05T03:09:05+00:00","dateModified":"2022-01-05T09:01:23+00:00","author":{"@id":"https:\/\/franciscanos.org.br\/noticias\/#\/schema\/person\/c3a26b08313dd1772495ce300ab257cc"},"breadcrumb":{"@id":"https:\/\/franciscanos.org.br\/noticias\/quibala.html#breadcrumb"},"inLanguage":"pt-BR","potentialAction":[{"@type":"ReadAction","target":["https:\/\/franciscanos.org.br\/noticias\/quibala.html"]}]},{"@type":"BreadcrumbList","@id":"https:\/\/franciscanos.org.br\/noticias\/quibala.html#breadcrumb","itemListElement":[{"@type":"ListItem","position":1,"name":"Home","item":"https:\/\/franciscanos.org.br\/noticias"},{"@type":"ListItem","position":2,"name":"Novi\u00e7os angolanos fazem a Primeira Profiss\u00e3o neste s\u00e1bado"}]},{"@type":"Person","@id":"https:\/\/franciscanos.org.br\/noticias\/#\/schema\/person\/c3a26b08313dd1772495ce300ab257cc","name":"jovenal","image":{"@type":"ImageObject","inLanguage":"pt-BR","@id":"https:\/\/franciscanos.org.br\/noticias\/#\/schema\/person\/image\/","url":"https:\/\/secure.gravatar.com\/avatar\/e94509f531086e2eaf97e72f29ea00f9?s=96&d=mm&r=g","contentUrl":"https:\/\/secure.gravatar.com\/avatar\/e94509f531086e2eaf97e72f29ea00f9?s=96&d=mm&r=g","caption":"jovenal"},"url":"https:\/\/franciscanos.org.br\/noticias\/author\/jovenal"}]}},"_links":{"self":[{"href":"https:\/\/franciscanos.org.br\/noticias\/wp-json\/wp\/v2\/posts\/235849"}],"collection":[{"href":"https:\/\/franciscanos.org.br\/noticias\/wp-json\/wp\/v2\/posts"}],"about":[{"href":"https:\/\/franciscanos.org.br\/noticias\/wp-json\/wp\/v2\/types\/post"}],"author":[{"embeddable":true,"href":"https:\/\/franciscanos.org.br\/noticias\/wp-json\/wp\/v2\/users\/7"}],"replies":[{"embeddable":true,"href":"https:\/\/franciscanos.org.br\/noticias\/wp-json\/wp\/v2\/comments?post=235849"}],"version-history":[{"count":10,"href":"https:\/\/franciscanos.org.br\/noticias\/wp-json\/wp\/v2\/posts\/235849\/revisions"}],"predecessor-version":[{"id":235938,"href":"https:\/\/franciscanos.org.br\/noticias\/wp-json\/wp\/v2\/posts\/235849\/revisions\/235938"}],"wp:featuredmedia":[{"embeddable":true,"href":"https:\/\/franciscanos.org.br\/noticias\/wp-json\/wp\/v2\/media\/235876"}],"wp:attachment":[{"href":"https:\/\/franciscanos.org.br\/noticias\/wp-json\/wp\/v2\/media?parent=235849"}],"wp:term":[{"taxonomy":"category","embeddable":true,"href":"https:\/\/franciscanos.org.br\/noticias\/wp-json\/wp\/v2\/categories?post=235849"},{"taxonomy":"post_tag","embeddable":true,"href":"https:\/\/franciscanos.org.br\/noticias\/wp-json\/wp\/v2\/tags?post=235849"}],"curies":[{"name":"wp","href":"https:\/\/api.w.org\/{rel}","templated":true}]}}