{"id":235841,"date":"2021-12-25T08:52:28","date_gmt":"2021-12-25T11:52:28","guid":{"rendered":"https:\/\/franciscanos.org.br\/noticias\/?p=235841"},"modified":"2021-12-25T08:52:28","modified_gmt":"2021-12-25T11:52:28","slug":"papa-a-esperanca-e-mais-forte-que-as-dificuldades-pois-um-menino-nasceu-para-nos","status":"publish","type":"post","link":"https:\/\/franciscanos.org.br\/noticias\/papa-a-esperanca-e-mais-forte-que-as-dificuldades-pois-um-menino-nasceu-para-nos.html","title":{"rendered":"Papa: a esperan\u00e7a \u00e9 mais forte que as dificuldades, pois um Menino nasceu para n\u00f3s"},"content":{"rendered":"<div id=\"attachment_235843\" style=\"width: 1510px\" class=\"wp-caption alignnone\"><img aria-describedby=\"caption-attachment-235843\" loading=\"lazy\" class=\"wp-image-235843 size-full\" src=\"https:\/\/franciscanos.org.br\/noticias\/wp-content\/uploads\/2021\/12\/urbieorbi.jpeg\" alt=\"\" width=\"1500\" height=\"844\" srcset=\"https:\/\/franciscanos.org.br\/noticias\/wp-content\/uploads\/2021\/12\/urbieorbi.jpeg 1500w, https:\/\/franciscanos.org.br\/noticias\/wp-content\/uploads\/2021\/12\/urbieorbi-450x253.jpeg 450w, https:\/\/franciscanos.org.br\/noticias\/wp-content\/uploads\/2021\/12\/urbieorbi-1024x576.jpeg 1024w, https:\/\/franciscanos.org.br\/noticias\/wp-content\/uploads\/2021\/12\/urbieorbi-768x432.jpeg 768w, https:\/\/franciscanos.org.br\/noticias\/wp-content\/uploads\/2021\/12\/urbieorbi-150x84.jpeg 150w\" sizes=\"(max-width: 1500px) 100vw, 1500px\" \/><p id=\"caption-attachment-235843\" class=\"wp-caption-text\">\u00a0 \u00a0 \u00a0 \u00a0 \u00a0 \u00a0 \u00a0 \u00a0 \u00a0 \u00a0 \u00a0 \u00a0 \u00a0 \u00a0 \u00a0 \u00a0 \u00a0 \u00a0 \u00a0 \u00a0 \u00a0 \u00a0 \u00a0 \u00a0 \u00a0 \u00a0 \u00a0 \u00a0 \u00a0 \u00a0 \u00a0 \u00a0 \u00a0 \u00a0 \u00a0 \u00a0 \u00a0 \u00a0 \u00a0 \u00a0 \u00a0 \u00a0 \u00a0 \u00a0 \u00a0 \u00a0 \u00a0 \u00a0 \u00a0 \u00a0 \u00a0 \u00a0 \u00a0 \u00a0 \u00a0 \u00a0 \u00a0 <em>\u00a0 \u00a0 \u00a0Imagem: Vatican Media<\/em><\/p><\/div>\n<p>\u201cO Verbo fez-Se carne para dialogar conosco. Deus n\u00e3o quer construir um mon\u00f3logo, mas um di\u00e1logo. Pois o pr\u00f3prio Deus, Pai e Filho e Esp\u00edrito Santo, \u00e9 di\u00e1logo, comunh\u00e3o eterna e infinita de amor e de vida.\u201d<\/p>\n<p>Di\u00e1logo \u00e9 a palavra a partir da qual o Pont\u00edfice desenvolve sua Mensagem de Natal dirigida \u00e0 cidade e ao mundo, pronunciada da sacada central da Bas\u00edlica de S\u00e3o Pedro em um 25 de dezembro chuvoso, o que n\u00e3o impediu a presen\u00e7a de milhares de peregrinos e turistas de v\u00e1rias partes do mundo na Pra\u00e7a S\u00e3o Pedro, na observ\u00e2ncia das novas medidas, mais restritivas, para conter a propaga\u00e7\u00e3o da Covid-19.<\/p>\n<p>Depois da Mensagem de Natal o Papa rezou o Angelus, seguido pelo an\u00fancio da concess\u00e3o da Indulg\u00eancia Plen\u00e1ria pelo cardeal protodi\u00e1cono Renato Raffaele Martino, que ent\u00e3o passou novamente a palavra ao Santo Padre para a B\u00ean\u00e7\u00e3o, extensiva tamb\u00e9m a todos que acompanhavam pelos meios de comunica\u00e7\u00e3o.<\/p>\n<p>O sinal da transmiss\u00e3o estava dispon\u00edvel em seis sat\u00e9lites e a Mensagem com a B\u00ean\u00e7\u00e3o Urbi et Orbi foi transmitida em Mundovis\u00e3o por cerca de 170 redes de televis\u00e3o. A m\u00eddia vaticana tamb\u00e9m ofereceu servi\u00e7o de tradu\u00e7\u00e3o na l\u00edngua dos sinais (LIS). J\u00e1 o Vatican News ofereceu transmiss\u00f5es em sete l\u00ednguas: portugu\u00eas, espanhol, italiano, ingl\u00eas, franc\u00eas, alem\u00e3o e \u00e1rabe.<\/p>\n<p><strong>Di\u00e1logo, \u00fanica solu\u00e7\u00e3o para conflitos<\/strong><\/p>\n<p>\u201cQuando veio ao mundo, na pessoa do Verbo encarnado, Deus mostrou-nos o caminho do encontro e do di\u00e1logo\u201d e \u201ccomo seria o mundo sem o di\u00e1logo paciente de tantas pessoas generosas, que mantiveram unidas fam\u00edlias e comunidades?\u201d, pergunta o Papa, observando que a pandemia deixou isso muito claro ao afetar as rela\u00e7\u00f5es sociais, aumentar \u201ca tend\u00eancia para fechar-se, arranjar-se sozinho, renunciar a sair, a encontrar-se, a fazer as coisas juntos\u201d. E a n\u00edvel internacional, a complexidade da crise pode \u201cinduzir a optar por atalhos\u201d, mas s\u00f3 o di\u00e1logo conduz \u201c\u00e0 solu\u00e7\u00e3o dos conflitos e a benef\u00edcios partilhados e duradouros\u201d.<\/p>\n<p><strong>As trag\u00e9dias esquecidas<\/strong><\/p>\n<p>E ao lan\u00e7ar seu olhar para o panorama internacional, Francisco observou que contemporaneamente ao \u201can\u00fancio do nascimento do Salvador, fonte da verdadeira paz, \u201cvemos ainda tantos conflitos, crises e contradi\u00e7\u00f5es. Parecem n\u00e3o ter fim, e j\u00e1 quase n\u00e3o os notamos\u201d.<\/p>\n<p>\u201cDe tal maneira nos habituamos, que h\u00e1 trag\u00e9dias imensas das quais j\u00e1 nem se fala; corremos o risco de n\u00e3o ouvir o grito de dor e desespero de tantos irm\u00e3os e irm\u00e3s nossos.\u201d<\/p>\n<p><strong>Oriente M\u00e9dio e Afeganist\u00e3o<\/strong><\/p>\n<p>E dentre as trag\u00e9dias esquecidas por todos, o sofrimento das popula\u00e7\u00f5es da S\u00edria, Iraque, I\u00eamen, em particular das crian\u00e7as. Mas tamb\u00e9m o conflito entre israelenses e palestinos, \u201ccom consequ\u00eancias sociais e pol\u00edticas cada vez mais graves\u201d.<\/p>\n<p>Bel\u00e9m, \u201clugar onde Jesus viu a luz\u201d, vive tempos dif\u00edceis \u201cpelas dificuldades econ\u00f4micas devidas \u00e0 pandemia que impede os peregrinos de chegarem \u00e0 Terra Santa, com consequ\u00eancias negativas na vida da popula\u00e7\u00e3o\u201d. Crise sem precedentes que atinge tamb\u00e9m o L\u00edbano. Mas no cora\u00e7\u00e3o da noite, surgiu um sinal de esperan\u00e7a. E neste dia de festa pedimos ao Menino Jesus, \u201ca for\u00e7a de nos abrirmos ao di\u00e1logo\u201d, implorando a Ele \u201cque suscite, no cora\u00e7\u00e3o de todos, anseios de reconcilia\u00e7\u00e3o e fraternidade.<\/p>\n<p>\u201cMenino Jesus, dai paz e conc\u00f3rdia ao M\u00e9dio Oriente e ao mundo inteiro. Amparai a quantos se encontram empenhados em prestar assist\u00eancia humanit\u00e1ria \u00e0s popula\u00e7\u00f5es for\u00e7adas a fugir da sua p\u00e1tria; confortai o povo afeg\u00e3o que, h\u00e1 mais de quarenta anos, est\u00e1 submetido a dura prova por conflitos que impeliram muitos a deixar o pa\u00eds.\u201d<\/p>\n<p><strong>Myanmar e Ucr\u00e2nia<\/strong><\/p>\n<p>Ao Rei dos Povos, o Papa pede que ajude as autoridades pol\u00edticas a pacificar \u201cas sociedades abaladas por tens\u00f5es e contrastes\u201d, em particular Myanmar, \u201conde intoler\u00e2ncia e viol\u00eancia se abatem, n\u00e3o raro, tamb\u00e9m sobre a comunidade crist\u00e3 e os locais de culto, e turbam o rosto pac\u00edfico daquela popula\u00e7\u00e3o.\u201d Mas tamb\u00e9m \u201cluz e amparo\u201d para quem acredita e trabalha em prol do encontro e do di\u00e1logo na Ucr\u00e2nia e n\u00e3o permitir que &#8220;met\u00e1stases dum conflito gangrenado&#8221; se espalhem pelo pa\u00eds.<\/p>\n<p><strong>\u00c1frica<\/strong><\/p>\n<p>O Santo Padre volta ent\u00e3o seu olhar para os pa\u00edses africanos atribulados por conflitos, divis\u00f5es, desemprego, desigualdades econ\u00f4micas, pedindo ao Pr\u00edncipe da Paz pela Eti\u00f3pia para que descubra o caminho da paz e da reconcilia\u00e7\u00e3o e para que ou\u00e7a o clamor \u201cdas popula\u00e7\u00f5es da regi\u00e3o do Sahel, que sofrem a viol\u00eancia do terrorismo internacional\u201d, bem como pelas v\u00edtimas dos conflitos internos no Sud\u00e3o e Sud\u00e3o do Sul.<\/p>\n<p><strong>Am\u00e9rica<\/strong><\/p>\n<p>Para as popula\u00e7\u00f5es do continente americano Francisco pede que \u201cprevale\u00e7am os valores da solidariedade, reconcilia\u00e7\u00e3o e conviv\u00eancia pac\u00edfica, atrav\u00e9s do di\u00e1logo, do respeito m\u00fatuo e do reconhecimento dos direitos e valores culturais de todos os seres humanos.\u201d<\/p>\n<p><strong>V\u00edtimas de viol\u00eancia, abusos, abandono<\/strong><\/p>\n<p>O Papa tamb\u00e9m pede ao Filho de Deus conforto para as mulheres v\u00edtimas de viol\u00eancia, esperan\u00e7a para as crian\u00e7as e adolescentes v\u00edtimas de bullying e abusos, consola\u00e7\u00e3o e carinho aos idosos, sobretudo os mais abandonados e serenidade e unidade \u00e0s fam\u00edlias, \u201clugar prim\u00e1rio da educa\u00e7\u00e3o e base do tecido social.\u201d<\/p>\n<p><strong>Na sa\u00fade, generosidade dos cora\u00e7\u00f5es<\/strong><\/p>\n<p>Para os doentes o Papa pede sa\u00fade, bem como inspira\u00e7\u00e3o \u00e0s pessoas de boa vontade para que encontrem \u201cas solu\u00e7\u00f5es mais adequadas para superar a crise sanit\u00e1ria e as suas consequ\u00eancias\u201d:<\/p>\n<p>\u201cTornai generosos os cora\u00e7\u00f5es, para fazerem chegar os tratamentos necess\u00e1rios, especialmente as vacinas, \u00e0s popula\u00e7\u00f5es mais necessitadas. Recompensai todos aqueles que mostram solicitude e dedica\u00e7\u00e3o no cuidado dos familiares, dos doentes e dos mais fragilizados.\u201d<\/p>\n<p><strong>N\u00e3o renegar a humanidade que nos une<\/strong><\/p>\n<p>Mas n\u00e3o s\u00f3: o olhar de Francisco tamb\u00e9m abarca civis e militares prisioneiros de guerras, migrantes, deslocados e refugiados, cujos olhos \u201cpedem-nos para n\u00e3o voltarmos o rosto para o outro lado, para n\u00e3o renegarmos a humanidade que nos une, para assumirmos as suas hist\u00f3rias e n\u00e3o nos esquecermos dos seus dramas.\u201d<\/p>\n<p>O ambiente que deixaremos para gera\u00e7\u00f5es futuras<\/p>\n<p>E para que as gera\u00e7\u00f5es futuras possam viver num ambiente respeitoso da vida, o Papa exorta as autoridades pol\u00edticas a encontrarem acordos eficazes e assim sermos mais sol\u00edcitos pela nossa Casa Comum, \u201ctamb\u00e9m ela enferma pelo descuido com que frequentemente a tratamos\u201d.<\/p>\n<p><strong>Caminhar pelas sendas da paz<\/strong><\/p>\n<p>\u201cQueridos irm\u00e3os e irm\u00e3s, muitas s\u00e3o as dificuldades do nosso tempo, mas a esperan\u00e7a \u00e9 mais forte, porque \u00abum menino nasceu para n\u00f3s\u00bb. Ele \u00e9 a Palavra de Deus que Se fez \u201cin-fante\u201d, capaz apenas de chorar e necessitado de tudo. Quis aprender a falar, como qualquer crian\u00e7a, para que n\u00f3s aprend\u00eassemos a escutar Deus, nosso Pai, a escutar-nos uns aos outros e a dialogar como irm\u00e3os e irm\u00e3s. \u00d3 Cristo, nascido para n\u00f3s, ensinai-nos a caminhar convosco pelas sendas da paz. Feliz Natal para todos!\u201d<\/p>\n<hr \/>\n<p><em>Fonte: Vatican News (texto de Jackson Erpen)<\/em><\/p>\n","protected":false},"excerpt":{"rendered":"<p>B\u00ean\u00e7\u00e3o Urbi et Orbi<\/p>\n","protected":false},"author":3,"featured_media":235843,"comment_status":"open","ping_status":"open","sticky":false,"template":"","format":"standard","meta":[],"categories":[1428],"tags":[1544],"acf":[],"yoast_head":"<!-- This site is optimized with the Yoast SEO plugin v19.2 - https:\/\/yoast.com\/wordpress\/plugins\/seo\/ -->\n<title>Papa: a esperan\u00e7a \u00e9 mais forte que as dificuldades, pois um Menino nasceu para n\u00f3s - Not\u00edcias - Franciscanos<\/title>\n<meta name=\"robots\" content=\"index, follow, max-snippet:-1, max-image-preview:large, max-video-preview:-1\" \/>\n<link rel=\"canonical\" href=\"https:\/\/franciscanos.org.br\/noticias\/papa-a-esperanca-e-mais-forte-que-as-dificuldades-pois-um-menino-nasceu-para-nos.html\" \/>\n<meta property=\"og:locale\" content=\"pt_BR\" \/>\n<meta property=\"og:type\" content=\"article\" \/>\n<meta property=\"og:title\" content=\"Papa: a esperan\u00e7a \u00e9 mais forte que as dificuldades, pois um Menino nasceu para n\u00f3s - Not\u00edcias - Franciscanos\" \/>\n<meta property=\"og:description\" content=\"B\u00ean\u00e7\u00e3o Urbi et Orbi\" \/>\n<meta property=\"og:url\" content=\"https:\/\/franciscanos.org.br\/noticias\/papa-a-esperanca-e-mais-forte-que-as-dificuldades-pois-um-menino-nasceu-para-nos.html\" \/>\n<meta property=\"og:site_name\" content=\"Not\u00edcias - Franciscanos\" \/>\n<meta property=\"article:published_time\" content=\"2021-12-25T11:52:28+00:00\" \/>\n<meta property=\"og:image\" content=\"https:\/\/franciscanos.org.br\/noticias\/wp-content\/uploads\/2021\/12\/urbieorbi.jpeg\" \/>\n\t<meta property=\"og:image:width\" content=\"1500\" \/>\n\t<meta property=\"og:image:height\" content=\"844\" \/>\n\t<meta property=\"og:image:type\" content=\"image\/jpeg\" \/>\n<meta name=\"author\" content=\"moacir\" \/>\n<meta name=\"twitter:card\" content=\"summary_large_image\" \/>\n<meta name=\"twitter:label1\" content=\"Escrito por\" \/>\n\t<meta name=\"twitter:data1\" content=\"moacir\" \/>\n\t<meta name=\"twitter:label2\" content=\"Est. tempo de leitura\" \/>\n\t<meta name=\"twitter:data2\" content=\"6 minutos\" \/>\n<script type=\"application\/ld+json\" class=\"yoast-schema-graph\">{\"@context\":\"https:\/\/schema.org\",\"@graph\":[{\"@type\":\"WebSite\",\"@id\":\"https:\/\/franciscanos.org.br\/noticias\/#website\",\"url\":\"https:\/\/franciscanos.org.br\/noticias\/\",\"name\":\"Not\u00edcias - Franciscanos\",\"description\":\"Prov\u00edncia Franciscana da Imaculada Concei\u00e7\u00e3o do Brasil - Ordem dos Frades Menores - OFM\",\"potentialAction\":[{\"@type\":\"SearchAction\",\"target\":{\"@type\":\"EntryPoint\",\"urlTemplate\":\"https:\/\/franciscanos.org.br\/noticias\/?s={search_term_string}\"},\"query-input\":\"required name=search_term_string\"}],\"inLanguage\":\"pt-BR\"},{\"@type\":\"ImageObject\",\"inLanguage\":\"pt-BR\",\"@id\":\"https:\/\/franciscanos.org.br\/noticias\/papa-a-esperanca-e-mais-forte-que-as-dificuldades-pois-um-menino-nasceu-para-nos.html#primaryimage\",\"url\":\"https:\/\/franciscanos.org.br\/noticias\/wp-content\/uploads\/2021\/12\/urbieorbi.jpeg\",\"contentUrl\":\"https:\/\/franciscanos.org.br\/noticias\/wp-content\/uploads\/2021\/12\/urbieorbi.jpeg\",\"width\":1500,\"height\":844},{\"@type\":\"WebPage\",\"@id\":\"https:\/\/franciscanos.org.br\/noticias\/papa-a-esperanca-e-mais-forte-que-as-dificuldades-pois-um-menino-nasceu-para-nos.html#webpage\",\"url\":\"https:\/\/franciscanos.org.br\/noticias\/papa-a-esperanca-e-mais-forte-que-as-dificuldades-pois-um-menino-nasceu-para-nos.html\",\"name\":\"Papa: a esperan\u00e7a \u00e9 mais forte que as dificuldades, pois um Menino nasceu para n\u00f3s - Not\u00edcias - Franciscanos\",\"isPartOf\":{\"@id\":\"https:\/\/franciscanos.org.br\/noticias\/#website\"},\"primaryImageOfPage\":{\"@id\":\"https:\/\/franciscanos.org.br\/noticias\/papa-a-esperanca-e-mais-forte-que-as-dificuldades-pois-um-menino-nasceu-para-nos.html#primaryimage\"},\"datePublished\":\"2021-12-25T11:52:28+00:00\",\"dateModified\":\"2021-12-25T11:52:28+00:00\",\"author\":{\"@id\":\"https:\/\/franciscanos.org.br\/noticias\/#\/schema\/person\/b5c8cba458c330ccff548b056e95a5d4\"},\"breadcrumb\":{\"@id\":\"https:\/\/franciscanos.org.br\/noticias\/papa-a-esperanca-e-mais-forte-que-as-dificuldades-pois-um-menino-nasceu-para-nos.html#breadcrumb\"},\"inLanguage\":\"pt-BR\",\"potentialAction\":[{\"@type\":\"ReadAction\",\"target\":[\"https:\/\/franciscanos.org.br\/noticias\/papa-a-esperanca-e-mais-forte-que-as-dificuldades-pois-um-menino-nasceu-para-nos.html\"]}]},{\"@type\":\"BreadcrumbList\",\"@id\":\"https:\/\/franciscanos.org.br\/noticias\/papa-a-esperanca-e-mais-forte-que-as-dificuldades-pois-um-menino-nasceu-para-nos.html#breadcrumb\",\"itemListElement\":[{\"@type\":\"ListItem\",\"position\":1,\"name\":\"Home\",\"item\":\"https:\/\/franciscanos.org.br\/noticias\"},{\"@type\":\"ListItem\",\"position\":2,\"name\":\"Papa: a esperan\u00e7a \u00e9 mais forte que as dificuldades, pois um Menino nasceu para n\u00f3s\"}]},{\"@type\":\"Person\",\"@id\":\"https:\/\/franciscanos.org.br\/noticias\/#\/schema\/person\/b5c8cba458c330ccff548b056e95a5d4\",\"name\":\"moacir\",\"image\":{\"@type\":\"ImageObject\",\"inLanguage\":\"pt-BR\",\"@id\":\"https:\/\/franciscanos.org.br\/noticias\/#\/schema\/person\/image\/\",\"url\":\"https:\/\/secure.gravatar.com\/avatar\/d08aa2ce4c8dd416d4479aa8536fcf64?s=96&d=mm&r=g\",\"contentUrl\":\"https:\/\/secure.gravatar.com\/avatar\/d08aa2ce4c8dd416d4479aa8536fcf64?s=96&d=mm&r=g\",\"caption\":\"moacir\"},\"url\":\"https:\/\/franciscanos.org.br\/noticias\/author\/moacir\"}]}<\/script>\n<!-- \/ Yoast SEO plugin. -->","yoast_head_json":{"title":"Papa: a esperan\u00e7a \u00e9 mais forte que as dificuldades, pois um Menino nasceu para n\u00f3s - Not\u00edcias - Franciscanos","robots":{"index":"index","follow":"follow","max-snippet":"max-snippet:-1","max-image-preview":"max-image-preview:large","max-video-preview":"max-video-preview:-1"},"canonical":"https:\/\/franciscanos.org.br\/noticias\/papa-a-esperanca-e-mais-forte-que-as-dificuldades-pois-um-menino-nasceu-para-nos.html","og_locale":"pt_BR","og_type":"article","og_title":"Papa: a esperan\u00e7a \u00e9 mais forte que as dificuldades, pois um Menino nasceu para n\u00f3s - Not\u00edcias - Franciscanos","og_description":"B\u00ean\u00e7\u00e3o Urbi et Orbi","og_url":"https:\/\/franciscanos.org.br\/noticias\/papa-a-esperanca-e-mais-forte-que-as-dificuldades-pois-um-menino-nasceu-para-nos.html","og_site_name":"Not\u00edcias - Franciscanos","article_published_time":"2021-12-25T11:52:28+00:00","og_image":[{"width":1500,"height":844,"url":"https:\/\/franciscanos.org.br\/noticias\/wp-content\/uploads\/2021\/12\/urbieorbi.jpeg","type":"image\/jpeg"}],"author":"moacir","twitter_card":"summary_large_image","twitter_misc":{"Escrito por":"moacir","Est. tempo de leitura":"6 minutos"},"schema":{"@context":"https:\/\/schema.org","@graph":[{"@type":"WebSite","@id":"https:\/\/franciscanos.org.br\/noticias\/#website","url":"https:\/\/franciscanos.org.br\/noticias\/","name":"Not\u00edcias - Franciscanos","description":"Prov\u00edncia Franciscana da Imaculada Concei\u00e7\u00e3o do Brasil - Ordem dos Frades Menores - OFM","potentialAction":[{"@type":"SearchAction","target":{"@type":"EntryPoint","urlTemplate":"https:\/\/franciscanos.org.br\/noticias\/?s={search_term_string}"},"query-input":"required name=search_term_string"}],"inLanguage":"pt-BR"},{"@type":"ImageObject","inLanguage":"pt-BR","@id":"https:\/\/franciscanos.org.br\/noticias\/papa-a-esperanca-e-mais-forte-que-as-dificuldades-pois-um-menino-nasceu-para-nos.html#primaryimage","url":"https:\/\/franciscanos.org.br\/noticias\/wp-content\/uploads\/2021\/12\/urbieorbi.jpeg","contentUrl":"https:\/\/franciscanos.org.br\/noticias\/wp-content\/uploads\/2021\/12\/urbieorbi.jpeg","width":1500,"height":844},{"@type":"WebPage","@id":"https:\/\/franciscanos.org.br\/noticias\/papa-a-esperanca-e-mais-forte-que-as-dificuldades-pois-um-menino-nasceu-para-nos.html#webpage","url":"https:\/\/franciscanos.org.br\/noticias\/papa-a-esperanca-e-mais-forte-que-as-dificuldades-pois-um-menino-nasceu-para-nos.html","name":"Papa: a esperan\u00e7a \u00e9 mais forte que as dificuldades, pois um Menino nasceu para n\u00f3s - Not\u00edcias - Franciscanos","isPartOf":{"@id":"https:\/\/franciscanos.org.br\/noticias\/#website"},"primaryImageOfPage":{"@id":"https:\/\/franciscanos.org.br\/noticias\/papa-a-esperanca-e-mais-forte-que-as-dificuldades-pois-um-menino-nasceu-para-nos.html#primaryimage"},"datePublished":"2021-12-25T11:52:28+00:00","dateModified":"2021-12-25T11:52:28+00:00","author":{"@id":"https:\/\/franciscanos.org.br\/noticias\/#\/schema\/person\/b5c8cba458c330ccff548b056e95a5d4"},"breadcrumb":{"@id":"https:\/\/franciscanos.org.br\/noticias\/papa-a-esperanca-e-mais-forte-que-as-dificuldades-pois-um-menino-nasceu-para-nos.html#breadcrumb"},"inLanguage":"pt-BR","potentialAction":[{"@type":"ReadAction","target":["https:\/\/franciscanos.org.br\/noticias\/papa-a-esperanca-e-mais-forte-que-as-dificuldades-pois-um-menino-nasceu-para-nos.html"]}]},{"@type":"BreadcrumbList","@id":"https:\/\/franciscanos.org.br\/noticias\/papa-a-esperanca-e-mais-forte-que-as-dificuldades-pois-um-menino-nasceu-para-nos.html#breadcrumb","itemListElement":[{"@type":"ListItem","position":1,"name":"Home","item":"https:\/\/franciscanos.org.br\/noticias"},{"@type":"ListItem","position":2,"name":"Papa: a esperan\u00e7a \u00e9 mais forte que as dificuldades, pois um Menino nasceu para n\u00f3s"}]},{"@type":"Person","@id":"https:\/\/franciscanos.org.br\/noticias\/#\/schema\/person\/b5c8cba458c330ccff548b056e95a5d4","name":"moacir","image":{"@type":"ImageObject","inLanguage":"pt-BR","@id":"https:\/\/franciscanos.org.br\/noticias\/#\/schema\/person\/image\/","url":"https:\/\/secure.gravatar.com\/avatar\/d08aa2ce4c8dd416d4479aa8536fcf64?s=96&d=mm&r=g","contentUrl":"https:\/\/secure.gravatar.com\/avatar\/d08aa2ce4c8dd416d4479aa8536fcf64?s=96&d=mm&r=g","caption":"moacir"},"url":"https:\/\/franciscanos.org.br\/noticias\/author\/moacir"}]}},"_links":{"self":[{"href":"https:\/\/franciscanos.org.br\/noticias\/wp-json\/wp\/v2\/posts\/235841"}],"collection":[{"href":"https:\/\/franciscanos.org.br\/noticias\/wp-json\/wp\/v2\/posts"}],"about":[{"href":"https:\/\/franciscanos.org.br\/noticias\/wp-json\/wp\/v2\/types\/post"}],"author":[{"embeddable":true,"href":"https:\/\/franciscanos.org.br\/noticias\/wp-json\/wp\/v2\/users\/3"}],"replies":[{"embeddable":true,"href":"https:\/\/franciscanos.org.br\/noticias\/wp-json\/wp\/v2\/comments?post=235841"}],"version-history":[{"count":1,"href":"https:\/\/franciscanos.org.br\/noticias\/wp-json\/wp\/v2\/posts\/235841\/revisions"}],"predecessor-version":[{"id":235844,"href":"https:\/\/franciscanos.org.br\/noticias\/wp-json\/wp\/v2\/posts\/235841\/revisions\/235844"}],"wp:featuredmedia":[{"embeddable":true,"href":"https:\/\/franciscanos.org.br\/noticias\/wp-json\/wp\/v2\/media\/235843"}],"wp:attachment":[{"href":"https:\/\/franciscanos.org.br\/noticias\/wp-json\/wp\/v2\/media?parent=235841"}],"wp:term":[{"taxonomy":"category","embeddable":true,"href":"https:\/\/franciscanos.org.br\/noticias\/wp-json\/wp\/v2\/categories?post=235841"},{"taxonomy":"post_tag","embeddable":true,"href":"https:\/\/franciscanos.org.br\/noticias\/wp-json\/wp\/v2\/tags?post=235841"}],"curies":[{"name":"wp","href":"https:\/\/api.w.org\/{rel}","templated":true}]}}