{"id":235821,"date":"2021-12-20T18:51:46","date_gmt":"2021-12-20T21:51:46","guid":{"rendered":"https:\/\/franciscanos.org.br\/noticias\/?p=235821"},"modified":"2021-12-21T05:44:53","modified_gmt":"2021-12-21T08:44:53","slug":"mensagemfreipaulonatal","status":"publish","type":"post","link":"https:\/\/franciscanos.org.br\/noticias\/mensagemfreipaulonatal.html","title":{"rendered":"Mensagem do Ministro Provincial para o Natal"},"content":{"rendered":"<h3><img loading=\"lazy\" class=\"alignnone wp-image-235822 size-full\" src=\"https:\/\/franciscanos.org.br\/noticias\/wp-content\/uploads\/2021\/12\/destacada_1280x720-1.png\" alt=\"\" width=\"1280\" height=\"720\" srcset=\"https:\/\/franciscanos.org.br\/noticias\/wp-content\/uploads\/2021\/12\/destacada_1280x720-1.png 1280w, https:\/\/franciscanos.org.br\/noticias\/wp-content\/uploads\/2021\/12\/destacada_1280x720-1-450x253.png 450w, https:\/\/franciscanos.org.br\/noticias\/wp-content\/uploads\/2021\/12\/destacada_1280x720-1-1024x576.png 1024w, https:\/\/franciscanos.org.br\/noticias\/wp-content\/uploads\/2021\/12\/destacada_1280x720-1-768x432.png 768w, https:\/\/franciscanos.org.br\/noticias\/wp-content\/uploads\/2021\/12\/destacada_1280x720-1-150x84.png 150w\" sizes=\"(max-width: 1280px) 100vw, 1280px\" \/><\/h3>\n<h3><\/h3>\n<h3><strong>\u201cO povo que vivia nas trevas, viu uma grande luz\u201d Is 9,2<\/strong><\/h3>\n<p>Ao registrar o nascimento de Deus Menino, o evangelista Mateus recorre ao profeta Isa\u00edas que destaca a santidade de Deus e a imperiosa necessidade de fidelidade da parte do povo. A salva\u00e7\u00e3o vir\u00e1 a partir do compromisso com o projeto de Deus e a sua justi\u00e7a. A crian\u00e7a entre as palhas na gruta em Bel\u00e9m \u00e9 sinal evidente da considera\u00e7\u00e3o de Deus pela humanidade.<\/p>\n<p>Olhado a partir do calend\u00e1rio, seja lit\u00fargico seja civil, o Natal pode se tornar apenas uma solenidade que se repete a cada ano. Se for apenas uma est\u00e9ril repeti\u00e7\u00e3o, como lembra o ad\u00e1gio, suas motiva\u00e7\u00f5es v\u00e3o durar somente at\u00e9 a festa de Santo Est\u00eav\u00e3o. Cabe-nos acolher e cuidar do presente que anualmente recebemos.<\/p>\n<p><iframe loading=\"lazy\" title=\"YouTube video player\" src=\"https:\/\/www.youtube.com\/embed\/YSq8LtJ8M2g\" width=\"100%\" height=\"500\" frameborder=\"0\" allowfullscreen=\"allowfullscreen\"><span data-mce-type=\"bookmark\" style=\"display: inline-block; width: 0px; overflow: hidden; line-height: 0;\" class=\"mce_SELRES_start\">\ufeff<\/span><\/iframe><\/p>\n<p>Com o avan\u00e7o da vacina\u00e7\u00e3o e o consequente arrefecimento do n\u00famero de infectados pelo novo corona v\u00edrus, a morte n\u00e3o ronda os ambientes de conviv\u00eancia com a sanha devastadora que gerou paralisia e medo.<\/p>\n<p>Se com a doen\u00e7a as trevas vieram sobre n\u00f3s, neste novo tempo a luz volta a brilhar diante dos nossos olhos. Certamente, as festas de final de ano ter\u00e3o de volta as comidas partilhadas e os abra\u00e7os represados. A possibilidade de reencontrar familiares e amigos, que a todos motiva, indica a voca\u00e7\u00e3o humana para a vida fraterna. Viver como irm\u00e3os e irm\u00e3s \u00e9 o nosso grande dom.<\/p>\n<p>N\u00e3o h\u00e1 quem n\u00e3o se encante diante do pres\u00e9pio. Da reprodu\u00e7\u00e3o da cena do nascimento de Jesus em Bel\u00e9m surgem caminhos luminosos para viver a religi\u00e3o. Meditando a partir do pres\u00e9pio, o Papa Francisco nos ensina: \u201cNo Natal, Deus revela-se n\u00e3o como aquele que est\u00e1 nas alturas para dominar, mas como Aquele que se inclina, pequeno e pobre, para servir: isto significa que a forma de se assemelhar a Ele \u00e9 a de se rebaixar, de servir. Para que seja verdadeiramente Natal, n\u00e3o esque\u00e7amos isto: Deus vem para estar conosco e pede-nos para cuidarmos dos nossos irm\u00e3os e irm\u00e3s, especialmente os mais pobres, mais fracos e mais fr\u00e1geis\u201d.<\/p>\n<p>Natal; Deus conosco. Alegria que conforta e reanima. Juntemo-nos aos anjos de Bel\u00e9m, anunciemos ao mundo inteiro a grande not\u00edcia: \u201cN\u00e3o tenhais medo! Hoje, na cidade de Davi, nasceu para v\u00f3s um Salvador, que \u00e9 o Cristo Senhor\u201d (cf. Lc, 2, 10-11).<\/p>\n<h3>Feliz Natal!\u00a0 Paz e Bem!<\/h3>\n<p><strong>FREI PAULO ROBERTO PEREIRA, OFM<\/strong><\/p>\n<p><em>MINISTRO PROVINCIAL<\/em><\/p>\n<p>PROV\u00cdNCIA FRANCISCANA DA IMACULADA CONCEI\u00c7\u00c3O DO BRASIL<\/p>\n","protected":false},"excerpt":{"rendered":"<p>Mensagem de Natal<\/p>\n","protected":false},"author":3,"featured_media":235822,"comment_status":"open","ping_status":"open","sticky":false,"template":"","format":"standard","meta":[],"categories":[1],"tags":[344],"acf":[],"yoast_head":"<!-- This site is optimized with the Yoast SEO plugin v19.2 - https:\/\/yoast.com\/wordpress\/plugins\/seo\/ -->\n<title>Mensagem do Ministro Provincial para o Natal - Not\u00edcias - Franciscanos<\/title>\n<meta name=\"robots\" content=\"index, follow, max-snippet:-1, max-image-preview:large, max-video-preview:-1\" \/>\n<link rel=\"canonical\" href=\"https:\/\/franciscanos.org.br\/noticias\/mensagemfreipaulonatal.html\" \/>\n<meta property=\"og:locale\" content=\"pt_BR\" \/>\n<meta property=\"og:type\" content=\"article\" \/>\n<meta property=\"og:title\" content=\"Mensagem do Ministro Provincial para o Natal - Not\u00edcias - Franciscanos\" \/>\n<meta property=\"og:description\" content=\"Mensagem de Natal\" \/>\n<meta property=\"og:url\" content=\"https:\/\/franciscanos.org.br\/noticias\/mensagemfreipaulonatal.html\" \/>\n<meta property=\"og:site_name\" content=\"Not\u00edcias - Franciscanos\" \/>\n<meta property=\"article:published_time\" content=\"2021-12-20T21:51:46+00:00\" \/>\n<meta property=\"article:modified_time\" content=\"2021-12-21T08:44:53+00:00\" \/>\n<meta property=\"og:image\" content=\"https:\/\/franciscanos.org.br\/noticias\/wp-content\/uploads\/2021\/12\/destacada_1280x720-1.png\" \/>\n\t<meta property=\"og:image:width\" content=\"1280\" \/>\n\t<meta property=\"og:image:height\" content=\"720\" \/>\n\t<meta property=\"og:image:type\" content=\"image\/png\" \/>\n<meta name=\"author\" content=\"moacir\" \/>\n<meta name=\"twitter:card\" content=\"summary_large_image\" \/>\n<meta name=\"twitter:label1\" content=\"Escrito por\" \/>\n\t<meta name=\"twitter:data1\" content=\"moacir\" \/>\n\t<meta name=\"twitter:label2\" content=\"Est. tempo de leitura\" \/>\n\t<meta name=\"twitter:data2\" content=\"2 minutos\" \/>\n<script type=\"application\/ld+json\" class=\"yoast-schema-graph\">{\"@context\":\"https:\/\/schema.org\",\"@graph\":[{\"@type\":\"WebSite\",\"@id\":\"https:\/\/franciscanos.org.br\/noticias\/#website\",\"url\":\"https:\/\/franciscanos.org.br\/noticias\/\",\"name\":\"Not\u00edcias - Franciscanos\",\"description\":\"Prov\u00edncia Franciscana da Imaculada Concei\u00e7\u00e3o do Brasil - Ordem dos Frades Menores - OFM\",\"potentialAction\":[{\"@type\":\"SearchAction\",\"target\":{\"@type\":\"EntryPoint\",\"urlTemplate\":\"https:\/\/franciscanos.org.br\/noticias\/?s={search_term_string}\"},\"query-input\":\"required name=search_term_string\"}],\"inLanguage\":\"pt-BR\"},{\"@type\":\"ImageObject\",\"inLanguage\":\"pt-BR\",\"@id\":\"https:\/\/franciscanos.org.br\/noticias\/mensagemfreipaulonatal.html#primaryimage\",\"url\":\"https:\/\/franciscanos.org.br\/noticias\/wp-content\/uploads\/2021\/12\/destacada_1280x720-1.png\",\"contentUrl\":\"https:\/\/franciscanos.org.br\/noticias\/wp-content\/uploads\/2021\/12\/destacada_1280x720-1.png\",\"width\":1280,\"height\":720},{\"@type\":\"WebPage\",\"@id\":\"https:\/\/franciscanos.org.br\/noticias\/mensagemfreipaulonatal.html#webpage\",\"url\":\"https:\/\/franciscanos.org.br\/noticias\/mensagemfreipaulonatal.html\",\"name\":\"Mensagem do Ministro Provincial para o Natal - Not\u00edcias - Franciscanos\",\"isPartOf\":{\"@id\":\"https:\/\/franciscanos.org.br\/noticias\/#website\"},\"primaryImageOfPage\":{\"@id\":\"https:\/\/franciscanos.org.br\/noticias\/mensagemfreipaulonatal.html#primaryimage\"},\"datePublished\":\"2021-12-20T21:51:46+00:00\",\"dateModified\":\"2021-12-21T08:44:53+00:00\",\"author\":{\"@id\":\"https:\/\/franciscanos.org.br\/noticias\/#\/schema\/person\/b5c8cba458c330ccff548b056e95a5d4\"},\"breadcrumb\":{\"@id\":\"https:\/\/franciscanos.org.br\/noticias\/mensagemfreipaulonatal.html#breadcrumb\"},\"inLanguage\":\"pt-BR\",\"potentialAction\":[{\"@type\":\"ReadAction\",\"target\":[\"https:\/\/franciscanos.org.br\/noticias\/mensagemfreipaulonatal.html\"]}]},{\"@type\":\"BreadcrumbList\",\"@id\":\"https:\/\/franciscanos.org.br\/noticias\/mensagemfreipaulonatal.html#breadcrumb\",\"itemListElement\":[{\"@type\":\"ListItem\",\"position\":1,\"name\":\"Home\",\"item\":\"https:\/\/franciscanos.org.br\/noticias\"},{\"@type\":\"ListItem\",\"position\":2,\"name\":\"Mensagem do Ministro Provincial para o Natal\"}]},{\"@type\":\"Person\",\"@id\":\"https:\/\/franciscanos.org.br\/noticias\/#\/schema\/person\/b5c8cba458c330ccff548b056e95a5d4\",\"name\":\"moacir\",\"image\":{\"@type\":\"ImageObject\",\"inLanguage\":\"pt-BR\",\"@id\":\"https:\/\/franciscanos.org.br\/noticias\/#\/schema\/person\/image\/\",\"url\":\"https:\/\/secure.gravatar.com\/avatar\/d08aa2ce4c8dd416d4479aa8536fcf64?s=96&d=mm&r=g\",\"contentUrl\":\"https:\/\/secure.gravatar.com\/avatar\/d08aa2ce4c8dd416d4479aa8536fcf64?s=96&d=mm&r=g\",\"caption\":\"moacir\"},\"url\":\"https:\/\/franciscanos.org.br\/noticias\/author\/moacir\"}]}<\/script>\n<!-- \/ Yoast SEO plugin. -->","yoast_head_json":{"title":"Mensagem do Ministro Provincial para o Natal - Not\u00edcias - Franciscanos","robots":{"index":"index","follow":"follow","max-snippet":"max-snippet:-1","max-image-preview":"max-image-preview:large","max-video-preview":"max-video-preview:-1"},"canonical":"https:\/\/franciscanos.org.br\/noticias\/mensagemfreipaulonatal.html","og_locale":"pt_BR","og_type":"article","og_title":"Mensagem do Ministro Provincial para o Natal - Not\u00edcias - Franciscanos","og_description":"Mensagem de Natal","og_url":"https:\/\/franciscanos.org.br\/noticias\/mensagemfreipaulonatal.html","og_site_name":"Not\u00edcias - Franciscanos","article_published_time":"2021-12-20T21:51:46+00:00","article_modified_time":"2021-12-21T08:44:53+00:00","og_image":[{"width":1280,"height":720,"url":"https:\/\/franciscanos.org.br\/noticias\/wp-content\/uploads\/2021\/12\/destacada_1280x720-1.png","type":"image\/png"}],"author":"moacir","twitter_card":"summary_large_image","twitter_misc":{"Escrito por":"moacir","Est. tempo de leitura":"2 minutos"},"schema":{"@context":"https:\/\/schema.org","@graph":[{"@type":"WebSite","@id":"https:\/\/franciscanos.org.br\/noticias\/#website","url":"https:\/\/franciscanos.org.br\/noticias\/","name":"Not\u00edcias - Franciscanos","description":"Prov\u00edncia Franciscana da Imaculada Concei\u00e7\u00e3o do Brasil - Ordem dos Frades Menores - OFM","potentialAction":[{"@type":"SearchAction","target":{"@type":"EntryPoint","urlTemplate":"https:\/\/franciscanos.org.br\/noticias\/?s={search_term_string}"},"query-input":"required name=search_term_string"}],"inLanguage":"pt-BR"},{"@type":"ImageObject","inLanguage":"pt-BR","@id":"https:\/\/franciscanos.org.br\/noticias\/mensagemfreipaulonatal.html#primaryimage","url":"https:\/\/franciscanos.org.br\/noticias\/wp-content\/uploads\/2021\/12\/destacada_1280x720-1.png","contentUrl":"https:\/\/franciscanos.org.br\/noticias\/wp-content\/uploads\/2021\/12\/destacada_1280x720-1.png","width":1280,"height":720},{"@type":"WebPage","@id":"https:\/\/franciscanos.org.br\/noticias\/mensagemfreipaulonatal.html#webpage","url":"https:\/\/franciscanos.org.br\/noticias\/mensagemfreipaulonatal.html","name":"Mensagem do Ministro Provincial para o Natal - Not\u00edcias - Franciscanos","isPartOf":{"@id":"https:\/\/franciscanos.org.br\/noticias\/#website"},"primaryImageOfPage":{"@id":"https:\/\/franciscanos.org.br\/noticias\/mensagemfreipaulonatal.html#primaryimage"},"datePublished":"2021-12-20T21:51:46+00:00","dateModified":"2021-12-21T08:44:53+00:00","author":{"@id":"https:\/\/franciscanos.org.br\/noticias\/#\/schema\/person\/b5c8cba458c330ccff548b056e95a5d4"},"breadcrumb":{"@id":"https:\/\/franciscanos.org.br\/noticias\/mensagemfreipaulonatal.html#breadcrumb"},"inLanguage":"pt-BR","potentialAction":[{"@type":"ReadAction","target":["https:\/\/franciscanos.org.br\/noticias\/mensagemfreipaulonatal.html"]}]},{"@type":"BreadcrumbList","@id":"https:\/\/franciscanos.org.br\/noticias\/mensagemfreipaulonatal.html#breadcrumb","itemListElement":[{"@type":"ListItem","position":1,"name":"Home","item":"https:\/\/franciscanos.org.br\/noticias"},{"@type":"ListItem","position":2,"name":"Mensagem do Ministro Provincial para o Natal"}]},{"@type":"Person","@id":"https:\/\/franciscanos.org.br\/noticias\/#\/schema\/person\/b5c8cba458c330ccff548b056e95a5d4","name":"moacir","image":{"@type":"ImageObject","inLanguage":"pt-BR","@id":"https:\/\/franciscanos.org.br\/noticias\/#\/schema\/person\/image\/","url":"https:\/\/secure.gravatar.com\/avatar\/d08aa2ce4c8dd416d4479aa8536fcf64?s=96&d=mm&r=g","contentUrl":"https:\/\/secure.gravatar.com\/avatar\/d08aa2ce4c8dd416d4479aa8536fcf64?s=96&d=mm&r=g","caption":"moacir"},"url":"https:\/\/franciscanos.org.br\/noticias\/author\/moacir"}]}},"_links":{"self":[{"href":"https:\/\/franciscanos.org.br\/noticias\/wp-json\/wp\/v2\/posts\/235821"}],"collection":[{"href":"https:\/\/franciscanos.org.br\/noticias\/wp-json\/wp\/v2\/posts"}],"about":[{"href":"https:\/\/franciscanos.org.br\/noticias\/wp-json\/wp\/v2\/types\/post"}],"author":[{"embeddable":true,"href":"https:\/\/franciscanos.org.br\/noticias\/wp-json\/wp\/v2\/users\/3"}],"replies":[{"embeddable":true,"href":"https:\/\/franciscanos.org.br\/noticias\/wp-json\/wp\/v2\/comments?post=235821"}],"version-history":[{"count":4,"href":"https:\/\/franciscanos.org.br\/noticias\/wp-json\/wp\/v2\/posts\/235821\/revisions"}],"predecessor-version":[{"id":235826,"href":"https:\/\/franciscanos.org.br\/noticias\/wp-json\/wp\/v2\/posts\/235821\/revisions\/235826"}],"wp:featuredmedia":[{"embeddable":true,"href":"https:\/\/franciscanos.org.br\/noticias\/wp-json\/wp\/v2\/media\/235822"}],"wp:attachment":[{"href":"https:\/\/franciscanos.org.br\/noticias\/wp-json\/wp\/v2\/media?parent=235821"}],"wp:term":[{"taxonomy":"category","embeddable":true,"href":"https:\/\/franciscanos.org.br\/noticias\/wp-json\/wp\/v2\/categories?post=235821"},{"taxonomy":"post_tag","embeddable":true,"href":"https:\/\/franciscanos.org.br\/noticias\/wp-json\/wp\/v2\/tags?post=235821"}],"curies":[{"name":"wp","href":"https:\/\/api.w.org\/{rel}","templated":true}]}}