{"id":235816,"date":"2021-12-20T05:01:05","date_gmt":"2021-12-20T08:01:05","guid":{"rendered":"https:\/\/franciscanos.org.br\/noticias\/?p=235816"},"modified":"2021-12-20T05:03:20","modified_gmt":"2021-12-20T08:03:20","slug":"papa-sobre-as-mulheres-abusadas-em-casa-problema-quase-satanico","status":"publish","type":"post","link":"https:\/\/franciscanos.org.br\/noticias\/papa-sobre-as-mulheres-abusadas-em-casa-problema-quase-satanico.html","title":{"rendered":"Papa sobre as mulheres abusadas em casa: &#8220;problema quase sat\u00e2nico&#8221;"},"content":{"rendered":"<div class=\"article__text \">\n<div id=\"attachment_235817\" style=\"width: 1510px\" class=\"wp-caption alignnone\"><img aria-describedby=\"caption-attachment-235817\" loading=\"lazy\" class=\"wp-image-235817 size-full\" src=\"https:\/\/franciscanos.org.br\/noticias\/wp-content\/uploads\/2021\/12\/entrevista_papa.jpeg\" alt=\"\" width=\"1500\" height=\"844\" srcset=\"https:\/\/franciscanos.org.br\/noticias\/wp-content\/uploads\/2021\/12\/entrevista_papa.jpeg 1500w, https:\/\/franciscanos.org.br\/noticias\/wp-content\/uploads\/2021\/12\/entrevista_papa-450x253.jpeg 450w, https:\/\/franciscanos.org.br\/noticias\/wp-content\/uploads\/2021\/12\/entrevista_papa-1024x576.jpeg 1024w, https:\/\/franciscanos.org.br\/noticias\/wp-content\/uploads\/2021\/12\/entrevista_papa-768x432.jpeg 768w, https:\/\/franciscanos.org.br\/noticias\/wp-content\/uploads\/2021\/12\/entrevista_papa-150x84.jpeg 150w\" sizes=\"(max-width: 1500px) 100vw, 1500px\" \/><p id=\"caption-attachment-235817\" class=\"wp-caption-text\"><em>\u00a0 \u00a0 \u00a0 \u00a0 \u00a0 \u00a0 \u00a0 \u00a0 \u00a0 \u00a0 \u00a0 \u00a0 \u00a0 \u00a0 \u00a0 \u00a0 \u00a0 \u00a0 \u00a0 \u00a0 \u00a0 \u00a0 \u00a0 \u00a0 \u00a0 \u00a0 \u00a0 \u00a0 \u00a0 \u00a0 \u00a0 \u00a0 \u00a0 \u00a0 \u00a0 \u00a0 \u00a0 \u00a0 \u00a0 \u00a0 \u00a0 \u00a0 \u00a0 \u00a0 \u00a0 \u00a0 \u00a0 \u00a0 \u00a0 \u00a0 \u00a0 \u00a0 \u00a0 \u00a0Imagens: Reprodu\u00e7\u00e3o da Vatican Media<\/em><\/p><\/div>\n<p>&#8220;O n\u00famero de mulheres que s\u00e3o espancadas, abusadas em casa, tamb\u00e9m pelos seus maridos, \u00e9 t\u00e3o grande. Para mim, o problema \u00e9 quase sat\u00e2nico&#8221;. Na Casa Santa Marta, o Papa Francisco conversou com quatro &#8220;invis\u00edveis&#8221; e abordou \u2013 diante das c\u00e2maras da rede italiana Mediaset &#8211; os problemas ligados \u00e0 viol\u00eancia, \u00e0 pobreza, \u00e0s consequ\u00eancias da pandemia, e \u00e0 vida dos prisioneiros. O encontro, coordenado pelo vaticanista Fabio Marchese Ragona, contou com a presen\u00e7a de Giovanna, uma m\u00e3e que perdeu o seu emprego e cuja vida familiar \u00e9 feita de viol\u00eancia; Maria, uma mulher sem casa; Maristella, uma escoteria de 18 anos a quem a pandemia tirou a alegria; Pierdonato, ex-condenado \u00e0 pris\u00e3o perp\u00e9tua e que cumpriu 25 anos de c\u00e1rcere.<\/p>\n<p>A Giovanna, que perguntou como recuperar a sua dignidade, o Papa, depois de descrever o problema da viol\u00eancia como &#8220;quase sat\u00e2nico&#8221;, respondeu: &#8220;\u00c9 humilhante, muito humilhante. \u00c9 humilhante quando um pai ou uma m\u00e3e bate no rosto de uma crian\u00e7a, \u00e9 muito humilhante e eu digo sempre, nunca bata no rosto de uma crian\u00e7a. Por qu\u00ea? Porque a dignidade \u00e9 o rosto. Esta \u00e9 a palavra que eu gostaria de retomar porque por detr\u00e1s dela est\u00e1 a sua pergunta: h\u00e1 dignidade em mim? Qual \u00e9 a minha dignidade depois de tudo isto, qual \u00e9 a dignidade das mulheres espancadas e maltratadas? Uma imagem vem-me \u00e0 mente ao entrar na Bas\u00edlica \u00e0 direita, a piedade de Nossa Senhora, Nossa Senhora humilhada diante do seu filho nu, crucificado, malfeitor aos olhos de todos, ela \u00e9 a m\u00e3e que o criou, totalmente humilhada. Mas ela n\u00e3o perdeu a sua dignidade e olhar para esta imagem em momentos dif\u00edceis como o seu de humilha\u00e7\u00e3o e quando se sente perder a dignidade, olhar para aquela imagem d\u00e1-nos for\u00e7a&#8230; Olhe para Nossa Senhora, fique com essa imagem de coragem&#8221;.<img class=\"loaded\" src=\"https:\/\/www.vaticannews.va\/content\/dam\/vaticannews\/agenzie\/images\/ansa\/2021\/12\/17\/11\/1639738496063.jpg\/_jcr_content\/renditions\/cq5dam.thumbnail.cropped.750.422.jpeg\" alt=\"Papa Francisco durante a entrevista\" data-original=\"\/content\/dam\/vaticannews\/agenzie\/images\/ansa\/2021\/12\/17\/11\/1639738496063.jpg\/_jcr_content\/renditions\/cq5dam.thumbnail.cropped.750.422.jpeg\" data-was-processed=\"true\" \/><\/p>\n<div>\n<div class=\"article__embed article__embed--unwrap article__embed--photo\">\n<div class=\"photo_embed--Title\">Papa Francisco durante a entrevista<\/div>\n<\/div>\n<\/div>\n<h2>A cultura da indiferen\u00e7a<\/h2>\n<p>A Maria, que pergunta por que raz\u00e3o a sociedade \u00e9 t\u00e3o cruel para com os pobres, Francisco disse: &#8220;voc\u00ea fala de crueldade, \u00e9 assim, esta \u00e9 a bofetada mais dura da sociedade, ignorar o problema dos outros&#8230; Estamos entrando numa cultura da indiferen\u00e7a onde tentamos distanciar-nos dos problemas reais, da dor dos sem-teto, da falta de trabalho. Pelo contr\u00e1rio, com esta pandemia os problemas aumentaram porque batem \u00e0 porta aqueles que oferecem dinheiro emprestado: os agiotas. Uma pessoa pobre, uma pessoa em necessidade, cai nas m\u00e3os dos agiotas e perde tudo, porque eles n\u00e3o perdoam. \u00c9 crueldade e mais crueldade, digo isto para chamar a aten\u00e7\u00e3o das pessoas para n\u00e3o serem ing\u00eanuas; o agiota n\u00e3o \u00e9 uma sa\u00edda para o problema, o agiota traz novos problemas&#8221;. O Papa perguntou ent\u00e3o \u00e0 mulher se, quando encontra uma pessoa que est\u00e1 em uma situa\u00e7\u00e3o pior, vai dar-lhe uma m\u00e3o. E depois da resposta afirmativa de Maria, ele acrescentou: &#8220;Quando se sofre, compreende-se a profundidade da dor. Tente sempre olhar de frente para os problemas porque haver\u00e1 algu\u00e9m que estar\u00e1 pior do que voc\u00ea e que precisa do seu olhar para seguir em frente&#8221;.<\/p>\n<h2>Deus pr\u00f3ximo aos carcerados<\/h2>\n<p>Pierdonato perguntou ao Papa se h\u00e1 esperan\u00e7a para quem deseja uma mudan\u00e7a. Francisco respondeu com a frase da B\u00edblia: &#8220;a esperan\u00e7a nunca desilude&#8221;. E acrescentou: &#8220;H\u00e1 uma \u00f3pera de que gosto muito, que diz o contr\u00e1rio: na Turandot sobre a esperan\u00e7a, se diz que a esperan\u00e7a desilude sempre. Mas eu digo a voc\u00ea: a esperan\u00e7a nunca desilude. H\u00e1 Deus, n\u00e3o em \u00f3rbita, mas Deus ao seu lado, porque o estilo de Deus \u00e9 proximidade, compaix\u00e3o e ternura&#8230; Deus est\u00e1 com cada um dos carcerados, com qualquer pessoa que passe por dificuldades&#8230; Voc\u00ea n\u00e3o diz, mas voc\u00ea sabe no fundo do cora\u00e7\u00e3o que foi perdoado e que tem a esperan\u00e7a que n\u00e3o desilude&#8230; \u00c9 por isso que eu posso lhe dizer uma coisa: Deus perdoa sempre, Deus perdoa sempre&#8230; A nossa for\u00e7a reside na esperan\u00e7a deste Deus que \u00e9 pr\u00f3ximo, compassivo e terno, terno como uma m\u00e3e. Ele pr\u00f3prio o diz, e \u00e9 por isso que voc\u00ea tem a esperan\u00e7a. Obrigado pelo seu testemunho&#8221;.<\/p>\n<div>\n<div class=\"article__embed article__embed--unwrap article__embed--photo\">\n<figure><picture><img class=\"loaded\" src=\"https:\/\/www.vaticannews.va\/content\/dam\/vaticannews\/agenzie\/images\/ansa\/2021\/12\/17\/11\/1639738495748.jpg\/_jcr_content\/renditions\/cq5dam.thumbnail.cropped.750.422.jpeg\" alt=\"Papa Francisco durante a entrevista\" data-original=\"\/content\/dam\/vaticannews\/agenzie\/images\/ansa\/2021\/12\/17\/11\/1639738495748.jpg\/_jcr_content\/renditions\/cq5dam.thumbnail.cropped.750.422.jpeg\" data-was-processed=\"true\" \/><\/picture><\/figure>\n<div class=\"photo_embed--Title\">Papa Francisco durante a entrevista<\/div>\n<\/div>\n<\/div>\n<h2>A necessidade do contato face a face<\/h2>\n<p>Maristella abordou a quest\u00e3o das consequ\u00eancias da Covid para os jovens e perguntou como criar uma rela\u00e7\u00e3o saud\u00e1vel feita de contatos e experi\u00eancias. O Papa disse: &#8220;no lockdown faltou o contato com amigos e amigas, com a fam\u00edlia porque n\u00e3o se podia sair e talvez a escola n\u00e3o funcionava. Precisamos de contato, contato face a face, mas temos a tenta\u00e7\u00e3o de nos isolarmos com outros m\u00e9todos, por exemplo, entrar em contato apenas por celular, as amizades do celular, a falta de di\u00e1logo concreto. Voc\u00ea aprendeu com esta situa\u00e7\u00e3o que o di\u00e1logo concreto n\u00e3o pode ser substitu\u00eddo pelo di\u00e1logo on-line, que h\u00e1 algo mais&#8221;. Falando do h\u00e1bito dos jovens terem sempre de usar os seus smartphones, Francisco acrescentou: &#8220;Se voc\u00ea quiser usar o celular, use-o, mas isso n\u00e3o cancele o contato com as pessoas, contato direto, contato de ir juntos \u00e0 escola, de passear, ir tomar um caf\u00e9 juntos, contato real e n\u00e3o contato virtual. Porque se deixarmos de lado o contato real, tamb\u00e9m n\u00f3s acabaremos l\u00edquidos ou gasosos, sem consist\u00eancia, sempre on-line, e \u00e0 pessoa on-line falta ternura&#8221;.<\/p>\n<h2>Crise, conflito e esperan\u00e7a<\/h2>\n<p>Giovanna tomou novamente a palavra, e depois de contar como tinha perdido tudo devido \u00e0 pandemia, perguntou como \u00e9 poss\u00edvel ter esperan\u00e7a. &#8220;A Covid colocou todos n\u00f3s em crise&#8221;, respondeu o Papa. &#8220;Uma maneira de sair da crise \u00e9 amargurar-se, e uma amargura \u00e9 muitas vezes acabar com tudo. O n\u00famero de suic\u00eddios tem aumentado muito com a crise&#8230;. A crise est\u00e1 aberta, o conflito fecha voc\u00ea, e voc\u00ea n\u00e3o v\u00ea uma sa\u00edda para o conflito, com a sua luta vejo que voc\u00ea est\u00e1 lutando para sair melhor da crise, n\u00e3o desistiu e isto \u00e9 \u00f3timo, est\u00e1 dando uma li\u00e7\u00e3o de resist\u00eancia, uma li\u00e7\u00e3o de resist\u00eancia \u00e0s calamidades&#8230; Est\u00e1 fazendo uma aposta, para a vida e para a vida dos seus entes queridos de seguir em frente. N\u00e3o sabe para onde, porque n\u00e3o tem casa nem emprego, n\u00e3o sabe o que fazer. Mas est\u00e1 olhando para a frente, est\u00e1 saindo melhor do que antes, mas n\u00e3o sozinha. Isto \u00e9 importante: procure algu\u00e9m, pessoas que a acompanhem&#8221;.<\/p>\n<h2>Um cora\u00e7\u00e3o aberto aos pobres<\/h2>\n<p>A Maria, que perguntou o que pode ser feito para abrir o cora\u00e7\u00e3o das pessoas aos pobres, Francisco respondeu: &#8220;quando voc\u00ea olha para o rosto de uma pessoa pobre, o seu cora\u00e7\u00e3o muda porque chegou ao &#8216;sacramento do pobre&#8217;, digamos &#8216;sacramental&#8217;&#8230; porque o olhar de uma pessoa pobre muda voc\u00ea. Esta cultura do descarte n\u00e3o \u00e9 s\u00f3 com os pobres, com as pessoas que t\u00eam necessidades: quantas vezes numa fam\u00edlia temos a realidade de descartar os velhos, descartar os av\u00f3s&#8230; quando automaticamente numa certa idade se procura uma casa de repouso para colocar no dep\u00f3sito, n\u00e3o repouso, no desp\u00f3sito, o seu velho, os av\u00f3s, faz-se algo impiedoso&#8230;. Enviamos para fora o que n\u00e3o gostamos, e tamb\u00e9m isto acontece por vezes desde o in\u00edcio da vida: muitas vezes aparece uma crian\u00e7a (e se diz, ndr): &#8216;Mas n\u00e3o&#8230;, vamos mand\u00e1-la de volta porque ela \u00e9 um problema para n\u00f3s&#8217;. E assim, quando a sociedade adoece, come\u00e7a a descartar os pobres. Mas temos de lutar contra isto\u201d.<\/p>\n<h2>Superlota\u00e7\u00e3o nas pris\u00f5es<\/h2>\n<p>Pierdonato perguntou como curar as feridas dos detentos que est\u00e3o ainda mais sozinhos em tempos de pandemia, e Francisco explicou: &#8220;a pandemia faz isto, deixa voc\u00ea sozinho&#8230; E depois o problema da superlota\u00e7\u00e3o das pris\u00f5es: a superlota\u00e7\u00e3o \u00e9 certamente um muro, n\u00e3o \u00e9 humano! Qualquer condena\u00e7\u00e3o por um crime cometido deve ter uma esperan\u00e7a, uma janela. Um c\u00e1rcere sem janela n\u00e3o \u00e9 bom, \u00e9 um muro. Uma cela sem janela n\u00e3o \u00e9 bom. N\u00e3o necessariamente uma janela f\u00edsica, uma janela existencial, uma janela espiritual. Para poder dizer: &#8216;Sei que vou sair, sei que poderia fazer isto ou aquilo&#8217;. \u00c9 por isso que a Igreja \u00e9 contra a pena de morte, porque na morte n\u00e3o h\u00e1 janela, n\u00e3o h\u00e1 esperan\u00e7a, se fecha uma vida. H\u00e1 esperan\u00e7a do outro lado, mas n\u00e3o h\u00e1 nenhuma aqui. \u00c9 por isso que a pris\u00e3o deve ter uma janela&#8221;. O Papa relatou ent\u00e3o a experi\u00eancia de um prisioneiro n\u00e3o crente que trabalhava com madeira. Um visitante aconselhou-o a ler o Evangelho. &#8220;Recebeu o Evangelho, come\u00e7ou a ler alguns trechos. No meu cora\u00e7\u00e3o (disse, ndr) algo aconteceu, aquele muro que eu tinha \u00e0 minha frente caiu, abriu-se&#8217; e como ele era um bom carpinteiro fez isto (o Papa mostra a escultura de madeira feita pelo prisioneiro, ed.), e disse-me: &#8216;Esta \u00e9 a minha experi\u00eancia desde que conheci Jesus&#8217;. Isto foi feito por um carcerado que viu que com Jesus o muro caiu e que havia uma janela de vida&#8221;.<\/p>\n<h2>Rela\u00e7\u00e3o com Deus colocada \u00e0 prova<\/h2>\n<p>Mariastella perguntou ent\u00e3o como poderia, na sua idade, ter uma rela\u00e7\u00e3o com Deus e mant\u00ea-la. &#8220;No lockdown tudo vai \u00e0 prova, tamb\u00e9m a rela\u00e7\u00e3o com Deus&#8230; a rela\u00e7\u00e3o com Deus n\u00e3o \u00e9 uma coisa linear que corre sempre bem, a rela\u00e7\u00e3o com Deus tem crises como qualquer relacionamento de amor numa fam\u00edlia&#8230;. Pegue o Evangelho, no Evangelho est\u00e1 a palavra de Deus que lhe ajustar\u00e1 mais uma vez: tenho medo dos pregadores que querem curar a vida em crise com palavras, palavras, palavras. A vida em crise \u00e9 curada com proximidade, compaix\u00e3o, ternura. O estilo de Deus. O Evangelho lhe d\u00e1 isto. Parecer\u00e1 um pouco estranho para alguns, mas se voc\u00ea me dissesse: &#8220;Padre, zangar-se com Deus \u00e9 pecado? Dizer: &#8216;Senhor, eu n\u00e3o te entendo&#8230;&#8217;. \u00c9 uma forma de rezar! Muitas vezes ficamos zangados com o pai, com a m\u00e3e. As crian\u00e7as irritam-se com os seus pais porque pedem mais aten\u00e7\u00e3o. N\u00e3o tenha medo de se zangar com Deus, voc\u00ea deve ter a liberdade de uma crian\u00e7a perante Deus. Quando voc\u00ea se zanga com o seu pai e a sua m\u00e3e n\u00e3o \u00e9 bom, mas saiba que o seu pai e a sua m\u00e3e amam voc\u00ea; voc\u00ea se zanga com Deus porque isto ou aquilo n\u00e3o est\u00e1 bem, mas voc\u00ea sabe que Ele o ama e Ele n\u00e3o se assusta, porque Ele \u00e9 pai e sabe como podemos reagir, n\u00f3s que somos todas crian\u00e7as perante Deus. Deve ter a coragem de dizer ao Senhor todos os sentimentos que voc\u00ea tem. Evangelho na m\u00e3o e o cora\u00e7\u00e3o pacificado&#8221;.<\/p>\n<h2>As felicita\u00e7\u00f5es de Francisco<\/h2>\n<p>Em conclus\u00e3o, o Papa dirigiu-se diretamente aos telespectadores e perguntou: O que voc\u00ea pensa do Natal? Que tenho de sair e comprar isto ou aquilo&#8230; OK, mas o que \u00e9 o Natal? \u00c9 uma \u00e1rvore? Uma est\u00e1tua de um menino com uma mulher e um homem ao seu lado? Sim, \u00e9 Jesus, \u00e9 o nascimento de Jesus, pare um pouco e pense no Natal como uma mensagem de paz. Desejo-lhes um Natal com Jesus, um verdadeiro Natal. Ser\u00e1 que isto significa que n\u00e3o podemos comer? Que n\u00e3o podemos festejar? N\u00e3o, fa\u00e7am festa, comam de tudo, mas o fa\u00e7am com Jesus, isto \u00e9, com paz no cora\u00e7\u00e3o. E a todos voc\u00eas que est\u00e3o me ouvindo, desejo-lhes um Feliz Natal. Fa\u00e7am festa, d\u00eaem presentes, mas n\u00e3o se esque\u00e7am de Jesus. O Natal \u00e9 Jesus que vem, Jesus que vem tocar o seu cora\u00e7\u00e3o, Jesus que vem tocar a sua fam\u00edlia, que vem at\u00e9 voc\u00ea, \u00e0 sua casa, ao seu cora\u00e7\u00e3o, \u00e0 sua vida. \u00c9 f\u00e1cil conviver com Jesus, ele \u00e9 muito respeitoso, mas n\u00e3o se esque\u00e7a d\u2019Ele. Feliz e Santo Natal a todos. E rezem por mim&#8221;!<\/p>\n<hr \/>\n<p><em>Fonte: Vatican News<\/em><\/p>\n<\/div>\n","protected":false},"excerpt":{"rendered":"<p>Entrevista<\/p>\n","protected":false},"author":3,"featured_media":235817,"comment_status":"open","ping_status":"open","sticky":false,"template":"","format":"standard","meta":[],"categories":[1428],"tags":[55],"acf":[],"yoast_head":"<!-- This site is optimized with the Yoast SEO plugin v19.2 - https:\/\/yoast.com\/wordpress\/plugins\/seo\/ -->\n<title>Papa sobre as mulheres abusadas em casa: &quot;problema quase sat\u00e2nico&quot; - Not\u00edcias - Franciscanos<\/title>\n<meta name=\"robots\" content=\"index, follow, max-snippet:-1, max-image-preview:large, max-video-preview:-1\" \/>\n<link rel=\"canonical\" href=\"https:\/\/franciscanos.org.br\/noticias\/papa-sobre-as-mulheres-abusadas-em-casa-problema-quase-satanico.html\" \/>\n<meta property=\"og:locale\" content=\"pt_BR\" \/>\n<meta property=\"og:type\" content=\"article\" \/>\n<meta property=\"og:title\" content=\"Papa sobre as mulheres abusadas em casa: &quot;problema quase sat\u00e2nico&quot; - Not\u00edcias - Franciscanos\" \/>\n<meta property=\"og:description\" content=\"Entrevista\" \/>\n<meta property=\"og:url\" content=\"https:\/\/franciscanos.org.br\/noticias\/papa-sobre-as-mulheres-abusadas-em-casa-problema-quase-satanico.html\" \/>\n<meta property=\"og:site_name\" content=\"Not\u00edcias - Franciscanos\" \/>\n<meta property=\"article:published_time\" content=\"2021-12-20T08:01:05+00:00\" \/>\n<meta property=\"article:modified_time\" content=\"2021-12-20T08:03:20+00:00\" \/>\n<meta property=\"og:image\" content=\"https:\/\/franciscanos.org.br\/noticias\/wp-content\/uploads\/2021\/12\/entrevista_papa.jpeg\" \/>\n\t<meta property=\"og:image:width\" content=\"1500\" \/>\n\t<meta property=\"og:image:height\" content=\"844\" \/>\n\t<meta property=\"og:image:type\" content=\"image\/jpeg\" \/>\n<meta name=\"author\" content=\"moacir\" \/>\n<meta name=\"twitter:card\" content=\"summary_large_image\" \/>\n<meta name=\"twitter:label1\" content=\"Escrito por\" \/>\n\t<meta name=\"twitter:data1\" content=\"moacir\" \/>\n\t<meta name=\"twitter:label2\" content=\"Est. tempo de leitura\" \/>\n\t<meta name=\"twitter:data2\" content=\"10 minutos\" \/>\n<script type=\"application\/ld+json\" class=\"yoast-schema-graph\">{\"@context\":\"https:\/\/schema.org\",\"@graph\":[{\"@type\":\"WebSite\",\"@id\":\"https:\/\/franciscanos.org.br\/noticias\/#website\",\"url\":\"https:\/\/franciscanos.org.br\/noticias\/\",\"name\":\"Not\u00edcias - Franciscanos\",\"description\":\"Prov\u00edncia Franciscana da Imaculada Concei\u00e7\u00e3o do Brasil - Ordem dos Frades Menores - OFM\",\"potentialAction\":[{\"@type\":\"SearchAction\",\"target\":{\"@type\":\"EntryPoint\",\"urlTemplate\":\"https:\/\/franciscanos.org.br\/noticias\/?s={search_term_string}\"},\"query-input\":\"required name=search_term_string\"}],\"inLanguage\":\"pt-BR\"},{\"@type\":\"ImageObject\",\"inLanguage\":\"pt-BR\",\"@id\":\"https:\/\/franciscanos.org.br\/noticias\/papa-sobre-as-mulheres-abusadas-em-casa-problema-quase-satanico.html#primaryimage\",\"url\":\"https:\/\/franciscanos.org.br\/noticias\/wp-content\/uploads\/2021\/12\/entrevista_papa.jpeg\",\"contentUrl\":\"https:\/\/franciscanos.org.br\/noticias\/wp-content\/uploads\/2021\/12\/entrevista_papa.jpeg\",\"width\":1500,\"height\":844},{\"@type\":\"WebPage\",\"@id\":\"https:\/\/franciscanos.org.br\/noticias\/papa-sobre-as-mulheres-abusadas-em-casa-problema-quase-satanico.html#webpage\",\"url\":\"https:\/\/franciscanos.org.br\/noticias\/papa-sobre-as-mulheres-abusadas-em-casa-problema-quase-satanico.html\",\"name\":\"Papa sobre as mulheres abusadas em casa: \\\"problema quase sat\u00e2nico\\\" - Not\u00edcias - Franciscanos\",\"isPartOf\":{\"@id\":\"https:\/\/franciscanos.org.br\/noticias\/#website\"},\"primaryImageOfPage\":{\"@id\":\"https:\/\/franciscanos.org.br\/noticias\/papa-sobre-as-mulheres-abusadas-em-casa-problema-quase-satanico.html#primaryimage\"},\"datePublished\":\"2021-12-20T08:01:05+00:00\",\"dateModified\":\"2021-12-20T08:03:20+00:00\",\"author\":{\"@id\":\"https:\/\/franciscanos.org.br\/noticias\/#\/schema\/person\/b5c8cba458c330ccff548b056e95a5d4\"},\"breadcrumb\":{\"@id\":\"https:\/\/franciscanos.org.br\/noticias\/papa-sobre-as-mulheres-abusadas-em-casa-problema-quase-satanico.html#breadcrumb\"},\"inLanguage\":\"pt-BR\",\"potentialAction\":[{\"@type\":\"ReadAction\",\"target\":[\"https:\/\/franciscanos.org.br\/noticias\/papa-sobre-as-mulheres-abusadas-em-casa-problema-quase-satanico.html\"]}]},{\"@type\":\"BreadcrumbList\",\"@id\":\"https:\/\/franciscanos.org.br\/noticias\/papa-sobre-as-mulheres-abusadas-em-casa-problema-quase-satanico.html#breadcrumb\",\"itemListElement\":[{\"@type\":\"ListItem\",\"position\":1,\"name\":\"Home\",\"item\":\"https:\/\/franciscanos.org.br\/noticias\"},{\"@type\":\"ListItem\",\"position\":2,\"name\":\"Papa sobre as mulheres abusadas em casa: &#8220;problema quase sat\u00e2nico&#8221;\"}]},{\"@type\":\"Person\",\"@id\":\"https:\/\/franciscanos.org.br\/noticias\/#\/schema\/person\/b5c8cba458c330ccff548b056e95a5d4\",\"name\":\"moacir\",\"image\":{\"@type\":\"ImageObject\",\"inLanguage\":\"pt-BR\",\"@id\":\"https:\/\/franciscanos.org.br\/noticias\/#\/schema\/person\/image\/\",\"url\":\"https:\/\/secure.gravatar.com\/avatar\/d08aa2ce4c8dd416d4479aa8536fcf64?s=96&d=mm&r=g\",\"contentUrl\":\"https:\/\/secure.gravatar.com\/avatar\/d08aa2ce4c8dd416d4479aa8536fcf64?s=96&d=mm&r=g\",\"caption\":\"moacir\"},\"url\":\"https:\/\/franciscanos.org.br\/noticias\/author\/moacir\"}]}<\/script>\n<!-- \/ Yoast SEO plugin. -->","yoast_head_json":{"title":"Papa sobre as mulheres abusadas em casa: \"problema quase sat\u00e2nico\" - Not\u00edcias - Franciscanos","robots":{"index":"index","follow":"follow","max-snippet":"max-snippet:-1","max-image-preview":"max-image-preview:large","max-video-preview":"max-video-preview:-1"},"canonical":"https:\/\/franciscanos.org.br\/noticias\/papa-sobre-as-mulheres-abusadas-em-casa-problema-quase-satanico.html","og_locale":"pt_BR","og_type":"article","og_title":"Papa sobre as mulheres abusadas em casa: \"problema quase sat\u00e2nico\" - Not\u00edcias - Franciscanos","og_description":"Entrevista","og_url":"https:\/\/franciscanos.org.br\/noticias\/papa-sobre-as-mulheres-abusadas-em-casa-problema-quase-satanico.html","og_site_name":"Not\u00edcias - Franciscanos","article_published_time":"2021-12-20T08:01:05+00:00","article_modified_time":"2021-12-20T08:03:20+00:00","og_image":[{"width":1500,"height":844,"url":"https:\/\/franciscanos.org.br\/noticias\/wp-content\/uploads\/2021\/12\/entrevista_papa.jpeg","type":"image\/jpeg"}],"author":"moacir","twitter_card":"summary_large_image","twitter_misc":{"Escrito por":"moacir","Est. tempo de leitura":"10 minutos"},"schema":{"@context":"https:\/\/schema.org","@graph":[{"@type":"WebSite","@id":"https:\/\/franciscanos.org.br\/noticias\/#website","url":"https:\/\/franciscanos.org.br\/noticias\/","name":"Not\u00edcias - Franciscanos","description":"Prov\u00edncia Franciscana da Imaculada Concei\u00e7\u00e3o do Brasil - Ordem dos Frades Menores - OFM","potentialAction":[{"@type":"SearchAction","target":{"@type":"EntryPoint","urlTemplate":"https:\/\/franciscanos.org.br\/noticias\/?s={search_term_string}"},"query-input":"required name=search_term_string"}],"inLanguage":"pt-BR"},{"@type":"ImageObject","inLanguage":"pt-BR","@id":"https:\/\/franciscanos.org.br\/noticias\/papa-sobre-as-mulheres-abusadas-em-casa-problema-quase-satanico.html#primaryimage","url":"https:\/\/franciscanos.org.br\/noticias\/wp-content\/uploads\/2021\/12\/entrevista_papa.jpeg","contentUrl":"https:\/\/franciscanos.org.br\/noticias\/wp-content\/uploads\/2021\/12\/entrevista_papa.jpeg","width":1500,"height":844},{"@type":"WebPage","@id":"https:\/\/franciscanos.org.br\/noticias\/papa-sobre-as-mulheres-abusadas-em-casa-problema-quase-satanico.html#webpage","url":"https:\/\/franciscanos.org.br\/noticias\/papa-sobre-as-mulheres-abusadas-em-casa-problema-quase-satanico.html","name":"Papa sobre as mulheres abusadas em casa: \"problema quase sat\u00e2nico\" - Not\u00edcias - Franciscanos","isPartOf":{"@id":"https:\/\/franciscanos.org.br\/noticias\/#website"},"primaryImageOfPage":{"@id":"https:\/\/franciscanos.org.br\/noticias\/papa-sobre-as-mulheres-abusadas-em-casa-problema-quase-satanico.html#primaryimage"},"datePublished":"2021-12-20T08:01:05+00:00","dateModified":"2021-12-20T08:03:20+00:00","author":{"@id":"https:\/\/franciscanos.org.br\/noticias\/#\/schema\/person\/b5c8cba458c330ccff548b056e95a5d4"},"breadcrumb":{"@id":"https:\/\/franciscanos.org.br\/noticias\/papa-sobre-as-mulheres-abusadas-em-casa-problema-quase-satanico.html#breadcrumb"},"inLanguage":"pt-BR","potentialAction":[{"@type":"ReadAction","target":["https:\/\/franciscanos.org.br\/noticias\/papa-sobre-as-mulheres-abusadas-em-casa-problema-quase-satanico.html"]}]},{"@type":"BreadcrumbList","@id":"https:\/\/franciscanos.org.br\/noticias\/papa-sobre-as-mulheres-abusadas-em-casa-problema-quase-satanico.html#breadcrumb","itemListElement":[{"@type":"ListItem","position":1,"name":"Home","item":"https:\/\/franciscanos.org.br\/noticias"},{"@type":"ListItem","position":2,"name":"Papa sobre as mulheres abusadas em casa: &#8220;problema quase sat\u00e2nico&#8221;"}]},{"@type":"Person","@id":"https:\/\/franciscanos.org.br\/noticias\/#\/schema\/person\/b5c8cba458c330ccff548b056e95a5d4","name":"moacir","image":{"@type":"ImageObject","inLanguage":"pt-BR","@id":"https:\/\/franciscanos.org.br\/noticias\/#\/schema\/person\/image\/","url":"https:\/\/secure.gravatar.com\/avatar\/d08aa2ce4c8dd416d4479aa8536fcf64?s=96&d=mm&r=g","contentUrl":"https:\/\/secure.gravatar.com\/avatar\/d08aa2ce4c8dd416d4479aa8536fcf64?s=96&d=mm&r=g","caption":"moacir"},"url":"https:\/\/franciscanos.org.br\/noticias\/author\/moacir"}]}},"_links":{"self":[{"href":"https:\/\/franciscanos.org.br\/noticias\/wp-json\/wp\/v2\/posts\/235816"}],"collection":[{"href":"https:\/\/franciscanos.org.br\/noticias\/wp-json\/wp\/v2\/posts"}],"about":[{"href":"https:\/\/franciscanos.org.br\/noticias\/wp-json\/wp\/v2\/types\/post"}],"author":[{"embeddable":true,"href":"https:\/\/franciscanos.org.br\/noticias\/wp-json\/wp\/v2\/users\/3"}],"replies":[{"embeddable":true,"href":"https:\/\/franciscanos.org.br\/noticias\/wp-json\/wp\/v2\/comments?post=235816"}],"version-history":[{"count":3,"href":"https:\/\/franciscanos.org.br\/noticias\/wp-json\/wp\/v2\/posts\/235816\/revisions"}],"predecessor-version":[{"id":235820,"href":"https:\/\/franciscanos.org.br\/noticias\/wp-json\/wp\/v2\/posts\/235816\/revisions\/235820"}],"wp:featuredmedia":[{"embeddable":true,"href":"https:\/\/franciscanos.org.br\/noticias\/wp-json\/wp\/v2\/media\/235817"}],"wp:attachment":[{"href":"https:\/\/franciscanos.org.br\/noticias\/wp-json\/wp\/v2\/media?parent=235816"}],"wp:term":[{"taxonomy":"category","embeddable":true,"href":"https:\/\/franciscanos.org.br\/noticias\/wp-json\/wp\/v2\/categories?post=235816"},{"taxonomy":"post_tag","embeddable":true,"href":"https:\/\/franciscanos.org.br\/noticias\/wp-json\/wp\/v2\/tags?post=235816"}],"curies":[{"name":"wp","href":"https:\/\/api.w.org\/{rel}","templated":true}]}}