{"id":235813,"date":"2021-12-19T13:51:01","date_gmt":"2021-12-19T16:51:01","guid":{"rendered":"https:\/\/franciscanos.org.br\/noticias\/?p=235813"},"modified":"2021-12-19T13:51:01","modified_gmt":"2021-12-19T16:51:01","slug":"papa-levar-a-alegria-de-jesus-e-o-primeiro-ato-de-caridade-que-podemos-fazer-ao-proximo","status":"publish","type":"post","link":"https:\/\/franciscanos.org.br\/noticias\/papa-levar-a-alegria-de-jesus-e-o-primeiro-ato-de-caridade-que-podemos-fazer-ao-proximo.html","title":{"rendered":"Papa: levar a alegria de Jesus \u00e9 o primeiro ato de caridade que podemos fazer ao pr\u00f3ximo"},"content":{"rendered":"<div id=\"attachment_235814\" style=\"width: 1290px\" class=\"wp-caption alignnone\"><img aria-describedby=\"caption-attachment-235814\" loading=\"lazy\" class=\"wp-image-235814 size-full\" src=\"https:\/\/franciscanos.org.br\/noticias\/wp-content\/uploads\/2021\/12\/angelus_191221.jpg\" alt=\"\" width=\"1280\" height=\"720\" srcset=\"https:\/\/franciscanos.org.br\/noticias\/wp-content\/uploads\/2021\/12\/angelus_191221.jpg 1280w, https:\/\/franciscanos.org.br\/noticias\/wp-content\/uploads\/2021\/12\/angelus_191221-450x253.jpg 450w, https:\/\/franciscanos.org.br\/noticias\/wp-content\/uploads\/2021\/12\/angelus_191221-1024x576.jpg 1024w, https:\/\/franciscanos.org.br\/noticias\/wp-content\/uploads\/2021\/12\/angelus_191221-768x432.jpg 768w, https:\/\/franciscanos.org.br\/noticias\/wp-content\/uploads\/2021\/12\/angelus_191221-150x84.jpg 150w\" sizes=\"(max-width: 1280px) 100vw, 1280px\" \/><p id=\"caption-attachment-235814\" class=\"wp-caption-text\">\u00a0 \u00a0 \u00a0 \u00a0 \u00a0 \u00a0 \u00a0 \u00a0 \u00a0 \u00a0 \u00a0 \u00a0 \u00a0 \u00a0 \u00a0 \u00a0 \u00a0 \u00a0 \u00a0 \u00a0 \u00a0 \u00a0 \u00a0 \u00a0 \u00a0 \u00a0 \u00a0 \u00a0 \u00a0 \u00a0 \u00a0 \u00a0 \u00a0 \u00a0 \u00a0 \u00a0 \u00a0 \u00a0 \u00a0 \u00a0 \u00a0 \u00a0 \u00a0 \u00a0 \u00a0 \u00a0 \u00a0 \u00a0 \u00a0 \u00a0 \u00a0 \u00a0<em> \u00a0 \u00a0 \u00a0 \u00a0 \u00a0 \u00a0Imagem: reprodu\u00e7\u00e3o Vatican Media<\/em><\/p><\/div>\n<p>O Papa Francisco rezou a ora\u00e7\u00e3o mariana do Angelus, deste domingo (19\/12), com os fi\u00e9is e peregrinos presentes na Pra\u00e7a S\u00e3o Pedro.<\/p>\n<p>Na alocu\u00e7\u00e3o que precedeu a ora\u00e7\u00e3o, o Santo Padre recordou que o Evangelho deste domingo, IV Domingo do Advento, narra a visita de Maria a Isabel. Segundo Francisco, ao receber &#8220;o an\u00fancio do anjo, a Virgem n\u00e3o fica em casa, pensando no que aconteceu e considerando os problemas e imprevistos, que certamente n\u00e3o faltaram. Pelo contr\u00e1rio, a primeira coisa que ela pensa \u00e9 nos necessitados&#8221;. &#8220;Em vez de ficar curvada sobre seus problemas&#8221;, sublinhou o Papa, Maria &#8220;pensou em Isabel sua parente em idade avan\u00e7ada e gr\u00e1vida, uma coisa estranha, milagrosa. Maria parte com generosidade, sem se deixar amedrontar pelo desconforto do trajeto, respondendo a um impulso interior que a chama a estar perto e ajudar. Uma longa estrada, quil\u00f4metros e quil\u00f4metros. N\u00e3o havia \u00f4nibus naquela \u00e9poca. Ela foi a p\u00e9. Ela saiu para ajudar. Como? Partilhando a alegria&#8221;.<\/p>\n<p>Maria doa a Isabel a alegria de Jesus<br \/>\nMaria doa a Isabel a alegria de Jesus, a alegria que ela carregava em seu cora\u00e7\u00e3o e no ventre. Vai at\u00e9 ela e proclama os seus sentimentos, e esta proclama\u00e7\u00e3o dos sentimentos passou depois a ser uma ora\u00e7\u00e3o, o Magnificat que todos n\u00f3s conhecemos. O texto diz que Nossa Senhora &#8220;se levantou e foi \u00e0s pressas. Ela se levantou e foi.<\/p>\n<p>Na \u00faltima etapa do caminho do Advento, Francisco nos convidou a deixarmo-nos guiar por estes dois verbos: &#8220;Levantar-se e caminhar \u00e0s pressas. Estes s\u00e3o os dois movimentos que Maria fez e que nos convida a fazer em vista do Natal. Primeiramente, levantar-se. Depois do an\u00fancio do anjo, se aproxima um per\u00edodo dif\u00edcil para a Virgem: a gravidez inesperada a exp\u00f4s a incompreens\u00f5es, a puni\u00e7\u00f5es severas, at\u00e9 mesmo \u00e0 lapida\u00e7\u00e3o, na cultura daquele tempo. Imaginemos quantos pensamentos e perturba\u00e7\u00f5es ela teve! No entanto, ela n\u00e3o desanimou, n\u00e3o se abateu, mas se levantou. N\u00e3o olhou para baixo para os seus problemas, mas para o alto, para Deus&#8221;.<\/p>\n<p>Levantar-se e ajudar os outros<br \/>\n&#8220;N\u00e3o pensou em quem pedir ajuda, mas a quem levar ajuda. Sempre pensando nos outros: Maria \u00e9 assim. Pensa nas necessidades dos outros. Ela far\u00e1 o mesmo nas Bodas de Can\u00e1, quando v\u00ea que falta o vinho. \u00c9 um problema dos outros, mas ela pensa nisso e procura encontrar uma solu\u00e7\u00e3o. Maria pensa sempre nos outros, pensa em n\u00f3s&#8221;, disse ainda o Papa, acrescentando: Aprendamos de Nossa Senhora esta maneira de reagir: levantar-se, especialmente quando as dificuldades amea\u00e7am nos esmagar. Levantar-se, para n\u00e3o ficar atolado nos problemas, afundando na autopiedade e caindo numa tristeza que nos paralisa. Olhando para dentro e ficando na tristeza. Mas, por que se levantar? Porque Deus \u00e9 grande e est\u00e1 pronto para nos reerguer, se n\u00f3s estendermos a m\u00e3o a Ele. Portanto, deixemos a Ele os pensamentos negativos, os medos que bloqueiam cada impulso e nos impedem de seguir em frente. E depois fa\u00e7amos como Maria: olhemos ao nosso redor e procuremos algu\u00e9m a quem possamos ajudar! Conhe\u00e7o algum idoso a quem eu possa fazer um pouco de companhia, um servi\u00e7o, uma gentileza, um telefonema? Cada um pense nisso. A quem posso ajudar? Eu me levanto e ajudo. Ajudando os outros, ajudaremos a n\u00f3s mesmos a nos levantar das dificuldades.<\/p>\n<p>Olhar em frente com confian\u00e7a<br \/>\nA seguir, o Papa citou o segundo movimento de Maria: caminhar \u00e0s pressas.<\/p>\n<p>Isto n\u00e3o significa proceder com agita\u00e7\u00e3o, de forma ofegante, n\u00e3o quer dizer isso. Trata-se de conduzir nossos dias com um passo alegre, olhando em frente com confian\u00e7a, sem nos arrastarmos com m\u00e1 vontade, escravos das reclama\u00e7\u00f5es, aquelas reclama\u00e7\u00f5es que arru\u00ednam muitas vidas, porque a pessoa coloca aquilo dentro e reclama, reclama. As reclama\u00e7\u00f5es levam a procurar sempre algu\u00e9m a quem culpar.<\/p>\n<p>&#8220;O caminho da casa de Isabel, Maria prossegue com o passo r\u00e1pido de algu\u00e9m cujo cora\u00e7\u00e3o e vida est\u00e3o cheios de Deus, cheios de sua alegria. Ent\u00e3o nos perguntemos: como est\u00e1 meu &#8220;passo&#8221;? Sou ativo ou fico na melancolia, na tristeza? Sigo em frente com esperan\u00e7a ou paro para sentir pena de mim mesmo? Se continuarmos com o passo cansado de resmungo e fofoca, n\u00e3o levaremos Deus a ningu\u00e9m. Levaremos somente amargura e coisas obscuras. Em vez disso, \u00e9 t\u00e3o bom cultivar um humor saud\u00e1vel, como fez, por exemplo, S\u00e3o Tom\u00e1s Moro ou S\u00e3o Filipe Neri. Pe\u00e7amos esta gra\u00e7a, a gra\u00e7a do humor saud\u00e1vel. Faz muito bem&#8221;, disse o Papa, convidando a n\u00e3o nos esquecer &#8220;que o primeiro ato de caridade que podemos fazer ao nosso pr\u00f3ximo \u00e9 oferecer-lhe um rosto sereno e sorridente. \u00c9 levar a ele a alegria de Jesus, como Maria fez com Isabel&#8221;.<\/p>\n<p>&#8220;Que a M\u00e3e de Deus nos pegue pela m\u00e3o, nos ajude a nos levantar e a caminhar \u00e0s pressas para o Natal&#8221;, concluiu o Papa.<\/p>\n<hr \/>\n<p><em>Fonte: Vatican News (texto de Mariangela Jaguraba)<\/em><\/p>\n","protected":false},"excerpt":{"rendered":"<p>Angelus<\/p>\n","protected":false},"author":3,"featured_media":235814,"comment_status":"open","ping_status":"open","sticky":false,"template":"","format":"standard","meta":[],"categories":[1428],"tags":[403],"acf":[],"yoast_head":"<!-- This site is optimized with the Yoast SEO plugin v19.2 - https:\/\/yoast.com\/wordpress\/plugins\/seo\/ -->\n<title>Papa: levar a alegria de Jesus \u00e9 o primeiro ato de caridade que podemos fazer ao pr\u00f3ximo - Not\u00edcias - Franciscanos<\/title>\n<meta name=\"robots\" content=\"index, follow, max-snippet:-1, max-image-preview:large, max-video-preview:-1\" \/>\n<link rel=\"canonical\" href=\"https:\/\/franciscanos.org.br\/noticias\/papa-levar-a-alegria-de-jesus-e-o-primeiro-ato-de-caridade-que-podemos-fazer-ao-proximo.html\" \/>\n<meta property=\"og:locale\" content=\"pt_BR\" \/>\n<meta property=\"og:type\" content=\"article\" \/>\n<meta property=\"og:title\" content=\"Papa: levar a alegria de Jesus \u00e9 o primeiro ato de caridade que podemos fazer ao pr\u00f3ximo - Not\u00edcias - Franciscanos\" \/>\n<meta property=\"og:description\" content=\"Angelus\" \/>\n<meta property=\"og:url\" content=\"https:\/\/franciscanos.org.br\/noticias\/papa-levar-a-alegria-de-jesus-e-o-primeiro-ato-de-caridade-que-podemos-fazer-ao-proximo.html\" \/>\n<meta property=\"og:site_name\" content=\"Not\u00edcias - Franciscanos\" \/>\n<meta property=\"article:published_time\" content=\"2021-12-19T16:51:01+00:00\" \/>\n<meta property=\"og:image\" content=\"https:\/\/franciscanos.org.br\/noticias\/wp-content\/uploads\/2021\/12\/angelus_191221.jpg\" \/>\n\t<meta property=\"og:image:width\" content=\"1280\" \/>\n\t<meta property=\"og:image:height\" content=\"720\" \/>\n\t<meta property=\"og:image:type\" content=\"image\/jpeg\" \/>\n<meta name=\"author\" content=\"moacir\" \/>\n<meta name=\"twitter:card\" content=\"summary_large_image\" \/>\n<meta name=\"twitter:label1\" content=\"Escrito por\" \/>\n\t<meta name=\"twitter:data1\" content=\"moacir\" \/>\n\t<meta name=\"twitter:label2\" content=\"Est. tempo de leitura\" \/>\n\t<meta name=\"twitter:data2\" content=\"4 minutos\" \/>\n<script type=\"application\/ld+json\" class=\"yoast-schema-graph\">{\"@context\":\"https:\/\/schema.org\",\"@graph\":[{\"@type\":\"WebSite\",\"@id\":\"https:\/\/franciscanos.org.br\/noticias\/#website\",\"url\":\"https:\/\/franciscanos.org.br\/noticias\/\",\"name\":\"Not\u00edcias - Franciscanos\",\"description\":\"Prov\u00edncia Franciscana da Imaculada Concei\u00e7\u00e3o do Brasil - Ordem dos Frades Menores - OFM\",\"potentialAction\":[{\"@type\":\"SearchAction\",\"target\":{\"@type\":\"EntryPoint\",\"urlTemplate\":\"https:\/\/franciscanos.org.br\/noticias\/?s={search_term_string}\"},\"query-input\":\"required name=search_term_string\"}],\"inLanguage\":\"pt-BR\"},{\"@type\":\"ImageObject\",\"inLanguage\":\"pt-BR\",\"@id\":\"https:\/\/franciscanos.org.br\/noticias\/papa-levar-a-alegria-de-jesus-e-o-primeiro-ato-de-caridade-que-podemos-fazer-ao-proximo.html#primaryimage\",\"url\":\"https:\/\/franciscanos.org.br\/noticias\/wp-content\/uploads\/2021\/12\/angelus_191221.jpg\",\"contentUrl\":\"https:\/\/franciscanos.org.br\/noticias\/wp-content\/uploads\/2021\/12\/angelus_191221.jpg\",\"width\":1280,\"height\":720},{\"@type\":\"WebPage\",\"@id\":\"https:\/\/franciscanos.org.br\/noticias\/papa-levar-a-alegria-de-jesus-e-o-primeiro-ato-de-caridade-que-podemos-fazer-ao-proximo.html#webpage\",\"url\":\"https:\/\/franciscanos.org.br\/noticias\/papa-levar-a-alegria-de-jesus-e-o-primeiro-ato-de-caridade-que-podemos-fazer-ao-proximo.html\",\"name\":\"Papa: levar a alegria de Jesus \u00e9 o primeiro ato de caridade que podemos fazer ao pr\u00f3ximo - Not\u00edcias - Franciscanos\",\"isPartOf\":{\"@id\":\"https:\/\/franciscanos.org.br\/noticias\/#website\"},\"primaryImageOfPage\":{\"@id\":\"https:\/\/franciscanos.org.br\/noticias\/papa-levar-a-alegria-de-jesus-e-o-primeiro-ato-de-caridade-que-podemos-fazer-ao-proximo.html#primaryimage\"},\"datePublished\":\"2021-12-19T16:51:01+00:00\",\"dateModified\":\"2021-12-19T16:51:01+00:00\",\"author\":{\"@id\":\"https:\/\/franciscanos.org.br\/noticias\/#\/schema\/person\/b5c8cba458c330ccff548b056e95a5d4\"},\"breadcrumb\":{\"@id\":\"https:\/\/franciscanos.org.br\/noticias\/papa-levar-a-alegria-de-jesus-e-o-primeiro-ato-de-caridade-que-podemos-fazer-ao-proximo.html#breadcrumb\"},\"inLanguage\":\"pt-BR\",\"potentialAction\":[{\"@type\":\"ReadAction\",\"target\":[\"https:\/\/franciscanos.org.br\/noticias\/papa-levar-a-alegria-de-jesus-e-o-primeiro-ato-de-caridade-que-podemos-fazer-ao-proximo.html\"]}]},{\"@type\":\"BreadcrumbList\",\"@id\":\"https:\/\/franciscanos.org.br\/noticias\/papa-levar-a-alegria-de-jesus-e-o-primeiro-ato-de-caridade-que-podemos-fazer-ao-proximo.html#breadcrumb\",\"itemListElement\":[{\"@type\":\"ListItem\",\"position\":1,\"name\":\"Home\",\"item\":\"https:\/\/franciscanos.org.br\/noticias\"},{\"@type\":\"ListItem\",\"position\":2,\"name\":\"Papa: levar a alegria de Jesus \u00e9 o primeiro ato de caridade que podemos fazer ao pr\u00f3ximo\"}]},{\"@type\":\"Person\",\"@id\":\"https:\/\/franciscanos.org.br\/noticias\/#\/schema\/person\/b5c8cba458c330ccff548b056e95a5d4\",\"name\":\"moacir\",\"image\":{\"@type\":\"ImageObject\",\"inLanguage\":\"pt-BR\",\"@id\":\"https:\/\/franciscanos.org.br\/noticias\/#\/schema\/person\/image\/\",\"url\":\"https:\/\/secure.gravatar.com\/avatar\/d08aa2ce4c8dd416d4479aa8536fcf64?s=96&d=mm&r=g\",\"contentUrl\":\"https:\/\/secure.gravatar.com\/avatar\/d08aa2ce4c8dd416d4479aa8536fcf64?s=96&d=mm&r=g\",\"caption\":\"moacir\"},\"url\":\"https:\/\/franciscanos.org.br\/noticias\/author\/moacir\"}]}<\/script>\n<!-- \/ Yoast SEO plugin. -->","yoast_head_json":{"title":"Papa: levar a alegria de Jesus \u00e9 o primeiro ato de caridade que podemos fazer ao pr\u00f3ximo - Not\u00edcias - Franciscanos","robots":{"index":"index","follow":"follow","max-snippet":"max-snippet:-1","max-image-preview":"max-image-preview:large","max-video-preview":"max-video-preview:-1"},"canonical":"https:\/\/franciscanos.org.br\/noticias\/papa-levar-a-alegria-de-jesus-e-o-primeiro-ato-de-caridade-que-podemos-fazer-ao-proximo.html","og_locale":"pt_BR","og_type":"article","og_title":"Papa: levar a alegria de Jesus \u00e9 o primeiro ato de caridade que podemos fazer ao pr\u00f3ximo - Not\u00edcias - Franciscanos","og_description":"Angelus","og_url":"https:\/\/franciscanos.org.br\/noticias\/papa-levar-a-alegria-de-jesus-e-o-primeiro-ato-de-caridade-que-podemos-fazer-ao-proximo.html","og_site_name":"Not\u00edcias - Franciscanos","article_published_time":"2021-12-19T16:51:01+00:00","og_image":[{"width":1280,"height":720,"url":"https:\/\/franciscanos.org.br\/noticias\/wp-content\/uploads\/2021\/12\/angelus_191221.jpg","type":"image\/jpeg"}],"author":"moacir","twitter_card":"summary_large_image","twitter_misc":{"Escrito por":"moacir","Est. tempo de leitura":"4 minutos"},"schema":{"@context":"https:\/\/schema.org","@graph":[{"@type":"WebSite","@id":"https:\/\/franciscanos.org.br\/noticias\/#website","url":"https:\/\/franciscanos.org.br\/noticias\/","name":"Not\u00edcias - Franciscanos","description":"Prov\u00edncia Franciscana da Imaculada Concei\u00e7\u00e3o do Brasil - Ordem dos Frades Menores - OFM","potentialAction":[{"@type":"SearchAction","target":{"@type":"EntryPoint","urlTemplate":"https:\/\/franciscanos.org.br\/noticias\/?s={search_term_string}"},"query-input":"required name=search_term_string"}],"inLanguage":"pt-BR"},{"@type":"ImageObject","inLanguage":"pt-BR","@id":"https:\/\/franciscanos.org.br\/noticias\/papa-levar-a-alegria-de-jesus-e-o-primeiro-ato-de-caridade-que-podemos-fazer-ao-proximo.html#primaryimage","url":"https:\/\/franciscanos.org.br\/noticias\/wp-content\/uploads\/2021\/12\/angelus_191221.jpg","contentUrl":"https:\/\/franciscanos.org.br\/noticias\/wp-content\/uploads\/2021\/12\/angelus_191221.jpg","width":1280,"height":720},{"@type":"WebPage","@id":"https:\/\/franciscanos.org.br\/noticias\/papa-levar-a-alegria-de-jesus-e-o-primeiro-ato-de-caridade-que-podemos-fazer-ao-proximo.html#webpage","url":"https:\/\/franciscanos.org.br\/noticias\/papa-levar-a-alegria-de-jesus-e-o-primeiro-ato-de-caridade-que-podemos-fazer-ao-proximo.html","name":"Papa: levar a alegria de Jesus \u00e9 o primeiro ato de caridade que podemos fazer ao pr\u00f3ximo - Not\u00edcias - Franciscanos","isPartOf":{"@id":"https:\/\/franciscanos.org.br\/noticias\/#website"},"primaryImageOfPage":{"@id":"https:\/\/franciscanos.org.br\/noticias\/papa-levar-a-alegria-de-jesus-e-o-primeiro-ato-de-caridade-que-podemos-fazer-ao-proximo.html#primaryimage"},"datePublished":"2021-12-19T16:51:01+00:00","dateModified":"2021-12-19T16:51:01+00:00","author":{"@id":"https:\/\/franciscanos.org.br\/noticias\/#\/schema\/person\/b5c8cba458c330ccff548b056e95a5d4"},"breadcrumb":{"@id":"https:\/\/franciscanos.org.br\/noticias\/papa-levar-a-alegria-de-jesus-e-o-primeiro-ato-de-caridade-que-podemos-fazer-ao-proximo.html#breadcrumb"},"inLanguage":"pt-BR","potentialAction":[{"@type":"ReadAction","target":["https:\/\/franciscanos.org.br\/noticias\/papa-levar-a-alegria-de-jesus-e-o-primeiro-ato-de-caridade-que-podemos-fazer-ao-proximo.html"]}]},{"@type":"BreadcrumbList","@id":"https:\/\/franciscanos.org.br\/noticias\/papa-levar-a-alegria-de-jesus-e-o-primeiro-ato-de-caridade-que-podemos-fazer-ao-proximo.html#breadcrumb","itemListElement":[{"@type":"ListItem","position":1,"name":"Home","item":"https:\/\/franciscanos.org.br\/noticias"},{"@type":"ListItem","position":2,"name":"Papa: levar a alegria de Jesus \u00e9 o primeiro ato de caridade que podemos fazer ao pr\u00f3ximo"}]},{"@type":"Person","@id":"https:\/\/franciscanos.org.br\/noticias\/#\/schema\/person\/b5c8cba458c330ccff548b056e95a5d4","name":"moacir","image":{"@type":"ImageObject","inLanguage":"pt-BR","@id":"https:\/\/franciscanos.org.br\/noticias\/#\/schema\/person\/image\/","url":"https:\/\/secure.gravatar.com\/avatar\/d08aa2ce4c8dd416d4479aa8536fcf64?s=96&d=mm&r=g","contentUrl":"https:\/\/secure.gravatar.com\/avatar\/d08aa2ce4c8dd416d4479aa8536fcf64?s=96&d=mm&r=g","caption":"moacir"},"url":"https:\/\/franciscanos.org.br\/noticias\/author\/moacir"}]}},"_links":{"self":[{"href":"https:\/\/franciscanos.org.br\/noticias\/wp-json\/wp\/v2\/posts\/235813"}],"collection":[{"href":"https:\/\/franciscanos.org.br\/noticias\/wp-json\/wp\/v2\/posts"}],"about":[{"href":"https:\/\/franciscanos.org.br\/noticias\/wp-json\/wp\/v2\/types\/post"}],"author":[{"embeddable":true,"href":"https:\/\/franciscanos.org.br\/noticias\/wp-json\/wp\/v2\/users\/3"}],"replies":[{"embeddable":true,"href":"https:\/\/franciscanos.org.br\/noticias\/wp-json\/wp\/v2\/comments?post=235813"}],"version-history":[{"count":1,"href":"https:\/\/franciscanos.org.br\/noticias\/wp-json\/wp\/v2\/posts\/235813\/revisions"}],"predecessor-version":[{"id":235815,"href":"https:\/\/franciscanos.org.br\/noticias\/wp-json\/wp\/v2\/posts\/235813\/revisions\/235815"}],"wp:featuredmedia":[{"embeddable":true,"href":"https:\/\/franciscanos.org.br\/noticias\/wp-json\/wp\/v2\/media\/235814"}],"wp:attachment":[{"href":"https:\/\/franciscanos.org.br\/noticias\/wp-json\/wp\/v2\/media?parent=235813"}],"wp:term":[{"taxonomy":"category","embeddable":true,"href":"https:\/\/franciscanos.org.br\/noticias\/wp-json\/wp\/v2\/categories?post=235813"},{"taxonomy":"post_tag","embeddable":true,"href":"https:\/\/franciscanos.org.br\/noticias\/wp-json\/wp\/v2\/tags?post=235813"}],"curies":[{"name":"wp","href":"https:\/\/api.w.org\/{rel}","templated":true}]}}