{"id":235807,"date":"2021-12-18T06:16:39","date_gmt":"2021-12-18T09:16:39","guid":{"rendered":"https:\/\/franciscanos.org.br\/noticias\/?p=235807"},"modified":"2021-12-18T06:17:31","modified_gmt":"2021-12-18T09:17:31","slug":"assis-lampada-da-paz-sera-entregue-a-antonio-guterres-neste-sabado","status":"publish","type":"post","link":"https:\/\/franciscanos.org.br\/noticias\/assis-lampada-da-paz-sera-entregue-a-antonio-guterres-neste-sabado.html","title":{"rendered":"Assis: L\u00e2mpada da Paz ser\u00e1 entregue a Ant\u00f3nio Guterres neste s\u00e1bado"},"content":{"rendered":"<div id=\"attachment_235809\" style=\"width: 1290px\" class=\"wp-caption alignnone\"><img aria-describedby=\"caption-attachment-235809\" loading=\"lazy\" class=\"wp-image-235809 size-full\" src=\"https:\/\/franciscanos.org.br\/noticias\/wp-content\/uploads\/2021\/12\/paz_assis_1812.jpg\" alt=\"\" width=\"1280\" height=\"720\" srcset=\"https:\/\/franciscanos.org.br\/noticias\/wp-content\/uploads\/2021\/12\/paz_assis_1812.jpg 1280w, https:\/\/franciscanos.org.br\/noticias\/wp-content\/uploads\/2021\/12\/paz_assis_1812-450x253.jpg 450w, https:\/\/franciscanos.org.br\/noticias\/wp-content\/uploads\/2021\/12\/paz_assis_1812-1024x576.jpg 1024w, https:\/\/franciscanos.org.br\/noticias\/wp-content\/uploads\/2021\/12\/paz_assis_1812-768x432.jpg 768w, https:\/\/franciscanos.org.br\/noticias\/wp-content\/uploads\/2021\/12\/paz_assis_1812-150x84.jpg 150w\" sizes=\"(max-width: 1280px) 100vw, 1280px\" \/><p id=\"caption-attachment-235809\" class=\"wp-caption-text\"><em>\u00a0 \u00a0 \u00a0 \u00a0 \u00a0 \u00a0 \u00a0 \u00a0 \u00a0 \u00a0 \u00a0 \u00a0 \u00a0 \u00a0 \u00a0 \u00a0 \u00a0 \u00a0 \u00a0 \u00a0 \u00a0 \u00a0 \u00a0 \u00a0 \u00a0 \u00a0 \u00a0 \u00a0 \u00a0 \u00a0 \u00a0 \u00a0 \u00a0 \u00a0 \u00a0 \u00a0 \u00a0 \u00a0 \u00a0 \u00a0 \u00a0 \u00a0 \u00a0 \u00a0 \u00a0 \u00a0 \u00a0 \u00a0 \u00a0 \u00a0 \u00a0 \u00a0 \u00a0 \u00a0 \u00a0 \u00a0 \u00a0 \u00a0 \u00a0 \u00a0 \u00a0 Imagem: Vatican Media<\/em><\/p><\/div>\n<p>Os frades do Sacro Convento de Assis far\u00e3o a entrega da &#8220;L\u00e2mpada da Paz&#8221; ao secret\u00e1rio-geral das Na\u00e7\u00f5es Unidas, Ant\u00f3nio Guterres \u00e0s 12h45 do pr\u00f3ximo s\u00e1bado, 18 de dezembro, na Igreja superior da Bas\u00edlica de S\u00e3o Francisco. A cerim\u00f4nia, ser\u00e1 transmitida ao vivo pelo site <strong><a href=\"https:\/\/www.sanfrancescopatronoditalia.it\/\">sanfrancesco.org.<\/a><\/strong><\/p>\n<p>Contemporaneamente \u00e0 cerim\u00f4nia de entrega ser\u00e1 gravado o 36\u00ba Concerto de Natal, a ser transmitido em Eurovis\u00e3o pela Rai Cultura na Rai1 no s\u00e1bado, 25 de dezembro, \u00e0s 12h30, ap\u00f3s a mensagem Urbi et Orbi do Santo Padre.<\/p>\n<p>O secret\u00e1rio ser\u00e1 recebido pelo Cust\u00f3dio do Sacro Convento de Assis, Frei Marco Moroni, que visitar\u00e1 o t\u00famulo de S\u00e3o Francisco e a igreja inferior da Bas\u00edlica de S\u00e3o Francisco. A cerim\u00f4nia contar\u00e1 com a presen\u00e7a, entre outros, do rei Abdullah II da Jord\u00e2nia, do presidente da Confer\u00eancia Episcopal Italiana, cardeal Gualtiero Bassetti, e um representante do Governo italiano.<\/p>\n<p>A L\u00e2mpada da Paz \u2013 explica o Sacro Convento &#8211; ser\u00e1 entregue ao secret\u00e1rio-geral das Na\u00e7\u00f5es Unidas \u201cpor seu incans\u00e1vel trabalho de media\u00e7\u00e3o pol\u00edtica na complexidade de nosso mundo marcado por tantos conflitos, guerras, injusti\u00e7as e degrada\u00e7\u00e3o do ser humano e da cria\u00e7\u00e3o; um compromisso profuso com um estilo dial\u00f3gico e cordial, um estilo de humanismo fraterno. No processo de transforma\u00e7\u00e3o que se torna ainda mais necess\u00e1rio hoje, a ONU desempenha um papel decisivo como laborat\u00f3rio da paz: \u00e9 urgente repensar o futuro da nossa casa comum e do nosso projeto comum\u201d.<\/p>\n<p>Nas edi\u00e7\u00f5es precedentes, este reconhecimento foi atribu\u00eddo ao presidente da Rep\u00fablica da Col\u00f4mbia Juan Manuel Santos &#8211; \u201cpelo esfor\u00e7o realizado nos processos de reconcilia\u00e7\u00e3o com as FARC\u201d -; \u00e0 chanceler alem\u00e3 Angela Merkel &#8211; que \u201cna sua Alemanha e na Europa, se destacou no trabalho de concilia\u00e7\u00e3o em favor da coexist\u00eancia pac\u00edfica dos povos\u201d &#8211; ; ao rei da Jord\u00e2nia Abdullah II &#8211; por &#8220;sua a\u00e7\u00e3o e compromisso voltados para a promo\u00e7\u00e3o dos direitos humanos, a harmonia entre as diferentes religi\u00f5es e o acolhimento de refugiados&#8221; e ao presidente da Rep\u00fablica Italiana, Sergio Mattarella, pelo &#8220;compromisso voltado a prevenir as formas de \u00f3dio, abuso e ego\u00edsmo que amea\u00e7am a seguran\u00e7a e a conviv\u00eancia pac\u00edfica e pela promo\u00e7\u00e3o de uma sociedade mais livre, justa e fraterna, que permita integral o desenvolvimento humano de cada pessoa\u201d.<\/p>\n<p>\u201cConceder a L\u00e2mpada da Paz ao secret\u00e1rio-geral das Na\u00e7\u00f5es Unidas por seu grande trabalho pela paz em favor da humanidade &#8211; disse o diretor da Sala de Imprensa do Sacro Convento de Assis, padre Enzo Fortunato &#8211; \u00e9 um sonho que h\u00e1 anos temos levado no cora\u00e7\u00e3o&#8221;.<\/p>\n<hr \/>\n<p><em>Fonte: Vatican News<\/em><\/p>\n","protected":false},"excerpt":{"rendered":"<p>L\u00e2mpada da Paz<\/p>\n","protected":false},"author":3,"featured_media":235809,"comment_status":"open","ping_status":"open","sticky":false,"template":"","format":"standard","meta":[],"categories":[1],"tags":[140],"acf":[],"yoast_head":"<!-- This site is optimized with the Yoast SEO plugin v19.2 - https:\/\/yoast.com\/wordpress\/plugins\/seo\/ -->\n<title>Assis: L\u00e2mpada da Paz ser\u00e1 entregue a Ant\u00f3nio Guterres neste s\u00e1bado - Not\u00edcias - Franciscanos<\/title>\n<meta name=\"robots\" content=\"index, follow, max-snippet:-1, max-image-preview:large, max-video-preview:-1\" \/>\n<link rel=\"canonical\" href=\"https:\/\/franciscanos.org.br\/noticias\/assis-lampada-da-paz-sera-entregue-a-antonio-guterres-neste-sabado.html\" \/>\n<meta property=\"og:locale\" content=\"pt_BR\" \/>\n<meta property=\"og:type\" content=\"article\" \/>\n<meta property=\"og:title\" content=\"Assis: L\u00e2mpada da Paz ser\u00e1 entregue a Ant\u00f3nio Guterres neste s\u00e1bado - Not\u00edcias - Franciscanos\" \/>\n<meta property=\"og:description\" content=\"L\u00e2mpada da Paz\" \/>\n<meta property=\"og:url\" content=\"https:\/\/franciscanos.org.br\/noticias\/assis-lampada-da-paz-sera-entregue-a-antonio-guterres-neste-sabado.html\" \/>\n<meta property=\"og:site_name\" content=\"Not\u00edcias - Franciscanos\" \/>\n<meta property=\"article:published_time\" content=\"2021-12-18T09:16:39+00:00\" \/>\n<meta property=\"article:modified_time\" content=\"2021-12-18T09:17:31+00:00\" \/>\n<meta property=\"og:image\" content=\"https:\/\/franciscanos.org.br\/noticias\/wp-content\/uploads\/2021\/12\/paz_assis_1812.jpg\" \/>\n\t<meta property=\"og:image:width\" content=\"1280\" \/>\n\t<meta property=\"og:image:height\" content=\"720\" \/>\n\t<meta property=\"og:image:type\" content=\"image\/jpeg\" \/>\n<meta name=\"author\" content=\"moacir\" \/>\n<meta name=\"twitter:card\" content=\"summary_large_image\" \/>\n<meta name=\"twitter:label1\" content=\"Escrito por\" \/>\n\t<meta name=\"twitter:data1\" content=\"moacir\" \/>\n\t<meta name=\"twitter:label2\" content=\"Est. tempo de leitura\" \/>\n\t<meta name=\"twitter:data2\" content=\"2 minutos\" \/>\n<script type=\"application\/ld+json\" class=\"yoast-schema-graph\">{\"@context\":\"https:\/\/schema.org\",\"@graph\":[{\"@type\":\"WebSite\",\"@id\":\"https:\/\/franciscanos.org.br\/noticias\/#website\",\"url\":\"https:\/\/franciscanos.org.br\/noticias\/\",\"name\":\"Not\u00edcias - Franciscanos\",\"description\":\"Prov\u00edncia Franciscana da Imaculada Concei\u00e7\u00e3o do Brasil - Ordem dos Frades Menores - OFM\",\"potentialAction\":[{\"@type\":\"SearchAction\",\"target\":{\"@type\":\"EntryPoint\",\"urlTemplate\":\"https:\/\/franciscanos.org.br\/noticias\/?s={search_term_string}\"},\"query-input\":\"required name=search_term_string\"}],\"inLanguage\":\"pt-BR\"},{\"@type\":\"ImageObject\",\"inLanguage\":\"pt-BR\",\"@id\":\"https:\/\/franciscanos.org.br\/noticias\/assis-lampada-da-paz-sera-entregue-a-antonio-guterres-neste-sabado.html#primaryimage\",\"url\":\"https:\/\/franciscanos.org.br\/noticias\/wp-content\/uploads\/2021\/12\/paz_assis_1812.jpg\",\"contentUrl\":\"https:\/\/franciscanos.org.br\/noticias\/wp-content\/uploads\/2021\/12\/paz_assis_1812.jpg\",\"width\":1280,\"height\":720},{\"@type\":\"WebPage\",\"@id\":\"https:\/\/franciscanos.org.br\/noticias\/assis-lampada-da-paz-sera-entregue-a-antonio-guterres-neste-sabado.html#webpage\",\"url\":\"https:\/\/franciscanos.org.br\/noticias\/assis-lampada-da-paz-sera-entregue-a-antonio-guterres-neste-sabado.html\",\"name\":\"Assis: L\u00e2mpada da Paz ser\u00e1 entregue a Ant\u00f3nio Guterres neste s\u00e1bado - Not\u00edcias - Franciscanos\",\"isPartOf\":{\"@id\":\"https:\/\/franciscanos.org.br\/noticias\/#website\"},\"primaryImageOfPage\":{\"@id\":\"https:\/\/franciscanos.org.br\/noticias\/assis-lampada-da-paz-sera-entregue-a-antonio-guterres-neste-sabado.html#primaryimage\"},\"datePublished\":\"2021-12-18T09:16:39+00:00\",\"dateModified\":\"2021-12-18T09:17:31+00:00\",\"author\":{\"@id\":\"https:\/\/franciscanos.org.br\/noticias\/#\/schema\/person\/b5c8cba458c330ccff548b056e95a5d4\"},\"breadcrumb\":{\"@id\":\"https:\/\/franciscanos.org.br\/noticias\/assis-lampada-da-paz-sera-entregue-a-antonio-guterres-neste-sabado.html#breadcrumb\"},\"inLanguage\":\"pt-BR\",\"potentialAction\":[{\"@type\":\"ReadAction\",\"target\":[\"https:\/\/franciscanos.org.br\/noticias\/assis-lampada-da-paz-sera-entregue-a-antonio-guterres-neste-sabado.html\"]}]},{\"@type\":\"BreadcrumbList\",\"@id\":\"https:\/\/franciscanos.org.br\/noticias\/assis-lampada-da-paz-sera-entregue-a-antonio-guterres-neste-sabado.html#breadcrumb\",\"itemListElement\":[{\"@type\":\"ListItem\",\"position\":1,\"name\":\"Home\",\"item\":\"https:\/\/franciscanos.org.br\/noticias\"},{\"@type\":\"ListItem\",\"position\":2,\"name\":\"Assis: L\u00e2mpada da Paz ser\u00e1 entregue a Ant\u00f3nio Guterres neste s\u00e1bado\"}]},{\"@type\":\"Person\",\"@id\":\"https:\/\/franciscanos.org.br\/noticias\/#\/schema\/person\/b5c8cba458c330ccff548b056e95a5d4\",\"name\":\"moacir\",\"image\":{\"@type\":\"ImageObject\",\"inLanguage\":\"pt-BR\",\"@id\":\"https:\/\/franciscanos.org.br\/noticias\/#\/schema\/person\/image\/\",\"url\":\"https:\/\/secure.gravatar.com\/avatar\/d08aa2ce4c8dd416d4479aa8536fcf64?s=96&d=mm&r=g\",\"contentUrl\":\"https:\/\/secure.gravatar.com\/avatar\/d08aa2ce4c8dd416d4479aa8536fcf64?s=96&d=mm&r=g\",\"caption\":\"moacir\"},\"url\":\"https:\/\/franciscanos.org.br\/noticias\/author\/moacir\"}]}<\/script>\n<!-- \/ Yoast SEO plugin. -->","yoast_head_json":{"title":"Assis: L\u00e2mpada da Paz ser\u00e1 entregue a Ant\u00f3nio Guterres neste s\u00e1bado - Not\u00edcias - Franciscanos","robots":{"index":"index","follow":"follow","max-snippet":"max-snippet:-1","max-image-preview":"max-image-preview:large","max-video-preview":"max-video-preview:-1"},"canonical":"https:\/\/franciscanos.org.br\/noticias\/assis-lampada-da-paz-sera-entregue-a-antonio-guterres-neste-sabado.html","og_locale":"pt_BR","og_type":"article","og_title":"Assis: L\u00e2mpada da Paz ser\u00e1 entregue a Ant\u00f3nio Guterres neste s\u00e1bado - Not\u00edcias - Franciscanos","og_description":"L\u00e2mpada da Paz","og_url":"https:\/\/franciscanos.org.br\/noticias\/assis-lampada-da-paz-sera-entregue-a-antonio-guterres-neste-sabado.html","og_site_name":"Not\u00edcias - Franciscanos","article_published_time":"2021-12-18T09:16:39+00:00","article_modified_time":"2021-12-18T09:17:31+00:00","og_image":[{"width":1280,"height":720,"url":"https:\/\/franciscanos.org.br\/noticias\/wp-content\/uploads\/2021\/12\/paz_assis_1812.jpg","type":"image\/jpeg"}],"author":"moacir","twitter_card":"summary_large_image","twitter_misc":{"Escrito por":"moacir","Est. tempo de leitura":"2 minutos"},"schema":{"@context":"https:\/\/schema.org","@graph":[{"@type":"WebSite","@id":"https:\/\/franciscanos.org.br\/noticias\/#website","url":"https:\/\/franciscanos.org.br\/noticias\/","name":"Not\u00edcias - Franciscanos","description":"Prov\u00edncia Franciscana da Imaculada Concei\u00e7\u00e3o do Brasil - Ordem dos Frades Menores - OFM","potentialAction":[{"@type":"SearchAction","target":{"@type":"EntryPoint","urlTemplate":"https:\/\/franciscanos.org.br\/noticias\/?s={search_term_string}"},"query-input":"required name=search_term_string"}],"inLanguage":"pt-BR"},{"@type":"ImageObject","inLanguage":"pt-BR","@id":"https:\/\/franciscanos.org.br\/noticias\/assis-lampada-da-paz-sera-entregue-a-antonio-guterres-neste-sabado.html#primaryimage","url":"https:\/\/franciscanos.org.br\/noticias\/wp-content\/uploads\/2021\/12\/paz_assis_1812.jpg","contentUrl":"https:\/\/franciscanos.org.br\/noticias\/wp-content\/uploads\/2021\/12\/paz_assis_1812.jpg","width":1280,"height":720},{"@type":"WebPage","@id":"https:\/\/franciscanos.org.br\/noticias\/assis-lampada-da-paz-sera-entregue-a-antonio-guterres-neste-sabado.html#webpage","url":"https:\/\/franciscanos.org.br\/noticias\/assis-lampada-da-paz-sera-entregue-a-antonio-guterres-neste-sabado.html","name":"Assis: L\u00e2mpada da Paz ser\u00e1 entregue a Ant\u00f3nio Guterres neste s\u00e1bado - Not\u00edcias - Franciscanos","isPartOf":{"@id":"https:\/\/franciscanos.org.br\/noticias\/#website"},"primaryImageOfPage":{"@id":"https:\/\/franciscanos.org.br\/noticias\/assis-lampada-da-paz-sera-entregue-a-antonio-guterres-neste-sabado.html#primaryimage"},"datePublished":"2021-12-18T09:16:39+00:00","dateModified":"2021-12-18T09:17:31+00:00","author":{"@id":"https:\/\/franciscanos.org.br\/noticias\/#\/schema\/person\/b5c8cba458c330ccff548b056e95a5d4"},"breadcrumb":{"@id":"https:\/\/franciscanos.org.br\/noticias\/assis-lampada-da-paz-sera-entregue-a-antonio-guterres-neste-sabado.html#breadcrumb"},"inLanguage":"pt-BR","potentialAction":[{"@type":"ReadAction","target":["https:\/\/franciscanos.org.br\/noticias\/assis-lampada-da-paz-sera-entregue-a-antonio-guterres-neste-sabado.html"]}]},{"@type":"BreadcrumbList","@id":"https:\/\/franciscanos.org.br\/noticias\/assis-lampada-da-paz-sera-entregue-a-antonio-guterres-neste-sabado.html#breadcrumb","itemListElement":[{"@type":"ListItem","position":1,"name":"Home","item":"https:\/\/franciscanos.org.br\/noticias"},{"@type":"ListItem","position":2,"name":"Assis: L\u00e2mpada da Paz ser\u00e1 entregue a Ant\u00f3nio Guterres neste s\u00e1bado"}]},{"@type":"Person","@id":"https:\/\/franciscanos.org.br\/noticias\/#\/schema\/person\/b5c8cba458c330ccff548b056e95a5d4","name":"moacir","image":{"@type":"ImageObject","inLanguage":"pt-BR","@id":"https:\/\/franciscanos.org.br\/noticias\/#\/schema\/person\/image\/","url":"https:\/\/secure.gravatar.com\/avatar\/d08aa2ce4c8dd416d4479aa8536fcf64?s=96&d=mm&r=g","contentUrl":"https:\/\/secure.gravatar.com\/avatar\/d08aa2ce4c8dd416d4479aa8536fcf64?s=96&d=mm&r=g","caption":"moacir"},"url":"https:\/\/franciscanos.org.br\/noticias\/author\/moacir"}]}},"_links":{"self":[{"href":"https:\/\/franciscanos.org.br\/noticias\/wp-json\/wp\/v2\/posts\/235807"}],"collection":[{"href":"https:\/\/franciscanos.org.br\/noticias\/wp-json\/wp\/v2\/posts"}],"about":[{"href":"https:\/\/franciscanos.org.br\/noticias\/wp-json\/wp\/v2\/types\/post"}],"author":[{"embeddable":true,"href":"https:\/\/franciscanos.org.br\/noticias\/wp-json\/wp\/v2\/users\/3"}],"replies":[{"embeddable":true,"href":"https:\/\/franciscanos.org.br\/noticias\/wp-json\/wp\/v2\/comments?post=235807"}],"version-history":[{"count":3,"href":"https:\/\/franciscanos.org.br\/noticias\/wp-json\/wp\/v2\/posts\/235807\/revisions"}],"predecessor-version":[{"id":235812,"href":"https:\/\/franciscanos.org.br\/noticias\/wp-json\/wp\/v2\/posts\/235807\/revisions\/235812"}],"wp:featuredmedia":[{"embeddable":true,"href":"https:\/\/franciscanos.org.br\/noticias\/wp-json\/wp\/v2\/media\/235809"}],"wp:attachment":[{"href":"https:\/\/franciscanos.org.br\/noticias\/wp-json\/wp\/v2\/media?parent=235807"}],"wp:term":[{"taxonomy":"category","embeddable":true,"href":"https:\/\/franciscanos.org.br\/noticias\/wp-json\/wp\/v2\/categories?post=235807"},{"taxonomy":"post_tag","embeddable":true,"href":"https:\/\/franciscanos.org.br\/noticias\/wp-json\/wp\/v2\/tags?post=235807"}],"curies":[{"name":"wp","href":"https:\/\/api.w.org\/{rel}","templated":true}]}}