{"id":235796,"date":"2021-12-15T11:12:31","date_gmt":"2021-12-15T14:12:31","guid":{"rendered":"https:\/\/franciscanos.org.br\/noticias\/?p=235796"},"modified":"2021-12-15T11:12:31","modified_gmt":"2021-12-15T14:12:31","slug":"nao-me-arrependo-de-nada-51-anos-de-vida-sacerdotal-de-frei-pedro-caron","status":"publish","type":"post","link":"https:\/\/franciscanos.org.br\/noticias\/nao-me-arrependo-de-nada-51-anos-de-vida-sacerdotal-de-frei-pedro-caron.html","title":{"rendered":"\u201cN\u00e3o me arrependo de nada\u201d: 51 anos de vida sacerdotal de Frei Pedro Caron"},"content":{"rendered":"<p><img loading=\"lazy\" class=\"alignnone wp-image-235797 size-full\" src=\"https:\/\/franciscanos.org.br\/noticias\/wp-content\/uploads\/2021\/12\/caron_1512.jpg\" alt=\"\" width=\"900\" height=\"641\" srcset=\"https:\/\/franciscanos.org.br\/noticias\/wp-content\/uploads\/2021\/12\/caron_1512.jpg 900w, https:\/\/franciscanos.org.br\/noticias\/wp-content\/uploads\/2021\/12\/caron_1512-450x321.jpg 450w, https:\/\/franciscanos.org.br\/noticias\/wp-content\/uploads\/2021\/12\/caron_1512-768x547.jpg 768w, https:\/\/franciscanos.org.br\/noticias\/wp-content\/uploads\/2021\/12\/caron_1512-150x107.jpg 150w\" sizes=\"(max-width: 900px) 100vw, 900px\" \/><\/p>\n<p>Na noite do dia 14 de dezembro de 2021, ocorreu na Igreja Matriz da Par\u00f3quia Imaculada Concei\u00e7\u00e3o de Curitibanos (SC) a crisma de Jovens e adultos do interior e dos bairros da Par\u00f3quia. Mas, a celebra\u00e7\u00e3o tamb\u00e9m foi marcada pela comemora\u00e7\u00e3o dos 51 anos de vida sacerdotal de Frei Pedro Caron, que atualmente reside na Fraternidade S\u00e3o Francisco Solano de Curitibanos.<\/p>\n<p>Frei Pedro nasceu no munic\u00edpio de \u00c1gua Doce, no Meio-Oeste Catarinense. O despertar vocacional deu-se com 11 anos atrav\u00e9s do fasc\u00ednio que tinha pelos coroinhas que serviam o altar na Igreja de sua cidade. Sua fam\u00edlia que sempre rezava pelas voca\u00e7\u00f5es, mas de forma particular seu pai, o incentivou a ir para o semin\u00e1rio. Durante a caminhada passou algumas crises, no primeiro ano de forma\u00e7\u00e3o pensou em desistir, mas por meio da ora\u00e7\u00e3o encontrou for\u00e7as e perseverou no seu chamado. Estas crises serviram, conforme conta o frei, para seu amadurecimento na f\u00e9, na voca\u00e7\u00e3o e na vida.<\/p>\n<p>Frei Pedro foi ordenado sacerdote no dia 13 de dezembro de 1970, dia de Santa Luzia, na Igreja Matriz de \u00c1gua Doce, sua cidade de origem. Depois, exerceu seu minist\u00e9rio em v\u00e1rias par\u00f3quias da Prov\u00edncia, at\u00e9 ser chamado a ser mission\u00e1rio em terras desconhecidas.<\/p>\n<p><img loading=\"lazy\" class=\"alignnone size-full wp-image-235798\" src=\"https:\/\/franciscanos.org.br\/noticias\/wp-content\/uploads\/2021\/12\/caron_1512_2.jpg\" alt=\"\" width=\"890\" height=\"1082\" srcset=\"https:\/\/franciscanos.org.br\/noticias\/wp-content\/uploads\/2021\/12\/caron_1512_2.jpg 888w, https:\/\/franciscanos.org.br\/noticias\/wp-content\/uploads\/2021\/12\/caron_1512_2-370x450.jpg 370w, https:\/\/franciscanos.org.br\/noticias\/wp-content\/uploads\/2021\/12\/caron_1512_2-842x1024.jpg 842w, https:\/\/franciscanos.org.br\/noticias\/wp-content\/uploads\/2021\/12\/caron_1512_2-768x934.jpg 768w, https:\/\/franciscanos.org.br\/noticias\/wp-content\/uploads\/2021\/12\/caron_1512_2-150x182.jpg 150w\" sizes=\"(max-width: 890px) 100vw, 890px\" \/><\/p>\n<p>Dos anos que mais marcaram esses cinquenta e um anos de sacerd\u00f3cio foram os doze anos na Miss\u00e3o em Angola. Frei Pedro, em um primeiro momento tinha o desejo de ser mission\u00e1rio na China. Por\u00e9m, quando Frei Est\u00eav\u00e3o Ottembreit, Ministro Provincial daquele per\u00edodo, o questionou sobre sua disponibilidade para ir para a miss\u00e3o, Frei Pedro manifestou o desejo de ir para a China. Mas, os planos de Deus para o frade foram diferentes do seu desejo. A Prov\u00edncia decide ter uma presen\u00e7a na \u00c1frica e precisava de mission\u00e1rios. Frei Pedro acolheu com muita alegria este encargo e partiu para a Miss\u00e3o em Angola. No dia 24 de setembro de 1990, Frei Pedro, Frei Plinio e Frei Jos\u00e9 Zanchet, partem para Angola, que vivia em uma guerra civil, dando in\u00edcio \u00e0 miss\u00e3o, que em meio \u00e0s dificuldade e as alegrias, rendeu e ainda rende muitos frutos.<\/p>\n<p>No final da Missa, presidida pelo bispo da Diocese de Lages, Dom Guilherme Werlang, M.S.F., Frei Pedro, em poucas palavras, agradeceu o carinho da comunidade e disse que n\u00e3o se arrepende da miss\u00e3o e da voca\u00e7\u00e3o que decidiu seguir. Mais uma vez refor\u00e7ou que a confian\u00e7a em Deus e ora\u00e7\u00e3o s\u00e3o as bases para uma vida s\u00f3lida para bem viver o chamado de Deus. Ap\u00f3s suas breves palavras, a comunidade o aben\u00e7oou. O bispo, ent\u00e3o, pediu que Frei Pedro aben\u00e7oasse os crismados e toda a comunidade reunida.<\/p>\n<p><img loading=\"lazy\" class=\"alignnone size-full wp-image-235799\" src=\"https:\/\/franciscanos.org.br\/noticias\/wp-content\/uploads\/2021\/12\/caron_1512_1.jpg\" alt=\"\" width=\"1158\" height=\"869\" srcset=\"https:\/\/franciscanos.org.br\/noticias\/wp-content\/uploads\/2021\/12\/caron_1512_1.jpg 1158w, https:\/\/franciscanos.org.br\/noticias\/wp-content\/uploads\/2021\/12\/caron_1512_1-450x338.jpg 450w, https:\/\/franciscanos.org.br\/noticias\/wp-content\/uploads\/2021\/12\/caron_1512_1-1024x768.jpg 1024w, https:\/\/franciscanos.org.br\/noticias\/wp-content\/uploads\/2021\/12\/caron_1512_1-768x576.jpg 768w, https:\/\/franciscanos.org.br\/noticias\/wp-content\/uploads\/2021\/12\/caron_1512_1-150x113.jpg 150w, https:\/\/franciscanos.org.br\/noticias\/wp-content\/uploads\/2021\/12\/caron_1512_1-600x450.jpg 600w\" sizes=\"(max-width: 1158px) 100vw, 1158px\" \/><\/p>\n<p>Frei Pedro, em Curitibanos, exerce seu minist\u00e9rio de sacerdote e frade menor com humildade, al\u00e9m das celebra\u00e7\u00f5es, fazendo as suas famosas visitas \u00e0s fam\u00edlias e, como o pr\u00f3prio frade diz, \u201cabra\u00e7ando as meninas e os meninos\u201d. Facilmente \u00e9 encontrado nas ruas da cidade com um sorriso no rosto e com uma alegria ao motivar a comunidade a alegrar-se e n\u00e3o desanimar com as dificuldades da vida, com seu bord\u00e3o: \u201cA vida \u00e9 bela, independente das mazelas.\u201d<\/p>\n<hr \/>\n<p><em>Frei Bruno Almeida<\/em><\/p>\n","protected":false},"excerpt":{"rendered":"<p>Em Curitibanos<\/p>\n","protected":false},"author":3,"featured_media":235797,"comment_status":"open","ping_status":"open","sticky":false,"template":"","format":"standard","meta":[],"categories":[1],"tags":[1951],"acf":[],"yoast_head":"<!-- This site is optimized with the Yoast SEO plugin v19.2 - https:\/\/yoast.com\/wordpress\/plugins\/seo\/ -->\n<title>\u201cN\u00e3o me arrependo de nada\u201d: 51 anos de vida sacerdotal de Frei Pedro Caron - Not\u00edcias - Franciscanos<\/title>\n<meta name=\"robots\" content=\"index, follow, max-snippet:-1, max-image-preview:large, max-video-preview:-1\" \/>\n<link rel=\"canonical\" href=\"https:\/\/franciscanos.org.br\/noticias\/nao-me-arrependo-de-nada-51-anos-de-vida-sacerdotal-de-frei-pedro-caron.html\" \/>\n<meta property=\"og:locale\" content=\"pt_BR\" \/>\n<meta property=\"og:type\" content=\"article\" \/>\n<meta property=\"og:title\" content=\"\u201cN\u00e3o me arrependo de nada\u201d: 51 anos de vida sacerdotal de Frei Pedro Caron - Not\u00edcias - Franciscanos\" \/>\n<meta property=\"og:description\" content=\"Em Curitibanos\" \/>\n<meta property=\"og:url\" content=\"https:\/\/franciscanos.org.br\/noticias\/nao-me-arrependo-de-nada-51-anos-de-vida-sacerdotal-de-frei-pedro-caron.html\" \/>\n<meta property=\"og:site_name\" content=\"Not\u00edcias - Franciscanos\" \/>\n<meta property=\"article:published_time\" content=\"2021-12-15T14:12:31+00:00\" \/>\n<meta property=\"og:image\" content=\"https:\/\/franciscanos.org.br\/noticias\/wp-content\/uploads\/2021\/12\/caron_1512.jpg\" \/>\n\t<meta property=\"og:image:width\" content=\"900\" \/>\n\t<meta property=\"og:image:height\" content=\"641\" \/>\n\t<meta property=\"og:image:type\" content=\"image\/jpeg\" \/>\n<meta name=\"author\" content=\"moacir\" \/>\n<meta name=\"twitter:card\" content=\"summary_large_image\" \/>\n<meta name=\"twitter:label1\" content=\"Escrito por\" \/>\n\t<meta name=\"twitter:data1\" content=\"moacir\" \/>\n\t<meta name=\"twitter:label2\" content=\"Est. tempo de leitura\" \/>\n\t<meta name=\"twitter:data2\" content=\"3 minutos\" \/>\n<script type=\"application\/ld+json\" class=\"yoast-schema-graph\">{\"@context\":\"https:\/\/schema.org\",\"@graph\":[{\"@type\":\"WebSite\",\"@id\":\"https:\/\/franciscanos.org.br\/noticias\/#website\",\"url\":\"https:\/\/franciscanos.org.br\/noticias\/\",\"name\":\"Not\u00edcias - Franciscanos\",\"description\":\"Prov\u00edncia Franciscana da Imaculada Concei\u00e7\u00e3o do Brasil - Ordem dos Frades Menores - OFM\",\"potentialAction\":[{\"@type\":\"SearchAction\",\"target\":{\"@type\":\"EntryPoint\",\"urlTemplate\":\"https:\/\/franciscanos.org.br\/noticias\/?s={search_term_string}\"},\"query-input\":\"required name=search_term_string\"}],\"inLanguage\":\"pt-BR\"},{\"@type\":\"ImageObject\",\"inLanguage\":\"pt-BR\",\"@id\":\"https:\/\/franciscanos.org.br\/noticias\/nao-me-arrependo-de-nada-51-anos-de-vida-sacerdotal-de-frei-pedro-caron.html#primaryimage\",\"url\":\"https:\/\/franciscanos.org.br\/noticias\/wp-content\/uploads\/2021\/12\/caron_1512.jpg\",\"contentUrl\":\"https:\/\/franciscanos.org.br\/noticias\/wp-content\/uploads\/2021\/12\/caron_1512.jpg\",\"width\":900,\"height\":641},{\"@type\":\"WebPage\",\"@id\":\"https:\/\/franciscanos.org.br\/noticias\/nao-me-arrependo-de-nada-51-anos-de-vida-sacerdotal-de-frei-pedro-caron.html#webpage\",\"url\":\"https:\/\/franciscanos.org.br\/noticias\/nao-me-arrependo-de-nada-51-anos-de-vida-sacerdotal-de-frei-pedro-caron.html\",\"name\":\"\u201cN\u00e3o me arrependo de nada\u201d: 51 anos de vida sacerdotal de Frei Pedro Caron - Not\u00edcias - Franciscanos\",\"isPartOf\":{\"@id\":\"https:\/\/franciscanos.org.br\/noticias\/#website\"},\"primaryImageOfPage\":{\"@id\":\"https:\/\/franciscanos.org.br\/noticias\/nao-me-arrependo-de-nada-51-anos-de-vida-sacerdotal-de-frei-pedro-caron.html#primaryimage\"},\"datePublished\":\"2021-12-15T14:12:31+00:00\",\"dateModified\":\"2021-12-15T14:12:31+00:00\",\"author\":{\"@id\":\"https:\/\/franciscanos.org.br\/noticias\/#\/schema\/person\/b5c8cba458c330ccff548b056e95a5d4\"},\"breadcrumb\":{\"@id\":\"https:\/\/franciscanos.org.br\/noticias\/nao-me-arrependo-de-nada-51-anos-de-vida-sacerdotal-de-frei-pedro-caron.html#breadcrumb\"},\"inLanguage\":\"pt-BR\",\"potentialAction\":[{\"@type\":\"ReadAction\",\"target\":[\"https:\/\/franciscanos.org.br\/noticias\/nao-me-arrependo-de-nada-51-anos-de-vida-sacerdotal-de-frei-pedro-caron.html\"]}]},{\"@type\":\"BreadcrumbList\",\"@id\":\"https:\/\/franciscanos.org.br\/noticias\/nao-me-arrependo-de-nada-51-anos-de-vida-sacerdotal-de-frei-pedro-caron.html#breadcrumb\",\"itemListElement\":[{\"@type\":\"ListItem\",\"position\":1,\"name\":\"Home\",\"item\":\"https:\/\/franciscanos.org.br\/noticias\"},{\"@type\":\"ListItem\",\"position\":2,\"name\":\"\u201cN\u00e3o me arrependo de nada\u201d: 51 anos de vida sacerdotal de Frei Pedro Caron\"}]},{\"@type\":\"Person\",\"@id\":\"https:\/\/franciscanos.org.br\/noticias\/#\/schema\/person\/b5c8cba458c330ccff548b056e95a5d4\",\"name\":\"moacir\",\"image\":{\"@type\":\"ImageObject\",\"inLanguage\":\"pt-BR\",\"@id\":\"https:\/\/franciscanos.org.br\/noticias\/#\/schema\/person\/image\/\",\"url\":\"https:\/\/secure.gravatar.com\/avatar\/d08aa2ce4c8dd416d4479aa8536fcf64?s=96&d=mm&r=g\",\"contentUrl\":\"https:\/\/secure.gravatar.com\/avatar\/d08aa2ce4c8dd416d4479aa8536fcf64?s=96&d=mm&r=g\",\"caption\":\"moacir\"},\"url\":\"https:\/\/franciscanos.org.br\/noticias\/author\/moacir\"}]}<\/script>\n<!-- \/ Yoast SEO plugin. -->","yoast_head_json":{"title":"\u201cN\u00e3o me arrependo de nada\u201d: 51 anos de vida sacerdotal de Frei Pedro Caron - Not\u00edcias - Franciscanos","robots":{"index":"index","follow":"follow","max-snippet":"max-snippet:-1","max-image-preview":"max-image-preview:large","max-video-preview":"max-video-preview:-1"},"canonical":"https:\/\/franciscanos.org.br\/noticias\/nao-me-arrependo-de-nada-51-anos-de-vida-sacerdotal-de-frei-pedro-caron.html","og_locale":"pt_BR","og_type":"article","og_title":"\u201cN\u00e3o me arrependo de nada\u201d: 51 anos de vida sacerdotal de Frei Pedro Caron - Not\u00edcias - Franciscanos","og_description":"Em Curitibanos","og_url":"https:\/\/franciscanos.org.br\/noticias\/nao-me-arrependo-de-nada-51-anos-de-vida-sacerdotal-de-frei-pedro-caron.html","og_site_name":"Not\u00edcias - Franciscanos","article_published_time":"2021-12-15T14:12:31+00:00","og_image":[{"width":900,"height":641,"url":"https:\/\/franciscanos.org.br\/noticias\/wp-content\/uploads\/2021\/12\/caron_1512.jpg","type":"image\/jpeg"}],"author":"moacir","twitter_card":"summary_large_image","twitter_misc":{"Escrito por":"moacir","Est. tempo de leitura":"3 minutos"},"schema":{"@context":"https:\/\/schema.org","@graph":[{"@type":"WebSite","@id":"https:\/\/franciscanos.org.br\/noticias\/#website","url":"https:\/\/franciscanos.org.br\/noticias\/","name":"Not\u00edcias - Franciscanos","description":"Prov\u00edncia Franciscana da Imaculada Concei\u00e7\u00e3o do Brasil - Ordem dos Frades Menores - OFM","potentialAction":[{"@type":"SearchAction","target":{"@type":"EntryPoint","urlTemplate":"https:\/\/franciscanos.org.br\/noticias\/?s={search_term_string}"},"query-input":"required name=search_term_string"}],"inLanguage":"pt-BR"},{"@type":"ImageObject","inLanguage":"pt-BR","@id":"https:\/\/franciscanos.org.br\/noticias\/nao-me-arrependo-de-nada-51-anos-de-vida-sacerdotal-de-frei-pedro-caron.html#primaryimage","url":"https:\/\/franciscanos.org.br\/noticias\/wp-content\/uploads\/2021\/12\/caron_1512.jpg","contentUrl":"https:\/\/franciscanos.org.br\/noticias\/wp-content\/uploads\/2021\/12\/caron_1512.jpg","width":900,"height":641},{"@type":"WebPage","@id":"https:\/\/franciscanos.org.br\/noticias\/nao-me-arrependo-de-nada-51-anos-de-vida-sacerdotal-de-frei-pedro-caron.html#webpage","url":"https:\/\/franciscanos.org.br\/noticias\/nao-me-arrependo-de-nada-51-anos-de-vida-sacerdotal-de-frei-pedro-caron.html","name":"\u201cN\u00e3o me arrependo de nada\u201d: 51 anos de vida sacerdotal de Frei Pedro Caron - Not\u00edcias - Franciscanos","isPartOf":{"@id":"https:\/\/franciscanos.org.br\/noticias\/#website"},"primaryImageOfPage":{"@id":"https:\/\/franciscanos.org.br\/noticias\/nao-me-arrependo-de-nada-51-anos-de-vida-sacerdotal-de-frei-pedro-caron.html#primaryimage"},"datePublished":"2021-12-15T14:12:31+00:00","dateModified":"2021-12-15T14:12:31+00:00","author":{"@id":"https:\/\/franciscanos.org.br\/noticias\/#\/schema\/person\/b5c8cba458c330ccff548b056e95a5d4"},"breadcrumb":{"@id":"https:\/\/franciscanos.org.br\/noticias\/nao-me-arrependo-de-nada-51-anos-de-vida-sacerdotal-de-frei-pedro-caron.html#breadcrumb"},"inLanguage":"pt-BR","potentialAction":[{"@type":"ReadAction","target":["https:\/\/franciscanos.org.br\/noticias\/nao-me-arrependo-de-nada-51-anos-de-vida-sacerdotal-de-frei-pedro-caron.html"]}]},{"@type":"BreadcrumbList","@id":"https:\/\/franciscanos.org.br\/noticias\/nao-me-arrependo-de-nada-51-anos-de-vida-sacerdotal-de-frei-pedro-caron.html#breadcrumb","itemListElement":[{"@type":"ListItem","position":1,"name":"Home","item":"https:\/\/franciscanos.org.br\/noticias"},{"@type":"ListItem","position":2,"name":"\u201cN\u00e3o me arrependo de nada\u201d: 51 anos de vida sacerdotal de Frei Pedro Caron"}]},{"@type":"Person","@id":"https:\/\/franciscanos.org.br\/noticias\/#\/schema\/person\/b5c8cba458c330ccff548b056e95a5d4","name":"moacir","image":{"@type":"ImageObject","inLanguage":"pt-BR","@id":"https:\/\/franciscanos.org.br\/noticias\/#\/schema\/person\/image\/","url":"https:\/\/secure.gravatar.com\/avatar\/d08aa2ce4c8dd416d4479aa8536fcf64?s=96&d=mm&r=g","contentUrl":"https:\/\/secure.gravatar.com\/avatar\/d08aa2ce4c8dd416d4479aa8536fcf64?s=96&d=mm&r=g","caption":"moacir"},"url":"https:\/\/franciscanos.org.br\/noticias\/author\/moacir"}]}},"_links":{"self":[{"href":"https:\/\/franciscanos.org.br\/noticias\/wp-json\/wp\/v2\/posts\/235796"}],"collection":[{"href":"https:\/\/franciscanos.org.br\/noticias\/wp-json\/wp\/v2\/posts"}],"about":[{"href":"https:\/\/franciscanos.org.br\/noticias\/wp-json\/wp\/v2\/types\/post"}],"author":[{"embeddable":true,"href":"https:\/\/franciscanos.org.br\/noticias\/wp-json\/wp\/v2\/users\/3"}],"replies":[{"embeddable":true,"href":"https:\/\/franciscanos.org.br\/noticias\/wp-json\/wp\/v2\/comments?post=235796"}],"version-history":[{"count":1,"href":"https:\/\/franciscanos.org.br\/noticias\/wp-json\/wp\/v2\/posts\/235796\/revisions"}],"predecessor-version":[{"id":235800,"href":"https:\/\/franciscanos.org.br\/noticias\/wp-json\/wp\/v2\/posts\/235796\/revisions\/235800"}],"wp:featuredmedia":[{"embeddable":true,"href":"https:\/\/franciscanos.org.br\/noticias\/wp-json\/wp\/v2\/media\/235797"}],"wp:attachment":[{"href":"https:\/\/franciscanos.org.br\/noticias\/wp-json\/wp\/v2\/media?parent=235796"}],"wp:term":[{"taxonomy":"category","embeddable":true,"href":"https:\/\/franciscanos.org.br\/noticias\/wp-json\/wp\/v2\/categories?post=235796"},{"taxonomy":"post_tag","embeddable":true,"href":"https:\/\/franciscanos.org.br\/noticias\/wp-json\/wp\/v2\/tags?post=235796"}],"curies":[{"name":"wp","href":"https:\/\/api.w.org\/{rel}","templated":true}]}}