{"id":235780,"date":"2021-12-14T15:46:56","date_gmt":"2021-12-14T18:46:56","guid":{"rendered":"https:\/\/franciscanos.org.br\/noticias\/?p=235780"},"modified":"2021-12-17T08:01:36","modified_gmt":"2021-12-17T11:01:36","slug":"servir-ao-senhor-na-perfeita-alegria-frei-andrei-anjos-e-frei-fabio-vasconcelos-professam-votos-definitivos-na-ordem-dos-frades-menores","status":"publish","type":"post","link":"https:\/\/franciscanos.org.br\/noticias\/servir-ao-senhor-na-perfeita-alegria-frei-andrei-anjos-e-frei-fabio-vasconcelos-professam-votos-definitivos-na-ordem-dos-frades-menores.html","title":{"rendered":"Servir ao Senhor na Perfeita Alegria: Frei Andrei Anjos e Frei F\u00e1bio Vasconcelos professam votos definitivos na Ordem dos Frades Menores"},"content":{"rendered":"<p><img loading=\"lazy\" class=\"alignnone wp-image-235782 size-full\" src=\"https:\/\/franciscanos.org.br\/noticias\/wp-content\/uploads\/2021\/12\/solene_1412.jpg\" alt=\"\" width=\"1200\" height=\"730\" srcset=\"https:\/\/franciscanos.org.br\/noticias\/wp-content\/uploads\/2021\/12\/solene_1412.jpg 1200w, https:\/\/franciscanos.org.br\/noticias\/wp-content\/uploads\/2021\/12\/solene_1412-450x274.jpg 450w, https:\/\/franciscanos.org.br\/noticias\/wp-content\/uploads\/2021\/12\/solene_1412-1024x623.jpg 1024w, https:\/\/franciscanos.org.br\/noticias\/wp-content\/uploads\/2021\/12\/solene_1412-768x467.jpg 768w, https:\/\/franciscanos.org.br\/noticias\/wp-content\/uploads\/2021\/12\/solene_1412-150x91.jpg 150w\" sizes=\"(max-width: 1200px) 100vw, 1200px\" \/><\/p>\n<p>O terceiro domingo do Advento foi um dia de especial alegria para a fam\u00edlia Franciscana na Amaz\u00f4nia. Frei Andrei Anjos e Frei F\u00e1bio Vasconcelos, frades da Cust\u00f3dia S\u00e3o Benedito da Amaz\u00f4nia, professaram seus votos definitivos na Ordem dos Frades Menores na celebra\u00e7\u00e3o presidida pelo Ministro Custodial Frei Edilson Rocha. A liturgia da Profiss\u00e3o Solene foi realizada na Igreja do Sant\u00edssimo Sacramento em Santar\u00e9m \u2013 PA. A Celebra\u00e7\u00e3o Eucar\u00edstica foi concelebrada por frades da Cust\u00f3dia e contou com a participa\u00e7\u00e3o de membros das congrega\u00e7\u00f5es religiosas presentes em Santar\u00e9m, familiares, amigos dos frades e de leigos das comunidades atendidas pelos franciscanos.<em> Seus confrades da Prov\u00edncia da Imaculada tamb\u00e9m estiveram em sintonia com eles. Os dois professos solenes s\u00e3o estudantes de Teologia e residem na Fraternidade do Sagrado Cora\u00e7\u00e3o, em Petr\u00f3polis. O novo presb\u00edtero tamb\u00e9m fez os estudos de Teologia ali.<\/em><\/p>\n<p>O terceiro domingo do advento \u00e9 o domingo da Alegria <em>(Gaudete<\/em>), quando a vinda do Senhor est\u00e1 mais pr\u00f3xima, e para consolidar este tema, Frei Andrei e Frei F\u00e1bio escolheram a frase \u201cServir na Perfeita Alegria\u201d como lema da profiss\u00e3o. Toda a celebra\u00e7\u00e3o foi planejada pelos frades e leigos membros da Rede Franciscana de Par\u00f3quias. Os presentes e aqueles que acompanharam a transmiss\u00e3o atrav\u00e9s da p\u00e1gina da Cust\u00f3dia no Facebook, sentiram o tema da celebra\u00e7\u00e3o que pairava no ar: a Alegria.<\/p>\n<p><img loading=\"lazy\" class=\"alignnone wp-image-235783 size-full\" src=\"https:\/\/franciscanos.org.br\/noticias\/wp-content\/uploads\/2021\/12\/solene_1412_2.jpg\" alt=\"\" width=\"1200\" height=\"730\" srcset=\"https:\/\/franciscanos.org.br\/noticias\/wp-content\/uploads\/2021\/12\/solene_1412_2.jpg 1200w, https:\/\/franciscanos.org.br\/noticias\/wp-content\/uploads\/2021\/12\/solene_1412_2-450x274.jpg 450w, https:\/\/franciscanos.org.br\/noticias\/wp-content\/uploads\/2021\/12\/solene_1412_2-1024x623.jpg 1024w, https:\/\/franciscanos.org.br\/noticias\/wp-content\/uploads\/2021\/12\/solene_1412_2-768x467.jpg 768w, https:\/\/franciscanos.org.br\/noticias\/wp-content\/uploads\/2021\/12\/solene_1412_2-150x91.jpg 150w\" sizes=\"(max-width: 1200px) 100vw, 1200px\" \/><\/p>\n<p>Ap\u00f3s a proclama\u00e7\u00e3o do Evangelho, o secret\u00e1rio de Forma\u00e7\u00e3o e Estudos da Cust\u00f3dia, Frei John of God, fez a chamada nominal dos frades, que ao responderem: \u201caqui estou\u201d, recordaram o primeiro chamado que lhes foi feito quando batizados. Em seguida, Frei Andrei e Frei F\u00e1bio manifestaram seus pedidos de admiss\u00e3o na Ordem dos Frades Menores. O Cust\u00f3dio, Frei Edilson, dizendo, \u201cBendito seja Deus que os escolheu e iluminou esta decis\u00e3o\u201d, acolheu o pedido feito pelos frades.<\/p>\n<p>Frei Edilson, durante sua homilia, destacou o tema da liturgia do dia e o lema escolhido pelos jovens frades para a celebra\u00e7\u00e3o. O Cust\u00f3dio enfatizou que o servi\u00e7o na verdadeira alegria consiste em \u201ccolocar suas intelig\u00eancias, seus dons, suas capacidades e todos os frutos que a Gra\u00e7a de Deus tem produzido em suas vidas a servi\u00e7o daqueles que n\u00e3o podem retribuir\u201d e afirmou sobre a necessidade de \u201crealizar grandes coisas at\u00e9 sentirem-se humanamente realizados, mas sem se deixar levar pela vaidade, colocar a servi\u00e7o dos irm\u00e3os os seus dons e n\u00e3o desanimar nem desistir quando enfrentarem a falta de reconhecimento, a ingratid\u00e3o, a incompreens\u00e3o e mesmo rejei\u00e7\u00e3o\u201d. Dando continuidade, acentuou que servir ao Senhor na perfeita alegria significar\u00e1 servir numa atitude de total gratuidade, despojada de qualquer interesse e tamb\u00e9m no esp\u00edrito evang\u00e9lico da minoridade.<\/p>\n<p>Ap\u00f3s a homilia, prosseguiu-se o rito da profiss\u00e3o solene. Uma vela acesa foi entregue aos professandos para simbolizar a chama da f\u00e9 no cora\u00e7\u00e3o de cada batizado. Diante da comunidade presente, o ministro custodial interrogou os frades e estes responderam de maneira solene e alegre: \u201cQuero!\u201d Tendo dito seu sim, Frei Andrei e Frei F\u00e1bio, num gesto de humildade, entrega e despojamento, prostraram-se no ch\u00e3o enquanto a Igreja cantou a prece lit\u00e2nica. Conclu\u00edda a Ladainha de todos os Santos, Frei Edilson, em nome da Ordem dos Frades Menores, sentou-se diante da Assembleia presente, enquanto Frei Alex Assun\u00e7\u00e3o e Frei R\u00f4mulo Canto se aproximaram para testemunhar o rito. Cada um dos professandos, ajoelhando-se e colocando suas m\u00e3os nas m\u00e3os do Ministro, gesto que revela obedi\u00eancia e doa\u00e7\u00e3o completa de si a Deus e aos irm\u00e3os, fizeram seus votos definitivos na Ordem dos Frades Menores como membros da Cust\u00f3dia S\u00e3o Benedito da Amaz\u00f4nia. O rito foi conclu\u00eddo com a solene ben\u00e7\u00e3o dada pelo Ministro aos, agora, Neo-professos. Como prev\u00ea o rito, todos os frades presentes acolheram os Neo-professos com um abra\u00e7o de incorpora\u00e7\u00e3o na fraternidade custodial.<\/p>\n\n\t\t<style type=\"text\/css\">\n\t\t\t#gallery-1 {\n\t\t\t\tmargin: auto;\n\t\t\t}\n\t\t\t#gallery-1 .gallery-item {\n\t\t\t\tfloat: left;\n\t\t\t\tmargin-top: 10px;\n\t\t\t\ttext-align: center;\n\t\t\t\twidth: 20%;\n\t\t\t}\n\t\t\t#gallery-1 img {\n\t\t\t\tborder: 2px solid #cfcfcf;\n\t\t\t}\n\t\t\t#gallery-1 .gallery-caption {\n\t\t\t\tmargin-left: 0;\n\t\t\t}\n\t\t\t\/* see gallery_shortcode() in wp-includes\/media.php *\/\n\t\t<\/style>\n\t\t<div id='gallery-1' class='gallery galleryid-235780 gallery-columns-5 gallery-size-thumbnail'><dl class='gallery-item'>\n\t\t\t<dt class='gallery-icon landscape'>\n\t\t\t\t<a href='https:\/\/franciscanos.org.br\/noticias\/wp-content\/uploads\/2021\/12\/solene_01.jpg'><img width=\"300\" height=\"300\" src=\"https:\/\/franciscanos.org.br\/noticias\/wp-content\/uploads\/2021\/12\/solene_01-300x300.jpg\" class=\"attachment-thumbnail size-thumbnail\" alt=\"\" loading=\"lazy\" srcset=\"https:\/\/franciscanos.org.br\/noticias\/wp-content\/uploads\/2021\/12\/solene_01-300x300.jpg 300w, https:\/\/franciscanos.org.br\/noticias\/wp-content\/uploads\/2021\/12\/solene_01-100x100.jpg 100w\" sizes=\"(max-width: 300px) 100vw, 300px\" \/><\/a>\n\t\t\t<\/dt><\/dl><dl class='gallery-item'>\n\t\t\t<dt class='gallery-icon landscape'>\n\t\t\t\t<a href='https:\/\/franciscanos.org.br\/noticias\/wp-content\/uploads\/2021\/12\/solene_02.jpg'><img width=\"300\" height=\"300\" src=\"https:\/\/franciscanos.org.br\/noticias\/wp-content\/uploads\/2021\/12\/solene_02-300x300.jpg\" class=\"attachment-thumbnail size-thumbnail\" alt=\"\" loading=\"lazy\" srcset=\"https:\/\/franciscanos.org.br\/noticias\/wp-content\/uploads\/2021\/12\/solene_02-300x300.jpg 300w, https:\/\/franciscanos.org.br\/noticias\/wp-content\/uploads\/2021\/12\/solene_02-100x100.jpg 100w\" sizes=\"(max-width: 300px) 100vw, 300px\" \/><\/a>\n\t\t\t<\/dt><\/dl><dl class='gallery-item'>\n\t\t\t<dt class='gallery-icon landscape'>\n\t\t\t\t<a href='https:\/\/franciscanos.org.br\/noticias\/wp-content\/uploads\/2021\/12\/solene_03.jpg'><img width=\"300\" height=\"300\" src=\"https:\/\/franciscanos.org.br\/noticias\/wp-content\/uploads\/2021\/12\/solene_03-300x300.jpg\" class=\"attachment-thumbnail size-thumbnail\" alt=\"\" loading=\"lazy\" srcset=\"https:\/\/franciscanos.org.br\/noticias\/wp-content\/uploads\/2021\/12\/solene_03-300x300.jpg 300w, https:\/\/franciscanos.org.br\/noticias\/wp-content\/uploads\/2021\/12\/solene_03-100x100.jpg 100w\" sizes=\"(max-width: 300px) 100vw, 300px\" \/><\/a>\n\t\t\t<\/dt><\/dl><dl class='gallery-item'>\n\t\t\t<dt class='gallery-icon landscape'>\n\t\t\t\t<a href='https:\/\/franciscanos.org.br\/noticias\/wp-content\/uploads\/2021\/12\/solene_04.jpg'><img width=\"300\" height=\"300\" src=\"https:\/\/franciscanos.org.br\/noticias\/wp-content\/uploads\/2021\/12\/solene_04-300x300.jpg\" class=\"attachment-thumbnail size-thumbnail\" alt=\"\" loading=\"lazy\" srcset=\"https:\/\/franciscanos.org.br\/noticias\/wp-content\/uploads\/2021\/12\/solene_04-300x300.jpg 300w, https:\/\/franciscanos.org.br\/noticias\/wp-content\/uploads\/2021\/12\/solene_04-100x100.jpg 100w\" sizes=\"(max-width: 300px) 100vw, 300px\" \/><\/a>\n\t\t\t<\/dt><\/dl><dl class='gallery-item'>\n\t\t\t<dt class='gallery-icon landscape'>\n\t\t\t\t<a href='https:\/\/franciscanos.org.br\/noticias\/wp-content\/uploads\/2021\/12\/solene_05.jpg'><img width=\"300\" height=\"300\" src=\"https:\/\/franciscanos.org.br\/noticias\/wp-content\/uploads\/2021\/12\/solene_05-300x300.jpg\" class=\"attachment-thumbnail size-thumbnail\" alt=\"\" loading=\"lazy\" srcset=\"https:\/\/franciscanos.org.br\/noticias\/wp-content\/uploads\/2021\/12\/solene_05-300x300.jpg 300w, https:\/\/franciscanos.org.br\/noticias\/wp-content\/uploads\/2021\/12\/solene_05-100x100.jpg 100w\" sizes=\"(max-width: 300px) 100vw, 300px\" \/><\/a>\n\t\t\t<\/dt><\/dl><br style=\"clear: both\" \/>\n\t\t<\/div>\n\n<p style=\"text-align: center;\"><em>(clique nas imagens para ampli\u00e1-las)<\/em><\/p>\n<p style=\"text-align: left;\">A celebra\u00e7\u00e3o seguiu com o creio e a liturgia eucar\u00edstica. Ap\u00f3s a ora\u00e7\u00e3o depois da comunh\u00e3o, membros do grupo de teatro Kabi\u2013Kaxi entraram com um estandarte de Nossa Senhora de Guadalupe, celebrada neste dia 12 de dezembro, ao som do canto \u201cMorena de Guadalupe\u201d, composi\u00e7\u00e3o que pertence \u00e0 Missa da Terra-sem-males. Alegria e emo\u00e7\u00e3o tomaram conta de Frei Andrei e Frei F\u00e1bio, que subindo ao presbit\u00e9rio proferiram seus agradecimentos. Mostrando gratid\u00e3o \u00e0s suas fam\u00edlias, amigos, formadores e confrades, os neo-professos agradeceram e emocionaram a todos, especialmente lembrando dos irm\u00e3os, Frei Dub\u00e1n e Frei Manoel que faleceram este ano, v\u00edtimas da COVID-19.<\/p>\n<p>Antes da b\u00ean\u00e7\u00e3o final, Frei Edilson ainda proferiu seu especial agradecimento \u00e0s fam\u00edlias dos frades, \u00e0 Rede Franciscana de Par\u00f3quias, aos frades presentes, e ao povo de Deus que caminha com os frades e rezam pelas voca\u00e7\u00f5es. A b\u00ean\u00e7\u00e3o foi cantada pelo ministro custodial e a celebra\u00e7\u00e3o foi conclu\u00edda com um hino de alegria ao \u201cDeus Conosco\u201d que se aproxima. Ap\u00f3s a celebra\u00e7\u00e3o um caf\u00e9 da manh\u00e3 foi oferecido a todos os presentes. Pedimos que a gra\u00e7a de Deus continue fortalecendo o \u201csim\u201d dado com generosidade pelos confrades na caminhada franciscana.<\/p>\n<p>Frei F\u00e1bio Vasconcelos \u00e9 natural de Santar\u00e9m (PA) e atualmente tem 26 anos. Filho do casal Raimundo Assun\u00e7\u00e3o e Maria Goretti, antes de ingressar na forma\u00e7\u00e3o franciscana participava da vida pastoral na Par\u00f3quia S\u00e3o Sebasti\u00e3o. Frei Andrei Anjos \u00e9 natural de Monte Alegre (PA), mais especificamente na comunidade Murumuru, tem 28 anos, \u00e9 filho de Paulo Granjeiro e Maria do Ros\u00e1rio. Desde crian\u00e7a estava envolvido na comunidade S\u00e3o Miguel Arcanjo, ao mudar-se para Santar\u00e9m, onde cursou ensino m\u00e9dio e curso t\u00e9cnico de enfermagem, atuava na comunidade S\u00e3o Francisco da \u00c1rea Verde, Par\u00f3quia Cristo Libertador. Os dois frades entraram no postulantado no ano de 2013, na casa de forma\u00e7\u00e3o Kabiar\u00e1. Na etapa seguinte foram para o noviciado S\u00e3o Benedito, o Mouro, em Montes Claros (MG). Ao concluir o ano da prova\u00e7\u00e3o, professaram os votos simples. Na cidade de Manaus, ambos cursaram, ao longo de tr\u00eas anos, os estudos filos\u00f3ficos na Faculdade Salesiana Dom Bosco (FSDB) e residindo na Fraternidade S\u00e3o Boaventura. No \u201cano franciscano\u201d de est\u00e1gio fraterno-pastoral, os frades viveram oito meses junto com o povo munduruku na Miss\u00e3o S\u00e3o Francisco do Rio Cururu. Eles continuam a sua forma\u00e7\u00e3o no estado do Rio de Janeiro, na cidade de Petr\u00f3polis, onde neste ano ir\u00e3o cursar o terceiro ano de Teologia, morando na fraternidade Sagrado Cora\u00e7\u00e3o de Jesus.<\/p>\n<p><img loading=\"lazy\" class=\"alignnone wp-image-235789 size-full\" src=\"https:\/\/franciscanos.org.br\/noticias\/wp-content\/uploads\/2021\/12\/raul_1412.jpg\" alt=\"\" width=\"1200\" height=\"730\" srcset=\"https:\/\/franciscanos.org.br\/noticias\/wp-content\/uploads\/2021\/12\/raul_1412.jpg 1200w, https:\/\/franciscanos.org.br\/noticias\/wp-content\/uploads\/2021\/12\/raul_1412-450x274.jpg 450w, https:\/\/franciscanos.org.br\/noticias\/wp-content\/uploads\/2021\/12\/raul_1412-1024x623.jpg 1024w, https:\/\/franciscanos.org.br\/noticias\/wp-content\/uploads\/2021\/12\/raul_1412-768x467.jpg 768w, https:\/\/franciscanos.org.br\/noticias\/wp-content\/uploads\/2021\/12\/raul_1412-150x91.jpg 150w\" sizes=\"(max-width: 1200px) 100vw, 1200px\" \/><\/p>\n<p><strong>ORDENA\u00c7\u00c3O PRESBITERAL<\/strong><br \/>\nNa manh\u00e3 do dia 08 de dezembro, solenidade da Imaculada Concei\u00e7\u00e3o, padroeira da Arquidiocese de Santar\u00e9m (PA), foi ordenado presb\u00edtero para a Igreja, Frei Raoul Ant\u00f4nio Azevedo Bentes, OFM. A celebra\u00e7\u00e3o aconteceu na Igreja do Sant\u00edssimo Sacramento e foi presidida por Dom Frei Carlos Alberto Breis Pereira, OFM, Bispo da diocese de Juazeiro (BA). A celebra\u00e7\u00e3o contou com a presen\u00e7a do Arcebispo de Santar\u00e9m, Dom Irineu Roman, CSJ, do Bispo prelado de Itaituba (PA), Dom Wilmar Santin, O.Carm, dos Frades Menores da Cust\u00f3dia S\u00e3o Benedito da Amaz\u00f4nia, religiosos e religiosas, Padres diocesanos e demais membros do povo de Deus. O bispo celebrante iniciou fazendo uma sauda\u00e7\u00e3o especial a todos os frades da Cust\u00f3dia S\u00e3o Benedito da Amaz\u00f4nia, aos quais teve oportunidade de conhecer quando foi Visitador Geral, no ano de 2013, e as pessoas vindas das cidades de Itaituba, onde atua o Frei Raoul, bem como da sua cidade natal, Alenquer.<\/p>\n<p><img loading=\"lazy\" class=\"alignnone wp-image-235790 size-full\" src=\"https:\/\/franciscanos.org.br\/noticias\/wp-content\/uploads\/2021\/12\/raul_1412_2.jpg\" alt=\"\" width=\"1200\" height=\"730\" srcset=\"https:\/\/franciscanos.org.br\/noticias\/wp-content\/uploads\/2021\/12\/raul_1412_2.jpg 1200w, https:\/\/franciscanos.org.br\/noticias\/wp-content\/uploads\/2021\/12\/raul_1412_2-450x274.jpg 450w, https:\/\/franciscanos.org.br\/noticias\/wp-content\/uploads\/2021\/12\/raul_1412_2-1024x623.jpg 1024w, https:\/\/franciscanos.org.br\/noticias\/wp-content\/uploads\/2021\/12\/raul_1412_2-768x467.jpg 768w, https:\/\/franciscanos.org.br\/noticias\/wp-content\/uploads\/2021\/12\/raul_1412_2-150x91.jpg 150w\" sizes=\"(max-width: 1200px) 100vw, 1200px\" \/><\/p>\n<hr \/>\n<p><em>Equipe de Comunica\u00e7\u00e3o Custodial<\/em><\/p>\n<p><em>Veja mais: https:\/\/franciscanosamazonia.org.br\/<\/em><\/p>\n","protected":false},"excerpt":{"rendered":"<p>Profiss\u00e3o Solene na Cust\u00f3dia da Amaz\u00f4nia<\/p>\n","protected":false},"author":3,"featured_media":235782,"comment_status":"open","ping_status":"open","sticky":false,"template":"","format":"standard","meta":[],"categories":[1],"tags":[1950,418],"acf":[],"yoast_head":"<!-- This site is optimized with the Yoast SEO plugin v19.2 - https:\/\/yoast.com\/wordpress\/plugins\/seo\/ -->\n<title>Servir ao Senhor na Perfeita Alegria: Frei Andrei Anjos e Frei F\u00e1bio Vasconcelos professam votos definitivos na Ordem dos Frades Menores - Not\u00edcias - Franciscanos<\/title>\n<meta name=\"robots\" content=\"index, follow, max-snippet:-1, max-image-preview:large, max-video-preview:-1\" \/>\n<link rel=\"canonical\" href=\"https:\/\/franciscanos.org.br\/noticias\/servir-ao-senhor-na-perfeita-alegria-frei-andrei-anjos-e-frei-fabio-vasconcelos-professam-votos-definitivos-na-ordem-dos-frades-menores.html\" \/>\n<meta property=\"og:locale\" content=\"pt_BR\" \/>\n<meta property=\"og:type\" content=\"article\" \/>\n<meta property=\"og:title\" content=\"Servir ao Senhor na Perfeita Alegria: Frei Andrei Anjos e Frei F\u00e1bio Vasconcelos professam votos definitivos na Ordem dos Frades Menores - Not\u00edcias - Franciscanos\" \/>\n<meta property=\"og:description\" content=\"Profiss\u00e3o Solene na Cust\u00f3dia da Amaz\u00f4nia\" \/>\n<meta property=\"og:url\" content=\"https:\/\/franciscanos.org.br\/noticias\/servir-ao-senhor-na-perfeita-alegria-frei-andrei-anjos-e-frei-fabio-vasconcelos-professam-votos-definitivos-na-ordem-dos-frades-menores.html\" \/>\n<meta property=\"og:site_name\" content=\"Not\u00edcias - Franciscanos\" \/>\n<meta property=\"article:published_time\" content=\"2021-12-14T18:46:56+00:00\" \/>\n<meta property=\"article:modified_time\" content=\"2021-12-17T11:01:36+00:00\" \/>\n<meta property=\"og:image\" content=\"https:\/\/franciscanos.org.br\/noticias\/wp-content\/uploads\/2021\/12\/solene_1412.jpg\" \/>\n\t<meta property=\"og:image:width\" content=\"1200\" \/>\n\t<meta property=\"og:image:height\" content=\"730\" \/>\n\t<meta property=\"og:image:type\" content=\"image\/jpeg\" \/>\n<meta name=\"author\" content=\"moacir\" \/>\n<meta name=\"twitter:card\" content=\"summary_large_image\" \/>\n<meta name=\"twitter:label1\" content=\"Escrito por\" \/>\n\t<meta name=\"twitter:data1\" content=\"moacir\" \/>\n\t<meta name=\"twitter:label2\" content=\"Est. tempo de leitura\" \/>\n\t<meta name=\"twitter:data2\" content=\"7 minutos\" \/>\n<script type=\"application\/ld+json\" class=\"yoast-schema-graph\">{\"@context\":\"https:\/\/schema.org\",\"@graph\":[{\"@type\":\"WebSite\",\"@id\":\"https:\/\/franciscanos.org.br\/noticias\/#website\",\"url\":\"https:\/\/franciscanos.org.br\/noticias\/\",\"name\":\"Not\u00edcias - Franciscanos\",\"description\":\"Prov\u00edncia Franciscana da Imaculada Concei\u00e7\u00e3o do Brasil - Ordem dos Frades Menores - OFM\",\"potentialAction\":[{\"@type\":\"SearchAction\",\"target\":{\"@type\":\"EntryPoint\",\"urlTemplate\":\"https:\/\/franciscanos.org.br\/noticias\/?s={search_term_string}\"},\"query-input\":\"required name=search_term_string\"}],\"inLanguage\":\"pt-BR\"},{\"@type\":\"ImageObject\",\"inLanguage\":\"pt-BR\",\"@id\":\"https:\/\/franciscanos.org.br\/noticias\/servir-ao-senhor-na-perfeita-alegria-frei-andrei-anjos-e-frei-fabio-vasconcelos-professam-votos-definitivos-na-ordem-dos-frades-menores.html#primaryimage\",\"url\":\"https:\/\/franciscanos.org.br\/noticias\/wp-content\/uploads\/2021\/12\/solene_1412.jpg\",\"contentUrl\":\"https:\/\/franciscanos.org.br\/noticias\/wp-content\/uploads\/2021\/12\/solene_1412.jpg\",\"width\":1200,\"height\":730},{\"@type\":\"WebPage\",\"@id\":\"https:\/\/franciscanos.org.br\/noticias\/servir-ao-senhor-na-perfeita-alegria-frei-andrei-anjos-e-frei-fabio-vasconcelos-professam-votos-definitivos-na-ordem-dos-frades-menores.html#webpage\",\"url\":\"https:\/\/franciscanos.org.br\/noticias\/servir-ao-senhor-na-perfeita-alegria-frei-andrei-anjos-e-frei-fabio-vasconcelos-professam-votos-definitivos-na-ordem-dos-frades-menores.html\",\"name\":\"Servir ao Senhor na Perfeita Alegria: Frei Andrei Anjos e Frei F\u00e1bio Vasconcelos professam votos definitivos na Ordem dos Frades Menores - Not\u00edcias - Franciscanos\",\"isPartOf\":{\"@id\":\"https:\/\/franciscanos.org.br\/noticias\/#website\"},\"primaryImageOfPage\":{\"@id\":\"https:\/\/franciscanos.org.br\/noticias\/servir-ao-senhor-na-perfeita-alegria-frei-andrei-anjos-e-frei-fabio-vasconcelos-professam-votos-definitivos-na-ordem-dos-frades-menores.html#primaryimage\"},\"datePublished\":\"2021-12-14T18:46:56+00:00\",\"dateModified\":\"2021-12-17T11:01:36+00:00\",\"author\":{\"@id\":\"https:\/\/franciscanos.org.br\/noticias\/#\/schema\/person\/b5c8cba458c330ccff548b056e95a5d4\"},\"breadcrumb\":{\"@id\":\"https:\/\/franciscanos.org.br\/noticias\/servir-ao-senhor-na-perfeita-alegria-frei-andrei-anjos-e-frei-fabio-vasconcelos-professam-votos-definitivos-na-ordem-dos-frades-menores.html#breadcrumb\"},\"inLanguage\":\"pt-BR\",\"potentialAction\":[{\"@type\":\"ReadAction\",\"target\":[\"https:\/\/franciscanos.org.br\/noticias\/servir-ao-senhor-na-perfeita-alegria-frei-andrei-anjos-e-frei-fabio-vasconcelos-professam-votos-definitivos-na-ordem-dos-frades-menores.html\"]}]},{\"@type\":\"BreadcrumbList\",\"@id\":\"https:\/\/franciscanos.org.br\/noticias\/servir-ao-senhor-na-perfeita-alegria-frei-andrei-anjos-e-frei-fabio-vasconcelos-professam-votos-definitivos-na-ordem-dos-frades-menores.html#breadcrumb\",\"itemListElement\":[{\"@type\":\"ListItem\",\"position\":1,\"name\":\"Home\",\"item\":\"https:\/\/franciscanos.org.br\/noticias\"},{\"@type\":\"ListItem\",\"position\":2,\"name\":\"Servir ao Senhor na Perfeita Alegria: Frei Andrei Anjos e Frei F\u00e1bio Vasconcelos professam votos definitivos na Ordem dos Frades Menores\"}]},{\"@type\":\"Person\",\"@id\":\"https:\/\/franciscanos.org.br\/noticias\/#\/schema\/person\/b5c8cba458c330ccff548b056e95a5d4\",\"name\":\"moacir\",\"image\":{\"@type\":\"ImageObject\",\"inLanguage\":\"pt-BR\",\"@id\":\"https:\/\/franciscanos.org.br\/noticias\/#\/schema\/person\/image\/\",\"url\":\"https:\/\/secure.gravatar.com\/avatar\/d08aa2ce4c8dd416d4479aa8536fcf64?s=96&d=mm&r=g\",\"contentUrl\":\"https:\/\/secure.gravatar.com\/avatar\/d08aa2ce4c8dd416d4479aa8536fcf64?s=96&d=mm&r=g\",\"caption\":\"moacir\"},\"url\":\"https:\/\/franciscanos.org.br\/noticias\/author\/moacir\"}]}<\/script>\n<!-- \/ Yoast SEO plugin. -->","yoast_head_json":{"title":"Servir ao Senhor na Perfeita Alegria: Frei Andrei Anjos e Frei F\u00e1bio Vasconcelos professam votos definitivos na Ordem dos Frades Menores - Not\u00edcias - Franciscanos","robots":{"index":"index","follow":"follow","max-snippet":"max-snippet:-1","max-image-preview":"max-image-preview:large","max-video-preview":"max-video-preview:-1"},"canonical":"https:\/\/franciscanos.org.br\/noticias\/servir-ao-senhor-na-perfeita-alegria-frei-andrei-anjos-e-frei-fabio-vasconcelos-professam-votos-definitivos-na-ordem-dos-frades-menores.html","og_locale":"pt_BR","og_type":"article","og_title":"Servir ao Senhor na Perfeita Alegria: Frei Andrei Anjos e Frei F\u00e1bio Vasconcelos professam votos definitivos na Ordem dos Frades Menores - Not\u00edcias - Franciscanos","og_description":"Profiss\u00e3o Solene na Cust\u00f3dia da Amaz\u00f4nia","og_url":"https:\/\/franciscanos.org.br\/noticias\/servir-ao-senhor-na-perfeita-alegria-frei-andrei-anjos-e-frei-fabio-vasconcelos-professam-votos-definitivos-na-ordem-dos-frades-menores.html","og_site_name":"Not\u00edcias - Franciscanos","article_published_time":"2021-12-14T18:46:56+00:00","article_modified_time":"2021-12-17T11:01:36+00:00","og_image":[{"width":1200,"height":730,"url":"https:\/\/franciscanos.org.br\/noticias\/wp-content\/uploads\/2021\/12\/solene_1412.jpg","type":"image\/jpeg"}],"author":"moacir","twitter_card":"summary_large_image","twitter_misc":{"Escrito por":"moacir","Est. tempo de leitura":"7 minutos"},"schema":{"@context":"https:\/\/schema.org","@graph":[{"@type":"WebSite","@id":"https:\/\/franciscanos.org.br\/noticias\/#website","url":"https:\/\/franciscanos.org.br\/noticias\/","name":"Not\u00edcias - Franciscanos","description":"Prov\u00edncia Franciscana da Imaculada Concei\u00e7\u00e3o do Brasil - Ordem dos Frades Menores - OFM","potentialAction":[{"@type":"SearchAction","target":{"@type":"EntryPoint","urlTemplate":"https:\/\/franciscanos.org.br\/noticias\/?s={search_term_string}"},"query-input":"required name=search_term_string"}],"inLanguage":"pt-BR"},{"@type":"ImageObject","inLanguage":"pt-BR","@id":"https:\/\/franciscanos.org.br\/noticias\/servir-ao-senhor-na-perfeita-alegria-frei-andrei-anjos-e-frei-fabio-vasconcelos-professam-votos-definitivos-na-ordem-dos-frades-menores.html#primaryimage","url":"https:\/\/franciscanos.org.br\/noticias\/wp-content\/uploads\/2021\/12\/solene_1412.jpg","contentUrl":"https:\/\/franciscanos.org.br\/noticias\/wp-content\/uploads\/2021\/12\/solene_1412.jpg","width":1200,"height":730},{"@type":"WebPage","@id":"https:\/\/franciscanos.org.br\/noticias\/servir-ao-senhor-na-perfeita-alegria-frei-andrei-anjos-e-frei-fabio-vasconcelos-professam-votos-definitivos-na-ordem-dos-frades-menores.html#webpage","url":"https:\/\/franciscanos.org.br\/noticias\/servir-ao-senhor-na-perfeita-alegria-frei-andrei-anjos-e-frei-fabio-vasconcelos-professam-votos-definitivos-na-ordem-dos-frades-menores.html","name":"Servir ao Senhor na Perfeita Alegria: Frei Andrei Anjos e Frei F\u00e1bio Vasconcelos professam votos definitivos na Ordem dos Frades Menores - Not\u00edcias - Franciscanos","isPartOf":{"@id":"https:\/\/franciscanos.org.br\/noticias\/#website"},"primaryImageOfPage":{"@id":"https:\/\/franciscanos.org.br\/noticias\/servir-ao-senhor-na-perfeita-alegria-frei-andrei-anjos-e-frei-fabio-vasconcelos-professam-votos-definitivos-na-ordem-dos-frades-menores.html#primaryimage"},"datePublished":"2021-12-14T18:46:56+00:00","dateModified":"2021-12-17T11:01:36+00:00","author":{"@id":"https:\/\/franciscanos.org.br\/noticias\/#\/schema\/person\/b5c8cba458c330ccff548b056e95a5d4"},"breadcrumb":{"@id":"https:\/\/franciscanos.org.br\/noticias\/servir-ao-senhor-na-perfeita-alegria-frei-andrei-anjos-e-frei-fabio-vasconcelos-professam-votos-definitivos-na-ordem-dos-frades-menores.html#breadcrumb"},"inLanguage":"pt-BR","potentialAction":[{"@type":"ReadAction","target":["https:\/\/franciscanos.org.br\/noticias\/servir-ao-senhor-na-perfeita-alegria-frei-andrei-anjos-e-frei-fabio-vasconcelos-professam-votos-definitivos-na-ordem-dos-frades-menores.html"]}]},{"@type":"BreadcrumbList","@id":"https:\/\/franciscanos.org.br\/noticias\/servir-ao-senhor-na-perfeita-alegria-frei-andrei-anjos-e-frei-fabio-vasconcelos-professam-votos-definitivos-na-ordem-dos-frades-menores.html#breadcrumb","itemListElement":[{"@type":"ListItem","position":1,"name":"Home","item":"https:\/\/franciscanos.org.br\/noticias"},{"@type":"ListItem","position":2,"name":"Servir ao Senhor na Perfeita Alegria: Frei Andrei Anjos e Frei F\u00e1bio Vasconcelos professam votos definitivos na Ordem dos Frades Menores"}]},{"@type":"Person","@id":"https:\/\/franciscanos.org.br\/noticias\/#\/schema\/person\/b5c8cba458c330ccff548b056e95a5d4","name":"moacir","image":{"@type":"ImageObject","inLanguage":"pt-BR","@id":"https:\/\/franciscanos.org.br\/noticias\/#\/schema\/person\/image\/","url":"https:\/\/secure.gravatar.com\/avatar\/d08aa2ce4c8dd416d4479aa8536fcf64?s=96&d=mm&r=g","contentUrl":"https:\/\/secure.gravatar.com\/avatar\/d08aa2ce4c8dd416d4479aa8536fcf64?s=96&d=mm&r=g","caption":"moacir"},"url":"https:\/\/franciscanos.org.br\/noticias\/author\/moacir"}]}},"_links":{"self":[{"href":"https:\/\/franciscanos.org.br\/noticias\/wp-json\/wp\/v2\/posts\/235780"}],"collection":[{"href":"https:\/\/franciscanos.org.br\/noticias\/wp-json\/wp\/v2\/posts"}],"about":[{"href":"https:\/\/franciscanos.org.br\/noticias\/wp-json\/wp\/v2\/types\/post"}],"author":[{"embeddable":true,"href":"https:\/\/franciscanos.org.br\/noticias\/wp-json\/wp\/v2\/users\/3"}],"replies":[{"embeddable":true,"href":"https:\/\/franciscanos.org.br\/noticias\/wp-json\/wp\/v2\/comments?post=235780"}],"version-history":[{"count":1,"href":"https:\/\/franciscanos.org.br\/noticias\/wp-json\/wp\/v2\/posts\/235780\/revisions"}],"predecessor-version":[{"id":235791,"href":"https:\/\/franciscanos.org.br\/noticias\/wp-json\/wp\/v2\/posts\/235780\/revisions\/235791"}],"wp:featuredmedia":[{"embeddable":true,"href":"https:\/\/franciscanos.org.br\/noticias\/wp-json\/wp\/v2\/media\/235782"}],"wp:attachment":[{"href":"https:\/\/franciscanos.org.br\/noticias\/wp-json\/wp\/v2\/media?parent=235780"}],"wp:term":[{"taxonomy":"category","embeddable":true,"href":"https:\/\/franciscanos.org.br\/noticias\/wp-json\/wp\/v2\/categories?post=235780"},{"taxonomy":"post_tag","embeddable":true,"href":"https:\/\/franciscanos.org.br\/noticias\/wp-json\/wp\/v2\/tags?post=235780"}],"curies":[{"name":"wp","href":"https:\/\/api.w.org\/{rel}","templated":true}]}}